{"id":6732,"date":"2013-10-05T23:56:58","date_gmt":"2013-10-05T23:56:58","guid":{"rendered":"http:\/\/www.ecclesia.com.br\/news\/2013\/?p=6732"},"modified":"2016-03-23T04:13:07","modified_gmt":"2016-03-23T04:13:07","slug":"conclusao-das-comemoracoes-do-edito-de-milao-na-servia","status":"publish","type":"post","link":"https:\/\/news.ecclesia.org.br\/?p=6732","title":{"rendered":"CONCLUS\u00c3O DAS COMEMORA\u00c7\u00d5ES DO EDITO DE MIL\u00c3O NA S\u00c9RVIA"},"content":{"rendered":"<p style=\"text-align: justify;\"><a href=\"https:\/\/news.ecclesia.org.br\/2013\/wp-content\/uploads\/2013\/10\/doxologia-1.jpg\" rel=\"attachment wp-att-6735\"><img fetchpriority=\"high\" decoding=\"async\" class=\"alignleft size-medium wp-image-6735\" src=\"https:\/\/news.ecclesia.org.br\/2013\/wp-content\/uploads\/2013\/10\/doxologia-1-300x180.jpg\" alt=\"doxologia\" width=\"300\" height=\"180\" srcset=\"https:\/\/news.ecclesia.org.br\/wp-content\/uploads\/2013\/10\/doxologia-1-300x180.jpg 300w, https:\/\/news.ecclesia.org.br\/wp-content\/uploads\/2013\/10\/doxologia-1-92x55.jpg 92w, https:\/\/news.ecclesia.org.br\/wp-content\/uploads\/2013\/10\/doxologia-1.jpg 640w\" sizes=\"(max-width: 300px) 100vw, 300px\" \/><\/a>Um oficio lit\u00fargico de A\u00e7\u00e3o de Gra\u00e7as foi celebrado na Catedral Ortodoxa de Belgrado por ocasi\u00e3o da conclus\u00e3o das festividades dos 1700 anos da promulga\u00e7\u00e3o do Edito de Mil\u00e3o. A cerim\u00f4nia foi presidida pelo Patriarca Ecum\u00eanico Bartolomeu, Patriarca Te\u00f3filo de Jerusal\u00e9m, Patriarca Cirilo de Moscou e Toda a R\u00fassia, Patriarca Irineu da S\u00e9rvia, Arcebispo Jer\u00f4nimo de Atenas e Toda a Gr\u00e9cia, Arcebispo Anastasios da Alb\u00e2nia e pelo Arcebispo Savas da Pol\u00f4nia. Tamb\u00e9m participaram dezenas de bispos, representantes das Igrejas locais, representantes de outras religi\u00f5es, Autoridades Diplom\u00e1ticas e Consulares e uma grande multid\u00e3o de fi\u00e9is.<\/p>\n<p style=\"text-align: justify;\">Fazendo uso da palavra, o Patriarca Irineu da S\u00e9rvia destacou, entre outras coisas, que: \u00ab[&#8230;] Este decreto imperial abriu as portas da Europa para os crist\u00e3os que livremente puderam ent\u00e3o professar e praticar a sua f\u00e9\u00bb. E assim, conforme esse decreto, os fundamentos da cultura e da tradi\u00e7\u00e3o crist\u00e3s duram at\u00e9 hoje\u00bb (&#8230;). \u00abContudo, n\u00f3s, crist\u00e3os, reconhecemos e consideramos a situa\u00e7\u00e3o em que vivemos hoje nossa f\u00e9, os muitos e graves problemas de nosso tempo, assistimos ao desaparecimento dos valores crist\u00e3os\u00bb. Referindo-se \u00e0 possibilidade de futura comunh\u00e3o com a Igreja de Roma, enfatizou que a celebra\u00e7\u00e3o do Edito de Mil\u00e3o representa uma oportunidade para \u00abprosseguir no di\u00e1logo com olhar voltado para o que temos em comum, n\u00e3o para o que nos divide\u00bb.<\/p>\n<p style=\"text-align: justify;\">O Patriarca Ecum\u00eanico Bartolomeu I, ap\u00f3s oficiar a Doxologia, saudou os presentes sublinhando que, assim como a Igreja de S\u00e3o Savas, constitu\u00edda de tantos m\u00e1rtires que entregaram sua vida testemunhando Cristo, outras igrejas no mundo de sofrem hoje persegui\u00e7\u00f5es, especialmente as do Oriente M\u00e9dio e \u00a0\u00c1frica.<\/p>\n<p style=\"text-align: justify;\">[nggallery id=14]<\/p>\n<p style=\"text-align: right;\">FONTE: <a href=\"http:\/\/fanarion.blogspot.com.br\/\" target=\"_blank\">Fanarion<\/a><\/p>\n","protected":false},"excerpt":{"rendered":"<p>Um oficio lit\u00fargico de A\u00e7\u00e3o de Gra\u00e7as foi celebrado na Catedral Ortodoxa de Belgrado por ocasi\u00e3o da conclus\u00e3o das festividades dos 1700 anos da promulga\u00e7\u00e3o do Edito de Mil\u00e3o. A cerim\u00f4nia foi presidida pelo Patriarca Ecum\u00eanico Bartolomeu, Patriarca Te\u00f3filo de&#8230;<\/p>\n","protected":false},"author":1,"featured_media":6735,"comment_status":"open","ping_status":"open","sticky":false,"template":"","format":"standard","meta":{"_acf_changed":false,"footnotes":""},"categories":[3,72],"tags":[],"class_list":["post-6732","post","type-post","status-publish","format-standard","has-post-thumbnail","hentry","category-mundo","category-patriarcado-ecumenico","entry","rows-excerpt"],"acf":[],"yoast_head":"<!-- This site is optimized with the Yoast SEO plugin v27.4 - https:\/\/yoast.com\/product\/yoast-seo-wordpress\/ -->\n<title>CONCLUS\u00c3O DAS COMEMORA\u00c7\u00d5ES DO EDITO DE MIL\u00c3O NA S\u00c9RVIA | ECCLESIA NEWS<\/title>\n<meta name=\"robots\" content=\"index, follow, max-snippet:-1, max-image-preview:large, max-video-preview:-1\" \/>\n<link rel=\"canonical\" href=\"https:\/\/news.ecclesia.org.br\/?p=6732\" \/>\n<meta property=\"og:locale\" content=\"pt_BR\" \/>\n<meta property=\"og:type\" content=\"article\" \/>\n<meta property=\"og:title\" content=\"CONCLUS\u00c3O DAS COMEMORA\u00c7\u00d5ES DO EDITO DE MIL\u00c3O NA S\u00c9RVIA | ECCLESIA NEWS\" \/>\n<meta property=\"og:description\" content=\"Um oficio lit\u00fargico de A\u00e7\u00e3o de Gra\u00e7as foi celebrado na Catedral Ortodoxa de Belgrado por ocasi\u00e3o da conclus\u00e3o das festividades dos 1700 anos da promulga\u00e7\u00e3o do Edito de Mil\u00e3o. A cerim\u00f4nia foi presidida pelo Patriarca Ecum\u00eanico Bartolomeu, Patriarca Te\u00f3filo de&#8230;\" \/>\n<meta property=\"og:url\" content=\"https:\/\/news.ecclesia.org.br\/?p=6732\" \/>\n<meta property=\"og:site_name\" content=\"ECCLESIA NEWS\" \/>\n<meta property=\"article:publisher\" content=\"https:\/\/www.facebook.com\/Ecclesia2025\" \/>\n<meta property=\"article:published_time\" content=\"2013-10-05T23:56:58+00:00\" \/>\n<meta property=\"article:modified_time\" content=\"2016-03-23T04:13:07+00:00\" \/>\n<meta property=\"og:image\" content=\"https:\/\/news.ecclesia.org.br\/wp-content\/uploads\/2013\/10\/doxologia-1.jpg\" \/>\n\t<meta property=\"og:image:width\" content=\"640\" \/>\n\t<meta property=\"og:image:height\" content=\"384\" \/>\n\t<meta property=\"og:image:type\" content=\"image\/jpeg\" \/>\n<meta name=\"author\" content=\"Pe. Andr\u00e9\" \/>\n<meta name=\"twitter:card\" content=\"summary_large_image\" \/>\n<meta name=\"twitter:creator\" content=\"@EcclesiaNews\" \/>\n<meta name=\"twitter:site\" content=\"@EcclesiaNews\" \/>\n<meta name=\"twitter:label1\" content=\"Escrito por\" \/>\n\t<meta name=\"twitter:data1\" content=\"Pe. Andr\u00e9\" \/>\n\t<meta name=\"twitter:label2\" content=\"Est. tempo de leitura\" \/>\n\t<meta name=\"twitter:data2\" content=\"2 minutos\" \/>\n<script type=\"application\/ld+json\" class=\"yoast-schema-graph\">{\"@context\":\"https:\\\/\\\/schema.org\",\"@graph\":[{\"@type\":\"Article\",\"@id\":\"https:\\\/\\\/news.ecclesia.org.br\\\/?p=6732#article\",\"isPartOf\":{\"@id\":\"https:\\\/\\\/news.ecclesia.org.br\\\/?p=6732\"},\"author\":{\"name\":\"Pe. Andr\u00e9\",\"@id\":\"https:\\\/\\\/news.ecclesia.org.br\\\/#\\\/schema\\\/person\\\/6f09597f025829745ba414a569f63758\"},\"headline\":\"CONCLUS\u00c3O DAS COMEMORA\u00c7\u00d5ES DO EDITO DE MIL\u00c3O NA S\u00c9RVIA\",\"datePublished\":\"2013-10-05T23:56:58+00:00\",\"dateModified\":\"2016-03-23T04:13:07+00:00\",\"mainEntityOfPage\":{\"@id\":\"https:\\\/\\\/news.ecclesia.org.br\\\/?p=6732\"},\"wordCount\":318,\"commentCount\":0,\"publisher\":{\"@id\":\"https:\\\/\\\/news.ecclesia.org.br\\\/#organization\"},\"image\":{\"@id\":\"https:\\\/\\\/news.ecclesia.org.br\\\/?p=6732#primaryimage\"},\"thumbnailUrl\":\"https:\\\/\\\/news.ecclesia.org.br\\\/wp-content\\\/uploads\\\/2013\\\/10\\\/doxologia-1.jpg\",\"articleSection\":[\"Mundo Ortodoxo\",\"Patriarcado Ecum\u00eanico\"],\"inLanguage\":\"pt-BR\",\"potentialAction\":[{\"@type\":\"CommentAction\",\"name\":\"Comment\",\"target\":[\"https:\\\/\\\/news.ecclesia.org.br\\\/?p=6732#respond\"]}]},{\"@type\":\"WebPage\",\"@id\":\"https:\\\/\\\/news.ecclesia.org.br\\\/?p=6732\",\"url\":\"https:\\\/\\\/news.ecclesia.org.br\\\/?p=6732\",\"name\":\"CONCLUS\u00c3O DAS COMEMORA\u00c7\u00d5ES DO EDITO DE MIL\u00c3O NA S\u00c9RVIA | ECCLESIA NEWS\",\"isPartOf\":{\"@id\":\"https:\\\/\\\/news.ecclesia.org.br\\\/#website\"},\"primaryImageOfPage\":{\"@id\":\"https:\\\/\\\/news.ecclesia.org.br\\\/?p=6732#primaryimage\"},\"image\":{\"@id\":\"https:\\\/\\\/news.ecclesia.org.br\\\/?p=6732#primaryimage\"},\"thumbnailUrl\":\"https:\\\/\\\/news.ecclesia.org.br\\\/wp-content\\\/uploads\\\/2013\\\/10\\\/doxologia-1.jpg\",\"datePublished\":\"2013-10-05T23:56:58+00:00\",\"dateModified\":\"2016-03-23T04:13:07+00:00\",\"breadcrumb\":{\"@id\":\"https:\\\/\\\/news.ecclesia.org.br\\\/?p=6732#breadcrumb\"},\"inLanguage\":\"pt-BR\",\"potentialAction\":[{\"@type\":\"ReadAction\",\"target\":[\"https:\\\/\\\/news.ecclesia.org.br\\\/?p=6732\"]}]},{\"@type\":\"ImageObject\",\"inLanguage\":\"pt-BR\",\"@id\":\"https:\\\/\\\/news.ecclesia.org.br\\\/?p=6732#primaryimage\",\"url\":\"https:\\\/\\\/news.ecclesia.org.br\\\/wp-content\\\/uploads\\\/2013\\\/10\\\/doxologia-1.jpg\",\"contentUrl\":\"https:\\\/\\\/news.ecclesia.org.br\\\/wp-content\\\/uploads\\\/2013\\\/10\\\/doxologia-1.jpg\",\"width\":640,\"height\":384},{\"@type\":\"BreadcrumbList\",\"@id\":\"https:\\\/\\\/news.ecclesia.org.br\\\/?p=6732#breadcrumb\",\"itemListElement\":[{\"@type\":\"ListItem\",\"position\":1,\"name\":\"In\u00edcio\",\"item\":\"https:\\\/\\\/news.ecclesia.org.br\\\/\"},{\"@type\":\"ListItem\",\"position\":2,\"name\":\"CONCLUS\u00c3O DAS COMEMORA\u00c7\u00d5ES DO EDITO DE MIL\u00c3O NA S\u00c9RVIA\"}]},{\"@type\":\"WebSite\",\"@id\":\"https:\\\/\\\/news.ecclesia.org.br\\\/#website\",\"url\":\"https:\\\/\\\/news.ecclesia.org.br\\\/\",\"name\":\"Ecclesia Brasil\",\"description\":\"Desde 2003 onectando o Brasil ao mundo ortodoxo!\",\"publisher\":{\"@id\":\"https:\\\/\\\/news.ecclesia.org.br\\\/#organization\"},\"alternateName\":\"Ecclesia\",\"potentialAction\":[{\"@type\":\"SearchAction\",\"target\":{\"@type\":\"EntryPoint\",\"urlTemplate\":\"https:\\\/\\\/news.ecclesia.org.br\\\/?s={search_term_string}\"},\"query-input\":{\"@type\":\"PropertyValueSpecification\",\"valueRequired\":true,\"valueName\":\"search_term_string\"}}],\"inLanguage\":\"pt-BR\"},{\"@type\":\"Organization\",\"@id\":\"https:\\\/\\\/news.ecclesia.org.br\\\/#organization\",\"name\":\"Sacra Arquidiocese de Buenos Aires e Am\u00e9rica do Sul | Patriarcado Ecum\u00eanico\",\"alternateName\":\"News Ecclesia Brasil\",\"url\":\"https:\\\/\\\/news.ecclesia.org.br\\\/\",\"logo\":{\"@type\":\"ImageObject\",\"inLanguage\":\"pt-BR\",\"@id\":\"https:\\\/\\\/news.ecclesia.org.br\\\/#\\\/schema\\\/logo\\\/image\\\/\",\"url\":\"https:\\\/\\\/news.ecclesia.org.br\\\/wp-content\\\/uploads\\\/2025\\\/05\\\/ecclesia2.png\",\"contentUrl\":\"https:\\\/\\\/news.ecclesia.org.br\\\/wp-content\\\/uploads\\\/2025\\\/05\\\/ecclesia2.png\",\"width\":480,\"height\":120,\"caption\":\"Sacra Arquidiocese de Buenos Aires e Am\u00e9rica do Sul | Patriarcado Ecum\u00eanico\"},\"image\":{\"@id\":\"https:\\\/\\\/news.ecclesia.org.br\\\/#\\\/schema\\\/logo\\\/image\\\/\"},\"sameAs\":[\"https:\\\/\\\/www.facebook.com\\\/Ecclesia2025\",\"https:\\\/\\\/x.com\\\/EcclesiaNews\",\"https:\\\/\\\/br.pinterest.com\\\/ekklisia\\\/\",\"https:\\\/\\\/www.youtube.com\\\/@EcclesiaBrasil\"]},{\"@type\":\"Person\",\"@id\":\"https:\\\/\\\/news.ecclesia.org.br\\\/#\\\/schema\\\/person\\\/6f09597f025829745ba414a569f63758\",\"name\":\"Pe. Andr\u00e9\",\"image\":{\"@type\":\"ImageObject\",\"inLanguage\":\"pt-BR\",\"@id\":\"https:\\\/\\\/secure.gravatar.com\\\/avatar\\\/b4327cfa27e9799da239a26adcd534fc29cdc0c4a4a148eecbcfeb9b42c617ac?s=96&d=mm&r=g\",\"url\":\"https:\\\/\\\/secure.gravatar.com\\\/avatar\\\/b4327cfa27e9799da239a26adcd534fc29cdc0c4a4a148eecbcfeb9b42c617ac?s=96&d=mm&r=g\",\"contentUrl\":\"https:\\\/\\\/secure.gravatar.com\\\/avatar\\\/b4327cfa27e9799da239a26adcd534fc29cdc0c4a4a148eecbcfeb9b42c617ac?s=96&d=mm&r=g\",\"caption\":\"Pe. Andr\u00e9\"},\"sameAs\":[\"https:\\\/\\\/www.ecclesia.org.br\"]}]}<\/script>\n<!-- \/ Yoast SEO plugin. -->","yoast_head_json":{"title":"CONCLUS\u00c3O DAS COMEMORA\u00c7\u00d5ES DO EDITO DE MIL\u00c3O NA S\u00c9RVIA | ECCLESIA NEWS","robots":{"index":"index","follow":"follow","max-snippet":"max-snippet:-1","max-image-preview":"max-image-preview:large","max-video-preview":"max-video-preview:-1"},"canonical":"https:\/\/news.ecclesia.org.br\/?p=6732","og_locale":"pt_BR","og_type":"article","og_title":"CONCLUS\u00c3O DAS COMEMORA\u00c7\u00d5ES DO EDITO DE MIL\u00c3O NA S\u00c9RVIA | ECCLESIA NEWS","og_description":"Um oficio lit\u00fargico de A\u00e7\u00e3o de Gra\u00e7as foi celebrado na Catedral Ortodoxa de Belgrado por ocasi\u00e3o da conclus\u00e3o das festividades dos 1700 anos da promulga\u00e7\u00e3o do Edito de Mil\u00e3o. A cerim\u00f4nia foi presidida pelo Patriarca Ecum\u00eanico Bartolomeu, Patriarca Te\u00f3filo de&#8230;","og_url":"https:\/\/news.ecclesia.org.br\/?p=6732","og_site_name":"ECCLESIA NEWS","article_publisher":"https:\/\/www.facebook.com\/Ecclesia2025","article_published_time":"2013-10-05T23:56:58+00:00","article_modified_time":"2016-03-23T04:13:07+00:00","og_image":[{"width":640,"height":384,"url":"https:\/\/news.ecclesia.org.br\/wp-content\/uploads\/2013\/10\/doxologia-1.jpg","type":"image\/jpeg"}],"author":"Pe. Andr\u00e9","twitter_card":"summary_large_image","twitter_creator":"@EcclesiaNews","twitter_site":"@EcclesiaNews","twitter_misc":{"Escrito por":"Pe. Andr\u00e9","Est. tempo de leitura":"2 minutos"},"schema":{"@context":"https:\/\/schema.org","@graph":[{"@type":"Article","@id":"https:\/\/news.ecclesia.org.br\/?p=6732#article","isPartOf":{"@id":"https:\/\/news.ecclesia.org.br\/?p=6732"},"author":{"name":"Pe. Andr\u00e9","@id":"https:\/\/news.ecclesia.org.br\/#\/schema\/person\/6f09597f025829745ba414a569f63758"},"headline":"CONCLUS\u00c3O DAS COMEMORA\u00c7\u00d5ES DO EDITO DE MIL\u00c3O NA S\u00c9RVIA","datePublished":"2013-10-05T23:56:58+00:00","dateModified":"2016-03-23T04:13:07+00:00","mainEntityOfPage":{"@id":"https:\/\/news.ecclesia.org.br\/?p=6732"},"wordCount":318,"commentCount":0,"publisher":{"@id":"https:\/\/news.ecclesia.org.br\/#organization"},"image":{"@id":"https:\/\/news.ecclesia.org.br\/?p=6732#primaryimage"},"thumbnailUrl":"https:\/\/news.ecclesia.org.br\/wp-content\/uploads\/2013\/10\/doxologia-1.jpg","articleSection":["Mundo Ortodoxo","Patriarcado Ecum\u00eanico"],"inLanguage":"pt-BR","potentialAction":[{"@type":"CommentAction","name":"Comment","target":["https:\/\/news.ecclesia.org.br\/?p=6732#respond"]}]},{"@type":"WebPage","@id":"https:\/\/news.ecclesia.org.br\/?p=6732","url":"https:\/\/news.ecclesia.org.br\/?p=6732","name":"CONCLUS\u00c3O DAS COMEMORA\u00c7\u00d5ES DO EDITO DE MIL\u00c3O NA S\u00c9RVIA | ECCLESIA NEWS","isPartOf":{"@id":"https:\/\/news.ecclesia.org.br\/#website"},"primaryImageOfPage":{"@id":"https:\/\/news.ecclesia.org.br\/?p=6732#primaryimage"},"image":{"@id":"https:\/\/news.ecclesia.org.br\/?p=6732#primaryimage"},"thumbnailUrl":"https:\/\/news.ecclesia.org.br\/wp-content\/uploads\/2013\/10\/doxologia-1.jpg","datePublished":"2013-10-05T23:56:58+00:00","dateModified":"2016-03-23T04:13:07+00:00","breadcrumb":{"@id":"https:\/\/news.ecclesia.org.br\/?p=6732#breadcrumb"},"inLanguage":"pt-BR","potentialAction":[{"@type":"ReadAction","target":["https:\/\/news.ecclesia.org.br\/?p=6732"]}]},{"@type":"ImageObject","inLanguage":"pt-BR","@id":"https:\/\/news.ecclesia.org.br\/?p=6732#primaryimage","url":"https:\/\/news.ecclesia.org.br\/wp-content\/uploads\/2013\/10\/doxologia-1.jpg","contentUrl":"https:\/\/news.ecclesia.org.br\/wp-content\/uploads\/2013\/10\/doxologia-1.jpg","width":640,"height":384},{"@type":"BreadcrumbList","@id":"https:\/\/news.ecclesia.org.br\/?p=6732#breadcrumb","itemListElement":[{"@type":"ListItem","position":1,"name":"In\u00edcio","item":"https:\/\/news.ecclesia.org.br\/"},{"@type":"ListItem","position":2,"name":"CONCLUS\u00c3O DAS COMEMORA\u00c7\u00d5ES DO EDITO DE MIL\u00c3O NA S\u00c9RVIA"}]},{"@type":"WebSite","@id":"https:\/\/news.ecclesia.org.br\/#website","url":"https:\/\/news.ecclesia.org.br\/","name":"Ecclesia Brasil","description":"Desde 2003 onectando o Brasil ao mundo ortodoxo!","publisher":{"@id":"https:\/\/news.ecclesia.org.br\/#organization"},"alternateName":"Ecclesia","potentialAction":[{"@type":"SearchAction","target":{"@type":"EntryPoint","urlTemplate":"https:\/\/news.ecclesia.org.br\/?s={search_term_string}"},"query-input":{"@type":"PropertyValueSpecification","valueRequired":true,"valueName":"search_term_string"}}],"inLanguage":"pt-BR"},{"@type":"Organization","@id":"https:\/\/news.ecclesia.org.br\/#organization","name":"Sacra Arquidiocese de Buenos Aires e Am\u00e9rica do Sul | Patriarcado Ecum\u00eanico","alternateName":"News Ecclesia Brasil","url":"https:\/\/news.ecclesia.org.br\/","logo":{"@type":"ImageObject","inLanguage":"pt-BR","@id":"https:\/\/news.ecclesia.org.br\/#\/schema\/logo\/image\/","url":"https:\/\/news.ecclesia.org.br\/wp-content\/uploads\/2025\/05\/ecclesia2.png","contentUrl":"https:\/\/news.ecclesia.org.br\/wp-content\/uploads\/2025\/05\/ecclesia2.png","width":480,"height":120,"caption":"Sacra Arquidiocese de Buenos Aires e Am\u00e9rica do Sul | Patriarcado Ecum\u00eanico"},"image":{"@id":"https:\/\/news.ecclesia.org.br\/#\/schema\/logo\/image\/"},"sameAs":["https:\/\/www.facebook.com\/Ecclesia2025","https:\/\/x.com\/EcclesiaNews","https:\/\/br.pinterest.com\/ekklisia\/","https:\/\/www.youtube.com\/@EcclesiaBrasil"]},{"@type":"Person","@id":"https:\/\/news.ecclesia.org.br\/#\/schema\/person\/6f09597f025829745ba414a569f63758","name":"Pe. Andr\u00e9","image":{"@type":"ImageObject","inLanguage":"pt-BR","@id":"https:\/\/secure.gravatar.com\/avatar\/b4327cfa27e9799da239a26adcd534fc29cdc0c4a4a148eecbcfeb9b42c617ac?s=96&d=mm&r=g","url":"https:\/\/secure.gravatar.com\/avatar\/b4327cfa27e9799da239a26adcd534fc29cdc0c4a4a148eecbcfeb9b42c617ac?s=96&d=mm&r=g","contentUrl":"https:\/\/secure.gravatar.com\/avatar\/b4327cfa27e9799da239a26adcd534fc29cdc0c4a4a148eecbcfeb9b42c617ac?s=96&d=mm&r=g","caption":"Pe. Andr\u00e9"},"sameAs":["https:\/\/www.ecclesia.org.br"]}]}},"_links":{"self":[{"href":"https:\/\/news.ecclesia.org.br\/index.php?rest_route=\/wp\/v2\/posts\/6732","targetHints":{"allow":["GET"]}}],"collection":[{"href":"https:\/\/news.ecclesia.org.br\/index.php?rest_route=\/wp\/v2\/posts"}],"about":[{"href":"https:\/\/news.ecclesia.org.br\/index.php?rest_route=\/wp\/v2\/types\/post"}],"author":[{"embeddable":true,"href":"https:\/\/news.ecclesia.org.br\/index.php?rest_route=\/wp\/v2\/users\/1"}],"replies":[{"embeddable":true,"href":"https:\/\/news.ecclesia.org.br\/index.php?rest_route=%2Fwp%2Fv2%2Fcomments&post=6732"}],"version-history":[{"count":0,"href":"https:\/\/news.ecclesia.org.br\/index.php?rest_route=\/wp\/v2\/posts\/6732\/revisions"}],"wp:featuredmedia":[{"embeddable":true,"href":"https:\/\/news.ecclesia.org.br\/index.php?rest_route=\/wp\/v2\/media\/6735"}],"wp:attachment":[{"href":"https:\/\/news.ecclesia.org.br\/index.php?rest_route=%2Fwp%2Fv2%2Fmedia&parent=6732"}],"wp:term":[{"taxonomy":"category","embeddable":true,"href":"https:\/\/news.ecclesia.org.br\/index.php?rest_route=%2Fwp%2Fv2%2Fcategories&post=6732"},{"taxonomy":"post_tag","embeddable":true,"href":"https:\/\/news.ecclesia.org.br\/index.php?rest_route=%2Fwp%2Fv2%2Ftags&post=6732"}],"curies":[{"name":"wp","href":"https:\/\/api.w.org\/{rel}","templated":true}]}}