{"id":6508,"date":"2013-07-02T17:43:46","date_gmt":"2013-07-02T17:43:46","guid":{"rendered":"http:\/\/www.ecclesia.com.br\/news\/2013\/?p=6508"},"modified":"2016-03-23T15:21:35","modified_gmt":"2016-03-23T15:21:35","slug":"com-francisco-a-unidade-e-mais-facil-afirma-autoridade-eclesiastica-ortodoxa","status":"publish","type":"post","link":"https:\/\/news.ecclesia.org.br\/?p=6508","title":{"rendered":"\u00abCOM FRANCISCO A UNIDADE \u00c9 MAIS F\u00c1CIL\u00bb"},"content":{"rendered":"<p style=\"text-align: justify;\"><a href=\"https:\/\/news.ecclesia.org.br\/2013\/wp-content\/uploads\/2010\/09\/arcebispo-ioannis-zizioulas.jpg\" rel=\"attachment wp-att-6223\"><img fetchpriority=\"high\" decoding=\"async\" class=\"alignleft size-medium wp-image-6223\" src=\"https:\/\/news.ecclesia.org.br\/2013\/wp-content\/uploads\/2010\/09\/arcebispo-ioannis-zizioulas-300x216.jpg\" alt=\"arcebispo-ioannis-zizioulas\" width=\"300\" height=\"216\" srcset=\"https:\/\/news.ecclesia.org.br\/wp-content\/uploads\/2010\/09\/arcebispo-ioannis-zizioulas-300x216.jpg 300w, https:\/\/news.ecclesia.org.br\/wp-content\/uploads\/2010\/09\/arcebispo-ioannis-zizioulas-76x55.jpg 76w, https:\/\/news.ecclesia.org.br\/wp-content\/uploads\/2010\/09\/arcebispo-ioannis-zizioulas.jpg 319w\" sizes=\"(max-width: 300px) 100vw, 300px\" \/><\/a>Muitos o consideram o maior te\u00f3logo crist\u00e3o de nossa era. Sua \u201ceclesiologia eucar\u00edstica\u201d (que reconhece a fonte da\u00a0Igreja\u00a0na eucaristia, celebrada pela comunidade eclesial reunida ao redor do bispo) \u00e9 muito apreciada, tanto por\u00a0Francisco, como por seu predecessor\u00a0Bento XVI.<\/p>\n<p style=\"text-align: justify;\">Ionnis Zizioulas, Metropolita de P\u00e9rgamo, copresidente da\u00a0Comiss\u00e3o Internacional de di\u00e1logo entre a Igreja cat\u00f3lica e a Igreja ortodoxa, conduziu a delega\u00e7\u00e3o do\u00a0Patriarcado Ecum\u00eanico de Constantinopla\u00a0durante sua viagem a Roma, por ocasi\u00e3o da celebra\u00e7\u00e3o da solenidade dos Santos\u00a0Pedro e Paulo, patronos da\u00a0Igreja\u00a0de Roma.<\/p>\n<p style=\"text-align: justify;\">A entrevista \u00e9 de\u00a0Gianni Valente, publicada no s\u00edtio\u00a0Vatican Insider, 30-06-2013. A tradu\u00e7\u00e3o \u00e9 do\u00a0Cepat.<\/p>\n<p style=\"text-align: justify;\">EIS A ENTREVISTA:<\/p>\n<h3 style=\"text-align: justify;\"><strong>Emin\u00eancia, em sua visita a Roma, o papa Francisco lhe dirigiu palavras muito importantes&#8230;<\/strong><\/h3>\n<blockquote>\n<p style=\"text-align: justify;\">Estou muito feliz de ter ouvido que a ideia da sinodalidade seja t\u00e3o forte em sua concep\u00e7\u00e3o de\u00a0Igreja. Dedicou uma passagem chave no discurso que nos dirigiu quando nos reunimos na sexta-feira, 28 de junho, e voltou a falar disso com muita for\u00e7a na homilia da Missa pelos Santos\u00a0Pedro e Paulo. Quer dizer que \u00e9 um pensamento constante. Outro elemento decisivo \u00e9 o fato de que o papa\u00a0Francisco\u00a0parece conceber e colocar a si mesmo como e, sobretudo,\u00a0Bispo de Roma. Caso se caminhe na via que sugerem estas duas coordenadas (compreender-se primeiro como bispo e reconhecer a\u00a0sinodalidade daIgreja), acredito que ser\u00e1 muito f\u00e1cil que os ortodoxos e os cat\u00f3licos se encontrem na unidade sacramental, como irm\u00e3os em\u00a0Cristo, e n\u00e3o somente como aliados nas estrat\u00e9gias culturais e batalhas \u00e9ticas.<\/p>\n<p style=\"text-align: justify;\">Embora, eu n\u00e3o saiba como mudar\u00e1 concretamente a forma de exercer o papado. No entanto, em muitos gestos pr\u00e1ticos e nas palavras de\u00a0Francisco\u00a0parece surgir o melhor sobre o conceito de papado, a ideia da\u00a0Igreja\u00a0dos primeiros tempos. O Papa\u00a0\u00e9, antes de tudo, o bispo de uma\u00a0Igreja, a\u00a0Igreja\u00a0de Roma. As demais coisas v\u00eam depois. O papa\u00a0Francisco\u00a0tamb\u00e9m compreende a sinodalidade como algo essencial para a\u00a0Igreja\u00a0e isto, certamente, poder\u00e1 sugerir mudan\u00e7as concretas.<\/p>\n<\/blockquote>\n<h3 style=\"text-align: justify;\"><strong>Quais s\u00e3o as reformas que um ortodoxo poderia esperar?<\/strong><\/h3>\n<blockquote>\n<p style=\"text-align: justify;\">Um ortodoxo, por exemplo, esperaria que o\u00a0Papa\u00a0reconhecesse o s\u00ednodo dos bispos cat\u00f3licos como uma autoridade deliberativa e n\u00e3o apenas com fun\u00e7\u00e3o consultiva. Permitir que o s\u00ednodo decida. Caso continue como at\u00e9 agora, o s\u00ednodo continuar\u00e1 sendo um \u00f3rg\u00e3o consultivo que, inclusive, o\u00a0Papa\u00a0pode ignorar. Inteirei-me de que o papa\u00a0Francisco\u00a0j\u00e1 criou um grupo de cardeais para aconselh\u00e1-lo no governo da\u00a0Igreja\u00a0e na\u00a0reforma da\u00a0C\u00faria.<\/p>\n<\/blockquote>\n<h3 style=\"text-align: justify;\">A Comiss\u00e3o Teol\u00f3gica mista entre cat\u00f3licos e ortodoxos, ao trabalhar sobre a quest\u00e3o da primazia, est\u00e1 vivendo uma fase de \u201cstand by\u201d. Como seguir adiante?<\/h3>\n<blockquote>\n<p style=\"text-align: justify;\">Como \u00e9 de conhecimento, no documento de\u00a0Ravenna\u00a0de 2007, reconhecemos que a primazia \u00e9 necess\u00e1ria e que faz parte da ess\u00eancia da\u00a0Igreja. N\u00e3o \u00e9 apenas um elemento \u201corganizativo\u201d humano, mas sempre deve ser considerada (e exercida) no contexto da sinodalidade. Os cat\u00f3licos disseram estar de acordo a respeito disto. Se marcharmos nesta dire\u00e7\u00e3o, poderemos continuar o caminho. Por isso, espero que o papa\u00a0Francisco\u00a0continue nos dando sinais que tornar\u00e3o muito mais f\u00e1cil aceitar a primazia entre os ortodoxos.<\/p>\n<\/blockquote>\n<h3 style=\"text-align: justify;\">De que maneira?<\/h3>\n<blockquote>\n<p style=\"text-align: justify;\">Tradicionalmente, os ortodoxos se preocupam com o fato de que o\u00a0Papa\u00a0queira submet\u00ea-los e exercer a jurisdi\u00e7\u00e3o sobre eles. Poderia ajudar o fato de se deixar de lado, explicitamente, qualquer pretens\u00e3o jurisdicional. E isto est\u00e1 em sintonia com o fato de que o papa\u00a0Francisco\u00a0se apresenta como\u00a0Bispo de Roma. Ele disse a todos n\u00f3s, os bispos: eu sou um bispo como voc\u00eas. Todos os bispos, do\u00a0Papa\u00a0at\u00e9 os\u00a0Patriarcas, s\u00e3o iguais do ponto de vista do sacerd\u00f3cio.<\/p>\n<\/blockquote>\n<h3 style=\"text-align: justify;\">O\u00a0patriarca Bartolomeu I\u00a0convidou Francisco para se reunirem em Jerusal\u00e9m, 50 anos ap\u00f3s o hist\u00f3rico abra\u00e7o entre\u00a0Paulo VI e Aten\u00e1goras. O encontro acontecer\u00e1?<\/h3>\n<blockquote>\n<p style=\"text-align: justify;\">Francisco\u00a0concorda, gosta muito da proposta. Contudo, a quest\u00e3o \u00e9 complexa, envolve as rela\u00e7\u00f5es com realidades pol\u00edticas e, sobre este aspecto, disse que ter\u00e1 que consultar seus colaboradores. Aguardamos sua decis\u00e3o final. De nossa parte, estamos prontos. Claro, seria muito belo, especialmente neste momento. O\u00a0Papae o\u00a0Patriarca\u00a0ofereceriam uma mensagem de paz e de reconcilia\u00e7\u00e3o para todo o Oriente M\u00e9dio.<\/p>\n<\/blockquote>\n<p style=\"text-align: justify;\">\n","protected":false},"excerpt":{"rendered":"<p>Muitos o consideram o maior te\u00f3logo crist\u00e3o de nossa era. Sua \u201ceclesiologia eucar\u00edstica\u201d (que reconhece a fonte da\u00a0Igreja\u00a0na eucaristia, celebrada pela comunidade eclesial reunida ao redor do bispo) \u00e9 muito apreciada, tanto por\u00a0Francisco, como por seu predecessor\u00a0Bento XVI. Ionnis Zizioulas,&#8230;<\/p>\n","protected":false},"author":1,"featured_media":6223,"comment_status":"open","ping_status":"open","sticky":false,"template":"","format":"standard","meta":{"_acf_changed":false,"footnotes":""},"categories":[3,72],"tags":[],"class_list":["post-6508","post","type-post","status-publish","format-standard","has-post-thumbnail","hentry","category-mundo","category-patriarcado-ecumenico","entry","rows-excerpt"],"acf":[],"yoast_head":"<!-- This site is optimized with the Yoast SEO plugin v27.4 - https:\/\/yoast.com\/product\/yoast-seo-wordpress\/ -->\n<title>\u00abCOM FRANCISCO A UNIDADE \u00c9 MAIS F\u00c1CIL\u00bb | ECCLESIA NEWS<\/title>\n<meta name=\"robots\" content=\"index, follow, max-snippet:-1, max-image-preview:large, max-video-preview:-1\" \/>\n<link rel=\"canonical\" href=\"https:\/\/news.ecclesia.org.br\/?p=6508\" \/>\n<meta property=\"og:locale\" content=\"pt_BR\" \/>\n<meta property=\"og:type\" content=\"article\" \/>\n<meta property=\"og:title\" content=\"\u00abCOM FRANCISCO A UNIDADE \u00c9 MAIS F\u00c1CIL\u00bb | ECCLESIA NEWS\" \/>\n<meta property=\"og:description\" content=\"Muitos o consideram o maior te\u00f3logo crist\u00e3o de nossa era. Sua \u201ceclesiologia eucar\u00edstica\u201d (que reconhece a fonte da\u00a0Igreja\u00a0na eucaristia, celebrada pela comunidade eclesial reunida ao redor do bispo) \u00e9 muito apreciada, tanto por\u00a0Francisco, como por seu predecessor\u00a0Bento XVI. Ionnis Zizioulas,&#8230;\" \/>\n<meta property=\"og:url\" content=\"https:\/\/news.ecclesia.org.br\/?p=6508\" \/>\n<meta property=\"og:site_name\" content=\"ECCLESIA NEWS\" \/>\n<meta property=\"article:publisher\" content=\"https:\/\/www.facebook.com\/Ecclesia2025\" \/>\n<meta property=\"article:published_time\" content=\"2013-07-02T17:43:46+00:00\" \/>\n<meta property=\"article:modified_time\" content=\"2016-03-23T15:21:35+00:00\" \/>\n<meta property=\"og:image\" content=\"https:\/\/news.ecclesia.org.br\/wp-content\/uploads\/2010\/09\/arcebispo-ioannis-zizioulas.jpg\" \/>\n\t<meta property=\"og:image:width\" content=\"319\" \/>\n\t<meta property=\"og:image:height\" content=\"230\" \/>\n\t<meta property=\"og:image:type\" content=\"image\/jpeg\" \/>\n<meta name=\"author\" content=\"Pe. Andr\u00e9\" \/>\n<meta name=\"twitter:card\" content=\"summary_large_image\" \/>\n<meta name=\"twitter:creator\" content=\"@EcclesiaNews\" \/>\n<meta name=\"twitter:site\" content=\"@EcclesiaNews\" \/>\n<meta name=\"twitter:label1\" content=\"Escrito por\" \/>\n\t<meta name=\"twitter:data1\" content=\"Pe. Andr\u00e9\" \/>\n\t<meta name=\"twitter:label2\" content=\"Est. tempo de leitura\" \/>\n\t<meta name=\"twitter:data2\" content=\"4 minutos\" \/>\n<script type=\"application\/ld+json\" class=\"yoast-schema-graph\">{\"@context\":\"https:\\\/\\\/schema.org\",\"@graph\":[{\"@type\":\"Article\",\"@id\":\"https:\\\/\\\/news.ecclesia.org.br\\\/?p=6508#article\",\"isPartOf\":{\"@id\":\"https:\\\/\\\/news.ecclesia.org.br\\\/?p=6508\"},\"author\":{\"name\":\"Pe. Andr\u00e9\",\"@id\":\"https:\\\/\\\/news.ecclesia.org.br\\\/#\\\/schema\\\/person\\\/6f09597f025829745ba414a569f63758\"},\"headline\":\"\u00abCOM FRANCISCO A UNIDADE \u00c9 MAIS F\u00c1CIL\u00bb\",\"datePublished\":\"2013-07-02T17:43:46+00:00\",\"dateModified\":\"2016-03-23T15:21:35+00:00\",\"mainEntityOfPage\":{\"@id\":\"https:\\\/\\\/news.ecclesia.org.br\\\/?p=6508\"},\"wordCount\":754,\"commentCount\":0,\"publisher\":{\"@id\":\"https:\\\/\\\/news.ecclesia.org.br\\\/#organization\"},\"image\":{\"@id\":\"https:\\\/\\\/news.ecclesia.org.br\\\/?p=6508#primaryimage\"},\"thumbnailUrl\":\"https:\\\/\\\/news.ecclesia.org.br\\\/wp-content\\\/uploads\\\/2010\\\/09\\\/arcebispo-ioannis-zizioulas.jpg\",\"articleSection\":[\"Mundo Ortodoxo\",\"Patriarcado Ecum\u00eanico\"],\"inLanguage\":\"pt-BR\",\"potentialAction\":[{\"@type\":\"CommentAction\",\"name\":\"Comment\",\"target\":[\"https:\\\/\\\/news.ecclesia.org.br\\\/?p=6508#respond\"]}]},{\"@type\":\"WebPage\",\"@id\":\"https:\\\/\\\/news.ecclesia.org.br\\\/?p=6508\",\"url\":\"https:\\\/\\\/news.ecclesia.org.br\\\/?p=6508\",\"name\":\"\u00abCOM FRANCISCO A UNIDADE \u00c9 MAIS F\u00c1CIL\u00bb | ECCLESIA NEWS\",\"isPartOf\":{\"@id\":\"https:\\\/\\\/news.ecclesia.org.br\\\/#website\"},\"primaryImageOfPage\":{\"@id\":\"https:\\\/\\\/news.ecclesia.org.br\\\/?p=6508#primaryimage\"},\"image\":{\"@id\":\"https:\\\/\\\/news.ecclesia.org.br\\\/?p=6508#primaryimage\"},\"thumbnailUrl\":\"https:\\\/\\\/news.ecclesia.org.br\\\/wp-content\\\/uploads\\\/2010\\\/09\\\/arcebispo-ioannis-zizioulas.jpg\",\"datePublished\":\"2013-07-02T17:43:46+00:00\",\"dateModified\":\"2016-03-23T15:21:35+00:00\",\"breadcrumb\":{\"@id\":\"https:\\\/\\\/news.ecclesia.org.br\\\/?p=6508#breadcrumb\"},\"inLanguage\":\"pt-BR\",\"potentialAction\":[{\"@type\":\"ReadAction\",\"target\":[\"https:\\\/\\\/news.ecclesia.org.br\\\/?p=6508\"]}]},{\"@type\":\"ImageObject\",\"inLanguage\":\"pt-BR\",\"@id\":\"https:\\\/\\\/news.ecclesia.org.br\\\/?p=6508#primaryimage\",\"url\":\"https:\\\/\\\/news.ecclesia.org.br\\\/wp-content\\\/uploads\\\/2010\\\/09\\\/arcebispo-ioannis-zizioulas.jpg\",\"contentUrl\":\"https:\\\/\\\/news.ecclesia.org.br\\\/wp-content\\\/uploads\\\/2010\\\/09\\\/arcebispo-ioannis-zizioulas.jpg\",\"width\":319,\"height\":230},{\"@type\":\"BreadcrumbList\",\"@id\":\"https:\\\/\\\/news.ecclesia.org.br\\\/?p=6508#breadcrumb\",\"itemListElement\":[{\"@type\":\"ListItem\",\"position\":1,\"name\":\"In\u00edcio\",\"item\":\"https:\\\/\\\/news.ecclesia.org.br\\\/\"},{\"@type\":\"ListItem\",\"position\":2,\"name\":\"\u00abCOM FRANCISCO A UNIDADE \u00c9 MAIS F\u00c1CIL\u00bb\"}]},{\"@type\":\"WebSite\",\"@id\":\"https:\\\/\\\/news.ecclesia.org.br\\\/#website\",\"url\":\"https:\\\/\\\/news.ecclesia.org.br\\\/\",\"name\":\"Ecclesia Brasil\",\"description\":\"Desde 2003 onectando o Brasil ao mundo ortodoxo!\",\"publisher\":{\"@id\":\"https:\\\/\\\/news.ecclesia.org.br\\\/#organization\"},\"alternateName\":\"Ecclesia\",\"potentialAction\":[{\"@type\":\"SearchAction\",\"target\":{\"@type\":\"EntryPoint\",\"urlTemplate\":\"https:\\\/\\\/news.ecclesia.org.br\\\/?s={search_term_string}\"},\"query-input\":{\"@type\":\"PropertyValueSpecification\",\"valueRequired\":true,\"valueName\":\"search_term_string\"}}],\"inLanguage\":\"pt-BR\"},{\"@type\":\"Organization\",\"@id\":\"https:\\\/\\\/news.ecclesia.org.br\\\/#organization\",\"name\":\"Sacra Arquidiocese de Buenos Aires e Am\u00e9rica do Sul | Patriarcado Ecum\u00eanico\",\"alternateName\":\"News Ecclesia Brasil\",\"url\":\"https:\\\/\\\/news.ecclesia.org.br\\\/\",\"logo\":{\"@type\":\"ImageObject\",\"inLanguage\":\"pt-BR\",\"@id\":\"https:\\\/\\\/news.ecclesia.org.br\\\/#\\\/schema\\\/logo\\\/image\\\/\",\"url\":\"https:\\\/\\\/news.ecclesia.org.br\\\/wp-content\\\/uploads\\\/2025\\\/05\\\/ecclesia2.png\",\"contentUrl\":\"https:\\\/\\\/news.ecclesia.org.br\\\/wp-content\\\/uploads\\\/2025\\\/05\\\/ecclesia2.png\",\"width\":480,\"height\":120,\"caption\":\"Sacra Arquidiocese de Buenos Aires e Am\u00e9rica do Sul | Patriarcado Ecum\u00eanico\"},\"image\":{\"@id\":\"https:\\\/\\\/news.ecclesia.org.br\\\/#\\\/schema\\\/logo\\\/image\\\/\"},\"sameAs\":[\"https:\\\/\\\/www.facebook.com\\\/Ecclesia2025\",\"https:\\\/\\\/x.com\\\/EcclesiaNews\",\"https:\\\/\\\/br.pinterest.com\\\/ekklisia\\\/\",\"https:\\\/\\\/www.youtube.com\\\/@EcclesiaBrasil\"]},{\"@type\":\"Person\",\"@id\":\"https:\\\/\\\/news.ecclesia.org.br\\\/#\\\/schema\\\/person\\\/6f09597f025829745ba414a569f63758\",\"name\":\"Pe. Andr\u00e9\",\"image\":{\"@type\":\"ImageObject\",\"inLanguage\":\"pt-BR\",\"@id\":\"https:\\\/\\\/secure.gravatar.com\\\/avatar\\\/b4327cfa27e9799da239a26adcd534fc29cdc0c4a4a148eecbcfeb9b42c617ac?s=96&d=mm&r=g\",\"url\":\"https:\\\/\\\/secure.gravatar.com\\\/avatar\\\/b4327cfa27e9799da239a26adcd534fc29cdc0c4a4a148eecbcfeb9b42c617ac?s=96&d=mm&r=g\",\"contentUrl\":\"https:\\\/\\\/secure.gravatar.com\\\/avatar\\\/b4327cfa27e9799da239a26adcd534fc29cdc0c4a4a148eecbcfeb9b42c617ac?s=96&d=mm&r=g\",\"caption\":\"Pe. Andr\u00e9\"},\"sameAs\":[\"https:\\\/\\\/www.ecclesia.org.br\"]}]}<\/script>\n<!-- \/ Yoast SEO plugin. -->","yoast_head_json":{"title":"\u00abCOM FRANCISCO A UNIDADE \u00c9 MAIS F\u00c1CIL\u00bb | ECCLESIA NEWS","robots":{"index":"index","follow":"follow","max-snippet":"max-snippet:-1","max-image-preview":"max-image-preview:large","max-video-preview":"max-video-preview:-1"},"canonical":"https:\/\/news.ecclesia.org.br\/?p=6508","og_locale":"pt_BR","og_type":"article","og_title":"\u00abCOM FRANCISCO A UNIDADE \u00c9 MAIS F\u00c1CIL\u00bb | ECCLESIA NEWS","og_description":"Muitos o consideram o maior te\u00f3logo crist\u00e3o de nossa era. Sua \u201ceclesiologia eucar\u00edstica\u201d (que reconhece a fonte da\u00a0Igreja\u00a0na eucaristia, celebrada pela comunidade eclesial reunida ao redor do bispo) \u00e9 muito apreciada, tanto por\u00a0Francisco, como por seu predecessor\u00a0Bento XVI. Ionnis Zizioulas,&#8230;","og_url":"https:\/\/news.ecclesia.org.br\/?p=6508","og_site_name":"ECCLESIA NEWS","article_publisher":"https:\/\/www.facebook.com\/Ecclesia2025","article_published_time":"2013-07-02T17:43:46+00:00","article_modified_time":"2016-03-23T15:21:35+00:00","og_image":[{"width":319,"height":230,"url":"https:\/\/news.ecclesia.org.br\/wp-content\/uploads\/2010\/09\/arcebispo-ioannis-zizioulas.jpg","type":"image\/jpeg"}],"author":"Pe. Andr\u00e9","twitter_card":"summary_large_image","twitter_creator":"@EcclesiaNews","twitter_site":"@EcclesiaNews","twitter_misc":{"Escrito por":"Pe. Andr\u00e9","Est. tempo de leitura":"4 minutos"},"schema":{"@context":"https:\/\/schema.org","@graph":[{"@type":"Article","@id":"https:\/\/news.ecclesia.org.br\/?p=6508#article","isPartOf":{"@id":"https:\/\/news.ecclesia.org.br\/?p=6508"},"author":{"name":"Pe. Andr\u00e9","@id":"https:\/\/news.ecclesia.org.br\/#\/schema\/person\/6f09597f025829745ba414a569f63758"},"headline":"\u00abCOM FRANCISCO A UNIDADE \u00c9 MAIS F\u00c1CIL\u00bb","datePublished":"2013-07-02T17:43:46+00:00","dateModified":"2016-03-23T15:21:35+00:00","mainEntityOfPage":{"@id":"https:\/\/news.ecclesia.org.br\/?p=6508"},"wordCount":754,"commentCount":0,"publisher":{"@id":"https:\/\/news.ecclesia.org.br\/#organization"},"image":{"@id":"https:\/\/news.ecclesia.org.br\/?p=6508#primaryimage"},"thumbnailUrl":"https:\/\/news.ecclesia.org.br\/wp-content\/uploads\/2010\/09\/arcebispo-ioannis-zizioulas.jpg","articleSection":["Mundo Ortodoxo","Patriarcado Ecum\u00eanico"],"inLanguage":"pt-BR","potentialAction":[{"@type":"CommentAction","name":"Comment","target":["https:\/\/news.ecclesia.org.br\/?p=6508#respond"]}]},{"@type":"WebPage","@id":"https:\/\/news.ecclesia.org.br\/?p=6508","url":"https:\/\/news.ecclesia.org.br\/?p=6508","name":"\u00abCOM FRANCISCO A UNIDADE \u00c9 MAIS F\u00c1CIL\u00bb | ECCLESIA NEWS","isPartOf":{"@id":"https:\/\/news.ecclesia.org.br\/#website"},"primaryImageOfPage":{"@id":"https:\/\/news.ecclesia.org.br\/?p=6508#primaryimage"},"image":{"@id":"https:\/\/news.ecclesia.org.br\/?p=6508#primaryimage"},"thumbnailUrl":"https:\/\/news.ecclesia.org.br\/wp-content\/uploads\/2010\/09\/arcebispo-ioannis-zizioulas.jpg","datePublished":"2013-07-02T17:43:46+00:00","dateModified":"2016-03-23T15:21:35+00:00","breadcrumb":{"@id":"https:\/\/news.ecclesia.org.br\/?p=6508#breadcrumb"},"inLanguage":"pt-BR","potentialAction":[{"@type":"ReadAction","target":["https:\/\/news.ecclesia.org.br\/?p=6508"]}]},{"@type":"ImageObject","inLanguage":"pt-BR","@id":"https:\/\/news.ecclesia.org.br\/?p=6508#primaryimage","url":"https:\/\/news.ecclesia.org.br\/wp-content\/uploads\/2010\/09\/arcebispo-ioannis-zizioulas.jpg","contentUrl":"https:\/\/news.ecclesia.org.br\/wp-content\/uploads\/2010\/09\/arcebispo-ioannis-zizioulas.jpg","width":319,"height":230},{"@type":"BreadcrumbList","@id":"https:\/\/news.ecclesia.org.br\/?p=6508#breadcrumb","itemListElement":[{"@type":"ListItem","position":1,"name":"In\u00edcio","item":"https:\/\/news.ecclesia.org.br\/"},{"@type":"ListItem","position":2,"name":"\u00abCOM FRANCISCO A UNIDADE \u00c9 MAIS F\u00c1CIL\u00bb"}]},{"@type":"WebSite","@id":"https:\/\/news.ecclesia.org.br\/#website","url":"https:\/\/news.ecclesia.org.br\/","name":"Ecclesia Brasil","description":"Desde 2003 onectando o Brasil ao mundo ortodoxo!","publisher":{"@id":"https:\/\/news.ecclesia.org.br\/#organization"},"alternateName":"Ecclesia","potentialAction":[{"@type":"SearchAction","target":{"@type":"EntryPoint","urlTemplate":"https:\/\/news.ecclesia.org.br\/?s={search_term_string}"},"query-input":{"@type":"PropertyValueSpecification","valueRequired":true,"valueName":"search_term_string"}}],"inLanguage":"pt-BR"},{"@type":"Organization","@id":"https:\/\/news.ecclesia.org.br\/#organization","name":"Sacra Arquidiocese de Buenos Aires e Am\u00e9rica do Sul | Patriarcado Ecum\u00eanico","alternateName":"News Ecclesia Brasil","url":"https:\/\/news.ecclesia.org.br\/","logo":{"@type":"ImageObject","inLanguage":"pt-BR","@id":"https:\/\/news.ecclesia.org.br\/#\/schema\/logo\/image\/","url":"https:\/\/news.ecclesia.org.br\/wp-content\/uploads\/2025\/05\/ecclesia2.png","contentUrl":"https:\/\/news.ecclesia.org.br\/wp-content\/uploads\/2025\/05\/ecclesia2.png","width":480,"height":120,"caption":"Sacra Arquidiocese de Buenos Aires e Am\u00e9rica do Sul | Patriarcado Ecum\u00eanico"},"image":{"@id":"https:\/\/news.ecclesia.org.br\/#\/schema\/logo\/image\/"},"sameAs":["https:\/\/www.facebook.com\/Ecclesia2025","https:\/\/x.com\/EcclesiaNews","https:\/\/br.pinterest.com\/ekklisia\/","https:\/\/www.youtube.com\/@EcclesiaBrasil"]},{"@type":"Person","@id":"https:\/\/news.ecclesia.org.br\/#\/schema\/person\/6f09597f025829745ba414a569f63758","name":"Pe. Andr\u00e9","image":{"@type":"ImageObject","inLanguage":"pt-BR","@id":"https:\/\/secure.gravatar.com\/avatar\/b4327cfa27e9799da239a26adcd534fc29cdc0c4a4a148eecbcfeb9b42c617ac?s=96&d=mm&r=g","url":"https:\/\/secure.gravatar.com\/avatar\/b4327cfa27e9799da239a26adcd534fc29cdc0c4a4a148eecbcfeb9b42c617ac?s=96&d=mm&r=g","contentUrl":"https:\/\/secure.gravatar.com\/avatar\/b4327cfa27e9799da239a26adcd534fc29cdc0c4a4a148eecbcfeb9b42c617ac?s=96&d=mm&r=g","caption":"Pe. Andr\u00e9"},"sameAs":["https:\/\/www.ecclesia.org.br"]}]}},"_links":{"self":[{"href":"https:\/\/news.ecclesia.org.br\/index.php?rest_route=\/wp\/v2\/posts\/6508","targetHints":{"allow":["GET"]}}],"collection":[{"href":"https:\/\/news.ecclesia.org.br\/index.php?rest_route=\/wp\/v2\/posts"}],"about":[{"href":"https:\/\/news.ecclesia.org.br\/index.php?rest_route=\/wp\/v2\/types\/post"}],"author":[{"embeddable":true,"href":"https:\/\/news.ecclesia.org.br\/index.php?rest_route=\/wp\/v2\/users\/1"}],"replies":[{"embeddable":true,"href":"https:\/\/news.ecclesia.org.br\/index.php?rest_route=%2Fwp%2Fv2%2Fcomments&post=6508"}],"version-history":[{"count":0,"href":"https:\/\/news.ecclesia.org.br\/index.php?rest_route=\/wp\/v2\/posts\/6508\/revisions"}],"wp:featuredmedia":[{"embeddable":true,"href":"https:\/\/news.ecclesia.org.br\/index.php?rest_route=\/wp\/v2\/media\/6223"}],"wp:attachment":[{"href":"https:\/\/news.ecclesia.org.br\/index.php?rest_route=%2Fwp%2Fv2%2Fmedia&parent=6508"}],"wp:term":[{"taxonomy":"category","embeddable":true,"href":"https:\/\/news.ecclesia.org.br\/index.php?rest_route=%2Fwp%2Fv2%2Fcategories&post=6508"},{"taxonomy":"post_tag","embeddable":true,"href":"https:\/\/news.ecclesia.org.br\/index.php?rest_route=%2Fwp%2Fv2%2Ftags&post=6508"}],"curies":[{"name":"wp","href":"https:\/\/api.w.org\/{rel}","templated":true}]}}