{"id":6489,"date":"2010-06-05T23:58:10","date_gmt":"2010-06-06T02:58:10","guid":{"rendered":"http:\/\/ecclesia.com.br\/news2011\/?p=6489"},"modified":"2016-03-17T18:33:34","modified_gmt":"2016-03-17T18:33:34","slug":"discurso-de-bento-xvi-na-celebracao-ecumenica-em-paphos","status":"publish","type":"post","link":"https:\/\/news.ecclesia.org.br\/?p=6489","title":{"rendered":"Discurso de Bento XVI na celebra\u00e7\u00e3o ecum\u00eanica em Paphos"},"content":{"rendered":"<h2>Discurso proferido por Bento XVI hoje, nas imedia\u00e7\u00f5es da igreja de Agia Kiriaki Chrysopolitissa, local de culto ortodoxo aberto tamb\u00e9m aos cat\u00f3licos e anglicanos, no qual presidiu, ao lado do Arcebispo Ortodoxo de Chipre, Sua Beatitude Chrysostomos II, uma celebra\u00e7\u00e3o ecum\u00eanica.<\/h2>\n<p style=\"text-align: center;\">* * *<\/p>\n<p style=\"text-align: justify;\">Car\u00edssimos irm\u00e3os e irm\u00e3s em Cristo,<\/p>\n<p style=\"text-align: justify;\">&#8220;A v\u00f3s gra\u00e7a e paz em abund\u00e2ncia&#8221; (1 Pd 1,2). \u00c9 com grande alegria que sa\u00fado a v\u00f3s que representais as comunidades crist\u00e3s presentes em Chipre.<\/p>\n<p style=\"text-align: justify;\">Agrade\u00e7o a Sua Beatitude Chrysostomos II pelas gentis palavras de boas-vindas, Sua Emin\u00eancia Giorgio, Metropolitano de Pafos, que nos recebe, e todos aqueles empenhados em tornar poss\u00edvel este encontro. Apraz-me, ainda, saudar cordialmente os crist\u00e3os de outras confiss\u00f5es aqui presentes, incluindo os membros das comunidades arm\u00eania, luterana e anglicana.<\/p>\n<p style=\"text-align: justify;\">Na verdade, \u00e9 uma gra\u00e7a extraordin\u00e1ria para n\u00f3s estarmos reunidos em ora\u00e7\u00e3o nesta igreja de Agia Kiriaki Chrysopolitissa. Acabamos de ouvir a leitura dos Atos dos Ap\u00f3stolos, que nos lembra como Chipre foi a primeira etapa das viagens mission\u00e1rias do Ap\u00f3stolo Paulo (cf. At 13,1-4). Resguardados pelo Esp\u00edrito Santo, Paulo, juntamente a Barnab\u00e9, origin\u00e1rio de Chipre, e Marcos, o futuro evangelista, aportaram primeiramente em Salamina, onde passaram a proclamar a palavra de Deus nas sinagogas. Atravessando a ilha, chegaram a Paphos, onde, bem pr\u00f3ximo a este lugar, pregaram na presen\u00e7a do proc\u00f4nsul romano Serio Paolo. Foi ent\u00e3o que, a partir deste local, a mensagem do Evangelho come\u00e7ou a se difundir para todo o imp\u00e9rio e a Igreja, fundamentada na prega\u00e7\u00e3o apost\u00f3lica, p\u00f4de plantar ra\u00edzes em todo o mundo at\u00e9 ent\u00e3o conhecido.<\/p>\n<p style=\"text-align: justify;\">A Igreja de Chipre pode, com justi\u00e7a, ter orgulho de sua liga\u00e7\u00e3o direta com a prega\u00e7\u00e3o de Paulo, Barnab\u00e9 e Marcos, e da comunh\u00e3o na f\u00e9 apost\u00f3lica, que a liga a todas as Igrejas que custodiam a mesma regra de f\u00e9. Esta \u00e9 a comunh\u00e3o, real, ainda que imperfeita, que neste momento nos une, e que nos impele a superar nossas divis\u00f5es e a lutar para restabelecer aquela plena uni\u00e3o vis\u00edvel, que \u00e9 desejada pelo Senhor e por todos os seus seguidores. Pois, nas palavras de Paulo, h\u00e1 &#8220;um s\u00f3 corpo e um s\u00f3 esp\u00edrito, assim como fostes chamados pela vossa voca\u00e7\u00e3o a uma s\u00f3 esperan\u00e7a; um s\u00f3 Senhor, uma s\u00f3 f\u00e9, um s\u00f3 batismo&#8221; (Ef 4,4-5).<\/p>\n<p style=\"text-align: justify;\">A comunh\u00e3o eclesial na f\u00e9 apost\u00f3lica \u00e9 tanto um dom como um apelo \u00e0 miss\u00e3o. Na passagem dos Atos que ouvimos, vemos uma imagem da unidade da Igreja na ora\u00e7\u00e3o, na abertura aos convites do Esp\u00edrito \u00e0 miss\u00e3o. Como Paulo e Barnab\u00e9, cada crist\u00e3o, mediante o batismo, \u00e9 &#8220;reservado&#8221; para portar o testemunho prof\u00e9tico do Senhor ressuscitado e seu Evangelho de reconcilia\u00e7\u00e3o, de miseric\u00f3rdia e de paz. Em tal contexto, a Assembleia Especial para o Oriente M\u00e9dio do S\u00ednodo dos Bispos, que se reunir\u00e1 em Roma em outubro pr\u00f3ximo, refletir\u00e1 sobre o papel vital dos crist\u00e3os na regi\u00e3o, encorajar\u00e1 seu testemunho do Evangelho e os ajudar\u00e1 a promover um maior di\u00e1logo e coopera\u00e7\u00e3o entre todos os crist\u00e3os da regi\u00e3o. Significativamente, os trabalhos do S\u00ednodo ser\u00e3o enriquecidos pela presen\u00e7a de delegados fraternos de outras Igrejas e Comunidades crist\u00e3s da \u00e1rea, como sinal de comprometimento com o servi\u00e7o \u00e0 palavra de Deus e de nossa abertura ao poder de sua Gra\u00e7a que reconcilia.<\/p>\n<p style=\"text-align: justify;\">A unidade de todos os disc\u00edpulos de Cristo \u00e9 um dom a se implorar ao Pai, na esperan\u00e7a que este reforce o testemunho do Evangelho no mundo de hoje. O Senhor rogou pela santidade e unidade de seus disc\u00edpulos justamente para que o mundo creia (Jo 17,21).<\/p>\n<p style=\"text-align: justify;\">H\u00e1 apenas 100 anos, na Confer\u00eancia Mission\u00e1ria de Edimburgo, a aguda consci\u00eancia de que as divis\u00f5es entre os crist\u00e3os constitu\u00edam um obst\u00e1culo \u00e0 difus\u00e3o do Evangelho deu origem ao movimento ecum\u00eanico moderno. Hoje devemos dar gra\u00e7as ao Senhor, o qual, mediante seu Esp\u00edrito, nos conduziu &#8211; especialmente ao longo das \u00faltimas d\u00e9cadas &#8211; a redescobrir a rica heran\u00e7a apost\u00f3lica compartilhada entre Oriente e Ocidente e, mediante um di\u00e1logo paciente e sincero, a encontrar os caminhos para a reaproxima\u00e7\u00e3o, superando as controv\u00e9rsias do passado e tendo em vista um futuro melhor.<\/p>\n<p style=\"text-align: justify;\">A Igreja em Chipre, que demonstra ser uma ponte entre o Oriente e o Ocidente, tem contribu\u00eddo muito para este processo de reconcilia\u00e7\u00e3o. A via que conduz ao objetivo da plena comunh\u00e3o n\u00e3o ser\u00e1, certamente, livre de dificuldades, mas a Igreja Cat\u00f3lica e a Igreja Ortodoxa de Chipre est\u00e3o empenhadas em progredir no caminho do di\u00e1logo e da coopera\u00e7\u00e3o fraterna. Possa o Esp\u00edrito Santo iluminar nossas mentes e refor\u00e7ar nossa determina\u00e7\u00e3o, para que juntos possamos levar a mensagem de salva\u00e7\u00e3o aos homens e mulheres de nosso tempo, os quais est\u00e3o sedentos daquela verdade que conduz \u00e0 liberdade aut\u00eantica e \u00e0 salva\u00e7\u00e3o (cf. Jo 8,23), a verdade cujo nome \u00e9 Jesus Cristo!<\/p>\n<p style=\"text-align: justify;\">Caros irm\u00e3os e irm\u00e3s, n\u00e3o poderia concluir sem evocar a mem\u00f3ria dos santos que adornaram a Igreja de Chipre, em particular Santo Epif\u00e2nio, bispo de Salamina. A santidade \u00e9 o sinal da plenitude da vida crist\u00e3, de uma profunda docilidade interior ante ao Esp\u00edrito Santo que nos convida a uma convers\u00e3o e a uma renova\u00e7\u00e3o constantes, enquanto nos esfor\u00e7amos para ser sempre mais conformados a Cristo, nosso Salvador. Convers\u00e3o e santidade s\u00e3o tamb\u00e9m os meios privilegiados mediante os quais abrimos as mentes e os cora\u00e7\u00f5es \u00e0 vontade do Senhor pela unidade de sua Igreja. Enquanto rendemos gra\u00e7a pelo encontro e pelo afeto fraternal que nos une, pe\u00e7amos aos santos B\u00e1rbara e Epif\u00e2nio, aos santos Pedro e Paulo, e a todos os Santos de Deus, que aben\u00e7oem nossas comunidades, conservando-nos na f\u00e9 dos Ap\u00f3stolos, e guiando nossos passos pelo caminho da unidade, da caridade e da paz.<\/p>\n<p style=\"text-align: right;\">[Tradu\u00e7\u00e3o: Paulo Silva<br \/>\n\u00a9Libreria Editrice Vaticana]<\/p>\n","protected":false},"excerpt":{"rendered":"<p>Discurso proferido por Bento XVI hoje, nas imedia\u00e7\u00f5es da igreja de Agia Kiriaki Chrysopolitissa, local de culto ortodoxo aberto tamb\u00e9m aos cat\u00f3licos e anglicanos, no qual presidiu, ao lado do Arcebispo Ortodoxo de Chipre, Sua Beatitude Chrysostomos II, uma celebra\u00e7\u00e3o&#8230;<\/p>\n","protected":false},"author":1,"featured_media":5873,"comment_status":"open","ping_status":"open","sticky":false,"template":"","format":"standard","meta":{"_acf_changed":false,"footnotes":""},"categories":[1],"tags":[],"class_list":["post-6489","post","type-post","status-publish","format-standard","has-post-thumbnail","hentry","category-news","entry","rows-excerpt"],"acf":[],"yoast_head":"<!-- This site is optimized with the Yoast SEO plugin v27.5 - https:\/\/yoast.com\/product\/yoast-seo-wordpress\/ -->\n<title>Discurso de Bento XVI na celebra\u00e7\u00e3o ecum\u00eanica em Paphos | ECCLESIA NEWS<\/title>\n<meta name=\"robots\" content=\"index, follow, max-snippet:-1, max-image-preview:large, max-video-preview:-1\" \/>\n<link rel=\"canonical\" href=\"https:\/\/news.ecclesia.org.br\/?p=6489\" \/>\n<meta property=\"og:locale\" content=\"pt_BR\" \/>\n<meta property=\"og:type\" content=\"article\" \/>\n<meta property=\"og:title\" content=\"Discurso de Bento XVI na celebra\u00e7\u00e3o ecum\u00eanica em Paphos | ECCLESIA NEWS\" \/>\n<meta property=\"og:description\" content=\"Discurso proferido por Bento XVI hoje, nas imedia\u00e7\u00f5es da igreja de Agia Kiriaki Chrysopolitissa, local de culto ortodoxo aberto tamb\u00e9m aos cat\u00f3licos e anglicanos, no qual presidiu, ao lado do Arcebispo Ortodoxo de Chipre, Sua Beatitude Chrysostomos II, uma celebra\u00e7\u00e3o&#8230;\" \/>\n<meta property=\"og:url\" content=\"https:\/\/news.ecclesia.org.br\/?p=6489\" \/>\n<meta property=\"og:site_name\" content=\"ECCLESIA NEWS\" \/>\n<meta property=\"article:publisher\" content=\"https:\/\/www.facebook.com\/Ecclesia2025\" \/>\n<meta property=\"article:published_time\" content=\"2010-06-06T02:58:10+00:00\" \/>\n<meta property=\"article:modified_time\" content=\"2016-03-17T18:33:34+00:00\" \/>\n<meta property=\"og:image\" content=\"https:\/\/news.ecclesia.org.br\/wp-content\/uploads\/2011\/03\/bento_xvi.jpg\" \/>\n\t<meta property=\"og:image:width\" content=\"320\" \/>\n\t<meta property=\"og:image:height\" content=\"227\" \/>\n\t<meta property=\"og:image:type\" content=\"image\/jpeg\" \/>\n<meta name=\"author\" content=\"Pe. Andr\u00e9\" \/>\n<meta name=\"twitter:card\" content=\"summary_large_image\" \/>\n<meta name=\"twitter:creator\" content=\"@EcclesiaNews\" \/>\n<meta name=\"twitter:site\" content=\"@EcclesiaNews\" \/>\n<meta name=\"twitter:label1\" content=\"Escrito por\" \/>\n\t<meta name=\"twitter:data1\" content=\"Pe. Andr\u00e9\" \/>\n\t<meta name=\"twitter:label2\" content=\"Est. tempo de leitura\" \/>\n\t<meta name=\"twitter:data2\" content=\"5 minutos\" \/>\n<script type=\"application\/ld+json\" class=\"yoast-schema-graph\">{\"@context\":\"https:\\\/\\\/schema.org\",\"@graph\":[{\"@type\":\"Article\",\"@id\":\"https:\\\/\\\/news.ecclesia.org.br\\\/?p=6489#article\",\"isPartOf\":{\"@id\":\"https:\\\/\\\/news.ecclesia.org.br\\\/?p=6489\"},\"author\":{\"name\":\"Pe. Andr\u00e9\",\"@id\":\"https:\\\/\\\/news.ecclesia.org.br\\\/#\\\/schema\\\/person\\\/6f09597f025829745ba414a569f63758\"},\"headline\":\"Discurso de Bento XVI na celebra\u00e7\u00e3o ecum\u00eanica em Paphos\",\"datePublished\":\"2010-06-06T02:58:10+00:00\",\"dateModified\":\"2016-03-17T18:33:34+00:00\",\"mainEntityOfPage\":{\"@id\":\"https:\\\/\\\/news.ecclesia.org.br\\\/?p=6489\"},\"wordCount\":1053,\"commentCount\":0,\"publisher\":{\"@id\":\"https:\\\/\\\/news.ecclesia.org.br\\\/#organization\"},\"image\":{\"@id\":\"https:\\\/\\\/news.ecclesia.org.br\\\/?p=6489#primaryimage\"},\"thumbnailUrl\":\"https:\\\/\\\/news.ecclesia.org.br\\\/wp-content\\\/uploads\\\/2011\\\/03\\\/bento_xvi.jpg\",\"articleSection\":[\"NEWS\"],\"inLanguage\":\"pt-BR\",\"potentialAction\":[{\"@type\":\"CommentAction\",\"name\":\"Comment\",\"target\":[\"https:\\\/\\\/news.ecclesia.org.br\\\/?p=6489#respond\"]}]},{\"@type\":\"WebPage\",\"@id\":\"https:\\\/\\\/news.ecclesia.org.br\\\/?p=6489\",\"url\":\"https:\\\/\\\/news.ecclesia.org.br\\\/?p=6489\",\"name\":\"Discurso de Bento XVI na celebra\u00e7\u00e3o ecum\u00eanica em Paphos | ECCLESIA NEWS\",\"isPartOf\":{\"@id\":\"https:\\\/\\\/news.ecclesia.org.br\\\/#website\"},\"primaryImageOfPage\":{\"@id\":\"https:\\\/\\\/news.ecclesia.org.br\\\/?p=6489#primaryimage\"},\"image\":{\"@id\":\"https:\\\/\\\/news.ecclesia.org.br\\\/?p=6489#primaryimage\"},\"thumbnailUrl\":\"https:\\\/\\\/news.ecclesia.org.br\\\/wp-content\\\/uploads\\\/2011\\\/03\\\/bento_xvi.jpg\",\"datePublished\":\"2010-06-06T02:58:10+00:00\",\"dateModified\":\"2016-03-17T18:33:34+00:00\",\"breadcrumb\":{\"@id\":\"https:\\\/\\\/news.ecclesia.org.br\\\/?p=6489#breadcrumb\"},\"inLanguage\":\"pt-BR\",\"potentialAction\":[{\"@type\":\"ReadAction\",\"target\":[\"https:\\\/\\\/news.ecclesia.org.br\\\/?p=6489\"]}]},{\"@type\":\"ImageObject\",\"inLanguage\":\"pt-BR\",\"@id\":\"https:\\\/\\\/news.ecclesia.org.br\\\/?p=6489#primaryimage\",\"url\":\"https:\\\/\\\/news.ecclesia.org.br\\\/wp-content\\\/uploads\\\/2011\\\/03\\\/bento_xvi.jpg\",\"contentUrl\":\"https:\\\/\\\/news.ecclesia.org.br\\\/wp-content\\\/uploads\\\/2011\\\/03\\\/bento_xvi.jpg\",\"width\":320,\"height\":227},{\"@type\":\"BreadcrumbList\",\"@id\":\"https:\\\/\\\/news.ecclesia.org.br\\\/?p=6489#breadcrumb\",\"itemListElement\":[{\"@type\":\"ListItem\",\"position\":1,\"name\":\"In\u00edcio\",\"item\":\"https:\\\/\\\/news.ecclesia.org.br\\\/\"},{\"@type\":\"ListItem\",\"position\":2,\"name\":\"Discurso de Bento XVI na celebra\u00e7\u00e3o ecum\u00eanica em Paphos\"}]},{\"@type\":\"WebSite\",\"@id\":\"https:\\\/\\\/news.ecclesia.org.br\\\/#website\",\"url\":\"https:\\\/\\\/news.ecclesia.org.br\\\/\",\"name\":\"Ecclesia Brasil\",\"description\":\"Desde 2003 onectando o Brasil ao mundo ortodoxo!\",\"publisher\":{\"@id\":\"https:\\\/\\\/news.ecclesia.org.br\\\/#organization\"},\"alternateName\":\"Ecclesia\",\"potentialAction\":[{\"@type\":\"SearchAction\",\"target\":{\"@type\":\"EntryPoint\",\"urlTemplate\":\"https:\\\/\\\/news.ecclesia.org.br\\\/?s={search_term_string}\"},\"query-input\":{\"@type\":\"PropertyValueSpecification\",\"valueRequired\":true,\"valueName\":\"search_term_string\"}}],\"inLanguage\":\"pt-BR\"},{\"@type\":\"Organization\",\"@id\":\"https:\\\/\\\/news.ecclesia.org.br\\\/#organization\",\"name\":\"Sacra Arquidiocese de Buenos Aires e Am\u00e9rica do Sul | Patriarcado Ecum\u00eanico\",\"alternateName\":\"News Ecclesia Brasil\",\"url\":\"https:\\\/\\\/news.ecclesia.org.br\\\/\",\"logo\":{\"@type\":\"ImageObject\",\"inLanguage\":\"pt-BR\",\"@id\":\"https:\\\/\\\/news.ecclesia.org.br\\\/#\\\/schema\\\/logo\\\/image\\\/\",\"url\":\"https:\\\/\\\/news.ecclesia.org.br\\\/wp-content\\\/uploads\\\/2025\\\/05\\\/ecclesia2.png\",\"contentUrl\":\"https:\\\/\\\/news.ecclesia.org.br\\\/wp-content\\\/uploads\\\/2025\\\/05\\\/ecclesia2.png\",\"width\":480,\"height\":120,\"caption\":\"Sacra Arquidiocese de Buenos Aires e Am\u00e9rica do Sul | Patriarcado Ecum\u00eanico\"},\"image\":{\"@id\":\"https:\\\/\\\/news.ecclesia.org.br\\\/#\\\/schema\\\/logo\\\/image\\\/\"},\"sameAs\":[\"https:\\\/\\\/www.facebook.com\\\/Ecclesia2025\",\"https:\\\/\\\/x.com\\\/EcclesiaNews\",\"https:\\\/\\\/br.pinterest.com\\\/ekklisia\\\/\",\"https:\\\/\\\/www.youtube.com\\\/@EcclesiaBrasil\"]},{\"@type\":\"Person\",\"@id\":\"https:\\\/\\\/news.ecclesia.org.br\\\/#\\\/schema\\\/person\\\/6f09597f025829745ba414a569f63758\",\"name\":\"Pe. Andr\u00e9\",\"image\":{\"@type\":\"ImageObject\",\"inLanguage\":\"pt-BR\",\"@id\":\"https:\\\/\\\/secure.gravatar.com\\\/avatar\\\/b4327cfa27e9799da239a26adcd534fc29cdc0c4a4a148eecbcfeb9b42c617ac?s=96&d=mm&r=g\",\"url\":\"https:\\\/\\\/secure.gravatar.com\\\/avatar\\\/b4327cfa27e9799da239a26adcd534fc29cdc0c4a4a148eecbcfeb9b42c617ac?s=96&d=mm&r=g\",\"contentUrl\":\"https:\\\/\\\/secure.gravatar.com\\\/avatar\\\/b4327cfa27e9799da239a26adcd534fc29cdc0c4a4a148eecbcfeb9b42c617ac?s=96&d=mm&r=g\",\"caption\":\"Pe. Andr\u00e9\"},\"sameAs\":[\"https:\\\/\\\/www.ecclesia.org.br\"]}]}<\/script>\n<!-- \/ Yoast SEO plugin. -->","yoast_head_json":{"title":"Discurso de Bento XVI na celebra\u00e7\u00e3o ecum\u00eanica em Paphos | ECCLESIA NEWS","robots":{"index":"index","follow":"follow","max-snippet":"max-snippet:-1","max-image-preview":"max-image-preview:large","max-video-preview":"max-video-preview:-1"},"canonical":"https:\/\/news.ecclesia.org.br\/?p=6489","og_locale":"pt_BR","og_type":"article","og_title":"Discurso de Bento XVI na celebra\u00e7\u00e3o ecum\u00eanica em Paphos | ECCLESIA NEWS","og_description":"Discurso proferido por Bento XVI hoje, nas imedia\u00e7\u00f5es da igreja de Agia Kiriaki Chrysopolitissa, local de culto ortodoxo aberto tamb\u00e9m aos cat\u00f3licos e anglicanos, no qual presidiu, ao lado do Arcebispo Ortodoxo de Chipre, Sua Beatitude Chrysostomos II, uma celebra\u00e7\u00e3o&#8230;","og_url":"https:\/\/news.ecclesia.org.br\/?p=6489","og_site_name":"ECCLESIA NEWS","article_publisher":"https:\/\/www.facebook.com\/Ecclesia2025","article_published_time":"2010-06-06T02:58:10+00:00","article_modified_time":"2016-03-17T18:33:34+00:00","og_image":[{"width":320,"height":227,"url":"https:\/\/news.ecclesia.org.br\/wp-content\/uploads\/2011\/03\/bento_xvi.jpg","type":"image\/jpeg"}],"author":"Pe. Andr\u00e9","twitter_card":"summary_large_image","twitter_creator":"@EcclesiaNews","twitter_site":"@EcclesiaNews","twitter_misc":{"Escrito por":"Pe. Andr\u00e9","Est. tempo de leitura":"5 minutos"},"schema":{"@context":"https:\/\/schema.org","@graph":[{"@type":"Article","@id":"https:\/\/news.ecclesia.org.br\/?p=6489#article","isPartOf":{"@id":"https:\/\/news.ecclesia.org.br\/?p=6489"},"author":{"name":"Pe. Andr\u00e9","@id":"https:\/\/news.ecclesia.org.br\/#\/schema\/person\/6f09597f025829745ba414a569f63758"},"headline":"Discurso de Bento XVI na celebra\u00e7\u00e3o ecum\u00eanica em Paphos","datePublished":"2010-06-06T02:58:10+00:00","dateModified":"2016-03-17T18:33:34+00:00","mainEntityOfPage":{"@id":"https:\/\/news.ecclesia.org.br\/?p=6489"},"wordCount":1053,"commentCount":0,"publisher":{"@id":"https:\/\/news.ecclesia.org.br\/#organization"},"image":{"@id":"https:\/\/news.ecclesia.org.br\/?p=6489#primaryimage"},"thumbnailUrl":"https:\/\/news.ecclesia.org.br\/wp-content\/uploads\/2011\/03\/bento_xvi.jpg","articleSection":["NEWS"],"inLanguage":"pt-BR","potentialAction":[{"@type":"CommentAction","name":"Comment","target":["https:\/\/news.ecclesia.org.br\/?p=6489#respond"]}]},{"@type":"WebPage","@id":"https:\/\/news.ecclesia.org.br\/?p=6489","url":"https:\/\/news.ecclesia.org.br\/?p=6489","name":"Discurso de Bento XVI na celebra\u00e7\u00e3o ecum\u00eanica em Paphos | ECCLESIA NEWS","isPartOf":{"@id":"https:\/\/news.ecclesia.org.br\/#website"},"primaryImageOfPage":{"@id":"https:\/\/news.ecclesia.org.br\/?p=6489#primaryimage"},"image":{"@id":"https:\/\/news.ecclesia.org.br\/?p=6489#primaryimage"},"thumbnailUrl":"https:\/\/news.ecclesia.org.br\/wp-content\/uploads\/2011\/03\/bento_xvi.jpg","datePublished":"2010-06-06T02:58:10+00:00","dateModified":"2016-03-17T18:33:34+00:00","breadcrumb":{"@id":"https:\/\/news.ecclesia.org.br\/?p=6489#breadcrumb"},"inLanguage":"pt-BR","potentialAction":[{"@type":"ReadAction","target":["https:\/\/news.ecclesia.org.br\/?p=6489"]}]},{"@type":"ImageObject","inLanguage":"pt-BR","@id":"https:\/\/news.ecclesia.org.br\/?p=6489#primaryimage","url":"https:\/\/news.ecclesia.org.br\/wp-content\/uploads\/2011\/03\/bento_xvi.jpg","contentUrl":"https:\/\/news.ecclesia.org.br\/wp-content\/uploads\/2011\/03\/bento_xvi.jpg","width":320,"height":227},{"@type":"BreadcrumbList","@id":"https:\/\/news.ecclesia.org.br\/?p=6489#breadcrumb","itemListElement":[{"@type":"ListItem","position":1,"name":"In\u00edcio","item":"https:\/\/news.ecclesia.org.br\/"},{"@type":"ListItem","position":2,"name":"Discurso de Bento XVI na celebra\u00e7\u00e3o ecum\u00eanica em Paphos"}]},{"@type":"WebSite","@id":"https:\/\/news.ecclesia.org.br\/#website","url":"https:\/\/news.ecclesia.org.br\/","name":"Ecclesia Brasil","description":"Desde 2003 onectando o Brasil ao mundo ortodoxo!","publisher":{"@id":"https:\/\/news.ecclesia.org.br\/#organization"},"alternateName":"Ecclesia","potentialAction":[{"@type":"SearchAction","target":{"@type":"EntryPoint","urlTemplate":"https:\/\/news.ecclesia.org.br\/?s={search_term_string}"},"query-input":{"@type":"PropertyValueSpecification","valueRequired":true,"valueName":"search_term_string"}}],"inLanguage":"pt-BR"},{"@type":"Organization","@id":"https:\/\/news.ecclesia.org.br\/#organization","name":"Sacra Arquidiocese de Buenos Aires e Am\u00e9rica do Sul | Patriarcado Ecum\u00eanico","alternateName":"News Ecclesia Brasil","url":"https:\/\/news.ecclesia.org.br\/","logo":{"@type":"ImageObject","inLanguage":"pt-BR","@id":"https:\/\/news.ecclesia.org.br\/#\/schema\/logo\/image\/","url":"https:\/\/news.ecclesia.org.br\/wp-content\/uploads\/2025\/05\/ecclesia2.png","contentUrl":"https:\/\/news.ecclesia.org.br\/wp-content\/uploads\/2025\/05\/ecclesia2.png","width":480,"height":120,"caption":"Sacra Arquidiocese de Buenos Aires e Am\u00e9rica do Sul | Patriarcado Ecum\u00eanico"},"image":{"@id":"https:\/\/news.ecclesia.org.br\/#\/schema\/logo\/image\/"},"sameAs":["https:\/\/www.facebook.com\/Ecclesia2025","https:\/\/x.com\/EcclesiaNews","https:\/\/br.pinterest.com\/ekklisia\/","https:\/\/www.youtube.com\/@EcclesiaBrasil"]},{"@type":"Person","@id":"https:\/\/news.ecclesia.org.br\/#\/schema\/person\/6f09597f025829745ba414a569f63758","name":"Pe. Andr\u00e9","image":{"@type":"ImageObject","inLanguage":"pt-BR","@id":"https:\/\/secure.gravatar.com\/avatar\/b4327cfa27e9799da239a26adcd534fc29cdc0c4a4a148eecbcfeb9b42c617ac?s=96&d=mm&r=g","url":"https:\/\/secure.gravatar.com\/avatar\/b4327cfa27e9799da239a26adcd534fc29cdc0c4a4a148eecbcfeb9b42c617ac?s=96&d=mm&r=g","contentUrl":"https:\/\/secure.gravatar.com\/avatar\/b4327cfa27e9799da239a26adcd534fc29cdc0c4a4a148eecbcfeb9b42c617ac?s=96&d=mm&r=g","caption":"Pe. Andr\u00e9"},"sameAs":["https:\/\/www.ecclesia.org.br"]}]}},"_links":{"self":[{"href":"https:\/\/news.ecclesia.org.br\/index.php?rest_route=\/wp\/v2\/posts\/6489","targetHints":{"allow":["GET"]}}],"collection":[{"href":"https:\/\/news.ecclesia.org.br\/index.php?rest_route=\/wp\/v2\/posts"}],"about":[{"href":"https:\/\/news.ecclesia.org.br\/index.php?rest_route=\/wp\/v2\/types\/post"}],"author":[{"embeddable":true,"href":"https:\/\/news.ecclesia.org.br\/index.php?rest_route=\/wp\/v2\/users\/1"}],"replies":[{"embeddable":true,"href":"https:\/\/news.ecclesia.org.br\/index.php?rest_route=%2Fwp%2Fv2%2Fcomments&post=6489"}],"version-history":[{"count":0,"href":"https:\/\/news.ecclesia.org.br\/index.php?rest_route=\/wp\/v2\/posts\/6489\/revisions"}],"wp:featuredmedia":[{"embeddable":true,"href":"https:\/\/news.ecclesia.org.br\/index.php?rest_route=\/wp\/v2\/media\/5873"}],"wp:attachment":[{"href":"https:\/\/news.ecclesia.org.br\/index.php?rest_route=%2Fwp%2Fv2%2Fmedia&parent=6489"}],"wp:term":[{"taxonomy":"category","embeddable":true,"href":"https:\/\/news.ecclesia.org.br\/index.php?rest_route=%2Fwp%2Fv2%2Fcategories&post=6489"},{"taxonomy":"post_tag","embeddable":true,"href":"https:\/\/news.ecclesia.org.br\/index.php?rest_route=%2Fwp%2Fv2%2Ftags&post=6489"}],"curies":[{"name":"wp","href":"https:\/\/api.w.org\/{rel}","templated":true}]}}