{"id":6485,"date":"2010-06-28T23:53:03","date_gmt":"2010-06-29T02:53:03","guid":{"rendered":"http:\/\/ecclesia.com.br\/news2011\/?p=6485"},"modified":"2016-03-17T14:48:44","modified_gmt":"2016-03-17T14:48:44","slug":"discurso-de-bento-xvi-a-delegacao-do-patriarcado-de-constantinopla","status":"publish","type":"post","link":"https:\/\/news.ecclesia.org.br\/?p=6485","title":{"rendered":"Discurso de Bento XVI \u00e0 Delega\u00e7\u00e3o do Patriarcado de Constantinopla"},"content":{"rendered":"<h2>Discurso de Bento XVI \u00e0 Delega\u00e7\u00e3o do Patriarcado Ecum\u00eanico de Constantinopla por ocasi\u00e3o da Solenidade dos Santos Ap\u00f3stolos Pedro e Paulo<\/h2>\n<blockquote>\n<p style=\"text-align: justify;\">Queridos irm\u00e3os em Cristo,<\/p>\n<p style=\"text-align: justify;\">Gra\u00e7a e paz da parte de Deus nosso Pai&#8221; (Col 1, 2). Com grande alegria e carinho sincero dou-vos as boas-vindas no Senhor a esta Cidade de Roma, por ocasi\u00e3o da celebra\u00e7\u00e3o anual do mart\u00edrio dos Santos Pedro e Paulo. Esta festa, que a Igreja Cat\u00f3lica e as Igrejas Ortodoxas celebram no mesmo dia, \u00e9 uma das mais antigas do ano lit\u00fargico, e testemunha uma \u00e9poca em que nossas comunidades viviam em plena comunh\u00e3o uma com a outra. Vossa presen\u00e7a aqui hoje &#8211; pela qual sou profundamente grato ao Patriarca de Constantinopla, Sua Santidade Bartolomeu I, e ao Santo S\u00ednodo do Patriarcado Ecum\u00eanico &#8211; traz grande alegria aos cora\u00e7\u00f5es de todos n\u00f3s.<\/p>\n<p style=\"text-align: justify;\">Agrade\u00e7o ao Senhor porque as rela\u00e7\u00f5es entre n\u00f3s s\u00e3o caracterizadas por sentimentos de confian\u00e7a m\u00fatua, estima e fraternidade, como \u00e9 amplamente testemunhado pelos muitos encontros que aconteceram no curso deste ano.<\/p>\n<p style=\"text-align: justify;\">Tudo isso oferece motivo para esperan\u00e7a de que o di\u00e1logo Cat\u00f3lico-Ortodoxo tamb\u00e9m continuar\u00e1 a fazer progressos significativos. Sua Emin\u00eancia tem conhecimento de que a Comiss\u00e3o Mista Internacional para o Di\u00e1logo Teol\u00f3gico, da qual sois secret\u00e1rio-adjunto, est\u00e1 em um ponto crucial, tendo iniciado em Outubro passado, em Paphos, a discuss\u00e3o sobre &#8220;O papel do Bispo de Roma na comunh\u00e3o da Igreja no Primeiro Mil\u00eanio&#8221;. Com todo o nosso cora\u00e7\u00e3o, oramos para que, iluminados pelo Esp\u00edrito Santo, os Membros da Comiss\u00e3o continuem a seguir este caminho durante a pr\u00f3xima sess\u00e3o plen\u00e1ria, em Vienna, e dediquem o tempo necess\u00e1rio para o estudo aprofundado desta delicada e importante quest\u00e3o. Para mim, \u00e9 um sinal encorajador que o Patriarca Ecum\u00eanico Bartolomeu I e o Santo S\u00ednodo de Constantinopla compartilhem nossa firme convic\u00e7\u00e3o da import\u00e2ncia deste di\u00e1logo, como Sua Santidade afirmou t\u00e3o claramente na Carta Enc\u00edclica Patriarcal e Sinodal por ocasi\u00e3o do Domingo da Ortodoxia, em 21 de Fevereiro de 2010.<\/p>\n<p style=\"text-align: justify;\">Na pr\u00f3xima Assembl\u00e9ia Especial para o Oriente M\u00e9dio do S\u00ednodo dos Bispos, que convoquei para o m\u00eas de outubro aqui em Roma, estou certo de que o tema da coopera\u00e7\u00e3o ecum\u00eanica entre os Crist\u00e3os daquela regi\u00e3o receber\u00e1 grande aten\u00e7\u00e3o. Na verdade, isso est\u00e1 destacado no Instrumentum Laboris, que entreguei aos Bispos Cat\u00f3licos do Oriente M\u00e9dio durante a minha recente visita ao Chipre, onde fui recebido com grande carinho fraternal por Sua Beatitude Chrysostomos II, Arcebispo de Nova Justiniana e de todo o Chipre. As dificuldades que os crist\u00e3os do Oriente M\u00e9dio est\u00e3o experienciando s\u00e3o, em grande medida, comuns a todos: vivem como uma minoria, e anseiam pela liberdade religiosa aut\u00eantica e pela paz. O di\u00e1logo \u00e9 necess\u00e1rio com as comunidades Isl\u00e2mica e Judaica. Neste contexto, ficarei muito contente por acolher a Delega\u00e7\u00e3o Fraternal que o Patriarca Ecum\u00eanico enviar\u00e1 para participar nos trabalhos da Assembl\u00e9ia Sinodal.<\/p>\n<p style=\"text-align: justify;\">Sua Emin\u00eancia, queridos membros da Delega\u00e7\u00e3o, agrade\u00e7o-vos por vossa visita. Pe\u00e7o-vos que transmitais minha sauda\u00e7\u00e3o fraternal a Sua Santidade Bartolomeu I, ao Santo S\u00ednodo, ao clero e aos fi\u00e9is do Patriarcado Ecum\u00eanico. Por intercess\u00e3o dos Ap\u00f3stolos Pedro e Paulo, possa o Senhor nos conceder abundantes b\u00ean\u00e7\u00e3os, e possa manter-nos sempre em seu amor.<\/p>\n<p><img decoding=\"async\" class=\"alignleft size-medium wp-image-9333\" src=\"https:\/\/news.ecclesia.org.br\/2013\/wp-content\/uploads\/2012\/06\/assinatura-bento-xvi-300x77.jpg\" alt=\"assinatura-bento-xvi\" width=\"300\" height=\"77\" srcset=\"https:\/\/news.ecclesia.org.br\/wp-content\/uploads\/2012\/06\/assinatura-bento-xvi-300x77.jpg 300w, https:\/\/news.ecclesia.org.br\/wp-content\/uploads\/2012\/06\/assinatura-bento-xvi-215x55.jpg 215w, https:\/\/news.ecclesia.org.br\/wp-content\/uploads\/2012\/06\/assinatura-bento-xvi.jpg 313w\" sizes=\"(max-width: 300px) 100vw, 300px\" \/><\/p><\/blockquote>\n<p>&nbsp;<\/p>\n<p>&nbsp;<\/p>\n<p>&nbsp;<\/p>\n<blockquote>\n<div><em>Bollettino della Sala Stampa della Santa Sede<br \/>\n(tradu\u00e7\u00e3o de Leonardo Meira &#8211; equipe CN Not\u00edcias)<\/em><\/div>\n<\/blockquote>\n","protected":false},"excerpt":{"rendered":"<p>Discurso de Bento XVI \u00e0 Delega\u00e7\u00e3o do Patriarcado Ecum\u00eanico de Constantinopla por ocasi\u00e3o da Solenidade dos Santos Ap\u00f3stolos Pedro e Paulo Queridos irm\u00e3os em Cristo, Gra\u00e7a e paz da parte de Deus nosso Pai&#8221; (Col 1, 2). Com grande alegria&#8230;<\/p>\n","protected":false},"author":1,"featured_media":15905,"comment_status":"open","ping_status":"open","sticky":false,"template":"","format":"standard","meta":{"_acf_changed":false,"footnotes":""},"categories":[1],"tags":[],"class_list":["post-6485","post","type-post","status-publish","format-standard","has-post-thumbnail","hentry","category-news","entry","rows-excerpt"],"acf":[],"yoast_head":"<!-- This site is optimized with the Yoast SEO plugin v27.5 - https:\/\/yoast.com\/product\/yoast-seo-wordpress\/ -->\n<title>Discurso de Bento XVI \u00e0 Delega\u00e7\u00e3o do Patriarcado de Constantinopla | ECCLESIA NEWS<\/title>\n<meta name=\"robots\" content=\"index, follow, max-snippet:-1, max-image-preview:large, max-video-preview:-1\" \/>\n<link rel=\"canonical\" href=\"https:\/\/news.ecclesia.org.br\/?p=6485\" \/>\n<meta property=\"og:locale\" content=\"pt_BR\" \/>\n<meta property=\"og:type\" content=\"article\" \/>\n<meta property=\"og:title\" content=\"Discurso de Bento XVI \u00e0 Delega\u00e7\u00e3o do Patriarcado de Constantinopla | ECCLESIA NEWS\" \/>\n<meta property=\"og:description\" content=\"Discurso de Bento XVI \u00e0 Delega\u00e7\u00e3o do Patriarcado Ecum\u00eanico de Constantinopla por ocasi\u00e3o da Solenidade dos Santos Ap\u00f3stolos Pedro e Paulo Queridos irm\u00e3os em Cristo, Gra\u00e7a e paz da parte de Deus nosso Pai&#8221; (Col 1, 2). Com grande alegria&#8230;\" \/>\n<meta property=\"og:url\" content=\"https:\/\/news.ecclesia.org.br\/?p=6485\" \/>\n<meta property=\"og:site_name\" content=\"ECCLESIA NEWS\" \/>\n<meta property=\"article:publisher\" content=\"https:\/\/www.facebook.com\/Ecclesia2025\" \/>\n<meta property=\"article:published_time\" content=\"2010-06-29T02:53:03+00:00\" \/>\n<meta property=\"article:modified_time\" content=\"2016-03-17T14:48:44+00:00\" \/>\n<meta property=\"og:image\" content=\"https:\/\/news.ecclesia.org.br\/wp-content\/uploads\/2010\/06\/015.jpg\" \/>\n\t<meta property=\"og:image:width\" content=\"350\" \/>\n\t<meta property=\"og:image:height\" content=\"263\" \/>\n\t<meta property=\"og:image:type\" content=\"image\/jpeg\" \/>\n<meta name=\"author\" content=\"Pe. Andr\u00e9\" \/>\n<meta name=\"twitter:card\" content=\"summary_large_image\" \/>\n<meta name=\"twitter:creator\" content=\"@EcclesiaNews\" \/>\n<meta name=\"twitter:site\" content=\"@EcclesiaNews\" \/>\n<meta name=\"twitter:label1\" content=\"Escrito por\" \/>\n\t<meta name=\"twitter:data1\" content=\"Pe. Andr\u00e9\" \/>\n\t<meta name=\"twitter:label2\" content=\"Est. tempo de leitura\" \/>\n\t<meta name=\"twitter:data2\" content=\"3 minutos\" \/>\n<script type=\"application\/ld+json\" class=\"yoast-schema-graph\">{\"@context\":\"https:\\\/\\\/schema.org\",\"@graph\":[{\"@type\":\"Article\",\"@id\":\"https:\\\/\\\/news.ecclesia.org.br\\\/?p=6485#article\",\"isPartOf\":{\"@id\":\"https:\\\/\\\/news.ecclesia.org.br\\\/?p=6485\"},\"author\":{\"name\":\"Pe. Andr\u00e9\",\"@id\":\"https:\\\/\\\/news.ecclesia.org.br\\\/#\\\/schema\\\/person\\\/6f09597f025829745ba414a569f63758\"},\"headline\":\"Discurso de Bento XVI \u00e0 Delega\u00e7\u00e3o do Patriarcado de Constantinopla\",\"datePublished\":\"2010-06-29T02:53:03+00:00\",\"dateModified\":\"2016-03-17T14:48:44+00:00\",\"mainEntityOfPage\":{\"@id\":\"https:\\\/\\\/news.ecclesia.org.br\\\/?p=6485\"},\"wordCount\":628,\"commentCount\":0,\"publisher\":{\"@id\":\"https:\\\/\\\/news.ecclesia.org.br\\\/#organization\"},\"image\":{\"@id\":\"https:\\\/\\\/news.ecclesia.org.br\\\/?p=6485#primaryimage\"},\"thumbnailUrl\":\"https:\\\/\\\/news.ecclesia.org.br\\\/wp-content\\\/uploads\\\/2010\\\/06\\\/015.jpg\",\"articleSection\":[\"NEWS\"],\"inLanguage\":\"pt-BR\",\"potentialAction\":[{\"@type\":\"CommentAction\",\"name\":\"Comment\",\"target\":[\"https:\\\/\\\/news.ecclesia.org.br\\\/?p=6485#respond\"]}]},{\"@type\":\"WebPage\",\"@id\":\"https:\\\/\\\/news.ecclesia.org.br\\\/?p=6485\",\"url\":\"https:\\\/\\\/news.ecclesia.org.br\\\/?p=6485\",\"name\":\"Discurso de Bento XVI \u00e0 Delega\u00e7\u00e3o do Patriarcado de Constantinopla | ECCLESIA NEWS\",\"isPartOf\":{\"@id\":\"https:\\\/\\\/news.ecclesia.org.br\\\/#website\"},\"primaryImageOfPage\":{\"@id\":\"https:\\\/\\\/news.ecclesia.org.br\\\/?p=6485#primaryimage\"},\"image\":{\"@id\":\"https:\\\/\\\/news.ecclesia.org.br\\\/?p=6485#primaryimage\"},\"thumbnailUrl\":\"https:\\\/\\\/news.ecclesia.org.br\\\/wp-content\\\/uploads\\\/2010\\\/06\\\/015.jpg\",\"datePublished\":\"2010-06-29T02:53:03+00:00\",\"dateModified\":\"2016-03-17T14:48:44+00:00\",\"breadcrumb\":{\"@id\":\"https:\\\/\\\/news.ecclesia.org.br\\\/?p=6485#breadcrumb\"},\"inLanguage\":\"pt-BR\",\"potentialAction\":[{\"@type\":\"ReadAction\",\"target\":[\"https:\\\/\\\/news.ecclesia.org.br\\\/?p=6485\"]}]},{\"@type\":\"ImageObject\",\"inLanguage\":\"pt-BR\",\"@id\":\"https:\\\/\\\/news.ecclesia.org.br\\\/?p=6485#primaryimage\",\"url\":\"https:\\\/\\\/news.ecclesia.org.br\\\/wp-content\\\/uploads\\\/2010\\\/06\\\/015.jpg\",\"contentUrl\":\"https:\\\/\\\/news.ecclesia.org.br\\\/wp-content\\\/uploads\\\/2010\\\/06\\\/015.jpg\",\"width\":350,\"height\":263},{\"@type\":\"BreadcrumbList\",\"@id\":\"https:\\\/\\\/news.ecclesia.org.br\\\/?p=6485#breadcrumb\",\"itemListElement\":[{\"@type\":\"ListItem\",\"position\":1,\"name\":\"In\u00edcio\",\"item\":\"https:\\\/\\\/news.ecclesia.org.br\\\/\"},{\"@type\":\"ListItem\",\"position\":2,\"name\":\"Discurso de Bento XVI \u00e0 Delega\u00e7\u00e3o do Patriarcado de Constantinopla\"}]},{\"@type\":\"WebSite\",\"@id\":\"https:\\\/\\\/news.ecclesia.org.br\\\/#website\",\"url\":\"https:\\\/\\\/news.ecclesia.org.br\\\/\",\"name\":\"Ecclesia Brasil\",\"description\":\"Desde 2003 onectando o Brasil ao mundo ortodoxo!\",\"publisher\":{\"@id\":\"https:\\\/\\\/news.ecclesia.org.br\\\/#organization\"},\"alternateName\":\"Ecclesia\",\"potentialAction\":[{\"@type\":\"SearchAction\",\"target\":{\"@type\":\"EntryPoint\",\"urlTemplate\":\"https:\\\/\\\/news.ecclesia.org.br\\\/?s={search_term_string}\"},\"query-input\":{\"@type\":\"PropertyValueSpecification\",\"valueRequired\":true,\"valueName\":\"search_term_string\"}}],\"inLanguage\":\"pt-BR\"},{\"@type\":\"Organization\",\"@id\":\"https:\\\/\\\/news.ecclesia.org.br\\\/#organization\",\"name\":\"Sacra Arquidiocese de Buenos Aires e Am\u00e9rica do Sul | Patriarcado Ecum\u00eanico\",\"alternateName\":\"News Ecclesia Brasil\",\"url\":\"https:\\\/\\\/news.ecclesia.org.br\\\/\",\"logo\":{\"@type\":\"ImageObject\",\"inLanguage\":\"pt-BR\",\"@id\":\"https:\\\/\\\/news.ecclesia.org.br\\\/#\\\/schema\\\/logo\\\/image\\\/\",\"url\":\"https:\\\/\\\/news.ecclesia.org.br\\\/wp-content\\\/uploads\\\/2025\\\/05\\\/ecclesia2.png\",\"contentUrl\":\"https:\\\/\\\/news.ecclesia.org.br\\\/wp-content\\\/uploads\\\/2025\\\/05\\\/ecclesia2.png\",\"width\":480,\"height\":120,\"caption\":\"Sacra Arquidiocese de Buenos Aires e Am\u00e9rica do Sul | Patriarcado Ecum\u00eanico\"},\"image\":{\"@id\":\"https:\\\/\\\/news.ecclesia.org.br\\\/#\\\/schema\\\/logo\\\/image\\\/\"},\"sameAs\":[\"https:\\\/\\\/www.facebook.com\\\/Ecclesia2025\",\"https:\\\/\\\/x.com\\\/EcclesiaNews\",\"https:\\\/\\\/br.pinterest.com\\\/ekklisia\\\/\",\"https:\\\/\\\/www.youtube.com\\\/@EcclesiaBrasil\"]},{\"@type\":\"Person\",\"@id\":\"https:\\\/\\\/news.ecclesia.org.br\\\/#\\\/schema\\\/person\\\/6f09597f025829745ba414a569f63758\",\"name\":\"Pe. Andr\u00e9\",\"image\":{\"@type\":\"ImageObject\",\"inLanguage\":\"pt-BR\",\"@id\":\"https:\\\/\\\/secure.gravatar.com\\\/avatar\\\/b4327cfa27e9799da239a26adcd534fc29cdc0c4a4a148eecbcfeb9b42c617ac?s=96&d=mm&r=g\",\"url\":\"https:\\\/\\\/secure.gravatar.com\\\/avatar\\\/b4327cfa27e9799da239a26adcd534fc29cdc0c4a4a148eecbcfeb9b42c617ac?s=96&d=mm&r=g\",\"contentUrl\":\"https:\\\/\\\/secure.gravatar.com\\\/avatar\\\/b4327cfa27e9799da239a26adcd534fc29cdc0c4a4a148eecbcfeb9b42c617ac?s=96&d=mm&r=g\",\"caption\":\"Pe. Andr\u00e9\"},\"sameAs\":[\"https:\\\/\\\/www.ecclesia.org.br\"]}]}<\/script>\n<!-- \/ Yoast SEO plugin. -->","yoast_head_json":{"title":"Discurso de Bento XVI \u00e0 Delega\u00e7\u00e3o do Patriarcado de Constantinopla | ECCLESIA NEWS","robots":{"index":"index","follow":"follow","max-snippet":"max-snippet:-1","max-image-preview":"max-image-preview:large","max-video-preview":"max-video-preview:-1"},"canonical":"https:\/\/news.ecclesia.org.br\/?p=6485","og_locale":"pt_BR","og_type":"article","og_title":"Discurso de Bento XVI \u00e0 Delega\u00e7\u00e3o do Patriarcado de Constantinopla | ECCLESIA NEWS","og_description":"Discurso de Bento XVI \u00e0 Delega\u00e7\u00e3o do Patriarcado Ecum\u00eanico de Constantinopla por ocasi\u00e3o da Solenidade dos Santos Ap\u00f3stolos Pedro e Paulo Queridos irm\u00e3os em Cristo, Gra\u00e7a e paz da parte de Deus nosso Pai&#8221; (Col 1, 2). Com grande alegria&#8230;","og_url":"https:\/\/news.ecclesia.org.br\/?p=6485","og_site_name":"ECCLESIA NEWS","article_publisher":"https:\/\/www.facebook.com\/Ecclesia2025","article_published_time":"2010-06-29T02:53:03+00:00","article_modified_time":"2016-03-17T14:48:44+00:00","og_image":[{"width":350,"height":263,"url":"https:\/\/news.ecclesia.org.br\/wp-content\/uploads\/2010\/06\/015.jpg","type":"image\/jpeg"}],"author":"Pe. Andr\u00e9","twitter_card":"summary_large_image","twitter_creator":"@EcclesiaNews","twitter_site":"@EcclesiaNews","twitter_misc":{"Escrito por":"Pe. Andr\u00e9","Est. tempo de leitura":"3 minutos"},"schema":{"@context":"https:\/\/schema.org","@graph":[{"@type":"Article","@id":"https:\/\/news.ecclesia.org.br\/?p=6485#article","isPartOf":{"@id":"https:\/\/news.ecclesia.org.br\/?p=6485"},"author":{"name":"Pe. Andr\u00e9","@id":"https:\/\/news.ecclesia.org.br\/#\/schema\/person\/6f09597f025829745ba414a569f63758"},"headline":"Discurso de Bento XVI \u00e0 Delega\u00e7\u00e3o do Patriarcado de Constantinopla","datePublished":"2010-06-29T02:53:03+00:00","dateModified":"2016-03-17T14:48:44+00:00","mainEntityOfPage":{"@id":"https:\/\/news.ecclesia.org.br\/?p=6485"},"wordCount":628,"commentCount":0,"publisher":{"@id":"https:\/\/news.ecclesia.org.br\/#organization"},"image":{"@id":"https:\/\/news.ecclesia.org.br\/?p=6485#primaryimage"},"thumbnailUrl":"https:\/\/news.ecclesia.org.br\/wp-content\/uploads\/2010\/06\/015.jpg","articleSection":["NEWS"],"inLanguage":"pt-BR","potentialAction":[{"@type":"CommentAction","name":"Comment","target":["https:\/\/news.ecclesia.org.br\/?p=6485#respond"]}]},{"@type":"WebPage","@id":"https:\/\/news.ecclesia.org.br\/?p=6485","url":"https:\/\/news.ecclesia.org.br\/?p=6485","name":"Discurso de Bento XVI \u00e0 Delega\u00e7\u00e3o do Patriarcado de Constantinopla | ECCLESIA NEWS","isPartOf":{"@id":"https:\/\/news.ecclesia.org.br\/#website"},"primaryImageOfPage":{"@id":"https:\/\/news.ecclesia.org.br\/?p=6485#primaryimage"},"image":{"@id":"https:\/\/news.ecclesia.org.br\/?p=6485#primaryimage"},"thumbnailUrl":"https:\/\/news.ecclesia.org.br\/wp-content\/uploads\/2010\/06\/015.jpg","datePublished":"2010-06-29T02:53:03+00:00","dateModified":"2016-03-17T14:48:44+00:00","breadcrumb":{"@id":"https:\/\/news.ecclesia.org.br\/?p=6485#breadcrumb"},"inLanguage":"pt-BR","potentialAction":[{"@type":"ReadAction","target":["https:\/\/news.ecclesia.org.br\/?p=6485"]}]},{"@type":"ImageObject","inLanguage":"pt-BR","@id":"https:\/\/news.ecclesia.org.br\/?p=6485#primaryimage","url":"https:\/\/news.ecclesia.org.br\/wp-content\/uploads\/2010\/06\/015.jpg","contentUrl":"https:\/\/news.ecclesia.org.br\/wp-content\/uploads\/2010\/06\/015.jpg","width":350,"height":263},{"@type":"BreadcrumbList","@id":"https:\/\/news.ecclesia.org.br\/?p=6485#breadcrumb","itemListElement":[{"@type":"ListItem","position":1,"name":"In\u00edcio","item":"https:\/\/news.ecclesia.org.br\/"},{"@type":"ListItem","position":2,"name":"Discurso de Bento XVI \u00e0 Delega\u00e7\u00e3o do Patriarcado de Constantinopla"}]},{"@type":"WebSite","@id":"https:\/\/news.ecclesia.org.br\/#website","url":"https:\/\/news.ecclesia.org.br\/","name":"Ecclesia Brasil","description":"Desde 2003 onectando o Brasil ao mundo ortodoxo!","publisher":{"@id":"https:\/\/news.ecclesia.org.br\/#organization"},"alternateName":"Ecclesia","potentialAction":[{"@type":"SearchAction","target":{"@type":"EntryPoint","urlTemplate":"https:\/\/news.ecclesia.org.br\/?s={search_term_string}"},"query-input":{"@type":"PropertyValueSpecification","valueRequired":true,"valueName":"search_term_string"}}],"inLanguage":"pt-BR"},{"@type":"Organization","@id":"https:\/\/news.ecclesia.org.br\/#organization","name":"Sacra Arquidiocese de Buenos Aires e Am\u00e9rica do Sul | Patriarcado Ecum\u00eanico","alternateName":"News Ecclesia Brasil","url":"https:\/\/news.ecclesia.org.br\/","logo":{"@type":"ImageObject","inLanguage":"pt-BR","@id":"https:\/\/news.ecclesia.org.br\/#\/schema\/logo\/image\/","url":"https:\/\/news.ecclesia.org.br\/wp-content\/uploads\/2025\/05\/ecclesia2.png","contentUrl":"https:\/\/news.ecclesia.org.br\/wp-content\/uploads\/2025\/05\/ecclesia2.png","width":480,"height":120,"caption":"Sacra Arquidiocese de Buenos Aires e Am\u00e9rica do Sul | Patriarcado Ecum\u00eanico"},"image":{"@id":"https:\/\/news.ecclesia.org.br\/#\/schema\/logo\/image\/"},"sameAs":["https:\/\/www.facebook.com\/Ecclesia2025","https:\/\/x.com\/EcclesiaNews","https:\/\/br.pinterest.com\/ekklisia\/","https:\/\/www.youtube.com\/@EcclesiaBrasil"]},{"@type":"Person","@id":"https:\/\/news.ecclesia.org.br\/#\/schema\/person\/6f09597f025829745ba414a569f63758","name":"Pe. Andr\u00e9","image":{"@type":"ImageObject","inLanguage":"pt-BR","@id":"https:\/\/secure.gravatar.com\/avatar\/b4327cfa27e9799da239a26adcd534fc29cdc0c4a4a148eecbcfeb9b42c617ac?s=96&d=mm&r=g","url":"https:\/\/secure.gravatar.com\/avatar\/b4327cfa27e9799da239a26adcd534fc29cdc0c4a4a148eecbcfeb9b42c617ac?s=96&d=mm&r=g","contentUrl":"https:\/\/secure.gravatar.com\/avatar\/b4327cfa27e9799da239a26adcd534fc29cdc0c4a4a148eecbcfeb9b42c617ac?s=96&d=mm&r=g","caption":"Pe. Andr\u00e9"},"sameAs":["https:\/\/www.ecclesia.org.br"]}]}},"_links":{"self":[{"href":"https:\/\/news.ecclesia.org.br\/index.php?rest_route=\/wp\/v2\/posts\/6485","targetHints":{"allow":["GET"]}}],"collection":[{"href":"https:\/\/news.ecclesia.org.br\/index.php?rest_route=\/wp\/v2\/posts"}],"about":[{"href":"https:\/\/news.ecclesia.org.br\/index.php?rest_route=\/wp\/v2\/types\/post"}],"author":[{"embeddable":true,"href":"https:\/\/news.ecclesia.org.br\/index.php?rest_route=\/wp\/v2\/users\/1"}],"replies":[{"embeddable":true,"href":"https:\/\/news.ecclesia.org.br\/index.php?rest_route=%2Fwp%2Fv2%2Fcomments&post=6485"}],"version-history":[{"count":0,"href":"https:\/\/news.ecclesia.org.br\/index.php?rest_route=\/wp\/v2\/posts\/6485\/revisions"}],"wp:featuredmedia":[{"embeddable":true,"href":"https:\/\/news.ecclesia.org.br\/index.php?rest_route=\/wp\/v2\/media\/15905"}],"wp:attachment":[{"href":"https:\/\/news.ecclesia.org.br\/index.php?rest_route=%2Fwp%2Fv2%2Fmedia&parent=6485"}],"wp:term":[{"taxonomy":"category","embeddable":true,"href":"https:\/\/news.ecclesia.org.br\/index.php?rest_route=%2Fwp%2Fv2%2Fcategories&post=6485"},{"taxonomy":"post_tag","embeddable":true,"href":"https:\/\/news.ecclesia.org.br\/index.php?rest_route=%2Fwp%2Fv2%2Ftags&post=6485"}],"curies":[{"name":"wp","href":"https:\/\/api.w.org\/{rel}","templated":true}]}}