{"id":6483,"date":"2013-06-29T13:33:15","date_gmt":"2013-06-29T13:33:15","guid":{"rendered":"http:\/\/www.ecclesia.com.br\/news\/2013\/?p=6483"},"modified":"2016-03-23T15:24:38","modified_gmt":"2016-03-23T15:24:38","slug":"discurso-do-papa-ao-patriarcado-ecumenico-de-constantinopla","status":"publish","type":"post","link":"https:\/\/news.ecclesia.org.br\/?p=6483","title":{"rendered":"DISCURSO DO PAPA AO PATRIARCADO ECUM\u00caNICO DE CONSTANTINOPLA"},"content":{"rendered":"<p style=\"text-align: center;\" align=\"center\"><b><a href=\"https:\/\/news.ecclesia.org.br\/2013\/wp-content\/uploads\/2013\/06\/brasao-papa-1.jpg\" rel=\"attachment wp-att-6484\"><img decoding=\"async\" class=\"aligncenter size-thumbnail wp-image-6484\" src=\"https:\/\/news.ecclesia.org.br\/2013\/wp-content\/uploads\/2013\/06\/brasao-papa-1-120x150.jpg\" alt=\"brasao-papa\" width=\"120\" height=\"150\" srcset=\"https:\/\/news.ecclesia.org.br\/wp-content\/uploads\/2013\/06\/brasao-papa-1-120x150.jpg 120w, https:\/\/news.ecclesia.org.br\/wp-content\/uploads\/2013\/06\/brasao-papa-1-43x55.jpg 43w\" sizes=\"(max-width: 120px) 100vw, 120px\" \/><\/a><\/b><\/p>\n<p style=\"text-align: center;\" align=\"center\"><b>DISCURSO<br \/>\n<\/b><b>Audi\u00eancia com a delega\u00e7\u00e3o do Patriarcado Ecum\u00eanico de Constantinopla<\/b><\/p>\n<p style=\"text-align: center;\" align=\"left\"><b>Sexta-feira, 28 de junho de 2013<\/b><\/p>\n<p style=\"text-align: center;\" align=\"left\"><i>Boletim da Santa S\u00e9<\/i><br \/>\n<i>Tradu\u00e7\u00e3o: J\u00e9ssica Mar\u00e7al<\/i><\/p>\n<p style=\"text-align: justify;\" align=\"left\">Querido irm\u00e3o,<br \/>\nQueridos irm\u00e3os em Cristo,<\/p>\n<p style=\"text-align: justify;\"><a href=\"https:\/\/news.ecclesia.org.br\/2013\/wp-content\/uploads\/2013\/06\/papa-ioannis1-1.jpg\" rel=\"attachment wp-att-6490\"><img decoding=\"async\" class=\"alignleft wp-image-6490 size-medium\" src=\"https:\/\/news.ecclesia.org.br\/2013\/wp-content\/uploads\/2013\/06\/papa-ioannis1-1-300x153.jpg\" alt=\"papa-ioannis\" width=\"300\" height=\"153\" srcset=\"https:\/\/news.ecclesia.org.br\/wp-content\/uploads\/2013\/06\/papa-ioannis1-1-300x153.jpg 300w, https:\/\/news.ecclesia.org.br\/wp-content\/uploads\/2013\/06\/papa-ioannis1-1-768x393.jpg 768w, https:\/\/news.ecclesia.org.br\/wp-content\/uploads\/2013\/06\/papa-ioannis1-1-108x55.jpg 108w, https:\/\/news.ecclesia.org.br\/wp-content\/uploads\/2013\/06\/papa-ioannis1-1.jpg 800w\" sizes=\"(max-width: 300px) 100vw, 300px\" \/><\/a>Tenho particularmente o prazer de acolher-vos com calorosas boas vindas na Igreja de Roma, que est\u00e1 em festa pelos seus santos patronos Pedro e Paulo. A vossa presen\u00e7a nesta circunst\u00e2ncia \u00e9 o sinal do profundo la\u00e7o que une, na f\u00e9, na esperan\u00e7a e na caridade, a Igreja de Constantinopla e a Igreja de Roma.\u00a0 O belo costume de uma troca de delega\u00e7\u00f5es entre as nossas Igrejas pelas respectivas festas patronais, iniciado em 1969, \u00e9 para mim motivo de grande alegria: o encontro fraterno \u00e9 parte essencial do caminho rumo \u00e0 unidade. Gostaria de expressar a minha gratid\u00e3o a Sua Santidade Bartolomeu I e ao Santo S\u00ednodo do Patriarcado ecum\u00eanico, que desejaram tamb\u00e9m neste ano convidar representantes seniores. De Sua Santidade Bartolomeu I recordo com fraterno afeto tamb\u00e9m o gesto de aten\u00e7\u00e3o para comigo, quando desejou honrar-me com a sua presen\u00e7a na celebra\u00e7\u00e3o de in\u00edcio do meu minist\u00e9rio de Bispo de Roma. Tamb\u00e9m sou realmente grato \u00e0 Vossa Emin\u00eancia, pela sua participa\u00e7\u00e3o naquele evento e me alegro de rev\u00ea-lo nesta circunst\u00e2ncia.<\/p>\n<p style=\"text-align: justify;\">A busca da unidade entre os crist\u00e3os \u00e9 uma urg\u00eancia \u2013 o senhor disse \u201cn\u00e3o \u00e9 um luxo, mas um imperativo\u201d \u2013 uma urg\u00eancia da qual, hoje mais que nunca, n\u00e3o podemos fugir. No nosso mundo que tem fome e sede de verdade, de amor, de esperan\u00e7a, de paz e de uni\u00e3o, \u00e9 importante para o nosso pr\u00f3prio testemunho poder finalmente anunciar em uma s\u00f3 voz a boa not\u00edcia do Evangelho e celebrar juntos os Divinos Mist\u00e9rios da nova vida em Cristo! N\u00f3s sabemos bem que a unidade \u00e9 primeiramente um dom de Deus pelo qual devemos incessantemente rezar, mas por n\u00f3s todos espera a tarefa de preparar as condi\u00e7\u00f5es, de cultivar o terreno do cora\u00e7\u00e3o, a fim de que esta extraordin\u00e1ria gra\u00e7a seja acolhida.<\/p>\n<p style=\"text-align: justify;\">Uma contribui\u00e7\u00e3o fundamental \u00e0 busca da plena comunh\u00e3o entre cat\u00f3licos e ortodoxos \u00e9 oferecida pela Comiss\u00e3o mista internacional para o di\u00e1logo teol\u00f3gico, co-presidida por Vossa Emin\u00eancia, Metropolita Ioannis, e pelo Venerado Irm\u00e3o o Cardeal Kurt Koch. Agrade\u00e7o-vos sinceramente pelo vosso precioso e incans\u00e1vel compromisso. Esta Comiss\u00e3o j\u00e1 produziu muitos textos comuns e agora estuda o delicado tema da rela\u00e7\u00e3o teol\u00f3gica e eclesiol\u00f3gica entre primado e sinodalidade na vida da Igreja. \u00c9 significativo que hoje se seja capaz de refletir juntos, na verdade e na caridade, sobre estas tem\u00e1ticas come\u00e7ando por aquilo que temos em comum, sem, todavia, esconder aquilo que ainda nos separa. N\u00e3o se trata de um mero exerc\u00edcio te\u00f3rico, mas de conhecer a fundo as rec\u00edprocas tradi\u00e7\u00f5es para compreend\u00ea-las e, \u00e0s vezes, tamb\u00e9m para aprender com elas. Eu me refiro, por exemplo, \u00e0 reflex\u00e3o da Igreja cat\u00f3lica sobre o sentido da colegialidade episcopal, e \u00e0 tradi\u00e7\u00e3o da sinodalidade, t\u00e3o t\u00edpica das Igrejas ortodoxas. Sou confiante de que o esfor\u00e7o de reflex\u00e3o comum, t\u00e3o complexo e trabalhoso, dar\u00e1 frutos em seu tempo. Conforta-me saber que cat\u00f3licos e ortodoxos compartilham a mesma concep\u00e7\u00e3o de di\u00e1logo que n\u00e3o busca um minimalismo teol\u00f3gico sobre chegar a um compromisso, mas se baseia, em vez disso, no aprofundamento da \u00fanica verdade que Cristo doou \u00e0 sua Igreja e que n\u00e3o cessamos nunca de compreender melhor movidos pelo Esp\u00edrito Santo. Por isto, n\u00e3o devemos ter medo do encontro e do verdadeiro di\u00e1logo. Isso n\u00e3o nos afasta da verdade; em vez disso, atrav\u00e9s de uma troca de dons, nos conduz, sob a orienta\u00e7\u00e3o do Esp\u00edrito da verdade, \u00e0 toda a verdade (cfr Jo 16, 13).<\/p>\n<p style=\"text-align: justify;\">Venerados Irm\u00e3os, agrade\u00e7o-vos mais uma vez por estarem aqui conosco por ocasi\u00e3o da festa dos santos Pedro e Paulo. Invoquemos confiantes a sua intercess\u00e3o e aquela do santo ap\u00f3stolo Andr\u00e9, irm\u00e3o de Pedro, pelos nossos fi\u00e9is e pelas necessidades do mundo inteiro, sobretudo dos pobres, dos sofredores e de quantos s\u00e3o injustamente perseguidos por causa da sua f\u00e9. Pe\u00e7o-vos, enfim, para rezarem por mim e pedirem aos outros para rezarem por mim, tenho tanta necessidade, para que o Senhor me ajude no meu minist\u00e9rio de Bispo de Roma e de Sucessor de Pedro.<\/p>\n","protected":false},"excerpt":{"rendered":"<p>DISCURSO Audi\u00eancia com a delega\u00e7\u00e3o do Patriarcado Ecum\u00eanico de Constantinopla Sexta-feira, 28 de junho de 2013 Boletim da Santa S\u00e9 Tradu\u00e7\u00e3o: J\u00e9ssica Mar\u00e7al Querido irm\u00e3o, Queridos irm\u00e3os em Cristo, Tenho particularmente o prazer de acolher-vos com calorosas boas vindas na&#8230;<\/p>\n","protected":false},"author":1,"featured_media":6490,"comment_status":"open","ping_status":"open","sticky":false,"template":"","format":"standard","meta":{"_acf_changed":false,"footnotes":""},"categories":[3,72],"tags":[],"class_list":["post-6483","post","type-post","status-publish","format-standard","has-post-thumbnail","hentry","category-mundo","category-patriarcado-ecumenico","entry","rows-excerpt"],"acf":[],"yoast_head":"<!-- This site is optimized with the Yoast SEO plugin v27.4 - https:\/\/yoast.com\/product\/yoast-seo-wordpress\/ -->\n<title>DISCURSO DO PAPA AO PATRIARCADO ECUM\u00caNICO DE CONSTANTINOPLA | ECCLESIA NEWS<\/title>\n<meta name=\"robots\" content=\"index, follow, max-snippet:-1, max-image-preview:large, max-video-preview:-1\" \/>\n<link rel=\"canonical\" href=\"https:\/\/news.ecclesia.org.br\/?p=6483\" \/>\n<meta property=\"og:locale\" content=\"pt_BR\" \/>\n<meta property=\"og:type\" content=\"article\" \/>\n<meta property=\"og:title\" content=\"DISCURSO DO PAPA AO PATRIARCADO ECUM\u00caNICO DE CONSTANTINOPLA | ECCLESIA NEWS\" \/>\n<meta property=\"og:description\" content=\"DISCURSO Audi\u00eancia com a delega\u00e7\u00e3o do Patriarcado Ecum\u00eanico de Constantinopla Sexta-feira, 28 de junho de 2013 Boletim da Santa S\u00e9 Tradu\u00e7\u00e3o: J\u00e9ssica Mar\u00e7al Querido irm\u00e3o, Queridos irm\u00e3os em Cristo, Tenho particularmente o prazer de acolher-vos com calorosas boas vindas na&#8230;\" \/>\n<meta property=\"og:url\" content=\"https:\/\/news.ecclesia.org.br\/?p=6483\" \/>\n<meta property=\"og:site_name\" content=\"ECCLESIA NEWS\" \/>\n<meta property=\"article:publisher\" content=\"https:\/\/www.facebook.com\/Ecclesia2025\" \/>\n<meta property=\"article:published_time\" content=\"2013-06-29T13:33:15+00:00\" \/>\n<meta property=\"article:modified_time\" content=\"2016-03-23T15:24:38+00:00\" \/>\n<meta property=\"og:image\" content=\"https:\/\/news.ecclesia.org.br\/wp-content\/uploads\/2013\/06\/papa-ioannis1-1.jpg\" \/>\n\t<meta property=\"og:image:width\" content=\"800\" \/>\n\t<meta property=\"og:image:height\" content=\"409\" \/>\n\t<meta property=\"og:image:type\" content=\"image\/jpeg\" \/>\n<meta name=\"author\" content=\"Pe. Andr\u00e9\" \/>\n<meta name=\"twitter:card\" content=\"summary_large_image\" \/>\n<meta name=\"twitter:creator\" content=\"@EcclesiaNews\" \/>\n<meta name=\"twitter:site\" content=\"@EcclesiaNews\" \/>\n<meta name=\"twitter:label1\" content=\"Escrito por\" \/>\n\t<meta name=\"twitter:data1\" content=\"Pe. Andr\u00e9\" \/>\n\t<meta name=\"twitter:label2\" content=\"Est. tempo de leitura\" \/>\n\t<meta name=\"twitter:data2\" content=\"4 minutos\" \/>\n<script type=\"application\/ld+json\" class=\"yoast-schema-graph\">{\"@context\":\"https:\\\/\\\/schema.org\",\"@graph\":[{\"@type\":\"Article\",\"@id\":\"https:\\\/\\\/news.ecclesia.org.br\\\/?p=6483#article\",\"isPartOf\":{\"@id\":\"https:\\\/\\\/news.ecclesia.org.br\\\/?p=6483\"},\"author\":{\"name\":\"Pe. Andr\u00e9\",\"@id\":\"https:\\\/\\\/news.ecclesia.org.br\\\/#\\\/schema\\\/person\\\/6f09597f025829745ba414a569f63758\"},\"headline\":\"DISCURSO DO PAPA AO PATRIARCADO ECUM\u00caNICO DE CONSTANTINOPLA\",\"datePublished\":\"2013-06-29T13:33:15+00:00\",\"dateModified\":\"2016-03-23T15:24:38+00:00\",\"mainEntityOfPage\":{\"@id\":\"https:\\\/\\\/news.ecclesia.org.br\\\/?p=6483\"},\"wordCount\":770,\"commentCount\":0,\"publisher\":{\"@id\":\"https:\\\/\\\/news.ecclesia.org.br\\\/#organization\"},\"image\":{\"@id\":\"https:\\\/\\\/news.ecclesia.org.br\\\/?p=6483#primaryimage\"},\"thumbnailUrl\":\"https:\\\/\\\/news.ecclesia.org.br\\\/wp-content\\\/uploads\\\/2013\\\/06\\\/papa-ioannis1-1.jpg\",\"articleSection\":[\"Mundo Ortodoxo\",\"Patriarcado Ecum\u00eanico\"],\"inLanguage\":\"pt-BR\",\"potentialAction\":[{\"@type\":\"CommentAction\",\"name\":\"Comment\",\"target\":[\"https:\\\/\\\/news.ecclesia.org.br\\\/?p=6483#respond\"]}]},{\"@type\":\"WebPage\",\"@id\":\"https:\\\/\\\/news.ecclesia.org.br\\\/?p=6483\",\"url\":\"https:\\\/\\\/news.ecclesia.org.br\\\/?p=6483\",\"name\":\"DISCURSO DO PAPA AO PATRIARCADO ECUM\u00caNICO DE CONSTANTINOPLA | ECCLESIA NEWS\",\"isPartOf\":{\"@id\":\"https:\\\/\\\/news.ecclesia.org.br\\\/#website\"},\"primaryImageOfPage\":{\"@id\":\"https:\\\/\\\/news.ecclesia.org.br\\\/?p=6483#primaryimage\"},\"image\":{\"@id\":\"https:\\\/\\\/news.ecclesia.org.br\\\/?p=6483#primaryimage\"},\"thumbnailUrl\":\"https:\\\/\\\/news.ecclesia.org.br\\\/wp-content\\\/uploads\\\/2013\\\/06\\\/papa-ioannis1-1.jpg\",\"datePublished\":\"2013-06-29T13:33:15+00:00\",\"dateModified\":\"2016-03-23T15:24:38+00:00\",\"breadcrumb\":{\"@id\":\"https:\\\/\\\/news.ecclesia.org.br\\\/?p=6483#breadcrumb\"},\"inLanguage\":\"pt-BR\",\"potentialAction\":[{\"@type\":\"ReadAction\",\"target\":[\"https:\\\/\\\/news.ecclesia.org.br\\\/?p=6483\"]}]},{\"@type\":\"ImageObject\",\"inLanguage\":\"pt-BR\",\"@id\":\"https:\\\/\\\/news.ecclesia.org.br\\\/?p=6483#primaryimage\",\"url\":\"https:\\\/\\\/news.ecclesia.org.br\\\/wp-content\\\/uploads\\\/2013\\\/06\\\/papa-ioannis1-1.jpg\",\"contentUrl\":\"https:\\\/\\\/news.ecclesia.org.br\\\/wp-content\\\/uploads\\\/2013\\\/06\\\/papa-ioannis1-1.jpg\",\"width\":800,\"height\":409},{\"@type\":\"BreadcrumbList\",\"@id\":\"https:\\\/\\\/news.ecclesia.org.br\\\/?p=6483#breadcrumb\",\"itemListElement\":[{\"@type\":\"ListItem\",\"position\":1,\"name\":\"In\u00edcio\",\"item\":\"https:\\\/\\\/news.ecclesia.org.br\\\/\"},{\"@type\":\"ListItem\",\"position\":2,\"name\":\"DISCURSO DO PAPA AO PATRIARCADO ECUM\u00caNICO DE CONSTANTINOPLA\"}]},{\"@type\":\"WebSite\",\"@id\":\"https:\\\/\\\/news.ecclesia.org.br\\\/#website\",\"url\":\"https:\\\/\\\/news.ecclesia.org.br\\\/\",\"name\":\"Ecclesia Brasil\",\"description\":\"Desde 2003 onectando o Brasil ao mundo ortodoxo!\",\"publisher\":{\"@id\":\"https:\\\/\\\/news.ecclesia.org.br\\\/#organization\"},\"alternateName\":\"Ecclesia\",\"potentialAction\":[{\"@type\":\"SearchAction\",\"target\":{\"@type\":\"EntryPoint\",\"urlTemplate\":\"https:\\\/\\\/news.ecclesia.org.br\\\/?s={search_term_string}\"},\"query-input\":{\"@type\":\"PropertyValueSpecification\",\"valueRequired\":true,\"valueName\":\"search_term_string\"}}],\"inLanguage\":\"pt-BR\"},{\"@type\":\"Organization\",\"@id\":\"https:\\\/\\\/news.ecclesia.org.br\\\/#organization\",\"name\":\"Sacra Arquidiocese de Buenos Aires e Am\u00e9rica do Sul | Patriarcado Ecum\u00eanico\",\"alternateName\":\"News Ecclesia Brasil\",\"url\":\"https:\\\/\\\/news.ecclesia.org.br\\\/\",\"logo\":{\"@type\":\"ImageObject\",\"inLanguage\":\"pt-BR\",\"@id\":\"https:\\\/\\\/news.ecclesia.org.br\\\/#\\\/schema\\\/logo\\\/image\\\/\",\"url\":\"https:\\\/\\\/news.ecclesia.org.br\\\/wp-content\\\/uploads\\\/2025\\\/05\\\/ecclesia2.png\",\"contentUrl\":\"https:\\\/\\\/news.ecclesia.org.br\\\/wp-content\\\/uploads\\\/2025\\\/05\\\/ecclesia2.png\",\"width\":480,\"height\":120,\"caption\":\"Sacra Arquidiocese de Buenos Aires e Am\u00e9rica do Sul | Patriarcado Ecum\u00eanico\"},\"image\":{\"@id\":\"https:\\\/\\\/news.ecclesia.org.br\\\/#\\\/schema\\\/logo\\\/image\\\/\"},\"sameAs\":[\"https:\\\/\\\/www.facebook.com\\\/Ecclesia2025\",\"https:\\\/\\\/x.com\\\/EcclesiaNews\",\"https:\\\/\\\/br.pinterest.com\\\/ekklisia\\\/\",\"https:\\\/\\\/www.youtube.com\\\/@EcclesiaBrasil\"]},{\"@type\":\"Person\",\"@id\":\"https:\\\/\\\/news.ecclesia.org.br\\\/#\\\/schema\\\/person\\\/6f09597f025829745ba414a569f63758\",\"name\":\"Pe. Andr\u00e9\",\"image\":{\"@type\":\"ImageObject\",\"inLanguage\":\"pt-BR\",\"@id\":\"https:\\\/\\\/secure.gravatar.com\\\/avatar\\\/b4327cfa27e9799da239a26adcd534fc29cdc0c4a4a148eecbcfeb9b42c617ac?s=96&d=mm&r=g\",\"url\":\"https:\\\/\\\/secure.gravatar.com\\\/avatar\\\/b4327cfa27e9799da239a26adcd534fc29cdc0c4a4a148eecbcfeb9b42c617ac?s=96&d=mm&r=g\",\"contentUrl\":\"https:\\\/\\\/secure.gravatar.com\\\/avatar\\\/b4327cfa27e9799da239a26adcd534fc29cdc0c4a4a148eecbcfeb9b42c617ac?s=96&d=mm&r=g\",\"caption\":\"Pe. Andr\u00e9\"},\"sameAs\":[\"https:\\\/\\\/www.ecclesia.org.br\"]}]}<\/script>\n<!-- \/ Yoast SEO plugin. -->","yoast_head_json":{"title":"DISCURSO DO PAPA AO PATRIARCADO ECUM\u00caNICO DE CONSTANTINOPLA | ECCLESIA NEWS","robots":{"index":"index","follow":"follow","max-snippet":"max-snippet:-1","max-image-preview":"max-image-preview:large","max-video-preview":"max-video-preview:-1"},"canonical":"https:\/\/news.ecclesia.org.br\/?p=6483","og_locale":"pt_BR","og_type":"article","og_title":"DISCURSO DO PAPA AO PATRIARCADO ECUM\u00caNICO DE CONSTANTINOPLA | ECCLESIA NEWS","og_description":"DISCURSO Audi\u00eancia com a delega\u00e7\u00e3o do Patriarcado Ecum\u00eanico de Constantinopla Sexta-feira, 28 de junho de 2013 Boletim da Santa S\u00e9 Tradu\u00e7\u00e3o: J\u00e9ssica Mar\u00e7al Querido irm\u00e3o, Queridos irm\u00e3os em Cristo, Tenho particularmente o prazer de acolher-vos com calorosas boas vindas na&#8230;","og_url":"https:\/\/news.ecclesia.org.br\/?p=6483","og_site_name":"ECCLESIA NEWS","article_publisher":"https:\/\/www.facebook.com\/Ecclesia2025","article_published_time":"2013-06-29T13:33:15+00:00","article_modified_time":"2016-03-23T15:24:38+00:00","og_image":[{"width":800,"height":409,"url":"https:\/\/news.ecclesia.org.br\/wp-content\/uploads\/2013\/06\/papa-ioannis1-1.jpg","type":"image\/jpeg"}],"author":"Pe. Andr\u00e9","twitter_card":"summary_large_image","twitter_creator":"@EcclesiaNews","twitter_site":"@EcclesiaNews","twitter_misc":{"Escrito por":"Pe. Andr\u00e9","Est. tempo de leitura":"4 minutos"},"schema":{"@context":"https:\/\/schema.org","@graph":[{"@type":"Article","@id":"https:\/\/news.ecclesia.org.br\/?p=6483#article","isPartOf":{"@id":"https:\/\/news.ecclesia.org.br\/?p=6483"},"author":{"name":"Pe. Andr\u00e9","@id":"https:\/\/news.ecclesia.org.br\/#\/schema\/person\/6f09597f025829745ba414a569f63758"},"headline":"DISCURSO DO PAPA AO PATRIARCADO ECUM\u00caNICO DE CONSTANTINOPLA","datePublished":"2013-06-29T13:33:15+00:00","dateModified":"2016-03-23T15:24:38+00:00","mainEntityOfPage":{"@id":"https:\/\/news.ecclesia.org.br\/?p=6483"},"wordCount":770,"commentCount":0,"publisher":{"@id":"https:\/\/news.ecclesia.org.br\/#organization"},"image":{"@id":"https:\/\/news.ecclesia.org.br\/?p=6483#primaryimage"},"thumbnailUrl":"https:\/\/news.ecclesia.org.br\/wp-content\/uploads\/2013\/06\/papa-ioannis1-1.jpg","articleSection":["Mundo Ortodoxo","Patriarcado Ecum\u00eanico"],"inLanguage":"pt-BR","potentialAction":[{"@type":"CommentAction","name":"Comment","target":["https:\/\/news.ecclesia.org.br\/?p=6483#respond"]}]},{"@type":"WebPage","@id":"https:\/\/news.ecclesia.org.br\/?p=6483","url":"https:\/\/news.ecclesia.org.br\/?p=6483","name":"DISCURSO DO PAPA AO PATRIARCADO ECUM\u00caNICO DE CONSTANTINOPLA | ECCLESIA NEWS","isPartOf":{"@id":"https:\/\/news.ecclesia.org.br\/#website"},"primaryImageOfPage":{"@id":"https:\/\/news.ecclesia.org.br\/?p=6483#primaryimage"},"image":{"@id":"https:\/\/news.ecclesia.org.br\/?p=6483#primaryimage"},"thumbnailUrl":"https:\/\/news.ecclesia.org.br\/wp-content\/uploads\/2013\/06\/papa-ioannis1-1.jpg","datePublished":"2013-06-29T13:33:15+00:00","dateModified":"2016-03-23T15:24:38+00:00","breadcrumb":{"@id":"https:\/\/news.ecclesia.org.br\/?p=6483#breadcrumb"},"inLanguage":"pt-BR","potentialAction":[{"@type":"ReadAction","target":["https:\/\/news.ecclesia.org.br\/?p=6483"]}]},{"@type":"ImageObject","inLanguage":"pt-BR","@id":"https:\/\/news.ecclesia.org.br\/?p=6483#primaryimage","url":"https:\/\/news.ecclesia.org.br\/wp-content\/uploads\/2013\/06\/papa-ioannis1-1.jpg","contentUrl":"https:\/\/news.ecclesia.org.br\/wp-content\/uploads\/2013\/06\/papa-ioannis1-1.jpg","width":800,"height":409},{"@type":"BreadcrumbList","@id":"https:\/\/news.ecclesia.org.br\/?p=6483#breadcrumb","itemListElement":[{"@type":"ListItem","position":1,"name":"In\u00edcio","item":"https:\/\/news.ecclesia.org.br\/"},{"@type":"ListItem","position":2,"name":"DISCURSO DO PAPA AO PATRIARCADO ECUM\u00caNICO DE CONSTANTINOPLA"}]},{"@type":"WebSite","@id":"https:\/\/news.ecclesia.org.br\/#website","url":"https:\/\/news.ecclesia.org.br\/","name":"Ecclesia Brasil","description":"Desde 2003 onectando o Brasil ao mundo ortodoxo!","publisher":{"@id":"https:\/\/news.ecclesia.org.br\/#organization"},"alternateName":"Ecclesia","potentialAction":[{"@type":"SearchAction","target":{"@type":"EntryPoint","urlTemplate":"https:\/\/news.ecclesia.org.br\/?s={search_term_string}"},"query-input":{"@type":"PropertyValueSpecification","valueRequired":true,"valueName":"search_term_string"}}],"inLanguage":"pt-BR"},{"@type":"Organization","@id":"https:\/\/news.ecclesia.org.br\/#organization","name":"Sacra Arquidiocese de Buenos Aires e Am\u00e9rica do Sul | Patriarcado Ecum\u00eanico","alternateName":"News Ecclesia Brasil","url":"https:\/\/news.ecclesia.org.br\/","logo":{"@type":"ImageObject","inLanguage":"pt-BR","@id":"https:\/\/news.ecclesia.org.br\/#\/schema\/logo\/image\/","url":"https:\/\/news.ecclesia.org.br\/wp-content\/uploads\/2025\/05\/ecclesia2.png","contentUrl":"https:\/\/news.ecclesia.org.br\/wp-content\/uploads\/2025\/05\/ecclesia2.png","width":480,"height":120,"caption":"Sacra Arquidiocese de Buenos Aires e Am\u00e9rica do Sul | Patriarcado Ecum\u00eanico"},"image":{"@id":"https:\/\/news.ecclesia.org.br\/#\/schema\/logo\/image\/"},"sameAs":["https:\/\/www.facebook.com\/Ecclesia2025","https:\/\/x.com\/EcclesiaNews","https:\/\/br.pinterest.com\/ekklisia\/","https:\/\/www.youtube.com\/@EcclesiaBrasil"]},{"@type":"Person","@id":"https:\/\/news.ecclesia.org.br\/#\/schema\/person\/6f09597f025829745ba414a569f63758","name":"Pe. Andr\u00e9","image":{"@type":"ImageObject","inLanguage":"pt-BR","@id":"https:\/\/secure.gravatar.com\/avatar\/b4327cfa27e9799da239a26adcd534fc29cdc0c4a4a148eecbcfeb9b42c617ac?s=96&d=mm&r=g","url":"https:\/\/secure.gravatar.com\/avatar\/b4327cfa27e9799da239a26adcd534fc29cdc0c4a4a148eecbcfeb9b42c617ac?s=96&d=mm&r=g","contentUrl":"https:\/\/secure.gravatar.com\/avatar\/b4327cfa27e9799da239a26adcd534fc29cdc0c4a4a148eecbcfeb9b42c617ac?s=96&d=mm&r=g","caption":"Pe. Andr\u00e9"},"sameAs":["https:\/\/www.ecclesia.org.br"]}]}},"_links":{"self":[{"href":"https:\/\/news.ecclesia.org.br\/index.php?rest_route=\/wp\/v2\/posts\/6483","targetHints":{"allow":["GET"]}}],"collection":[{"href":"https:\/\/news.ecclesia.org.br\/index.php?rest_route=\/wp\/v2\/posts"}],"about":[{"href":"https:\/\/news.ecclesia.org.br\/index.php?rest_route=\/wp\/v2\/types\/post"}],"author":[{"embeddable":true,"href":"https:\/\/news.ecclesia.org.br\/index.php?rest_route=\/wp\/v2\/users\/1"}],"replies":[{"embeddable":true,"href":"https:\/\/news.ecclesia.org.br\/index.php?rest_route=%2Fwp%2Fv2%2Fcomments&post=6483"}],"version-history":[{"count":0,"href":"https:\/\/news.ecclesia.org.br\/index.php?rest_route=\/wp\/v2\/posts\/6483\/revisions"}],"wp:featuredmedia":[{"embeddable":true,"href":"https:\/\/news.ecclesia.org.br\/index.php?rest_route=\/wp\/v2\/media\/6490"}],"wp:attachment":[{"href":"https:\/\/news.ecclesia.org.br\/index.php?rest_route=%2Fwp%2Fv2%2Fmedia&parent=6483"}],"wp:term":[{"taxonomy":"category","embeddable":true,"href":"https:\/\/news.ecclesia.org.br\/index.php?rest_route=%2Fwp%2Fv2%2Fcategories&post=6483"},{"taxonomy":"post_tag","embeddable":true,"href":"https:\/\/news.ecclesia.org.br\/index.php?rest_route=%2Fwp%2Fv2%2Ftags&post=6483"}],"curies":[{"name":"wp","href":"https:\/\/api.w.org\/{rel}","templated":true}]}}