{"id":6480,"date":"2013-06-28T16:05:27","date_gmt":"2013-06-28T16:05:27","guid":{"rendered":"http:\/\/www.ecclesia.com.br\/news\/2013\/?p=6480"},"modified":"2016-03-23T15:25:46","modified_gmt":"2016-03-23T15:25:46","slug":"papa-convida-ortodoxos-para-dialogo-sem-medo","status":"publish","type":"post","link":"https:\/\/news.ecclesia.org.br\/?p=6480","title":{"rendered":"PAPA CONVIDA ORTODOXOS PARA DI\u00c1LOGO SEM MEDO"},"content":{"rendered":"<p style=\"text-align: justify;\"><b>Delega\u00e7\u00e3o do Patriarcado Ecum\u00eanico de Constantinopla foi recebida em audi\u00eancia, no Vaticano. O Papa recordou que o encontro e o verdadeiro di\u00e1logo devem continuar, sem medo ou constrangimentos<\/b><\/p>\n<p style=\"text-align: justify;\">Texto Francisco Pedro | Foto R\u00e1dio Vaticana | 28\/06\/2013<\/p>\n<p style=\"text-align: justify;\"><a href=\"https:\/\/news.ecclesia.org.br\/2013\/wp-content\/uploads\/2013\/06\/papa-e-ortodoxos-2013-1.jpg\" rel=\"attachment wp-att-6481\"><img fetchpriority=\"high\" decoding=\"async\" class=\"alignleft size-medium wp-image-6481\" src=\"https:\/\/news.ecclesia.org.br\/2013\/wp-content\/uploads\/2013\/06\/papa-e-ortodoxos-2013-1-300x175.jpg\" alt=\"papa-e-ortodoxos-2013\" width=\"300\" height=\"175\" srcset=\"https:\/\/news.ecclesia.org.br\/wp-content\/uploads\/2013\/06\/papa-e-ortodoxos-2013-1-300x175.jpg 300w, https:\/\/news.ecclesia.org.br\/wp-content\/uploads\/2013\/06\/papa-e-ortodoxos-2013-1-94x55.jpg 94w, https:\/\/news.ecclesia.org.br\/wp-content\/uploads\/2013\/06\/papa-e-ortodoxos-2013-1.jpg 600w\" sizes=\"(max-width: 300px) 100vw, 300px\" \/><\/a>A\u00a0procura da unidade entre os crist\u00e3os \u00e9 uma urg\u00eancia \u00e0 qual, hoje mais do que nunca, os cat\u00f3licos e ortodoxos n\u00e3o podem fugir, real\u00e7ou o Papa Francisco, esta sexta-feira, 28 de junho, numa audi\u00eancia em Roma, It\u00e1lia, com os membros da Delega\u00e7\u00e3o do Patriarcado Ecum\u00eanico de Constantinopla, que se deslocaram ao Vaticano para integrar a festa de S\u00e3o Pedro e S\u00e3o Paulo.<\/p>\n<p style=\"text-align: justify;\">\u00abNo nosso mundo sedento de verdade, amor, esperan\u00e7a, paz e unidade, \u00e9 importante para o nosso pr\u00f3prio testemunho poder finalmente anunciar a uma s\u00f3 voz a boa nova do Evangelho e celebrar juntos os Mist\u00e9rios Divinos da vida nova em Cristo! N\u00f3s sabemos bem que a unidade \u00e9 um dom de Deus para o qual devemos rezar incessantemente, mas a todos n\u00f3s cabe a tarefa de preparar as condi\u00e7\u00f5es, de cultivar o terreno do cora\u00e7\u00e3o, para que esta gra\u00e7a extraordin\u00e1ria seja acolhida\u00bb, afirmou Francisco.<\/p>\n<p style=\"text-align: justify;\">Desde 1969 que os ortodoxos se deslocam a Roma para participar na solenidade de S\u00e3o Pedro e S\u00e3o Paulo, que se celebra anualmente a 29 de junho, enquanto uma delega\u00e7\u00e3o cat\u00f3lica romana marca presen\u00e7a na festa de Santo Andr\u00e9, padroeiro da Igreja de Constantinopla. Dentro deste esp\u00edrito ecum\u00eanico, foi criada uma comiss\u00e3o mista internacional para o di\u00e1logo teol\u00f3gico, que j\u00e1 criou v\u00e1rios textos comuns e estuda agora a rela\u00e7\u00e3o teol\u00f3gica e eclesiol\u00f3gica entre primado e sinodalidade na vida da Igreja.<\/p>\n<p style=\"text-align: justify;\">\u00ab\u00c9 significativo que hoje se consiga refletir em conjunto, na verdade e na caridade, sobre essas tem\u00e1ticas, iniciando por aquilo que nos une, sem todavia esconder aquilo que ainda nos separa. N\u00e3o se trata de um mero exerc\u00edcio te\u00f3rico, mas de conhecer profundamente as rec\u00edprocas tradi\u00e7\u00f5es para compreend\u00ea-las e, \u00e0s vezes, aprender com elas\u00bb, afirmou o Papa, congratulando-se pelo facto do di\u00e1logo entre cat\u00f3licos e ortodoxos n\u00e3o se ficar pelo \u00abminimalismo teol\u00f3gico\u00bb, mas procurar aprofundar a \u00fanica verdade que Cristo doou \u00e0 sua Igreja.<\/p>\n","protected":false},"excerpt":{"rendered":"<p>Delega\u00e7\u00e3o do Patriarcado Ecum\u00eanico de Constantinopla foi recebida em audi\u00eancia, no Vaticano. O Papa recordou que o encontro e o verdadeiro di\u00e1logo devem continuar, sem medo ou constrangimentos Texto Francisco Pedro | Foto R\u00e1dio Vaticana | 28\/06\/2013 A\u00a0procura da unidade&#8230;<\/p>\n","protected":false},"author":1,"featured_media":6481,"comment_status":"open","ping_status":"open","sticky":false,"template":"","format":"standard","meta":{"_acf_changed":false,"footnotes":""},"categories":[3,72],"tags":[],"class_list":["post-6480","post","type-post","status-publish","format-standard","has-post-thumbnail","hentry","category-mundo","category-patriarcado-ecumenico","entry","rows-excerpt"],"acf":[],"yoast_head":"<!-- This site is optimized with the Yoast SEO plugin v27.4 - https:\/\/yoast.com\/product\/yoast-seo-wordpress\/ -->\n<title>PAPA CONVIDA ORTODOXOS PARA DI\u00c1LOGO SEM MEDO | ECCLESIA NEWS<\/title>\n<meta name=\"robots\" content=\"index, follow, max-snippet:-1, max-image-preview:large, max-video-preview:-1\" \/>\n<link rel=\"canonical\" href=\"https:\/\/news.ecclesia.org.br\/?p=6480\" \/>\n<meta property=\"og:locale\" content=\"pt_BR\" \/>\n<meta property=\"og:type\" content=\"article\" \/>\n<meta property=\"og:title\" content=\"PAPA CONVIDA ORTODOXOS PARA DI\u00c1LOGO SEM MEDO | ECCLESIA NEWS\" \/>\n<meta property=\"og:description\" content=\"Delega\u00e7\u00e3o do Patriarcado Ecum\u00eanico de Constantinopla foi recebida em audi\u00eancia, no Vaticano. O Papa recordou que o encontro e o verdadeiro di\u00e1logo devem continuar, sem medo ou constrangimentos Texto Francisco Pedro | Foto R\u00e1dio Vaticana | 28\/06\/2013 A\u00a0procura da unidade&#8230;\" \/>\n<meta property=\"og:url\" content=\"https:\/\/news.ecclesia.org.br\/?p=6480\" \/>\n<meta property=\"og:site_name\" content=\"ECCLESIA NEWS\" \/>\n<meta property=\"article:publisher\" content=\"https:\/\/www.facebook.com\/Ecclesia2025\" \/>\n<meta property=\"article:published_time\" content=\"2013-06-28T16:05:27+00:00\" \/>\n<meta property=\"article:modified_time\" content=\"2016-03-23T15:25:46+00:00\" \/>\n<meta property=\"og:image\" content=\"https:\/\/news.ecclesia.org.br\/wp-content\/uploads\/2013\/06\/papa-e-ortodoxos-2013-1.jpg\" \/>\n\t<meta property=\"og:image:width\" content=\"600\" \/>\n\t<meta property=\"og:image:height\" content=\"350\" \/>\n\t<meta property=\"og:image:type\" content=\"image\/jpeg\" \/>\n<meta name=\"author\" content=\"Pe. Andr\u00e9\" \/>\n<meta name=\"twitter:card\" content=\"summary_large_image\" \/>\n<meta name=\"twitter:creator\" content=\"@EcclesiaNews\" \/>\n<meta name=\"twitter:site\" content=\"@EcclesiaNews\" \/>\n<meta name=\"twitter:label1\" content=\"Escrito por\" \/>\n\t<meta name=\"twitter:data1\" content=\"Pe. Andr\u00e9\" \/>\n\t<meta name=\"twitter:label2\" content=\"Est. tempo de leitura\" \/>\n\t<meta name=\"twitter:data2\" content=\"2 minutos\" \/>\n<script type=\"application\/ld+json\" class=\"yoast-schema-graph\">{\"@context\":\"https:\\\/\\\/schema.org\",\"@graph\":[{\"@type\":\"Article\",\"@id\":\"https:\\\/\\\/news.ecclesia.org.br\\\/?p=6480#article\",\"isPartOf\":{\"@id\":\"https:\\\/\\\/news.ecclesia.org.br\\\/?p=6480\"},\"author\":{\"name\":\"Pe. Andr\u00e9\",\"@id\":\"https:\\\/\\\/news.ecclesia.org.br\\\/#\\\/schema\\\/person\\\/6f09597f025829745ba414a569f63758\"},\"headline\":\"PAPA CONVIDA ORTODOXOS PARA DI\u00c1LOGO SEM MEDO\",\"datePublished\":\"2013-06-28T16:05:27+00:00\",\"dateModified\":\"2016-03-23T15:25:46+00:00\",\"mainEntityOfPage\":{\"@id\":\"https:\\\/\\\/news.ecclesia.org.br\\\/?p=6480\"},\"wordCount\":394,\"commentCount\":0,\"publisher\":{\"@id\":\"https:\\\/\\\/news.ecclesia.org.br\\\/#organization\"},\"image\":{\"@id\":\"https:\\\/\\\/news.ecclesia.org.br\\\/?p=6480#primaryimage\"},\"thumbnailUrl\":\"https:\\\/\\\/news.ecclesia.org.br\\\/wp-content\\\/uploads\\\/2013\\\/06\\\/papa-e-ortodoxos-2013-1.jpg\",\"articleSection\":[\"Mundo Ortodoxo\",\"Patriarcado Ecum\u00eanico\"],\"inLanguage\":\"pt-BR\",\"potentialAction\":[{\"@type\":\"CommentAction\",\"name\":\"Comment\",\"target\":[\"https:\\\/\\\/news.ecclesia.org.br\\\/?p=6480#respond\"]}]},{\"@type\":\"WebPage\",\"@id\":\"https:\\\/\\\/news.ecclesia.org.br\\\/?p=6480\",\"url\":\"https:\\\/\\\/news.ecclesia.org.br\\\/?p=6480\",\"name\":\"PAPA CONVIDA ORTODOXOS PARA DI\u00c1LOGO SEM MEDO | ECCLESIA NEWS\",\"isPartOf\":{\"@id\":\"https:\\\/\\\/news.ecclesia.org.br\\\/#website\"},\"primaryImageOfPage\":{\"@id\":\"https:\\\/\\\/news.ecclesia.org.br\\\/?p=6480#primaryimage\"},\"image\":{\"@id\":\"https:\\\/\\\/news.ecclesia.org.br\\\/?p=6480#primaryimage\"},\"thumbnailUrl\":\"https:\\\/\\\/news.ecclesia.org.br\\\/wp-content\\\/uploads\\\/2013\\\/06\\\/papa-e-ortodoxos-2013-1.jpg\",\"datePublished\":\"2013-06-28T16:05:27+00:00\",\"dateModified\":\"2016-03-23T15:25:46+00:00\",\"breadcrumb\":{\"@id\":\"https:\\\/\\\/news.ecclesia.org.br\\\/?p=6480#breadcrumb\"},\"inLanguage\":\"pt-BR\",\"potentialAction\":[{\"@type\":\"ReadAction\",\"target\":[\"https:\\\/\\\/news.ecclesia.org.br\\\/?p=6480\"]}]},{\"@type\":\"ImageObject\",\"inLanguage\":\"pt-BR\",\"@id\":\"https:\\\/\\\/news.ecclesia.org.br\\\/?p=6480#primaryimage\",\"url\":\"https:\\\/\\\/news.ecclesia.org.br\\\/wp-content\\\/uploads\\\/2013\\\/06\\\/papa-e-ortodoxos-2013-1.jpg\",\"contentUrl\":\"https:\\\/\\\/news.ecclesia.org.br\\\/wp-content\\\/uploads\\\/2013\\\/06\\\/papa-e-ortodoxos-2013-1.jpg\",\"width\":600,\"height\":350},{\"@type\":\"BreadcrumbList\",\"@id\":\"https:\\\/\\\/news.ecclesia.org.br\\\/?p=6480#breadcrumb\",\"itemListElement\":[{\"@type\":\"ListItem\",\"position\":1,\"name\":\"In\u00edcio\",\"item\":\"https:\\\/\\\/news.ecclesia.org.br\\\/\"},{\"@type\":\"ListItem\",\"position\":2,\"name\":\"PAPA CONVIDA ORTODOXOS PARA DI\u00c1LOGO SEM MEDO\"}]},{\"@type\":\"WebSite\",\"@id\":\"https:\\\/\\\/news.ecclesia.org.br\\\/#website\",\"url\":\"https:\\\/\\\/news.ecclesia.org.br\\\/\",\"name\":\"Ecclesia Brasil\",\"description\":\"Desde 2003 onectando o Brasil ao mundo ortodoxo!\",\"publisher\":{\"@id\":\"https:\\\/\\\/news.ecclesia.org.br\\\/#organization\"},\"alternateName\":\"Ecclesia\",\"potentialAction\":[{\"@type\":\"SearchAction\",\"target\":{\"@type\":\"EntryPoint\",\"urlTemplate\":\"https:\\\/\\\/news.ecclesia.org.br\\\/?s={search_term_string}\"},\"query-input\":{\"@type\":\"PropertyValueSpecification\",\"valueRequired\":true,\"valueName\":\"search_term_string\"}}],\"inLanguage\":\"pt-BR\"},{\"@type\":\"Organization\",\"@id\":\"https:\\\/\\\/news.ecclesia.org.br\\\/#organization\",\"name\":\"Sacra Arquidiocese de Buenos Aires e Am\u00e9rica do Sul | Patriarcado Ecum\u00eanico\",\"alternateName\":\"News Ecclesia Brasil\",\"url\":\"https:\\\/\\\/news.ecclesia.org.br\\\/\",\"logo\":{\"@type\":\"ImageObject\",\"inLanguage\":\"pt-BR\",\"@id\":\"https:\\\/\\\/news.ecclesia.org.br\\\/#\\\/schema\\\/logo\\\/image\\\/\",\"url\":\"https:\\\/\\\/news.ecclesia.org.br\\\/wp-content\\\/uploads\\\/2025\\\/05\\\/ecclesia2.png\",\"contentUrl\":\"https:\\\/\\\/news.ecclesia.org.br\\\/wp-content\\\/uploads\\\/2025\\\/05\\\/ecclesia2.png\",\"width\":480,\"height\":120,\"caption\":\"Sacra Arquidiocese de Buenos Aires e Am\u00e9rica do Sul | Patriarcado Ecum\u00eanico\"},\"image\":{\"@id\":\"https:\\\/\\\/news.ecclesia.org.br\\\/#\\\/schema\\\/logo\\\/image\\\/\"},\"sameAs\":[\"https:\\\/\\\/www.facebook.com\\\/Ecclesia2025\",\"https:\\\/\\\/x.com\\\/EcclesiaNews\",\"https:\\\/\\\/br.pinterest.com\\\/ekklisia\\\/\",\"https:\\\/\\\/www.youtube.com\\\/@EcclesiaBrasil\"]},{\"@type\":\"Person\",\"@id\":\"https:\\\/\\\/news.ecclesia.org.br\\\/#\\\/schema\\\/person\\\/6f09597f025829745ba414a569f63758\",\"name\":\"Pe. Andr\u00e9\",\"image\":{\"@type\":\"ImageObject\",\"inLanguage\":\"pt-BR\",\"@id\":\"https:\\\/\\\/secure.gravatar.com\\\/avatar\\\/b4327cfa27e9799da239a26adcd534fc29cdc0c4a4a148eecbcfeb9b42c617ac?s=96&d=mm&r=g\",\"url\":\"https:\\\/\\\/secure.gravatar.com\\\/avatar\\\/b4327cfa27e9799da239a26adcd534fc29cdc0c4a4a148eecbcfeb9b42c617ac?s=96&d=mm&r=g\",\"contentUrl\":\"https:\\\/\\\/secure.gravatar.com\\\/avatar\\\/b4327cfa27e9799da239a26adcd534fc29cdc0c4a4a148eecbcfeb9b42c617ac?s=96&d=mm&r=g\",\"caption\":\"Pe. Andr\u00e9\"},\"sameAs\":[\"https:\\\/\\\/www.ecclesia.org.br\"]}]}<\/script>\n<!-- \/ Yoast SEO plugin. -->","yoast_head_json":{"title":"PAPA CONVIDA ORTODOXOS PARA DI\u00c1LOGO SEM MEDO | ECCLESIA NEWS","robots":{"index":"index","follow":"follow","max-snippet":"max-snippet:-1","max-image-preview":"max-image-preview:large","max-video-preview":"max-video-preview:-1"},"canonical":"https:\/\/news.ecclesia.org.br\/?p=6480","og_locale":"pt_BR","og_type":"article","og_title":"PAPA CONVIDA ORTODOXOS PARA DI\u00c1LOGO SEM MEDO | ECCLESIA NEWS","og_description":"Delega\u00e7\u00e3o do Patriarcado Ecum\u00eanico de Constantinopla foi recebida em audi\u00eancia, no Vaticano. O Papa recordou que o encontro e o verdadeiro di\u00e1logo devem continuar, sem medo ou constrangimentos Texto Francisco Pedro | Foto R\u00e1dio Vaticana | 28\/06\/2013 A\u00a0procura da unidade&#8230;","og_url":"https:\/\/news.ecclesia.org.br\/?p=6480","og_site_name":"ECCLESIA NEWS","article_publisher":"https:\/\/www.facebook.com\/Ecclesia2025","article_published_time":"2013-06-28T16:05:27+00:00","article_modified_time":"2016-03-23T15:25:46+00:00","og_image":[{"width":600,"height":350,"url":"https:\/\/news.ecclesia.org.br\/wp-content\/uploads\/2013\/06\/papa-e-ortodoxos-2013-1.jpg","type":"image\/jpeg"}],"author":"Pe. Andr\u00e9","twitter_card":"summary_large_image","twitter_creator":"@EcclesiaNews","twitter_site":"@EcclesiaNews","twitter_misc":{"Escrito por":"Pe. Andr\u00e9","Est. tempo de leitura":"2 minutos"},"schema":{"@context":"https:\/\/schema.org","@graph":[{"@type":"Article","@id":"https:\/\/news.ecclesia.org.br\/?p=6480#article","isPartOf":{"@id":"https:\/\/news.ecclesia.org.br\/?p=6480"},"author":{"name":"Pe. Andr\u00e9","@id":"https:\/\/news.ecclesia.org.br\/#\/schema\/person\/6f09597f025829745ba414a569f63758"},"headline":"PAPA CONVIDA ORTODOXOS PARA DI\u00c1LOGO SEM MEDO","datePublished":"2013-06-28T16:05:27+00:00","dateModified":"2016-03-23T15:25:46+00:00","mainEntityOfPage":{"@id":"https:\/\/news.ecclesia.org.br\/?p=6480"},"wordCount":394,"commentCount":0,"publisher":{"@id":"https:\/\/news.ecclesia.org.br\/#organization"},"image":{"@id":"https:\/\/news.ecclesia.org.br\/?p=6480#primaryimage"},"thumbnailUrl":"https:\/\/news.ecclesia.org.br\/wp-content\/uploads\/2013\/06\/papa-e-ortodoxos-2013-1.jpg","articleSection":["Mundo Ortodoxo","Patriarcado Ecum\u00eanico"],"inLanguage":"pt-BR","potentialAction":[{"@type":"CommentAction","name":"Comment","target":["https:\/\/news.ecclesia.org.br\/?p=6480#respond"]}]},{"@type":"WebPage","@id":"https:\/\/news.ecclesia.org.br\/?p=6480","url":"https:\/\/news.ecclesia.org.br\/?p=6480","name":"PAPA CONVIDA ORTODOXOS PARA DI\u00c1LOGO SEM MEDO | ECCLESIA NEWS","isPartOf":{"@id":"https:\/\/news.ecclesia.org.br\/#website"},"primaryImageOfPage":{"@id":"https:\/\/news.ecclesia.org.br\/?p=6480#primaryimage"},"image":{"@id":"https:\/\/news.ecclesia.org.br\/?p=6480#primaryimage"},"thumbnailUrl":"https:\/\/news.ecclesia.org.br\/wp-content\/uploads\/2013\/06\/papa-e-ortodoxos-2013-1.jpg","datePublished":"2013-06-28T16:05:27+00:00","dateModified":"2016-03-23T15:25:46+00:00","breadcrumb":{"@id":"https:\/\/news.ecclesia.org.br\/?p=6480#breadcrumb"},"inLanguage":"pt-BR","potentialAction":[{"@type":"ReadAction","target":["https:\/\/news.ecclesia.org.br\/?p=6480"]}]},{"@type":"ImageObject","inLanguage":"pt-BR","@id":"https:\/\/news.ecclesia.org.br\/?p=6480#primaryimage","url":"https:\/\/news.ecclesia.org.br\/wp-content\/uploads\/2013\/06\/papa-e-ortodoxos-2013-1.jpg","contentUrl":"https:\/\/news.ecclesia.org.br\/wp-content\/uploads\/2013\/06\/papa-e-ortodoxos-2013-1.jpg","width":600,"height":350},{"@type":"BreadcrumbList","@id":"https:\/\/news.ecclesia.org.br\/?p=6480#breadcrumb","itemListElement":[{"@type":"ListItem","position":1,"name":"In\u00edcio","item":"https:\/\/news.ecclesia.org.br\/"},{"@type":"ListItem","position":2,"name":"PAPA CONVIDA ORTODOXOS PARA DI\u00c1LOGO SEM MEDO"}]},{"@type":"WebSite","@id":"https:\/\/news.ecclesia.org.br\/#website","url":"https:\/\/news.ecclesia.org.br\/","name":"Ecclesia Brasil","description":"Desde 2003 onectando o Brasil ao mundo ortodoxo!","publisher":{"@id":"https:\/\/news.ecclesia.org.br\/#organization"},"alternateName":"Ecclesia","potentialAction":[{"@type":"SearchAction","target":{"@type":"EntryPoint","urlTemplate":"https:\/\/news.ecclesia.org.br\/?s={search_term_string}"},"query-input":{"@type":"PropertyValueSpecification","valueRequired":true,"valueName":"search_term_string"}}],"inLanguage":"pt-BR"},{"@type":"Organization","@id":"https:\/\/news.ecclesia.org.br\/#organization","name":"Sacra Arquidiocese de Buenos Aires e Am\u00e9rica do Sul | Patriarcado Ecum\u00eanico","alternateName":"News Ecclesia Brasil","url":"https:\/\/news.ecclesia.org.br\/","logo":{"@type":"ImageObject","inLanguage":"pt-BR","@id":"https:\/\/news.ecclesia.org.br\/#\/schema\/logo\/image\/","url":"https:\/\/news.ecclesia.org.br\/wp-content\/uploads\/2025\/05\/ecclesia2.png","contentUrl":"https:\/\/news.ecclesia.org.br\/wp-content\/uploads\/2025\/05\/ecclesia2.png","width":480,"height":120,"caption":"Sacra Arquidiocese de Buenos Aires e Am\u00e9rica do Sul | Patriarcado Ecum\u00eanico"},"image":{"@id":"https:\/\/news.ecclesia.org.br\/#\/schema\/logo\/image\/"},"sameAs":["https:\/\/www.facebook.com\/Ecclesia2025","https:\/\/x.com\/EcclesiaNews","https:\/\/br.pinterest.com\/ekklisia\/","https:\/\/www.youtube.com\/@EcclesiaBrasil"]},{"@type":"Person","@id":"https:\/\/news.ecclesia.org.br\/#\/schema\/person\/6f09597f025829745ba414a569f63758","name":"Pe. Andr\u00e9","image":{"@type":"ImageObject","inLanguage":"pt-BR","@id":"https:\/\/secure.gravatar.com\/avatar\/b4327cfa27e9799da239a26adcd534fc29cdc0c4a4a148eecbcfeb9b42c617ac?s=96&d=mm&r=g","url":"https:\/\/secure.gravatar.com\/avatar\/b4327cfa27e9799da239a26adcd534fc29cdc0c4a4a148eecbcfeb9b42c617ac?s=96&d=mm&r=g","contentUrl":"https:\/\/secure.gravatar.com\/avatar\/b4327cfa27e9799da239a26adcd534fc29cdc0c4a4a148eecbcfeb9b42c617ac?s=96&d=mm&r=g","caption":"Pe. Andr\u00e9"},"sameAs":["https:\/\/www.ecclesia.org.br"]}]}},"_links":{"self":[{"href":"https:\/\/news.ecclesia.org.br\/index.php?rest_route=\/wp\/v2\/posts\/6480","targetHints":{"allow":["GET"]}}],"collection":[{"href":"https:\/\/news.ecclesia.org.br\/index.php?rest_route=\/wp\/v2\/posts"}],"about":[{"href":"https:\/\/news.ecclesia.org.br\/index.php?rest_route=\/wp\/v2\/types\/post"}],"author":[{"embeddable":true,"href":"https:\/\/news.ecclesia.org.br\/index.php?rest_route=\/wp\/v2\/users\/1"}],"replies":[{"embeddable":true,"href":"https:\/\/news.ecclesia.org.br\/index.php?rest_route=%2Fwp%2Fv2%2Fcomments&post=6480"}],"version-history":[{"count":0,"href":"https:\/\/news.ecclesia.org.br\/index.php?rest_route=\/wp\/v2\/posts\/6480\/revisions"}],"wp:featuredmedia":[{"embeddable":true,"href":"https:\/\/news.ecclesia.org.br\/index.php?rest_route=\/wp\/v2\/media\/6481"}],"wp:attachment":[{"href":"https:\/\/news.ecclesia.org.br\/index.php?rest_route=%2Fwp%2Fv2%2Fmedia&parent=6480"}],"wp:term":[{"taxonomy":"category","embeddable":true,"href":"https:\/\/news.ecclesia.org.br\/index.php?rest_route=%2Fwp%2Fv2%2Fcategories&post=6480"},{"taxonomy":"post_tag","embeddable":true,"href":"https:\/\/news.ecclesia.org.br\/index.php?rest_route=%2Fwp%2Fv2%2Ftags&post=6480"}],"curies":[{"name":"wp","href":"https:\/\/api.w.org\/{rel}","templated":true}]}}