{"id":6455,"date":"2013-05-30T15:24:22","date_gmt":"2013-05-30T15:24:22","guid":{"rendered":"http:\/\/www.ecclesia.com.br\/news\/2013\/?p=6455"},"modified":"2016-03-23T20:16:02","modified_gmt":"2016-03-23T20:16:02","slug":"enviado-do-patriarcado-ecumenico-visita-a-nicaragua","status":"publish","type":"post","link":"https:\/\/news.ecclesia.org.br\/?p=6455","title":{"rendered":"ENVIADO DO PATRIARCADO ECUM\u00caNICO VISITA A NICAR\u00c1GUA"},"content":{"rendered":"<p style=\"text-align: justify;\"><a href=\"https:\/\/news.ecclesia.org.br\/2013\/wp-content\/uploads\/2013\/05\/metropolita-athenagoras-do-mexico-1.jpg\" rel=\"attachment wp-att-6456\"><img fetchpriority=\"high\" decoding=\"async\" class=\"alignleft size-medium wp-image-6456\" src=\"https:\/\/news.ecclesia.org.br\/2013\/wp-content\/uploads\/2013\/05\/metropolita-athenagoras-do-mexico-1-300x176.jpg\" alt=\"metropolita-athenagoras-do-mexico\" width=\"300\" height=\"176\" srcset=\"https:\/\/news.ecclesia.org.br\/wp-content\/uploads\/2013\/05\/metropolita-athenagoras-do-mexico-1-300x176.jpg 300w, https:\/\/news.ecclesia.org.br\/wp-content\/uploads\/2013\/05\/metropolita-athenagoras-do-mexico-1-768x451.jpg 768w, https:\/\/news.ecclesia.org.br\/wp-content\/uploads\/2013\/05\/metropolita-athenagoras-do-mexico-1-94x55.jpg 94w, https:\/\/news.ecclesia.org.br\/wp-content\/uploads\/2013\/05\/metropolita-athenagoras-do-mexico-1.jpg 800w\" sizes=\"(max-width: 300px) 100vw, 300px\" \/><\/a>Man\u00e1gua, 30 mai (SIR) \u2013 Na \u00faltima segunda-feira, um enviado do Patriarcado Ecum\u00eanico de Constantinopla, o Arcebispo Aten\u00e1goras, encontrou-se com todos os Bispos da Nicar\u00e1gua, reunidos em assembleia, para estabelecer la\u00e7os de amizade e di\u00e1logo com a Igreja Cat\u00f3lica nicaraguense, porque todos \u201cconsideraram que mil anos de separa\u00e7\u00e3o entre as duas Igrejas crist\u00e3s \u00e9 um pecado diante dos olhos de Cristo\u201d.<\/p>\n<p style=\"text-align: justify;\">O arcebispo Aten\u00e1goras, nascido nos EUA, mas de pais gregos, visitou tamb\u00e9m o presidente do Poder legislativo Ren\u00e9 N\u00fa\u00f1ez T\u00e9llez. Em entrevista \u00e0 imprensa disse que sua visita ao Nicar\u00e1gua diz respeito ao in\u00edcio de uma miss\u00e3o para caminhar junto com a Igreja Cat\u00f3lica da Nicar\u00e1gua, para o bem do povo crist\u00e3o do Pa\u00eds e da regi\u00e3o.<\/p>\n<p style=\"text-align: justify;\">O representante ortodoxo tamb\u00e9m esteve com o n\u00fancio apost\u00f3lico, Dom Fortunatus Nwachukwu, e durante o encontro falaram da situa\u00e7\u00e3o das duas Igrejas e sobre o di\u00e1logo ecum\u00eanico. O arcebispo de Man\u00e1gua, dom Leopoldo Brenes, assinalou que o encontro com o representante da Igreja ortodoxa de Constantinopla foi um presente de Deus para estreitar os la\u00e7os de amizade com o Arcebispo Aten\u00e1goras e ainda fortalecer a amizade das Igrejas irm\u00e3s.\u00a0Disse dom Brenes:<\/p>\n<blockquote>\n<p style=\"text-align: justify;\">\u201cTemos um di\u00e1logo h\u00e1 muito tempo com a Igreja ortodoxa, Une-nos, de maneira especial, o amor a Jesus Cristo. Hoje (essa \u00faltima segunda-feira) tivemos um di\u00e1logo muito fraterno, muito bonito, fortalecendo nossa amizade e carinho. De minha parte, abri \u00e0 Arquidiocese ao arcebispo ortodoxo. Nossos fi\u00e9is, nossos sacerdotes o recebemos com carinho e fazemos votos que a miss\u00e3o da Igreja Ortodoxa que vai ser aberta na Nicar\u00e1gua \u2013 com uma par\u00f3quia \u2013 tenha sucesso\u201d.<\/p>\n<\/blockquote>\n<p style=\"text-align: justify;\">\u00a0O enviado especial de S. S. Bartolomeu I, disse tamb\u00e9m que com a Igreja Cat\u00f3lica existem diferen\u00e7as, por\u00e9m, existem mais coisas que unem do que as que dividem. \u201cN\u00f3s respeitamos e aceitamos o Papa de Roma como irm\u00e3o maior na Igreja crist\u00e3\u201d, finalizou Aten\u00e1goras.<\/p>\n<p style=\"text-align: right;\">Fonte: <a href=\"http:\/\/www.verbonet.com.br\/\" target=\"_blank\">VerboNet<\/a><\/p>\n","protected":false},"excerpt":{"rendered":"<p>Man\u00e1gua, 30 mai (SIR) \u2013 Na \u00faltima segunda-feira, um enviado do Patriarcado Ecum\u00eanico de Constantinopla, o Arcebispo Aten\u00e1goras, encontrou-se com todos os Bispos da Nicar\u00e1gua, reunidos em assembleia, para estabelecer la\u00e7os de amizade e di\u00e1logo com a Igreja Cat\u00f3lica nicaraguense,&#8230;<\/p>\n","protected":false},"author":1,"featured_media":6456,"comment_status":"open","ping_status":"open","sticky":false,"template":"","format":"standard","meta":{"_acf_changed":false,"footnotes":""},"categories":[3,72],"tags":[],"class_list":["post-6455","post","type-post","status-publish","format-standard","has-post-thumbnail","hentry","category-mundo","category-patriarcado-ecumenico","entry","rows-excerpt"],"acf":[],"yoast_head":"<!-- This site is optimized with the Yoast SEO plugin v27.4 - https:\/\/yoast.com\/product\/yoast-seo-wordpress\/ -->\n<title>ENVIADO DO PATRIARCADO ECUM\u00caNICO VISITA A NICAR\u00c1GUA | ECCLESIA NEWS<\/title>\n<meta name=\"robots\" content=\"index, follow, max-snippet:-1, max-image-preview:large, max-video-preview:-1\" \/>\n<link rel=\"canonical\" href=\"https:\/\/news.ecclesia.org.br\/?p=6455\" \/>\n<meta property=\"og:locale\" content=\"pt_BR\" \/>\n<meta property=\"og:type\" content=\"article\" \/>\n<meta property=\"og:title\" content=\"ENVIADO DO PATRIARCADO ECUM\u00caNICO VISITA A NICAR\u00c1GUA | ECCLESIA NEWS\" \/>\n<meta property=\"og:description\" content=\"Man\u00e1gua, 30 mai (SIR) \u2013 Na \u00faltima segunda-feira, um enviado do Patriarcado Ecum\u00eanico de Constantinopla, o Arcebispo Aten\u00e1goras, encontrou-se com todos os Bispos da Nicar\u00e1gua, reunidos em assembleia, para estabelecer la\u00e7os de amizade e di\u00e1logo com a Igreja Cat\u00f3lica nicaraguense,&#8230;\" \/>\n<meta property=\"og:url\" content=\"https:\/\/news.ecclesia.org.br\/?p=6455\" \/>\n<meta property=\"og:site_name\" content=\"ECCLESIA NEWS\" \/>\n<meta property=\"article:publisher\" content=\"https:\/\/www.facebook.com\/Ecclesia2025\" \/>\n<meta property=\"article:published_time\" content=\"2013-05-30T15:24:22+00:00\" \/>\n<meta property=\"article:modified_time\" content=\"2016-03-23T20:16:02+00:00\" \/>\n<meta property=\"og:image\" content=\"https:\/\/news.ecclesia.org.br\/wp-content\/uploads\/2013\/05\/metropolita-athenagoras-do-mexico-1.jpg\" \/>\n\t<meta property=\"og:image:width\" content=\"800\" \/>\n\t<meta property=\"og:image:height\" content=\"470\" \/>\n\t<meta property=\"og:image:type\" content=\"image\/jpeg\" \/>\n<meta name=\"author\" content=\"Pe. Andr\u00e9\" \/>\n<meta name=\"twitter:card\" content=\"summary_large_image\" \/>\n<meta name=\"twitter:creator\" content=\"@EcclesiaNews\" \/>\n<meta name=\"twitter:site\" content=\"@EcclesiaNews\" \/>\n<meta name=\"twitter:label1\" content=\"Escrito por\" \/>\n\t<meta name=\"twitter:data1\" content=\"Pe. Andr\u00e9\" \/>\n\t<meta name=\"twitter:label2\" content=\"Est. tempo de leitura\" \/>\n\t<meta name=\"twitter:data2\" content=\"2 minutos\" \/>\n<script type=\"application\/ld+json\" class=\"yoast-schema-graph\">{\"@context\":\"https:\\\/\\\/schema.org\",\"@graph\":[{\"@type\":\"Article\",\"@id\":\"https:\\\/\\\/news.ecclesia.org.br\\\/?p=6455#article\",\"isPartOf\":{\"@id\":\"https:\\\/\\\/news.ecclesia.org.br\\\/?p=6455\"},\"author\":{\"name\":\"Pe. Andr\u00e9\",\"@id\":\"https:\\\/\\\/news.ecclesia.org.br\\\/#\\\/schema\\\/person\\\/6f09597f025829745ba414a569f63758\"},\"headline\":\"ENVIADO DO PATRIARCADO ECUM\u00caNICO VISITA A NICAR\u00c1GUA\",\"datePublished\":\"2013-05-30T15:24:22+00:00\",\"dateModified\":\"2016-03-23T20:16:02+00:00\",\"mainEntityOfPage\":{\"@id\":\"https:\\\/\\\/news.ecclesia.org.br\\\/?p=6455\"},\"wordCount\":356,\"commentCount\":0,\"publisher\":{\"@id\":\"https:\\\/\\\/news.ecclesia.org.br\\\/#organization\"},\"image\":{\"@id\":\"https:\\\/\\\/news.ecclesia.org.br\\\/?p=6455#primaryimage\"},\"thumbnailUrl\":\"https:\\\/\\\/news.ecclesia.org.br\\\/wp-content\\\/uploads\\\/2013\\\/05\\\/metropolita-athenagoras-do-mexico-1.jpg\",\"articleSection\":[\"Mundo Ortodoxo\",\"Patriarcado Ecum\u00eanico\"],\"inLanguage\":\"pt-BR\",\"potentialAction\":[{\"@type\":\"CommentAction\",\"name\":\"Comment\",\"target\":[\"https:\\\/\\\/news.ecclesia.org.br\\\/?p=6455#respond\"]}]},{\"@type\":\"WebPage\",\"@id\":\"https:\\\/\\\/news.ecclesia.org.br\\\/?p=6455\",\"url\":\"https:\\\/\\\/news.ecclesia.org.br\\\/?p=6455\",\"name\":\"ENVIADO DO PATRIARCADO ECUM\u00caNICO VISITA A NICAR\u00c1GUA | ECCLESIA NEWS\",\"isPartOf\":{\"@id\":\"https:\\\/\\\/news.ecclesia.org.br\\\/#website\"},\"primaryImageOfPage\":{\"@id\":\"https:\\\/\\\/news.ecclesia.org.br\\\/?p=6455#primaryimage\"},\"image\":{\"@id\":\"https:\\\/\\\/news.ecclesia.org.br\\\/?p=6455#primaryimage\"},\"thumbnailUrl\":\"https:\\\/\\\/news.ecclesia.org.br\\\/wp-content\\\/uploads\\\/2013\\\/05\\\/metropolita-athenagoras-do-mexico-1.jpg\",\"datePublished\":\"2013-05-30T15:24:22+00:00\",\"dateModified\":\"2016-03-23T20:16:02+00:00\",\"breadcrumb\":{\"@id\":\"https:\\\/\\\/news.ecclesia.org.br\\\/?p=6455#breadcrumb\"},\"inLanguage\":\"pt-BR\",\"potentialAction\":[{\"@type\":\"ReadAction\",\"target\":[\"https:\\\/\\\/news.ecclesia.org.br\\\/?p=6455\"]}]},{\"@type\":\"ImageObject\",\"inLanguage\":\"pt-BR\",\"@id\":\"https:\\\/\\\/news.ecclesia.org.br\\\/?p=6455#primaryimage\",\"url\":\"https:\\\/\\\/news.ecclesia.org.br\\\/wp-content\\\/uploads\\\/2013\\\/05\\\/metropolita-athenagoras-do-mexico-1.jpg\",\"contentUrl\":\"https:\\\/\\\/news.ecclesia.org.br\\\/wp-content\\\/uploads\\\/2013\\\/05\\\/metropolita-athenagoras-do-mexico-1.jpg\",\"width\":800,\"height\":470},{\"@type\":\"BreadcrumbList\",\"@id\":\"https:\\\/\\\/news.ecclesia.org.br\\\/?p=6455#breadcrumb\",\"itemListElement\":[{\"@type\":\"ListItem\",\"position\":1,\"name\":\"In\u00edcio\",\"item\":\"https:\\\/\\\/news.ecclesia.org.br\\\/\"},{\"@type\":\"ListItem\",\"position\":2,\"name\":\"ENVIADO DO PATRIARCADO ECUM\u00caNICO VISITA A NICAR\u00c1GUA\"}]},{\"@type\":\"WebSite\",\"@id\":\"https:\\\/\\\/news.ecclesia.org.br\\\/#website\",\"url\":\"https:\\\/\\\/news.ecclesia.org.br\\\/\",\"name\":\"Ecclesia Brasil\",\"description\":\"Desde 2003 onectando o Brasil ao mundo ortodoxo!\",\"publisher\":{\"@id\":\"https:\\\/\\\/news.ecclesia.org.br\\\/#organization\"},\"alternateName\":\"Ecclesia\",\"potentialAction\":[{\"@type\":\"SearchAction\",\"target\":{\"@type\":\"EntryPoint\",\"urlTemplate\":\"https:\\\/\\\/news.ecclesia.org.br\\\/?s={search_term_string}\"},\"query-input\":{\"@type\":\"PropertyValueSpecification\",\"valueRequired\":true,\"valueName\":\"search_term_string\"}}],\"inLanguage\":\"pt-BR\"},{\"@type\":\"Organization\",\"@id\":\"https:\\\/\\\/news.ecclesia.org.br\\\/#organization\",\"name\":\"Sacra Arquidiocese de Buenos Aires e Am\u00e9rica do Sul | Patriarcado Ecum\u00eanico\",\"alternateName\":\"News Ecclesia Brasil\",\"url\":\"https:\\\/\\\/news.ecclesia.org.br\\\/\",\"logo\":{\"@type\":\"ImageObject\",\"inLanguage\":\"pt-BR\",\"@id\":\"https:\\\/\\\/news.ecclesia.org.br\\\/#\\\/schema\\\/logo\\\/image\\\/\",\"url\":\"https:\\\/\\\/news.ecclesia.org.br\\\/wp-content\\\/uploads\\\/2025\\\/05\\\/ecclesia2.png\",\"contentUrl\":\"https:\\\/\\\/news.ecclesia.org.br\\\/wp-content\\\/uploads\\\/2025\\\/05\\\/ecclesia2.png\",\"width\":480,\"height\":120,\"caption\":\"Sacra Arquidiocese de Buenos Aires e Am\u00e9rica do Sul | Patriarcado Ecum\u00eanico\"},\"image\":{\"@id\":\"https:\\\/\\\/news.ecclesia.org.br\\\/#\\\/schema\\\/logo\\\/image\\\/\"},\"sameAs\":[\"https:\\\/\\\/www.facebook.com\\\/Ecclesia2025\",\"https:\\\/\\\/x.com\\\/EcclesiaNews\",\"https:\\\/\\\/br.pinterest.com\\\/ekklisia\\\/\",\"https:\\\/\\\/www.youtube.com\\\/@EcclesiaBrasil\"]},{\"@type\":\"Person\",\"@id\":\"https:\\\/\\\/news.ecclesia.org.br\\\/#\\\/schema\\\/person\\\/6f09597f025829745ba414a569f63758\",\"name\":\"Pe. Andr\u00e9\",\"image\":{\"@type\":\"ImageObject\",\"inLanguage\":\"pt-BR\",\"@id\":\"https:\\\/\\\/secure.gravatar.com\\\/avatar\\\/b4327cfa27e9799da239a26adcd534fc29cdc0c4a4a148eecbcfeb9b42c617ac?s=96&d=mm&r=g\",\"url\":\"https:\\\/\\\/secure.gravatar.com\\\/avatar\\\/b4327cfa27e9799da239a26adcd534fc29cdc0c4a4a148eecbcfeb9b42c617ac?s=96&d=mm&r=g\",\"contentUrl\":\"https:\\\/\\\/secure.gravatar.com\\\/avatar\\\/b4327cfa27e9799da239a26adcd534fc29cdc0c4a4a148eecbcfeb9b42c617ac?s=96&d=mm&r=g\",\"caption\":\"Pe. Andr\u00e9\"},\"sameAs\":[\"https:\\\/\\\/www.ecclesia.org.br\"]}]}<\/script>\n<!-- \/ Yoast SEO plugin. -->","yoast_head_json":{"title":"ENVIADO DO PATRIARCADO ECUM\u00caNICO VISITA A NICAR\u00c1GUA | ECCLESIA NEWS","robots":{"index":"index","follow":"follow","max-snippet":"max-snippet:-1","max-image-preview":"max-image-preview:large","max-video-preview":"max-video-preview:-1"},"canonical":"https:\/\/news.ecclesia.org.br\/?p=6455","og_locale":"pt_BR","og_type":"article","og_title":"ENVIADO DO PATRIARCADO ECUM\u00caNICO VISITA A NICAR\u00c1GUA | ECCLESIA NEWS","og_description":"Man\u00e1gua, 30 mai (SIR) \u2013 Na \u00faltima segunda-feira, um enviado do Patriarcado Ecum\u00eanico de Constantinopla, o Arcebispo Aten\u00e1goras, encontrou-se com todos os Bispos da Nicar\u00e1gua, reunidos em assembleia, para estabelecer la\u00e7os de amizade e di\u00e1logo com a Igreja Cat\u00f3lica nicaraguense,&#8230;","og_url":"https:\/\/news.ecclesia.org.br\/?p=6455","og_site_name":"ECCLESIA NEWS","article_publisher":"https:\/\/www.facebook.com\/Ecclesia2025","article_published_time":"2013-05-30T15:24:22+00:00","article_modified_time":"2016-03-23T20:16:02+00:00","og_image":[{"width":800,"height":470,"url":"https:\/\/news.ecclesia.org.br\/wp-content\/uploads\/2013\/05\/metropolita-athenagoras-do-mexico-1.jpg","type":"image\/jpeg"}],"author":"Pe. Andr\u00e9","twitter_card":"summary_large_image","twitter_creator":"@EcclesiaNews","twitter_site":"@EcclesiaNews","twitter_misc":{"Escrito por":"Pe. Andr\u00e9","Est. tempo de leitura":"2 minutos"},"schema":{"@context":"https:\/\/schema.org","@graph":[{"@type":"Article","@id":"https:\/\/news.ecclesia.org.br\/?p=6455#article","isPartOf":{"@id":"https:\/\/news.ecclesia.org.br\/?p=6455"},"author":{"name":"Pe. Andr\u00e9","@id":"https:\/\/news.ecclesia.org.br\/#\/schema\/person\/6f09597f025829745ba414a569f63758"},"headline":"ENVIADO DO PATRIARCADO ECUM\u00caNICO VISITA A NICAR\u00c1GUA","datePublished":"2013-05-30T15:24:22+00:00","dateModified":"2016-03-23T20:16:02+00:00","mainEntityOfPage":{"@id":"https:\/\/news.ecclesia.org.br\/?p=6455"},"wordCount":356,"commentCount":0,"publisher":{"@id":"https:\/\/news.ecclesia.org.br\/#organization"},"image":{"@id":"https:\/\/news.ecclesia.org.br\/?p=6455#primaryimage"},"thumbnailUrl":"https:\/\/news.ecclesia.org.br\/wp-content\/uploads\/2013\/05\/metropolita-athenagoras-do-mexico-1.jpg","articleSection":["Mundo Ortodoxo","Patriarcado Ecum\u00eanico"],"inLanguage":"pt-BR","potentialAction":[{"@type":"CommentAction","name":"Comment","target":["https:\/\/news.ecclesia.org.br\/?p=6455#respond"]}]},{"@type":"WebPage","@id":"https:\/\/news.ecclesia.org.br\/?p=6455","url":"https:\/\/news.ecclesia.org.br\/?p=6455","name":"ENVIADO DO PATRIARCADO ECUM\u00caNICO VISITA A NICAR\u00c1GUA | ECCLESIA NEWS","isPartOf":{"@id":"https:\/\/news.ecclesia.org.br\/#website"},"primaryImageOfPage":{"@id":"https:\/\/news.ecclesia.org.br\/?p=6455#primaryimage"},"image":{"@id":"https:\/\/news.ecclesia.org.br\/?p=6455#primaryimage"},"thumbnailUrl":"https:\/\/news.ecclesia.org.br\/wp-content\/uploads\/2013\/05\/metropolita-athenagoras-do-mexico-1.jpg","datePublished":"2013-05-30T15:24:22+00:00","dateModified":"2016-03-23T20:16:02+00:00","breadcrumb":{"@id":"https:\/\/news.ecclesia.org.br\/?p=6455#breadcrumb"},"inLanguage":"pt-BR","potentialAction":[{"@type":"ReadAction","target":["https:\/\/news.ecclesia.org.br\/?p=6455"]}]},{"@type":"ImageObject","inLanguage":"pt-BR","@id":"https:\/\/news.ecclesia.org.br\/?p=6455#primaryimage","url":"https:\/\/news.ecclesia.org.br\/wp-content\/uploads\/2013\/05\/metropolita-athenagoras-do-mexico-1.jpg","contentUrl":"https:\/\/news.ecclesia.org.br\/wp-content\/uploads\/2013\/05\/metropolita-athenagoras-do-mexico-1.jpg","width":800,"height":470},{"@type":"BreadcrumbList","@id":"https:\/\/news.ecclesia.org.br\/?p=6455#breadcrumb","itemListElement":[{"@type":"ListItem","position":1,"name":"In\u00edcio","item":"https:\/\/news.ecclesia.org.br\/"},{"@type":"ListItem","position":2,"name":"ENVIADO DO PATRIARCADO ECUM\u00caNICO VISITA A NICAR\u00c1GUA"}]},{"@type":"WebSite","@id":"https:\/\/news.ecclesia.org.br\/#website","url":"https:\/\/news.ecclesia.org.br\/","name":"Ecclesia Brasil","description":"Desde 2003 onectando o Brasil ao mundo ortodoxo!","publisher":{"@id":"https:\/\/news.ecclesia.org.br\/#organization"},"alternateName":"Ecclesia","potentialAction":[{"@type":"SearchAction","target":{"@type":"EntryPoint","urlTemplate":"https:\/\/news.ecclesia.org.br\/?s={search_term_string}"},"query-input":{"@type":"PropertyValueSpecification","valueRequired":true,"valueName":"search_term_string"}}],"inLanguage":"pt-BR"},{"@type":"Organization","@id":"https:\/\/news.ecclesia.org.br\/#organization","name":"Sacra Arquidiocese de Buenos Aires e Am\u00e9rica do Sul | Patriarcado Ecum\u00eanico","alternateName":"News Ecclesia Brasil","url":"https:\/\/news.ecclesia.org.br\/","logo":{"@type":"ImageObject","inLanguage":"pt-BR","@id":"https:\/\/news.ecclesia.org.br\/#\/schema\/logo\/image\/","url":"https:\/\/news.ecclesia.org.br\/wp-content\/uploads\/2025\/05\/ecclesia2.png","contentUrl":"https:\/\/news.ecclesia.org.br\/wp-content\/uploads\/2025\/05\/ecclesia2.png","width":480,"height":120,"caption":"Sacra Arquidiocese de Buenos Aires e Am\u00e9rica do Sul | Patriarcado Ecum\u00eanico"},"image":{"@id":"https:\/\/news.ecclesia.org.br\/#\/schema\/logo\/image\/"},"sameAs":["https:\/\/www.facebook.com\/Ecclesia2025","https:\/\/x.com\/EcclesiaNews","https:\/\/br.pinterest.com\/ekklisia\/","https:\/\/www.youtube.com\/@EcclesiaBrasil"]},{"@type":"Person","@id":"https:\/\/news.ecclesia.org.br\/#\/schema\/person\/6f09597f025829745ba414a569f63758","name":"Pe. Andr\u00e9","image":{"@type":"ImageObject","inLanguage":"pt-BR","@id":"https:\/\/secure.gravatar.com\/avatar\/b4327cfa27e9799da239a26adcd534fc29cdc0c4a4a148eecbcfeb9b42c617ac?s=96&d=mm&r=g","url":"https:\/\/secure.gravatar.com\/avatar\/b4327cfa27e9799da239a26adcd534fc29cdc0c4a4a148eecbcfeb9b42c617ac?s=96&d=mm&r=g","contentUrl":"https:\/\/secure.gravatar.com\/avatar\/b4327cfa27e9799da239a26adcd534fc29cdc0c4a4a148eecbcfeb9b42c617ac?s=96&d=mm&r=g","caption":"Pe. Andr\u00e9"},"sameAs":["https:\/\/www.ecclesia.org.br"]}]}},"_links":{"self":[{"href":"https:\/\/news.ecclesia.org.br\/index.php?rest_route=\/wp\/v2\/posts\/6455","targetHints":{"allow":["GET"]}}],"collection":[{"href":"https:\/\/news.ecclesia.org.br\/index.php?rest_route=\/wp\/v2\/posts"}],"about":[{"href":"https:\/\/news.ecclesia.org.br\/index.php?rest_route=\/wp\/v2\/types\/post"}],"author":[{"embeddable":true,"href":"https:\/\/news.ecclesia.org.br\/index.php?rest_route=\/wp\/v2\/users\/1"}],"replies":[{"embeddable":true,"href":"https:\/\/news.ecclesia.org.br\/index.php?rest_route=%2Fwp%2Fv2%2Fcomments&post=6455"}],"version-history":[{"count":0,"href":"https:\/\/news.ecclesia.org.br\/index.php?rest_route=\/wp\/v2\/posts\/6455\/revisions"}],"wp:featuredmedia":[{"embeddable":true,"href":"https:\/\/news.ecclesia.org.br\/index.php?rest_route=\/wp\/v2\/media\/6456"}],"wp:attachment":[{"href":"https:\/\/news.ecclesia.org.br\/index.php?rest_route=%2Fwp%2Fv2%2Fmedia&parent=6455"}],"wp:term":[{"taxonomy":"category","embeddable":true,"href":"https:\/\/news.ecclesia.org.br\/index.php?rest_route=%2Fwp%2Fv2%2Fcategories&post=6455"},{"taxonomy":"post_tag","embeddable":true,"href":"https:\/\/news.ecclesia.org.br\/index.php?rest_route=%2Fwp%2Fv2%2Ftags&post=6455"}],"curies":[{"name":"wp","href":"https:\/\/api.w.org\/{rel}","templated":true}]}}