{"id":6446,"date":"2013-05-21T16:46:49","date_gmt":"2013-05-21T16:46:49","guid":{"rendered":"http:\/\/www.ecclesia.com.br\/news\/2013\/?p=6446"},"modified":"2016-03-23T20:16:37","modified_gmt":"2016-03-23T20:16:37","slug":"patriarca-bartolomeu-apela-para-cessar-perseguicoes-contra-os-cristaos","status":"publish","type":"post","link":"https:\/\/news.ecclesia.org.br\/?p=6446","title":{"rendered":"PATRIARCA BARTOLOMEU APELA PARA CESSAR PERSEGUI\u00c7\u00d5ES CONTRA OS CRIST\u00c3OS"},"content":{"rendered":"<p style=\"text-align: justify;\"><a href=\"https:\/\/news.ecclesia.org.br\/2013\/wp-content\/uploads\/2013\/05\/bartolomeu-1.jpeg\" rel=\"attachment wp-att-6449\"><img decoding=\"async\" class=\"alignleft size-medium wp-image-6449\" src=\"https:\/\/news.ecclesia.org.br\/2013\/wp-content\/uploads\/2013\/05\/bartolomeu-1-300x161.jpeg\" alt=\"bartolomeu\" width=\"300\" height=\"161\" srcset=\"https:\/\/news.ecclesia.org.br\/wp-content\/uploads\/2013\/05\/bartolomeu-1-300x161.jpeg 300w, https:\/\/news.ecclesia.org.br\/wp-content\/uploads\/2013\/05\/bartolomeu-1-768x413.jpeg 768w, https:\/\/news.ecclesia.org.br\/wp-content\/uploads\/2013\/05\/bartolomeu-1-102x55.jpeg 102w, https:\/\/news.ecclesia.org.br\/wp-content\/uploads\/2013\/05\/bartolomeu-1.jpeg 914w\" sizes=\"(max-width: 300px) 100vw, 300px\" \/><\/a>2013-05-16 &#8211; Mil\u00e3o (<a href=\"http:\/\/www.news.va\/pt\/\" target=\"_blank\">RV<\/a>) \u2013\u00a0O Patriarca Ortodoxo, Bartolomeu, fez uma confer\u00eancia em Mil\u00e3o, no \u00e2mbito das celebra\u00e7\u00f5es do XVII centen\u00e1rio do \u201cEdito de Mil\u00e3o\u201d. Em seu pronunciamento, o Patriarca afirmou: \u201cComo crist\u00e3os n\u00e3o devemos temer, mas tamb\u00e9m n\u00e3o devemos cessar de expressar nosso protesto, diante da comunidade internacional, pelo fato que, ap\u00f3s 1700 anos da concess\u00e3o da liberdade religiosa, ainda continuam as persegui\u00e7\u00f5es no mundo.<\/p>\n<p style=\"text-align: justify;\">Falando de liberdade religiosa, Bartolomeu recordou que \u201ca viol\u00eancia, o \u00f3dio e a falta de toler\u00e2ncia para com os crist\u00e3os, continuam a dominar em Pa\u00edses, que s\u00e3o verdadeiros palcos de revolu\u00e7\u00f5es; os acontecimentos pol\u00edticos, que se verificam no Oriente M\u00e9dio, amea\u00e7am os crist\u00e3os; na S\u00edria, os crist\u00e3os de todas as confiss\u00f5es passam por prova\u00e7\u00f5es e s\u00e3o amea\u00e7ados, diariamente, com sequestros e homic\u00eddios.<\/p>\n<p style=\"text-align: justify;\">Por isso, o Patriarca Bartolomeu I lan\u00e7ou seu apelo a fim de que \u201cprevale\u00e7am a seguran\u00e7a e a paz, seja no Oriente M\u00e9dio como no mundo inteiro, onde a liberdade da f\u00e9 em Cristo \u00e9 pisoteada\u201d. E concluiu falando sobre a rela\u00e7\u00e3o entre a Igreja e a pol\u00edtica: \u201cTodos os movimentos humanos, que tentaram chegar \u00e0 liberdade, excluindo Deus, n\u00e3o s\u00f3 foram \u00e0 fal\u00eancia, mas suscitaram consequ\u00eancias catastr\u00f3ficas para a humanidade\u201d.<\/p>\n<p style=\"text-align: justify;\">Por outro lado, Bartolomeu dirigiu a seguinte mensagem aos participantes: \u201cN\u00e3o subsistem motivos religiosos para um violento choque entre culturas e princ\u00edpios do cristianismo e do islamismo. Se as aspira\u00e7\u00f5es nas Na\u00e7\u00f5es ou os fatores geopol\u00edticos conduzem a conflitos entre povos mu\u00e7ulmanos e crist\u00e3os, isso n\u00e3o tem nada a ver com a verdadeira natureza da liberdade.<\/p>\n<p style=\"text-align: justify;\">Para resolver o problema da diferen\u00e7a \u00e9tnica, econ\u00f4mica, ideol\u00f3gica, concluiu o Patriarca, \u00e9 preciso um s\u00e9rio di\u00e1logo entre as partes, e isso vale especialmente para os l\u00edderes religiosos. Todos os homens s\u00e3o irm\u00e3os e devem conviver pacificamente\u201d. (MT)<\/p>\n","protected":false},"excerpt":{"rendered":"<p>2013-05-16 &#8211; Mil\u00e3o (RV) \u2013\u00a0O Patriarca Ortodoxo, Bartolomeu, fez uma confer\u00eancia em Mil\u00e3o, no \u00e2mbito das celebra\u00e7\u00f5es do XVII centen\u00e1rio do \u201cEdito de Mil\u00e3o\u201d. Em seu pronunciamento, o Patriarca afirmou: \u201cComo crist\u00e3os n\u00e3o devemos temer, mas tamb\u00e9m n\u00e3o devemos cessar&#8230;<\/p>\n","protected":false},"author":1,"featured_media":6449,"comment_status":"open","ping_status":"open","sticky":false,"template":"","format":"standard","meta":{"_acf_changed":false,"footnotes":""},"categories":[3,72],"tags":[],"class_list":["post-6446","post","type-post","status-publish","format-standard","has-post-thumbnail","hentry","category-mundo","category-patriarcado-ecumenico","entry","rows-excerpt"],"acf":[],"yoast_head":"<!-- This site is optimized with the Yoast SEO plugin v27.4 - https:\/\/yoast.com\/product\/yoast-seo-wordpress\/ -->\n<title>PATRIARCA BARTOLOMEU APELA PARA CESSAR PERSEGUI\u00c7\u00d5ES CONTRA OS CRIST\u00c3OS | ECCLESIA NEWS<\/title>\n<meta name=\"robots\" content=\"index, follow, max-snippet:-1, max-image-preview:large, max-video-preview:-1\" \/>\n<link rel=\"canonical\" href=\"https:\/\/news.ecclesia.org.br\/?p=6446\" \/>\n<meta property=\"og:locale\" content=\"pt_BR\" \/>\n<meta property=\"og:type\" content=\"article\" \/>\n<meta property=\"og:title\" content=\"PATRIARCA BARTOLOMEU APELA PARA CESSAR PERSEGUI\u00c7\u00d5ES CONTRA OS CRIST\u00c3OS | ECCLESIA NEWS\" \/>\n<meta property=\"og:description\" content=\"2013-05-16 &#8211; Mil\u00e3o (RV) \u2013\u00a0O Patriarca Ortodoxo, Bartolomeu, fez uma confer\u00eancia em Mil\u00e3o, no \u00e2mbito das celebra\u00e7\u00f5es do XVII centen\u00e1rio do \u201cEdito de Mil\u00e3o\u201d. Em seu pronunciamento, o Patriarca afirmou: \u201cComo crist\u00e3os n\u00e3o devemos temer, mas tamb\u00e9m n\u00e3o devemos cessar&#8230;\" \/>\n<meta property=\"og:url\" content=\"https:\/\/news.ecclesia.org.br\/?p=6446\" \/>\n<meta property=\"og:site_name\" content=\"ECCLESIA NEWS\" \/>\n<meta property=\"article:publisher\" content=\"https:\/\/www.facebook.com\/Ecclesia2025\" \/>\n<meta property=\"article:published_time\" content=\"2013-05-21T16:46:49+00:00\" \/>\n<meta property=\"article:modified_time\" content=\"2016-03-23T20:16:37+00:00\" \/>\n<meta property=\"og:image\" content=\"https:\/\/news.ecclesia.org.br\/wp-content\/uploads\/2013\/05\/bartolomeu-1.jpeg\" \/>\n\t<meta property=\"og:image:width\" content=\"914\" \/>\n\t<meta property=\"og:image:height\" content=\"492\" \/>\n\t<meta property=\"og:image:type\" content=\"image\/jpeg\" \/>\n<meta name=\"author\" content=\"Pe. Andr\u00e9\" \/>\n<meta name=\"twitter:card\" content=\"summary_large_image\" \/>\n<meta name=\"twitter:creator\" content=\"@EcclesiaNews\" \/>\n<meta name=\"twitter:site\" content=\"@EcclesiaNews\" \/>\n<meta name=\"twitter:label1\" content=\"Escrito por\" \/>\n\t<meta name=\"twitter:data1\" content=\"Pe. Andr\u00e9\" \/>\n\t<meta name=\"twitter:label2\" content=\"Est. tempo de leitura\" \/>\n\t<meta name=\"twitter:data2\" content=\"2 minutos\" \/>\n<script type=\"application\/ld+json\" class=\"yoast-schema-graph\">{\"@context\":\"https:\\\/\\\/schema.org\",\"@graph\":[{\"@type\":\"Article\",\"@id\":\"https:\\\/\\\/news.ecclesia.org.br\\\/?p=6446#article\",\"isPartOf\":{\"@id\":\"https:\\\/\\\/news.ecclesia.org.br\\\/?p=6446\"},\"author\":{\"name\":\"Pe. Andr\u00e9\",\"@id\":\"https:\\\/\\\/news.ecclesia.org.br\\\/#\\\/schema\\\/person\\\/6f09597f025829745ba414a569f63758\"},\"headline\":\"PATRIARCA BARTOLOMEU APELA PARA CESSAR PERSEGUI\u00c7\u00d5ES CONTRA OS CRIST\u00c3OS\",\"datePublished\":\"2013-05-21T16:46:49+00:00\",\"dateModified\":\"2016-03-23T20:16:37+00:00\",\"mainEntityOfPage\":{\"@id\":\"https:\\\/\\\/news.ecclesia.org.br\\\/?p=6446\"},\"wordCount\":355,\"commentCount\":0,\"publisher\":{\"@id\":\"https:\\\/\\\/news.ecclesia.org.br\\\/#organization\"},\"image\":{\"@id\":\"https:\\\/\\\/news.ecclesia.org.br\\\/?p=6446#primaryimage\"},\"thumbnailUrl\":\"https:\\\/\\\/news.ecclesia.org.br\\\/wp-content\\\/uploads\\\/2013\\\/05\\\/bartolomeu-1.jpeg\",\"articleSection\":[\"Mundo Ortodoxo\",\"Patriarcado Ecum\u00eanico\"],\"inLanguage\":\"pt-BR\",\"potentialAction\":[{\"@type\":\"CommentAction\",\"name\":\"Comment\",\"target\":[\"https:\\\/\\\/news.ecclesia.org.br\\\/?p=6446#respond\"]}]},{\"@type\":\"WebPage\",\"@id\":\"https:\\\/\\\/news.ecclesia.org.br\\\/?p=6446\",\"url\":\"https:\\\/\\\/news.ecclesia.org.br\\\/?p=6446\",\"name\":\"PATRIARCA BARTOLOMEU APELA PARA CESSAR PERSEGUI\u00c7\u00d5ES CONTRA OS CRIST\u00c3OS | ECCLESIA NEWS\",\"isPartOf\":{\"@id\":\"https:\\\/\\\/news.ecclesia.org.br\\\/#website\"},\"primaryImageOfPage\":{\"@id\":\"https:\\\/\\\/news.ecclesia.org.br\\\/?p=6446#primaryimage\"},\"image\":{\"@id\":\"https:\\\/\\\/news.ecclesia.org.br\\\/?p=6446#primaryimage\"},\"thumbnailUrl\":\"https:\\\/\\\/news.ecclesia.org.br\\\/wp-content\\\/uploads\\\/2013\\\/05\\\/bartolomeu-1.jpeg\",\"datePublished\":\"2013-05-21T16:46:49+00:00\",\"dateModified\":\"2016-03-23T20:16:37+00:00\",\"breadcrumb\":{\"@id\":\"https:\\\/\\\/news.ecclesia.org.br\\\/?p=6446#breadcrumb\"},\"inLanguage\":\"pt-BR\",\"potentialAction\":[{\"@type\":\"ReadAction\",\"target\":[\"https:\\\/\\\/news.ecclesia.org.br\\\/?p=6446\"]}]},{\"@type\":\"ImageObject\",\"inLanguage\":\"pt-BR\",\"@id\":\"https:\\\/\\\/news.ecclesia.org.br\\\/?p=6446#primaryimage\",\"url\":\"https:\\\/\\\/news.ecclesia.org.br\\\/wp-content\\\/uploads\\\/2013\\\/05\\\/bartolomeu-1.jpeg\",\"contentUrl\":\"https:\\\/\\\/news.ecclesia.org.br\\\/wp-content\\\/uploads\\\/2013\\\/05\\\/bartolomeu-1.jpeg\",\"width\":914,\"height\":492},{\"@type\":\"BreadcrumbList\",\"@id\":\"https:\\\/\\\/news.ecclesia.org.br\\\/?p=6446#breadcrumb\",\"itemListElement\":[{\"@type\":\"ListItem\",\"position\":1,\"name\":\"In\u00edcio\",\"item\":\"https:\\\/\\\/news.ecclesia.org.br\\\/\"},{\"@type\":\"ListItem\",\"position\":2,\"name\":\"PATRIARCA BARTOLOMEU APELA PARA CESSAR PERSEGUI\u00c7\u00d5ES CONTRA OS CRIST\u00c3OS\"}]},{\"@type\":\"WebSite\",\"@id\":\"https:\\\/\\\/news.ecclesia.org.br\\\/#website\",\"url\":\"https:\\\/\\\/news.ecclesia.org.br\\\/\",\"name\":\"Ecclesia Brasil\",\"description\":\"Desde 2003 onectando o Brasil ao mundo ortodoxo!\",\"publisher\":{\"@id\":\"https:\\\/\\\/news.ecclesia.org.br\\\/#organization\"},\"alternateName\":\"Ecclesia\",\"potentialAction\":[{\"@type\":\"SearchAction\",\"target\":{\"@type\":\"EntryPoint\",\"urlTemplate\":\"https:\\\/\\\/news.ecclesia.org.br\\\/?s={search_term_string}\"},\"query-input\":{\"@type\":\"PropertyValueSpecification\",\"valueRequired\":true,\"valueName\":\"search_term_string\"}}],\"inLanguage\":\"pt-BR\"},{\"@type\":\"Organization\",\"@id\":\"https:\\\/\\\/news.ecclesia.org.br\\\/#organization\",\"name\":\"Sacra Arquidiocese de Buenos Aires e Am\u00e9rica do Sul | Patriarcado Ecum\u00eanico\",\"alternateName\":\"News Ecclesia Brasil\",\"url\":\"https:\\\/\\\/news.ecclesia.org.br\\\/\",\"logo\":{\"@type\":\"ImageObject\",\"inLanguage\":\"pt-BR\",\"@id\":\"https:\\\/\\\/news.ecclesia.org.br\\\/#\\\/schema\\\/logo\\\/image\\\/\",\"url\":\"https:\\\/\\\/news.ecclesia.org.br\\\/wp-content\\\/uploads\\\/2025\\\/05\\\/ecclesia2.png\",\"contentUrl\":\"https:\\\/\\\/news.ecclesia.org.br\\\/wp-content\\\/uploads\\\/2025\\\/05\\\/ecclesia2.png\",\"width\":480,\"height\":120,\"caption\":\"Sacra Arquidiocese de Buenos Aires e Am\u00e9rica do Sul | Patriarcado Ecum\u00eanico\"},\"image\":{\"@id\":\"https:\\\/\\\/news.ecclesia.org.br\\\/#\\\/schema\\\/logo\\\/image\\\/\"},\"sameAs\":[\"https:\\\/\\\/www.facebook.com\\\/Ecclesia2025\",\"https:\\\/\\\/x.com\\\/EcclesiaNews\",\"https:\\\/\\\/br.pinterest.com\\\/ekklisia\\\/\",\"https:\\\/\\\/www.youtube.com\\\/@EcclesiaBrasil\"]},{\"@type\":\"Person\",\"@id\":\"https:\\\/\\\/news.ecclesia.org.br\\\/#\\\/schema\\\/person\\\/6f09597f025829745ba414a569f63758\",\"name\":\"Pe. Andr\u00e9\",\"image\":{\"@type\":\"ImageObject\",\"inLanguage\":\"pt-BR\",\"@id\":\"https:\\\/\\\/secure.gravatar.com\\\/avatar\\\/b4327cfa27e9799da239a26adcd534fc29cdc0c4a4a148eecbcfeb9b42c617ac?s=96&d=mm&r=g\",\"url\":\"https:\\\/\\\/secure.gravatar.com\\\/avatar\\\/b4327cfa27e9799da239a26adcd534fc29cdc0c4a4a148eecbcfeb9b42c617ac?s=96&d=mm&r=g\",\"contentUrl\":\"https:\\\/\\\/secure.gravatar.com\\\/avatar\\\/b4327cfa27e9799da239a26adcd534fc29cdc0c4a4a148eecbcfeb9b42c617ac?s=96&d=mm&r=g\",\"caption\":\"Pe. Andr\u00e9\"},\"sameAs\":[\"https:\\\/\\\/www.ecclesia.org.br\"]}]}<\/script>\n<!-- \/ Yoast SEO plugin. -->","yoast_head_json":{"title":"PATRIARCA BARTOLOMEU APELA PARA CESSAR PERSEGUI\u00c7\u00d5ES CONTRA OS CRIST\u00c3OS | ECCLESIA NEWS","robots":{"index":"index","follow":"follow","max-snippet":"max-snippet:-1","max-image-preview":"max-image-preview:large","max-video-preview":"max-video-preview:-1"},"canonical":"https:\/\/news.ecclesia.org.br\/?p=6446","og_locale":"pt_BR","og_type":"article","og_title":"PATRIARCA BARTOLOMEU APELA PARA CESSAR PERSEGUI\u00c7\u00d5ES CONTRA OS CRIST\u00c3OS | ECCLESIA NEWS","og_description":"2013-05-16 &#8211; Mil\u00e3o (RV) \u2013\u00a0O Patriarca Ortodoxo, Bartolomeu, fez uma confer\u00eancia em Mil\u00e3o, no \u00e2mbito das celebra\u00e7\u00f5es do XVII centen\u00e1rio do \u201cEdito de Mil\u00e3o\u201d. Em seu pronunciamento, o Patriarca afirmou: \u201cComo crist\u00e3os n\u00e3o devemos temer, mas tamb\u00e9m n\u00e3o devemos cessar&#8230;","og_url":"https:\/\/news.ecclesia.org.br\/?p=6446","og_site_name":"ECCLESIA NEWS","article_publisher":"https:\/\/www.facebook.com\/Ecclesia2025","article_published_time":"2013-05-21T16:46:49+00:00","article_modified_time":"2016-03-23T20:16:37+00:00","og_image":[{"width":914,"height":492,"url":"https:\/\/news.ecclesia.org.br\/wp-content\/uploads\/2013\/05\/bartolomeu-1.jpeg","type":"image\/jpeg"}],"author":"Pe. Andr\u00e9","twitter_card":"summary_large_image","twitter_creator":"@EcclesiaNews","twitter_site":"@EcclesiaNews","twitter_misc":{"Escrito por":"Pe. Andr\u00e9","Est. tempo de leitura":"2 minutos"},"schema":{"@context":"https:\/\/schema.org","@graph":[{"@type":"Article","@id":"https:\/\/news.ecclesia.org.br\/?p=6446#article","isPartOf":{"@id":"https:\/\/news.ecclesia.org.br\/?p=6446"},"author":{"name":"Pe. Andr\u00e9","@id":"https:\/\/news.ecclesia.org.br\/#\/schema\/person\/6f09597f025829745ba414a569f63758"},"headline":"PATRIARCA BARTOLOMEU APELA PARA CESSAR PERSEGUI\u00c7\u00d5ES CONTRA OS CRIST\u00c3OS","datePublished":"2013-05-21T16:46:49+00:00","dateModified":"2016-03-23T20:16:37+00:00","mainEntityOfPage":{"@id":"https:\/\/news.ecclesia.org.br\/?p=6446"},"wordCount":355,"commentCount":0,"publisher":{"@id":"https:\/\/news.ecclesia.org.br\/#organization"},"image":{"@id":"https:\/\/news.ecclesia.org.br\/?p=6446#primaryimage"},"thumbnailUrl":"https:\/\/news.ecclesia.org.br\/wp-content\/uploads\/2013\/05\/bartolomeu-1.jpeg","articleSection":["Mundo Ortodoxo","Patriarcado Ecum\u00eanico"],"inLanguage":"pt-BR","potentialAction":[{"@type":"CommentAction","name":"Comment","target":["https:\/\/news.ecclesia.org.br\/?p=6446#respond"]}]},{"@type":"WebPage","@id":"https:\/\/news.ecclesia.org.br\/?p=6446","url":"https:\/\/news.ecclesia.org.br\/?p=6446","name":"PATRIARCA BARTOLOMEU APELA PARA CESSAR PERSEGUI\u00c7\u00d5ES CONTRA OS CRIST\u00c3OS | ECCLESIA NEWS","isPartOf":{"@id":"https:\/\/news.ecclesia.org.br\/#website"},"primaryImageOfPage":{"@id":"https:\/\/news.ecclesia.org.br\/?p=6446#primaryimage"},"image":{"@id":"https:\/\/news.ecclesia.org.br\/?p=6446#primaryimage"},"thumbnailUrl":"https:\/\/news.ecclesia.org.br\/wp-content\/uploads\/2013\/05\/bartolomeu-1.jpeg","datePublished":"2013-05-21T16:46:49+00:00","dateModified":"2016-03-23T20:16:37+00:00","breadcrumb":{"@id":"https:\/\/news.ecclesia.org.br\/?p=6446#breadcrumb"},"inLanguage":"pt-BR","potentialAction":[{"@type":"ReadAction","target":["https:\/\/news.ecclesia.org.br\/?p=6446"]}]},{"@type":"ImageObject","inLanguage":"pt-BR","@id":"https:\/\/news.ecclesia.org.br\/?p=6446#primaryimage","url":"https:\/\/news.ecclesia.org.br\/wp-content\/uploads\/2013\/05\/bartolomeu-1.jpeg","contentUrl":"https:\/\/news.ecclesia.org.br\/wp-content\/uploads\/2013\/05\/bartolomeu-1.jpeg","width":914,"height":492},{"@type":"BreadcrumbList","@id":"https:\/\/news.ecclesia.org.br\/?p=6446#breadcrumb","itemListElement":[{"@type":"ListItem","position":1,"name":"In\u00edcio","item":"https:\/\/news.ecclesia.org.br\/"},{"@type":"ListItem","position":2,"name":"PATRIARCA BARTOLOMEU APELA PARA CESSAR PERSEGUI\u00c7\u00d5ES CONTRA OS CRIST\u00c3OS"}]},{"@type":"WebSite","@id":"https:\/\/news.ecclesia.org.br\/#website","url":"https:\/\/news.ecclesia.org.br\/","name":"Ecclesia Brasil","description":"Desde 2003 onectando o Brasil ao mundo ortodoxo!","publisher":{"@id":"https:\/\/news.ecclesia.org.br\/#organization"},"alternateName":"Ecclesia","potentialAction":[{"@type":"SearchAction","target":{"@type":"EntryPoint","urlTemplate":"https:\/\/news.ecclesia.org.br\/?s={search_term_string}"},"query-input":{"@type":"PropertyValueSpecification","valueRequired":true,"valueName":"search_term_string"}}],"inLanguage":"pt-BR"},{"@type":"Organization","@id":"https:\/\/news.ecclesia.org.br\/#organization","name":"Sacra Arquidiocese de Buenos Aires e Am\u00e9rica do Sul | Patriarcado Ecum\u00eanico","alternateName":"News Ecclesia Brasil","url":"https:\/\/news.ecclesia.org.br\/","logo":{"@type":"ImageObject","inLanguage":"pt-BR","@id":"https:\/\/news.ecclesia.org.br\/#\/schema\/logo\/image\/","url":"https:\/\/news.ecclesia.org.br\/wp-content\/uploads\/2025\/05\/ecclesia2.png","contentUrl":"https:\/\/news.ecclesia.org.br\/wp-content\/uploads\/2025\/05\/ecclesia2.png","width":480,"height":120,"caption":"Sacra Arquidiocese de Buenos Aires e Am\u00e9rica do Sul | Patriarcado Ecum\u00eanico"},"image":{"@id":"https:\/\/news.ecclesia.org.br\/#\/schema\/logo\/image\/"},"sameAs":["https:\/\/www.facebook.com\/Ecclesia2025","https:\/\/x.com\/EcclesiaNews","https:\/\/br.pinterest.com\/ekklisia\/","https:\/\/www.youtube.com\/@EcclesiaBrasil"]},{"@type":"Person","@id":"https:\/\/news.ecclesia.org.br\/#\/schema\/person\/6f09597f025829745ba414a569f63758","name":"Pe. Andr\u00e9","image":{"@type":"ImageObject","inLanguage":"pt-BR","@id":"https:\/\/secure.gravatar.com\/avatar\/b4327cfa27e9799da239a26adcd534fc29cdc0c4a4a148eecbcfeb9b42c617ac?s=96&d=mm&r=g","url":"https:\/\/secure.gravatar.com\/avatar\/b4327cfa27e9799da239a26adcd534fc29cdc0c4a4a148eecbcfeb9b42c617ac?s=96&d=mm&r=g","contentUrl":"https:\/\/secure.gravatar.com\/avatar\/b4327cfa27e9799da239a26adcd534fc29cdc0c4a4a148eecbcfeb9b42c617ac?s=96&d=mm&r=g","caption":"Pe. Andr\u00e9"},"sameAs":["https:\/\/www.ecclesia.org.br"]}]}},"_links":{"self":[{"href":"https:\/\/news.ecclesia.org.br\/index.php?rest_route=\/wp\/v2\/posts\/6446","targetHints":{"allow":["GET"]}}],"collection":[{"href":"https:\/\/news.ecclesia.org.br\/index.php?rest_route=\/wp\/v2\/posts"}],"about":[{"href":"https:\/\/news.ecclesia.org.br\/index.php?rest_route=\/wp\/v2\/types\/post"}],"author":[{"embeddable":true,"href":"https:\/\/news.ecclesia.org.br\/index.php?rest_route=\/wp\/v2\/users\/1"}],"replies":[{"embeddable":true,"href":"https:\/\/news.ecclesia.org.br\/index.php?rest_route=%2Fwp%2Fv2%2Fcomments&post=6446"}],"version-history":[{"count":0,"href":"https:\/\/news.ecclesia.org.br\/index.php?rest_route=\/wp\/v2\/posts\/6446\/revisions"}],"wp:featuredmedia":[{"embeddable":true,"href":"https:\/\/news.ecclesia.org.br\/index.php?rest_route=\/wp\/v2\/media\/6449"}],"wp:attachment":[{"href":"https:\/\/news.ecclesia.org.br\/index.php?rest_route=%2Fwp%2Fv2%2Fmedia&parent=6446"}],"wp:term":[{"taxonomy":"category","embeddable":true,"href":"https:\/\/news.ecclesia.org.br\/index.php?rest_route=%2Fwp%2Fv2%2Fcategories&post=6446"},{"taxonomy":"post_tag","embeddable":true,"href":"https:\/\/news.ecclesia.org.br\/index.php?rest_route=%2Fwp%2Fv2%2Ftags&post=6446"}],"curies":[{"name":"wp","href":"https:\/\/api.w.org\/{rel}","templated":true}]}}