{"id":6435,"date":"2013-05-18T15:31:57","date_gmt":"2013-05-18T15:31:57","guid":{"rendered":"http:\/\/www.ecclesia.com.br\/news\/2013\/?p=6435"},"modified":"2016-03-23T20:17:17","modified_gmt":"2016-03-23T20:17:17","slug":"francisco-e-bartolomeu-a-primavera-ecumenica","status":"publish","type":"post","link":"https:\/\/news.ecclesia.org.br\/?p=6435","title":{"rendered":"FRANCISCO E BARTOLOMEU: a primavera ecum\u00eanica"},"content":{"rendered":"<p style=\"text-align: right;\">Artigo de Enzo Bianchi<\/p>\n<p style=\"text-align: justify;\"><a href=\"https:\/\/news.ecclesia.org.br\/2013\/wp-content\/uploads\/2013\/05\/bartolomeu-e-francisco-1.jpg\" rel=\"attachment wp-att-6436\"><img decoding=\"async\" class=\"alignleft size-medium wp-image-6436\" src=\"https:\/\/news.ecclesia.org.br\/2013\/wp-content\/uploads\/2013\/05\/bartolomeu-e-francisco-1-300x135.jpg\" alt=\"bartolomeu-e-francisco\" width=\"300\" height=\"135\" srcset=\"https:\/\/news.ecclesia.org.br\/wp-content\/uploads\/2013\/05\/bartolomeu-e-francisco-1-300x135.jpg 300w, https:\/\/news.ecclesia.org.br\/wp-content\/uploads\/2013\/05\/bartolomeu-e-francisco-1-122x55.jpg 122w, https:\/\/news.ecclesia.org.br\/wp-content\/uploads\/2013\/05\/bartolomeu-e-francisco-1.jpg 640w\" sizes=\"(max-width: 300px) 100vw, 300px\" \/><\/a>Em uma temporada em que o di\u00e1logo ecum\u00eanico parecia irremediavelmente arrefecido por m\u00faltiplos sinais que contradiziam o caminho para a comunh\u00e3o, o\u00a0encontro\u00a0do\u00a0Papa Francisco\u00a0e do\u00a0Patriarca Bartolomeu I\u00a0desperta novamente a esperan\u00e7a de uma nova primavera.<\/p>\n<p style=\"text-align: justify;\">A opini\u00e3o \u00e9 do monge e te\u00f3logo italiano\u00a0Enzo Bianchi, prior e fundador da\u00a0Comunidade de Bose, em artigo publicado no jornal\u00a0La Stampa, 15-05-2013. A tradu\u00e7\u00e3o \u00e9 de\u00a0Mois\u00e9s Sbardelotto.<\/p>\n<h3 style=\"text-align: justify;\">Eis o texto:<\/h3>\n<p style=\"text-align: justify;\">Quando ele ouviu que o\u00a0Papa Francisco, rec\u00e9m-eleito, enfatizava o fato de ser &#8220;Bispo de\u00a0Roma,\u00a0a Igreja que preside na caridade&#8221;, o\u00a0Patriarca Ecum\u00eanico Bartolomeu I\u00a0n\u00e3o hesitou e decidiu que iria a Roma \u2013 primeiro arcebispo de Constantinopla\u00a0a faz\u00ea-lo depois da separa\u00e7\u00e3o em 1054 \u2013 para a liturgia do in\u00edcio do pontificado.<\/p>\n<p style=\"text-align: justify;\">E assim foi, oferecendo aos crist\u00e3os e ao mundo um sinal tang\u00edvel de como a caridade fraterna pode superar desconfian\u00e7as, c\u00e1lculos de oportunidade, antigos motivos de atrito.<\/p>\n<p style=\"text-align: justify;\">Eu tive o dom de poder falar durante muito tempo pessoalmente com o Patriarca Bartolomeu\u00a0em\u00a0Roma,\u00a0antes de participar da missa na\u00a0Pra\u00e7a de S\u00e3o Pedro\u00a0e, depois, de ser recebido pelo Papa\u00a0Francisco: o sentir comum, o sofrimento compartilhado pelo atraso em restabelecer a unidade vis\u00edvel dos crist\u00e3os, a esperan\u00e7a de uma temporada renovada de di\u00e1logo e de fraternidade marcaram aqueles momentos, assim como animaram as horas passadas pelo Patriarca em\u00a0Bose\u00a0em uma tarde de gra\u00e7a para a minha comunidade e para aqueles que quiseram compartilhar a alegria e a ora\u00e7\u00e3o daquele momento.<\/p>\n<p style=\"text-align: justify;\">No seu encontro com o Papa\u00a0Francisco,\u00a0Bartolomeu I\u00a0usou palavras que expressam uma s\u00edntese de todo o minist\u00e9rio patriarcal exercido por 22 anos e que v\u00ea a unidade das Igrejas crist\u00e3s como &#8220;a primeira e mais importante das nossas preocupa\u00e7\u00f5es&#8221; e &#8220;seguramente um dos pressupostos fundamentais para que o nosso testemunho crist\u00e3o possa ser cr\u00edvel aos olhos dos de perto e dos de longe&#8221;.<\/p>\n<p style=\"text-align: justify;\">Por outro lado, at\u00e9 mesmo a acolhida reservada a ele pelo Papa\u00a0Francisco\u00a0foi al\u00e9m da forma protocolar \u2013 como j\u00e1 percebemos que \u00e9 uma pr\u00e1tica constante do novo papa \u2013 para dirigir-se ao Patriarca com toda a espontaneidade com o nome de &#8220;meu caro irm\u00e3o\u00a0Andr\u00e9&#8221;,\u00a0reconhecendo assim publicamente o v\u00ednculo fraterno que, na \u00fanica f\u00e9 apost\u00f3lica, une a sede da antiga\u00a0Roma\u00a0\u00e0 de\u00a0Constantinopla, &#8220;Nova Roma&#8221;.<\/p>\n<p style=\"text-align: justify;\">Em uma temporada em que, apesar de todos os sinceros esfor\u00e7os por parte de muitos crist\u00e3os de boa vontade pertencentes a diversas confiss\u00f5es, o di\u00e1logo ecum\u00eanico parecia irremediavelmente arrefecido por m\u00faltiplos sinais que contradiziam o caminho para a comunh\u00e3o, esses eventos muito recentes despertam novamente a esperan\u00e7a de uma nova primavera.<\/p>\n<p style=\"text-align: justify;\">A simplicidade evang\u00e9lica do novo Papa, que o Patriarca j\u00e1 teve a oportunidade de apreciar, poder\u00e1 contribuir muito para a melhoria das rela\u00e7\u00f5es fraternas entre as Igrejas, come\u00e7ando por uma reflex\u00e3o sobre o minist\u00e9rio do Bispo de\u00a0Roma\u00a0e sobre a modalidade do seu exerc\u00edcio no rastro da tradi\u00e7\u00e3o dos primeiros s\u00e9culos da Igreja: redescobrir o significado aut\u00eantico e as implica\u00e7\u00f5es atuais do &#8220;presidir na caridade&#8221; \u2013 segundo as palavras de\u00a0Santo In\u00e1cio de Antioquia\u00a0retomadas pelo\u00a0Papa Francisco\u00a0\u2013 poderia transformar o minist\u00e9rio petrino de causa de divis\u00e3o a elemento de comunh\u00e3o que favorece a unidade.<\/p>\n<p style=\"text-align: justify;\">Analisando o momento hist\u00f3rico atual, tamb\u00e9m deve ser lembrado que o Patriarcado de\u00a0Constantinopla\u00a0est\u00e1 vivendo em um contexto social e pol\u00edtico em que n\u00e3o s\u00e3o poupadas prova\u00e7\u00f5es e humilha\u00e7\u00f5es, e muito recentemente tamb\u00e9m amea\u00e7as e perigos para a pr\u00f3pria incolumidade f\u00edsica do Patriarca. Por\u00e9m, o esfor\u00e7o cotidiano de\u00a0Bartolomeu I\u00a0\u00e9 o de fazer da cruz uma ocasi\u00e3o de comunh\u00e3o e da fraqueza material a verdadeira e \u00fanica for\u00e7a capaz de transmitir ao mundo a verdade da mensagem crist\u00e3: uma obra humilde e tenaz que o Patriarca persegue desde o in\u00edcio do seu minist\u00e9rio primacial, quando quis reiterar que o\u00a0Patriarcado Ecum\u00eanico\u00a0era &#8220;uma institui\u00e7\u00e3o puramente espiritual, um s\u00edmbolo de reconcilia\u00e7\u00e3o e uma for\u00e7a desarmada&#8221;.<\/p>\n<p style=\"text-align: justify;\">E, na consci\u00eancia da sua pr\u00f3pria fragilidade, de um lado, e, por outro, na assun\u00e7\u00e3o resoluta de responsabilidades de grande f\u00f4lego, h\u00e1, finalmente, um outro elemento que aproxima as sensibilidades e as inten\u00e7\u00f5es do\u00a0Papa Francisco\u00a0e do\u00a0Patriarca Bartolomeu: a solicitude pela cria\u00e7\u00e3o, a cust\u00f3dia do mundo em que vivemos, a solidariedade com as outras cocriaturas com as quais compartilhamos o espa\u00e7o vital, esta nossa terra t\u00e3o ferida e amea\u00e7ada.<\/p>\n<p style=\"text-align: justify;\">A busca da unidade vis\u00edvel dos crist\u00e3os, testemunho da &#8220;gra\u00e7a preciosa&#8221;, que \u00e9 o tesouro de quem &#8220;segue pobre o\u00a0Cristo\u00a0pobre&#8221; e a responsabilidade pela humanidade e pela cria\u00e7\u00e3o inteira s\u00e3o os eixos do minist\u00e9rio pastoral do\u00a0Patriarca Bartolomeu\u00a0e s\u00e3o \u00e2mbitos que o Papa que veio &#8220;do fim do mundo&#8221; para assumir o sugestivo nome de\u00a0Francisco\u00a0tamb\u00e9m considera como essenciais para o an\u00fancio evang\u00e9lico da miseric\u00f3rdia, para a abertura de horizontes de esperan\u00e7a e de luz para os homens e as mulheres do nosso tempo e para as gera\u00e7\u00f5es futuras.<\/p>\n<p>&nbsp;<\/p>\n<p style=\"text-align: right;\">Pronunciamento de Bartolomeu I no Monast\u00e9rio de Bose &#8211; It\u00e1lia<\/p>\n<p>&nbsp;<\/p>\n<p style=\"text-align: right;\">Fonte: <a href=\"http:\/\/www.ihu.unisinos.br\/\" target=\"_blank\">IHU<\/a><\/p>\n","protected":false},"excerpt":{"rendered":"<p>Artigo de Enzo Bianchi Em uma temporada em que o di\u00e1logo ecum\u00eanico parecia irremediavelmente arrefecido por m\u00faltiplos sinais que contradiziam o caminho para a comunh\u00e3o, o\u00a0encontro\u00a0do\u00a0Papa Francisco\u00a0e do\u00a0Patriarca Bartolomeu I\u00a0desperta novamente a esperan\u00e7a de uma nova primavera. A opini\u00e3o \u00e9&#8230;<\/p>\n","protected":false},"author":1,"featured_media":6436,"comment_status":"open","ping_status":"open","sticky":false,"template":"","format":"standard","meta":{"_acf_changed":false,"footnotes":""},"categories":[3,72],"tags":[],"class_list":["post-6435","post","type-post","status-publish","format-standard","has-post-thumbnail","hentry","category-mundo","category-patriarcado-ecumenico","entry","rows-excerpt"],"acf":[],"yoast_head":"<!-- This site is optimized with the Yoast SEO plugin v27.4 - https:\/\/yoast.com\/product\/yoast-seo-wordpress\/ -->\n<title>FRANCISCO E BARTOLOMEU: a primavera ecum\u00eanica | ECCLESIA NEWS<\/title>\n<meta name=\"robots\" content=\"index, follow, max-snippet:-1, max-image-preview:large, max-video-preview:-1\" \/>\n<link rel=\"canonical\" href=\"https:\/\/news.ecclesia.org.br\/?p=6435\" \/>\n<meta property=\"og:locale\" content=\"pt_BR\" \/>\n<meta property=\"og:type\" content=\"article\" \/>\n<meta property=\"og:title\" content=\"FRANCISCO E BARTOLOMEU: a primavera ecum\u00eanica | ECCLESIA NEWS\" \/>\n<meta property=\"og:description\" content=\"Artigo de Enzo Bianchi Em uma temporada em que o di\u00e1logo ecum\u00eanico parecia irremediavelmente arrefecido por m\u00faltiplos sinais que contradiziam o caminho para a comunh\u00e3o, o\u00a0encontro\u00a0do\u00a0Papa Francisco\u00a0e do\u00a0Patriarca Bartolomeu I\u00a0desperta novamente a esperan\u00e7a de uma nova primavera. A opini\u00e3o \u00e9&#8230;\" \/>\n<meta property=\"og:url\" content=\"https:\/\/news.ecclesia.org.br\/?p=6435\" \/>\n<meta property=\"og:site_name\" content=\"ECCLESIA NEWS\" \/>\n<meta property=\"article:publisher\" content=\"https:\/\/www.facebook.com\/Ecclesia2025\" \/>\n<meta property=\"article:published_time\" content=\"2013-05-18T15:31:57+00:00\" \/>\n<meta property=\"article:modified_time\" content=\"2016-03-23T20:17:17+00:00\" \/>\n<meta property=\"og:image\" content=\"https:\/\/news.ecclesia.org.br\/wp-content\/uploads\/2013\/05\/bartolomeu-e-francisco-1.jpg\" \/>\n\t<meta property=\"og:image:width\" content=\"640\" \/>\n\t<meta property=\"og:image:height\" content=\"289\" \/>\n\t<meta property=\"og:image:type\" content=\"image\/jpeg\" \/>\n<meta name=\"author\" content=\"Pe. Andr\u00e9\" \/>\n<meta name=\"twitter:card\" content=\"summary_large_image\" \/>\n<meta name=\"twitter:creator\" content=\"@EcclesiaNews\" \/>\n<meta name=\"twitter:site\" content=\"@EcclesiaNews\" \/>\n<meta name=\"twitter:label1\" content=\"Escrito por\" \/>\n\t<meta name=\"twitter:data1\" content=\"Pe. Andr\u00e9\" \/>\n\t<meta name=\"twitter:label2\" content=\"Est. tempo de leitura\" \/>\n\t<meta name=\"twitter:data2\" content=\"5 minutos\" \/>\n<script type=\"application\/ld+json\" class=\"yoast-schema-graph\">{\"@context\":\"https:\\\/\\\/schema.org\",\"@graph\":[{\"@type\":\"Article\",\"@id\":\"https:\\\/\\\/news.ecclesia.org.br\\\/?p=6435#article\",\"isPartOf\":{\"@id\":\"https:\\\/\\\/news.ecclesia.org.br\\\/?p=6435\"},\"author\":{\"name\":\"Pe. Andr\u00e9\",\"@id\":\"https:\\\/\\\/news.ecclesia.org.br\\\/#\\\/schema\\\/person\\\/6f09597f025829745ba414a569f63758\"},\"headline\":\"FRANCISCO E BARTOLOMEU: a primavera ecum\u00eanica\",\"datePublished\":\"2013-05-18T15:31:57+00:00\",\"dateModified\":\"2016-03-23T20:17:17+00:00\",\"mainEntityOfPage\":{\"@id\":\"https:\\\/\\\/news.ecclesia.org.br\\\/?p=6435\"},\"wordCount\":933,\"commentCount\":0,\"publisher\":{\"@id\":\"https:\\\/\\\/news.ecclesia.org.br\\\/#organization\"},\"image\":{\"@id\":\"https:\\\/\\\/news.ecclesia.org.br\\\/?p=6435#primaryimage\"},\"thumbnailUrl\":\"https:\\\/\\\/news.ecclesia.org.br\\\/wp-content\\\/uploads\\\/2013\\\/05\\\/bartolomeu-e-francisco-1.jpg\",\"articleSection\":[\"Mundo Ortodoxo\",\"Patriarcado Ecum\u00eanico\"],\"inLanguage\":\"pt-BR\",\"potentialAction\":[{\"@type\":\"CommentAction\",\"name\":\"Comment\",\"target\":[\"https:\\\/\\\/news.ecclesia.org.br\\\/?p=6435#respond\"]}]},{\"@type\":\"WebPage\",\"@id\":\"https:\\\/\\\/news.ecclesia.org.br\\\/?p=6435\",\"url\":\"https:\\\/\\\/news.ecclesia.org.br\\\/?p=6435\",\"name\":\"FRANCISCO E BARTOLOMEU: a primavera ecum\u00eanica | ECCLESIA NEWS\",\"isPartOf\":{\"@id\":\"https:\\\/\\\/news.ecclesia.org.br\\\/#website\"},\"primaryImageOfPage\":{\"@id\":\"https:\\\/\\\/news.ecclesia.org.br\\\/?p=6435#primaryimage\"},\"image\":{\"@id\":\"https:\\\/\\\/news.ecclesia.org.br\\\/?p=6435#primaryimage\"},\"thumbnailUrl\":\"https:\\\/\\\/news.ecclesia.org.br\\\/wp-content\\\/uploads\\\/2013\\\/05\\\/bartolomeu-e-francisco-1.jpg\",\"datePublished\":\"2013-05-18T15:31:57+00:00\",\"dateModified\":\"2016-03-23T20:17:17+00:00\",\"breadcrumb\":{\"@id\":\"https:\\\/\\\/news.ecclesia.org.br\\\/?p=6435#breadcrumb\"},\"inLanguage\":\"pt-BR\",\"potentialAction\":[{\"@type\":\"ReadAction\",\"target\":[\"https:\\\/\\\/news.ecclesia.org.br\\\/?p=6435\"]}]},{\"@type\":\"ImageObject\",\"inLanguage\":\"pt-BR\",\"@id\":\"https:\\\/\\\/news.ecclesia.org.br\\\/?p=6435#primaryimage\",\"url\":\"https:\\\/\\\/news.ecclesia.org.br\\\/wp-content\\\/uploads\\\/2013\\\/05\\\/bartolomeu-e-francisco-1.jpg\",\"contentUrl\":\"https:\\\/\\\/news.ecclesia.org.br\\\/wp-content\\\/uploads\\\/2013\\\/05\\\/bartolomeu-e-francisco-1.jpg\",\"width\":640,\"height\":289},{\"@type\":\"BreadcrumbList\",\"@id\":\"https:\\\/\\\/news.ecclesia.org.br\\\/?p=6435#breadcrumb\",\"itemListElement\":[{\"@type\":\"ListItem\",\"position\":1,\"name\":\"In\u00edcio\",\"item\":\"https:\\\/\\\/news.ecclesia.org.br\\\/\"},{\"@type\":\"ListItem\",\"position\":2,\"name\":\"FRANCISCO E BARTOLOMEU: a primavera ecum\u00eanica\"}]},{\"@type\":\"WebSite\",\"@id\":\"https:\\\/\\\/news.ecclesia.org.br\\\/#website\",\"url\":\"https:\\\/\\\/news.ecclesia.org.br\\\/\",\"name\":\"Ecclesia Brasil\",\"description\":\"Desde 2003 onectando o Brasil ao mundo ortodoxo!\",\"publisher\":{\"@id\":\"https:\\\/\\\/news.ecclesia.org.br\\\/#organization\"},\"alternateName\":\"Ecclesia\",\"potentialAction\":[{\"@type\":\"SearchAction\",\"target\":{\"@type\":\"EntryPoint\",\"urlTemplate\":\"https:\\\/\\\/news.ecclesia.org.br\\\/?s={search_term_string}\"},\"query-input\":{\"@type\":\"PropertyValueSpecification\",\"valueRequired\":true,\"valueName\":\"search_term_string\"}}],\"inLanguage\":\"pt-BR\"},{\"@type\":\"Organization\",\"@id\":\"https:\\\/\\\/news.ecclesia.org.br\\\/#organization\",\"name\":\"Sacra Arquidiocese de Buenos Aires e Am\u00e9rica do Sul | Patriarcado Ecum\u00eanico\",\"alternateName\":\"News Ecclesia Brasil\",\"url\":\"https:\\\/\\\/news.ecclesia.org.br\\\/\",\"logo\":{\"@type\":\"ImageObject\",\"inLanguage\":\"pt-BR\",\"@id\":\"https:\\\/\\\/news.ecclesia.org.br\\\/#\\\/schema\\\/logo\\\/image\\\/\",\"url\":\"https:\\\/\\\/news.ecclesia.org.br\\\/wp-content\\\/uploads\\\/2025\\\/05\\\/ecclesia2.png\",\"contentUrl\":\"https:\\\/\\\/news.ecclesia.org.br\\\/wp-content\\\/uploads\\\/2025\\\/05\\\/ecclesia2.png\",\"width\":480,\"height\":120,\"caption\":\"Sacra Arquidiocese de Buenos Aires e Am\u00e9rica do Sul | Patriarcado Ecum\u00eanico\"},\"image\":{\"@id\":\"https:\\\/\\\/news.ecclesia.org.br\\\/#\\\/schema\\\/logo\\\/image\\\/\"},\"sameAs\":[\"https:\\\/\\\/www.facebook.com\\\/Ecclesia2025\",\"https:\\\/\\\/x.com\\\/EcclesiaNews\",\"https:\\\/\\\/br.pinterest.com\\\/ekklisia\\\/\",\"https:\\\/\\\/www.youtube.com\\\/@EcclesiaBrasil\"]},{\"@type\":\"Person\",\"@id\":\"https:\\\/\\\/news.ecclesia.org.br\\\/#\\\/schema\\\/person\\\/6f09597f025829745ba414a569f63758\",\"name\":\"Pe. Andr\u00e9\",\"image\":{\"@type\":\"ImageObject\",\"inLanguage\":\"pt-BR\",\"@id\":\"https:\\\/\\\/secure.gravatar.com\\\/avatar\\\/b4327cfa27e9799da239a26adcd534fc29cdc0c4a4a148eecbcfeb9b42c617ac?s=96&d=mm&r=g\",\"url\":\"https:\\\/\\\/secure.gravatar.com\\\/avatar\\\/b4327cfa27e9799da239a26adcd534fc29cdc0c4a4a148eecbcfeb9b42c617ac?s=96&d=mm&r=g\",\"contentUrl\":\"https:\\\/\\\/secure.gravatar.com\\\/avatar\\\/b4327cfa27e9799da239a26adcd534fc29cdc0c4a4a148eecbcfeb9b42c617ac?s=96&d=mm&r=g\",\"caption\":\"Pe. Andr\u00e9\"},\"sameAs\":[\"https:\\\/\\\/www.ecclesia.org.br\"]}]}<\/script>\n<!-- \/ Yoast SEO plugin. -->","yoast_head_json":{"title":"FRANCISCO E BARTOLOMEU: a primavera ecum\u00eanica | ECCLESIA NEWS","robots":{"index":"index","follow":"follow","max-snippet":"max-snippet:-1","max-image-preview":"max-image-preview:large","max-video-preview":"max-video-preview:-1"},"canonical":"https:\/\/news.ecclesia.org.br\/?p=6435","og_locale":"pt_BR","og_type":"article","og_title":"FRANCISCO E BARTOLOMEU: a primavera ecum\u00eanica | ECCLESIA NEWS","og_description":"Artigo de Enzo Bianchi Em uma temporada em que o di\u00e1logo ecum\u00eanico parecia irremediavelmente arrefecido por m\u00faltiplos sinais que contradiziam o caminho para a comunh\u00e3o, o\u00a0encontro\u00a0do\u00a0Papa Francisco\u00a0e do\u00a0Patriarca Bartolomeu I\u00a0desperta novamente a esperan\u00e7a de uma nova primavera. A opini\u00e3o \u00e9&#8230;","og_url":"https:\/\/news.ecclesia.org.br\/?p=6435","og_site_name":"ECCLESIA NEWS","article_publisher":"https:\/\/www.facebook.com\/Ecclesia2025","article_published_time":"2013-05-18T15:31:57+00:00","article_modified_time":"2016-03-23T20:17:17+00:00","og_image":[{"width":640,"height":289,"url":"https:\/\/news.ecclesia.org.br\/wp-content\/uploads\/2013\/05\/bartolomeu-e-francisco-1.jpg","type":"image\/jpeg"}],"author":"Pe. Andr\u00e9","twitter_card":"summary_large_image","twitter_creator":"@EcclesiaNews","twitter_site":"@EcclesiaNews","twitter_misc":{"Escrito por":"Pe. Andr\u00e9","Est. tempo de leitura":"5 minutos"},"schema":{"@context":"https:\/\/schema.org","@graph":[{"@type":"Article","@id":"https:\/\/news.ecclesia.org.br\/?p=6435#article","isPartOf":{"@id":"https:\/\/news.ecclesia.org.br\/?p=6435"},"author":{"name":"Pe. Andr\u00e9","@id":"https:\/\/news.ecclesia.org.br\/#\/schema\/person\/6f09597f025829745ba414a569f63758"},"headline":"FRANCISCO E BARTOLOMEU: a primavera ecum\u00eanica","datePublished":"2013-05-18T15:31:57+00:00","dateModified":"2016-03-23T20:17:17+00:00","mainEntityOfPage":{"@id":"https:\/\/news.ecclesia.org.br\/?p=6435"},"wordCount":933,"commentCount":0,"publisher":{"@id":"https:\/\/news.ecclesia.org.br\/#organization"},"image":{"@id":"https:\/\/news.ecclesia.org.br\/?p=6435#primaryimage"},"thumbnailUrl":"https:\/\/news.ecclesia.org.br\/wp-content\/uploads\/2013\/05\/bartolomeu-e-francisco-1.jpg","articleSection":["Mundo Ortodoxo","Patriarcado Ecum\u00eanico"],"inLanguage":"pt-BR","potentialAction":[{"@type":"CommentAction","name":"Comment","target":["https:\/\/news.ecclesia.org.br\/?p=6435#respond"]}]},{"@type":"WebPage","@id":"https:\/\/news.ecclesia.org.br\/?p=6435","url":"https:\/\/news.ecclesia.org.br\/?p=6435","name":"FRANCISCO E BARTOLOMEU: a primavera ecum\u00eanica | ECCLESIA NEWS","isPartOf":{"@id":"https:\/\/news.ecclesia.org.br\/#website"},"primaryImageOfPage":{"@id":"https:\/\/news.ecclesia.org.br\/?p=6435#primaryimage"},"image":{"@id":"https:\/\/news.ecclesia.org.br\/?p=6435#primaryimage"},"thumbnailUrl":"https:\/\/news.ecclesia.org.br\/wp-content\/uploads\/2013\/05\/bartolomeu-e-francisco-1.jpg","datePublished":"2013-05-18T15:31:57+00:00","dateModified":"2016-03-23T20:17:17+00:00","breadcrumb":{"@id":"https:\/\/news.ecclesia.org.br\/?p=6435#breadcrumb"},"inLanguage":"pt-BR","potentialAction":[{"@type":"ReadAction","target":["https:\/\/news.ecclesia.org.br\/?p=6435"]}]},{"@type":"ImageObject","inLanguage":"pt-BR","@id":"https:\/\/news.ecclesia.org.br\/?p=6435#primaryimage","url":"https:\/\/news.ecclesia.org.br\/wp-content\/uploads\/2013\/05\/bartolomeu-e-francisco-1.jpg","contentUrl":"https:\/\/news.ecclesia.org.br\/wp-content\/uploads\/2013\/05\/bartolomeu-e-francisco-1.jpg","width":640,"height":289},{"@type":"BreadcrumbList","@id":"https:\/\/news.ecclesia.org.br\/?p=6435#breadcrumb","itemListElement":[{"@type":"ListItem","position":1,"name":"In\u00edcio","item":"https:\/\/news.ecclesia.org.br\/"},{"@type":"ListItem","position":2,"name":"FRANCISCO E BARTOLOMEU: a primavera ecum\u00eanica"}]},{"@type":"WebSite","@id":"https:\/\/news.ecclesia.org.br\/#website","url":"https:\/\/news.ecclesia.org.br\/","name":"Ecclesia Brasil","description":"Desde 2003 onectando o Brasil ao mundo ortodoxo!","publisher":{"@id":"https:\/\/news.ecclesia.org.br\/#organization"},"alternateName":"Ecclesia","potentialAction":[{"@type":"SearchAction","target":{"@type":"EntryPoint","urlTemplate":"https:\/\/news.ecclesia.org.br\/?s={search_term_string}"},"query-input":{"@type":"PropertyValueSpecification","valueRequired":true,"valueName":"search_term_string"}}],"inLanguage":"pt-BR"},{"@type":"Organization","@id":"https:\/\/news.ecclesia.org.br\/#organization","name":"Sacra Arquidiocese de Buenos Aires e Am\u00e9rica do Sul | Patriarcado Ecum\u00eanico","alternateName":"News Ecclesia Brasil","url":"https:\/\/news.ecclesia.org.br\/","logo":{"@type":"ImageObject","inLanguage":"pt-BR","@id":"https:\/\/news.ecclesia.org.br\/#\/schema\/logo\/image\/","url":"https:\/\/news.ecclesia.org.br\/wp-content\/uploads\/2025\/05\/ecclesia2.png","contentUrl":"https:\/\/news.ecclesia.org.br\/wp-content\/uploads\/2025\/05\/ecclesia2.png","width":480,"height":120,"caption":"Sacra Arquidiocese de Buenos Aires e Am\u00e9rica do Sul | Patriarcado Ecum\u00eanico"},"image":{"@id":"https:\/\/news.ecclesia.org.br\/#\/schema\/logo\/image\/"},"sameAs":["https:\/\/www.facebook.com\/Ecclesia2025","https:\/\/x.com\/EcclesiaNews","https:\/\/br.pinterest.com\/ekklisia\/","https:\/\/www.youtube.com\/@EcclesiaBrasil"]},{"@type":"Person","@id":"https:\/\/news.ecclesia.org.br\/#\/schema\/person\/6f09597f025829745ba414a569f63758","name":"Pe. Andr\u00e9","image":{"@type":"ImageObject","inLanguage":"pt-BR","@id":"https:\/\/secure.gravatar.com\/avatar\/b4327cfa27e9799da239a26adcd534fc29cdc0c4a4a148eecbcfeb9b42c617ac?s=96&d=mm&r=g","url":"https:\/\/secure.gravatar.com\/avatar\/b4327cfa27e9799da239a26adcd534fc29cdc0c4a4a148eecbcfeb9b42c617ac?s=96&d=mm&r=g","contentUrl":"https:\/\/secure.gravatar.com\/avatar\/b4327cfa27e9799da239a26adcd534fc29cdc0c4a4a148eecbcfeb9b42c617ac?s=96&d=mm&r=g","caption":"Pe. Andr\u00e9"},"sameAs":["https:\/\/www.ecclesia.org.br"]}]}},"_links":{"self":[{"href":"https:\/\/news.ecclesia.org.br\/index.php?rest_route=\/wp\/v2\/posts\/6435","targetHints":{"allow":["GET"]}}],"collection":[{"href":"https:\/\/news.ecclesia.org.br\/index.php?rest_route=\/wp\/v2\/posts"}],"about":[{"href":"https:\/\/news.ecclesia.org.br\/index.php?rest_route=\/wp\/v2\/types\/post"}],"author":[{"embeddable":true,"href":"https:\/\/news.ecclesia.org.br\/index.php?rest_route=\/wp\/v2\/users\/1"}],"replies":[{"embeddable":true,"href":"https:\/\/news.ecclesia.org.br\/index.php?rest_route=%2Fwp%2Fv2%2Fcomments&post=6435"}],"version-history":[{"count":0,"href":"https:\/\/news.ecclesia.org.br\/index.php?rest_route=\/wp\/v2\/posts\/6435\/revisions"}],"wp:featuredmedia":[{"embeddable":true,"href":"https:\/\/news.ecclesia.org.br\/index.php?rest_route=\/wp\/v2\/media\/6436"}],"wp:attachment":[{"href":"https:\/\/news.ecclesia.org.br\/index.php?rest_route=%2Fwp%2Fv2%2Fmedia&parent=6435"}],"wp:term":[{"taxonomy":"category","embeddable":true,"href":"https:\/\/news.ecclesia.org.br\/index.php?rest_route=%2Fwp%2Fv2%2Fcategories&post=6435"},{"taxonomy":"post_tag","embeddable":true,"href":"https:\/\/news.ecclesia.org.br\/index.php?rest_route=%2Fwp%2Fv2%2Ftags&post=6435"}],"curies":[{"name":"wp","href":"https:\/\/api.w.org\/{rel}","templated":true}]}}