{"id":6432,"date":"2013-05-18T13:37:04","date_gmt":"2013-05-18T16:37:04","guid":{"rendered":"http:\/\/www.ecclesia.com.br\/news\/2013\/?p=6432"},"modified":"2016-03-23T20:17:47","modified_gmt":"2016-03-23T20:17:47","slug":"arcebispo-tarasios-com-o-cardeal-odilo-scherer","status":"publish","type":"post","link":"https:\/\/news.ecclesia.org.br\/?p=6432","title":{"rendered":"ARCEBISPO TARASIOS COM O CARDEAL ODILO SCHERER"},"content":{"rendered":"<p style=\"text-align: justify;\"><a href=\"https:\/\/news.ecclesia.org.br\/2013\/wp-content\/uploads\/2013\/05\/tarasios-odilo-1.jpg\" rel=\"attachment wp-att-6433\"><img fetchpriority=\"high\" decoding=\"async\" class=\"alignleft size-medium wp-image-6433\" src=\"https:\/\/news.ecclesia.org.br\/2013\/wp-content\/uploads\/2013\/05\/tarasios-odilo-1-300x199.jpg\" alt=\"+tarasios-+odilo\" width=\"300\" height=\"199\" srcset=\"https:\/\/news.ecclesia.org.br\/wp-content\/uploads\/2013\/05\/tarasios-odilo-1-300x199.jpg 300w, https:\/\/news.ecclesia.org.br\/wp-content\/uploads\/2013\/05\/tarasios-odilo-1-83x55.jpg 83w, https:\/\/news.ecclesia.org.br\/wp-content\/uploads\/2013\/05\/tarasios-odilo-1-60x40.jpg 60w, https:\/\/news.ecclesia.org.br\/wp-content\/uploads\/2013\/05\/tarasios-odilo-1-120x80.jpg 120w, https:\/\/news.ecclesia.org.br\/wp-content\/uploads\/2013\/05\/tarasios-odilo-1.jpg 640w\" sizes=\"(max-width: 300px) 100vw, 300px\" \/><\/a>Dom Tarasios, Arcebispo Metropolitano de Buenos Aires e Exarca da Am\u00e9rica do Sul da Igreja Ortodoxa Grega \u2013 Patriarcado Ecum\u00eanico, visitou na tarde desta sexta-feira, 17, o cardeal dom Odilo Pedro Scherer, Arcebispo Metropolitano de S\u00e3o Paulo.<\/p>\n<p style=\"text-align: justify;\">O principal motivo do encontro foi falar da vinda do Patriarca Ecum\u00eanico Bartolomeu I, em novembro de 2014. De acordo com dom Tarasios, a visita ser\u00e1 para toda Am\u00e9rica do Sul \u2013 Buenos Aires, Chile, Peru, Montevid\u00e9u \u2013 e terminar\u00e1 no Brasil.<\/p>\n<p style=\"text-align: justify;\">Para o cardeal Dom Odilo Pedro Scherer a visita do Patriarca ser\u00e1 um momento de valoriza\u00e7\u00e3o dos crist\u00e3os gregos ortodoxos na cidade que, apesar de ser uma comunidade pequena, existe e durante os dias da visita ser\u00e1 posta em evidencia.<\/p>\n<p style=\"text-align: justify;\">Ainda n\u00e3o se tem detalhes da agenda da visita de Sua Santidade Bartolomeu I, por\u00e9m Dom Odilo destaca que pode haver momentos de celebra\u00e7\u00e3o ecum\u00eanica, ou encontros ecum\u00eanicos sendo realizados at\u00e9 mesmo na Catedral da S\u00e9.<\/p>\n<p style=\"text-align: justify;\">Para o c\u00f4nego Jos\u00e9 Bizon, diretor da Casa da Reconcilia\u00e7\u00e3o e encarregado da Pastoral do Di\u00e1logo Ecum\u00eanico e Inter-religioso da Arquidiocese de S\u00e3o Paulo, a presen\u00e7a de Dom Tarasios na prepara\u00e7\u00e3o para a vinda do Patriarca traz um convite a Igreja Cat\u00f3lica, e leva a reflex\u00e3o do que ela pode fazer para ajudar que a visita seja \u201cbem ecum\u00eanica e bem tranquila\u201d.<\/p>\n<p style=\"text-align: justify;\">Esta semana \u2013 entre a celebra\u00e7\u00e3o da Ascens\u00e3o do Senhor e de Pentecostes, \u00e9 conhecida como a\u00a0\u201cSemana de Ora\u00e7\u00e3o pela Unidade dos Crist\u00e3os\u201d. De acordo com Dom Odilo a presen\u00e7a de Dom Tarasios na Arquidiocese de S\u00e3o Paulo foi uma \u201cfeliz coincid\u00eancia\u201d.<\/p>\n","protected":false},"excerpt":{"rendered":"<p>Dom Tarasios, Arcebispo Metropolitano de Buenos Aires e Exarca da Am\u00e9rica do Sul da Igreja Ortodoxa Grega \u2013 Patriarcado Ecum\u00eanico, visitou na tarde desta sexta-feira, 17, o cardeal dom Odilo Pedro Scherer, Arcebispo Metropolitano de S\u00e3o Paulo. O principal motivo&#8230;<\/p>\n","protected":false},"author":1,"featured_media":6433,"comment_status":"open","ping_status":"open","sticky":false,"template":"","format":"standard","meta":{"_acf_changed":false,"footnotes":""},"categories":[40,42],"tags":[],"class_list":["post-6432","post","type-post","status-publish","format-standard","has-post-thumbnail","hentry","category-arquidiocese-de-buenos-aires-e-america-do-sul","category-brasil","entry","rows-excerpt"],"acf":[],"yoast_head":"<!-- This site is optimized with the Yoast SEO plugin v27.5 - https:\/\/yoast.com\/product\/yoast-seo-wordpress\/ -->\n<title>ARCEBISPO TARASIOS COM O CARDEAL ODILO SCHERER | ECCLESIA NEWS<\/title>\n<meta name=\"robots\" content=\"index, follow, max-snippet:-1, max-image-preview:large, max-video-preview:-1\" \/>\n<link rel=\"canonical\" href=\"https:\/\/news.ecclesia.org.br\/?p=6432\" \/>\n<meta property=\"og:locale\" content=\"pt_BR\" \/>\n<meta property=\"og:type\" content=\"article\" \/>\n<meta property=\"og:title\" content=\"ARCEBISPO TARASIOS COM O CARDEAL ODILO SCHERER | ECCLESIA NEWS\" \/>\n<meta property=\"og:description\" content=\"Dom Tarasios, Arcebispo Metropolitano de Buenos Aires e Exarca da Am\u00e9rica do Sul da Igreja Ortodoxa Grega \u2013 Patriarcado Ecum\u00eanico, visitou na tarde desta sexta-feira, 17, o cardeal dom Odilo Pedro Scherer, Arcebispo Metropolitano de S\u00e3o Paulo. O principal motivo&#8230;\" \/>\n<meta property=\"og:url\" content=\"https:\/\/news.ecclesia.org.br\/?p=6432\" \/>\n<meta property=\"og:site_name\" content=\"ECCLESIA NEWS\" \/>\n<meta property=\"article:publisher\" content=\"https:\/\/www.facebook.com\/Ecclesia2025\" \/>\n<meta property=\"article:published_time\" content=\"2013-05-18T16:37:04+00:00\" \/>\n<meta property=\"article:modified_time\" content=\"2016-03-23T20:17:47+00:00\" \/>\n<meta property=\"og:image\" content=\"https:\/\/news.ecclesia.org.br\/wp-content\/uploads\/2013\/05\/tarasios-odilo-1.jpg\" \/>\n\t<meta property=\"og:image:width\" content=\"640\" \/>\n\t<meta property=\"og:image:height\" content=\"424\" \/>\n\t<meta property=\"og:image:type\" content=\"image\/jpeg\" \/>\n<meta name=\"author\" content=\"Pe. Andr\u00e9\" \/>\n<meta name=\"twitter:card\" content=\"summary_large_image\" \/>\n<meta name=\"twitter:creator\" content=\"@EcclesiaNews\" \/>\n<meta name=\"twitter:site\" content=\"@EcclesiaNews\" \/>\n<meta name=\"twitter:label1\" content=\"Escrito por\" \/>\n\t<meta name=\"twitter:data1\" content=\"Pe. Andr\u00e9\" \/>\n\t<meta name=\"twitter:label2\" content=\"Est. tempo de leitura\" \/>\n\t<meta name=\"twitter:data2\" content=\"1 minuto\" \/>\n<script type=\"application\/ld+json\" class=\"yoast-schema-graph\">{\"@context\":\"https:\\\/\\\/schema.org\",\"@graph\":[{\"@type\":\"Article\",\"@id\":\"https:\\\/\\\/news.ecclesia.org.br\\\/?p=6432#article\",\"isPartOf\":{\"@id\":\"https:\\\/\\\/news.ecclesia.org.br\\\/?p=6432\"},\"author\":{\"name\":\"Pe. Andr\u00e9\",\"@id\":\"https:\\\/\\\/news.ecclesia.org.br\\\/#\\\/schema\\\/person\\\/6f09597f025829745ba414a569f63758\"},\"headline\":\"ARCEBISPO TARASIOS COM O CARDEAL ODILO SCHERER\",\"datePublished\":\"2013-05-18T16:37:04+00:00\",\"dateModified\":\"2016-03-23T20:17:47+00:00\",\"mainEntityOfPage\":{\"@id\":\"https:\\\/\\\/news.ecclesia.org.br\\\/?p=6432\"},\"wordCount\":290,\"commentCount\":0,\"publisher\":{\"@id\":\"https:\\\/\\\/news.ecclesia.org.br\\\/#organization\"},\"image\":{\"@id\":\"https:\\\/\\\/news.ecclesia.org.br\\\/?p=6432#primaryimage\"},\"thumbnailUrl\":\"https:\\\/\\\/news.ecclesia.org.br\\\/wp-content\\\/uploads\\\/2013\\\/05\\\/tarasios-odilo-1.jpg\",\"articleSection\":[\"Arquidiocese de Buenos Aires e Am\u00e9rica do Sul\",\"BRASIL\"],\"inLanguage\":\"pt-BR\",\"potentialAction\":[{\"@type\":\"CommentAction\",\"name\":\"Comment\",\"target\":[\"https:\\\/\\\/news.ecclesia.org.br\\\/?p=6432#respond\"]}]},{\"@type\":\"WebPage\",\"@id\":\"https:\\\/\\\/news.ecclesia.org.br\\\/?p=6432\",\"url\":\"https:\\\/\\\/news.ecclesia.org.br\\\/?p=6432\",\"name\":\"ARCEBISPO TARASIOS COM O CARDEAL ODILO SCHERER | ECCLESIA NEWS\",\"isPartOf\":{\"@id\":\"https:\\\/\\\/news.ecclesia.org.br\\\/#website\"},\"primaryImageOfPage\":{\"@id\":\"https:\\\/\\\/news.ecclesia.org.br\\\/?p=6432#primaryimage\"},\"image\":{\"@id\":\"https:\\\/\\\/news.ecclesia.org.br\\\/?p=6432#primaryimage\"},\"thumbnailUrl\":\"https:\\\/\\\/news.ecclesia.org.br\\\/wp-content\\\/uploads\\\/2013\\\/05\\\/tarasios-odilo-1.jpg\",\"datePublished\":\"2013-05-18T16:37:04+00:00\",\"dateModified\":\"2016-03-23T20:17:47+00:00\",\"breadcrumb\":{\"@id\":\"https:\\\/\\\/news.ecclesia.org.br\\\/?p=6432#breadcrumb\"},\"inLanguage\":\"pt-BR\",\"potentialAction\":[{\"@type\":\"ReadAction\",\"target\":[\"https:\\\/\\\/news.ecclesia.org.br\\\/?p=6432\"]}]},{\"@type\":\"ImageObject\",\"inLanguage\":\"pt-BR\",\"@id\":\"https:\\\/\\\/news.ecclesia.org.br\\\/?p=6432#primaryimage\",\"url\":\"https:\\\/\\\/news.ecclesia.org.br\\\/wp-content\\\/uploads\\\/2013\\\/05\\\/tarasios-odilo-1.jpg\",\"contentUrl\":\"https:\\\/\\\/news.ecclesia.org.br\\\/wp-content\\\/uploads\\\/2013\\\/05\\\/tarasios-odilo-1.jpg\",\"width\":640,\"height\":424},{\"@type\":\"BreadcrumbList\",\"@id\":\"https:\\\/\\\/news.ecclesia.org.br\\\/?p=6432#breadcrumb\",\"itemListElement\":[{\"@type\":\"ListItem\",\"position\":1,\"name\":\"In\u00edcio\",\"item\":\"https:\\\/\\\/news.ecclesia.org.br\\\/\"},{\"@type\":\"ListItem\",\"position\":2,\"name\":\"ARCEBISPO TARASIOS COM O CARDEAL ODILO SCHERER\"}]},{\"@type\":\"WebSite\",\"@id\":\"https:\\\/\\\/news.ecclesia.org.br\\\/#website\",\"url\":\"https:\\\/\\\/news.ecclesia.org.br\\\/\",\"name\":\"Ecclesia Brasil\",\"description\":\"Desde 2003 onectando o Brasil ao mundo ortodoxo!\",\"publisher\":{\"@id\":\"https:\\\/\\\/news.ecclesia.org.br\\\/#organization\"},\"alternateName\":\"Ecclesia\",\"potentialAction\":[{\"@type\":\"SearchAction\",\"target\":{\"@type\":\"EntryPoint\",\"urlTemplate\":\"https:\\\/\\\/news.ecclesia.org.br\\\/?s={search_term_string}\"},\"query-input\":{\"@type\":\"PropertyValueSpecification\",\"valueRequired\":true,\"valueName\":\"search_term_string\"}}],\"inLanguage\":\"pt-BR\"},{\"@type\":\"Organization\",\"@id\":\"https:\\\/\\\/news.ecclesia.org.br\\\/#organization\",\"name\":\"Sacra Arquidiocese de Buenos Aires e Am\u00e9rica do Sul | Patriarcado Ecum\u00eanico\",\"alternateName\":\"News Ecclesia Brasil\",\"url\":\"https:\\\/\\\/news.ecclesia.org.br\\\/\",\"logo\":{\"@type\":\"ImageObject\",\"inLanguage\":\"pt-BR\",\"@id\":\"https:\\\/\\\/news.ecclesia.org.br\\\/#\\\/schema\\\/logo\\\/image\\\/\",\"url\":\"https:\\\/\\\/news.ecclesia.org.br\\\/wp-content\\\/uploads\\\/2025\\\/05\\\/ecclesia2.png\",\"contentUrl\":\"https:\\\/\\\/news.ecclesia.org.br\\\/wp-content\\\/uploads\\\/2025\\\/05\\\/ecclesia2.png\",\"width\":480,\"height\":120,\"caption\":\"Sacra Arquidiocese de Buenos Aires e Am\u00e9rica do Sul | Patriarcado Ecum\u00eanico\"},\"image\":{\"@id\":\"https:\\\/\\\/news.ecclesia.org.br\\\/#\\\/schema\\\/logo\\\/image\\\/\"},\"sameAs\":[\"https:\\\/\\\/www.facebook.com\\\/Ecclesia2025\",\"https:\\\/\\\/x.com\\\/EcclesiaNews\",\"https:\\\/\\\/br.pinterest.com\\\/ekklisia\\\/\",\"https:\\\/\\\/www.youtube.com\\\/@EcclesiaBrasil\"]},{\"@type\":\"Person\",\"@id\":\"https:\\\/\\\/news.ecclesia.org.br\\\/#\\\/schema\\\/person\\\/6f09597f025829745ba414a569f63758\",\"name\":\"Pe. Andr\u00e9\",\"image\":{\"@type\":\"ImageObject\",\"inLanguage\":\"pt-BR\",\"@id\":\"https:\\\/\\\/secure.gravatar.com\\\/avatar\\\/b4327cfa27e9799da239a26adcd534fc29cdc0c4a4a148eecbcfeb9b42c617ac?s=96&d=mm&r=g\",\"url\":\"https:\\\/\\\/secure.gravatar.com\\\/avatar\\\/b4327cfa27e9799da239a26adcd534fc29cdc0c4a4a148eecbcfeb9b42c617ac?s=96&d=mm&r=g\",\"contentUrl\":\"https:\\\/\\\/secure.gravatar.com\\\/avatar\\\/b4327cfa27e9799da239a26adcd534fc29cdc0c4a4a148eecbcfeb9b42c617ac?s=96&d=mm&r=g\",\"caption\":\"Pe. Andr\u00e9\"},\"sameAs\":[\"https:\\\/\\\/www.ecclesia.org.br\"]}]}<\/script>\n<!-- \/ Yoast SEO plugin. -->","yoast_head_json":{"title":"ARCEBISPO TARASIOS COM O CARDEAL ODILO SCHERER | ECCLESIA NEWS","robots":{"index":"index","follow":"follow","max-snippet":"max-snippet:-1","max-image-preview":"max-image-preview:large","max-video-preview":"max-video-preview:-1"},"canonical":"https:\/\/news.ecclesia.org.br\/?p=6432","og_locale":"pt_BR","og_type":"article","og_title":"ARCEBISPO TARASIOS COM O CARDEAL ODILO SCHERER | ECCLESIA NEWS","og_description":"Dom Tarasios, Arcebispo Metropolitano de Buenos Aires e Exarca da Am\u00e9rica do Sul da Igreja Ortodoxa Grega \u2013 Patriarcado Ecum\u00eanico, visitou na tarde desta sexta-feira, 17, o cardeal dom Odilo Pedro Scherer, Arcebispo Metropolitano de S\u00e3o Paulo. O principal motivo&#8230;","og_url":"https:\/\/news.ecclesia.org.br\/?p=6432","og_site_name":"ECCLESIA NEWS","article_publisher":"https:\/\/www.facebook.com\/Ecclesia2025","article_published_time":"2013-05-18T16:37:04+00:00","article_modified_time":"2016-03-23T20:17:47+00:00","og_image":[{"width":640,"height":424,"url":"https:\/\/news.ecclesia.org.br\/wp-content\/uploads\/2013\/05\/tarasios-odilo-1.jpg","type":"image\/jpeg"}],"author":"Pe. Andr\u00e9","twitter_card":"summary_large_image","twitter_creator":"@EcclesiaNews","twitter_site":"@EcclesiaNews","twitter_misc":{"Escrito por":"Pe. Andr\u00e9","Est. tempo de leitura":"1 minuto"},"schema":{"@context":"https:\/\/schema.org","@graph":[{"@type":"Article","@id":"https:\/\/news.ecclesia.org.br\/?p=6432#article","isPartOf":{"@id":"https:\/\/news.ecclesia.org.br\/?p=6432"},"author":{"name":"Pe. Andr\u00e9","@id":"https:\/\/news.ecclesia.org.br\/#\/schema\/person\/6f09597f025829745ba414a569f63758"},"headline":"ARCEBISPO TARASIOS COM O CARDEAL ODILO SCHERER","datePublished":"2013-05-18T16:37:04+00:00","dateModified":"2016-03-23T20:17:47+00:00","mainEntityOfPage":{"@id":"https:\/\/news.ecclesia.org.br\/?p=6432"},"wordCount":290,"commentCount":0,"publisher":{"@id":"https:\/\/news.ecclesia.org.br\/#organization"},"image":{"@id":"https:\/\/news.ecclesia.org.br\/?p=6432#primaryimage"},"thumbnailUrl":"https:\/\/news.ecclesia.org.br\/wp-content\/uploads\/2013\/05\/tarasios-odilo-1.jpg","articleSection":["Arquidiocese de Buenos Aires e Am\u00e9rica do Sul","BRASIL"],"inLanguage":"pt-BR","potentialAction":[{"@type":"CommentAction","name":"Comment","target":["https:\/\/news.ecclesia.org.br\/?p=6432#respond"]}]},{"@type":"WebPage","@id":"https:\/\/news.ecclesia.org.br\/?p=6432","url":"https:\/\/news.ecclesia.org.br\/?p=6432","name":"ARCEBISPO TARASIOS COM O CARDEAL ODILO SCHERER | ECCLESIA NEWS","isPartOf":{"@id":"https:\/\/news.ecclesia.org.br\/#website"},"primaryImageOfPage":{"@id":"https:\/\/news.ecclesia.org.br\/?p=6432#primaryimage"},"image":{"@id":"https:\/\/news.ecclesia.org.br\/?p=6432#primaryimage"},"thumbnailUrl":"https:\/\/news.ecclesia.org.br\/wp-content\/uploads\/2013\/05\/tarasios-odilo-1.jpg","datePublished":"2013-05-18T16:37:04+00:00","dateModified":"2016-03-23T20:17:47+00:00","breadcrumb":{"@id":"https:\/\/news.ecclesia.org.br\/?p=6432#breadcrumb"},"inLanguage":"pt-BR","potentialAction":[{"@type":"ReadAction","target":["https:\/\/news.ecclesia.org.br\/?p=6432"]}]},{"@type":"ImageObject","inLanguage":"pt-BR","@id":"https:\/\/news.ecclesia.org.br\/?p=6432#primaryimage","url":"https:\/\/news.ecclesia.org.br\/wp-content\/uploads\/2013\/05\/tarasios-odilo-1.jpg","contentUrl":"https:\/\/news.ecclesia.org.br\/wp-content\/uploads\/2013\/05\/tarasios-odilo-1.jpg","width":640,"height":424},{"@type":"BreadcrumbList","@id":"https:\/\/news.ecclesia.org.br\/?p=6432#breadcrumb","itemListElement":[{"@type":"ListItem","position":1,"name":"In\u00edcio","item":"https:\/\/news.ecclesia.org.br\/"},{"@type":"ListItem","position":2,"name":"ARCEBISPO TARASIOS COM O CARDEAL ODILO SCHERER"}]},{"@type":"WebSite","@id":"https:\/\/news.ecclesia.org.br\/#website","url":"https:\/\/news.ecclesia.org.br\/","name":"Ecclesia Brasil","description":"Desde 2003 onectando o Brasil ao mundo ortodoxo!","publisher":{"@id":"https:\/\/news.ecclesia.org.br\/#organization"},"alternateName":"Ecclesia","potentialAction":[{"@type":"SearchAction","target":{"@type":"EntryPoint","urlTemplate":"https:\/\/news.ecclesia.org.br\/?s={search_term_string}"},"query-input":{"@type":"PropertyValueSpecification","valueRequired":true,"valueName":"search_term_string"}}],"inLanguage":"pt-BR"},{"@type":"Organization","@id":"https:\/\/news.ecclesia.org.br\/#organization","name":"Sacra Arquidiocese de Buenos Aires e Am\u00e9rica do Sul | Patriarcado Ecum\u00eanico","alternateName":"News Ecclesia Brasil","url":"https:\/\/news.ecclesia.org.br\/","logo":{"@type":"ImageObject","inLanguage":"pt-BR","@id":"https:\/\/news.ecclesia.org.br\/#\/schema\/logo\/image\/","url":"https:\/\/news.ecclesia.org.br\/wp-content\/uploads\/2025\/05\/ecclesia2.png","contentUrl":"https:\/\/news.ecclesia.org.br\/wp-content\/uploads\/2025\/05\/ecclesia2.png","width":480,"height":120,"caption":"Sacra Arquidiocese de Buenos Aires e Am\u00e9rica do Sul | Patriarcado Ecum\u00eanico"},"image":{"@id":"https:\/\/news.ecclesia.org.br\/#\/schema\/logo\/image\/"},"sameAs":["https:\/\/www.facebook.com\/Ecclesia2025","https:\/\/x.com\/EcclesiaNews","https:\/\/br.pinterest.com\/ekklisia\/","https:\/\/www.youtube.com\/@EcclesiaBrasil"]},{"@type":"Person","@id":"https:\/\/news.ecclesia.org.br\/#\/schema\/person\/6f09597f025829745ba414a569f63758","name":"Pe. Andr\u00e9","image":{"@type":"ImageObject","inLanguage":"pt-BR","@id":"https:\/\/secure.gravatar.com\/avatar\/b4327cfa27e9799da239a26adcd534fc29cdc0c4a4a148eecbcfeb9b42c617ac?s=96&d=mm&r=g","url":"https:\/\/secure.gravatar.com\/avatar\/b4327cfa27e9799da239a26adcd534fc29cdc0c4a4a148eecbcfeb9b42c617ac?s=96&d=mm&r=g","contentUrl":"https:\/\/secure.gravatar.com\/avatar\/b4327cfa27e9799da239a26adcd534fc29cdc0c4a4a148eecbcfeb9b42c617ac?s=96&d=mm&r=g","caption":"Pe. Andr\u00e9"},"sameAs":["https:\/\/www.ecclesia.org.br"]}]}},"_links":{"self":[{"href":"https:\/\/news.ecclesia.org.br\/index.php?rest_route=\/wp\/v2\/posts\/6432","targetHints":{"allow":["GET"]}}],"collection":[{"href":"https:\/\/news.ecclesia.org.br\/index.php?rest_route=\/wp\/v2\/posts"}],"about":[{"href":"https:\/\/news.ecclesia.org.br\/index.php?rest_route=\/wp\/v2\/types\/post"}],"author":[{"embeddable":true,"href":"https:\/\/news.ecclesia.org.br\/index.php?rest_route=\/wp\/v2\/users\/1"}],"replies":[{"embeddable":true,"href":"https:\/\/news.ecclesia.org.br\/index.php?rest_route=%2Fwp%2Fv2%2Fcomments&post=6432"}],"version-history":[{"count":0,"href":"https:\/\/news.ecclesia.org.br\/index.php?rest_route=\/wp\/v2\/posts\/6432\/revisions"}],"wp:featuredmedia":[{"embeddable":true,"href":"https:\/\/news.ecclesia.org.br\/index.php?rest_route=\/wp\/v2\/media\/6433"}],"wp:attachment":[{"href":"https:\/\/news.ecclesia.org.br\/index.php?rest_route=%2Fwp%2Fv2%2Fmedia&parent=6432"}],"wp:term":[{"taxonomy":"category","embeddable":true,"href":"https:\/\/news.ecclesia.org.br\/index.php?rest_route=%2Fwp%2Fv2%2Fcategories&post=6432"},{"taxonomy":"post_tag","embeddable":true,"href":"https:\/\/news.ecclesia.org.br\/index.php?rest_route=%2Fwp%2Fv2%2Ftags&post=6432"}],"curies":[{"name":"wp","href":"https:\/\/api.w.org\/{rel}","templated":true}]}}