{"id":6425,"date":"2013-05-17T17:52:03","date_gmt":"2013-05-17T17:52:03","guid":{"rendered":"http:\/\/www.ecclesia.com.br\/news\/2013\/?p=6425"},"modified":"2016-03-23T20:19:20","modified_gmt":"2016-03-23T20:19:20","slug":"bartolomeu-i-fiquei-comovido-e-impressionado-pelo-encontro-com-o-papa-francisco","status":"publish","type":"post","link":"https:\/\/news.ecclesia.org.br\/?p=6425","title":{"rendered":"BARTOLOMEU I \u201cFiquei comovido e impressionado pelo encontro com o Papa Francisco&#8230;\u201d"},"content":{"rendered":"<p style=\"text-align: justify;\"><a href=\"https:\/\/news.ecclesia.org.br\/2013\/wp-content\/uploads\/2013\/05\/bartolomeu-em-milao-1.jpg\" rel=\"attachment wp-att-6426\"><img fetchpriority=\"high\" decoding=\"async\" class=\"alignleft size-medium wp-image-6426\" src=\"https:\/\/news.ecclesia.org.br\/2013\/wp-content\/uploads\/2013\/05\/bartolomeu-em-milao-1-300x168.jpg\" alt=\"bartolomeu-em-milao\" width=\"300\" height=\"168\" srcset=\"https:\/\/news.ecclesia.org.br\/wp-content\/uploads\/2013\/05\/bartolomeu-em-milao-1-300x168.jpg 300w, https:\/\/news.ecclesia.org.br\/wp-content\/uploads\/2013\/05\/bartolomeu-em-milao-1-98x55.jpg 98w, https:\/\/news.ecclesia.org.br\/wp-content\/uploads\/2013\/05\/bartolomeu-em-milao-1.jpg 680w\" sizes=\"(max-width: 300px) 100vw, 300px\" \/><\/a>O Patriarca Ecum\u00eanico de Constantinopla,\u00a0Bartolomeu I, est\u00e1 a ponto de tomar um pouco de \u00e1gua; uma pequena pausa num dia cheio de compromissos. Acaba de conduzir, em companhia do cardeal\u00a0Angelo Scola, uma ora\u00e7\u00e3o na central\u00edssima\u00a0Pra\u00e7a Borromeu, que a diocese ambrosiana colocou \u00e0 disposi\u00e7\u00e3o da comunidade greco-ortodoxa. Antes do almo\u00e7o, com seu s\u00e9quito, participou de um pequeno lanche e aceitou conversar um pouco com o <i>Vatican Insider<\/i>. Come\u00e7ando pelo encontro fraternal com o papa\u00a0Francisco, por ocasi\u00e3o da missa de in\u00edcio do minist\u00e9rio do Bispo de Roma (durante os \u00faltimos s\u00e9culos, nunca tinha ocorrido que um Patriarca de Constantinopla participasse de uma celebra\u00e7\u00e3o semelhante).<\/p>\n<p style=\"text-align: justify;\">A reportagem \u00e9 de\u00a0Andrea Tornielli, publicada no s\u00edtio\u00a0<i>Vatican Insider<\/i>, 15-05-2013. A tradu\u00e7\u00e3o \u00e9 do\u00a0Cepat.<\/p>\n<p style=\"text-align: justify;\">\u201cO encontro foi muito belo e muito intenso\u201d, explicou\u00a0Bartolomeu I, \u201cfiquei comovido e espero, de verdade, que se realize a peregrina\u00e7\u00e3o comum a Jerusal\u00e9m do sucessor do ap\u00f3stolo\u00a0Pedro\u00a0e do sucessor do ap\u00f3stolo Andr\u00e9, seu irm\u00e3o, em janeiro pr\u00f3ximo\u201d. O Patriarca de Constantinopla convidou\u00a0Francisco\u00a0\u00e0 Terra Santa: \u201cQueremos comemorar o 50\u00ba anivers\u00e1rio do abra\u00e7o entre o Papa\u00a0Paulo VI\u00a0e o Patriarca\u00a0Aten\u00e1goras, de 1964. O Patriarca de Jerusal\u00e9m tamb\u00e9m est\u00e1 de acordo\u201d. Al\u00e9m disso,\u00a0Bartolomeu\u00a0tamb\u00e9m convidou o Papa Bergoglio\u00a0para visitar Istambul\/Constantinopla, para a festa de\u00a0Santo Andr\u00e9, no dia 30 de novembro. \u201cN\u00f3s o convidamos para este ou para o ano que vem\u201d.<\/p>\n<figure id=\"attachment_6430\" aria-describedby=\"caption-attachment-6430\" style=\"width: 300px\" class=\"wp-caption alignleft\"><a href=\"https:\/\/news.ecclesia.org.br\/2013\/wp-content\/uploads\/2013\/05\/bartolomeu-em-milao1-1.jpg\" rel=\"attachment wp-att-6430\"><img decoding=\"async\" class=\"size-medium wp-image-6430\" src=\"https:\/\/news.ecclesia.org.br\/2013\/wp-content\/uploads\/2013\/05\/bartolomeu-em-milao1-1-300x181.jpg\" alt=\"Patriarca Bartolomeu I em Mil\u00e3o\" width=\"300\" height=\"181\" srcset=\"https:\/\/news.ecclesia.org.br\/wp-content\/uploads\/2013\/05\/bartolomeu-em-milao1-1-300x181.jpg 300w, https:\/\/news.ecclesia.org.br\/wp-content\/uploads\/2013\/05\/bartolomeu-em-milao1-1-91x55.jpg 91w, https:\/\/news.ecclesia.org.br\/wp-content\/uploads\/2013\/05\/bartolomeu-em-milao1-1.jpg 450w\" sizes=\"(max-width: 300px) 100vw, 300px\" \/><\/a><figcaption id=\"caption-attachment-6430\" class=\"wp-caption-text\">Patriarca Bartolomeu I em Mil\u00e3o<\/figcaption><\/figure>\n<p style=\"text-align: justify;\">O\u00a0Patriarca\u00a0tamb\u00e9m explicou que considera que os primeiros passos de\u00a0Francisco\u00a0s\u00e3o muito importantes para o di\u00e1logo ecum\u00eanico. \u201cEstamos muito felizes pelo acento que colocou sobre seu ser, especialmente, \u201cBispo de Roma\u201d. E tamb\u00e9m estamos felizes por sua decis\u00e3o em nomear oito cardeais encarregados de aconselh\u00e1-lo: uma decis\u00e3o que se dirige para a sinodalidade, caracter\u00edstica de nossa Igreja\u201d.\u00a0Bartolomeu\u00a0tamb\u00e9m comentou a decis\u00e3o de\u00a0Bergoglio\u00a0de permanecer em\u00a0Santa Marta: \u201cQuando nos encontramos ali, a viv\u00eancia juntos em\u00a0Santa Marta\u00a0foi uma ocasi\u00e3o para trocas fraternais e para compartilhar a mesa. O\u00a0Papa, como se sabe, est\u00e1 vivendo na su\u00edte que normalmente me designavam quando estava visitando o Vaticano. Em certo momento, disse-me: Fiquei com o seu lugar&#8230;\u201d. E eu o respondi: \u201cEu o deixo de muito boa vontade!\u201d.<\/p>\n<p style=\"text-align: justify;\">Segundo o\u00a0Patriarca, foram muitas as ocasi\u00f5es \u201cpara demonstrar nossa boa vontade e nossa decis\u00e3o de continuar o di\u00e1logo ecum\u00eanico\u201d. \u201cH\u00e1 algumas dificuldades \u2013 admite\u00a0Bartolomeu\u00a0-, inclusive dentro da ortodoxia, mas devemos super\u00e1-las para tamb\u00e9m proceder com o di\u00e1logo teol\u00f3gico\u201d.<\/p>\n<p style=\"text-align: justify;\">Enquanto se esperava a chegada do\u00a0Patriarca, que parou para falar pessoalmente com todos os que participaram na ora\u00e7\u00e3o, um de seus colaboradores mais pr\u00f3ximos contou para o <i>Vatican Insider<\/i> um epis\u00f3dio ocorrido em outubro do ano passado, durante o \u00faltimo\u00a0S\u00ednodo dos Bispos.\u00a0Bartolomeu\u00a0tinha ido a Roma e tinha se reunido com\u00a0Bento XVI, a quem convidou para a peregrina\u00e7\u00e3o a Jerusal\u00e9m, em janeiro de 2014, seguindo as pegadas de\u00a0Paulo VI\u00a0e\u00a0Aten\u00e1goras.\u00a0Ratzinger disse-lhe: \u201c\u00c9 uma ideia muito boa, mas, talvez, caber\u00e1 ao meu sucessor&#8230;\u201d. Nem Bartolomeu, nem os demais bispos tinham dado import\u00e2ncia \u00e0 resposta do Pont\u00edfice, que desde ent\u00e3o tinha decidido anunciar sua ren\u00fancia.<\/p>\n<p style=\"text-align: right;\">FONTE: <a href=\"http:\/\/www.ihu.unisinos.br\/noticias\/520211-fiquei-comovido-e-impressionado-pelo-encontro-com-o-papa-francisco-afirma-bartolomeu-i\" target=\"_blank\">IHU<\/a><\/p>\n","protected":false},"excerpt":{"rendered":"<p>O Patriarca Ecum\u00eanico de Constantinopla,\u00a0Bartolomeu I, est\u00e1 a ponto de tomar um pouco de \u00e1gua; uma pequena pausa num dia cheio de compromissos. Acaba de conduzir, em companhia do cardeal\u00a0Angelo Scola, uma ora\u00e7\u00e3o na central\u00edssima\u00a0Pra\u00e7a Borromeu, que a diocese ambrosiana&#8230;<\/p>\n","protected":false},"author":1,"featured_media":6426,"comment_status":"open","ping_status":"open","sticky":false,"template":"","format":"standard","meta":{"_acf_changed":false,"footnotes":""},"categories":[3,72],"tags":[],"class_list":["post-6425","post","type-post","status-publish","format-standard","has-post-thumbnail","hentry","category-mundo","category-patriarcado-ecumenico","entry","rows-excerpt"],"acf":[],"yoast_head":"<!-- This site is optimized with the Yoast SEO plugin v27.4 - https:\/\/yoast.com\/product\/yoast-seo-wordpress\/ -->\n<title>BARTOLOMEU I \u201cFiquei comovido e impressionado pelo encontro com o Papa Francisco...\u201d | ECCLESIA NEWS<\/title>\n<meta name=\"robots\" content=\"index, follow, max-snippet:-1, max-image-preview:large, max-video-preview:-1\" \/>\n<link rel=\"canonical\" href=\"https:\/\/news.ecclesia.org.br\/?p=6425\" \/>\n<meta property=\"og:locale\" content=\"pt_BR\" \/>\n<meta property=\"og:type\" content=\"article\" \/>\n<meta property=\"og:title\" content=\"BARTOLOMEU I \u201cFiquei comovido e impressionado pelo encontro com o Papa Francisco...\u201d | ECCLESIA NEWS\" \/>\n<meta property=\"og:description\" content=\"O Patriarca Ecum\u00eanico de Constantinopla,\u00a0Bartolomeu I, est\u00e1 a ponto de tomar um pouco de \u00e1gua; uma pequena pausa num dia cheio de compromissos. Acaba de conduzir, em companhia do cardeal\u00a0Angelo Scola, uma ora\u00e7\u00e3o na central\u00edssima\u00a0Pra\u00e7a Borromeu, que a diocese ambrosiana&#8230;\" \/>\n<meta property=\"og:url\" content=\"https:\/\/news.ecclesia.org.br\/?p=6425\" \/>\n<meta property=\"og:site_name\" content=\"ECCLESIA NEWS\" \/>\n<meta property=\"article:publisher\" content=\"https:\/\/www.facebook.com\/Ecclesia2025\" \/>\n<meta property=\"article:published_time\" content=\"2013-05-17T17:52:03+00:00\" \/>\n<meta property=\"article:modified_time\" content=\"2016-03-23T20:19:20+00:00\" \/>\n<meta property=\"og:image\" content=\"https:\/\/news.ecclesia.org.br\/wp-content\/uploads\/2013\/05\/bartolomeu-em-milao-1.jpg\" \/>\n\t<meta property=\"og:image:width\" content=\"680\" \/>\n\t<meta property=\"og:image:height\" content=\"380\" \/>\n\t<meta property=\"og:image:type\" content=\"image\/jpeg\" \/>\n<meta name=\"author\" content=\"Pe. Andr\u00e9\" \/>\n<meta name=\"twitter:card\" content=\"summary_large_image\" \/>\n<meta name=\"twitter:creator\" content=\"@EcclesiaNews\" \/>\n<meta name=\"twitter:site\" content=\"@EcclesiaNews\" \/>\n<meta name=\"twitter:label1\" content=\"Escrito por\" \/>\n\t<meta name=\"twitter:data1\" content=\"Pe. Andr\u00e9\" \/>\n\t<meta name=\"twitter:label2\" content=\"Est. tempo de leitura\" \/>\n\t<meta name=\"twitter:data2\" content=\"3 minutos\" \/>\n<script type=\"application\/ld+json\" class=\"yoast-schema-graph\">{\"@context\":\"https:\\\/\\\/schema.org\",\"@graph\":[{\"@type\":\"Article\",\"@id\":\"https:\\\/\\\/news.ecclesia.org.br\\\/?p=6425#article\",\"isPartOf\":{\"@id\":\"https:\\\/\\\/news.ecclesia.org.br\\\/?p=6425\"},\"author\":{\"name\":\"Pe. Andr\u00e9\",\"@id\":\"https:\\\/\\\/news.ecclesia.org.br\\\/#\\\/schema\\\/person\\\/6f09597f025829745ba414a569f63758\"},\"headline\":\"BARTOLOMEU I \u201cFiquei comovido e impressionado pelo encontro com o Papa Francisco&#8230;\u201d\",\"datePublished\":\"2013-05-17T17:52:03+00:00\",\"dateModified\":\"2016-03-23T20:19:20+00:00\",\"mainEntityOfPage\":{\"@id\":\"https:\\\/\\\/news.ecclesia.org.br\\\/?p=6425\"},\"wordCount\":593,\"commentCount\":0,\"publisher\":{\"@id\":\"https:\\\/\\\/news.ecclesia.org.br\\\/#organization\"},\"image\":{\"@id\":\"https:\\\/\\\/news.ecclesia.org.br\\\/?p=6425#primaryimage\"},\"thumbnailUrl\":\"https:\\\/\\\/news.ecclesia.org.br\\\/wp-content\\\/uploads\\\/2013\\\/05\\\/bartolomeu-em-milao-1.jpg\",\"articleSection\":[\"Mundo Ortodoxo\",\"Patriarcado Ecum\u00eanico\"],\"inLanguage\":\"pt-BR\",\"potentialAction\":[{\"@type\":\"CommentAction\",\"name\":\"Comment\",\"target\":[\"https:\\\/\\\/news.ecclesia.org.br\\\/?p=6425#respond\"]}]},{\"@type\":\"WebPage\",\"@id\":\"https:\\\/\\\/news.ecclesia.org.br\\\/?p=6425\",\"url\":\"https:\\\/\\\/news.ecclesia.org.br\\\/?p=6425\",\"name\":\"BARTOLOMEU I \u201cFiquei comovido e impressionado pelo encontro com o Papa Francisco...\u201d | ECCLESIA NEWS\",\"isPartOf\":{\"@id\":\"https:\\\/\\\/news.ecclesia.org.br\\\/#website\"},\"primaryImageOfPage\":{\"@id\":\"https:\\\/\\\/news.ecclesia.org.br\\\/?p=6425#primaryimage\"},\"image\":{\"@id\":\"https:\\\/\\\/news.ecclesia.org.br\\\/?p=6425#primaryimage\"},\"thumbnailUrl\":\"https:\\\/\\\/news.ecclesia.org.br\\\/wp-content\\\/uploads\\\/2013\\\/05\\\/bartolomeu-em-milao-1.jpg\",\"datePublished\":\"2013-05-17T17:52:03+00:00\",\"dateModified\":\"2016-03-23T20:19:20+00:00\",\"breadcrumb\":{\"@id\":\"https:\\\/\\\/news.ecclesia.org.br\\\/?p=6425#breadcrumb\"},\"inLanguage\":\"pt-BR\",\"potentialAction\":[{\"@type\":\"ReadAction\",\"target\":[\"https:\\\/\\\/news.ecclesia.org.br\\\/?p=6425\"]}]},{\"@type\":\"ImageObject\",\"inLanguage\":\"pt-BR\",\"@id\":\"https:\\\/\\\/news.ecclesia.org.br\\\/?p=6425#primaryimage\",\"url\":\"https:\\\/\\\/news.ecclesia.org.br\\\/wp-content\\\/uploads\\\/2013\\\/05\\\/bartolomeu-em-milao-1.jpg\",\"contentUrl\":\"https:\\\/\\\/news.ecclesia.org.br\\\/wp-content\\\/uploads\\\/2013\\\/05\\\/bartolomeu-em-milao-1.jpg\",\"width\":680,\"height\":380},{\"@type\":\"BreadcrumbList\",\"@id\":\"https:\\\/\\\/news.ecclesia.org.br\\\/?p=6425#breadcrumb\",\"itemListElement\":[{\"@type\":\"ListItem\",\"position\":1,\"name\":\"In\u00edcio\",\"item\":\"https:\\\/\\\/news.ecclesia.org.br\\\/\"},{\"@type\":\"ListItem\",\"position\":2,\"name\":\"BARTOLOMEU I \u201cFiquei comovido e impressionado pelo encontro com o Papa Francisco&#8230;\u201d\"}]},{\"@type\":\"WebSite\",\"@id\":\"https:\\\/\\\/news.ecclesia.org.br\\\/#website\",\"url\":\"https:\\\/\\\/news.ecclesia.org.br\\\/\",\"name\":\"Ecclesia Brasil\",\"description\":\"Desde 2003 onectando o Brasil ao mundo ortodoxo!\",\"publisher\":{\"@id\":\"https:\\\/\\\/news.ecclesia.org.br\\\/#organization\"},\"alternateName\":\"Ecclesia\",\"potentialAction\":[{\"@type\":\"SearchAction\",\"target\":{\"@type\":\"EntryPoint\",\"urlTemplate\":\"https:\\\/\\\/news.ecclesia.org.br\\\/?s={search_term_string}\"},\"query-input\":{\"@type\":\"PropertyValueSpecification\",\"valueRequired\":true,\"valueName\":\"search_term_string\"}}],\"inLanguage\":\"pt-BR\"},{\"@type\":\"Organization\",\"@id\":\"https:\\\/\\\/news.ecclesia.org.br\\\/#organization\",\"name\":\"Sacra Arquidiocese de Buenos Aires e Am\u00e9rica do Sul | Patriarcado Ecum\u00eanico\",\"alternateName\":\"News Ecclesia Brasil\",\"url\":\"https:\\\/\\\/news.ecclesia.org.br\\\/\",\"logo\":{\"@type\":\"ImageObject\",\"inLanguage\":\"pt-BR\",\"@id\":\"https:\\\/\\\/news.ecclesia.org.br\\\/#\\\/schema\\\/logo\\\/image\\\/\",\"url\":\"https:\\\/\\\/news.ecclesia.org.br\\\/wp-content\\\/uploads\\\/2025\\\/05\\\/ecclesia2.png\",\"contentUrl\":\"https:\\\/\\\/news.ecclesia.org.br\\\/wp-content\\\/uploads\\\/2025\\\/05\\\/ecclesia2.png\",\"width\":480,\"height\":120,\"caption\":\"Sacra Arquidiocese de Buenos Aires e Am\u00e9rica do Sul | Patriarcado Ecum\u00eanico\"},\"image\":{\"@id\":\"https:\\\/\\\/news.ecclesia.org.br\\\/#\\\/schema\\\/logo\\\/image\\\/\"},\"sameAs\":[\"https:\\\/\\\/www.facebook.com\\\/Ecclesia2025\",\"https:\\\/\\\/x.com\\\/EcclesiaNews\",\"https:\\\/\\\/br.pinterest.com\\\/ekklisia\\\/\",\"https:\\\/\\\/www.youtube.com\\\/@EcclesiaBrasil\"]},{\"@type\":\"Person\",\"@id\":\"https:\\\/\\\/news.ecclesia.org.br\\\/#\\\/schema\\\/person\\\/6f09597f025829745ba414a569f63758\",\"name\":\"Pe. Andr\u00e9\",\"image\":{\"@type\":\"ImageObject\",\"inLanguage\":\"pt-BR\",\"@id\":\"https:\\\/\\\/secure.gravatar.com\\\/avatar\\\/b4327cfa27e9799da239a26adcd534fc29cdc0c4a4a148eecbcfeb9b42c617ac?s=96&d=mm&r=g\",\"url\":\"https:\\\/\\\/secure.gravatar.com\\\/avatar\\\/b4327cfa27e9799da239a26adcd534fc29cdc0c4a4a148eecbcfeb9b42c617ac?s=96&d=mm&r=g\",\"contentUrl\":\"https:\\\/\\\/secure.gravatar.com\\\/avatar\\\/b4327cfa27e9799da239a26adcd534fc29cdc0c4a4a148eecbcfeb9b42c617ac?s=96&d=mm&r=g\",\"caption\":\"Pe. Andr\u00e9\"},\"sameAs\":[\"https:\\\/\\\/www.ecclesia.org.br\"]}]}<\/script>\n<!-- \/ Yoast SEO plugin. -->","yoast_head_json":{"title":"BARTOLOMEU I \u201cFiquei comovido e impressionado pelo encontro com o Papa Francisco...\u201d | ECCLESIA NEWS","robots":{"index":"index","follow":"follow","max-snippet":"max-snippet:-1","max-image-preview":"max-image-preview:large","max-video-preview":"max-video-preview:-1"},"canonical":"https:\/\/news.ecclesia.org.br\/?p=6425","og_locale":"pt_BR","og_type":"article","og_title":"BARTOLOMEU I \u201cFiquei comovido e impressionado pelo encontro com o Papa Francisco...\u201d | ECCLESIA NEWS","og_description":"O Patriarca Ecum\u00eanico de Constantinopla,\u00a0Bartolomeu I, est\u00e1 a ponto de tomar um pouco de \u00e1gua; uma pequena pausa num dia cheio de compromissos. Acaba de conduzir, em companhia do cardeal\u00a0Angelo Scola, uma ora\u00e7\u00e3o na central\u00edssima\u00a0Pra\u00e7a Borromeu, que a diocese ambrosiana&#8230;","og_url":"https:\/\/news.ecclesia.org.br\/?p=6425","og_site_name":"ECCLESIA NEWS","article_publisher":"https:\/\/www.facebook.com\/Ecclesia2025","article_published_time":"2013-05-17T17:52:03+00:00","article_modified_time":"2016-03-23T20:19:20+00:00","og_image":[{"width":680,"height":380,"url":"https:\/\/news.ecclesia.org.br\/wp-content\/uploads\/2013\/05\/bartolomeu-em-milao-1.jpg","type":"image\/jpeg"}],"author":"Pe. Andr\u00e9","twitter_card":"summary_large_image","twitter_creator":"@EcclesiaNews","twitter_site":"@EcclesiaNews","twitter_misc":{"Escrito por":"Pe. Andr\u00e9","Est. tempo de leitura":"3 minutos"},"schema":{"@context":"https:\/\/schema.org","@graph":[{"@type":"Article","@id":"https:\/\/news.ecclesia.org.br\/?p=6425#article","isPartOf":{"@id":"https:\/\/news.ecclesia.org.br\/?p=6425"},"author":{"name":"Pe. Andr\u00e9","@id":"https:\/\/news.ecclesia.org.br\/#\/schema\/person\/6f09597f025829745ba414a569f63758"},"headline":"BARTOLOMEU I \u201cFiquei comovido e impressionado pelo encontro com o Papa Francisco&#8230;\u201d","datePublished":"2013-05-17T17:52:03+00:00","dateModified":"2016-03-23T20:19:20+00:00","mainEntityOfPage":{"@id":"https:\/\/news.ecclesia.org.br\/?p=6425"},"wordCount":593,"commentCount":0,"publisher":{"@id":"https:\/\/news.ecclesia.org.br\/#organization"},"image":{"@id":"https:\/\/news.ecclesia.org.br\/?p=6425#primaryimage"},"thumbnailUrl":"https:\/\/news.ecclesia.org.br\/wp-content\/uploads\/2013\/05\/bartolomeu-em-milao-1.jpg","articleSection":["Mundo Ortodoxo","Patriarcado Ecum\u00eanico"],"inLanguage":"pt-BR","potentialAction":[{"@type":"CommentAction","name":"Comment","target":["https:\/\/news.ecclesia.org.br\/?p=6425#respond"]}]},{"@type":"WebPage","@id":"https:\/\/news.ecclesia.org.br\/?p=6425","url":"https:\/\/news.ecclesia.org.br\/?p=6425","name":"BARTOLOMEU I \u201cFiquei comovido e impressionado pelo encontro com o Papa Francisco...\u201d | ECCLESIA NEWS","isPartOf":{"@id":"https:\/\/news.ecclesia.org.br\/#website"},"primaryImageOfPage":{"@id":"https:\/\/news.ecclesia.org.br\/?p=6425#primaryimage"},"image":{"@id":"https:\/\/news.ecclesia.org.br\/?p=6425#primaryimage"},"thumbnailUrl":"https:\/\/news.ecclesia.org.br\/wp-content\/uploads\/2013\/05\/bartolomeu-em-milao-1.jpg","datePublished":"2013-05-17T17:52:03+00:00","dateModified":"2016-03-23T20:19:20+00:00","breadcrumb":{"@id":"https:\/\/news.ecclesia.org.br\/?p=6425#breadcrumb"},"inLanguage":"pt-BR","potentialAction":[{"@type":"ReadAction","target":["https:\/\/news.ecclesia.org.br\/?p=6425"]}]},{"@type":"ImageObject","inLanguage":"pt-BR","@id":"https:\/\/news.ecclesia.org.br\/?p=6425#primaryimage","url":"https:\/\/news.ecclesia.org.br\/wp-content\/uploads\/2013\/05\/bartolomeu-em-milao-1.jpg","contentUrl":"https:\/\/news.ecclesia.org.br\/wp-content\/uploads\/2013\/05\/bartolomeu-em-milao-1.jpg","width":680,"height":380},{"@type":"BreadcrumbList","@id":"https:\/\/news.ecclesia.org.br\/?p=6425#breadcrumb","itemListElement":[{"@type":"ListItem","position":1,"name":"In\u00edcio","item":"https:\/\/news.ecclesia.org.br\/"},{"@type":"ListItem","position":2,"name":"BARTOLOMEU I \u201cFiquei comovido e impressionado pelo encontro com o Papa Francisco&#8230;\u201d"}]},{"@type":"WebSite","@id":"https:\/\/news.ecclesia.org.br\/#website","url":"https:\/\/news.ecclesia.org.br\/","name":"Ecclesia Brasil","description":"Desde 2003 onectando o Brasil ao mundo ortodoxo!","publisher":{"@id":"https:\/\/news.ecclesia.org.br\/#organization"},"alternateName":"Ecclesia","potentialAction":[{"@type":"SearchAction","target":{"@type":"EntryPoint","urlTemplate":"https:\/\/news.ecclesia.org.br\/?s={search_term_string}"},"query-input":{"@type":"PropertyValueSpecification","valueRequired":true,"valueName":"search_term_string"}}],"inLanguage":"pt-BR"},{"@type":"Organization","@id":"https:\/\/news.ecclesia.org.br\/#organization","name":"Sacra Arquidiocese de Buenos Aires e Am\u00e9rica do Sul | Patriarcado Ecum\u00eanico","alternateName":"News Ecclesia Brasil","url":"https:\/\/news.ecclesia.org.br\/","logo":{"@type":"ImageObject","inLanguage":"pt-BR","@id":"https:\/\/news.ecclesia.org.br\/#\/schema\/logo\/image\/","url":"https:\/\/news.ecclesia.org.br\/wp-content\/uploads\/2025\/05\/ecclesia2.png","contentUrl":"https:\/\/news.ecclesia.org.br\/wp-content\/uploads\/2025\/05\/ecclesia2.png","width":480,"height":120,"caption":"Sacra Arquidiocese de Buenos Aires e Am\u00e9rica do Sul | Patriarcado Ecum\u00eanico"},"image":{"@id":"https:\/\/news.ecclesia.org.br\/#\/schema\/logo\/image\/"},"sameAs":["https:\/\/www.facebook.com\/Ecclesia2025","https:\/\/x.com\/EcclesiaNews","https:\/\/br.pinterest.com\/ekklisia\/","https:\/\/www.youtube.com\/@EcclesiaBrasil"]},{"@type":"Person","@id":"https:\/\/news.ecclesia.org.br\/#\/schema\/person\/6f09597f025829745ba414a569f63758","name":"Pe. Andr\u00e9","image":{"@type":"ImageObject","inLanguage":"pt-BR","@id":"https:\/\/secure.gravatar.com\/avatar\/b4327cfa27e9799da239a26adcd534fc29cdc0c4a4a148eecbcfeb9b42c617ac?s=96&d=mm&r=g","url":"https:\/\/secure.gravatar.com\/avatar\/b4327cfa27e9799da239a26adcd534fc29cdc0c4a4a148eecbcfeb9b42c617ac?s=96&d=mm&r=g","contentUrl":"https:\/\/secure.gravatar.com\/avatar\/b4327cfa27e9799da239a26adcd534fc29cdc0c4a4a148eecbcfeb9b42c617ac?s=96&d=mm&r=g","caption":"Pe. Andr\u00e9"},"sameAs":["https:\/\/www.ecclesia.org.br"]}]}},"_links":{"self":[{"href":"https:\/\/news.ecclesia.org.br\/index.php?rest_route=\/wp\/v2\/posts\/6425","targetHints":{"allow":["GET"]}}],"collection":[{"href":"https:\/\/news.ecclesia.org.br\/index.php?rest_route=\/wp\/v2\/posts"}],"about":[{"href":"https:\/\/news.ecclesia.org.br\/index.php?rest_route=\/wp\/v2\/types\/post"}],"author":[{"embeddable":true,"href":"https:\/\/news.ecclesia.org.br\/index.php?rest_route=\/wp\/v2\/users\/1"}],"replies":[{"embeddable":true,"href":"https:\/\/news.ecclesia.org.br\/index.php?rest_route=%2Fwp%2Fv2%2Fcomments&post=6425"}],"version-history":[{"count":0,"href":"https:\/\/news.ecclesia.org.br\/index.php?rest_route=\/wp\/v2\/posts\/6425\/revisions"}],"wp:featuredmedia":[{"embeddable":true,"href":"https:\/\/news.ecclesia.org.br\/index.php?rest_route=\/wp\/v2\/media\/6426"}],"wp:attachment":[{"href":"https:\/\/news.ecclesia.org.br\/index.php?rest_route=%2Fwp%2Fv2%2Fmedia&parent=6425"}],"wp:term":[{"taxonomy":"category","embeddable":true,"href":"https:\/\/news.ecclesia.org.br\/index.php?rest_route=%2Fwp%2Fv2%2Fcategories&post=6425"},{"taxonomy":"post_tag","embeddable":true,"href":"https:\/\/news.ecclesia.org.br\/index.php?rest_route=%2Fwp%2Fv2%2Ftags&post=6425"}],"curies":[{"name":"wp","href":"https:\/\/api.w.org\/{rel}","templated":true}]}}