{"id":6416,"date":"2013-05-15T01:30:54","date_gmt":"2013-05-15T01:30:54","guid":{"rendered":"http:\/\/www.ecclesia.com.br\/news\/2013\/?p=6416"},"modified":"2016-03-23T20:20:29","modified_gmt":"2016-03-23T20:20:29","slug":"patriarca-ecumenico-em-milao","status":"publish","type":"post","link":"https:\/\/news.ecclesia.org.br\/?p=6416","title":{"rendered":"PATRIARCA ECUM\u00caNICO EM MIL\u00c3O"},"content":{"rendered":"<p style=\"text-align: justify;\"><a href=\"https:\/\/news.ecclesia.org.br\/2013\/wp-content\/uploads\/2013\/05\/patriarca-em-milao-1.jpg\" rel=\"attachment wp-att-6417\"><img decoding=\"async\" class=\"alignleft size-medium wp-image-6417\" src=\"https:\/\/news.ecclesia.org.br\/2013\/wp-content\/uploads\/2013\/05\/patriarca-em-milao-1-300x131.jpg\" alt=\"patriarca-em-milao\" width=\"300\" height=\"131\" srcset=\"https:\/\/news.ecclesia.org.br\/wp-content\/uploads\/2013\/05\/patriarca-em-milao-1-300x131.jpg 300w, https:\/\/news.ecclesia.org.br\/wp-content\/uploads\/2013\/05\/patriarca-em-milao-1-126x55.jpg 126w, https:\/\/news.ecclesia.org.br\/wp-content\/uploads\/2013\/05\/patriarca-em-milao-1.jpg 630w\" sizes=\"(max-width: 300px) 100vw, 300px\" \/><\/a>O Patriarca Ecum\u00eanico, S. S. Bartolomeu I, chegou a Mil\u00e3o (It\u00e1lia) na manh\u00e3 desta ter\u00e7a-feira, dia 14 de maio de 2013, para participar das celebra\u00e7\u00f5es alusivas aos 1700 do Edito de Mil\u00e3o, a convite do Arcebispo Cat\u00f3lico de Mil\u00e3o, S. Emin\u00eancia o Cardeal Angelo Scola.\u00a0 O Cardeal ao cumprimentar o Patriarca Bartolomeu disse: \u201cSeja bem-vindo \u00e0 terra de Santo Ambr\u00f3sio! Vossa presen\u00e7a na Igreja de Mil\u00e3o \u00e9 um dom que vem de Deus\u201d.<\/p>\n<p style=\"text-align: justify;\">Nesta tarde, Bartolomeu I visitou o Monast\u00e9rio de Bosi onde foi recebido por seu Prior, Pe. Enzo Bianchi e celebrou com toda a comunidade o Of\u00edcio de V\u00e9speras.<\/p>\n<p style=\"text-align: justify;\">Amanh\u00e3, quarta-feira, \u00e0s 11 horas, o Patriarca Bartolomeu presidir\u00e1 a Divina Liturgia na Igreja Santa Maria Podone. \u00c0s 17h30min, o Patriarca e o Arcebispo de Mil\u00e3o far\u00e3o uma <em>lectio magistralis<\/em> a duas vozes na Sala das Cari\u00e1tides, no Pal\u00e1cio Real, a partir do texto de S\u00e3o Jo\u00e3o \u201cConhecereis a verdade e a verdade vos libertar\u00e1\u201d, sobre o tema da liberdade religiosa.<\/p>\n<p style=\"text-align: justify;\">Na quinta-feira, 16 de maio, \u00e0s 11 horas, na Bas\u00edlica de Santo Ambr\u00f3sio, Bartolomeu e o Cardeal Scola presidir\u00e3o uma celebra\u00e7\u00e3o ecum\u00eanica. Ao final, descer\u00e3o \u00e0 Cripta para venera\u00e7\u00e3o dos restos mortais de Santo Ambr\u00f3sio e dos Santos Gerv\u00e1sio e Prot\u00e1sio.<\/p>\n<p style=\"text-align: justify;\">Os jornalistas que desejam acompanhar as cerim\u00f4nias devem se credenciar atrav\u00e9s do e-mail . (JE)<\/p>\n<p style=\"text-align: right;\"><strong>\u00a0<\/strong><\/p>\n<p style=\"text-align: justify;\">\n","protected":false},"excerpt":{"rendered":"<p>O Patriarca Ecum\u00eanico, S. S. Bartolomeu I, chegou a Mil\u00e3o (It\u00e1lia) na manh\u00e3 desta ter\u00e7a-feira, dia 14 de maio de 2013, para participar das celebra\u00e7\u00f5es alusivas aos 1700 do Edito de Mil\u00e3o, a convite do Arcebispo Cat\u00f3lico de Mil\u00e3o, S.&#8230;<\/p>\n","protected":false},"author":1,"featured_media":6417,"comment_status":"open","ping_status":"open","sticky":false,"template":"","format":"standard","meta":{"_acf_changed":false,"footnotes":""},"categories":[3,72],"tags":[],"class_list":["post-6416","post","type-post","status-publish","format-standard","has-post-thumbnail","hentry","category-mundo","category-patriarcado-ecumenico","entry","rows-excerpt"],"acf":[],"yoast_head":"<!-- This site is optimized with the Yoast SEO plugin v27.4 - https:\/\/yoast.com\/product\/yoast-seo-wordpress\/ -->\n<title>PATRIARCA ECUM\u00caNICO EM MIL\u00c3O | ECCLESIA NEWS<\/title>\n<meta name=\"robots\" content=\"index, follow, max-snippet:-1, max-image-preview:large, max-video-preview:-1\" \/>\n<link rel=\"canonical\" href=\"https:\/\/news.ecclesia.org.br\/?p=6416\" \/>\n<meta property=\"og:locale\" content=\"pt_BR\" \/>\n<meta property=\"og:type\" content=\"article\" \/>\n<meta property=\"og:title\" content=\"PATRIARCA ECUM\u00caNICO EM MIL\u00c3O | ECCLESIA NEWS\" \/>\n<meta property=\"og:description\" content=\"O Patriarca Ecum\u00eanico, S. S. Bartolomeu I, chegou a Mil\u00e3o (It\u00e1lia) na manh\u00e3 desta ter\u00e7a-feira, dia 14 de maio de 2013, para participar das celebra\u00e7\u00f5es alusivas aos 1700 do Edito de Mil\u00e3o, a convite do Arcebispo Cat\u00f3lico de Mil\u00e3o, S.&#8230;\" \/>\n<meta property=\"og:url\" content=\"https:\/\/news.ecclesia.org.br\/?p=6416\" \/>\n<meta property=\"og:site_name\" content=\"ECCLESIA NEWS\" \/>\n<meta property=\"article:publisher\" content=\"https:\/\/www.facebook.com\/Ecclesia2025\" \/>\n<meta property=\"article:published_time\" content=\"2013-05-15T01:30:54+00:00\" \/>\n<meta property=\"article:modified_time\" content=\"2016-03-23T20:20:29+00:00\" \/>\n<meta property=\"og:image\" content=\"https:\/\/news.ecclesia.org.br\/wp-content\/uploads\/2013\/05\/patriarca-em-milao-1.jpg\" \/>\n\t<meta property=\"og:image:width\" content=\"630\" \/>\n\t<meta property=\"og:image:height\" content=\"276\" \/>\n\t<meta property=\"og:image:type\" content=\"image\/jpeg\" \/>\n<meta name=\"author\" content=\"Pe. Andr\u00e9\" \/>\n<meta name=\"twitter:card\" content=\"summary_large_image\" \/>\n<meta name=\"twitter:creator\" content=\"@EcclesiaNews\" \/>\n<meta name=\"twitter:site\" content=\"@EcclesiaNews\" \/>\n<meta name=\"twitter:label1\" content=\"Escrito por\" \/>\n\t<meta name=\"twitter:data1\" content=\"Pe. Andr\u00e9\" \/>\n\t<meta name=\"twitter:label2\" content=\"Est. tempo de leitura\" \/>\n\t<meta name=\"twitter:data2\" content=\"1 minuto\" \/>\n<script type=\"application\/ld+json\" class=\"yoast-schema-graph\">{\"@context\":\"https:\\\/\\\/schema.org\",\"@graph\":[{\"@type\":\"Article\",\"@id\":\"https:\\\/\\\/news.ecclesia.org.br\\\/?p=6416#article\",\"isPartOf\":{\"@id\":\"https:\\\/\\\/news.ecclesia.org.br\\\/?p=6416\"},\"author\":{\"name\":\"Pe. Andr\u00e9\",\"@id\":\"https:\\\/\\\/news.ecclesia.org.br\\\/#\\\/schema\\\/person\\\/6f09597f025829745ba414a569f63758\"},\"headline\":\"PATRIARCA ECUM\u00caNICO EM MIL\u00c3O\",\"datePublished\":\"2013-05-15T01:30:54+00:00\",\"dateModified\":\"2016-03-23T20:20:29+00:00\",\"mainEntityOfPage\":{\"@id\":\"https:\\\/\\\/news.ecclesia.org.br\\\/?p=6416\"},\"wordCount\":248,\"commentCount\":0,\"publisher\":{\"@id\":\"https:\\\/\\\/news.ecclesia.org.br\\\/#organization\"},\"image\":{\"@id\":\"https:\\\/\\\/news.ecclesia.org.br\\\/?p=6416#primaryimage\"},\"thumbnailUrl\":\"https:\\\/\\\/news.ecclesia.org.br\\\/wp-content\\\/uploads\\\/2013\\\/05\\\/patriarca-em-milao-1.jpg\",\"articleSection\":[\"Mundo Ortodoxo\",\"Patriarcado Ecum\u00eanico\"],\"inLanguage\":\"pt-BR\",\"potentialAction\":[{\"@type\":\"CommentAction\",\"name\":\"Comment\",\"target\":[\"https:\\\/\\\/news.ecclesia.org.br\\\/?p=6416#respond\"]}]},{\"@type\":\"WebPage\",\"@id\":\"https:\\\/\\\/news.ecclesia.org.br\\\/?p=6416\",\"url\":\"https:\\\/\\\/news.ecclesia.org.br\\\/?p=6416\",\"name\":\"PATRIARCA ECUM\u00caNICO EM MIL\u00c3O | ECCLESIA NEWS\",\"isPartOf\":{\"@id\":\"https:\\\/\\\/news.ecclesia.org.br\\\/#website\"},\"primaryImageOfPage\":{\"@id\":\"https:\\\/\\\/news.ecclesia.org.br\\\/?p=6416#primaryimage\"},\"image\":{\"@id\":\"https:\\\/\\\/news.ecclesia.org.br\\\/?p=6416#primaryimage\"},\"thumbnailUrl\":\"https:\\\/\\\/news.ecclesia.org.br\\\/wp-content\\\/uploads\\\/2013\\\/05\\\/patriarca-em-milao-1.jpg\",\"datePublished\":\"2013-05-15T01:30:54+00:00\",\"dateModified\":\"2016-03-23T20:20:29+00:00\",\"breadcrumb\":{\"@id\":\"https:\\\/\\\/news.ecclesia.org.br\\\/?p=6416#breadcrumb\"},\"inLanguage\":\"pt-BR\",\"potentialAction\":[{\"@type\":\"ReadAction\",\"target\":[\"https:\\\/\\\/news.ecclesia.org.br\\\/?p=6416\"]}]},{\"@type\":\"ImageObject\",\"inLanguage\":\"pt-BR\",\"@id\":\"https:\\\/\\\/news.ecclesia.org.br\\\/?p=6416#primaryimage\",\"url\":\"https:\\\/\\\/news.ecclesia.org.br\\\/wp-content\\\/uploads\\\/2013\\\/05\\\/patriarca-em-milao-1.jpg\",\"contentUrl\":\"https:\\\/\\\/news.ecclesia.org.br\\\/wp-content\\\/uploads\\\/2013\\\/05\\\/patriarca-em-milao-1.jpg\",\"width\":630,\"height\":276},{\"@type\":\"BreadcrumbList\",\"@id\":\"https:\\\/\\\/news.ecclesia.org.br\\\/?p=6416#breadcrumb\",\"itemListElement\":[{\"@type\":\"ListItem\",\"position\":1,\"name\":\"In\u00edcio\",\"item\":\"https:\\\/\\\/news.ecclesia.org.br\\\/\"},{\"@type\":\"ListItem\",\"position\":2,\"name\":\"PATRIARCA ECUM\u00caNICO EM MIL\u00c3O\"}]},{\"@type\":\"WebSite\",\"@id\":\"https:\\\/\\\/news.ecclesia.org.br\\\/#website\",\"url\":\"https:\\\/\\\/news.ecclesia.org.br\\\/\",\"name\":\"Ecclesia Brasil\",\"description\":\"Desde 2003 onectando o Brasil ao mundo ortodoxo!\",\"publisher\":{\"@id\":\"https:\\\/\\\/news.ecclesia.org.br\\\/#organization\"},\"alternateName\":\"Ecclesia\",\"potentialAction\":[{\"@type\":\"SearchAction\",\"target\":{\"@type\":\"EntryPoint\",\"urlTemplate\":\"https:\\\/\\\/news.ecclesia.org.br\\\/?s={search_term_string}\"},\"query-input\":{\"@type\":\"PropertyValueSpecification\",\"valueRequired\":true,\"valueName\":\"search_term_string\"}}],\"inLanguage\":\"pt-BR\"},{\"@type\":\"Organization\",\"@id\":\"https:\\\/\\\/news.ecclesia.org.br\\\/#organization\",\"name\":\"Sacra Arquidiocese de Buenos Aires e Am\u00e9rica do Sul | Patriarcado Ecum\u00eanico\",\"alternateName\":\"News Ecclesia Brasil\",\"url\":\"https:\\\/\\\/news.ecclesia.org.br\\\/\",\"logo\":{\"@type\":\"ImageObject\",\"inLanguage\":\"pt-BR\",\"@id\":\"https:\\\/\\\/news.ecclesia.org.br\\\/#\\\/schema\\\/logo\\\/image\\\/\",\"url\":\"https:\\\/\\\/news.ecclesia.org.br\\\/wp-content\\\/uploads\\\/2025\\\/05\\\/ecclesia2.png\",\"contentUrl\":\"https:\\\/\\\/news.ecclesia.org.br\\\/wp-content\\\/uploads\\\/2025\\\/05\\\/ecclesia2.png\",\"width\":480,\"height\":120,\"caption\":\"Sacra Arquidiocese de Buenos Aires e Am\u00e9rica do Sul | Patriarcado Ecum\u00eanico\"},\"image\":{\"@id\":\"https:\\\/\\\/news.ecclesia.org.br\\\/#\\\/schema\\\/logo\\\/image\\\/\"},\"sameAs\":[\"https:\\\/\\\/www.facebook.com\\\/Ecclesia2025\",\"https:\\\/\\\/x.com\\\/EcclesiaNews\",\"https:\\\/\\\/br.pinterest.com\\\/ekklisia\\\/\",\"https:\\\/\\\/www.youtube.com\\\/@EcclesiaBrasil\"]},{\"@type\":\"Person\",\"@id\":\"https:\\\/\\\/news.ecclesia.org.br\\\/#\\\/schema\\\/person\\\/6f09597f025829745ba414a569f63758\",\"name\":\"Pe. Andr\u00e9\",\"image\":{\"@type\":\"ImageObject\",\"inLanguage\":\"pt-BR\",\"@id\":\"https:\\\/\\\/secure.gravatar.com\\\/avatar\\\/b4327cfa27e9799da239a26adcd534fc29cdc0c4a4a148eecbcfeb9b42c617ac?s=96&d=mm&r=g\",\"url\":\"https:\\\/\\\/secure.gravatar.com\\\/avatar\\\/b4327cfa27e9799da239a26adcd534fc29cdc0c4a4a148eecbcfeb9b42c617ac?s=96&d=mm&r=g\",\"contentUrl\":\"https:\\\/\\\/secure.gravatar.com\\\/avatar\\\/b4327cfa27e9799da239a26adcd534fc29cdc0c4a4a148eecbcfeb9b42c617ac?s=96&d=mm&r=g\",\"caption\":\"Pe. Andr\u00e9\"},\"sameAs\":[\"https:\\\/\\\/www.ecclesia.org.br\"]}]}<\/script>\n<!-- \/ Yoast SEO plugin. -->","yoast_head_json":{"title":"PATRIARCA ECUM\u00caNICO EM MIL\u00c3O | ECCLESIA NEWS","robots":{"index":"index","follow":"follow","max-snippet":"max-snippet:-1","max-image-preview":"max-image-preview:large","max-video-preview":"max-video-preview:-1"},"canonical":"https:\/\/news.ecclesia.org.br\/?p=6416","og_locale":"pt_BR","og_type":"article","og_title":"PATRIARCA ECUM\u00caNICO EM MIL\u00c3O | ECCLESIA NEWS","og_description":"O Patriarca Ecum\u00eanico, S. S. Bartolomeu I, chegou a Mil\u00e3o (It\u00e1lia) na manh\u00e3 desta ter\u00e7a-feira, dia 14 de maio de 2013, para participar das celebra\u00e7\u00f5es alusivas aos 1700 do Edito de Mil\u00e3o, a convite do Arcebispo Cat\u00f3lico de Mil\u00e3o, S.&#8230;","og_url":"https:\/\/news.ecclesia.org.br\/?p=6416","og_site_name":"ECCLESIA NEWS","article_publisher":"https:\/\/www.facebook.com\/Ecclesia2025","article_published_time":"2013-05-15T01:30:54+00:00","article_modified_time":"2016-03-23T20:20:29+00:00","og_image":[{"width":630,"height":276,"url":"https:\/\/news.ecclesia.org.br\/wp-content\/uploads\/2013\/05\/patriarca-em-milao-1.jpg","type":"image\/jpeg"}],"author":"Pe. Andr\u00e9","twitter_card":"summary_large_image","twitter_creator":"@EcclesiaNews","twitter_site":"@EcclesiaNews","twitter_misc":{"Escrito por":"Pe. Andr\u00e9","Est. tempo de leitura":"1 minuto"},"schema":{"@context":"https:\/\/schema.org","@graph":[{"@type":"Article","@id":"https:\/\/news.ecclesia.org.br\/?p=6416#article","isPartOf":{"@id":"https:\/\/news.ecclesia.org.br\/?p=6416"},"author":{"name":"Pe. Andr\u00e9","@id":"https:\/\/news.ecclesia.org.br\/#\/schema\/person\/6f09597f025829745ba414a569f63758"},"headline":"PATRIARCA ECUM\u00caNICO EM MIL\u00c3O","datePublished":"2013-05-15T01:30:54+00:00","dateModified":"2016-03-23T20:20:29+00:00","mainEntityOfPage":{"@id":"https:\/\/news.ecclesia.org.br\/?p=6416"},"wordCount":248,"commentCount":0,"publisher":{"@id":"https:\/\/news.ecclesia.org.br\/#organization"},"image":{"@id":"https:\/\/news.ecclesia.org.br\/?p=6416#primaryimage"},"thumbnailUrl":"https:\/\/news.ecclesia.org.br\/wp-content\/uploads\/2013\/05\/patriarca-em-milao-1.jpg","articleSection":["Mundo Ortodoxo","Patriarcado Ecum\u00eanico"],"inLanguage":"pt-BR","potentialAction":[{"@type":"CommentAction","name":"Comment","target":["https:\/\/news.ecclesia.org.br\/?p=6416#respond"]}]},{"@type":"WebPage","@id":"https:\/\/news.ecclesia.org.br\/?p=6416","url":"https:\/\/news.ecclesia.org.br\/?p=6416","name":"PATRIARCA ECUM\u00caNICO EM MIL\u00c3O | ECCLESIA NEWS","isPartOf":{"@id":"https:\/\/news.ecclesia.org.br\/#website"},"primaryImageOfPage":{"@id":"https:\/\/news.ecclesia.org.br\/?p=6416#primaryimage"},"image":{"@id":"https:\/\/news.ecclesia.org.br\/?p=6416#primaryimage"},"thumbnailUrl":"https:\/\/news.ecclesia.org.br\/wp-content\/uploads\/2013\/05\/patriarca-em-milao-1.jpg","datePublished":"2013-05-15T01:30:54+00:00","dateModified":"2016-03-23T20:20:29+00:00","breadcrumb":{"@id":"https:\/\/news.ecclesia.org.br\/?p=6416#breadcrumb"},"inLanguage":"pt-BR","potentialAction":[{"@type":"ReadAction","target":["https:\/\/news.ecclesia.org.br\/?p=6416"]}]},{"@type":"ImageObject","inLanguage":"pt-BR","@id":"https:\/\/news.ecclesia.org.br\/?p=6416#primaryimage","url":"https:\/\/news.ecclesia.org.br\/wp-content\/uploads\/2013\/05\/patriarca-em-milao-1.jpg","contentUrl":"https:\/\/news.ecclesia.org.br\/wp-content\/uploads\/2013\/05\/patriarca-em-milao-1.jpg","width":630,"height":276},{"@type":"BreadcrumbList","@id":"https:\/\/news.ecclesia.org.br\/?p=6416#breadcrumb","itemListElement":[{"@type":"ListItem","position":1,"name":"In\u00edcio","item":"https:\/\/news.ecclesia.org.br\/"},{"@type":"ListItem","position":2,"name":"PATRIARCA ECUM\u00caNICO EM MIL\u00c3O"}]},{"@type":"WebSite","@id":"https:\/\/news.ecclesia.org.br\/#website","url":"https:\/\/news.ecclesia.org.br\/","name":"Ecclesia Brasil","description":"Desde 2003 onectando o Brasil ao mundo ortodoxo!","publisher":{"@id":"https:\/\/news.ecclesia.org.br\/#organization"},"alternateName":"Ecclesia","potentialAction":[{"@type":"SearchAction","target":{"@type":"EntryPoint","urlTemplate":"https:\/\/news.ecclesia.org.br\/?s={search_term_string}"},"query-input":{"@type":"PropertyValueSpecification","valueRequired":true,"valueName":"search_term_string"}}],"inLanguage":"pt-BR"},{"@type":"Organization","@id":"https:\/\/news.ecclesia.org.br\/#organization","name":"Sacra Arquidiocese de Buenos Aires e Am\u00e9rica do Sul | Patriarcado Ecum\u00eanico","alternateName":"News Ecclesia Brasil","url":"https:\/\/news.ecclesia.org.br\/","logo":{"@type":"ImageObject","inLanguage":"pt-BR","@id":"https:\/\/news.ecclesia.org.br\/#\/schema\/logo\/image\/","url":"https:\/\/news.ecclesia.org.br\/wp-content\/uploads\/2025\/05\/ecclesia2.png","contentUrl":"https:\/\/news.ecclesia.org.br\/wp-content\/uploads\/2025\/05\/ecclesia2.png","width":480,"height":120,"caption":"Sacra Arquidiocese de Buenos Aires e Am\u00e9rica do Sul | Patriarcado Ecum\u00eanico"},"image":{"@id":"https:\/\/news.ecclesia.org.br\/#\/schema\/logo\/image\/"},"sameAs":["https:\/\/www.facebook.com\/Ecclesia2025","https:\/\/x.com\/EcclesiaNews","https:\/\/br.pinterest.com\/ekklisia\/","https:\/\/www.youtube.com\/@EcclesiaBrasil"]},{"@type":"Person","@id":"https:\/\/news.ecclesia.org.br\/#\/schema\/person\/6f09597f025829745ba414a569f63758","name":"Pe. Andr\u00e9","image":{"@type":"ImageObject","inLanguage":"pt-BR","@id":"https:\/\/secure.gravatar.com\/avatar\/b4327cfa27e9799da239a26adcd534fc29cdc0c4a4a148eecbcfeb9b42c617ac?s=96&d=mm&r=g","url":"https:\/\/secure.gravatar.com\/avatar\/b4327cfa27e9799da239a26adcd534fc29cdc0c4a4a148eecbcfeb9b42c617ac?s=96&d=mm&r=g","contentUrl":"https:\/\/secure.gravatar.com\/avatar\/b4327cfa27e9799da239a26adcd534fc29cdc0c4a4a148eecbcfeb9b42c617ac?s=96&d=mm&r=g","caption":"Pe. Andr\u00e9"},"sameAs":["https:\/\/www.ecclesia.org.br"]}]}},"_links":{"self":[{"href":"https:\/\/news.ecclesia.org.br\/index.php?rest_route=\/wp\/v2\/posts\/6416","targetHints":{"allow":["GET"]}}],"collection":[{"href":"https:\/\/news.ecclesia.org.br\/index.php?rest_route=\/wp\/v2\/posts"}],"about":[{"href":"https:\/\/news.ecclesia.org.br\/index.php?rest_route=\/wp\/v2\/types\/post"}],"author":[{"embeddable":true,"href":"https:\/\/news.ecclesia.org.br\/index.php?rest_route=\/wp\/v2\/users\/1"}],"replies":[{"embeddable":true,"href":"https:\/\/news.ecclesia.org.br\/index.php?rest_route=%2Fwp%2Fv2%2Fcomments&post=6416"}],"version-history":[{"count":0,"href":"https:\/\/news.ecclesia.org.br\/index.php?rest_route=\/wp\/v2\/posts\/6416\/revisions"}],"wp:featuredmedia":[{"embeddable":true,"href":"https:\/\/news.ecclesia.org.br\/index.php?rest_route=\/wp\/v2\/media\/6417"}],"wp:attachment":[{"href":"https:\/\/news.ecclesia.org.br\/index.php?rest_route=%2Fwp%2Fv2%2Fmedia&parent=6416"}],"wp:term":[{"taxonomy":"category","embeddable":true,"href":"https:\/\/news.ecclesia.org.br\/index.php?rest_route=%2Fwp%2Fv2%2Fcategories&post=6416"},{"taxonomy":"post_tag","embeddable":true,"href":"https:\/\/news.ecclesia.org.br\/index.php?rest_route=%2Fwp%2Fv2%2Ftags&post=6416"}],"curies":[{"name":"wp","href":"https:\/\/api.w.org\/{rel}","templated":true}]}}