{"id":6251,"date":"2013-03-21T02:51:16","date_gmt":"2013-03-21T05:51:16","guid":{"rendered":"http:\/\/www.ecclesia.com.br\/news\/2013\/?p=6251"},"modified":"2016-03-23T21:18:02","modified_gmt":"2016-03-23T21:18:02","slug":"arcebispo-tarasios-e-papa-francisco-um-encontro-emocionante","status":"publish","type":"post","link":"https:\/\/news.ecclesia.org.br\/?p=6251","title":{"rendered":"ARCEBISPO TARASIOS E PAPA FRANCISCO: UM ENCONTRO EMOCIONANTE"},"content":{"rendered":"<p style=\"text-align: center;\"><div id=\"galleria-6251\"><a href=\"https:\/\/news.ecclesia.org.br\/wp-content\/uploads\/2013\/03\/001-2.jpg\"><img decoding=\"async\" title=\"001\" alt=\"\" src=\"https:\/\/news.ecclesia.org.br\/wp-content\/uploads\/2013\/03\/001-2-78x55.jpg\" data-big=\"https:\/\/news.ecclesia.org.br\/wp-content\/uploads\/2013\/03\/001-2.jpg\"><\/a><a href=\"https:\/\/news.ecclesia.org.br\/wp-content\/uploads\/2013\/03\/001_0.jpg\"><img decoding=\"async\" title=\"001_0\" alt=\"\" src=\"https:\/\/news.ecclesia.org.br\/wp-content\/uploads\/2013\/03\/001_0-96x55.jpg\" data-big=\"https:\/\/news.ecclesia.org.br\/wp-content\/uploads\/2013\/03\/001_0.jpg\"><\/a><a href=\"https:\/\/news.ecclesia.org.br\/wp-content\/uploads\/2013\/03\/002_0.jpg\"><img decoding=\"async\" title=\"002_0\" alt=\"\" src=\"https:\/\/news.ecclesia.org.br\/wp-content\/uploads\/2013\/03\/002_0-80x55.jpg\" data-big=\"https:\/\/news.ecclesia.org.br\/wp-content\/uploads\/2013\/03\/002_0.jpg\"><\/a><a href=\"https:\/\/news.ecclesia.org.br\/wp-content\/uploads\/2013\/03\/002_1.jpg\"><img decoding=\"async\" title=\"002_1\" alt=\"\" src=\"https:\/\/news.ecclesia.org.br\/wp-content\/uploads\/2013\/03\/002_1-98x55.jpg\" data-big=\"https:\/\/news.ecclesia.org.br\/wp-content\/uploads\/2013\/03\/002_1.jpg\"><\/a><a href=\"https:\/\/news.ecclesia.org.br\/wp-content\/uploads\/2013\/03\/003_0.jpg\"><img decoding=\"async\" title=\"003_0\" alt=\"\" src=\"https:\/\/news.ecclesia.org.br\/wp-content\/uploads\/2013\/03\/003_0-96x55.jpg\" data-big=\"https:\/\/news.ecclesia.org.br\/wp-content\/uploads\/2013\/03\/003_0.jpg\"><\/a><a href=\"https:\/\/news.ecclesia.org.br\/wp-content\/uploads\/2013\/03\/003-610x366-1.jpg\"><img decoding=\"async\" title=\"003-610&#215;366\" alt=\"\" src=\"https:\/\/news.ecclesia.org.br\/wp-content\/uploads\/2013\/03\/003-610x366-1-92x55.jpg\" data-big=\"https:\/\/news.ecclesia.org.br\/wp-content\/uploads\/2013\/03\/003-610x366-1.jpg\"><\/a><a href=\"https:\/\/news.ecclesia.org.br\/wp-content\/uploads\/2013\/03\/004.jpg\"><img decoding=\"async\" title=\"004\" alt=\"\" src=\"https:\/\/news.ecclesia.org.br\/wp-content\/uploads\/2013\/03\/004-78x55.jpg\" data-big=\"https:\/\/news.ecclesia.org.br\/wp-content\/uploads\/2013\/03\/004.jpg\"><\/a><a href=\"https:\/\/news.ecclesia.org.br\/wp-content\/uploads\/2013\/03\/004_0.jpg\"><img decoding=\"async\" title=\"004_0\" alt=\"\" src=\"https:\/\/news.ecclesia.org.br\/wp-content\/uploads\/2013\/03\/004_0-97x55.jpg\" data-big=\"https:\/\/news.ecclesia.org.br\/wp-content\/uploads\/2013\/03\/004_0.jpg\"><\/a><a href=\"https:\/\/news.ecclesia.org.br\/wp-content\/uploads\/2013\/03\/005_0.jpg\"><img decoding=\"async\" title=\"005_0\" alt=\"\" src=\"https:\/\/news.ecclesia.org.br\/wp-content\/uploads\/2013\/03\/005_0-97x55.jpg\" data-big=\"https:\/\/news.ecclesia.org.br\/wp-content\/uploads\/2013\/03\/005_0.jpg\"><\/a><\/div><\/p>\n<p style=\"text-align: justify;\">Nesta quarta-feira, 20 de mar\u00e7o de 2013, durante o encontro do Papa FRANCISCO com as delega\u00e7\u00f5es ecum\u00eanicas na Sala Clementina, nosso Arcebispo TARASIOS &#8211; Arquidiocese Ortodoxa Grega de Buenos Aires e Am\u00e9rica do Sul \u2013 que acompanhava S. Santidade BARTOLOMEU I nesta hist\u00f3rica visita a Roma, ap\u00f3s dirigir-lhe palavras de \u00e2nimo e encorajamento na \u00e1rdua miss\u00e3o que Deus lhe confiou, entregou ao novo Papa dois significativos presentes: um recipiente contendo terra da Rep\u00fablica Argentina, de onde veio o novo Papa, e um c\u00e1lice de prata no qual est\u00e1 gravado, parte do vers\u00edculo b\u00edblico (Jo 17,11) \u201cPARA QUE SEJAM UM\u201d, uma clara refer\u00eancia \u00e0 unidade de todos os crist\u00e3os desejada por Cristo.<\/p>\n<p style=\"text-align: justify;\">Tradu\u00e7\u00e3o da entrevista no v\u00eddeo acima:<\/p>\n<h3>O Metropolita \u00a0Tarasios de Buenos Aires, Arcebispo Primaz da Igreja Ortodoxa Grega na Am\u00e9rica do Sul, falou ao Servi\u00e7o Cat\u00f3lico de Not\u00edcias sobre o homem que conheceu como Cardeal Jorge Bergoglio, agora Papa Francisco.<\/h3>\n<blockquote>\n<p style=\"text-align: justify;\">\u201cEu o conheci quando ele veio a minha entroniza\u00e7\u00e3o em Buenos Aires em 14\/07\/2001. Ele foi convidado, compareceu e fiquei muito contente e me senti praticamente obrigado a retribuir sua gentileza, por isso quis tamb\u00e9m comparecer a sua entroniza\u00e7\u00e3o. Levei a ele alguns presentes: um era uma urna em que coloquei terra da Argentina para que n\u00e3o se sentisse distante, assim ele sempre se sentiria pr\u00f3ximo a n\u00f3s. Fiquei muito feliz em encontrar um homem que representa Cristo, S\u00e3o Pedro&#8230;<\/p>\n<\/blockquote>\n<p><strong>Qual o futuro do di\u00e1logo teol\u00f3gico entre cat\u00f3licos e ortodoxos?<\/strong><\/p>\n<blockquote>\n<p style=\"text-align: justify;\">O di\u00e1logo em si n\u00e3o pode promover a unidade entre os crist\u00e3os. Ele pode nos tornar mais pr\u00f3ximos. Pode nos informar melhor sobre cada um dos lados, sobre onde n\u00f3s estamos, quais s\u00e3o nossos pensamentos e sentimentos, onde podem estar os problemas, onde n\u00f3s nos sentimos mais confort\u00e1veis trabalhando juntos.<\/p>\n<p style=\"text-align: justify;\">A perspectiva de Sua Santidade, o Papa, estaria em outro n\u00edvel ao fazer as pessoas estarem juntas porque, por fim, se as pessoas n\u00e3o aceitam o di\u00e1logo teol\u00f3gico ou o que resulta do di\u00e1logo teol\u00f3gico, n\u00e3o haver\u00e1 unidade crist\u00e3.<\/p>\n<\/blockquote>\n<p><strong>O que significou ver o Papa Francisco pr\u00f3ximo \u00e0 Casa de H\u00f3spedes do Vaticano?<\/strong><\/p>\n<blockquote>\n<p style=\"text-align: justify;\">Foi uma gra\u00e7a. Eu n\u00e3o esperava que ele estivesse na Casa Santa Marta e que estar\u00edamos na mesma casa. Pensei que ele estaria em seus aposentos papais e que ter\u00edamos apenas encontros de relances com ele.<\/p>\n<p style=\"text-align: justify;\">Mas ele \u00e9 a mesma pessoa que vimos em Buenos Aires: muito simples, muito amig\u00e1vel, como nesta manh\u00e3 em que tomamos caf\u00e9 juntos e foi uma grande oportunidade para trocarmos cumprimentos, desejarmos um ao outro um dia agrad\u00e1vel e fecundo. O que mais poderia dizer? N\u00e3o vamos resolver os problemas da Igreja num caf\u00e9 da manh\u00e3, mas vamos tratar de viver como numa fam\u00edlia crist\u00e3.<\/p>\n<\/blockquote>\n<p style=\"text-align: right;\">Tradu\u00e7\u00e3o: Fabiana \/ Cat\u00f3lica SC<\/p>\n","protected":false},"excerpt":{"rendered":"<p>Nesta quarta-feira, 20 de mar\u00e7o de 2013, durante o encontro do Papa FRANCISCO com as delega\u00e7\u00f5es ecum\u00eanicas na Sala Clementina, nosso Arcebispo TARASIOS &#8211; Arquidiocese Ortodoxa Grega de Buenos Aires e Am\u00e9rica do Sul \u2013 que acompanhava S. Santidade BARTOLOMEU&#8230;<\/p>\n","protected":false},"author":1,"featured_media":18848,"comment_status":"open","ping_status":"open","sticky":false,"template":"","format":"standard","meta":{"_acf_changed":false,"footnotes":""},"categories":[40],"tags":[],"class_list":["post-6251","post","type-post","status-publish","format-standard","has-post-thumbnail","hentry","category-arquidiocese-de-buenos-aires-e-america-do-sul","entry","rows-excerpt"],"acf":[],"yoast_head":"<!-- This site is optimized with the Yoast SEO plugin v27.5 - https:\/\/yoast.com\/product\/yoast-seo-wordpress\/ -->\n<title>ARCEBISPO TARASIOS E PAPA FRANCISCO: UM ENCONTRO EMOCIONANTE | ECCLESIA NEWS<\/title>\n<meta name=\"robots\" content=\"index, follow, max-snippet:-1, max-image-preview:large, max-video-preview:-1\" \/>\n<link rel=\"canonical\" href=\"https:\/\/news.ecclesia.org.br\/?p=6251\" \/>\n<meta property=\"og:locale\" content=\"pt_BR\" \/>\n<meta property=\"og:type\" content=\"article\" \/>\n<meta property=\"og:title\" content=\"ARCEBISPO TARASIOS E PAPA FRANCISCO: UM ENCONTRO EMOCIONANTE | ECCLESIA NEWS\" \/>\n<meta property=\"og:description\" content=\"Nesta quarta-feira, 20 de mar\u00e7o de 2013, durante o encontro do Papa FRANCISCO com as delega\u00e7\u00f5es ecum\u00eanicas na Sala Clementina, nosso Arcebispo TARASIOS &#8211; Arquidiocese Ortodoxa Grega de Buenos Aires e Am\u00e9rica do Sul \u2013 que acompanhava S. Santidade BARTOLOMEU&#8230;\" \/>\n<meta property=\"og:url\" content=\"https:\/\/news.ecclesia.org.br\/?p=6251\" \/>\n<meta property=\"og:site_name\" content=\"ECCLESIA NEWS\" \/>\n<meta property=\"article:publisher\" content=\"https:\/\/www.facebook.com\/Ecclesia2025\" \/>\n<meta property=\"article:published_time\" content=\"2013-03-21T05:51:16+00:00\" \/>\n<meta property=\"article:modified_time\" content=\"2016-03-23T21:18:02+00:00\" \/>\n<meta property=\"og:image\" content=\"https:\/\/news.ecclesia.org.br\/wp-content\/uploads\/2013\/03\/005_0.jpg\" \/>\n\t<meta property=\"og:image:width\" content=\"800\" \/>\n\t<meta property=\"og:image:height\" content=\"453\" \/>\n\t<meta property=\"og:image:type\" content=\"image\/jpeg\" \/>\n<meta name=\"author\" content=\"Pe. Andr\u00e9\" \/>\n<meta name=\"twitter:card\" content=\"summary_large_image\" \/>\n<meta name=\"twitter:creator\" content=\"@EcclesiaNews\" \/>\n<meta name=\"twitter:site\" content=\"@EcclesiaNews\" \/>\n<meta name=\"twitter:label1\" content=\"Escrito por\" \/>\n\t<meta name=\"twitter:data1\" content=\"Pe. Andr\u00e9\" \/>\n\t<meta name=\"twitter:label2\" content=\"Est. tempo de leitura\" \/>\n\t<meta name=\"twitter:data2\" content=\"3 minutos\" \/>\n<script type=\"application\/ld+json\" class=\"yoast-schema-graph\">{\"@context\":\"https:\\\/\\\/schema.org\",\"@graph\":[{\"@type\":\"Article\",\"@id\":\"https:\\\/\\\/news.ecclesia.org.br\\\/?p=6251#article\",\"isPartOf\":{\"@id\":\"https:\\\/\\\/news.ecclesia.org.br\\\/?p=6251\"},\"author\":{\"name\":\"Pe. Andr\u00e9\",\"@id\":\"https:\\\/\\\/news.ecclesia.org.br\\\/#\\\/schema\\\/person\\\/6f09597f025829745ba414a569f63758\"},\"headline\":\"ARCEBISPO TARASIOS E PAPA FRANCISCO: UM ENCONTRO EMOCIONANTE\",\"datePublished\":\"2013-03-21T05:51:16+00:00\",\"dateModified\":\"2016-03-23T21:18:02+00:00\",\"mainEntityOfPage\":{\"@id\":\"https:\\\/\\\/news.ecclesia.org.br\\\/?p=6251\"},\"wordCount\":508,\"commentCount\":0,\"publisher\":{\"@id\":\"https:\\\/\\\/news.ecclesia.org.br\\\/#organization\"},\"image\":{\"@id\":\"https:\\\/\\\/news.ecclesia.org.br\\\/?p=6251#primaryimage\"},\"thumbnailUrl\":\"https:\\\/\\\/news.ecclesia.org.br\\\/wp-content\\\/uploads\\\/2013\\\/03\\\/005_0.jpg\",\"articleSection\":[\"Arquidiocese de Buenos Aires e Am\u00e9rica do Sul\"],\"inLanguage\":\"pt-BR\",\"potentialAction\":[{\"@type\":\"CommentAction\",\"name\":\"Comment\",\"target\":[\"https:\\\/\\\/news.ecclesia.org.br\\\/?p=6251#respond\"]}]},{\"@type\":\"WebPage\",\"@id\":\"https:\\\/\\\/news.ecclesia.org.br\\\/?p=6251\",\"url\":\"https:\\\/\\\/news.ecclesia.org.br\\\/?p=6251\",\"name\":\"ARCEBISPO TARASIOS E PAPA FRANCISCO: UM ENCONTRO EMOCIONANTE | ECCLESIA NEWS\",\"isPartOf\":{\"@id\":\"https:\\\/\\\/news.ecclesia.org.br\\\/#website\"},\"primaryImageOfPage\":{\"@id\":\"https:\\\/\\\/news.ecclesia.org.br\\\/?p=6251#primaryimage\"},\"image\":{\"@id\":\"https:\\\/\\\/news.ecclesia.org.br\\\/?p=6251#primaryimage\"},\"thumbnailUrl\":\"https:\\\/\\\/news.ecclesia.org.br\\\/wp-content\\\/uploads\\\/2013\\\/03\\\/005_0.jpg\",\"datePublished\":\"2013-03-21T05:51:16+00:00\",\"dateModified\":\"2016-03-23T21:18:02+00:00\",\"breadcrumb\":{\"@id\":\"https:\\\/\\\/news.ecclesia.org.br\\\/?p=6251#breadcrumb\"},\"inLanguage\":\"pt-BR\",\"potentialAction\":[{\"@type\":\"ReadAction\",\"target\":[\"https:\\\/\\\/news.ecclesia.org.br\\\/?p=6251\"]}]},{\"@type\":\"ImageObject\",\"inLanguage\":\"pt-BR\",\"@id\":\"https:\\\/\\\/news.ecclesia.org.br\\\/?p=6251#primaryimage\",\"url\":\"https:\\\/\\\/news.ecclesia.org.br\\\/wp-content\\\/uploads\\\/2013\\\/03\\\/005_0.jpg\",\"contentUrl\":\"https:\\\/\\\/news.ecclesia.org.br\\\/wp-content\\\/uploads\\\/2013\\\/03\\\/005_0.jpg\",\"width\":800,\"height\":453},{\"@type\":\"BreadcrumbList\",\"@id\":\"https:\\\/\\\/news.ecclesia.org.br\\\/?p=6251#breadcrumb\",\"itemListElement\":[{\"@type\":\"ListItem\",\"position\":1,\"name\":\"In\u00edcio\",\"item\":\"https:\\\/\\\/news.ecclesia.org.br\\\/\"},{\"@type\":\"ListItem\",\"position\":2,\"name\":\"ARCEBISPO TARASIOS E PAPA FRANCISCO: UM ENCONTRO EMOCIONANTE\"}]},{\"@type\":\"WebSite\",\"@id\":\"https:\\\/\\\/news.ecclesia.org.br\\\/#website\",\"url\":\"https:\\\/\\\/news.ecclesia.org.br\\\/\",\"name\":\"Ecclesia Brasil\",\"description\":\"Desde 2003 onectando o Brasil ao mundo ortodoxo!\",\"publisher\":{\"@id\":\"https:\\\/\\\/news.ecclesia.org.br\\\/#organization\"},\"alternateName\":\"Ecclesia\",\"potentialAction\":[{\"@type\":\"SearchAction\",\"target\":{\"@type\":\"EntryPoint\",\"urlTemplate\":\"https:\\\/\\\/news.ecclesia.org.br\\\/?s={search_term_string}\"},\"query-input\":{\"@type\":\"PropertyValueSpecification\",\"valueRequired\":true,\"valueName\":\"search_term_string\"}}],\"inLanguage\":\"pt-BR\"},{\"@type\":\"Organization\",\"@id\":\"https:\\\/\\\/news.ecclesia.org.br\\\/#organization\",\"name\":\"Sacra Arquidiocese de Buenos Aires e Am\u00e9rica do Sul | Patriarcado Ecum\u00eanico\",\"alternateName\":\"News Ecclesia Brasil\",\"url\":\"https:\\\/\\\/news.ecclesia.org.br\\\/\",\"logo\":{\"@type\":\"ImageObject\",\"inLanguage\":\"pt-BR\",\"@id\":\"https:\\\/\\\/news.ecclesia.org.br\\\/#\\\/schema\\\/logo\\\/image\\\/\",\"url\":\"https:\\\/\\\/news.ecclesia.org.br\\\/wp-content\\\/uploads\\\/2025\\\/05\\\/ecclesia2.png\",\"contentUrl\":\"https:\\\/\\\/news.ecclesia.org.br\\\/wp-content\\\/uploads\\\/2025\\\/05\\\/ecclesia2.png\",\"width\":480,\"height\":120,\"caption\":\"Sacra Arquidiocese de Buenos Aires e Am\u00e9rica do Sul | Patriarcado Ecum\u00eanico\"},\"image\":{\"@id\":\"https:\\\/\\\/news.ecclesia.org.br\\\/#\\\/schema\\\/logo\\\/image\\\/\"},\"sameAs\":[\"https:\\\/\\\/www.facebook.com\\\/Ecclesia2025\",\"https:\\\/\\\/x.com\\\/EcclesiaNews\",\"https:\\\/\\\/br.pinterest.com\\\/ekklisia\\\/\",\"https:\\\/\\\/www.youtube.com\\\/@EcclesiaBrasil\"]},{\"@type\":\"Person\",\"@id\":\"https:\\\/\\\/news.ecclesia.org.br\\\/#\\\/schema\\\/person\\\/6f09597f025829745ba414a569f63758\",\"name\":\"Pe. Andr\u00e9\",\"image\":{\"@type\":\"ImageObject\",\"inLanguage\":\"pt-BR\",\"@id\":\"https:\\\/\\\/secure.gravatar.com\\\/avatar\\\/b4327cfa27e9799da239a26adcd534fc29cdc0c4a4a148eecbcfeb9b42c617ac?s=96&d=mm&r=g\",\"url\":\"https:\\\/\\\/secure.gravatar.com\\\/avatar\\\/b4327cfa27e9799da239a26adcd534fc29cdc0c4a4a148eecbcfeb9b42c617ac?s=96&d=mm&r=g\",\"contentUrl\":\"https:\\\/\\\/secure.gravatar.com\\\/avatar\\\/b4327cfa27e9799da239a26adcd534fc29cdc0c4a4a148eecbcfeb9b42c617ac?s=96&d=mm&r=g\",\"caption\":\"Pe. Andr\u00e9\"},\"sameAs\":[\"https:\\\/\\\/www.ecclesia.org.br\"]}]}<\/script>\n<!-- \/ Yoast SEO plugin. -->","yoast_head_json":{"title":"ARCEBISPO TARASIOS E PAPA FRANCISCO: UM ENCONTRO EMOCIONANTE | ECCLESIA NEWS","robots":{"index":"index","follow":"follow","max-snippet":"max-snippet:-1","max-image-preview":"max-image-preview:large","max-video-preview":"max-video-preview:-1"},"canonical":"https:\/\/news.ecclesia.org.br\/?p=6251","og_locale":"pt_BR","og_type":"article","og_title":"ARCEBISPO TARASIOS E PAPA FRANCISCO: UM ENCONTRO EMOCIONANTE | ECCLESIA NEWS","og_description":"Nesta quarta-feira, 20 de mar\u00e7o de 2013, durante o encontro do Papa FRANCISCO com as delega\u00e7\u00f5es ecum\u00eanicas na Sala Clementina, nosso Arcebispo TARASIOS &#8211; Arquidiocese Ortodoxa Grega de Buenos Aires e Am\u00e9rica do Sul \u2013 que acompanhava S. Santidade BARTOLOMEU&#8230;","og_url":"https:\/\/news.ecclesia.org.br\/?p=6251","og_site_name":"ECCLESIA NEWS","article_publisher":"https:\/\/www.facebook.com\/Ecclesia2025","article_published_time":"2013-03-21T05:51:16+00:00","article_modified_time":"2016-03-23T21:18:02+00:00","og_image":[{"width":800,"height":453,"url":"https:\/\/news.ecclesia.org.br\/wp-content\/uploads\/2013\/03\/005_0.jpg","type":"image\/jpeg"}],"author":"Pe. Andr\u00e9","twitter_card":"summary_large_image","twitter_creator":"@EcclesiaNews","twitter_site":"@EcclesiaNews","twitter_misc":{"Escrito por":"Pe. Andr\u00e9","Est. tempo de leitura":"3 minutos"},"schema":{"@context":"https:\/\/schema.org","@graph":[{"@type":"Article","@id":"https:\/\/news.ecclesia.org.br\/?p=6251#article","isPartOf":{"@id":"https:\/\/news.ecclesia.org.br\/?p=6251"},"author":{"name":"Pe. Andr\u00e9","@id":"https:\/\/news.ecclesia.org.br\/#\/schema\/person\/6f09597f025829745ba414a569f63758"},"headline":"ARCEBISPO TARASIOS E PAPA FRANCISCO: UM ENCONTRO EMOCIONANTE","datePublished":"2013-03-21T05:51:16+00:00","dateModified":"2016-03-23T21:18:02+00:00","mainEntityOfPage":{"@id":"https:\/\/news.ecclesia.org.br\/?p=6251"},"wordCount":508,"commentCount":0,"publisher":{"@id":"https:\/\/news.ecclesia.org.br\/#organization"},"image":{"@id":"https:\/\/news.ecclesia.org.br\/?p=6251#primaryimage"},"thumbnailUrl":"https:\/\/news.ecclesia.org.br\/wp-content\/uploads\/2013\/03\/005_0.jpg","articleSection":["Arquidiocese de Buenos Aires e Am\u00e9rica do Sul"],"inLanguage":"pt-BR","potentialAction":[{"@type":"CommentAction","name":"Comment","target":["https:\/\/news.ecclesia.org.br\/?p=6251#respond"]}]},{"@type":"WebPage","@id":"https:\/\/news.ecclesia.org.br\/?p=6251","url":"https:\/\/news.ecclesia.org.br\/?p=6251","name":"ARCEBISPO TARASIOS E PAPA FRANCISCO: UM ENCONTRO EMOCIONANTE | ECCLESIA NEWS","isPartOf":{"@id":"https:\/\/news.ecclesia.org.br\/#website"},"primaryImageOfPage":{"@id":"https:\/\/news.ecclesia.org.br\/?p=6251#primaryimage"},"image":{"@id":"https:\/\/news.ecclesia.org.br\/?p=6251#primaryimage"},"thumbnailUrl":"https:\/\/news.ecclesia.org.br\/wp-content\/uploads\/2013\/03\/005_0.jpg","datePublished":"2013-03-21T05:51:16+00:00","dateModified":"2016-03-23T21:18:02+00:00","breadcrumb":{"@id":"https:\/\/news.ecclesia.org.br\/?p=6251#breadcrumb"},"inLanguage":"pt-BR","potentialAction":[{"@type":"ReadAction","target":["https:\/\/news.ecclesia.org.br\/?p=6251"]}]},{"@type":"ImageObject","inLanguage":"pt-BR","@id":"https:\/\/news.ecclesia.org.br\/?p=6251#primaryimage","url":"https:\/\/news.ecclesia.org.br\/wp-content\/uploads\/2013\/03\/005_0.jpg","contentUrl":"https:\/\/news.ecclesia.org.br\/wp-content\/uploads\/2013\/03\/005_0.jpg","width":800,"height":453},{"@type":"BreadcrumbList","@id":"https:\/\/news.ecclesia.org.br\/?p=6251#breadcrumb","itemListElement":[{"@type":"ListItem","position":1,"name":"In\u00edcio","item":"https:\/\/news.ecclesia.org.br\/"},{"@type":"ListItem","position":2,"name":"ARCEBISPO TARASIOS E PAPA FRANCISCO: UM ENCONTRO EMOCIONANTE"}]},{"@type":"WebSite","@id":"https:\/\/news.ecclesia.org.br\/#website","url":"https:\/\/news.ecclesia.org.br\/","name":"Ecclesia Brasil","description":"Desde 2003 onectando o Brasil ao mundo ortodoxo!","publisher":{"@id":"https:\/\/news.ecclesia.org.br\/#organization"},"alternateName":"Ecclesia","potentialAction":[{"@type":"SearchAction","target":{"@type":"EntryPoint","urlTemplate":"https:\/\/news.ecclesia.org.br\/?s={search_term_string}"},"query-input":{"@type":"PropertyValueSpecification","valueRequired":true,"valueName":"search_term_string"}}],"inLanguage":"pt-BR"},{"@type":"Organization","@id":"https:\/\/news.ecclesia.org.br\/#organization","name":"Sacra Arquidiocese de Buenos Aires e Am\u00e9rica do Sul | Patriarcado Ecum\u00eanico","alternateName":"News Ecclesia Brasil","url":"https:\/\/news.ecclesia.org.br\/","logo":{"@type":"ImageObject","inLanguage":"pt-BR","@id":"https:\/\/news.ecclesia.org.br\/#\/schema\/logo\/image\/","url":"https:\/\/news.ecclesia.org.br\/wp-content\/uploads\/2025\/05\/ecclesia2.png","contentUrl":"https:\/\/news.ecclesia.org.br\/wp-content\/uploads\/2025\/05\/ecclesia2.png","width":480,"height":120,"caption":"Sacra Arquidiocese de Buenos Aires e Am\u00e9rica do Sul | Patriarcado Ecum\u00eanico"},"image":{"@id":"https:\/\/news.ecclesia.org.br\/#\/schema\/logo\/image\/"},"sameAs":["https:\/\/www.facebook.com\/Ecclesia2025","https:\/\/x.com\/EcclesiaNews","https:\/\/br.pinterest.com\/ekklisia\/","https:\/\/www.youtube.com\/@EcclesiaBrasil"]},{"@type":"Person","@id":"https:\/\/news.ecclesia.org.br\/#\/schema\/person\/6f09597f025829745ba414a569f63758","name":"Pe. Andr\u00e9","image":{"@type":"ImageObject","inLanguage":"pt-BR","@id":"https:\/\/secure.gravatar.com\/avatar\/b4327cfa27e9799da239a26adcd534fc29cdc0c4a4a148eecbcfeb9b42c617ac?s=96&d=mm&r=g","url":"https:\/\/secure.gravatar.com\/avatar\/b4327cfa27e9799da239a26adcd534fc29cdc0c4a4a148eecbcfeb9b42c617ac?s=96&d=mm&r=g","contentUrl":"https:\/\/secure.gravatar.com\/avatar\/b4327cfa27e9799da239a26adcd534fc29cdc0c4a4a148eecbcfeb9b42c617ac?s=96&d=mm&r=g","caption":"Pe. Andr\u00e9"},"sameAs":["https:\/\/www.ecclesia.org.br"]}]}},"_links":{"self":[{"href":"https:\/\/news.ecclesia.org.br\/index.php?rest_route=\/wp\/v2\/posts\/6251","targetHints":{"allow":["GET"]}}],"collection":[{"href":"https:\/\/news.ecclesia.org.br\/index.php?rest_route=\/wp\/v2\/posts"}],"about":[{"href":"https:\/\/news.ecclesia.org.br\/index.php?rest_route=\/wp\/v2\/types\/post"}],"author":[{"embeddable":true,"href":"https:\/\/news.ecclesia.org.br\/index.php?rest_route=\/wp\/v2\/users\/1"}],"replies":[{"embeddable":true,"href":"https:\/\/news.ecclesia.org.br\/index.php?rest_route=%2Fwp%2Fv2%2Fcomments&post=6251"}],"version-history":[{"count":0,"href":"https:\/\/news.ecclesia.org.br\/index.php?rest_route=\/wp\/v2\/posts\/6251\/revisions"}],"wp:featuredmedia":[{"embeddable":true,"href":"https:\/\/news.ecclesia.org.br\/index.php?rest_route=\/wp\/v2\/media\/18848"}],"wp:attachment":[{"href":"https:\/\/news.ecclesia.org.br\/index.php?rest_route=%2Fwp%2Fv2%2Fmedia&parent=6251"}],"wp:term":[{"taxonomy":"category","embeddable":true,"href":"https:\/\/news.ecclesia.org.br\/index.php?rest_route=%2Fwp%2Fv2%2Fcategories&post=6251"},{"taxonomy":"post_tag","embeddable":true,"href":"https:\/\/news.ecclesia.org.br\/index.php?rest_route=%2Fwp%2Fv2%2Ftags&post=6251"}],"curies":[{"name":"wp","href":"https:\/\/api.w.org\/{rel}","templated":true}]}}