{"id":6244,"date":"2013-03-20T20:07:13","date_gmt":"2013-03-20T20:07:13","guid":{"rendered":"http:\/\/www.ecclesia.com.br\/news\/2013\/?p=6244"},"modified":"2016-03-23T21:13:35","modified_gmt":"2016-03-23T21:13:35","slug":"papa-manifesta-vontade-firme-de-prosseguir-o-caminho-do-dialogo-ecumenico","status":"publish","type":"post","link":"https:\/\/news.ecclesia.org.br\/?p=6244","title":{"rendered":"PAPA MANIFESTA \u00abVONTADE FIRME DE PROSSEGUIR O CAMINHO DO DI\u00c1LOGO ECUM\u00caNICO\u00bb"},"content":{"rendered":"<p style=\"text-align: justify;\"><a href=\"https:\/\/news.ecclesia.org.br\/2013\/wp-content\/uploads\/2013\/03\/papa-patriarca-1.jpg\" rel=\"attachment wp-att-6245\"><img fetchpriority=\"high\" decoding=\"async\" class=\"alignleft size-medium wp-image-6245\" src=\"https:\/\/news.ecclesia.org.br\/2013\/wp-content\/uploads\/2013\/03\/papa-patriarca-1-300x188.jpg\" alt=\"papa-patriarca\" width=\"300\" height=\"188\" srcset=\"https:\/\/news.ecclesia.org.br\/wp-content\/uploads\/2013\/03\/papa-patriarca-1-300x188.jpg 300w, https:\/\/news.ecclesia.org.br\/wp-content\/uploads\/2013\/03\/papa-patriarca-1-88x55.jpg 88w, https:\/\/news.ecclesia.org.br\/wp-content\/uploads\/2013\/03\/papa-patriarca-1.jpg 640w\" sizes=\"(max-width: 300px) 100vw, 300px\" \/><\/a>Cidade do Vaticano, 20 mar 2013 (<a href=\"http:\/\/www.agencia.ecclesia.pt\/cgi-bin\/noticia.pl?id=94878\">Ecclesia<\/a>) \u2013 Na audi\u00eancia com representantes de Igrejas, Comunidades Eclesiais e religi\u00f5es n\u00e3o crist\u00e3s, Francisco manifestou \u00aba vontade firme de prosseguir no caminho do di\u00e1logo ecum\u00eanico\u00bb.<\/p>\n<p style=\"text-align: justify;\">[&#8230;] A audi\u00eancia come\u00e7ou com a interven\u00e7\u00e3o do Patriarca Ecum\u00eanico de Constantinopla, que pela primeira vez desde 1054, ano do cisma, esteve presente numa missa de inaugura\u00e7\u00e3o do minist\u00e9rio de um Papa.<\/p>\n<p style=\"text-align: justify;\">Bartolomeu I expressou, em nome dos presentes, a alegria \u00abde todo o cora\u00e7\u00e3o\u00bb pela elei\u00e7\u00e3o \u00abinspirada por Deus\u00bb da \u00abamada Santidade\u00bb Francisco, \u00abprimeiro bispo da vener\u00e1vel Igreja da antiga Roma\u00bb.<\/p>\n<p style=\"text-align: justify;\">O Patriarca recordou que o Papa em\u00e9rito Bento XVI renunciou ao pontificado com \u00abcoragem\u00bb, depois de se ter distinguido pelo \u00abconhecimento teol\u00f3gico\u00bb e pela \u00abcaridade\u00bb.<\/p>\n<p style=\"text-align: justify;\">\u00abA unidade das Igrejas crist\u00e3s constitui a primeira e mais importante das nossas preocupa\u00e7\u00f5es\u00bb, frisou, antes de apelar \u00e0 continua\u00e7\u00e3o do \u00abdi\u00e1logo teol\u00f3gico\u00bb na \u00abcaridade\u00bb e na \u00abverdade\u00bb, em esp\u00edrito de \u00abhumildade e mansid\u00e3o\u00bb.<\/p>\n<p style=\"text-align: justify;\">Perante \u00aba crise econ\u00f4mica mundial\u00ab exige-se uma \u00aba\u00e7\u00e3o humanit\u00e1ria\u00bb, de que o novo Papa tem \u00abgrande experi\u00eancia\u00bb gra\u00e7as ao trabalho \u00abde bom samaritano\u00bb que desenvolveu na Am\u00e9rica Latina, onde \u00abexperimentou como poucos\u00bb o \u00absofrimento\u00bb e a \u00abmis\u00e9ria humana\u00bb, referiu Bartolomeu I.<\/p>\n","protected":false},"excerpt":{"rendered":"<p>Cidade do Vaticano, 20 mar 2013 (Ecclesia) \u2013 Na audi\u00eancia com representantes de Igrejas, Comunidades Eclesiais e religi\u00f5es n\u00e3o crist\u00e3s, Francisco manifestou \u00aba vontade firme de prosseguir no caminho do di\u00e1logo ecum\u00eanico\u00bb. [&#8230;] A audi\u00eancia come\u00e7ou com a interven\u00e7\u00e3o do&#8230;<\/p>\n","protected":false},"author":1,"featured_media":6245,"comment_status":"open","ping_status":"open","sticky":false,"template":"","format":"standard","meta":{"_acf_changed":false,"footnotes":""},"categories":[3,72],"tags":[],"class_list":["post-6244","post","type-post","status-publish","format-standard","has-post-thumbnail","hentry","category-mundo","category-patriarcado-ecumenico","entry","rows-excerpt"],"acf":[],"yoast_head":"<!-- This site is optimized with the Yoast SEO plugin v27.4 - https:\/\/yoast.com\/product\/yoast-seo-wordpress\/ -->\n<title>PAPA MANIFESTA \u00abVONTADE FIRME DE PROSSEGUIR O CAMINHO DO DI\u00c1LOGO ECUM\u00caNICO\u00bb | ECCLESIA NEWS<\/title>\n<meta name=\"robots\" content=\"index, follow, max-snippet:-1, max-image-preview:large, max-video-preview:-1\" \/>\n<link rel=\"canonical\" href=\"https:\/\/news.ecclesia.org.br\/?p=6244\" \/>\n<meta property=\"og:locale\" content=\"pt_BR\" \/>\n<meta property=\"og:type\" content=\"article\" \/>\n<meta property=\"og:title\" content=\"PAPA MANIFESTA \u00abVONTADE FIRME DE PROSSEGUIR O CAMINHO DO DI\u00c1LOGO ECUM\u00caNICO\u00bb | ECCLESIA NEWS\" \/>\n<meta property=\"og:description\" content=\"Cidade do Vaticano, 20 mar 2013 (Ecclesia) \u2013 Na audi\u00eancia com representantes de Igrejas, Comunidades Eclesiais e religi\u00f5es n\u00e3o crist\u00e3s, Francisco manifestou \u00aba vontade firme de prosseguir no caminho do di\u00e1logo ecum\u00eanico\u00bb. [&#8230;] A audi\u00eancia come\u00e7ou com a interven\u00e7\u00e3o do&#8230;\" \/>\n<meta property=\"og:url\" content=\"https:\/\/news.ecclesia.org.br\/?p=6244\" \/>\n<meta property=\"og:site_name\" content=\"ECCLESIA NEWS\" \/>\n<meta property=\"article:publisher\" content=\"https:\/\/www.facebook.com\/Ecclesia2025\" \/>\n<meta property=\"article:published_time\" content=\"2013-03-20T20:07:13+00:00\" \/>\n<meta property=\"article:modified_time\" content=\"2016-03-23T21:13:35+00:00\" \/>\n<meta property=\"og:image\" content=\"https:\/\/news.ecclesia.org.br\/wp-content\/uploads\/2013\/03\/papa-patriarca-1.jpg\" \/>\n\t<meta property=\"og:image:width\" content=\"640\" \/>\n\t<meta property=\"og:image:height\" content=\"400\" \/>\n\t<meta property=\"og:image:type\" content=\"image\/jpeg\" \/>\n<meta name=\"author\" content=\"Pe. Andr\u00e9\" \/>\n<meta name=\"twitter:card\" content=\"summary_large_image\" \/>\n<meta name=\"twitter:creator\" content=\"@EcclesiaNews\" \/>\n<meta name=\"twitter:site\" content=\"@EcclesiaNews\" \/>\n<meta name=\"twitter:label1\" content=\"Escrito por\" \/>\n\t<meta name=\"twitter:data1\" content=\"Pe. Andr\u00e9\" \/>\n\t<meta name=\"twitter:label2\" content=\"Est. tempo de leitura\" \/>\n\t<meta name=\"twitter:data2\" content=\"1 minuto\" \/>\n<script type=\"application\/ld+json\" class=\"yoast-schema-graph\">{\"@context\":\"https:\\\/\\\/schema.org\",\"@graph\":[{\"@type\":\"Article\",\"@id\":\"https:\\\/\\\/news.ecclesia.org.br\\\/?p=6244#article\",\"isPartOf\":{\"@id\":\"https:\\\/\\\/news.ecclesia.org.br\\\/?p=6244\"},\"author\":{\"name\":\"Pe. Andr\u00e9\",\"@id\":\"https:\\\/\\\/news.ecclesia.org.br\\\/#\\\/schema\\\/person\\\/6f09597f025829745ba414a569f63758\"},\"headline\":\"PAPA MANIFESTA \u00abVONTADE FIRME DE PROSSEGUIR O CAMINHO DO DI\u00c1LOGO ECUM\u00caNICO\u00bb\",\"datePublished\":\"2013-03-20T20:07:13+00:00\",\"dateModified\":\"2016-03-23T21:13:35+00:00\",\"mainEntityOfPage\":{\"@id\":\"https:\\\/\\\/news.ecclesia.org.br\\\/?p=6244\"},\"wordCount\":232,\"commentCount\":0,\"publisher\":{\"@id\":\"https:\\\/\\\/news.ecclesia.org.br\\\/#organization\"},\"image\":{\"@id\":\"https:\\\/\\\/news.ecclesia.org.br\\\/?p=6244#primaryimage\"},\"thumbnailUrl\":\"https:\\\/\\\/news.ecclesia.org.br\\\/wp-content\\\/uploads\\\/2013\\\/03\\\/papa-patriarca-1.jpg\",\"articleSection\":[\"Mundo Ortodoxo\",\"Patriarcado Ecum\u00eanico\"],\"inLanguage\":\"pt-BR\",\"potentialAction\":[{\"@type\":\"CommentAction\",\"name\":\"Comment\",\"target\":[\"https:\\\/\\\/news.ecclesia.org.br\\\/?p=6244#respond\"]}]},{\"@type\":\"WebPage\",\"@id\":\"https:\\\/\\\/news.ecclesia.org.br\\\/?p=6244\",\"url\":\"https:\\\/\\\/news.ecclesia.org.br\\\/?p=6244\",\"name\":\"PAPA MANIFESTA \u00abVONTADE FIRME DE PROSSEGUIR O CAMINHO DO DI\u00c1LOGO ECUM\u00caNICO\u00bb | ECCLESIA NEWS\",\"isPartOf\":{\"@id\":\"https:\\\/\\\/news.ecclesia.org.br\\\/#website\"},\"primaryImageOfPage\":{\"@id\":\"https:\\\/\\\/news.ecclesia.org.br\\\/?p=6244#primaryimage\"},\"image\":{\"@id\":\"https:\\\/\\\/news.ecclesia.org.br\\\/?p=6244#primaryimage\"},\"thumbnailUrl\":\"https:\\\/\\\/news.ecclesia.org.br\\\/wp-content\\\/uploads\\\/2013\\\/03\\\/papa-patriarca-1.jpg\",\"datePublished\":\"2013-03-20T20:07:13+00:00\",\"dateModified\":\"2016-03-23T21:13:35+00:00\",\"breadcrumb\":{\"@id\":\"https:\\\/\\\/news.ecclesia.org.br\\\/?p=6244#breadcrumb\"},\"inLanguage\":\"pt-BR\",\"potentialAction\":[{\"@type\":\"ReadAction\",\"target\":[\"https:\\\/\\\/news.ecclesia.org.br\\\/?p=6244\"]}]},{\"@type\":\"ImageObject\",\"inLanguage\":\"pt-BR\",\"@id\":\"https:\\\/\\\/news.ecclesia.org.br\\\/?p=6244#primaryimage\",\"url\":\"https:\\\/\\\/news.ecclesia.org.br\\\/wp-content\\\/uploads\\\/2013\\\/03\\\/papa-patriarca-1.jpg\",\"contentUrl\":\"https:\\\/\\\/news.ecclesia.org.br\\\/wp-content\\\/uploads\\\/2013\\\/03\\\/papa-patriarca-1.jpg\",\"width\":640,\"height\":400},{\"@type\":\"BreadcrumbList\",\"@id\":\"https:\\\/\\\/news.ecclesia.org.br\\\/?p=6244#breadcrumb\",\"itemListElement\":[{\"@type\":\"ListItem\",\"position\":1,\"name\":\"In\u00edcio\",\"item\":\"https:\\\/\\\/news.ecclesia.org.br\\\/\"},{\"@type\":\"ListItem\",\"position\":2,\"name\":\"PAPA MANIFESTA \u00abVONTADE FIRME DE PROSSEGUIR O CAMINHO DO DI\u00c1LOGO ECUM\u00caNICO\u00bb\"}]},{\"@type\":\"WebSite\",\"@id\":\"https:\\\/\\\/news.ecclesia.org.br\\\/#website\",\"url\":\"https:\\\/\\\/news.ecclesia.org.br\\\/\",\"name\":\"Ecclesia Brasil\",\"description\":\"Desde 2003 onectando o Brasil ao mundo ortodoxo!\",\"publisher\":{\"@id\":\"https:\\\/\\\/news.ecclesia.org.br\\\/#organization\"},\"alternateName\":\"Ecclesia\",\"potentialAction\":[{\"@type\":\"SearchAction\",\"target\":{\"@type\":\"EntryPoint\",\"urlTemplate\":\"https:\\\/\\\/news.ecclesia.org.br\\\/?s={search_term_string}\"},\"query-input\":{\"@type\":\"PropertyValueSpecification\",\"valueRequired\":true,\"valueName\":\"search_term_string\"}}],\"inLanguage\":\"pt-BR\"},{\"@type\":\"Organization\",\"@id\":\"https:\\\/\\\/news.ecclesia.org.br\\\/#organization\",\"name\":\"Sacra Arquidiocese de Buenos Aires e Am\u00e9rica do Sul | Patriarcado Ecum\u00eanico\",\"alternateName\":\"News Ecclesia Brasil\",\"url\":\"https:\\\/\\\/news.ecclesia.org.br\\\/\",\"logo\":{\"@type\":\"ImageObject\",\"inLanguage\":\"pt-BR\",\"@id\":\"https:\\\/\\\/news.ecclesia.org.br\\\/#\\\/schema\\\/logo\\\/image\\\/\",\"url\":\"https:\\\/\\\/news.ecclesia.org.br\\\/wp-content\\\/uploads\\\/2025\\\/05\\\/ecclesia2.png\",\"contentUrl\":\"https:\\\/\\\/news.ecclesia.org.br\\\/wp-content\\\/uploads\\\/2025\\\/05\\\/ecclesia2.png\",\"width\":480,\"height\":120,\"caption\":\"Sacra Arquidiocese de Buenos Aires e Am\u00e9rica do Sul | Patriarcado Ecum\u00eanico\"},\"image\":{\"@id\":\"https:\\\/\\\/news.ecclesia.org.br\\\/#\\\/schema\\\/logo\\\/image\\\/\"},\"sameAs\":[\"https:\\\/\\\/www.facebook.com\\\/Ecclesia2025\",\"https:\\\/\\\/x.com\\\/EcclesiaNews\",\"https:\\\/\\\/br.pinterest.com\\\/ekklisia\\\/\",\"https:\\\/\\\/www.youtube.com\\\/@EcclesiaBrasil\"]},{\"@type\":\"Person\",\"@id\":\"https:\\\/\\\/news.ecclesia.org.br\\\/#\\\/schema\\\/person\\\/6f09597f025829745ba414a569f63758\",\"name\":\"Pe. Andr\u00e9\",\"image\":{\"@type\":\"ImageObject\",\"inLanguage\":\"pt-BR\",\"@id\":\"https:\\\/\\\/secure.gravatar.com\\\/avatar\\\/b4327cfa27e9799da239a26adcd534fc29cdc0c4a4a148eecbcfeb9b42c617ac?s=96&d=mm&r=g\",\"url\":\"https:\\\/\\\/secure.gravatar.com\\\/avatar\\\/b4327cfa27e9799da239a26adcd534fc29cdc0c4a4a148eecbcfeb9b42c617ac?s=96&d=mm&r=g\",\"contentUrl\":\"https:\\\/\\\/secure.gravatar.com\\\/avatar\\\/b4327cfa27e9799da239a26adcd534fc29cdc0c4a4a148eecbcfeb9b42c617ac?s=96&d=mm&r=g\",\"caption\":\"Pe. Andr\u00e9\"},\"sameAs\":[\"https:\\\/\\\/www.ecclesia.org.br\"]}]}<\/script>\n<!-- \/ Yoast SEO plugin. -->","yoast_head_json":{"title":"PAPA MANIFESTA \u00abVONTADE FIRME DE PROSSEGUIR O CAMINHO DO DI\u00c1LOGO ECUM\u00caNICO\u00bb | ECCLESIA NEWS","robots":{"index":"index","follow":"follow","max-snippet":"max-snippet:-1","max-image-preview":"max-image-preview:large","max-video-preview":"max-video-preview:-1"},"canonical":"https:\/\/news.ecclesia.org.br\/?p=6244","og_locale":"pt_BR","og_type":"article","og_title":"PAPA MANIFESTA \u00abVONTADE FIRME DE PROSSEGUIR O CAMINHO DO DI\u00c1LOGO ECUM\u00caNICO\u00bb | ECCLESIA NEWS","og_description":"Cidade do Vaticano, 20 mar 2013 (Ecclesia) \u2013 Na audi\u00eancia com representantes de Igrejas, Comunidades Eclesiais e religi\u00f5es n\u00e3o crist\u00e3s, Francisco manifestou \u00aba vontade firme de prosseguir no caminho do di\u00e1logo ecum\u00eanico\u00bb. [&#8230;] A audi\u00eancia come\u00e7ou com a interven\u00e7\u00e3o do&#8230;","og_url":"https:\/\/news.ecclesia.org.br\/?p=6244","og_site_name":"ECCLESIA NEWS","article_publisher":"https:\/\/www.facebook.com\/Ecclesia2025","article_published_time":"2013-03-20T20:07:13+00:00","article_modified_time":"2016-03-23T21:13:35+00:00","og_image":[{"width":640,"height":400,"url":"https:\/\/news.ecclesia.org.br\/wp-content\/uploads\/2013\/03\/papa-patriarca-1.jpg","type":"image\/jpeg"}],"author":"Pe. Andr\u00e9","twitter_card":"summary_large_image","twitter_creator":"@EcclesiaNews","twitter_site":"@EcclesiaNews","twitter_misc":{"Escrito por":"Pe. Andr\u00e9","Est. tempo de leitura":"1 minuto"},"schema":{"@context":"https:\/\/schema.org","@graph":[{"@type":"Article","@id":"https:\/\/news.ecclesia.org.br\/?p=6244#article","isPartOf":{"@id":"https:\/\/news.ecclesia.org.br\/?p=6244"},"author":{"name":"Pe. Andr\u00e9","@id":"https:\/\/news.ecclesia.org.br\/#\/schema\/person\/6f09597f025829745ba414a569f63758"},"headline":"PAPA MANIFESTA \u00abVONTADE FIRME DE PROSSEGUIR O CAMINHO DO DI\u00c1LOGO ECUM\u00caNICO\u00bb","datePublished":"2013-03-20T20:07:13+00:00","dateModified":"2016-03-23T21:13:35+00:00","mainEntityOfPage":{"@id":"https:\/\/news.ecclesia.org.br\/?p=6244"},"wordCount":232,"commentCount":0,"publisher":{"@id":"https:\/\/news.ecclesia.org.br\/#organization"},"image":{"@id":"https:\/\/news.ecclesia.org.br\/?p=6244#primaryimage"},"thumbnailUrl":"https:\/\/news.ecclesia.org.br\/wp-content\/uploads\/2013\/03\/papa-patriarca-1.jpg","articleSection":["Mundo Ortodoxo","Patriarcado Ecum\u00eanico"],"inLanguage":"pt-BR","potentialAction":[{"@type":"CommentAction","name":"Comment","target":["https:\/\/news.ecclesia.org.br\/?p=6244#respond"]}]},{"@type":"WebPage","@id":"https:\/\/news.ecclesia.org.br\/?p=6244","url":"https:\/\/news.ecclesia.org.br\/?p=6244","name":"PAPA MANIFESTA \u00abVONTADE FIRME DE PROSSEGUIR O CAMINHO DO DI\u00c1LOGO ECUM\u00caNICO\u00bb | ECCLESIA NEWS","isPartOf":{"@id":"https:\/\/news.ecclesia.org.br\/#website"},"primaryImageOfPage":{"@id":"https:\/\/news.ecclesia.org.br\/?p=6244#primaryimage"},"image":{"@id":"https:\/\/news.ecclesia.org.br\/?p=6244#primaryimage"},"thumbnailUrl":"https:\/\/news.ecclesia.org.br\/wp-content\/uploads\/2013\/03\/papa-patriarca-1.jpg","datePublished":"2013-03-20T20:07:13+00:00","dateModified":"2016-03-23T21:13:35+00:00","breadcrumb":{"@id":"https:\/\/news.ecclesia.org.br\/?p=6244#breadcrumb"},"inLanguage":"pt-BR","potentialAction":[{"@type":"ReadAction","target":["https:\/\/news.ecclesia.org.br\/?p=6244"]}]},{"@type":"ImageObject","inLanguage":"pt-BR","@id":"https:\/\/news.ecclesia.org.br\/?p=6244#primaryimage","url":"https:\/\/news.ecclesia.org.br\/wp-content\/uploads\/2013\/03\/papa-patriarca-1.jpg","contentUrl":"https:\/\/news.ecclesia.org.br\/wp-content\/uploads\/2013\/03\/papa-patriarca-1.jpg","width":640,"height":400},{"@type":"BreadcrumbList","@id":"https:\/\/news.ecclesia.org.br\/?p=6244#breadcrumb","itemListElement":[{"@type":"ListItem","position":1,"name":"In\u00edcio","item":"https:\/\/news.ecclesia.org.br\/"},{"@type":"ListItem","position":2,"name":"PAPA MANIFESTA \u00abVONTADE FIRME DE PROSSEGUIR O CAMINHO DO DI\u00c1LOGO ECUM\u00caNICO\u00bb"}]},{"@type":"WebSite","@id":"https:\/\/news.ecclesia.org.br\/#website","url":"https:\/\/news.ecclesia.org.br\/","name":"Ecclesia Brasil","description":"Desde 2003 onectando o Brasil ao mundo ortodoxo!","publisher":{"@id":"https:\/\/news.ecclesia.org.br\/#organization"},"alternateName":"Ecclesia","potentialAction":[{"@type":"SearchAction","target":{"@type":"EntryPoint","urlTemplate":"https:\/\/news.ecclesia.org.br\/?s={search_term_string}"},"query-input":{"@type":"PropertyValueSpecification","valueRequired":true,"valueName":"search_term_string"}}],"inLanguage":"pt-BR"},{"@type":"Organization","@id":"https:\/\/news.ecclesia.org.br\/#organization","name":"Sacra Arquidiocese de Buenos Aires e Am\u00e9rica do Sul | Patriarcado Ecum\u00eanico","alternateName":"News Ecclesia Brasil","url":"https:\/\/news.ecclesia.org.br\/","logo":{"@type":"ImageObject","inLanguage":"pt-BR","@id":"https:\/\/news.ecclesia.org.br\/#\/schema\/logo\/image\/","url":"https:\/\/news.ecclesia.org.br\/wp-content\/uploads\/2025\/05\/ecclesia2.png","contentUrl":"https:\/\/news.ecclesia.org.br\/wp-content\/uploads\/2025\/05\/ecclesia2.png","width":480,"height":120,"caption":"Sacra Arquidiocese de Buenos Aires e Am\u00e9rica do Sul | Patriarcado Ecum\u00eanico"},"image":{"@id":"https:\/\/news.ecclesia.org.br\/#\/schema\/logo\/image\/"},"sameAs":["https:\/\/www.facebook.com\/Ecclesia2025","https:\/\/x.com\/EcclesiaNews","https:\/\/br.pinterest.com\/ekklisia\/","https:\/\/www.youtube.com\/@EcclesiaBrasil"]},{"@type":"Person","@id":"https:\/\/news.ecclesia.org.br\/#\/schema\/person\/6f09597f025829745ba414a569f63758","name":"Pe. Andr\u00e9","image":{"@type":"ImageObject","inLanguage":"pt-BR","@id":"https:\/\/secure.gravatar.com\/avatar\/b4327cfa27e9799da239a26adcd534fc29cdc0c4a4a148eecbcfeb9b42c617ac?s=96&d=mm&r=g","url":"https:\/\/secure.gravatar.com\/avatar\/b4327cfa27e9799da239a26adcd534fc29cdc0c4a4a148eecbcfeb9b42c617ac?s=96&d=mm&r=g","contentUrl":"https:\/\/secure.gravatar.com\/avatar\/b4327cfa27e9799da239a26adcd534fc29cdc0c4a4a148eecbcfeb9b42c617ac?s=96&d=mm&r=g","caption":"Pe. Andr\u00e9"},"sameAs":["https:\/\/www.ecclesia.org.br"]}]}},"_links":{"self":[{"href":"https:\/\/news.ecclesia.org.br\/index.php?rest_route=\/wp\/v2\/posts\/6244","targetHints":{"allow":["GET"]}}],"collection":[{"href":"https:\/\/news.ecclesia.org.br\/index.php?rest_route=\/wp\/v2\/posts"}],"about":[{"href":"https:\/\/news.ecclesia.org.br\/index.php?rest_route=\/wp\/v2\/types\/post"}],"author":[{"embeddable":true,"href":"https:\/\/news.ecclesia.org.br\/index.php?rest_route=\/wp\/v2\/users\/1"}],"replies":[{"embeddable":true,"href":"https:\/\/news.ecclesia.org.br\/index.php?rest_route=%2Fwp%2Fv2%2Fcomments&post=6244"}],"version-history":[{"count":0,"href":"https:\/\/news.ecclesia.org.br\/index.php?rest_route=\/wp\/v2\/posts\/6244\/revisions"}],"wp:featuredmedia":[{"embeddable":true,"href":"https:\/\/news.ecclesia.org.br\/index.php?rest_route=\/wp\/v2\/media\/6245"}],"wp:attachment":[{"href":"https:\/\/news.ecclesia.org.br\/index.php?rest_route=%2Fwp%2Fv2%2Fmedia&parent=6244"}],"wp:term":[{"taxonomy":"category","embeddable":true,"href":"https:\/\/news.ecclesia.org.br\/index.php?rest_route=%2Fwp%2Fv2%2Fcategories&post=6244"},{"taxonomy":"post_tag","embeddable":true,"href":"https:\/\/news.ecclesia.org.br\/index.php?rest_route=%2Fwp%2Fv2%2Ftags&post=6244"}],"curies":[{"name":"wp","href":"https:\/\/api.w.org\/{rel}","templated":true}]}}