{"id":6220,"date":"2013-03-20T13:22:55","date_gmt":"2013-03-20T16:22:55","guid":{"rendered":"http:\/\/www.ecclesia.com.br\/news\/2013\/?p=6220"},"modified":"2016-03-23T21:19:23","modified_gmt":"2016-03-23T21:19:23","slug":"bartolomeu-encontra-se-com-francisco-ii","status":"publish","type":"post","link":"https:\/\/news.ecclesia.org.br\/?p=6220","title":{"rendered":"ENCONTRO HIST\u00d3RICO"},"content":{"rendered":"<p style=\"text-align: justify;\"><b>A extraordin\u00e1ria import\u00e2ncia hist\u00f3rica da presen\u00e7a do Patriarca Ecum\u00eanico Bartolomeu I na Missa de In\u00edcio do Minist\u00e9rio Petrino do Papa Francisco como Bispo de Roma<\/b><\/p>\n<p style=\"text-align: justify;\">Dentre muitas not\u00edcias, desde o m\u00eas passado, com a sem precedente ren\u00fancia do Papa Bento XVI, uma das mais repercutidas pela m\u00eddia internacional foi a decis\u00e3o de Sua Santidade, o Patriarca Ecum\u00eanico Bartolomeu, de participar da Missa de In\u00edcio do Pontificado do Papa Francisco, como Bispo de Roma. A ocasi\u00e3o est\u00e1 sendo apresentado na m\u00eddia como algo que n\u00e3o acontecia desde o cisma que separou o Oriente e Ocidente crist\u00e3os no s\u00e9culo XI. Fazendo um levantamento historiogr\u00e1fico, muito provavelmente\u00a0 constata-se que de fato foi a primeira vez na hist\u00f3ria que um Bispo de Constantinopla participou da entroniza\u00e7\u00e3o de um Bispo de Roma. E este\u00a0 foi um passo ousado do Patriarca Bartolomeu nas rela\u00e7\u00f5es ecum\u00eanicas entre os ortodoxos e os cat\u00f3licos romanos, que pode ter significado duradouro.<\/p>\n<figure id=\"attachment_6240\" aria-describedby=\"caption-attachment-6240\" style=\"width: 380px\" class=\"wp-caption alignleft\"><a href=\"http:\/\/www.ecclesia.com.br\/news\/2013\/?attachment_id=6240\" rel=\"attachment wp-att-6240\"><img fetchpriority=\"high\" decoding=\"async\" class=\"size-full wp-image-6240\" src=\"http:\/\/www.ecclesia.com.br\/news\/2013\/wp-content\/uploads\/2013\/03\/006.jpg\" alt=\"\u00abAntes de mais, agrade\u00e7o do cora\u00e7\u00e3o o que o meu irm\u00e3o Andr\u00e9 nos disse\u201d: foi com estas palavras que Papa Francisco acolheu e agradeceu o Patriarca de Constantinopla, Bartolomeu I, que lhe tinha dirigido a sauda\u00e7\u00e3o inicial, em nome dos participantes na audi\u00eancia aos representantes das Igrejas e Comunidades eclesiais, assim como as Delega\u00e7\u00f5es de Judeus, Mu\u00e7ulmanos, e de outras religi\u00f5es\u00bb.\" width=\"380\" height=\"251\" \/><\/a><figcaption id=\"caption-attachment-6240\" class=\"wp-caption-text\">\u00abAntes de mais, agrade\u00e7o do cora\u00e7\u00e3o o que o meu irm\u00e3o Andr\u00e9 nos disse\u201d: foi com estas palavras que Papa Francisco acolheu e agradeceu o Patriarca de Constantinopla, Bartolomeu I, que lhe tinha dirigido a sauda\u00e7\u00e3o inicial, em nome dos participantes na audi\u00eancia aos representantes das Igrejas e Comunidades eclesiais, assim como as Delega\u00e7\u00f5es de Judeus, Mu\u00e7ulmanos, e de outras religi\u00f5es\u00bb.<\/figcaption><\/figure>\n<p style=\"text-align: justify;\">A decis\u00e3o de Bartolomeu I\u00a0 de viajar para Roma \u00e9 um evento extraordin\u00e1rio na hist\u00f3ria do cristianismo. E \u00e9 significativo por raz\u00f5es que v\u00e3o muito al\u00e9m de sua novidade. Em primeiro lugar, \u00e9 um gesto simb\u00f3lico para a causa da unidade dos crist\u00e3os. Ele demonstra de forma sem precedentes na medida em que o Patriarca Ecum\u00eanico considera a rela\u00e7\u00e3o com a Igreja Cat\u00f3lica Romana a ser uma prioridade. Por sua vez o Vaticano em resposta a esse\u00a0 grande gesto arranjou para que a leitura do Evangelho na\u00a0 Celebra\u00e7\u00e3o Lit\u00fargica\u00a0 do In\u00edcio do Pontificado do Papa Francisco fosse\u00a0 cantado em grego (e n\u00e3o em latim), como sinal de reconhecimento da presen\u00e7a do Patriarca Ecum\u00eanico na celebra\u00e7\u00e3o.<\/p>\n<p style=\"text-align: justify;\">O mundo crist\u00e3o por estar dividido por tantos s\u00e9culos exigir\u00e1 dos que trabalharam pela unidade\u00a0\u00a0 verdadeira coragem, lideran\u00e7a e humildade, baseados em uma f\u00e9 comum.\u00a0 Ambas as Igrejas est\u00e3o dispostas a trabalharem juntas pela causa dos desfavorecidos. Com a ajuda de nosso Senhor, que\u00a0 essa causa comum possa ser transformada em\u00a0 um substantivo trabalho teol\u00f3gico. Mas esse trabalho exige um primeiro passo que foi dado pelo Patriarca Ecum\u00eanico Bartolomeu e correspondido pelo Papa Francisco.<\/p>\n<p style=\"text-align: right;\">o George E. Demacopoulos, PhD<\/p>\n<p style=\"text-align: justify;\"><em>O Patriarca Ecum\u00eanico Bartolomeu I convidou o Papa Francisco a realizar, em 2014, uma viagem juntos \u00e0 Terra Santa em homenagem aos pioneiros do di\u00e1logo entre cat\u00f3licos e ortodoxos, informou a ag\u00eancia de not\u00edcias religiosa Asianews. Com essa viagem, os dois l\u00edderes religiosos fariam uma homenagem ao hist\u00f3rico encontro de janeiro de 1964, em Jerusal\u00e9m, entre Paulo VI e o Patriarca Aten\u00e1goras, s\u00edmbolo da reconcilia\u00e7\u00e3o entre Igreja cat\u00f3lica e as igrejas ortodoxas.<\/em><\/p>\n<h3 style=\"text-align: justify;\">Presen\u00e7a ortodoxa na Missa de In\u00edcio do Minist\u00e9rio Pedrino do Papa Francisco<\/h3>\n<p>[nggallery id=8]<\/p>\n<h3 style=\"text-align: justify;\"><\/h3>\n","protected":false},"excerpt":{"rendered":"<p>A extraordin\u00e1ria import\u00e2ncia hist\u00f3rica da presen\u00e7a do Patriarca Ecum\u00eanico Bartolomeu I na Missa de In\u00edcio do Minist\u00e9rio Petrino do Papa Francisco como Bispo de Roma Dentre muitas not\u00edcias, desde o m\u00eas passado, com a sem precedente ren\u00fancia do Papa Bento&#8230;<\/p>\n","protected":false},"author":1,"featured_media":6238,"comment_status":"open","ping_status":"open","sticky":false,"template":"","format":"standard","meta":{"_acf_changed":false,"footnotes":""},"categories":[72],"tags":[],"class_list":["post-6220","post","type-post","status-publish","format-standard","has-post-thumbnail","hentry","category-patriarcado-ecumenico","entry","rows-excerpt"],"acf":[],"yoast_head":"<!-- This site is optimized with the Yoast SEO plugin v27.4 - https:\/\/yoast.com\/product\/yoast-seo-wordpress\/ -->\n<title>ENCONTRO HIST\u00d3RICO | ECCLESIA NEWS<\/title>\n<meta name=\"robots\" content=\"index, follow, max-snippet:-1, max-image-preview:large, max-video-preview:-1\" \/>\n<link rel=\"canonical\" href=\"https:\/\/news.ecclesia.org.br\/?p=6220\" \/>\n<meta property=\"og:locale\" content=\"pt_BR\" \/>\n<meta property=\"og:type\" content=\"article\" \/>\n<meta property=\"og:title\" content=\"ENCONTRO HIST\u00d3RICO | ECCLESIA NEWS\" \/>\n<meta property=\"og:description\" content=\"A extraordin\u00e1ria import\u00e2ncia hist\u00f3rica da presen\u00e7a do Patriarca Ecum\u00eanico Bartolomeu I na Missa de In\u00edcio do Minist\u00e9rio Petrino do Papa Francisco como Bispo de Roma Dentre muitas not\u00edcias, desde o m\u00eas passado, com a sem precedente ren\u00fancia do Papa Bento&#8230;\" \/>\n<meta property=\"og:url\" content=\"https:\/\/news.ecclesia.org.br\/?p=6220\" \/>\n<meta property=\"og:site_name\" content=\"ECCLESIA NEWS\" \/>\n<meta property=\"article:publisher\" content=\"https:\/\/www.facebook.com\/Ecclesia2025\" \/>\n<meta property=\"article:published_time\" content=\"2013-03-20T16:22:55+00:00\" \/>\n<meta property=\"article:modified_time\" content=\"2016-03-23T21:19:23+00:00\" \/>\n<meta property=\"og:image\" content=\"https:\/\/news.ecclesia.org.br\/wp-content\/uploads\/2013\/03\/005-1.jpg\" \/>\n\t<meta property=\"og:image:width\" content=\"960\" \/>\n\t<meta property=\"og:image:height\" content=\"531\" \/>\n\t<meta property=\"og:image:type\" content=\"image\/jpeg\" \/>\n<meta name=\"author\" content=\"Pe. Andr\u00e9\" \/>\n<meta name=\"twitter:card\" content=\"summary_large_image\" \/>\n<meta name=\"twitter:creator\" content=\"@EcclesiaNews\" \/>\n<meta name=\"twitter:site\" content=\"@EcclesiaNews\" \/>\n<meta name=\"twitter:label1\" content=\"Escrito por\" \/>\n\t<meta name=\"twitter:data1\" content=\"Pe. Andr\u00e9\" \/>\n\t<meta name=\"twitter:label2\" content=\"Est. tempo de leitura\" \/>\n\t<meta name=\"twitter:data2\" content=\"3 minutos\" \/>\n<script type=\"application\/ld+json\" class=\"yoast-schema-graph\">{\"@context\":\"https:\\\/\\\/schema.org\",\"@graph\":[{\"@type\":\"Article\",\"@id\":\"https:\\\/\\\/news.ecclesia.org.br\\\/?p=6220#article\",\"isPartOf\":{\"@id\":\"https:\\\/\\\/news.ecclesia.org.br\\\/?p=6220\"},\"author\":{\"name\":\"Pe. Andr\u00e9\",\"@id\":\"https:\\\/\\\/news.ecclesia.org.br\\\/#\\\/schema\\\/person\\\/6f09597f025829745ba414a569f63758\"},\"headline\":\"ENCONTRO HIST\u00d3RICO\",\"datePublished\":\"2013-03-20T16:22:55+00:00\",\"dateModified\":\"2016-03-23T21:19:23+00:00\",\"mainEntityOfPage\":{\"@id\":\"https:\\\/\\\/news.ecclesia.org.br\\\/?p=6220\"},\"wordCount\":568,\"commentCount\":0,\"publisher\":{\"@id\":\"https:\\\/\\\/news.ecclesia.org.br\\\/#organization\"},\"image\":{\"@id\":\"https:\\\/\\\/news.ecclesia.org.br\\\/?p=6220#primaryimage\"},\"thumbnailUrl\":\"https:\\\/\\\/news.ecclesia.org.br\\\/wp-content\\\/uploads\\\/2013\\\/03\\\/005-1.jpg\",\"articleSection\":[\"Patriarcado Ecum\u00eanico\"],\"inLanguage\":\"pt-BR\",\"potentialAction\":[{\"@type\":\"CommentAction\",\"name\":\"Comment\",\"target\":[\"https:\\\/\\\/news.ecclesia.org.br\\\/?p=6220#respond\"]}]},{\"@type\":\"WebPage\",\"@id\":\"https:\\\/\\\/news.ecclesia.org.br\\\/?p=6220\",\"url\":\"https:\\\/\\\/news.ecclesia.org.br\\\/?p=6220\",\"name\":\"ENCONTRO HIST\u00d3RICO | ECCLESIA NEWS\",\"isPartOf\":{\"@id\":\"https:\\\/\\\/news.ecclesia.org.br\\\/#website\"},\"primaryImageOfPage\":{\"@id\":\"https:\\\/\\\/news.ecclesia.org.br\\\/?p=6220#primaryimage\"},\"image\":{\"@id\":\"https:\\\/\\\/news.ecclesia.org.br\\\/?p=6220#primaryimage\"},\"thumbnailUrl\":\"https:\\\/\\\/news.ecclesia.org.br\\\/wp-content\\\/uploads\\\/2013\\\/03\\\/005-1.jpg\",\"datePublished\":\"2013-03-20T16:22:55+00:00\",\"dateModified\":\"2016-03-23T21:19:23+00:00\",\"breadcrumb\":{\"@id\":\"https:\\\/\\\/news.ecclesia.org.br\\\/?p=6220#breadcrumb\"},\"inLanguage\":\"pt-BR\",\"potentialAction\":[{\"@type\":\"ReadAction\",\"target\":[\"https:\\\/\\\/news.ecclesia.org.br\\\/?p=6220\"]}]},{\"@type\":\"ImageObject\",\"inLanguage\":\"pt-BR\",\"@id\":\"https:\\\/\\\/news.ecclesia.org.br\\\/?p=6220#primaryimage\",\"url\":\"https:\\\/\\\/news.ecclesia.org.br\\\/wp-content\\\/uploads\\\/2013\\\/03\\\/005-1.jpg\",\"contentUrl\":\"https:\\\/\\\/news.ecclesia.org.br\\\/wp-content\\\/uploads\\\/2013\\\/03\\\/005-1.jpg\",\"width\":960,\"height\":531},{\"@type\":\"BreadcrumbList\",\"@id\":\"https:\\\/\\\/news.ecclesia.org.br\\\/?p=6220#breadcrumb\",\"itemListElement\":[{\"@type\":\"ListItem\",\"position\":1,\"name\":\"In\u00edcio\",\"item\":\"https:\\\/\\\/news.ecclesia.org.br\\\/\"},{\"@type\":\"ListItem\",\"position\":2,\"name\":\"ENCONTRO HIST\u00d3RICO\"}]},{\"@type\":\"WebSite\",\"@id\":\"https:\\\/\\\/news.ecclesia.org.br\\\/#website\",\"url\":\"https:\\\/\\\/news.ecclesia.org.br\\\/\",\"name\":\"Ecclesia Brasil\",\"description\":\"Desde 2003 onectando o Brasil ao mundo ortodoxo!\",\"publisher\":{\"@id\":\"https:\\\/\\\/news.ecclesia.org.br\\\/#organization\"},\"alternateName\":\"Ecclesia\",\"potentialAction\":[{\"@type\":\"SearchAction\",\"target\":{\"@type\":\"EntryPoint\",\"urlTemplate\":\"https:\\\/\\\/news.ecclesia.org.br\\\/?s={search_term_string}\"},\"query-input\":{\"@type\":\"PropertyValueSpecification\",\"valueRequired\":true,\"valueName\":\"search_term_string\"}}],\"inLanguage\":\"pt-BR\"},{\"@type\":\"Organization\",\"@id\":\"https:\\\/\\\/news.ecclesia.org.br\\\/#organization\",\"name\":\"Sacra Arquidiocese de Buenos Aires e Am\u00e9rica do Sul | Patriarcado Ecum\u00eanico\",\"alternateName\":\"News Ecclesia Brasil\",\"url\":\"https:\\\/\\\/news.ecclesia.org.br\\\/\",\"logo\":{\"@type\":\"ImageObject\",\"inLanguage\":\"pt-BR\",\"@id\":\"https:\\\/\\\/news.ecclesia.org.br\\\/#\\\/schema\\\/logo\\\/image\\\/\",\"url\":\"https:\\\/\\\/news.ecclesia.org.br\\\/wp-content\\\/uploads\\\/2025\\\/05\\\/ecclesia2.png\",\"contentUrl\":\"https:\\\/\\\/news.ecclesia.org.br\\\/wp-content\\\/uploads\\\/2025\\\/05\\\/ecclesia2.png\",\"width\":480,\"height\":120,\"caption\":\"Sacra Arquidiocese de Buenos Aires e Am\u00e9rica do Sul | Patriarcado Ecum\u00eanico\"},\"image\":{\"@id\":\"https:\\\/\\\/news.ecclesia.org.br\\\/#\\\/schema\\\/logo\\\/image\\\/\"},\"sameAs\":[\"https:\\\/\\\/www.facebook.com\\\/Ecclesia2025\",\"https:\\\/\\\/x.com\\\/EcclesiaNews\",\"https:\\\/\\\/br.pinterest.com\\\/ekklisia\\\/\",\"https:\\\/\\\/www.youtube.com\\\/@EcclesiaBrasil\"]},{\"@type\":\"Person\",\"@id\":\"https:\\\/\\\/news.ecclesia.org.br\\\/#\\\/schema\\\/person\\\/6f09597f025829745ba414a569f63758\",\"name\":\"Pe. Andr\u00e9\",\"image\":{\"@type\":\"ImageObject\",\"inLanguage\":\"pt-BR\",\"@id\":\"https:\\\/\\\/secure.gravatar.com\\\/avatar\\\/b4327cfa27e9799da239a26adcd534fc29cdc0c4a4a148eecbcfeb9b42c617ac?s=96&d=mm&r=g\",\"url\":\"https:\\\/\\\/secure.gravatar.com\\\/avatar\\\/b4327cfa27e9799da239a26adcd534fc29cdc0c4a4a148eecbcfeb9b42c617ac?s=96&d=mm&r=g\",\"contentUrl\":\"https:\\\/\\\/secure.gravatar.com\\\/avatar\\\/b4327cfa27e9799da239a26adcd534fc29cdc0c4a4a148eecbcfeb9b42c617ac?s=96&d=mm&r=g\",\"caption\":\"Pe. Andr\u00e9\"},\"sameAs\":[\"https:\\\/\\\/www.ecclesia.org.br\"]}]}<\/script>\n<!-- \/ Yoast SEO plugin. -->","yoast_head_json":{"title":"ENCONTRO HIST\u00d3RICO | ECCLESIA NEWS","robots":{"index":"index","follow":"follow","max-snippet":"max-snippet:-1","max-image-preview":"max-image-preview:large","max-video-preview":"max-video-preview:-1"},"canonical":"https:\/\/news.ecclesia.org.br\/?p=6220","og_locale":"pt_BR","og_type":"article","og_title":"ENCONTRO HIST\u00d3RICO | ECCLESIA NEWS","og_description":"A extraordin\u00e1ria import\u00e2ncia hist\u00f3rica da presen\u00e7a do Patriarca Ecum\u00eanico Bartolomeu I na Missa de In\u00edcio do Minist\u00e9rio Petrino do Papa Francisco como Bispo de Roma Dentre muitas not\u00edcias, desde o m\u00eas passado, com a sem precedente ren\u00fancia do Papa Bento&#8230;","og_url":"https:\/\/news.ecclesia.org.br\/?p=6220","og_site_name":"ECCLESIA NEWS","article_publisher":"https:\/\/www.facebook.com\/Ecclesia2025","article_published_time":"2013-03-20T16:22:55+00:00","article_modified_time":"2016-03-23T21:19:23+00:00","og_image":[{"width":960,"height":531,"url":"https:\/\/news.ecclesia.org.br\/wp-content\/uploads\/2013\/03\/005-1.jpg","type":"image\/jpeg"}],"author":"Pe. Andr\u00e9","twitter_card":"summary_large_image","twitter_creator":"@EcclesiaNews","twitter_site":"@EcclesiaNews","twitter_misc":{"Escrito por":"Pe. Andr\u00e9","Est. tempo de leitura":"3 minutos"},"schema":{"@context":"https:\/\/schema.org","@graph":[{"@type":"Article","@id":"https:\/\/news.ecclesia.org.br\/?p=6220#article","isPartOf":{"@id":"https:\/\/news.ecclesia.org.br\/?p=6220"},"author":{"name":"Pe. Andr\u00e9","@id":"https:\/\/news.ecclesia.org.br\/#\/schema\/person\/6f09597f025829745ba414a569f63758"},"headline":"ENCONTRO HIST\u00d3RICO","datePublished":"2013-03-20T16:22:55+00:00","dateModified":"2016-03-23T21:19:23+00:00","mainEntityOfPage":{"@id":"https:\/\/news.ecclesia.org.br\/?p=6220"},"wordCount":568,"commentCount":0,"publisher":{"@id":"https:\/\/news.ecclesia.org.br\/#organization"},"image":{"@id":"https:\/\/news.ecclesia.org.br\/?p=6220#primaryimage"},"thumbnailUrl":"https:\/\/news.ecclesia.org.br\/wp-content\/uploads\/2013\/03\/005-1.jpg","articleSection":["Patriarcado Ecum\u00eanico"],"inLanguage":"pt-BR","potentialAction":[{"@type":"CommentAction","name":"Comment","target":["https:\/\/news.ecclesia.org.br\/?p=6220#respond"]}]},{"@type":"WebPage","@id":"https:\/\/news.ecclesia.org.br\/?p=6220","url":"https:\/\/news.ecclesia.org.br\/?p=6220","name":"ENCONTRO HIST\u00d3RICO | ECCLESIA NEWS","isPartOf":{"@id":"https:\/\/news.ecclesia.org.br\/#website"},"primaryImageOfPage":{"@id":"https:\/\/news.ecclesia.org.br\/?p=6220#primaryimage"},"image":{"@id":"https:\/\/news.ecclesia.org.br\/?p=6220#primaryimage"},"thumbnailUrl":"https:\/\/news.ecclesia.org.br\/wp-content\/uploads\/2013\/03\/005-1.jpg","datePublished":"2013-03-20T16:22:55+00:00","dateModified":"2016-03-23T21:19:23+00:00","breadcrumb":{"@id":"https:\/\/news.ecclesia.org.br\/?p=6220#breadcrumb"},"inLanguage":"pt-BR","potentialAction":[{"@type":"ReadAction","target":["https:\/\/news.ecclesia.org.br\/?p=6220"]}]},{"@type":"ImageObject","inLanguage":"pt-BR","@id":"https:\/\/news.ecclesia.org.br\/?p=6220#primaryimage","url":"https:\/\/news.ecclesia.org.br\/wp-content\/uploads\/2013\/03\/005-1.jpg","contentUrl":"https:\/\/news.ecclesia.org.br\/wp-content\/uploads\/2013\/03\/005-1.jpg","width":960,"height":531},{"@type":"BreadcrumbList","@id":"https:\/\/news.ecclesia.org.br\/?p=6220#breadcrumb","itemListElement":[{"@type":"ListItem","position":1,"name":"In\u00edcio","item":"https:\/\/news.ecclesia.org.br\/"},{"@type":"ListItem","position":2,"name":"ENCONTRO HIST\u00d3RICO"}]},{"@type":"WebSite","@id":"https:\/\/news.ecclesia.org.br\/#website","url":"https:\/\/news.ecclesia.org.br\/","name":"Ecclesia Brasil","description":"Desde 2003 onectando o Brasil ao mundo ortodoxo!","publisher":{"@id":"https:\/\/news.ecclesia.org.br\/#organization"},"alternateName":"Ecclesia","potentialAction":[{"@type":"SearchAction","target":{"@type":"EntryPoint","urlTemplate":"https:\/\/news.ecclesia.org.br\/?s={search_term_string}"},"query-input":{"@type":"PropertyValueSpecification","valueRequired":true,"valueName":"search_term_string"}}],"inLanguage":"pt-BR"},{"@type":"Organization","@id":"https:\/\/news.ecclesia.org.br\/#organization","name":"Sacra Arquidiocese de Buenos Aires e Am\u00e9rica do Sul | Patriarcado Ecum\u00eanico","alternateName":"News Ecclesia Brasil","url":"https:\/\/news.ecclesia.org.br\/","logo":{"@type":"ImageObject","inLanguage":"pt-BR","@id":"https:\/\/news.ecclesia.org.br\/#\/schema\/logo\/image\/","url":"https:\/\/news.ecclesia.org.br\/wp-content\/uploads\/2025\/05\/ecclesia2.png","contentUrl":"https:\/\/news.ecclesia.org.br\/wp-content\/uploads\/2025\/05\/ecclesia2.png","width":480,"height":120,"caption":"Sacra Arquidiocese de Buenos Aires e Am\u00e9rica do Sul | Patriarcado Ecum\u00eanico"},"image":{"@id":"https:\/\/news.ecclesia.org.br\/#\/schema\/logo\/image\/"},"sameAs":["https:\/\/www.facebook.com\/Ecclesia2025","https:\/\/x.com\/EcclesiaNews","https:\/\/br.pinterest.com\/ekklisia\/","https:\/\/www.youtube.com\/@EcclesiaBrasil"]},{"@type":"Person","@id":"https:\/\/news.ecclesia.org.br\/#\/schema\/person\/6f09597f025829745ba414a569f63758","name":"Pe. Andr\u00e9","image":{"@type":"ImageObject","inLanguage":"pt-BR","@id":"https:\/\/secure.gravatar.com\/avatar\/b4327cfa27e9799da239a26adcd534fc29cdc0c4a4a148eecbcfeb9b42c617ac?s=96&d=mm&r=g","url":"https:\/\/secure.gravatar.com\/avatar\/b4327cfa27e9799da239a26adcd534fc29cdc0c4a4a148eecbcfeb9b42c617ac?s=96&d=mm&r=g","contentUrl":"https:\/\/secure.gravatar.com\/avatar\/b4327cfa27e9799da239a26adcd534fc29cdc0c4a4a148eecbcfeb9b42c617ac?s=96&d=mm&r=g","caption":"Pe. Andr\u00e9"},"sameAs":["https:\/\/www.ecclesia.org.br"]}]}},"_links":{"self":[{"href":"https:\/\/news.ecclesia.org.br\/index.php?rest_route=\/wp\/v2\/posts\/6220","targetHints":{"allow":["GET"]}}],"collection":[{"href":"https:\/\/news.ecclesia.org.br\/index.php?rest_route=\/wp\/v2\/posts"}],"about":[{"href":"https:\/\/news.ecclesia.org.br\/index.php?rest_route=\/wp\/v2\/types\/post"}],"author":[{"embeddable":true,"href":"https:\/\/news.ecclesia.org.br\/index.php?rest_route=\/wp\/v2\/users\/1"}],"replies":[{"embeddable":true,"href":"https:\/\/news.ecclesia.org.br\/index.php?rest_route=%2Fwp%2Fv2%2Fcomments&post=6220"}],"version-history":[{"count":0,"href":"https:\/\/news.ecclesia.org.br\/index.php?rest_route=\/wp\/v2\/posts\/6220\/revisions"}],"wp:featuredmedia":[{"embeddable":true,"href":"https:\/\/news.ecclesia.org.br\/index.php?rest_route=\/wp\/v2\/media\/6238"}],"wp:attachment":[{"href":"https:\/\/news.ecclesia.org.br\/index.php?rest_route=%2Fwp%2Fv2%2Fmedia&parent=6220"}],"wp:term":[{"taxonomy":"category","embeddable":true,"href":"https:\/\/news.ecclesia.org.br\/index.php?rest_route=%2Fwp%2Fv2%2Fcategories&post=6220"},{"taxonomy":"post_tag","embeddable":true,"href":"https:\/\/news.ecclesia.org.br\/index.php?rest_route=%2Fwp%2Fv2%2Ftags&post=6220"}],"curies":[{"name":"wp","href":"https:\/\/api.w.org\/{rel}","templated":true}]}}