{"id":6212,"date":"2013-03-19T20:44:18","date_gmt":"2013-03-19T20:44:18","guid":{"rendered":"http:\/\/www.ecclesia.com.br\/news\/2013\/?p=6212"},"modified":"2016-03-23T21:20:38","modified_gmt":"2016-03-23T21:20:38","slug":"bartolomeu-se-encontra-com-francisco","status":"publish","type":"post","link":"https:\/\/news.ecclesia.org.br\/?p=6212","title":{"rendered":"BARTOLOMEU ENCONTRA FRANCISCO"},"content":{"rendered":"<p style=\"text-align: right;\">ARTIGO DE ALBERTO MELLONI<\/p>\n<p style=\"text-align: justify;\"><b><a href=\"https:\/\/news.ecclesia.org.br\/2013\/wp-content\/uploads\/2013\/03\/005-1.jpg\" rel=\"attachment wp-att-6238\"><img decoding=\"async\" class=\"alignleft size-medium wp-image-6238\" src=\"https:\/\/news.ecclesia.org.br\/2013\/wp-content\/uploads\/2013\/03\/005-1-300x166.jpg\" alt=\"005\" width=\"300\" height=\"166\" srcset=\"https:\/\/news.ecclesia.org.br\/wp-content\/uploads\/2013\/03\/005-1-300x166.jpg 300w, https:\/\/news.ecclesia.org.br\/wp-content\/uploads\/2013\/03\/005-1-768x425.jpg 768w, https:\/\/news.ecclesia.org.br\/wp-content\/uploads\/2013\/03\/005-1-99x55.jpg 99w, https:\/\/news.ecclesia.org.br\/wp-content\/uploads\/2013\/03\/005-1.jpg 960w\" sizes=\"(max-width: 300px) 100vw, 300px\" \/><\/a>Na\u00a0Pra\u00e7a de S\u00e3o Pedro, quando\u00a0Pedro\u00a0\u2013 na pessoa do\u00a0Papa Francisco\u00a0\u2013 e\u00a0Andr\u00e9\u00a0\u2013 na pessoa do\u00a0Patriarca Bartolomeu I\u00a0\u2013 se abra\u00e7arem, veremos o in\u00edcio de um in\u00edcio. Um ato que premia a f\u00e9 dos outros chefes das Igrejas presentes.<br \/>\n<\/b><br \/>\nA an\u00e1lise \u00e9\u00a0<a href=\"https:\/\/www.google.com\/url?q=http:\/\/www.ihu.unisinos.br\/noticias\/518228-purpurados-divididos-parece-o-parlamento-entrevista-com-alberto-melloni&amp;sa=U&amp;ei=96hHUdT5N8Xw2gWv5oCQCA&amp;ved=0CAoQFjAB&amp;client=internal-uds-cse&amp;usg=AFQjCNH5etdyWPQyoUKeIWiiixWJmSX63w\">Alberto Melloni<\/a>, historiador da Igreja italiano, professor da\u00a0Universidade de Modena-Reggio Emilia\u00a0e diretor da\u00a0Funda\u00e7\u00e3o Jo\u00e3o XXIII de Ci\u00eancias Religiosas\u00a0de\u00a0Bolonha. O artigo foi publicado no jornal\u00a0Corriere della Sera, 17-03-2013. A tradu\u00e7\u00e3o \u00e9 de\u00a0Mois\u00e9s Sbardelotto.<\/p>\n<p><strong>Eis o texto:<\/strong><\/p>\n<p style=\"text-align: justify;\">Repensar o minist\u00e9rio de\u00a0Pedro\u00a0segundo as formas do primeiro mil\u00eanio crist\u00e3o. Essa \u00e1rdua meta ecum\u00eanica explicitada por\u00a0Jo\u00e3o Paulo II\u00a0em 1996 foi definida pelo\u00a0Papa Francisco\u00a0na mesma noite da sua elei\u00e7\u00e3o, com a passagem de quem sabe t\u00e3o bem o que faz a ponto de n\u00e3o sentir a necessidade de explic\u00e1-lo.<\/p>\n<p style=\"text-align: justify;\">Sem cit\u00e1-los, ele reavivou a grande tradi\u00e7\u00e3o de In\u00e1cio de\u00a0Antioquia,\u00a0Cipriano de Cartagena,\u00a0Greg\u00f3rio Magno, oVaticano II. E todos, diante da cabe\u00e7a inclinada do bispo que pede para ser recebido pela sua Igreja (quantos bispos entraram assim na diocese?), entenderam o que n\u00e3o sabiam. Sem assinar uma bula, ele aboliu as bugigangas da soberania temporal. Os t\u00edtulos pontif\u00edcios t\u00e3o estreitos a ponto de serem amb\u00edguos foram arquivados. O ritual imperial de corte desapareceu.<\/p>\n<p style=\"text-align: justify;\">Depois do discurso de um grande professor de teologia, o de um grande mestre de vida crist\u00e3 que diz que rompe um tabu e toma a pobreza como seu cerimonialista. Uma sequ\u00eancia vertiginosa que escancara um caminho nunca percorrido para a unidade crist\u00e3. Porque, com um gesto prof\u00e9tico sem precedentes em 20 s\u00e9culos de hist\u00f3ria, o sucessor de\u00a0Andr\u00e9, o patriarca ecum\u00eanico\u00a0Bartolomeu I, decidiu ir a\u00a0Roma\u00a0para a missa do dia 19 de mar\u00e7o.<\/p>\n<p style=\"text-align: justify;\">Todos os papas, de\u00a0Paulo VI\u00a0at\u00e9 hoje, visitaram e receberam o arcebispo de\u00a0Constantinopla. Mas nunca o bispo de Roma\u00a0havia se apresentado \u00e0s Igrejas com tanto rigor a ponto de induzir o patriarca a ir saud\u00e1-lo logo no in\u00edcio do seu minist\u00e9rio.<\/p>\n<p style=\"text-align: justify;\">Na\u00a0Pra\u00e7a de S\u00e3o Pedro, quando\u00a0Pedro\u00a0e\u00a0Andr\u00e9\u00a0se abra\u00e7arem, veremos o in\u00edcio de um in\u00edcio. Um ato que premia a f\u00e9 dos outros chefes das Igrejas presentes. E d\u00e1 um ultimato a quem, como o patriarca de\u00a0Moscou\u00a0e de todas as R\u00fassias, Cirillo, parece ter decidido se fazer apenas representar no ato com o qual o Papa Francisco pedir\u00e1 para ser recebido na comunh\u00e3o.<\/p>\n<p style=\"text-align: justify;\">No tempo de\u00a0Greg\u00f3rio Magno, pedindo essa recep\u00e7\u00e3o por carta, o papa criticava o seu hom\u00f3logo constantinopolitano que se fazia chamar de &#8220;universal&#8221;. Durante s\u00e9culos, o Oriente censurou a mesma coisa em\u00a0Roma. Depois, veio o Conc\u00edlio. E depois o\u00a0Papa Francisco: e n\u00f3s vimos a hist\u00f3ria virar a p\u00e1gina. N\u00e3o \u00e9 como ver a hist\u00f3ria passar a cavalo, como escreveu\u00a0Hegel\u00a0vendo\u00a0Napole\u00e3o: \u00e9 muito melhor.<\/p>\n<p style=\"text-align: right;\">FONTE: <a href=\"http:\/\/www.ihu.unisinos.br\/\" target=\"_blank\">IHU<\/a><\/p>\n","protected":false},"excerpt":{"rendered":"<p>ARTIGO DE ALBERTO MELLONI Na\u00a0Pra\u00e7a de S\u00e3o Pedro, quando\u00a0Pedro\u00a0\u2013 na pessoa do\u00a0Papa Francisco\u00a0\u2013 e\u00a0Andr\u00e9\u00a0\u2013 na pessoa do\u00a0Patriarca Bartolomeu I\u00a0\u2013 se abra\u00e7arem, veremos o in\u00edcio de um in\u00edcio. Um ato que premia a f\u00e9 dos outros chefes das Igrejas presentes. A&#8230;<\/p>\n","protected":false},"author":1,"featured_media":6213,"comment_status":"open","ping_status":"open","sticky":false,"template":"","format":"standard","meta":{"_acf_changed":false,"footnotes":""},"categories":[3,72],"tags":[],"class_list":["post-6212","post","type-post","status-publish","format-standard","has-post-thumbnail","hentry","category-mundo","category-patriarcado-ecumenico","entry","rows-excerpt"],"acf":[],"yoast_head":"<!-- This site is optimized with the Yoast SEO plugin v27.4 - https:\/\/yoast.com\/product\/yoast-seo-wordpress\/ -->\n<title>BARTOLOMEU ENCONTRA FRANCISCO | ECCLESIA NEWS<\/title>\n<meta name=\"robots\" content=\"index, follow, max-snippet:-1, max-image-preview:large, max-video-preview:-1\" \/>\n<link rel=\"canonical\" href=\"https:\/\/news.ecclesia.org.br\/?p=6212\" \/>\n<meta property=\"og:locale\" content=\"pt_BR\" \/>\n<meta property=\"og:type\" content=\"article\" \/>\n<meta property=\"og:title\" content=\"BARTOLOMEU ENCONTRA FRANCISCO | ECCLESIA NEWS\" \/>\n<meta property=\"og:description\" content=\"ARTIGO DE ALBERTO MELLONI Na\u00a0Pra\u00e7a de S\u00e3o Pedro, quando\u00a0Pedro\u00a0\u2013 na pessoa do\u00a0Papa Francisco\u00a0\u2013 e\u00a0Andr\u00e9\u00a0\u2013 na pessoa do\u00a0Patriarca Bartolomeu I\u00a0\u2013 se abra\u00e7arem, veremos o in\u00edcio de um in\u00edcio. Um ato que premia a f\u00e9 dos outros chefes das Igrejas presentes. A&#8230;\" \/>\n<meta property=\"og:url\" content=\"https:\/\/news.ecclesia.org.br\/?p=6212\" \/>\n<meta property=\"og:site_name\" content=\"ECCLESIA NEWS\" \/>\n<meta property=\"article:publisher\" content=\"https:\/\/www.facebook.com\/Ecclesia2025\" \/>\n<meta property=\"article:published_time\" content=\"2013-03-19T20:44:18+00:00\" \/>\n<meta property=\"article:modified_time\" content=\"2016-03-23T21:20:38+00:00\" \/>\n<meta property=\"og:image\" content=\"https:\/\/news.ecclesia.org.br\/wp-content\/uploads\/2013\/03\/patriarca-bartolomeu-1.jpg\" \/>\n\t<meta property=\"og:image:width\" content=\"600\" \/>\n\t<meta property=\"og:image:height\" content=\"434\" \/>\n\t<meta property=\"og:image:type\" content=\"image\/jpeg\" \/>\n<meta name=\"author\" content=\"Pe. Andr\u00e9\" \/>\n<meta name=\"twitter:card\" content=\"summary_large_image\" \/>\n<meta name=\"twitter:creator\" content=\"@EcclesiaNews\" \/>\n<meta name=\"twitter:site\" content=\"@EcclesiaNews\" \/>\n<meta name=\"twitter:label1\" content=\"Escrito por\" \/>\n\t<meta name=\"twitter:data1\" content=\"Pe. Andr\u00e9\" \/>\n\t<meta name=\"twitter:label2\" content=\"Est. tempo de leitura\" \/>\n\t<meta name=\"twitter:data2\" content=\"3 minutos\" \/>\n<script type=\"application\/ld+json\" class=\"yoast-schema-graph\">{\"@context\":\"https:\\\/\\\/schema.org\",\"@graph\":[{\"@type\":\"Article\",\"@id\":\"https:\\\/\\\/news.ecclesia.org.br\\\/?p=6212#article\",\"isPartOf\":{\"@id\":\"https:\\\/\\\/news.ecclesia.org.br\\\/?p=6212\"},\"author\":{\"name\":\"Pe. Andr\u00e9\",\"@id\":\"https:\\\/\\\/news.ecclesia.org.br\\\/#\\\/schema\\\/person\\\/6f09597f025829745ba414a569f63758\"},\"headline\":\"BARTOLOMEU ENCONTRA FRANCISCO\",\"datePublished\":\"2013-03-19T20:44:18+00:00\",\"dateModified\":\"2016-03-23T21:20:38+00:00\",\"mainEntityOfPage\":{\"@id\":\"https:\\\/\\\/news.ecclesia.org.br\\\/?p=6212\"},\"wordCount\":527,\"commentCount\":0,\"publisher\":{\"@id\":\"https:\\\/\\\/news.ecclesia.org.br\\\/#organization\"},\"image\":{\"@id\":\"https:\\\/\\\/news.ecclesia.org.br\\\/?p=6212#primaryimage\"},\"thumbnailUrl\":\"https:\\\/\\\/news.ecclesia.org.br\\\/wp-content\\\/uploads\\\/2013\\\/03\\\/patriarca-bartolomeu-1.jpg\",\"articleSection\":[\"Mundo Ortodoxo\",\"Patriarcado Ecum\u00eanico\"],\"inLanguage\":\"pt-BR\",\"potentialAction\":[{\"@type\":\"CommentAction\",\"name\":\"Comment\",\"target\":[\"https:\\\/\\\/news.ecclesia.org.br\\\/?p=6212#respond\"]}]},{\"@type\":\"WebPage\",\"@id\":\"https:\\\/\\\/news.ecclesia.org.br\\\/?p=6212\",\"url\":\"https:\\\/\\\/news.ecclesia.org.br\\\/?p=6212\",\"name\":\"BARTOLOMEU ENCONTRA FRANCISCO | ECCLESIA NEWS\",\"isPartOf\":{\"@id\":\"https:\\\/\\\/news.ecclesia.org.br\\\/#website\"},\"primaryImageOfPage\":{\"@id\":\"https:\\\/\\\/news.ecclesia.org.br\\\/?p=6212#primaryimage\"},\"image\":{\"@id\":\"https:\\\/\\\/news.ecclesia.org.br\\\/?p=6212#primaryimage\"},\"thumbnailUrl\":\"https:\\\/\\\/news.ecclesia.org.br\\\/wp-content\\\/uploads\\\/2013\\\/03\\\/patriarca-bartolomeu-1.jpg\",\"datePublished\":\"2013-03-19T20:44:18+00:00\",\"dateModified\":\"2016-03-23T21:20:38+00:00\",\"breadcrumb\":{\"@id\":\"https:\\\/\\\/news.ecclesia.org.br\\\/?p=6212#breadcrumb\"},\"inLanguage\":\"pt-BR\",\"potentialAction\":[{\"@type\":\"ReadAction\",\"target\":[\"https:\\\/\\\/news.ecclesia.org.br\\\/?p=6212\"]}]},{\"@type\":\"ImageObject\",\"inLanguage\":\"pt-BR\",\"@id\":\"https:\\\/\\\/news.ecclesia.org.br\\\/?p=6212#primaryimage\",\"url\":\"https:\\\/\\\/news.ecclesia.org.br\\\/wp-content\\\/uploads\\\/2013\\\/03\\\/patriarca-bartolomeu-1.jpg\",\"contentUrl\":\"https:\\\/\\\/news.ecclesia.org.br\\\/wp-content\\\/uploads\\\/2013\\\/03\\\/patriarca-bartolomeu-1.jpg\",\"width\":600,\"height\":434},{\"@type\":\"BreadcrumbList\",\"@id\":\"https:\\\/\\\/news.ecclesia.org.br\\\/?p=6212#breadcrumb\",\"itemListElement\":[{\"@type\":\"ListItem\",\"position\":1,\"name\":\"In\u00edcio\",\"item\":\"https:\\\/\\\/news.ecclesia.org.br\\\/\"},{\"@type\":\"ListItem\",\"position\":2,\"name\":\"BARTOLOMEU ENCONTRA FRANCISCO\"}]},{\"@type\":\"WebSite\",\"@id\":\"https:\\\/\\\/news.ecclesia.org.br\\\/#website\",\"url\":\"https:\\\/\\\/news.ecclesia.org.br\\\/\",\"name\":\"Ecclesia Brasil\",\"description\":\"Desde 2003 onectando o Brasil ao mundo ortodoxo!\",\"publisher\":{\"@id\":\"https:\\\/\\\/news.ecclesia.org.br\\\/#organization\"},\"alternateName\":\"Ecclesia\",\"potentialAction\":[{\"@type\":\"SearchAction\",\"target\":{\"@type\":\"EntryPoint\",\"urlTemplate\":\"https:\\\/\\\/news.ecclesia.org.br\\\/?s={search_term_string}\"},\"query-input\":{\"@type\":\"PropertyValueSpecification\",\"valueRequired\":true,\"valueName\":\"search_term_string\"}}],\"inLanguage\":\"pt-BR\"},{\"@type\":\"Organization\",\"@id\":\"https:\\\/\\\/news.ecclesia.org.br\\\/#organization\",\"name\":\"Sacra Arquidiocese de Buenos Aires e Am\u00e9rica do Sul | Patriarcado Ecum\u00eanico\",\"alternateName\":\"News Ecclesia Brasil\",\"url\":\"https:\\\/\\\/news.ecclesia.org.br\\\/\",\"logo\":{\"@type\":\"ImageObject\",\"inLanguage\":\"pt-BR\",\"@id\":\"https:\\\/\\\/news.ecclesia.org.br\\\/#\\\/schema\\\/logo\\\/image\\\/\",\"url\":\"https:\\\/\\\/news.ecclesia.org.br\\\/wp-content\\\/uploads\\\/2025\\\/05\\\/ecclesia2.png\",\"contentUrl\":\"https:\\\/\\\/news.ecclesia.org.br\\\/wp-content\\\/uploads\\\/2025\\\/05\\\/ecclesia2.png\",\"width\":480,\"height\":120,\"caption\":\"Sacra Arquidiocese de Buenos Aires e Am\u00e9rica do Sul | Patriarcado Ecum\u00eanico\"},\"image\":{\"@id\":\"https:\\\/\\\/news.ecclesia.org.br\\\/#\\\/schema\\\/logo\\\/image\\\/\"},\"sameAs\":[\"https:\\\/\\\/www.facebook.com\\\/Ecclesia2025\",\"https:\\\/\\\/x.com\\\/EcclesiaNews\",\"https:\\\/\\\/br.pinterest.com\\\/ekklisia\\\/\",\"https:\\\/\\\/www.youtube.com\\\/@EcclesiaBrasil\"]},{\"@type\":\"Person\",\"@id\":\"https:\\\/\\\/news.ecclesia.org.br\\\/#\\\/schema\\\/person\\\/6f09597f025829745ba414a569f63758\",\"name\":\"Pe. Andr\u00e9\",\"image\":{\"@type\":\"ImageObject\",\"inLanguage\":\"pt-BR\",\"@id\":\"https:\\\/\\\/secure.gravatar.com\\\/avatar\\\/b4327cfa27e9799da239a26adcd534fc29cdc0c4a4a148eecbcfeb9b42c617ac?s=96&d=mm&r=g\",\"url\":\"https:\\\/\\\/secure.gravatar.com\\\/avatar\\\/b4327cfa27e9799da239a26adcd534fc29cdc0c4a4a148eecbcfeb9b42c617ac?s=96&d=mm&r=g\",\"contentUrl\":\"https:\\\/\\\/secure.gravatar.com\\\/avatar\\\/b4327cfa27e9799da239a26adcd534fc29cdc0c4a4a148eecbcfeb9b42c617ac?s=96&d=mm&r=g\",\"caption\":\"Pe. Andr\u00e9\"},\"sameAs\":[\"https:\\\/\\\/www.ecclesia.org.br\"]}]}<\/script>\n<!-- \/ Yoast SEO plugin. -->","yoast_head_json":{"title":"BARTOLOMEU ENCONTRA FRANCISCO | ECCLESIA NEWS","robots":{"index":"index","follow":"follow","max-snippet":"max-snippet:-1","max-image-preview":"max-image-preview:large","max-video-preview":"max-video-preview:-1"},"canonical":"https:\/\/news.ecclesia.org.br\/?p=6212","og_locale":"pt_BR","og_type":"article","og_title":"BARTOLOMEU ENCONTRA FRANCISCO | ECCLESIA NEWS","og_description":"ARTIGO DE ALBERTO MELLONI Na\u00a0Pra\u00e7a de S\u00e3o Pedro, quando\u00a0Pedro\u00a0\u2013 na pessoa do\u00a0Papa Francisco\u00a0\u2013 e\u00a0Andr\u00e9\u00a0\u2013 na pessoa do\u00a0Patriarca Bartolomeu I\u00a0\u2013 se abra\u00e7arem, veremos o in\u00edcio de um in\u00edcio. Um ato que premia a f\u00e9 dos outros chefes das Igrejas presentes. A&#8230;","og_url":"https:\/\/news.ecclesia.org.br\/?p=6212","og_site_name":"ECCLESIA NEWS","article_publisher":"https:\/\/www.facebook.com\/Ecclesia2025","article_published_time":"2013-03-19T20:44:18+00:00","article_modified_time":"2016-03-23T21:20:38+00:00","og_image":[{"width":600,"height":434,"url":"https:\/\/news.ecclesia.org.br\/wp-content\/uploads\/2013\/03\/patriarca-bartolomeu-1.jpg","type":"image\/jpeg"}],"author":"Pe. Andr\u00e9","twitter_card":"summary_large_image","twitter_creator":"@EcclesiaNews","twitter_site":"@EcclesiaNews","twitter_misc":{"Escrito por":"Pe. Andr\u00e9","Est. tempo de leitura":"3 minutos"},"schema":{"@context":"https:\/\/schema.org","@graph":[{"@type":"Article","@id":"https:\/\/news.ecclesia.org.br\/?p=6212#article","isPartOf":{"@id":"https:\/\/news.ecclesia.org.br\/?p=6212"},"author":{"name":"Pe. Andr\u00e9","@id":"https:\/\/news.ecclesia.org.br\/#\/schema\/person\/6f09597f025829745ba414a569f63758"},"headline":"BARTOLOMEU ENCONTRA FRANCISCO","datePublished":"2013-03-19T20:44:18+00:00","dateModified":"2016-03-23T21:20:38+00:00","mainEntityOfPage":{"@id":"https:\/\/news.ecclesia.org.br\/?p=6212"},"wordCount":527,"commentCount":0,"publisher":{"@id":"https:\/\/news.ecclesia.org.br\/#organization"},"image":{"@id":"https:\/\/news.ecclesia.org.br\/?p=6212#primaryimage"},"thumbnailUrl":"https:\/\/news.ecclesia.org.br\/wp-content\/uploads\/2013\/03\/patriarca-bartolomeu-1.jpg","articleSection":["Mundo Ortodoxo","Patriarcado Ecum\u00eanico"],"inLanguage":"pt-BR","potentialAction":[{"@type":"CommentAction","name":"Comment","target":["https:\/\/news.ecclesia.org.br\/?p=6212#respond"]}]},{"@type":"WebPage","@id":"https:\/\/news.ecclesia.org.br\/?p=6212","url":"https:\/\/news.ecclesia.org.br\/?p=6212","name":"BARTOLOMEU ENCONTRA FRANCISCO | ECCLESIA NEWS","isPartOf":{"@id":"https:\/\/news.ecclesia.org.br\/#website"},"primaryImageOfPage":{"@id":"https:\/\/news.ecclesia.org.br\/?p=6212#primaryimage"},"image":{"@id":"https:\/\/news.ecclesia.org.br\/?p=6212#primaryimage"},"thumbnailUrl":"https:\/\/news.ecclesia.org.br\/wp-content\/uploads\/2013\/03\/patriarca-bartolomeu-1.jpg","datePublished":"2013-03-19T20:44:18+00:00","dateModified":"2016-03-23T21:20:38+00:00","breadcrumb":{"@id":"https:\/\/news.ecclesia.org.br\/?p=6212#breadcrumb"},"inLanguage":"pt-BR","potentialAction":[{"@type":"ReadAction","target":["https:\/\/news.ecclesia.org.br\/?p=6212"]}]},{"@type":"ImageObject","inLanguage":"pt-BR","@id":"https:\/\/news.ecclesia.org.br\/?p=6212#primaryimage","url":"https:\/\/news.ecclesia.org.br\/wp-content\/uploads\/2013\/03\/patriarca-bartolomeu-1.jpg","contentUrl":"https:\/\/news.ecclesia.org.br\/wp-content\/uploads\/2013\/03\/patriarca-bartolomeu-1.jpg","width":600,"height":434},{"@type":"BreadcrumbList","@id":"https:\/\/news.ecclesia.org.br\/?p=6212#breadcrumb","itemListElement":[{"@type":"ListItem","position":1,"name":"In\u00edcio","item":"https:\/\/news.ecclesia.org.br\/"},{"@type":"ListItem","position":2,"name":"BARTOLOMEU ENCONTRA FRANCISCO"}]},{"@type":"WebSite","@id":"https:\/\/news.ecclesia.org.br\/#website","url":"https:\/\/news.ecclesia.org.br\/","name":"Ecclesia Brasil","description":"Desde 2003 onectando o Brasil ao mundo ortodoxo!","publisher":{"@id":"https:\/\/news.ecclesia.org.br\/#organization"},"alternateName":"Ecclesia","potentialAction":[{"@type":"SearchAction","target":{"@type":"EntryPoint","urlTemplate":"https:\/\/news.ecclesia.org.br\/?s={search_term_string}"},"query-input":{"@type":"PropertyValueSpecification","valueRequired":true,"valueName":"search_term_string"}}],"inLanguage":"pt-BR"},{"@type":"Organization","@id":"https:\/\/news.ecclesia.org.br\/#organization","name":"Sacra Arquidiocese de Buenos Aires e Am\u00e9rica do Sul | Patriarcado Ecum\u00eanico","alternateName":"News Ecclesia Brasil","url":"https:\/\/news.ecclesia.org.br\/","logo":{"@type":"ImageObject","inLanguage":"pt-BR","@id":"https:\/\/news.ecclesia.org.br\/#\/schema\/logo\/image\/","url":"https:\/\/news.ecclesia.org.br\/wp-content\/uploads\/2025\/05\/ecclesia2.png","contentUrl":"https:\/\/news.ecclesia.org.br\/wp-content\/uploads\/2025\/05\/ecclesia2.png","width":480,"height":120,"caption":"Sacra Arquidiocese de Buenos Aires e Am\u00e9rica do Sul | Patriarcado Ecum\u00eanico"},"image":{"@id":"https:\/\/news.ecclesia.org.br\/#\/schema\/logo\/image\/"},"sameAs":["https:\/\/www.facebook.com\/Ecclesia2025","https:\/\/x.com\/EcclesiaNews","https:\/\/br.pinterest.com\/ekklisia\/","https:\/\/www.youtube.com\/@EcclesiaBrasil"]},{"@type":"Person","@id":"https:\/\/news.ecclesia.org.br\/#\/schema\/person\/6f09597f025829745ba414a569f63758","name":"Pe. Andr\u00e9","image":{"@type":"ImageObject","inLanguage":"pt-BR","@id":"https:\/\/secure.gravatar.com\/avatar\/b4327cfa27e9799da239a26adcd534fc29cdc0c4a4a148eecbcfeb9b42c617ac?s=96&d=mm&r=g","url":"https:\/\/secure.gravatar.com\/avatar\/b4327cfa27e9799da239a26adcd534fc29cdc0c4a4a148eecbcfeb9b42c617ac?s=96&d=mm&r=g","contentUrl":"https:\/\/secure.gravatar.com\/avatar\/b4327cfa27e9799da239a26adcd534fc29cdc0c4a4a148eecbcfeb9b42c617ac?s=96&d=mm&r=g","caption":"Pe. Andr\u00e9"},"sameAs":["https:\/\/www.ecclesia.org.br"]}]}},"_links":{"self":[{"href":"https:\/\/news.ecclesia.org.br\/index.php?rest_route=\/wp\/v2\/posts\/6212","targetHints":{"allow":["GET"]}}],"collection":[{"href":"https:\/\/news.ecclesia.org.br\/index.php?rest_route=\/wp\/v2\/posts"}],"about":[{"href":"https:\/\/news.ecclesia.org.br\/index.php?rest_route=\/wp\/v2\/types\/post"}],"author":[{"embeddable":true,"href":"https:\/\/news.ecclesia.org.br\/index.php?rest_route=\/wp\/v2\/users\/1"}],"replies":[{"embeddable":true,"href":"https:\/\/news.ecclesia.org.br\/index.php?rest_route=%2Fwp%2Fv2%2Fcomments&post=6212"}],"version-history":[{"count":0,"href":"https:\/\/news.ecclesia.org.br\/index.php?rest_route=\/wp\/v2\/posts\/6212\/revisions"}],"wp:featuredmedia":[{"embeddable":true,"href":"https:\/\/news.ecclesia.org.br\/index.php?rest_route=\/wp\/v2\/media\/6213"}],"wp:attachment":[{"href":"https:\/\/news.ecclesia.org.br\/index.php?rest_route=%2Fwp%2Fv2%2Fmedia&parent=6212"}],"wp:term":[{"taxonomy":"category","embeddable":true,"href":"https:\/\/news.ecclesia.org.br\/index.php?rest_route=%2Fwp%2Fv2%2Fcategories&post=6212"},{"taxonomy":"post_tag","embeddable":true,"href":"https:\/\/news.ecclesia.org.br\/index.php?rest_route=%2Fwp%2Fv2%2Ftags&post=6212"}],"curies":[{"name":"wp","href":"https:\/\/api.w.org\/{rel}","templated":true}]}}