{"id":6195,"date":"2013-03-19T01:43:54","date_gmt":"2013-03-19T04:43:54","guid":{"rendered":"http:\/\/www.ecclesia.com.br\/news\/2013\/?p=6195"},"modified":"2013-03-19T01:43:54","modified_gmt":"2013-03-19T04:43:54","slug":"arcebispo-tarasios-no-vaticano-com-s-s-bartolomeu-i-e-sua-delegacao-encontram-s-s-francisco","status":"publish","type":"post","link":"https:\/\/news.ecclesia.org.br\/?p=6195","title":{"rendered":"ARCEBISPO TARASIOS NA DELEGA\u00c7\u00c3O QUE ACOMPANHA S. S. BARTOLOMEU I NA VISITA A S.S. O PAPA FRANCISCO"},"content":{"rendered":"<p style=\"text-align: justify;\">Fraterno e muito caloroso, assim foi clima deste primeiro encontro informal entre Ss. Ss. Bartolomeu I, Patriarca Ecum\u00eanico de Constantinopla, e \u00a0o Papa Francisco, na noite \u00a0desta segunda-feira, 18 de Mar\u00e7o de 2013, na Casa de Santa Marta, no Vaticano, resid\u00eancia tempor\u00e1ria do novo Pont\u00edfice da Igreja Cat\u00f3lica Romana.<\/p>\n<p style=\"text-align: justify;\">Depois dos cumprimentos da delega\u00e7\u00e3o, S. Santidade Francisco recepcionou a comitiva do Patriarcado Ecum\u00eanico com um jantar. Os que participaram\u00a0desse primeiro encontro destacaram a simplicidade do novo Papa e sua cordialidade.<\/p>\n<h2 class=\"MsoNormal\"><\/h2>\n<p style=\"text-align: right;\">Fotos: <a href=\"http:\/\/www.amen.gr\/\" target=\"_blank\">Amen.gr<\/a><\/p>\n<p style=\"text-align: center;\"><a href=\"http:\/\/www.ecclesia.com.br\/news\/2013\/?attachment_id=6197\" rel=\"attachment wp-att-6197\"><img fetchpriority=\"high\" decoding=\"async\" class=\"aligncenter  wp-image-6197\" alt=\"002\" src=\"http:\/\/www.ecclesia.com.br\/news\/2013\/wp-content\/uploads\/2013\/03\/002.jpg\" width=\"640\" height=\"480\" \/><\/a><\/p>\n<p style=\"text-align: center;\"><a href=\"http:\/\/www.ecclesia.com.br\/news\/2013\/?attachment_id=6198\" rel=\"attachment wp-att-6198\"><img decoding=\"async\" class=\"aligncenter size-full wp-image-6198\" alt=\"001\" src=\"http:\/\/www.ecclesia.com.br\/news\/2013\/wp-content\/uploads\/2013\/03\/001.jpg\" width=\"465\" height=\"645\" \/><\/a><\/p>\n<h2>O Papa Francisco e a Igreja Ortodoxa<\/h2>\n<p><strong>Sinal importante da vontade de refor\u00e7ar o di\u00e1logo ecum\u00eanico<\/strong><\/p>\n<p style=\"text-align: right;\">Por Don Mariusz Frukacz<\/p>\n<p style=\"text-align: justify;\"><span style=\"color: #000000;\">ROMA, 18 de Mar\u00e7o de 2013 (<a href=\"imap:\/\/ecclesia%40ecclesia%2Ecom%2Ebr@mail.ecclesia.com.br:143\/www.zenit.org\"><span style=\"color: #000000;\">Zenit.org<\/span><\/a>) &#8211; Ainda na Argentina, o cardeal Bergoglio j\u00e1 mantinha boas rela\u00e7\u00f5es com a Igreja Ortodoxa. Agora que foi eleito papa, a Igreja Ortodoxa o observa com renovado interesse. A m\u00eddia de todo o mundo j\u00e1 se pergunta como ser\u00e1 a rela\u00e7\u00e3o entre a Igreja de Roma e a Igreja Ortodoxa.<\/span><\/p>\n<p style=\"text-align: justify;\"><span style=\"color: #000000;\">O Metropolita Hilarion enviou uma carta ao papa Francisco em que recorda: &#8220;Durante o seu minist\u00e9rio na Argentina, foram estabelecidas boas rela\u00e7\u00f5es, rela\u00e7\u00f5es de confian\u00e7a com a comunidade ortodoxa local&#8221;.<\/span><\/p>\n<p style=\"text-align: justify;\"><span style=\"color: #000000;\">O Cardeal Bergoglio manteve rela\u00e7\u00f5es pr\u00f3ximas e amig\u00e1veis\u00a0\u200b\u200bcom o clero ortodoxo na Argentina, conforme tamb\u00e9m destaca o Bispo Jo\u00e3o, cabe\u00e7a da Igreja Ortodoxa fora da R\u00fassia e residente em Buenos Aires. O Bispo Jo\u00e3o relata que o Cardeal Bergoglio participou todos os anos da liturgia de Natal no templo ortodoxo de Buenos Aires, na data de 7 janeiro, conforme o calend\u00e1rio juliano.<\/span><\/p>\n<p style=\"text-align: justify;\"><span style=\"color: #000000;\">Bergoglio estabeleceu um excelente relacionamento tamb\u00e9m com a Igreja Greco-Cat\u00f3lica. \u00c9 interessante notar que Sviatoslav Shevchuk, atual chefe da Igreja Greco-Cat\u00f3lica da Ucr\u00e2nia, trabalhou em Buenos Aires durante dois anos (2009-2011), antes de ser eleito arcebispo maior. Ele conhece pessoalmente o Cardeal Bergoglio. Alguns dias atr\u00e1s, o Arcebispo Maior Sviatoslav contou uma hist\u00f3ria interessante relacionada com o agora Papa Francisco: quando o jovem Jorge Mario Bergoglio era seminarista na Argentina, ele &#8220;acordava v\u00e1rias horas mais cedo que os colegas para concelebrar a Divina Liturgia&#8221; \u00a0junto com o Pe. Stepan Chmil, SDB (1914-1979).<\/span><\/p>\n<p style=\"text-align: justify;\"><span style=\"color: #000000;\">O Pe. Stepan, que nasceu na Ucr\u00e2nia, tinha sido designado pela Congrega\u00e7\u00e3o das Igrejas Orientais para trabalhar entre os ucranianos na Argentina. Sviatoslav afirma que o sacerdote foi um &#8220;mentor&#8221; para Bergoglio. &#8220;Stepan era um homem santo, tanto que o Santo S\u00ednodo da Igreja Greco-Cat\u00f3lica Ucraniana aprovou o in\u00edcio do seu processo de beatifica\u00e7\u00e3o em setembro de 2008&#8221;.<\/span><\/p>\n<p style=\"text-align: justify;\"><span style=\"color: #000000;\">Analisando-se as rela\u00e7\u00f5es do Papa Francisco com a Igreja Ortodoxa, merece destaque tamb\u00e9m o gesto do Patriarca Ecum\u00eanico \u00a0Bartolomeu I.\u00a0Pela primeira vez desde 1054, o l\u00edder espiritual da Igreja Ortodoxa e Patriarca de Constantinopla participar\u00e1 da cerim\u00f4nia de abertura do pontificado do bispo de Roma, conforme confirmado pela assessoria de imprensa do Patriarcado Ecum\u00eanico de Constantinopla, em Istambul.\u00a0\u00c9 um sinal importante da vontade de refor\u00e7ar o di\u00e1logo ecum\u00eanico.<\/span><\/p>\n","protected":false},"excerpt":{"rendered":"<p>Fraterno e muito caloroso, assim foi clima deste primeiro encontro informal entre Ss. Ss. Bartolomeu I, Patriarca Ecum\u00eanico de Constantinopla, e \u00a0o Papa Francisco, na noite \u00a0desta segunda-feira, 18 de Mar\u00e7o de 2013, na Casa de Santa Marta, no Vaticano,&#8230;<\/p>\n","protected":false},"author":1,"featured_media":0,"comment_status":"open","ping_status":"open","sticky":false,"template":"","format":"standard","meta":{"_acf_changed":false,"footnotes":""},"categories":[40],"tags":[],"class_list":["post-6195","post","type-post","status-publish","format-standard","hentry","category-arquidiocese-de-buenos-aires-e-america-do-sul","entry","rows-excerpt"],"acf":[],"yoast_head":"<!-- This site is optimized with the Yoast SEO plugin v27.5 - https:\/\/yoast.com\/product\/yoast-seo-wordpress\/ -->\n<title>ARCEBISPO TARASIOS NA DELEGA\u00c7\u00c3O QUE ACOMPANHA S. S. BARTOLOMEU I NA VISITA A S.S. O PAPA FRANCISCO | ECCLESIA NEWS<\/title>\n<meta name=\"robots\" content=\"index, follow, max-snippet:-1, max-image-preview:large, max-video-preview:-1\" \/>\n<link rel=\"canonical\" href=\"https:\/\/news.ecclesia.org.br\/?p=6195\" \/>\n<meta property=\"og:locale\" content=\"pt_BR\" \/>\n<meta property=\"og:type\" content=\"article\" \/>\n<meta property=\"og:title\" content=\"ARCEBISPO TARASIOS NA DELEGA\u00c7\u00c3O QUE ACOMPANHA S. S. BARTOLOMEU I NA VISITA A S.S. O PAPA FRANCISCO | ECCLESIA NEWS\" \/>\n<meta property=\"og:description\" content=\"Fraterno e muito caloroso, assim foi clima deste primeiro encontro informal entre Ss. Ss. Bartolomeu I, Patriarca Ecum\u00eanico de Constantinopla, e \u00a0o Papa Francisco, na noite \u00a0desta segunda-feira, 18 de Mar\u00e7o de 2013, na Casa de Santa Marta, no Vaticano,&#8230;\" \/>\n<meta property=\"og:url\" content=\"https:\/\/news.ecclesia.org.br\/?p=6195\" \/>\n<meta property=\"og:site_name\" content=\"ECCLESIA NEWS\" \/>\n<meta property=\"article:publisher\" content=\"https:\/\/www.facebook.com\/Ecclesia2025\" \/>\n<meta property=\"article:published_time\" content=\"2013-03-19T04:43:54+00:00\" \/>\n<meta property=\"og:image\" content=\"http:\/\/www.ecclesia.com.br\/news\/2013\/wp-content\/uploads\/2013\/03\/002.jpg\" \/>\n<meta name=\"author\" content=\"Pe. Andr\u00e9\" \/>\n<meta name=\"twitter:card\" content=\"summary_large_image\" \/>\n<meta name=\"twitter:creator\" content=\"@EcclesiaNews\" \/>\n<meta name=\"twitter:site\" content=\"@EcclesiaNews\" \/>\n<meta name=\"twitter:label1\" content=\"Escrito por\" \/>\n\t<meta name=\"twitter:data1\" content=\"Pe. Andr\u00e9\" \/>\n\t<meta name=\"twitter:label2\" content=\"Est. tempo de leitura\" \/>\n\t<meta name=\"twitter:data2\" content=\"3 minutos\" \/>\n<script type=\"application\/ld+json\" class=\"yoast-schema-graph\">{\"@context\":\"https:\\\/\\\/schema.org\",\"@graph\":[{\"@type\":\"Article\",\"@id\":\"https:\\\/\\\/news.ecclesia.org.br\\\/?p=6195#article\",\"isPartOf\":{\"@id\":\"https:\\\/\\\/news.ecclesia.org.br\\\/?p=6195\"},\"author\":{\"name\":\"Pe. Andr\u00e9\",\"@id\":\"https:\\\/\\\/news.ecclesia.org.br\\\/#\\\/schema\\\/person\\\/6f09597f025829745ba414a569f63758\"},\"headline\":\"ARCEBISPO TARASIOS NA DELEGA\u00c7\u00c3O QUE ACOMPANHA S. S. BARTOLOMEU I NA VISITA A S.S. O PAPA FRANCISCO\",\"datePublished\":\"2013-03-19T04:43:54+00:00\",\"mainEntityOfPage\":{\"@id\":\"https:\\\/\\\/news.ecclesia.org.br\\\/?p=6195\"},\"wordCount\":535,\"commentCount\":0,\"publisher\":{\"@id\":\"https:\\\/\\\/news.ecclesia.org.br\\\/#organization\"},\"image\":{\"@id\":\"https:\\\/\\\/news.ecclesia.org.br\\\/?p=6195#primaryimage\"},\"thumbnailUrl\":\"http:\\\/\\\/www.ecclesia.com.br\\\/news\\\/2013\\\/wp-content\\\/uploads\\\/2013\\\/03\\\/002.jpg\",\"articleSection\":[\"Arquidiocese de Buenos Aires e Am\u00e9rica do Sul\"],\"inLanguage\":\"pt-BR\",\"potentialAction\":[{\"@type\":\"CommentAction\",\"name\":\"Comment\",\"target\":[\"https:\\\/\\\/news.ecclesia.org.br\\\/?p=6195#respond\"]}]},{\"@type\":\"WebPage\",\"@id\":\"https:\\\/\\\/news.ecclesia.org.br\\\/?p=6195\",\"url\":\"https:\\\/\\\/news.ecclesia.org.br\\\/?p=6195\",\"name\":\"ARCEBISPO TARASIOS NA DELEGA\u00c7\u00c3O QUE ACOMPANHA S. S. BARTOLOMEU I NA VISITA A S.S. O PAPA FRANCISCO | ECCLESIA NEWS\",\"isPartOf\":{\"@id\":\"https:\\\/\\\/news.ecclesia.org.br\\\/#website\"},\"primaryImageOfPage\":{\"@id\":\"https:\\\/\\\/news.ecclesia.org.br\\\/?p=6195#primaryimage\"},\"image\":{\"@id\":\"https:\\\/\\\/news.ecclesia.org.br\\\/?p=6195#primaryimage\"},\"thumbnailUrl\":\"http:\\\/\\\/www.ecclesia.com.br\\\/news\\\/2013\\\/wp-content\\\/uploads\\\/2013\\\/03\\\/002.jpg\",\"datePublished\":\"2013-03-19T04:43:54+00:00\",\"breadcrumb\":{\"@id\":\"https:\\\/\\\/news.ecclesia.org.br\\\/?p=6195#breadcrumb\"},\"inLanguage\":\"pt-BR\",\"potentialAction\":[{\"@type\":\"ReadAction\",\"target\":[\"https:\\\/\\\/news.ecclesia.org.br\\\/?p=6195\"]}]},{\"@type\":\"ImageObject\",\"inLanguage\":\"pt-BR\",\"@id\":\"https:\\\/\\\/news.ecclesia.org.br\\\/?p=6195#primaryimage\",\"url\":\"http:\\\/\\\/www.ecclesia.com.br\\\/news\\\/2013\\\/wp-content\\\/uploads\\\/2013\\\/03\\\/002.jpg\",\"contentUrl\":\"http:\\\/\\\/www.ecclesia.com.br\\\/news\\\/2013\\\/wp-content\\\/uploads\\\/2013\\\/03\\\/002.jpg\"},{\"@type\":\"BreadcrumbList\",\"@id\":\"https:\\\/\\\/news.ecclesia.org.br\\\/?p=6195#breadcrumb\",\"itemListElement\":[{\"@type\":\"ListItem\",\"position\":1,\"name\":\"In\u00edcio\",\"item\":\"https:\\\/\\\/news.ecclesia.org.br\\\/\"},{\"@type\":\"ListItem\",\"position\":2,\"name\":\"ARCEBISPO TARASIOS NA DELEGA\u00c7\u00c3O QUE ACOMPANHA S. S. BARTOLOMEU I NA VISITA A S.S. O PAPA FRANCISCO\"}]},{\"@type\":\"WebSite\",\"@id\":\"https:\\\/\\\/news.ecclesia.org.br\\\/#website\",\"url\":\"https:\\\/\\\/news.ecclesia.org.br\\\/\",\"name\":\"Ecclesia Brasil\",\"description\":\"Desde 2003 onectando o Brasil ao mundo ortodoxo!\",\"publisher\":{\"@id\":\"https:\\\/\\\/news.ecclesia.org.br\\\/#organization\"},\"alternateName\":\"Ecclesia\",\"potentialAction\":[{\"@type\":\"SearchAction\",\"target\":{\"@type\":\"EntryPoint\",\"urlTemplate\":\"https:\\\/\\\/news.ecclesia.org.br\\\/?s={search_term_string}\"},\"query-input\":{\"@type\":\"PropertyValueSpecification\",\"valueRequired\":true,\"valueName\":\"search_term_string\"}}],\"inLanguage\":\"pt-BR\"},{\"@type\":\"Organization\",\"@id\":\"https:\\\/\\\/news.ecclesia.org.br\\\/#organization\",\"name\":\"Sacra Arquidiocese de Buenos Aires e Am\u00e9rica do Sul | Patriarcado Ecum\u00eanico\",\"alternateName\":\"News Ecclesia Brasil\",\"url\":\"https:\\\/\\\/news.ecclesia.org.br\\\/\",\"logo\":{\"@type\":\"ImageObject\",\"inLanguage\":\"pt-BR\",\"@id\":\"https:\\\/\\\/news.ecclesia.org.br\\\/#\\\/schema\\\/logo\\\/image\\\/\",\"url\":\"https:\\\/\\\/news.ecclesia.org.br\\\/wp-content\\\/uploads\\\/2025\\\/05\\\/ecclesia2.png\",\"contentUrl\":\"https:\\\/\\\/news.ecclesia.org.br\\\/wp-content\\\/uploads\\\/2025\\\/05\\\/ecclesia2.png\",\"width\":480,\"height\":120,\"caption\":\"Sacra Arquidiocese de Buenos Aires e Am\u00e9rica do Sul | Patriarcado Ecum\u00eanico\"},\"image\":{\"@id\":\"https:\\\/\\\/news.ecclesia.org.br\\\/#\\\/schema\\\/logo\\\/image\\\/\"},\"sameAs\":[\"https:\\\/\\\/www.facebook.com\\\/Ecclesia2025\",\"https:\\\/\\\/x.com\\\/EcclesiaNews\",\"https:\\\/\\\/br.pinterest.com\\\/ekklisia\\\/\",\"https:\\\/\\\/www.youtube.com\\\/@EcclesiaBrasil\"]},{\"@type\":\"Person\",\"@id\":\"https:\\\/\\\/news.ecclesia.org.br\\\/#\\\/schema\\\/person\\\/6f09597f025829745ba414a569f63758\",\"name\":\"Pe. Andr\u00e9\",\"image\":{\"@type\":\"ImageObject\",\"inLanguage\":\"pt-BR\",\"@id\":\"https:\\\/\\\/secure.gravatar.com\\\/avatar\\\/b4327cfa27e9799da239a26adcd534fc29cdc0c4a4a148eecbcfeb9b42c617ac?s=96&d=mm&r=g\",\"url\":\"https:\\\/\\\/secure.gravatar.com\\\/avatar\\\/b4327cfa27e9799da239a26adcd534fc29cdc0c4a4a148eecbcfeb9b42c617ac?s=96&d=mm&r=g\",\"contentUrl\":\"https:\\\/\\\/secure.gravatar.com\\\/avatar\\\/b4327cfa27e9799da239a26adcd534fc29cdc0c4a4a148eecbcfeb9b42c617ac?s=96&d=mm&r=g\",\"caption\":\"Pe. Andr\u00e9\"},\"sameAs\":[\"https:\\\/\\\/www.ecclesia.org.br\"]}]}<\/script>\n<!-- \/ Yoast SEO plugin. -->","yoast_head_json":{"title":"ARCEBISPO TARASIOS NA DELEGA\u00c7\u00c3O QUE ACOMPANHA S. S. BARTOLOMEU I NA VISITA A S.S. O PAPA FRANCISCO | ECCLESIA NEWS","robots":{"index":"index","follow":"follow","max-snippet":"max-snippet:-1","max-image-preview":"max-image-preview:large","max-video-preview":"max-video-preview:-1"},"canonical":"https:\/\/news.ecclesia.org.br\/?p=6195","og_locale":"pt_BR","og_type":"article","og_title":"ARCEBISPO TARASIOS NA DELEGA\u00c7\u00c3O QUE ACOMPANHA S. S. BARTOLOMEU I NA VISITA A S.S. O PAPA FRANCISCO | ECCLESIA NEWS","og_description":"Fraterno e muito caloroso, assim foi clima deste primeiro encontro informal entre Ss. Ss. Bartolomeu I, Patriarca Ecum\u00eanico de Constantinopla, e \u00a0o Papa Francisco, na noite \u00a0desta segunda-feira, 18 de Mar\u00e7o de 2013, na Casa de Santa Marta, no Vaticano,&#8230;","og_url":"https:\/\/news.ecclesia.org.br\/?p=6195","og_site_name":"ECCLESIA NEWS","article_publisher":"https:\/\/www.facebook.com\/Ecclesia2025","article_published_time":"2013-03-19T04:43:54+00:00","og_image":[{"url":"http:\/\/www.ecclesia.com.br\/news\/2013\/wp-content\/uploads\/2013\/03\/002.jpg","type":"","width":"","height":""}],"author":"Pe. Andr\u00e9","twitter_card":"summary_large_image","twitter_creator":"@EcclesiaNews","twitter_site":"@EcclesiaNews","twitter_misc":{"Escrito por":"Pe. Andr\u00e9","Est. tempo de leitura":"3 minutos"},"schema":{"@context":"https:\/\/schema.org","@graph":[{"@type":"Article","@id":"https:\/\/news.ecclesia.org.br\/?p=6195#article","isPartOf":{"@id":"https:\/\/news.ecclesia.org.br\/?p=6195"},"author":{"name":"Pe. Andr\u00e9","@id":"https:\/\/news.ecclesia.org.br\/#\/schema\/person\/6f09597f025829745ba414a569f63758"},"headline":"ARCEBISPO TARASIOS NA DELEGA\u00c7\u00c3O QUE ACOMPANHA S. S. BARTOLOMEU I NA VISITA A S.S. O PAPA FRANCISCO","datePublished":"2013-03-19T04:43:54+00:00","mainEntityOfPage":{"@id":"https:\/\/news.ecclesia.org.br\/?p=6195"},"wordCount":535,"commentCount":0,"publisher":{"@id":"https:\/\/news.ecclesia.org.br\/#organization"},"image":{"@id":"https:\/\/news.ecclesia.org.br\/?p=6195#primaryimage"},"thumbnailUrl":"http:\/\/www.ecclesia.com.br\/news\/2013\/wp-content\/uploads\/2013\/03\/002.jpg","articleSection":["Arquidiocese de Buenos Aires e Am\u00e9rica do Sul"],"inLanguage":"pt-BR","potentialAction":[{"@type":"CommentAction","name":"Comment","target":["https:\/\/news.ecclesia.org.br\/?p=6195#respond"]}]},{"@type":"WebPage","@id":"https:\/\/news.ecclesia.org.br\/?p=6195","url":"https:\/\/news.ecclesia.org.br\/?p=6195","name":"ARCEBISPO TARASIOS NA DELEGA\u00c7\u00c3O QUE ACOMPANHA S. S. BARTOLOMEU I NA VISITA A S.S. O PAPA FRANCISCO | ECCLESIA NEWS","isPartOf":{"@id":"https:\/\/news.ecclesia.org.br\/#website"},"primaryImageOfPage":{"@id":"https:\/\/news.ecclesia.org.br\/?p=6195#primaryimage"},"image":{"@id":"https:\/\/news.ecclesia.org.br\/?p=6195#primaryimage"},"thumbnailUrl":"http:\/\/www.ecclesia.com.br\/news\/2013\/wp-content\/uploads\/2013\/03\/002.jpg","datePublished":"2013-03-19T04:43:54+00:00","breadcrumb":{"@id":"https:\/\/news.ecclesia.org.br\/?p=6195#breadcrumb"},"inLanguage":"pt-BR","potentialAction":[{"@type":"ReadAction","target":["https:\/\/news.ecclesia.org.br\/?p=6195"]}]},{"@type":"ImageObject","inLanguage":"pt-BR","@id":"https:\/\/news.ecclesia.org.br\/?p=6195#primaryimage","url":"http:\/\/www.ecclesia.com.br\/news\/2013\/wp-content\/uploads\/2013\/03\/002.jpg","contentUrl":"http:\/\/www.ecclesia.com.br\/news\/2013\/wp-content\/uploads\/2013\/03\/002.jpg"},{"@type":"BreadcrumbList","@id":"https:\/\/news.ecclesia.org.br\/?p=6195#breadcrumb","itemListElement":[{"@type":"ListItem","position":1,"name":"In\u00edcio","item":"https:\/\/news.ecclesia.org.br\/"},{"@type":"ListItem","position":2,"name":"ARCEBISPO TARASIOS NA DELEGA\u00c7\u00c3O QUE ACOMPANHA S. S. BARTOLOMEU I NA VISITA A S.S. O PAPA FRANCISCO"}]},{"@type":"WebSite","@id":"https:\/\/news.ecclesia.org.br\/#website","url":"https:\/\/news.ecclesia.org.br\/","name":"Ecclesia Brasil","description":"Desde 2003 onectando o Brasil ao mundo ortodoxo!","publisher":{"@id":"https:\/\/news.ecclesia.org.br\/#organization"},"alternateName":"Ecclesia","potentialAction":[{"@type":"SearchAction","target":{"@type":"EntryPoint","urlTemplate":"https:\/\/news.ecclesia.org.br\/?s={search_term_string}"},"query-input":{"@type":"PropertyValueSpecification","valueRequired":true,"valueName":"search_term_string"}}],"inLanguage":"pt-BR"},{"@type":"Organization","@id":"https:\/\/news.ecclesia.org.br\/#organization","name":"Sacra Arquidiocese de Buenos Aires e Am\u00e9rica do Sul | Patriarcado Ecum\u00eanico","alternateName":"News Ecclesia Brasil","url":"https:\/\/news.ecclesia.org.br\/","logo":{"@type":"ImageObject","inLanguage":"pt-BR","@id":"https:\/\/news.ecclesia.org.br\/#\/schema\/logo\/image\/","url":"https:\/\/news.ecclesia.org.br\/wp-content\/uploads\/2025\/05\/ecclesia2.png","contentUrl":"https:\/\/news.ecclesia.org.br\/wp-content\/uploads\/2025\/05\/ecclesia2.png","width":480,"height":120,"caption":"Sacra Arquidiocese de Buenos Aires e Am\u00e9rica do Sul | Patriarcado Ecum\u00eanico"},"image":{"@id":"https:\/\/news.ecclesia.org.br\/#\/schema\/logo\/image\/"},"sameAs":["https:\/\/www.facebook.com\/Ecclesia2025","https:\/\/x.com\/EcclesiaNews","https:\/\/br.pinterest.com\/ekklisia\/","https:\/\/www.youtube.com\/@EcclesiaBrasil"]},{"@type":"Person","@id":"https:\/\/news.ecclesia.org.br\/#\/schema\/person\/6f09597f025829745ba414a569f63758","name":"Pe. Andr\u00e9","image":{"@type":"ImageObject","inLanguage":"pt-BR","@id":"https:\/\/secure.gravatar.com\/avatar\/b4327cfa27e9799da239a26adcd534fc29cdc0c4a4a148eecbcfeb9b42c617ac?s=96&d=mm&r=g","url":"https:\/\/secure.gravatar.com\/avatar\/b4327cfa27e9799da239a26adcd534fc29cdc0c4a4a148eecbcfeb9b42c617ac?s=96&d=mm&r=g","contentUrl":"https:\/\/secure.gravatar.com\/avatar\/b4327cfa27e9799da239a26adcd534fc29cdc0c4a4a148eecbcfeb9b42c617ac?s=96&d=mm&r=g","caption":"Pe. Andr\u00e9"},"sameAs":["https:\/\/www.ecclesia.org.br"]}]}},"_links":{"self":[{"href":"https:\/\/news.ecclesia.org.br\/index.php?rest_route=\/wp\/v2\/posts\/6195","targetHints":{"allow":["GET"]}}],"collection":[{"href":"https:\/\/news.ecclesia.org.br\/index.php?rest_route=\/wp\/v2\/posts"}],"about":[{"href":"https:\/\/news.ecclesia.org.br\/index.php?rest_route=\/wp\/v2\/types\/post"}],"author":[{"embeddable":true,"href":"https:\/\/news.ecclesia.org.br\/index.php?rest_route=\/wp\/v2\/users\/1"}],"replies":[{"embeddable":true,"href":"https:\/\/news.ecclesia.org.br\/index.php?rest_route=%2Fwp%2Fv2%2Fcomments&post=6195"}],"version-history":[{"count":0,"href":"https:\/\/news.ecclesia.org.br\/index.php?rest_route=\/wp\/v2\/posts\/6195\/revisions"}],"wp:attachment":[{"href":"https:\/\/news.ecclesia.org.br\/index.php?rest_route=%2Fwp%2Fv2%2Fmedia&parent=6195"}],"wp:term":[{"taxonomy":"category","embeddable":true,"href":"https:\/\/news.ecclesia.org.br\/index.php?rest_route=%2Fwp%2Fv2%2Fcategories&post=6195"},{"taxonomy":"post_tag","embeddable":true,"href":"https:\/\/news.ecclesia.org.br\/index.php?rest_route=%2Fwp%2Fv2%2Ftags&post=6195"}],"curies":[{"name":"wp","href":"https:\/\/api.w.org\/{rel}","templated":true}]}}