{"id":6178,"date":"2013-03-15T17:51:33","date_gmt":"2013-03-15T20:51:33","guid":{"rendered":"http:\/\/www.ecclesia.com.br\/news\/2013\/?p=6178"},"modified":"2016-03-23T21:31:36","modified_gmt":"2016-03-23T21:31:36","slug":"pela-primeira-vez-um-patriarca-na-missa-de-coroacao","status":"publish","type":"post","link":"https:\/\/news.ecclesia.org.br\/?p=6178","title":{"rendered":"PELA PRIMEIRA VEZ UM PATRIARCA NA MISSA DE IN\u00cdCIO DO MINIST\u00c9RIO PETRINO DO BISPO DE ROMA"},"content":{"rendered":"<p><strong>Bartolomeu I de Constantinopla, juntamente com uma delega\u00e7\u00e3o ortodoxa, estar\u00e1 presente na missa de in\u00edcio do minist\u00e9rio petrino do Bispo de Roma.<\/strong><\/p>\n<p style=\"text-align: right;\">Maria Teresa Pontara Pederiva<\/p>\n<p style=\"text-align: justify;\"><a href=\"https:\/\/news.ecclesia.org.br\/2013\/wp-content\/uploads\/2013\/03\/patriarca-ecumenico-1.jpg\" rel=\"attachment wp-att-6179\"><img fetchpriority=\"high\" decoding=\"async\" class=\"alignleft size-medium wp-image-6179\" src=\"https:\/\/news.ecclesia.org.br\/2013\/wp-content\/uploads\/2013\/03\/patriarca-ecumenico-1-300x185.jpg\" alt=\"patriarca-ecumenico\" width=\"300\" height=\"185\" srcset=\"https:\/\/news.ecclesia.org.br\/wp-content\/uploads\/2013\/03\/patriarca-ecumenico-1-300x185.jpg 300w, https:\/\/news.ecclesia.org.br\/wp-content\/uploads\/2013\/03\/patriarca-ecumenico-1-768x473.jpg 768w, https:\/\/news.ecclesia.org.br\/wp-content\/uploads\/2013\/03\/patriarca-ecumenico-1-89x55.jpg 89w, https:\/\/news.ecclesia.org.br\/wp-content\/uploads\/2013\/03\/patriarca-ecumenico-1-210x130.jpg 210w, https:\/\/news.ecclesia.org.br\/wp-content\/uploads\/2013\/03\/patriarca-ecumenico-1.jpg 980w\" sizes=\"(max-width: 300px) 100vw, 300px\" \/><\/a>ROMA, 15\/03\/2013 &#8212; Al\u00e9m do vice-presidente dos EUA, Joe Biden, estar\u00e3o presentes muitos outros chefes de Estado e de Governo durante a missa de \u00ab\u00cdn\u00edcio do Minist\u00e9rio Petrino do Bispo de Roma\u00bb. No entanto, entre os l\u00edderes religiosos que se dirigir\u00e3o \u00e0 Roma para a ocasi\u00e3o, alguns personagens nunca haviam participado, o que se pode considerar como uma novidade \u00abhist\u00f3rica\u00bb.<\/p>\n<p style=\"text-align: justify;\">Deste o cisma de 1054, que dividiu os cat\u00f3licos e os ortodoxos, nunca aconteceu que um Patriarca estivesse presente na cerim\u00f4nia de inaugura\u00e7\u00e3o de um Pontificado. Mas, com o Papa Francisco, esta ser\u00e1 mais uma novidade, pois viajar\u00e1 a Roma S. Santidade Bartolomeu I, , Patriarca Ecum\u00eanico de Constantinopla.<\/p>\n<p style=\"text-align: justify;\">A not\u00edcia, divulgada por AsiaNews provocou surpresa e aprova\u00e7\u00e3o em todo o mundo, pois se trata de um sinal positivo nas rela\u00e7\u00f5es ecum\u00eanicas entre as duas Igrejas.<\/p>\n<p style=\"text-align: justify;\">No telegrama de felicita\u00e7\u00f5es pela elei\u00e7\u00e3o do Cardeal Bergoglio, Bartolomeu I demonstrou toda a sua afei\u00e7\u00e3o e declarou estar \u00abseguro\u00bb de que o novo Papa poder\u00e1 \u00abcontribuir para levar paz para a humanidade sofrida, aos pobres e aos sofredores, al\u00e9m de promover uma nova din\u00e2mica \u00abno caminho de unidade entre as duas Igrejas\u00bb.<\/p>\n<p style=\"text-align: justify;\">Bartolomeu I n\u00e3o ir\u00e1 sozinho a Roma. Com ele viajar\u00e1 uma delega\u00e7\u00e3o ortodoxa da qual far\u00e3o parte o Metropolita de P\u00e9rgamo Ioannis Zizioulas (co-presidente Comiss\u00e3o Mista para a Unidade entre Cat\u00f3licos e Ortodoxos; o Metropolita ortodoxo da Argentina, Tarasios, e Gennadios Zervos, Metropolita da It\u00e1lia e Malta.<\/p>\n","protected":false},"excerpt":{"rendered":"<p>Bartolomeu I de Constantinopla, juntamente com uma delega\u00e7\u00e3o ortodoxa, estar\u00e1 presente na missa de in\u00edcio do minist\u00e9rio petrino do Bispo de Roma. Maria Teresa Pontara Pederiva ROMA, 15\/03\/2013 &#8212; Al\u00e9m do vice-presidente dos EUA, Joe Biden, estar\u00e3o presentes muitos outros&#8230;<\/p>\n","protected":false},"author":1,"featured_media":6179,"comment_status":"open","ping_status":"open","sticky":false,"template":"","format":"standard","meta":{"_acf_changed":false,"footnotes":""},"categories":[40],"tags":[],"class_list":["post-6178","post","type-post","status-publish","format-standard","has-post-thumbnail","hentry","category-arquidiocese-de-buenos-aires-e-america-do-sul","entry","rows-excerpt"],"acf":[],"yoast_head":"<!-- This site is optimized with the Yoast SEO plugin v27.5 - https:\/\/yoast.com\/product\/yoast-seo-wordpress\/ -->\n<title>PELA PRIMEIRA VEZ UM PATRIARCA NA MISSA DE IN\u00cdCIO DO MINIST\u00c9RIO PETRINO DO BISPO DE ROMA | ECCLESIA NEWS<\/title>\n<meta name=\"robots\" content=\"index, follow, max-snippet:-1, max-image-preview:large, max-video-preview:-1\" \/>\n<link rel=\"canonical\" href=\"https:\/\/news.ecclesia.org.br\/?p=6178\" \/>\n<meta property=\"og:locale\" content=\"pt_BR\" \/>\n<meta property=\"og:type\" content=\"article\" \/>\n<meta property=\"og:title\" content=\"PELA PRIMEIRA VEZ UM PATRIARCA NA MISSA DE IN\u00cdCIO DO MINIST\u00c9RIO PETRINO DO BISPO DE ROMA | ECCLESIA NEWS\" \/>\n<meta property=\"og:description\" content=\"Bartolomeu I de Constantinopla, juntamente com uma delega\u00e7\u00e3o ortodoxa, estar\u00e1 presente na missa de in\u00edcio do minist\u00e9rio petrino do Bispo de Roma. Maria Teresa Pontara Pederiva ROMA, 15\/03\/2013 &#8212; Al\u00e9m do vice-presidente dos EUA, Joe Biden, estar\u00e3o presentes muitos outros&#8230;\" \/>\n<meta property=\"og:url\" content=\"https:\/\/news.ecclesia.org.br\/?p=6178\" \/>\n<meta property=\"og:site_name\" content=\"ECCLESIA NEWS\" \/>\n<meta property=\"article:publisher\" content=\"https:\/\/www.facebook.com\/Ecclesia2025\" \/>\n<meta property=\"article:published_time\" content=\"2013-03-15T20:51:33+00:00\" \/>\n<meta property=\"article:modified_time\" content=\"2016-03-23T21:31:36+00:00\" \/>\n<meta property=\"og:image\" content=\"https:\/\/news.ecclesia.org.br\/wp-content\/uploads\/2013\/03\/patriarca-ecumenico-1.jpg\" \/>\n\t<meta property=\"og:image:width\" content=\"980\" \/>\n\t<meta property=\"og:image:height\" content=\"604\" \/>\n\t<meta property=\"og:image:type\" content=\"image\/jpeg\" \/>\n<meta name=\"author\" content=\"Pe. Andr\u00e9\" \/>\n<meta name=\"twitter:card\" content=\"summary_large_image\" \/>\n<meta name=\"twitter:creator\" content=\"@EcclesiaNews\" \/>\n<meta name=\"twitter:site\" content=\"@EcclesiaNews\" \/>\n<meta name=\"twitter:label1\" content=\"Escrito por\" \/>\n\t<meta name=\"twitter:data1\" content=\"Pe. Andr\u00e9\" \/>\n\t<meta name=\"twitter:label2\" content=\"Est. tempo de leitura\" \/>\n\t<meta name=\"twitter:data2\" content=\"1 minuto\" \/>\n<script type=\"application\/ld+json\" class=\"yoast-schema-graph\">{\"@context\":\"https:\\\/\\\/schema.org\",\"@graph\":[{\"@type\":\"Article\",\"@id\":\"https:\\\/\\\/news.ecclesia.org.br\\\/?p=6178#article\",\"isPartOf\":{\"@id\":\"https:\\\/\\\/news.ecclesia.org.br\\\/?p=6178\"},\"author\":{\"name\":\"Pe. Andr\u00e9\",\"@id\":\"https:\\\/\\\/news.ecclesia.org.br\\\/#\\\/schema\\\/person\\\/6f09597f025829745ba414a569f63758\"},\"headline\":\"PELA PRIMEIRA VEZ UM PATRIARCA NA MISSA DE IN\u00cdCIO DO MINIST\u00c9RIO PETRINO DO BISPO DE ROMA\",\"datePublished\":\"2013-03-15T20:51:33+00:00\",\"dateModified\":\"2016-03-23T21:31:36+00:00\",\"mainEntityOfPage\":{\"@id\":\"https:\\\/\\\/news.ecclesia.org.br\\\/?p=6178\"},\"wordCount\":307,\"commentCount\":0,\"publisher\":{\"@id\":\"https:\\\/\\\/news.ecclesia.org.br\\\/#organization\"},\"image\":{\"@id\":\"https:\\\/\\\/news.ecclesia.org.br\\\/?p=6178#primaryimage\"},\"thumbnailUrl\":\"https:\\\/\\\/news.ecclesia.org.br\\\/wp-content\\\/uploads\\\/2013\\\/03\\\/patriarca-ecumenico-1.jpg\",\"articleSection\":[\"Arquidiocese de Buenos Aires e Am\u00e9rica do Sul\"],\"inLanguage\":\"pt-BR\",\"potentialAction\":[{\"@type\":\"CommentAction\",\"name\":\"Comment\",\"target\":[\"https:\\\/\\\/news.ecclesia.org.br\\\/?p=6178#respond\"]}]},{\"@type\":\"WebPage\",\"@id\":\"https:\\\/\\\/news.ecclesia.org.br\\\/?p=6178\",\"url\":\"https:\\\/\\\/news.ecclesia.org.br\\\/?p=6178\",\"name\":\"PELA PRIMEIRA VEZ UM PATRIARCA NA MISSA DE IN\u00cdCIO DO MINIST\u00c9RIO PETRINO DO BISPO DE ROMA | ECCLESIA NEWS\",\"isPartOf\":{\"@id\":\"https:\\\/\\\/news.ecclesia.org.br\\\/#website\"},\"primaryImageOfPage\":{\"@id\":\"https:\\\/\\\/news.ecclesia.org.br\\\/?p=6178#primaryimage\"},\"image\":{\"@id\":\"https:\\\/\\\/news.ecclesia.org.br\\\/?p=6178#primaryimage\"},\"thumbnailUrl\":\"https:\\\/\\\/news.ecclesia.org.br\\\/wp-content\\\/uploads\\\/2013\\\/03\\\/patriarca-ecumenico-1.jpg\",\"datePublished\":\"2013-03-15T20:51:33+00:00\",\"dateModified\":\"2016-03-23T21:31:36+00:00\",\"breadcrumb\":{\"@id\":\"https:\\\/\\\/news.ecclesia.org.br\\\/?p=6178#breadcrumb\"},\"inLanguage\":\"pt-BR\",\"potentialAction\":[{\"@type\":\"ReadAction\",\"target\":[\"https:\\\/\\\/news.ecclesia.org.br\\\/?p=6178\"]}]},{\"@type\":\"ImageObject\",\"inLanguage\":\"pt-BR\",\"@id\":\"https:\\\/\\\/news.ecclesia.org.br\\\/?p=6178#primaryimage\",\"url\":\"https:\\\/\\\/news.ecclesia.org.br\\\/wp-content\\\/uploads\\\/2013\\\/03\\\/patriarca-ecumenico-1.jpg\",\"contentUrl\":\"https:\\\/\\\/news.ecclesia.org.br\\\/wp-content\\\/uploads\\\/2013\\\/03\\\/patriarca-ecumenico-1.jpg\",\"width\":980,\"height\":604},{\"@type\":\"BreadcrumbList\",\"@id\":\"https:\\\/\\\/news.ecclesia.org.br\\\/?p=6178#breadcrumb\",\"itemListElement\":[{\"@type\":\"ListItem\",\"position\":1,\"name\":\"In\u00edcio\",\"item\":\"https:\\\/\\\/news.ecclesia.org.br\\\/\"},{\"@type\":\"ListItem\",\"position\":2,\"name\":\"PELA PRIMEIRA VEZ UM PATRIARCA NA MISSA DE IN\u00cdCIO DO MINIST\u00c9RIO PETRINO DO BISPO DE ROMA\"}]},{\"@type\":\"WebSite\",\"@id\":\"https:\\\/\\\/news.ecclesia.org.br\\\/#website\",\"url\":\"https:\\\/\\\/news.ecclesia.org.br\\\/\",\"name\":\"Ecclesia Brasil\",\"description\":\"Desde 2003 onectando o Brasil ao mundo ortodoxo!\",\"publisher\":{\"@id\":\"https:\\\/\\\/news.ecclesia.org.br\\\/#organization\"},\"alternateName\":\"Ecclesia\",\"potentialAction\":[{\"@type\":\"SearchAction\",\"target\":{\"@type\":\"EntryPoint\",\"urlTemplate\":\"https:\\\/\\\/news.ecclesia.org.br\\\/?s={search_term_string}\"},\"query-input\":{\"@type\":\"PropertyValueSpecification\",\"valueRequired\":true,\"valueName\":\"search_term_string\"}}],\"inLanguage\":\"pt-BR\"},{\"@type\":\"Organization\",\"@id\":\"https:\\\/\\\/news.ecclesia.org.br\\\/#organization\",\"name\":\"Sacra Arquidiocese de Buenos Aires e Am\u00e9rica do Sul | Patriarcado Ecum\u00eanico\",\"alternateName\":\"News Ecclesia Brasil\",\"url\":\"https:\\\/\\\/news.ecclesia.org.br\\\/\",\"logo\":{\"@type\":\"ImageObject\",\"inLanguage\":\"pt-BR\",\"@id\":\"https:\\\/\\\/news.ecclesia.org.br\\\/#\\\/schema\\\/logo\\\/image\\\/\",\"url\":\"https:\\\/\\\/news.ecclesia.org.br\\\/wp-content\\\/uploads\\\/2025\\\/05\\\/ecclesia2.png\",\"contentUrl\":\"https:\\\/\\\/news.ecclesia.org.br\\\/wp-content\\\/uploads\\\/2025\\\/05\\\/ecclesia2.png\",\"width\":480,\"height\":120,\"caption\":\"Sacra Arquidiocese de Buenos Aires e Am\u00e9rica do Sul | Patriarcado Ecum\u00eanico\"},\"image\":{\"@id\":\"https:\\\/\\\/news.ecclesia.org.br\\\/#\\\/schema\\\/logo\\\/image\\\/\"},\"sameAs\":[\"https:\\\/\\\/www.facebook.com\\\/Ecclesia2025\",\"https:\\\/\\\/x.com\\\/EcclesiaNews\",\"https:\\\/\\\/br.pinterest.com\\\/ekklisia\\\/\",\"https:\\\/\\\/www.youtube.com\\\/@EcclesiaBrasil\"]},{\"@type\":\"Person\",\"@id\":\"https:\\\/\\\/news.ecclesia.org.br\\\/#\\\/schema\\\/person\\\/6f09597f025829745ba414a569f63758\",\"name\":\"Pe. Andr\u00e9\",\"image\":{\"@type\":\"ImageObject\",\"inLanguage\":\"pt-BR\",\"@id\":\"https:\\\/\\\/secure.gravatar.com\\\/avatar\\\/b4327cfa27e9799da239a26adcd534fc29cdc0c4a4a148eecbcfeb9b42c617ac?s=96&d=mm&r=g\",\"url\":\"https:\\\/\\\/secure.gravatar.com\\\/avatar\\\/b4327cfa27e9799da239a26adcd534fc29cdc0c4a4a148eecbcfeb9b42c617ac?s=96&d=mm&r=g\",\"contentUrl\":\"https:\\\/\\\/secure.gravatar.com\\\/avatar\\\/b4327cfa27e9799da239a26adcd534fc29cdc0c4a4a148eecbcfeb9b42c617ac?s=96&d=mm&r=g\",\"caption\":\"Pe. Andr\u00e9\"},\"sameAs\":[\"https:\\\/\\\/www.ecclesia.org.br\"]}]}<\/script>\n<!-- \/ Yoast SEO plugin. -->","yoast_head_json":{"title":"PELA PRIMEIRA VEZ UM PATRIARCA NA MISSA DE IN\u00cdCIO DO MINIST\u00c9RIO PETRINO DO BISPO DE ROMA | ECCLESIA NEWS","robots":{"index":"index","follow":"follow","max-snippet":"max-snippet:-1","max-image-preview":"max-image-preview:large","max-video-preview":"max-video-preview:-1"},"canonical":"https:\/\/news.ecclesia.org.br\/?p=6178","og_locale":"pt_BR","og_type":"article","og_title":"PELA PRIMEIRA VEZ UM PATRIARCA NA MISSA DE IN\u00cdCIO DO MINIST\u00c9RIO PETRINO DO BISPO DE ROMA | ECCLESIA NEWS","og_description":"Bartolomeu I de Constantinopla, juntamente com uma delega\u00e7\u00e3o ortodoxa, estar\u00e1 presente na missa de in\u00edcio do minist\u00e9rio petrino do Bispo de Roma. Maria Teresa Pontara Pederiva ROMA, 15\/03\/2013 &#8212; Al\u00e9m do vice-presidente dos EUA, Joe Biden, estar\u00e3o presentes muitos outros&#8230;","og_url":"https:\/\/news.ecclesia.org.br\/?p=6178","og_site_name":"ECCLESIA NEWS","article_publisher":"https:\/\/www.facebook.com\/Ecclesia2025","article_published_time":"2013-03-15T20:51:33+00:00","article_modified_time":"2016-03-23T21:31:36+00:00","og_image":[{"width":980,"height":604,"url":"https:\/\/news.ecclesia.org.br\/wp-content\/uploads\/2013\/03\/patriarca-ecumenico-1.jpg","type":"image\/jpeg"}],"author":"Pe. Andr\u00e9","twitter_card":"summary_large_image","twitter_creator":"@EcclesiaNews","twitter_site":"@EcclesiaNews","twitter_misc":{"Escrito por":"Pe. Andr\u00e9","Est. tempo de leitura":"1 minuto"},"schema":{"@context":"https:\/\/schema.org","@graph":[{"@type":"Article","@id":"https:\/\/news.ecclesia.org.br\/?p=6178#article","isPartOf":{"@id":"https:\/\/news.ecclesia.org.br\/?p=6178"},"author":{"name":"Pe. Andr\u00e9","@id":"https:\/\/news.ecclesia.org.br\/#\/schema\/person\/6f09597f025829745ba414a569f63758"},"headline":"PELA PRIMEIRA VEZ UM PATRIARCA NA MISSA DE IN\u00cdCIO DO MINIST\u00c9RIO PETRINO DO BISPO DE ROMA","datePublished":"2013-03-15T20:51:33+00:00","dateModified":"2016-03-23T21:31:36+00:00","mainEntityOfPage":{"@id":"https:\/\/news.ecclesia.org.br\/?p=6178"},"wordCount":307,"commentCount":0,"publisher":{"@id":"https:\/\/news.ecclesia.org.br\/#organization"},"image":{"@id":"https:\/\/news.ecclesia.org.br\/?p=6178#primaryimage"},"thumbnailUrl":"https:\/\/news.ecclesia.org.br\/wp-content\/uploads\/2013\/03\/patriarca-ecumenico-1.jpg","articleSection":["Arquidiocese de Buenos Aires e Am\u00e9rica do Sul"],"inLanguage":"pt-BR","potentialAction":[{"@type":"CommentAction","name":"Comment","target":["https:\/\/news.ecclesia.org.br\/?p=6178#respond"]}]},{"@type":"WebPage","@id":"https:\/\/news.ecclesia.org.br\/?p=6178","url":"https:\/\/news.ecclesia.org.br\/?p=6178","name":"PELA PRIMEIRA VEZ UM PATRIARCA NA MISSA DE IN\u00cdCIO DO MINIST\u00c9RIO PETRINO DO BISPO DE ROMA | ECCLESIA NEWS","isPartOf":{"@id":"https:\/\/news.ecclesia.org.br\/#website"},"primaryImageOfPage":{"@id":"https:\/\/news.ecclesia.org.br\/?p=6178#primaryimage"},"image":{"@id":"https:\/\/news.ecclesia.org.br\/?p=6178#primaryimage"},"thumbnailUrl":"https:\/\/news.ecclesia.org.br\/wp-content\/uploads\/2013\/03\/patriarca-ecumenico-1.jpg","datePublished":"2013-03-15T20:51:33+00:00","dateModified":"2016-03-23T21:31:36+00:00","breadcrumb":{"@id":"https:\/\/news.ecclesia.org.br\/?p=6178#breadcrumb"},"inLanguage":"pt-BR","potentialAction":[{"@type":"ReadAction","target":["https:\/\/news.ecclesia.org.br\/?p=6178"]}]},{"@type":"ImageObject","inLanguage":"pt-BR","@id":"https:\/\/news.ecclesia.org.br\/?p=6178#primaryimage","url":"https:\/\/news.ecclesia.org.br\/wp-content\/uploads\/2013\/03\/patriarca-ecumenico-1.jpg","contentUrl":"https:\/\/news.ecclesia.org.br\/wp-content\/uploads\/2013\/03\/patriarca-ecumenico-1.jpg","width":980,"height":604},{"@type":"BreadcrumbList","@id":"https:\/\/news.ecclesia.org.br\/?p=6178#breadcrumb","itemListElement":[{"@type":"ListItem","position":1,"name":"In\u00edcio","item":"https:\/\/news.ecclesia.org.br\/"},{"@type":"ListItem","position":2,"name":"PELA PRIMEIRA VEZ UM PATRIARCA NA MISSA DE IN\u00cdCIO DO MINIST\u00c9RIO PETRINO DO BISPO DE ROMA"}]},{"@type":"WebSite","@id":"https:\/\/news.ecclesia.org.br\/#website","url":"https:\/\/news.ecclesia.org.br\/","name":"Ecclesia Brasil","description":"Desde 2003 onectando o Brasil ao mundo ortodoxo!","publisher":{"@id":"https:\/\/news.ecclesia.org.br\/#organization"},"alternateName":"Ecclesia","potentialAction":[{"@type":"SearchAction","target":{"@type":"EntryPoint","urlTemplate":"https:\/\/news.ecclesia.org.br\/?s={search_term_string}"},"query-input":{"@type":"PropertyValueSpecification","valueRequired":true,"valueName":"search_term_string"}}],"inLanguage":"pt-BR"},{"@type":"Organization","@id":"https:\/\/news.ecclesia.org.br\/#organization","name":"Sacra Arquidiocese de Buenos Aires e Am\u00e9rica do Sul | Patriarcado Ecum\u00eanico","alternateName":"News Ecclesia Brasil","url":"https:\/\/news.ecclesia.org.br\/","logo":{"@type":"ImageObject","inLanguage":"pt-BR","@id":"https:\/\/news.ecclesia.org.br\/#\/schema\/logo\/image\/","url":"https:\/\/news.ecclesia.org.br\/wp-content\/uploads\/2025\/05\/ecclesia2.png","contentUrl":"https:\/\/news.ecclesia.org.br\/wp-content\/uploads\/2025\/05\/ecclesia2.png","width":480,"height":120,"caption":"Sacra Arquidiocese de Buenos Aires e Am\u00e9rica do Sul | Patriarcado Ecum\u00eanico"},"image":{"@id":"https:\/\/news.ecclesia.org.br\/#\/schema\/logo\/image\/"},"sameAs":["https:\/\/www.facebook.com\/Ecclesia2025","https:\/\/x.com\/EcclesiaNews","https:\/\/br.pinterest.com\/ekklisia\/","https:\/\/www.youtube.com\/@EcclesiaBrasil"]},{"@type":"Person","@id":"https:\/\/news.ecclesia.org.br\/#\/schema\/person\/6f09597f025829745ba414a569f63758","name":"Pe. Andr\u00e9","image":{"@type":"ImageObject","inLanguage":"pt-BR","@id":"https:\/\/secure.gravatar.com\/avatar\/b4327cfa27e9799da239a26adcd534fc29cdc0c4a4a148eecbcfeb9b42c617ac?s=96&d=mm&r=g","url":"https:\/\/secure.gravatar.com\/avatar\/b4327cfa27e9799da239a26adcd534fc29cdc0c4a4a148eecbcfeb9b42c617ac?s=96&d=mm&r=g","contentUrl":"https:\/\/secure.gravatar.com\/avatar\/b4327cfa27e9799da239a26adcd534fc29cdc0c4a4a148eecbcfeb9b42c617ac?s=96&d=mm&r=g","caption":"Pe. Andr\u00e9"},"sameAs":["https:\/\/www.ecclesia.org.br"]}]}},"_links":{"self":[{"href":"https:\/\/news.ecclesia.org.br\/index.php?rest_route=\/wp\/v2\/posts\/6178","targetHints":{"allow":["GET"]}}],"collection":[{"href":"https:\/\/news.ecclesia.org.br\/index.php?rest_route=\/wp\/v2\/posts"}],"about":[{"href":"https:\/\/news.ecclesia.org.br\/index.php?rest_route=\/wp\/v2\/types\/post"}],"author":[{"embeddable":true,"href":"https:\/\/news.ecclesia.org.br\/index.php?rest_route=\/wp\/v2\/users\/1"}],"replies":[{"embeddable":true,"href":"https:\/\/news.ecclesia.org.br\/index.php?rest_route=%2Fwp%2Fv2%2Fcomments&post=6178"}],"version-history":[{"count":0,"href":"https:\/\/news.ecclesia.org.br\/index.php?rest_route=\/wp\/v2\/posts\/6178\/revisions"}],"wp:featuredmedia":[{"embeddable":true,"href":"https:\/\/news.ecclesia.org.br\/index.php?rest_route=\/wp\/v2\/media\/6179"}],"wp:attachment":[{"href":"https:\/\/news.ecclesia.org.br\/index.php?rest_route=%2Fwp%2Fv2%2Fmedia&parent=6178"}],"wp:term":[{"taxonomy":"category","embeddable":true,"href":"https:\/\/news.ecclesia.org.br\/index.php?rest_route=%2Fwp%2Fv2%2Fcategories&post=6178"},{"taxonomy":"post_tag","embeddable":true,"href":"https:\/\/news.ecclesia.org.br\/index.php?rest_route=%2Fwp%2Fv2%2Ftags&post=6178"}],"curies":[{"name":"wp","href":"https:\/\/api.w.org\/{rel}","templated":true}]}}