{"id":6174,"date":"2013-03-14T17:51:21","date_gmt":"2013-03-14T17:51:21","guid":{"rendered":"http:\/\/www.ecclesia.com.br\/news\/2013\/?p=6174"},"modified":"2016-03-23T21:32:31","modified_gmt":"2016-03-23T21:32:31","slug":"patriarca-ecumencio-sauda-papa-francisco","status":"publish","type":"post","link":"https:\/\/news.ecclesia.org.br\/?p=6174","title":{"rendered":"PATRIARCA ECUM\u00caNCIO SA\u00daDA PAPA FRANCISCO"},"content":{"rendered":"<div>\n<p style=\"text-align: justify;\"><a href=\"https:\/\/news.ecclesia.org.br\/2013\/wp-content\/uploads\/2013\/03\/patriarca-1.jpg\" rel=\"attachment wp-att-6175\"><img decoding=\"async\" class=\"alignleft size-medium wp-image-6175\" src=\"https:\/\/news.ecclesia.org.br\/2013\/wp-content\/uploads\/2013\/03\/patriarca-1-300x165.jpg\" alt=\"patriarca\" width=\"300\" height=\"165\" srcset=\"https:\/\/news.ecclesia.org.br\/wp-content\/uploads\/2013\/03\/patriarca-1-300x165.jpg 300w, https:\/\/news.ecclesia.org.br\/wp-content\/uploads\/2013\/03\/patriarca-1-100x55.jpg 100w, https:\/\/news.ecclesia.org.br\/wp-content\/uploads\/2013\/03\/patriarca-1.jpg 600w\" sizes=\"(max-width: 300px) 100vw, 300px\" \/><\/a>Sua Santidade Bartolomeu I, Patriarca Ecum\u00eanico de Constantinopla, enviou uma mensagem de felicita\u00e7\u00f5es ao Papa Francisco, nesta quinta-feira. O Patriarca deseja ao novo Papa que \u00abseu servi\u00e7o \u00e0 S\u00e9 de Pedro contribua para a paz no mundo, o consolo dos pobres e dos que sofrem, bem como ao progresso do di\u00e1logo em favor da uni\u00e3o das duas Igrejas\u00bb.<\/p>\n<p>Abaixo, a <a href=\"http:\/\/www.ecclesia.com.br\/news\/2013\/wp-content\/uploads\/2013\/03\/saudacao-ao-papa-francisco-do-patriarca-ecumentico.pdf\" target=\"_blank\">mensagem na \u00edntegra<\/a>:<\/p>\n<blockquote>\n<p style=\"text-align: justify;\">Com alegria e j\u00fabilo por vossa elei\u00e7\u00e3o como l\u00edder pastoral dos crist\u00e3os\u00a0cat\u00f3licos romanos do mundo inteiro, entramos em contato com Sua Santidade\u00a0para expressar a v\u00f3s e aos devotos fi\u00e9is de vossa aben\u00e7oada Igreja nossas\u00a0profundas congratula\u00e7\u00f5es e mais sinceras sauda\u00e7\u00f5es neste dia especial.<\/p>\n<p style=\"text-align: justify;\">Permita-nos, tamb\u00e9m, nesta hist\u00f3rica ocasi\u00e3o, transmitir nossos desejos\u00a0sinceros e preces fervorosas para que o vosso papado se mostre fonte de\u00a0paz neste mundo de turbul\u00eancia e divis\u00e3o, ref\u00fagio e consola\u00e7\u00e3o para os pobres\u00a0de Nosso Senhor e irm\u00e3os sofredores, bem como a continua\u00e7\u00e3o de nossa\u00a0jornada em dire\u00e7\u00e3o \u00e0 unidade como Igrejas Irm\u00e3s.<\/p>\n<p style=\"text-align: justify;\">Deus conceda a Sua Santidade muitos anos de minist\u00e9rio saud\u00e1vel e\u00a0frut\u00edfero no servi\u00e7o ao Seu povo com vossa distinta humildade, simplicidade e\u00a0caridade.<br \/>\nDo Patriarcado Ecum\u00eanico, 13 de mar\u00e7o de 2013.<\/p>\n<p style=\"text-align: justify;\">Irm\u00e3o em Cristo de Sua Santidade,<\/p>\n<\/blockquote>\n<p style=\"text-align: right;\"><em>\u2020 BARTOLOMEU<\/em><br \/>\n<em>Arcebispo de Constantinopla, Nova Roma e<\/em><br \/>\n<em>Patriarca Ecum\u00eanico<\/em><\/p>\n<\/div>\n","protected":false},"excerpt":{"rendered":"<p>Sua Santidade Bartolomeu I, Patriarca Ecum\u00eanico de Constantinopla, enviou uma mensagem de felicita\u00e7\u00f5es ao Papa Francisco, nesta quinta-feira. O Patriarca deseja ao novo Papa que \u00abseu servi\u00e7o \u00e0 S\u00e9 de Pedro contribua para a paz no mundo, o consolo dos&#8230;<\/p>\n","protected":false},"author":1,"featured_media":6175,"comment_status":"open","ping_status":"open","sticky":false,"template":"","format":"standard","meta":{"_acf_changed":false,"footnotes":""},"categories":[3,72],"tags":[],"class_list":["post-6174","post","type-post","status-publish","format-standard","has-post-thumbnail","hentry","category-mundo","category-patriarcado-ecumenico","entry","rows-excerpt"],"acf":[],"yoast_head":"<!-- This site is optimized with the Yoast SEO plugin v27.4 - https:\/\/yoast.com\/product\/yoast-seo-wordpress\/ -->\n<title>PATRIARCA ECUM\u00caNCIO SA\u00daDA PAPA FRANCISCO | ECCLESIA NEWS<\/title>\n<meta name=\"robots\" content=\"index, follow, max-snippet:-1, max-image-preview:large, max-video-preview:-1\" \/>\n<link rel=\"canonical\" href=\"https:\/\/news.ecclesia.org.br\/?p=6174\" \/>\n<meta property=\"og:locale\" content=\"pt_BR\" \/>\n<meta property=\"og:type\" content=\"article\" \/>\n<meta property=\"og:title\" content=\"PATRIARCA ECUM\u00caNCIO SA\u00daDA PAPA FRANCISCO | ECCLESIA NEWS\" \/>\n<meta property=\"og:description\" content=\"Sua Santidade Bartolomeu I, Patriarca Ecum\u00eanico de Constantinopla, enviou uma mensagem de felicita\u00e7\u00f5es ao Papa Francisco, nesta quinta-feira. O Patriarca deseja ao novo Papa que \u00abseu servi\u00e7o \u00e0 S\u00e9 de Pedro contribua para a paz no mundo, o consolo dos&#8230;\" \/>\n<meta property=\"og:url\" content=\"https:\/\/news.ecclesia.org.br\/?p=6174\" \/>\n<meta property=\"og:site_name\" content=\"ECCLESIA NEWS\" \/>\n<meta property=\"article:publisher\" content=\"https:\/\/www.facebook.com\/Ecclesia2025\" \/>\n<meta property=\"article:published_time\" content=\"2013-03-14T17:51:21+00:00\" \/>\n<meta property=\"article:modified_time\" content=\"2016-03-23T21:32:31+00:00\" \/>\n<meta property=\"og:image\" content=\"https:\/\/news.ecclesia.org.br\/wp-content\/uploads\/2013\/03\/patriarca-1.jpg\" \/>\n\t<meta property=\"og:image:width\" content=\"600\" \/>\n\t<meta property=\"og:image:height\" content=\"329\" \/>\n\t<meta property=\"og:image:type\" content=\"image\/jpeg\" \/>\n<meta name=\"author\" content=\"Pe. Andr\u00e9\" \/>\n<meta name=\"twitter:card\" content=\"summary_large_image\" \/>\n<meta name=\"twitter:creator\" content=\"@EcclesiaNews\" \/>\n<meta name=\"twitter:site\" content=\"@EcclesiaNews\" \/>\n<meta name=\"twitter:label1\" content=\"Escrito por\" \/>\n\t<meta name=\"twitter:data1\" content=\"Pe. Andr\u00e9\" \/>\n\t<meta name=\"twitter:label2\" content=\"Est. tempo de leitura\" \/>\n\t<meta name=\"twitter:data2\" content=\"1 minuto\" \/>\n<script type=\"application\/ld+json\" class=\"yoast-schema-graph\">{\"@context\":\"https:\\\/\\\/schema.org\",\"@graph\":[{\"@type\":\"Article\",\"@id\":\"https:\\\/\\\/news.ecclesia.org.br\\\/?p=6174#article\",\"isPartOf\":{\"@id\":\"https:\\\/\\\/news.ecclesia.org.br\\\/?p=6174\"},\"author\":{\"name\":\"Pe. Andr\u00e9\",\"@id\":\"https:\\\/\\\/news.ecclesia.org.br\\\/#\\\/schema\\\/person\\\/6f09597f025829745ba414a569f63758\"},\"headline\":\"PATRIARCA ECUM\u00caNCIO SA\u00daDA PAPA FRANCISCO\",\"datePublished\":\"2013-03-14T17:51:21+00:00\",\"dateModified\":\"2016-03-23T21:32:31+00:00\",\"mainEntityOfPage\":{\"@id\":\"https:\\\/\\\/news.ecclesia.org.br\\\/?p=6174\"},\"wordCount\":246,\"commentCount\":0,\"publisher\":{\"@id\":\"https:\\\/\\\/news.ecclesia.org.br\\\/#organization\"},\"image\":{\"@id\":\"https:\\\/\\\/news.ecclesia.org.br\\\/?p=6174#primaryimage\"},\"thumbnailUrl\":\"https:\\\/\\\/news.ecclesia.org.br\\\/wp-content\\\/uploads\\\/2013\\\/03\\\/patriarca-1.jpg\",\"articleSection\":[\"Mundo Ortodoxo\",\"Patriarcado Ecum\u00eanico\"],\"inLanguage\":\"pt-BR\",\"potentialAction\":[{\"@type\":\"CommentAction\",\"name\":\"Comment\",\"target\":[\"https:\\\/\\\/news.ecclesia.org.br\\\/?p=6174#respond\"]}]},{\"@type\":\"WebPage\",\"@id\":\"https:\\\/\\\/news.ecclesia.org.br\\\/?p=6174\",\"url\":\"https:\\\/\\\/news.ecclesia.org.br\\\/?p=6174\",\"name\":\"PATRIARCA ECUM\u00caNCIO SA\u00daDA PAPA FRANCISCO | ECCLESIA NEWS\",\"isPartOf\":{\"@id\":\"https:\\\/\\\/news.ecclesia.org.br\\\/#website\"},\"primaryImageOfPage\":{\"@id\":\"https:\\\/\\\/news.ecclesia.org.br\\\/?p=6174#primaryimage\"},\"image\":{\"@id\":\"https:\\\/\\\/news.ecclesia.org.br\\\/?p=6174#primaryimage\"},\"thumbnailUrl\":\"https:\\\/\\\/news.ecclesia.org.br\\\/wp-content\\\/uploads\\\/2013\\\/03\\\/patriarca-1.jpg\",\"datePublished\":\"2013-03-14T17:51:21+00:00\",\"dateModified\":\"2016-03-23T21:32:31+00:00\",\"breadcrumb\":{\"@id\":\"https:\\\/\\\/news.ecclesia.org.br\\\/?p=6174#breadcrumb\"},\"inLanguage\":\"pt-BR\",\"potentialAction\":[{\"@type\":\"ReadAction\",\"target\":[\"https:\\\/\\\/news.ecclesia.org.br\\\/?p=6174\"]}]},{\"@type\":\"ImageObject\",\"inLanguage\":\"pt-BR\",\"@id\":\"https:\\\/\\\/news.ecclesia.org.br\\\/?p=6174#primaryimage\",\"url\":\"https:\\\/\\\/news.ecclesia.org.br\\\/wp-content\\\/uploads\\\/2013\\\/03\\\/patriarca-1.jpg\",\"contentUrl\":\"https:\\\/\\\/news.ecclesia.org.br\\\/wp-content\\\/uploads\\\/2013\\\/03\\\/patriarca-1.jpg\",\"width\":600,\"height\":329},{\"@type\":\"BreadcrumbList\",\"@id\":\"https:\\\/\\\/news.ecclesia.org.br\\\/?p=6174#breadcrumb\",\"itemListElement\":[{\"@type\":\"ListItem\",\"position\":1,\"name\":\"In\u00edcio\",\"item\":\"https:\\\/\\\/news.ecclesia.org.br\\\/\"},{\"@type\":\"ListItem\",\"position\":2,\"name\":\"PATRIARCA ECUM\u00caNCIO SA\u00daDA PAPA FRANCISCO\"}]},{\"@type\":\"WebSite\",\"@id\":\"https:\\\/\\\/news.ecclesia.org.br\\\/#website\",\"url\":\"https:\\\/\\\/news.ecclesia.org.br\\\/\",\"name\":\"Ecclesia Brasil\",\"description\":\"Desde 2003 onectando o Brasil ao mundo ortodoxo!\",\"publisher\":{\"@id\":\"https:\\\/\\\/news.ecclesia.org.br\\\/#organization\"},\"alternateName\":\"Ecclesia\",\"potentialAction\":[{\"@type\":\"SearchAction\",\"target\":{\"@type\":\"EntryPoint\",\"urlTemplate\":\"https:\\\/\\\/news.ecclesia.org.br\\\/?s={search_term_string}\"},\"query-input\":{\"@type\":\"PropertyValueSpecification\",\"valueRequired\":true,\"valueName\":\"search_term_string\"}}],\"inLanguage\":\"pt-BR\"},{\"@type\":\"Organization\",\"@id\":\"https:\\\/\\\/news.ecclesia.org.br\\\/#organization\",\"name\":\"Sacra Arquidiocese de Buenos Aires e Am\u00e9rica do Sul | Patriarcado Ecum\u00eanico\",\"alternateName\":\"News Ecclesia Brasil\",\"url\":\"https:\\\/\\\/news.ecclesia.org.br\\\/\",\"logo\":{\"@type\":\"ImageObject\",\"inLanguage\":\"pt-BR\",\"@id\":\"https:\\\/\\\/news.ecclesia.org.br\\\/#\\\/schema\\\/logo\\\/image\\\/\",\"url\":\"https:\\\/\\\/news.ecclesia.org.br\\\/wp-content\\\/uploads\\\/2025\\\/05\\\/ecclesia2.png\",\"contentUrl\":\"https:\\\/\\\/news.ecclesia.org.br\\\/wp-content\\\/uploads\\\/2025\\\/05\\\/ecclesia2.png\",\"width\":480,\"height\":120,\"caption\":\"Sacra Arquidiocese de Buenos Aires e Am\u00e9rica do Sul | Patriarcado Ecum\u00eanico\"},\"image\":{\"@id\":\"https:\\\/\\\/news.ecclesia.org.br\\\/#\\\/schema\\\/logo\\\/image\\\/\"},\"sameAs\":[\"https:\\\/\\\/www.facebook.com\\\/Ecclesia2025\",\"https:\\\/\\\/x.com\\\/EcclesiaNews\",\"https:\\\/\\\/br.pinterest.com\\\/ekklisia\\\/\",\"https:\\\/\\\/www.youtube.com\\\/@EcclesiaBrasil\"]},{\"@type\":\"Person\",\"@id\":\"https:\\\/\\\/news.ecclesia.org.br\\\/#\\\/schema\\\/person\\\/6f09597f025829745ba414a569f63758\",\"name\":\"Pe. Andr\u00e9\",\"image\":{\"@type\":\"ImageObject\",\"inLanguage\":\"pt-BR\",\"@id\":\"https:\\\/\\\/secure.gravatar.com\\\/avatar\\\/b4327cfa27e9799da239a26adcd534fc29cdc0c4a4a148eecbcfeb9b42c617ac?s=96&d=mm&r=g\",\"url\":\"https:\\\/\\\/secure.gravatar.com\\\/avatar\\\/b4327cfa27e9799da239a26adcd534fc29cdc0c4a4a148eecbcfeb9b42c617ac?s=96&d=mm&r=g\",\"contentUrl\":\"https:\\\/\\\/secure.gravatar.com\\\/avatar\\\/b4327cfa27e9799da239a26adcd534fc29cdc0c4a4a148eecbcfeb9b42c617ac?s=96&d=mm&r=g\",\"caption\":\"Pe. Andr\u00e9\"},\"sameAs\":[\"https:\\\/\\\/www.ecclesia.org.br\"]}]}<\/script>\n<!-- \/ Yoast SEO plugin. -->","yoast_head_json":{"title":"PATRIARCA ECUM\u00caNCIO SA\u00daDA PAPA FRANCISCO | ECCLESIA NEWS","robots":{"index":"index","follow":"follow","max-snippet":"max-snippet:-1","max-image-preview":"max-image-preview:large","max-video-preview":"max-video-preview:-1"},"canonical":"https:\/\/news.ecclesia.org.br\/?p=6174","og_locale":"pt_BR","og_type":"article","og_title":"PATRIARCA ECUM\u00caNCIO SA\u00daDA PAPA FRANCISCO | ECCLESIA NEWS","og_description":"Sua Santidade Bartolomeu I, Patriarca Ecum\u00eanico de Constantinopla, enviou uma mensagem de felicita\u00e7\u00f5es ao Papa Francisco, nesta quinta-feira. O Patriarca deseja ao novo Papa que \u00abseu servi\u00e7o \u00e0 S\u00e9 de Pedro contribua para a paz no mundo, o consolo dos&#8230;","og_url":"https:\/\/news.ecclesia.org.br\/?p=6174","og_site_name":"ECCLESIA NEWS","article_publisher":"https:\/\/www.facebook.com\/Ecclesia2025","article_published_time":"2013-03-14T17:51:21+00:00","article_modified_time":"2016-03-23T21:32:31+00:00","og_image":[{"width":600,"height":329,"url":"https:\/\/news.ecclesia.org.br\/wp-content\/uploads\/2013\/03\/patriarca-1.jpg","type":"image\/jpeg"}],"author":"Pe. Andr\u00e9","twitter_card":"summary_large_image","twitter_creator":"@EcclesiaNews","twitter_site":"@EcclesiaNews","twitter_misc":{"Escrito por":"Pe. Andr\u00e9","Est. tempo de leitura":"1 minuto"},"schema":{"@context":"https:\/\/schema.org","@graph":[{"@type":"Article","@id":"https:\/\/news.ecclesia.org.br\/?p=6174#article","isPartOf":{"@id":"https:\/\/news.ecclesia.org.br\/?p=6174"},"author":{"name":"Pe. Andr\u00e9","@id":"https:\/\/news.ecclesia.org.br\/#\/schema\/person\/6f09597f025829745ba414a569f63758"},"headline":"PATRIARCA ECUM\u00caNCIO SA\u00daDA PAPA FRANCISCO","datePublished":"2013-03-14T17:51:21+00:00","dateModified":"2016-03-23T21:32:31+00:00","mainEntityOfPage":{"@id":"https:\/\/news.ecclesia.org.br\/?p=6174"},"wordCount":246,"commentCount":0,"publisher":{"@id":"https:\/\/news.ecclesia.org.br\/#organization"},"image":{"@id":"https:\/\/news.ecclesia.org.br\/?p=6174#primaryimage"},"thumbnailUrl":"https:\/\/news.ecclesia.org.br\/wp-content\/uploads\/2013\/03\/patriarca-1.jpg","articleSection":["Mundo Ortodoxo","Patriarcado Ecum\u00eanico"],"inLanguage":"pt-BR","potentialAction":[{"@type":"CommentAction","name":"Comment","target":["https:\/\/news.ecclesia.org.br\/?p=6174#respond"]}]},{"@type":"WebPage","@id":"https:\/\/news.ecclesia.org.br\/?p=6174","url":"https:\/\/news.ecclesia.org.br\/?p=6174","name":"PATRIARCA ECUM\u00caNCIO SA\u00daDA PAPA FRANCISCO | ECCLESIA NEWS","isPartOf":{"@id":"https:\/\/news.ecclesia.org.br\/#website"},"primaryImageOfPage":{"@id":"https:\/\/news.ecclesia.org.br\/?p=6174#primaryimage"},"image":{"@id":"https:\/\/news.ecclesia.org.br\/?p=6174#primaryimage"},"thumbnailUrl":"https:\/\/news.ecclesia.org.br\/wp-content\/uploads\/2013\/03\/patriarca-1.jpg","datePublished":"2013-03-14T17:51:21+00:00","dateModified":"2016-03-23T21:32:31+00:00","breadcrumb":{"@id":"https:\/\/news.ecclesia.org.br\/?p=6174#breadcrumb"},"inLanguage":"pt-BR","potentialAction":[{"@type":"ReadAction","target":["https:\/\/news.ecclesia.org.br\/?p=6174"]}]},{"@type":"ImageObject","inLanguage":"pt-BR","@id":"https:\/\/news.ecclesia.org.br\/?p=6174#primaryimage","url":"https:\/\/news.ecclesia.org.br\/wp-content\/uploads\/2013\/03\/patriarca-1.jpg","contentUrl":"https:\/\/news.ecclesia.org.br\/wp-content\/uploads\/2013\/03\/patriarca-1.jpg","width":600,"height":329},{"@type":"BreadcrumbList","@id":"https:\/\/news.ecclesia.org.br\/?p=6174#breadcrumb","itemListElement":[{"@type":"ListItem","position":1,"name":"In\u00edcio","item":"https:\/\/news.ecclesia.org.br\/"},{"@type":"ListItem","position":2,"name":"PATRIARCA ECUM\u00caNCIO SA\u00daDA PAPA FRANCISCO"}]},{"@type":"WebSite","@id":"https:\/\/news.ecclesia.org.br\/#website","url":"https:\/\/news.ecclesia.org.br\/","name":"Ecclesia Brasil","description":"Desde 2003 onectando o Brasil ao mundo ortodoxo!","publisher":{"@id":"https:\/\/news.ecclesia.org.br\/#organization"},"alternateName":"Ecclesia","potentialAction":[{"@type":"SearchAction","target":{"@type":"EntryPoint","urlTemplate":"https:\/\/news.ecclesia.org.br\/?s={search_term_string}"},"query-input":{"@type":"PropertyValueSpecification","valueRequired":true,"valueName":"search_term_string"}}],"inLanguage":"pt-BR"},{"@type":"Organization","@id":"https:\/\/news.ecclesia.org.br\/#organization","name":"Sacra Arquidiocese de Buenos Aires e Am\u00e9rica do Sul | Patriarcado Ecum\u00eanico","alternateName":"News Ecclesia Brasil","url":"https:\/\/news.ecclesia.org.br\/","logo":{"@type":"ImageObject","inLanguage":"pt-BR","@id":"https:\/\/news.ecclesia.org.br\/#\/schema\/logo\/image\/","url":"https:\/\/news.ecclesia.org.br\/wp-content\/uploads\/2025\/05\/ecclesia2.png","contentUrl":"https:\/\/news.ecclesia.org.br\/wp-content\/uploads\/2025\/05\/ecclesia2.png","width":480,"height":120,"caption":"Sacra Arquidiocese de Buenos Aires e Am\u00e9rica do Sul | Patriarcado Ecum\u00eanico"},"image":{"@id":"https:\/\/news.ecclesia.org.br\/#\/schema\/logo\/image\/"},"sameAs":["https:\/\/www.facebook.com\/Ecclesia2025","https:\/\/x.com\/EcclesiaNews","https:\/\/br.pinterest.com\/ekklisia\/","https:\/\/www.youtube.com\/@EcclesiaBrasil"]},{"@type":"Person","@id":"https:\/\/news.ecclesia.org.br\/#\/schema\/person\/6f09597f025829745ba414a569f63758","name":"Pe. Andr\u00e9","image":{"@type":"ImageObject","inLanguage":"pt-BR","@id":"https:\/\/secure.gravatar.com\/avatar\/b4327cfa27e9799da239a26adcd534fc29cdc0c4a4a148eecbcfeb9b42c617ac?s=96&d=mm&r=g","url":"https:\/\/secure.gravatar.com\/avatar\/b4327cfa27e9799da239a26adcd534fc29cdc0c4a4a148eecbcfeb9b42c617ac?s=96&d=mm&r=g","contentUrl":"https:\/\/secure.gravatar.com\/avatar\/b4327cfa27e9799da239a26adcd534fc29cdc0c4a4a148eecbcfeb9b42c617ac?s=96&d=mm&r=g","caption":"Pe. Andr\u00e9"},"sameAs":["https:\/\/www.ecclesia.org.br"]}]}},"_links":{"self":[{"href":"https:\/\/news.ecclesia.org.br\/index.php?rest_route=\/wp\/v2\/posts\/6174","targetHints":{"allow":["GET"]}}],"collection":[{"href":"https:\/\/news.ecclesia.org.br\/index.php?rest_route=\/wp\/v2\/posts"}],"about":[{"href":"https:\/\/news.ecclesia.org.br\/index.php?rest_route=\/wp\/v2\/types\/post"}],"author":[{"embeddable":true,"href":"https:\/\/news.ecclesia.org.br\/index.php?rest_route=\/wp\/v2\/users\/1"}],"replies":[{"embeddable":true,"href":"https:\/\/news.ecclesia.org.br\/index.php?rest_route=%2Fwp%2Fv2%2Fcomments&post=6174"}],"version-history":[{"count":0,"href":"https:\/\/news.ecclesia.org.br\/index.php?rest_route=\/wp\/v2\/posts\/6174\/revisions"}],"wp:featuredmedia":[{"embeddable":true,"href":"https:\/\/news.ecclesia.org.br\/index.php?rest_route=\/wp\/v2\/media\/6175"}],"wp:attachment":[{"href":"https:\/\/news.ecclesia.org.br\/index.php?rest_route=%2Fwp%2Fv2%2Fmedia&parent=6174"}],"wp:term":[{"taxonomy":"category","embeddable":true,"href":"https:\/\/news.ecclesia.org.br\/index.php?rest_route=%2Fwp%2Fv2%2Fcategories&post=6174"},{"taxonomy":"post_tag","embeddable":true,"href":"https:\/\/news.ecclesia.org.br\/index.php?rest_route=%2Fwp%2Fv2%2Ftags&post=6174"}],"curies":[{"name":"wp","href":"https:\/\/api.w.org\/{rel}","templated":true}]}}