{"id":5997,"date":"2013-01-26T12:56:12","date_gmt":"2013-01-26T12:56:12","guid":{"rendered":"http:\/\/www.ecclesia.com.br\/news\/2013\/?p=5997"},"modified":"2016-03-23T22:33:20","modified_gmt":"2016-03-23T22:33:20","slug":"palavras-do-patriarca-aos-irmaos-de-taize","status":"publish","type":"post","link":"https:\/\/news.ecclesia.org.br\/?p=5997","title":{"rendered":"Mensagem do Patriarca aos Irm\u00e3os de Taiz\u00e9"},"content":{"rendered":"<p><strong>Palavras de acolhimento do Patriarca Ecum\u00eanico Bartolomeu I<\/strong><\/p>\n<blockquote>\n<p style=\"text-align: justify;\"><a href=\"https:\/\/news.ecclesia.org.br\/2013\/wp-content\/uploads\/2013\/01\/patriarca-irmaos-taize-1.jpg\" rel=\"attachment wp-att-5998\"><img fetchpriority=\"high\" decoding=\"async\" class=\"alignleft size-medium wp-image-5998\" src=\"https:\/\/news.ecclesia.org.br\/2013\/wp-content\/uploads\/2013\/01\/patriarca-irmaos-taize-1-300x193.jpg\" alt=\"patriarca-irmaos-taize\" width=\"300\" height=\"193\" srcset=\"https:\/\/news.ecclesia.org.br\/wp-content\/uploads\/2013\/01\/patriarca-irmaos-taize-1-300x193.jpg 300w, https:\/\/news.ecclesia.org.br\/wp-content\/uploads\/2013\/01\/patriarca-irmaos-taize-1-85x55.jpg 85w, https:\/\/news.ecclesia.org.br\/wp-content\/uploads\/2013\/01\/patriarca-irmaos-taize-1-60x40.jpg 60w, https:\/\/news.ecclesia.org.br\/wp-content\/uploads\/2013\/01\/patriarca-irmaos-taize-1.jpg 680w\" sizes=\"(max-width: 300px) 100vw, 300px\" \/><\/a>Caro irm\u00e3o Alois,<br \/>\nEstimados irm\u00e3os da Comunidade de Taiz\u00e9,<br \/>\nCaros jovens peregrinos,<\/p>\n<p style=\"text-align: justify;\">Sentimo-nos honrados por celebrar a v\u00e9spera da festa da Epifania convosco em Phanar e estamos felizes por nos juntarmos a v\u00f3s em ora\u00e7\u00e3o com crist\u00e3os nesta cidade hist\u00f3rica. Recebendo o seu nome a partir de S\u00e3o Constantino, este local que visitam esta semana teve, em tempos anteriores, o nome de Constantinopla. Atualmente, chamamos-lhe Istambul \u2013 a maior cidade da Turquia e sede do Patriarcado Ecum\u00eanico.<\/p>\n<p style=\"text-align: justify;\">O Patriarcado Ecum\u00eanico \u00e9 a sede da Ortodoxia e, ao longo dos \u00faltimos 17 s\u00e9culos, manteve-se presente na mesma cidade fundada por S\u00e3o Constantino. Este santo \u00e9 importante n\u00e3o apenas para a Igreja Ortodoxa, mas, tamb\u00e9m, para todos os que deram o rosto \u2013 e os que ainda defendem \u2013 a liberdade religiosa. O seu \u00c9dito de Mil\u00e3o em 313 d.C. ajudou \u00e0 compreens\u00e3o dos direitos humanos, na medida em que cada pessoa deve ter a liberdade de prestar culto sem coer\u00e7\u00e3o ou medo de repres\u00e1lias. Neste ano de anivers\u00e1rio, reconhecemos que fomos guiados pelo \u00c9dito de Mil\u00e3o durante cerca de 1700 anos e que, no entanto, ainda permanece muito por conseguir no campo da liberdade de express\u00e3o religiosa.<\/p>\n<p style=\"text-align: justify;\">A vossa peregrina\u00e7\u00e3o, organizada pela Comunidade de Taiz\u00e9 ap\u00f3s o encontro anual em Roma\u00a0<a href=\"http:\/\/taize.fr\/pt_article14966.html\">momento para o qual fomos igualmente convidados a dirigir-vos uma mensagem<\/a>, como sempre com enorme prazer, durante a celebra\u00e7\u00e3o da festa da Epifania pretende ser uma peregrina\u00e7\u00e3o de confian\u00e7a. Precisamos de construir continuamente confian\u00e7a entre as nossas Igrejas e Comunidades Crist\u00e3s e, juntos, dar testemunho da presen\u00e7a de Cristo no mundo.<\/p>\n<p style=\"text-align: justify;\">A Ortodoxia celebra a festa da Epifania enquanto Teofania \u2013 Deus conosco, manifestado ao homem, a revela\u00e7\u00e3o de Deus. Dirigimos os nossos cora\u00e7\u00f5es e mentes em dire\u00e7\u00e3o \u00e0 luz irradiante \u00e0 medida que contemplamos os acontecimentos da vida de Cristo na Sua forma humana revelada: o Seu nascimento, a adora\u00e7\u00e3o dos magos e o Seu batismo pelas m\u00e3os de S\u00e3o Jo\u00e3o no Jord\u00e3o. A celebra\u00e7\u00e3o deste ano possui um significado ainda maior porque a partilham conosco, sendo testemunhas do amor de Cristo e com os passos que d\u00e3o no caminho rumo \u00e0 paz.<\/p>\n<p style=\"text-align: justify;\">Que alegria acolher-vos aqui hoje! E, com cada um de v\u00f3s, acolhemos tamb\u00e9m a esperan\u00e7a que representam para a unidade dos crist\u00e3os. Alegramo-nos com o entusiasmo que os jovens t\u00eam por cristo e pela Sua igreja e pelo servi\u00e7o fiel que prestam. As Sagradas Escrituras apontam o potencial que os jovens podem ter na devo\u00e7\u00e3o crist\u00e3 atrav\u00e9s de hist\u00f3rias como as de Jos\u00e9, Ester, David, Jo\u00e3o, Marcos e Tim\u00f3teo. Como S\u00e3o Paulo escreveu na sua primeira ep\u00edstola a Tim\u00f3teo, &#8220;Ningu\u00e9m escarne\u00e7a da tua juventude; antes, s\u00ea modelo dos fi\u00e9is, na palavra, na conduta, no amor, na f\u00e9, na castidade.&#8221;\u00a0[<a title=\"1 Tim\u00f3teo 4,12\" href=\"http:\/\/taize.fr\/pt_article15224.html#nb1\">1<\/a>]<\/p>\n<p style=\"text-align: justify;\">A ora\u00e7\u00e3o de Cristo em Jo\u00e3o 17,11, &#8220;Pai santo, Tu que a mim te deste, guarda-os em ti, para serem um s\u00f3, como N\u00f3s somos!&#8221;, deixa-nos na expectativa de que a Sua ora\u00e7\u00e3o ser\u00e1, um dia, realidade. Amando os nossos irm\u00e3os crist\u00e3os, come\u00e7aremos a cumprir a reconcilia\u00e7\u00e3o ecum\u00eanica desejada por Cristo.<\/p>\n<p style=\"text-align: justify;\">O compromisso para toda a vida que v\u00f3s e outros irm\u00e3os da Comunidade de Taiz\u00e9 assumiram de praticar a unidade d\u00e1-nos um exemplo de como podemos manter a esperan\u00e7a de cumprir a ora\u00e7\u00e3o de Cristo nas nossas rela\u00e7\u00f5es com outras comunidades Crist\u00e3s. Por isto, vos agradecemos.<\/p>\n<p style=\"text-align: justify;\">Reconcilia\u00e7\u00e3o ecum\u00eanica \u00e9 a poderosa ideia sobre a qual foi fundada a Comunidade de Taiz\u00e9. \u00c9 um conceito que ganhou vida nesta comunidade atrav\u00e9s irm\u00e3o Roger, que a sua mem\u00f3ria seja eterna. Reconcilia\u00e7\u00e3o ecum\u00eanica requer, na sua ess\u00eancia, uma humildade completa, sinceridade profunda e autenticidade de esp\u00edrito para verdadeiramente escutar o outro. Estas s\u00e3o qualidades admir\u00e1veis e o trabalho que fazem \u00e9 inspira\u00e7\u00e3o para pessoas de todas as gera\u00e7\u00f5es e do mundo inteiro.<\/p>\n<p style=\"text-align: justify;\">O irm\u00e3o Alois escreveu recentemente na sua\u00a0<a href=\"http:\/\/taize.fr\/pt_article13262.html\">\u201cCarta de 2012: Rumo a uma Nova Solidariedade\u201d<\/a>\u00a0que &#8220;a ora\u00e7\u00e3o conduz-nos simultaneamente em dire\u00e7\u00e3o a Deus e ao mundo&#8221;. As suas palavras recordam-nos que, frequentemente, o que parece imposs\u00edvel aos olhos da humanidade pode ser atingido por Cristo como resposta \u00e0s nossas ora\u00e7\u00f5es ferventes. Vemos grande sabedoria em procurar mudar o mundo atrav\u00e9s da ora\u00e7\u00e3o.<\/p>\n<p style=\"text-align: justify;\">\u00c0 medida que tomamos mais consci\u00eancia de que a ora\u00e7\u00e3o \u00e9 uma for\u00e7a misteriosa e indescrit\u00edvel capaz de mover pessoas e institui\u00e7\u00f5es a agir de formas diferentes, podemos caminhar com esperan\u00e7a rumo \u00e0 paz. Um dia, veremos que a reconcilia\u00e7\u00e3o ecum\u00eanica ser\u00e1 cumprida pelo Divino \u2013 como resposta \u00e0s nossas ora\u00e7\u00f5es proferidas em harmonia com a ora\u00e7\u00e3o de Cristo.<\/p>\n<p style=\"text-align: justify;\">Que cada um de v\u00f3s caminhe eternamente na &#8220;miseric\u00f3rdia de Deus e na comunidade dos vossos irm\u00e3os e que Deus realize em v\u00f3s o que Ele come\u00e7ou&#8221;.\u00a0[<a title=\"Compromisso para toda a vida na Comunidade de Taiz\u00e9\" href=\"http:\/\/taize.fr\/pt_article15224.html#nb2\">2<\/a>]<\/p>\n<\/blockquote>\n<p>[<a title=\"Notas 1\" href=\"http:\/\/taize.fr\/pt_article15224.html#nh1\">1<\/a>]\u00a01 Tim\u00f3teo 4,12<\/p>\n<p>[<a title=\"Notas 2\" href=\"http:\/\/taize.fr\/pt_article15224.html#nh2\">2<\/a>]\u00a0<a href=\"http:\/\/taize.fr\/pt_article522.html\">Compromisso para toda a vida<\/a>\u00a0na Comunidade de Taiz\u00e9<\/p>\n<p>&nbsp;<\/p>\n","protected":false},"excerpt":{"rendered":"<p>Palavras de acolhimento do Patriarca Ecum\u00eanico Bartolomeu I Caro irm\u00e3o Alois, Estimados irm\u00e3os da Comunidade de Taiz\u00e9, Caros jovens peregrinos, Sentimo-nos honrados por celebrar a v\u00e9spera da festa da Epifania convosco em Phanar e estamos felizes por nos juntarmos a&#8230;<\/p>\n","protected":false},"author":1,"featured_media":5998,"comment_status":"open","ping_status":"open","sticky":false,"template":"","format":"standard","meta":{"_acf_changed":false,"footnotes":""},"categories":[3,72],"tags":[],"class_list":["post-5997","post","type-post","status-publish","format-standard","has-post-thumbnail","hentry","category-mundo","category-patriarcado-ecumenico","entry","rows-excerpt"],"acf":[],"yoast_head":"<!-- This site is optimized with the Yoast SEO plugin v27.4 - https:\/\/yoast.com\/product\/yoast-seo-wordpress\/ -->\n<title>Mensagem do Patriarca aos Irm\u00e3os de Taiz\u00e9 | ECCLESIA NEWS<\/title>\n<meta name=\"robots\" content=\"index, follow, max-snippet:-1, max-image-preview:large, max-video-preview:-1\" \/>\n<link rel=\"canonical\" href=\"https:\/\/news.ecclesia.org.br\/?p=5997\" \/>\n<meta property=\"og:locale\" content=\"pt_BR\" \/>\n<meta property=\"og:type\" content=\"article\" \/>\n<meta property=\"og:title\" content=\"Mensagem do Patriarca aos Irm\u00e3os de Taiz\u00e9 | ECCLESIA NEWS\" \/>\n<meta property=\"og:description\" content=\"Palavras de acolhimento do Patriarca Ecum\u00eanico Bartolomeu I Caro irm\u00e3o Alois, Estimados irm\u00e3os da Comunidade de Taiz\u00e9, Caros jovens peregrinos, Sentimo-nos honrados por celebrar a v\u00e9spera da festa da Epifania convosco em Phanar e estamos felizes por nos juntarmos a&#8230;\" \/>\n<meta property=\"og:url\" content=\"https:\/\/news.ecclesia.org.br\/?p=5997\" \/>\n<meta property=\"og:site_name\" content=\"ECCLESIA NEWS\" \/>\n<meta property=\"article:publisher\" content=\"https:\/\/www.facebook.com\/Ecclesia2025\" \/>\n<meta property=\"article:published_time\" content=\"2013-01-26T12:56:12+00:00\" \/>\n<meta property=\"article:modified_time\" content=\"2016-03-23T22:33:20+00:00\" \/>\n<meta property=\"og:image\" content=\"https:\/\/news.ecclesia.org.br\/wp-content\/uploads\/2013\/01\/patriarca-irmaos-taize-1.jpg\" \/>\n\t<meta property=\"og:image:width\" content=\"680\" \/>\n\t<meta property=\"og:image:height\" content=\"438\" \/>\n\t<meta property=\"og:image:type\" content=\"image\/jpeg\" \/>\n<meta name=\"author\" content=\"Pe. Andr\u00e9\" \/>\n<meta name=\"twitter:card\" content=\"summary_large_image\" \/>\n<meta name=\"twitter:creator\" content=\"@EcclesiaNews\" \/>\n<meta name=\"twitter:site\" content=\"@EcclesiaNews\" \/>\n<meta name=\"twitter:label1\" content=\"Escrito por\" \/>\n\t<meta name=\"twitter:data1\" content=\"Pe. Andr\u00e9\" \/>\n\t<meta name=\"twitter:label2\" content=\"Est. tempo de leitura\" \/>\n\t<meta name=\"twitter:data2\" content=\"4 minutos\" \/>\n<script type=\"application\/ld+json\" class=\"yoast-schema-graph\">{\"@context\":\"https:\\\/\\\/schema.org\",\"@graph\":[{\"@type\":\"Article\",\"@id\":\"https:\\\/\\\/news.ecclesia.org.br\\\/?p=5997#article\",\"isPartOf\":{\"@id\":\"https:\\\/\\\/news.ecclesia.org.br\\\/?p=5997\"},\"author\":{\"name\":\"Pe. Andr\u00e9\",\"@id\":\"https:\\\/\\\/news.ecclesia.org.br\\\/#\\\/schema\\\/person\\\/6f09597f025829745ba414a569f63758\"},\"headline\":\"Mensagem do Patriarca aos Irm\u00e3os de Taiz\u00e9\",\"datePublished\":\"2013-01-26T12:56:12+00:00\",\"dateModified\":\"2016-03-23T22:33:20+00:00\",\"mainEntityOfPage\":{\"@id\":\"https:\\\/\\\/news.ecclesia.org.br\\\/?p=5997\"},\"wordCount\":887,\"commentCount\":0,\"publisher\":{\"@id\":\"https:\\\/\\\/news.ecclesia.org.br\\\/#organization\"},\"image\":{\"@id\":\"https:\\\/\\\/news.ecclesia.org.br\\\/?p=5997#primaryimage\"},\"thumbnailUrl\":\"https:\\\/\\\/news.ecclesia.org.br\\\/wp-content\\\/uploads\\\/2013\\\/01\\\/patriarca-irmaos-taize-1.jpg\",\"articleSection\":[\"Mundo Ortodoxo\",\"Patriarcado Ecum\u00eanico\"],\"inLanguage\":\"pt-BR\",\"potentialAction\":[{\"@type\":\"CommentAction\",\"name\":\"Comment\",\"target\":[\"https:\\\/\\\/news.ecclesia.org.br\\\/?p=5997#respond\"]}]},{\"@type\":\"WebPage\",\"@id\":\"https:\\\/\\\/news.ecclesia.org.br\\\/?p=5997\",\"url\":\"https:\\\/\\\/news.ecclesia.org.br\\\/?p=5997\",\"name\":\"Mensagem do Patriarca aos Irm\u00e3os de Taiz\u00e9 | ECCLESIA NEWS\",\"isPartOf\":{\"@id\":\"https:\\\/\\\/news.ecclesia.org.br\\\/#website\"},\"primaryImageOfPage\":{\"@id\":\"https:\\\/\\\/news.ecclesia.org.br\\\/?p=5997#primaryimage\"},\"image\":{\"@id\":\"https:\\\/\\\/news.ecclesia.org.br\\\/?p=5997#primaryimage\"},\"thumbnailUrl\":\"https:\\\/\\\/news.ecclesia.org.br\\\/wp-content\\\/uploads\\\/2013\\\/01\\\/patriarca-irmaos-taize-1.jpg\",\"datePublished\":\"2013-01-26T12:56:12+00:00\",\"dateModified\":\"2016-03-23T22:33:20+00:00\",\"breadcrumb\":{\"@id\":\"https:\\\/\\\/news.ecclesia.org.br\\\/?p=5997#breadcrumb\"},\"inLanguage\":\"pt-BR\",\"potentialAction\":[{\"@type\":\"ReadAction\",\"target\":[\"https:\\\/\\\/news.ecclesia.org.br\\\/?p=5997\"]}]},{\"@type\":\"ImageObject\",\"inLanguage\":\"pt-BR\",\"@id\":\"https:\\\/\\\/news.ecclesia.org.br\\\/?p=5997#primaryimage\",\"url\":\"https:\\\/\\\/news.ecclesia.org.br\\\/wp-content\\\/uploads\\\/2013\\\/01\\\/patriarca-irmaos-taize-1.jpg\",\"contentUrl\":\"https:\\\/\\\/news.ecclesia.org.br\\\/wp-content\\\/uploads\\\/2013\\\/01\\\/patriarca-irmaos-taize-1.jpg\",\"width\":680,\"height\":438},{\"@type\":\"BreadcrumbList\",\"@id\":\"https:\\\/\\\/news.ecclesia.org.br\\\/?p=5997#breadcrumb\",\"itemListElement\":[{\"@type\":\"ListItem\",\"position\":1,\"name\":\"In\u00edcio\",\"item\":\"https:\\\/\\\/news.ecclesia.org.br\\\/\"},{\"@type\":\"ListItem\",\"position\":2,\"name\":\"Mensagem do Patriarca aos Irm\u00e3os de Taiz\u00e9\"}]},{\"@type\":\"WebSite\",\"@id\":\"https:\\\/\\\/news.ecclesia.org.br\\\/#website\",\"url\":\"https:\\\/\\\/news.ecclesia.org.br\\\/\",\"name\":\"Ecclesia Brasil\",\"description\":\"Desde 2003 onectando o Brasil ao mundo ortodoxo!\",\"publisher\":{\"@id\":\"https:\\\/\\\/news.ecclesia.org.br\\\/#organization\"},\"alternateName\":\"Ecclesia\",\"potentialAction\":[{\"@type\":\"SearchAction\",\"target\":{\"@type\":\"EntryPoint\",\"urlTemplate\":\"https:\\\/\\\/news.ecclesia.org.br\\\/?s={search_term_string}\"},\"query-input\":{\"@type\":\"PropertyValueSpecification\",\"valueRequired\":true,\"valueName\":\"search_term_string\"}}],\"inLanguage\":\"pt-BR\"},{\"@type\":\"Organization\",\"@id\":\"https:\\\/\\\/news.ecclesia.org.br\\\/#organization\",\"name\":\"Sacra Arquidiocese de Buenos Aires e Am\u00e9rica do Sul | Patriarcado Ecum\u00eanico\",\"alternateName\":\"News Ecclesia Brasil\",\"url\":\"https:\\\/\\\/news.ecclesia.org.br\\\/\",\"logo\":{\"@type\":\"ImageObject\",\"inLanguage\":\"pt-BR\",\"@id\":\"https:\\\/\\\/news.ecclesia.org.br\\\/#\\\/schema\\\/logo\\\/image\\\/\",\"url\":\"https:\\\/\\\/news.ecclesia.org.br\\\/wp-content\\\/uploads\\\/2025\\\/05\\\/ecclesia2.png\",\"contentUrl\":\"https:\\\/\\\/news.ecclesia.org.br\\\/wp-content\\\/uploads\\\/2025\\\/05\\\/ecclesia2.png\",\"width\":480,\"height\":120,\"caption\":\"Sacra Arquidiocese de Buenos Aires e Am\u00e9rica do Sul | Patriarcado Ecum\u00eanico\"},\"image\":{\"@id\":\"https:\\\/\\\/news.ecclesia.org.br\\\/#\\\/schema\\\/logo\\\/image\\\/\"},\"sameAs\":[\"https:\\\/\\\/www.facebook.com\\\/Ecclesia2025\",\"https:\\\/\\\/x.com\\\/EcclesiaNews\",\"https:\\\/\\\/br.pinterest.com\\\/ekklisia\\\/\",\"https:\\\/\\\/www.youtube.com\\\/@EcclesiaBrasil\"]},{\"@type\":\"Person\",\"@id\":\"https:\\\/\\\/news.ecclesia.org.br\\\/#\\\/schema\\\/person\\\/6f09597f025829745ba414a569f63758\",\"name\":\"Pe. Andr\u00e9\",\"image\":{\"@type\":\"ImageObject\",\"inLanguage\":\"pt-BR\",\"@id\":\"https:\\\/\\\/secure.gravatar.com\\\/avatar\\\/b4327cfa27e9799da239a26adcd534fc29cdc0c4a4a148eecbcfeb9b42c617ac?s=96&d=mm&r=g\",\"url\":\"https:\\\/\\\/secure.gravatar.com\\\/avatar\\\/b4327cfa27e9799da239a26adcd534fc29cdc0c4a4a148eecbcfeb9b42c617ac?s=96&d=mm&r=g\",\"contentUrl\":\"https:\\\/\\\/secure.gravatar.com\\\/avatar\\\/b4327cfa27e9799da239a26adcd534fc29cdc0c4a4a148eecbcfeb9b42c617ac?s=96&d=mm&r=g\",\"caption\":\"Pe. Andr\u00e9\"},\"sameAs\":[\"https:\\\/\\\/www.ecclesia.org.br\"]}]}<\/script>\n<!-- \/ Yoast SEO plugin. -->","yoast_head_json":{"title":"Mensagem do Patriarca aos Irm\u00e3os de Taiz\u00e9 | ECCLESIA NEWS","robots":{"index":"index","follow":"follow","max-snippet":"max-snippet:-1","max-image-preview":"max-image-preview:large","max-video-preview":"max-video-preview:-1"},"canonical":"https:\/\/news.ecclesia.org.br\/?p=5997","og_locale":"pt_BR","og_type":"article","og_title":"Mensagem do Patriarca aos Irm\u00e3os de Taiz\u00e9 | ECCLESIA NEWS","og_description":"Palavras de acolhimento do Patriarca Ecum\u00eanico Bartolomeu I Caro irm\u00e3o Alois, Estimados irm\u00e3os da Comunidade de Taiz\u00e9, Caros jovens peregrinos, Sentimo-nos honrados por celebrar a v\u00e9spera da festa da Epifania convosco em Phanar e estamos felizes por nos juntarmos a&#8230;","og_url":"https:\/\/news.ecclesia.org.br\/?p=5997","og_site_name":"ECCLESIA NEWS","article_publisher":"https:\/\/www.facebook.com\/Ecclesia2025","article_published_time":"2013-01-26T12:56:12+00:00","article_modified_time":"2016-03-23T22:33:20+00:00","og_image":[{"width":680,"height":438,"url":"https:\/\/news.ecclesia.org.br\/wp-content\/uploads\/2013\/01\/patriarca-irmaos-taize-1.jpg","type":"image\/jpeg"}],"author":"Pe. Andr\u00e9","twitter_card":"summary_large_image","twitter_creator":"@EcclesiaNews","twitter_site":"@EcclesiaNews","twitter_misc":{"Escrito por":"Pe. Andr\u00e9","Est. tempo de leitura":"4 minutos"},"schema":{"@context":"https:\/\/schema.org","@graph":[{"@type":"Article","@id":"https:\/\/news.ecclesia.org.br\/?p=5997#article","isPartOf":{"@id":"https:\/\/news.ecclesia.org.br\/?p=5997"},"author":{"name":"Pe. Andr\u00e9","@id":"https:\/\/news.ecclesia.org.br\/#\/schema\/person\/6f09597f025829745ba414a569f63758"},"headline":"Mensagem do Patriarca aos Irm\u00e3os de Taiz\u00e9","datePublished":"2013-01-26T12:56:12+00:00","dateModified":"2016-03-23T22:33:20+00:00","mainEntityOfPage":{"@id":"https:\/\/news.ecclesia.org.br\/?p=5997"},"wordCount":887,"commentCount":0,"publisher":{"@id":"https:\/\/news.ecclesia.org.br\/#organization"},"image":{"@id":"https:\/\/news.ecclesia.org.br\/?p=5997#primaryimage"},"thumbnailUrl":"https:\/\/news.ecclesia.org.br\/wp-content\/uploads\/2013\/01\/patriarca-irmaos-taize-1.jpg","articleSection":["Mundo Ortodoxo","Patriarcado Ecum\u00eanico"],"inLanguage":"pt-BR","potentialAction":[{"@type":"CommentAction","name":"Comment","target":["https:\/\/news.ecclesia.org.br\/?p=5997#respond"]}]},{"@type":"WebPage","@id":"https:\/\/news.ecclesia.org.br\/?p=5997","url":"https:\/\/news.ecclesia.org.br\/?p=5997","name":"Mensagem do Patriarca aos Irm\u00e3os de Taiz\u00e9 | ECCLESIA NEWS","isPartOf":{"@id":"https:\/\/news.ecclesia.org.br\/#website"},"primaryImageOfPage":{"@id":"https:\/\/news.ecclesia.org.br\/?p=5997#primaryimage"},"image":{"@id":"https:\/\/news.ecclesia.org.br\/?p=5997#primaryimage"},"thumbnailUrl":"https:\/\/news.ecclesia.org.br\/wp-content\/uploads\/2013\/01\/patriarca-irmaos-taize-1.jpg","datePublished":"2013-01-26T12:56:12+00:00","dateModified":"2016-03-23T22:33:20+00:00","breadcrumb":{"@id":"https:\/\/news.ecclesia.org.br\/?p=5997#breadcrumb"},"inLanguage":"pt-BR","potentialAction":[{"@type":"ReadAction","target":["https:\/\/news.ecclesia.org.br\/?p=5997"]}]},{"@type":"ImageObject","inLanguage":"pt-BR","@id":"https:\/\/news.ecclesia.org.br\/?p=5997#primaryimage","url":"https:\/\/news.ecclesia.org.br\/wp-content\/uploads\/2013\/01\/patriarca-irmaos-taize-1.jpg","contentUrl":"https:\/\/news.ecclesia.org.br\/wp-content\/uploads\/2013\/01\/patriarca-irmaos-taize-1.jpg","width":680,"height":438},{"@type":"BreadcrumbList","@id":"https:\/\/news.ecclesia.org.br\/?p=5997#breadcrumb","itemListElement":[{"@type":"ListItem","position":1,"name":"In\u00edcio","item":"https:\/\/news.ecclesia.org.br\/"},{"@type":"ListItem","position":2,"name":"Mensagem do Patriarca aos Irm\u00e3os de Taiz\u00e9"}]},{"@type":"WebSite","@id":"https:\/\/news.ecclesia.org.br\/#website","url":"https:\/\/news.ecclesia.org.br\/","name":"Ecclesia Brasil","description":"Desde 2003 onectando o Brasil ao mundo ortodoxo!","publisher":{"@id":"https:\/\/news.ecclesia.org.br\/#organization"},"alternateName":"Ecclesia","potentialAction":[{"@type":"SearchAction","target":{"@type":"EntryPoint","urlTemplate":"https:\/\/news.ecclesia.org.br\/?s={search_term_string}"},"query-input":{"@type":"PropertyValueSpecification","valueRequired":true,"valueName":"search_term_string"}}],"inLanguage":"pt-BR"},{"@type":"Organization","@id":"https:\/\/news.ecclesia.org.br\/#organization","name":"Sacra Arquidiocese de Buenos Aires e Am\u00e9rica do Sul | Patriarcado Ecum\u00eanico","alternateName":"News Ecclesia Brasil","url":"https:\/\/news.ecclesia.org.br\/","logo":{"@type":"ImageObject","inLanguage":"pt-BR","@id":"https:\/\/news.ecclesia.org.br\/#\/schema\/logo\/image\/","url":"https:\/\/news.ecclesia.org.br\/wp-content\/uploads\/2025\/05\/ecclesia2.png","contentUrl":"https:\/\/news.ecclesia.org.br\/wp-content\/uploads\/2025\/05\/ecclesia2.png","width":480,"height":120,"caption":"Sacra Arquidiocese de Buenos Aires e Am\u00e9rica do Sul | Patriarcado Ecum\u00eanico"},"image":{"@id":"https:\/\/news.ecclesia.org.br\/#\/schema\/logo\/image\/"},"sameAs":["https:\/\/www.facebook.com\/Ecclesia2025","https:\/\/x.com\/EcclesiaNews","https:\/\/br.pinterest.com\/ekklisia\/","https:\/\/www.youtube.com\/@EcclesiaBrasil"]},{"@type":"Person","@id":"https:\/\/news.ecclesia.org.br\/#\/schema\/person\/6f09597f025829745ba414a569f63758","name":"Pe. Andr\u00e9","image":{"@type":"ImageObject","inLanguage":"pt-BR","@id":"https:\/\/secure.gravatar.com\/avatar\/b4327cfa27e9799da239a26adcd534fc29cdc0c4a4a148eecbcfeb9b42c617ac?s=96&d=mm&r=g","url":"https:\/\/secure.gravatar.com\/avatar\/b4327cfa27e9799da239a26adcd534fc29cdc0c4a4a148eecbcfeb9b42c617ac?s=96&d=mm&r=g","contentUrl":"https:\/\/secure.gravatar.com\/avatar\/b4327cfa27e9799da239a26adcd534fc29cdc0c4a4a148eecbcfeb9b42c617ac?s=96&d=mm&r=g","caption":"Pe. Andr\u00e9"},"sameAs":["https:\/\/www.ecclesia.org.br"]}]}},"_links":{"self":[{"href":"https:\/\/news.ecclesia.org.br\/index.php?rest_route=\/wp\/v2\/posts\/5997","targetHints":{"allow":["GET"]}}],"collection":[{"href":"https:\/\/news.ecclesia.org.br\/index.php?rest_route=\/wp\/v2\/posts"}],"about":[{"href":"https:\/\/news.ecclesia.org.br\/index.php?rest_route=\/wp\/v2\/types\/post"}],"author":[{"embeddable":true,"href":"https:\/\/news.ecclesia.org.br\/index.php?rest_route=\/wp\/v2\/users\/1"}],"replies":[{"embeddable":true,"href":"https:\/\/news.ecclesia.org.br\/index.php?rest_route=%2Fwp%2Fv2%2Fcomments&post=5997"}],"version-history":[{"count":0,"href":"https:\/\/news.ecclesia.org.br\/index.php?rest_route=\/wp\/v2\/posts\/5997\/revisions"}],"wp:featuredmedia":[{"embeddable":true,"href":"https:\/\/news.ecclesia.org.br\/index.php?rest_route=\/wp\/v2\/media\/5998"}],"wp:attachment":[{"href":"https:\/\/news.ecclesia.org.br\/index.php?rest_route=%2Fwp%2Fv2%2Fmedia&parent=5997"}],"wp:term":[{"taxonomy":"category","embeddable":true,"href":"https:\/\/news.ecclesia.org.br\/index.php?rest_route=%2Fwp%2Fv2%2Fcategories&post=5997"},{"taxonomy":"post_tag","embeddable":true,"href":"https:\/\/news.ecclesia.org.br\/index.php?rest_route=%2Fwp%2Fv2%2Ftags&post=5997"}],"curies":[{"name":"wp","href":"https:\/\/api.w.org\/{rel}","templated":true}]}}