{"id":5827,"date":"2013-01-02T12:49:08","date_gmt":"2013-01-02T12:49:08","guid":{"rendered":"http:\/\/www.ecclesia.com.br\/news\/2013\/?p=5827"},"modified":"2016-03-21T02:54:54","modified_gmt":"2016-03-21T02:54:54","slug":"patriarca-bartolomeu-i-proclama-2013-o-ano-da-solidariedade-universal","status":"publish","type":"post","link":"https:\/\/news.ecclesia.org.br\/?p=5827","title":{"rendered":"\u00abAno Internacional da Solidariedade\u00bb"},"content":{"rendered":"<p style=\"text-align: justify;\">\n<p style=\"text-align: justify;\"><a href=\"https:\/\/news.ecclesia.org.br\/2013\/wp-content\/uploads\/2013\/01\/ano-internacional-da-solidariedade.jpg\" rel=\"attachment wp-att-17538\"><img fetchpriority=\"high\" decoding=\"async\" class=\"aligncenter size-full wp-image-17538\" src=\"https:\/\/news.ecclesia.org.br\/2013\/wp-content\/uploads\/2013\/01\/ano-internacional-da-solidariedade.jpg\" alt=\"ano-internacional-da-solidariedade\" width=\"960\" height=\"200\" srcset=\"https:\/\/news.ecclesia.org.br\/wp-content\/uploads\/2013\/01\/ano-internacional-da-solidariedade.jpg 960w, https:\/\/news.ecclesia.org.br\/wp-content\/uploads\/2013\/01\/ano-internacional-da-solidariedade-300x63.jpg 300w, https:\/\/news.ecclesia.org.br\/wp-content\/uploads\/2013\/01\/ano-internacional-da-solidariedade-768x160.jpg 768w, https:\/\/news.ecclesia.org.br\/wp-content\/uploads\/2013\/01\/ano-internacional-da-solidariedade-600x125.jpg 600w, https:\/\/news.ecclesia.org.br\/wp-content\/uploads\/2013\/01\/ano-internacional-da-solidariedade-264x55.jpg 264w\" sizes=\"(max-width: 960px) 100vw, 960px\" \/><\/a><\/p>\n<p style=\"text-align: justify;\">CONSTANTINOPLA\/Istambul, Turquia, Ter, 01 de Janeiro de 2013 \u2013 (SIR) \u2013 O Patriarcado Ecum\u00eanico \u00a0de Constantinopla proclamou 2013 como Ano da Solidariedade Universal. Num momento gravemente marcado por uma crise financeira, que est\u00e1 provocando \u201cturbamento na paz social \u2013 l\u00ea-se na mensagem de Natal do Patriarca Bartolomeu I, que a Igreja ortodoxa celebra no pr\u00f3ximo dia 06 de janeiro \u2013 esperamos \u201cpoder sensibilizar diferentes cora\u00e7\u00e3o da comunidade humana para o problema da grande e imensa pobreza e sobre a necessidade de adotar medidas para aliviar os famintos e os pobres\u201d. Na mensagem o Patriarca lembra tamb\u00e9m que o imperador Constantino atrav\u00e9s do Edito de Mil\u00e3o de 313 d.C., \u201cdecretou o livre exerc\u00edcio da f\u00e9 crist\u00e3 e ao mesmo tempo o livre exerc\u00edcio de toda outra religi\u00e3o\u201d. \u201cInfelizmente, apesar de terem passados 1700 anos deste ent\u00e3o \u2013 destaca o Patriarca ecum\u00eanico \u2013 continuam as persegui\u00e7\u00f5es religiosas em v\u00e1rios lugares contra os crist\u00e3os ou outras minorias crist\u00e3s\u201d. \u201cAo mesmo tempo \u2013 acrescenta \u2013 os antagonismos econ\u00f4micos se intensificam globalmente e a busca do lucro passageiro \u00e9 elevado ao bem m\u00e1ximo\u201d. Destes desequil\u00edbrios derivam \u201cas tristes consequ\u00eancias\u201d da superconcentra\u00e7\u00e3o da riqueza. \u201cPortanto, exortemo-nos uns aos outros \u2013 l\u00ea-se na mensagem \u2013 para que durante este Ano da Solidariedade Universal, realizemos como indiv\u00edduos e como povos conscientes esfor\u00e7os para aliviar as consequ\u00eancias desumanas das grandes desigualdades, e para que seja reconhecido o direitos a todos os mais fracos de gozar dos bens indispens\u00e1veis para a vida do homem. Deste modo veremos, na medida humanamente poss\u00edvel, a realiza\u00e7\u00e3o da paz sobre a terra\u201d.<\/p>\n<p align=\"right\">Fonte: <a href=\"http:\/\/verbonet.com.br\/\" target=\"_blank\">Verbonet<\/a><br \/>\nPor Ervino Martinuz<\/p>\n","protected":false},"excerpt":{"rendered":"<p>CONSTANTINOPLA\/Istambul, Turquia, Ter, 01 de Janeiro de 2013 \u2013 (SIR) \u2013 O Patriarcado Ecum\u00eanico \u00a0de Constantinopla proclamou 2013 como Ano da Solidariedade Universal. Num momento gravemente marcado por uma crise financeira, que est\u00e1 provocando \u201cturbamento na paz social \u2013 l\u00ea-se&#8230;<\/p>\n","protected":false},"author":1,"featured_media":17538,"comment_status":"open","ping_status":"open","sticky":false,"template":"","format":"standard","meta":{"_acf_changed":false,"footnotes":""},"categories":[3,72],"tags":[],"class_list":["post-5827","post","type-post","status-publish","format-standard","has-post-thumbnail","hentry","category-mundo","category-patriarcado-ecumenico","entry","rows-excerpt"],"acf":[],"yoast_head":"<!-- This site is optimized with the Yoast SEO plugin v27.4 - https:\/\/yoast.com\/product\/yoast-seo-wordpress\/ -->\n<title>\u00abAno Internacional da Solidariedade\u00bb | ECCLESIA NEWS<\/title>\n<meta name=\"robots\" content=\"index, follow, max-snippet:-1, max-image-preview:large, max-video-preview:-1\" \/>\n<link rel=\"canonical\" href=\"https:\/\/news.ecclesia.org.br\/?p=5827\" \/>\n<meta property=\"og:locale\" content=\"pt_BR\" \/>\n<meta property=\"og:type\" content=\"article\" \/>\n<meta property=\"og:title\" content=\"\u00abAno Internacional da Solidariedade\u00bb | ECCLESIA NEWS\" \/>\n<meta property=\"og:description\" content=\"CONSTANTINOPLA\/Istambul, Turquia, Ter, 01 de Janeiro de 2013 \u2013 (SIR) \u2013 O Patriarcado Ecum\u00eanico \u00a0de Constantinopla proclamou 2013 como Ano da Solidariedade Universal. Num momento gravemente marcado por uma crise financeira, que est\u00e1 provocando \u201cturbamento na paz social \u2013 l\u00ea-se&#8230;\" \/>\n<meta property=\"og:url\" content=\"https:\/\/news.ecclesia.org.br\/?p=5827\" \/>\n<meta property=\"og:site_name\" content=\"ECCLESIA NEWS\" \/>\n<meta property=\"article:publisher\" content=\"https:\/\/www.facebook.com\/Ecclesia2025\" \/>\n<meta property=\"article:published_time\" content=\"2013-01-02T12:49:08+00:00\" \/>\n<meta property=\"article:modified_time\" content=\"2016-03-21T02:54:54+00:00\" \/>\n<meta property=\"og:image\" content=\"https:\/\/news.ecclesia.org.br\/wp-content\/uploads\/2013\/01\/ano-internacional-da-solidariedade.jpg\" \/>\n\t<meta property=\"og:image:width\" content=\"960\" \/>\n\t<meta property=\"og:image:height\" content=\"200\" \/>\n\t<meta property=\"og:image:type\" content=\"image\/jpeg\" \/>\n<meta name=\"author\" content=\"Pe. Andr\u00e9\" \/>\n<meta name=\"twitter:card\" content=\"summary_large_image\" \/>\n<meta name=\"twitter:creator\" content=\"@EcclesiaNews\" \/>\n<meta name=\"twitter:site\" content=\"@EcclesiaNews\" \/>\n<meta name=\"twitter:label1\" content=\"Escrito por\" \/>\n\t<meta name=\"twitter:data1\" content=\"Pe. Andr\u00e9\" \/>\n\t<meta name=\"twitter:label2\" content=\"Est. tempo de leitura\" \/>\n\t<meta name=\"twitter:data2\" content=\"1 minuto\" \/>\n<script type=\"application\/ld+json\" class=\"yoast-schema-graph\">{\"@context\":\"https:\\\/\\\/schema.org\",\"@graph\":[{\"@type\":\"Article\",\"@id\":\"https:\\\/\\\/news.ecclesia.org.br\\\/?p=5827#article\",\"isPartOf\":{\"@id\":\"https:\\\/\\\/news.ecclesia.org.br\\\/?p=5827\"},\"author\":{\"name\":\"Pe. Andr\u00e9\",\"@id\":\"https:\\\/\\\/news.ecclesia.org.br\\\/#\\\/schema\\\/person\\\/6f09597f025829745ba414a569f63758\"},\"headline\":\"\u00abAno Internacional da Solidariedade\u00bb\",\"datePublished\":\"2013-01-02T12:49:08+00:00\",\"dateModified\":\"2016-03-21T02:54:54+00:00\",\"mainEntityOfPage\":{\"@id\":\"https:\\\/\\\/news.ecclesia.org.br\\\/?p=5827\"},\"wordCount\":280,\"commentCount\":0,\"publisher\":{\"@id\":\"https:\\\/\\\/news.ecclesia.org.br\\\/#organization\"},\"image\":{\"@id\":\"https:\\\/\\\/news.ecclesia.org.br\\\/?p=5827#primaryimage\"},\"thumbnailUrl\":\"https:\\\/\\\/news.ecclesia.org.br\\\/wp-content\\\/uploads\\\/2013\\\/01\\\/ano-internacional-da-solidariedade.jpg\",\"articleSection\":[\"Mundo Ortodoxo\",\"Patriarcado Ecum\u00eanico\"],\"inLanguage\":\"pt-BR\",\"potentialAction\":[{\"@type\":\"CommentAction\",\"name\":\"Comment\",\"target\":[\"https:\\\/\\\/news.ecclesia.org.br\\\/?p=5827#respond\"]}]},{\"@type\":\"WebPage\",\"@id\":\"https:\\\/\\\/news.ecclesia.org.br\\\/?p=5827\",\"url\":\"https:\\\/\\\/news.ecclesia.org.br\\\/?p=5827\",\"name\":\"\u00abAno Internacional da Solidariedade\u00bb | ECCLESIA NEWS\",\"isPartOf\":{\"@id\":\"https:\\\/\\\/news.ecclesia.org.br\\\/#website\"},\"primaryImageOfPage\":{\"@id\":\"https:\\\/\\\/news.ecclesia.org.br\\\/?p=5827#primaryimage\"},\"image\":{\"@id\":\"https:\\\/\\\/news.ecclesia.org.br\\\/?p=5827#primaryimage\"},\"thumbnailUrl\":\"https:\\\/\\\/news.ecclesia.org.br\\\/wp-content\\\/uploads\\\/2013\\\/01\\\/ano-internacional-da-solidariedade.jpg\",\"datePublished\":\"2013-01-02T12:49:08+00:00\",\"dateModified\":\"2016-03-21T02:54:54+00:00\",\"breadcrumb\":{\"@id\":\"https:\\\/\\\/news.ecclesia.org.br\\\/?p=5827#breadcrumb\"},\"inLanguage\":\"pt-BR\",\"potentialAction\":[{\"@type\":\"ReadAction\",\"target\":[\"https:\\\/\\\/news.ecclesia.org.br\\\/?p=5827\"]}]},{\"@type\":\"ImageObject\",\"inLanguage\":\"pt-BR\",\"@id\":\"https:\\\/\\\/news.ecclesia.org.br\\\/?p=5827#primaryimage\",\"url\":\"https:\\\/\\\/news.ecclesia.org.br\\\/wp-content\\\/uploads\\\/2013\\\/01\\\/ano-internacional-da-solidariedade.jpg\",\"contentUrl\":\"https:\\\/\\\/news.ecclesia.org.br\\\/wp-content\\\/uploads\\\/2013\\\/01\\\/ano-internacional-da-solidariedade.jpg\",\"width\":960,\"height\":200},{\"@type\":\"BreadcrumbList\",\"@id\":\"https:\\\/\\\/news.ecclesia.org.br\\\/?p=5827#breadcrumb\",\"itemListElement\":[{\"@type\":\"ListItem\",\"position\":1,\"name\":\"In\u00edcio\",\"item\":\"https:\\\/\\\/news.ecclesia.org.br\\\/\"},{\"@type\":\"ListItem\",\"position\":2,\"name\":\"\u00abAno Internacional da Solidariedade\u00bb\"}]},{\"@type\":\"WebSite\",\"@id\":\"https:\\\/\\\/news.ecclesia.org.br\\\/#website\",\"url\":\"https:\\\/\\\/news.ecclesia.org.br\\\/\",\"name\":\"Ecclesia Brasil\",\"description\":\"Desde 2003 onectando o Brasil ao mundo ortodoxo!\",\"publisher\":{\"@id\":\"https:\\\/\\\/news.ecclesia.org.br\\\/#organization\"},\"alternateName\":\"Ecclesia\",\"potentialAction\":[{\"@type\":\"SearchAction\",\"target\":{\"@type\":\"EntryPoint\",\"urlTemplate\":\"https:\\\/\\\/news.ecclesia.org.br\\\/?s={search_term_string}\"},\"query-input\":{\"@type\":\"PropertyValueSpecification\",\"valueRequired\":true,\"valueName\":\"search_term_string\"}}],\"inLanguage\":\"pt-BR\"},{\"@type\":\"Organization\",\"@id\":\"https:\\\/\\\/news.ecclesia.org.br\\\/#organization\",\"name\":\"Sacra Arquidiocese de Buenos Aires e Am\u00e9rica do Sul | Patriarcado Ecum\u00eanico\",\"alternateName\":\"News Ecclesia Brasil\",\"url\":\"https:\\\/\\\/news.ecclesia.org.br\\\/\",\"logo\":{\"@type\":\"ImageObject\",\"inLanguage\":\"pt-BR\",\"@id\":\"https:\\\/\\\/news.ecclesia.org.br\\\/#\\\/schema\\\/logo\\\/image\\\/\",\"url\":\"https:\\\/\\\/news.ecclesia.org.br\\\/wp-content\\\/uploads\\\/2025\\\/05\\\/ecclesia2.png\",\"contentUrl\":\"https:\\\/\\\/news.ecclesia.org.br\\\/wp-content\\\/uploads\\\/2025\\\/05\\\/ecclesia2.png\",\"width\":480,\"height\":120,\"caption\":\"Sacra Arquidiocese de Buenos Aires e Am\u00e9rica do Sul | Patriarcado Ecum\u00eanico\"},\"image\":{\"@id\":\"https:\\\/\\\/news.ecclesia.org.br\\\/#\\\/schema\\\/logo\\\/image\\\/\"},\"sameAs\":[\"https:\\\/\\\/www.facebook.com\\\/Ecclesia2025\",\"https:\\\/\\\/x.com\\\/EcclesiaNews\",\"https:\\\/\\\/br.pinterest.com\\\/ekklisia\\\/\",\"https:\\\/\\\/www.youtube.com\\\/@EcclesiaBrasil\"]},{\"@type\":\"Person\",\"@id\":\"https:\\\/\\\/news.ecclesia.org.br\\\/#\\\/schema\\\/person\\\/6f09597f025829745ba414a569f63758\",\"name\":\"Pe. Andr\u00e9\",\"image\":{\"@type\":\"ImageObject\",\"inLanguage\":\"pt-BR\",\"@id\":\"https:\\\/\\\/secure.gravatar.com\\\/avatar\\\/b4327cfa27e9799da239a26adcd534fc29cdc0c4a4a148eecbcfeb9b42c617ac?s=96&d=mm&r=g\",\"url\":\"https:\\\/\\\/secure.gravatar.com\\\/avatar\\\/b4327cfa27e9799da239a26adcd534fc29cdc0c4a4a148eecbcfeb9b42c617ac?s=96&d=mm&r=g\",\"contentUrl\":\"https:\\\/\\\/secure.gravatar.com\\\/avatar\\\/b4327cfa27e9799da239a26adcd534fc29cdc0c4a4a148eecbcfeb9b42c617ac?s=96&d=mm&r=g\",\"caption\":\"Pe. Andr\u00e9\"},\"sameAs\":[\"https:\\\/\\\/www.ecclesia.org.br\"]}]}<\/script>\n<!-- \/ Yoast SEO plugin. -->","yoast_head_json":{"title":"\u00abAno Internacional da Solidariedade\u00bb | ECCLESIA NEWS","robots":{"index":"index","follow":"follow","max-snippet":"max-snippet:-1","max-image-preview":"max-image-preview:large","max-video-preview":"max-video-preview:-1"},"canonical":"https:\/\/news.ecclesia.org.br\/?p=5827","og_locale":"pt_BR","og_type":"article","og_title":"\u00abAno Internacional da Solidariedade\u00bb | ECCLESIA NEWS","og_description":"CONSTANTINOPLA\/Istambul, Turquia, Ter, 01 de Janeiro de 2013 \u2013 (SIR) \u2013 O Patriarcado Ecum\u00eanico \u00a0de Constantinopla proclamou 2013 como Ano da Solidariedade Universal. Num momento gravemente marcado por uma crise financeira, que est\u00e1 provocando \u201cturbamento na paz social \u2013 l\u00ea-se&#8230;","og_url":"https:\/\/news.ecclesia.org.br\/?p=5827","og_site_name":"ECCLESIA NEWS","article_publisher":"https:\/\/www.facebook.com\/Ecclesia2025","article_published_time":"2013-01-02T12:49:08+00:00","article_modified_time":"2016-03-21T02:54:54+00:00","og_image":[{"width":960,"height":200,"url":"https:\/\/news.ecclesia.org.br\/wp-content\/uploads\/2013\/01\/ano-internacional-da-solidariedade.jpg","type":"image\/jpeg"}],"author":"Pe. Andr\u00e9","twitter_card":"summary_large_image","twitter_creator":"@EcclesiaNews","twitter_site":"@EcclesiaNews","twitter_misc":{"Escrito por":"Pe. Andr\u00e9","Est. tempo de leitura":"1 minuto"},"schema":{"@context":"https:\/\/schema.org","@graph":[{"@type":"Article","@id":"https:\/\/news.ecclesia.org.br\/?p=5827#article","isPartOf":{"@id":"https:\/\/news.ecclesia.org.br\/?p=5827"},"author":{"name":"Pe. Andr\u00e9","@id":"https:\/\/news.ecclesia.org.br\/#\/schema\/person\/6f09597f025829745ba414a569f63758"},"headline":"\u00abAno Internacional da Solidariedade\u00bb","datePublished":"2013-01-02T12:49:08+00:00","dateModified":"2016-03-21T02:54:54+00:00","mainEntityOfPage":{"@id":"https:\/\/news.ecclesia.org.br\/?p=5827"},"wordCount":280,"commentCount":0,"publisher":{"@id":"https:\/\/news.ecclesia.org.br\/#organization"},"image":{"@id":"https:\/\/news.ecclesia.org.br\/?p=5827#primaryimage"},"thumbnailUrl":"https:\/\/news.ecclesia.org.br\/wp-content\/uploads\/2013\/01\/ano-internacional-da-solidariedade.jpg","articleSection":["Mundo Ortodoxo","Patriarcado Ecum\u00eanico"],"inLanguage":"pt-BR","potentialAction":[{"@type":"CommentAction","name":"Comment","target":["https:\/\/news.ecclesia.org.br\/?p=5827#respond"]}]},{"@type":"WebPage","@id":"https:\/\/news.ecclesia.org.br\/?p=5827","url":"https:\/\/news.ecclesia.org.br\/?p=5827","name":"\u00abAno Internacional da Solidariedade\u00bb | ECCLESIA NEWS","isPartOf":{"@id":"https:\/\/news.ecclesia.org.br\/#website"},"primaryImageOfPage":{"@id":"https:\/\/news.ecclesia.org.br\/?p=5827#primaryimage"},"image":{"@id":"https:\/\/news.ecclesia.org.br\/?p=5827#primaryimage"},"thumbnailUrl":"https:\/\/news.ecclesia.org.br\/wp-content\/uploads\/2013\/01\/ano-internacional-da-solidariedade.jpg","datePublished":"2013-01-02T12:49:08+00:00","dateModified":"2016-03-21T02:54:54+00:00","breadcrumb":{"@id":"https:\/\/news.ecclesia.org.br\/?p=5827#breadcrumb"},"inLanguage":"pt-BR","potentialAction":[{"@type":"ReadAction","target":["https:\/\/news.ecclesia.org.br\/?p=5827"]}]},{"@type":"ImageObject","inLanguage":"pt-BR","@id":"https:\/\/news.ecclesia.org.br\/?p=5827#primaryimage","url":"https:\/\/news.ecclesia.org.br\/wp-content\/uploads\/2013\/01\/ano-internacional-da-solidariedade.jpg","contentUrl":"https:\/\/news.ecclesia.org.br\/wp-content\/uploads\/2013\/01\/ano-internacional-da-solidariedade.jpg","width":960,"height":200},{"@type":"BreadcrumbList","@id":"https:\/\/news.ecclesia.org.br\/?p=5827#breadcrumb","itemListElement":[{"@type":"ListItem","position":1,"name":"In\u00edcio","item":"https:\/\/news.ecclesia.org.br\/"},{"@type":"ListItem","position":2,"name":"\u00abAno Internacional da Solidariedade\u00bb"}]},{"@type":"WebSite","@id":"https:\/\/news.ecclesia.org.br\/#website","url":"https:\/\/news.ecclesia.org.br\/","name":"Ecclesia Brasil","description":"Desde 2003 onectando o Brasil ao mundo ortodoxo!","publisher":{"@id":"https:\/\/news.ecclesia.org.br\/#organization"},"alternateName":"Ecclesia","potentialAction":[{"@type":"SearchAction","target":{"@type":"EntryPoint","urlTemplate":"https:\/\/news.ecclesia.org.br\/?s={search_term_string}"},"query-input":{"@type":"PropertyValueSpecification","valueRequired":true,"valueName":"search_term_string"}}],"inLanguage":"pt-BR"},{"@type":"Organization","@id":"https:\/\/news.ecclesia.org.br\/#organization","name":"Sacra Arquidiocese de Buenos Aires e Am\u00e9rica do Sul | Patriarcado Ecum\u00eanico","alternateName":"News Ecclesia Brasil","url":"https:\/\/news.ecclesia.org.br\/","logo":{"@type":"ImageObject","inLanguage":"pt-BR","@id":"https:\/\/news.ecclesia.org.br\/#\/schema\/logo\/image\/","url":"https:\/\/news.ecclesia.org.br\/wp-content\/uploads\/2025\/05\/ecclesia2.png","contentUrl":"https:\/\/news.ecclesia.org.br\/wp-content\/uploads\/2025\/05\/ecclesia2.png","width":480,"height":120,"caption":"Sacra Arquidiocese de Buenos Aires e Am\u00e9rica do Sul | Patriarcado Ecum\u00eanico"},"image":{"@id":"https:\/\/news.ecclesia.org.br\/#\/schema\/logo\/image\/"},"sameAs":["https:\/\/www.facebook.com\/Ecclesia2025","https:\/\/x.com\/EcclesiaNews","https:\/\/br.pinterest.com\/ekklisia\/","https:\/\/www.youtube.com\/@EcclesiaBrasil"]},{"@type":"Person","@id":"https:\/\/news.ecclesia.org.br\/#\/schema\/person\/6f09597f025829745ba414a569f63758","name":"Pe. Andr\u00e9","image":{"@type":"ImageObject","inLanguage":"pt-BR","@id":"https:\/\/secure.gravatar.com\/avatar\/b4327cfa27e9799da239a26adcd534fc29cdc0c4a4a148eecbcfeb9b42c617ac?s=96&d=mm&r=g","url":"https:\/\/secure.gravatar.com\/avatar\/b4327cfa27e9799da239a26adcd534fc29cdc0c4a4a148eecbcfeb9b42c617ac?s=96&d=mm&r=g","contentUrl":"https:\/\/secure.gravatar.com\/avatar\/b4327cfa27e9799da239a26adcd534fc29cdc0c4a4a148eecbcfeb9b42c617ac?s=96&d=mm&r=g","caption":"Pe. Andr\u00e9"},"sameAs":["https:\/\/www.ecclesia.org.br"]}]}},"_links":{"self":[{"href":"https:\/\/news.ecclesia.org.br\/index.php?rest_route=\/wp\/v2\/posts\/5827","targetHints":{"allow":["GET"]}}],"collection":[{"href":"https:\/\/news.ecclesia.org.br\/index.php?rest_route=\/wp\/v2\/posts"}],"about":[{"href":"https:\/\/news.ecclesia.org.br\/index.php?rest_route=\/wp\/v2\/types\/post"}],"author":[{"embeddable":true,"href":"https:\/\/news.ecclesia.org.br\/index.php?rest_route=\/wp\/v2\/users\/1"}],"replies":[{"embeddable":true,"href":"https:\/\/news.ecclesia.org.br\/index.php?rest_route=%2Fwp%2Fv2%2Fcomments&post=5827"}],"version-history":[{"count":0,"href":"https:\/\/news.ecclesia.org.br\/index.php?rest_route=\/wp\/v2\/posts\/5827\/revisions"}],"wp:featuredmedia":[{"embeddable":true,"href":"https:\/\/news.ecclesia.org.br\/index.php?rest_route=\/wp\/v2\/media\/17538"}],"wp:attachment":[{"href":"https:\/\/news.ecclesia.org.br\/index.php?rest_route=%2Fwp%2Fv2%2Fmedia&parent=5827"}],"wp:term":[{"taxonomy":"category","embeddable":true,"href":"https:\/\/news.ecclesia.org.br\/index.php?rest_route=%2Fwp%2Fv2%2Fcategories&post=5827"},{"taxonomy":"post_tag","embeddable":true,"href":"https:\/\/news.ecclesia.org.br\/index.php?rest_route=%2Fwp%2Fv2%2Ftags&post=5827"}],"curies":[{"name":"wp","href":"https:\/\/api.w.org\/{rel}","templated":true}]}}