{"id":5697,"date":"2011-03-25T22:07:40","date_gmt":"2011-03-26T00:07:40","guid":{"rendered":"http:\/\/www.ecclesia.com.br\/news\/?p=5697"},"modified":"2016-03-18T16:05:55","modified_gmt":"2016-03-18T16:05:55","slug":"pronunciamento-do-professor-constantino-comninos-consul-honorario-da-grecia-por-ocasiao-das-festividades-da-data-nacional-da-grecia","status":"publish","type":"post","link":"https:\/\/news.ecclesia.org.br\/?p=5697","title":{"rendered":"Pronunciamento do Professor Constantino Comninos, C\u00f4nsul Honor\u00e1rio da Gr\u00e9cia, por ocasi\u00e3o das festividades da Data Nacional da Gr\u00e9cia"},"content":{"rendered":"<figure id=\"attachment_8097\" aria-describedby=\"caption-attachment-8097\" style=\"width: 300px\" class=\"wp-caption alignleft\"><img fetchpriority=\"high\" decoding=\"async\" class=\"size-medium wp-image-8097\" src=\"https:\/\/news.ecclesia.org.br\/2013\/wp-content\/uploads\/2011\/11\/consul-cwb-constantino-comninos-300x225.jpg\" alt=\"Constantino Comninos - C\u00f4nsul Honor\u00e1rio, Professor. Arconte do Patriarcado Ecum\u00eanico de Constantinopla \u2013 2010\" width=\"300\" height=\"225\" srcset=\"https:\/\/news.ecclesia.org.br\/wp-content\/uploads\/2011\/11\/consul-cwb-constantino-comninos-300x225.jpg 300w, https:\/\/news.ecclesia.org.br\/wp-content\/uploads\/2011\/11\/consul-cwb-constantino-comninos-73x55.jpg 73w, https:\/\/news.ecclesia.org.br\/wp-content\/uploads\/2011\/11\/consul-cwb-constantino-comninos.jpg 440w\" sizes=\"(max-width: 300px) 100vw, 300px\" \/><figcaption id=\"caption-attachment-8097\" class=\"wp-caption-text\">Constantino Comninos &#8211; C\u00f4nsul Honor\u00e1rio, Professor. Arconte do Patriarcado Ecum\u00eanico de Constantinopla \u2013 2010<\/figcaption><\/figure>\n<p style=\"text-align: justify;\">O Dia 25 de mar\u00e7o de 1821 \u00e9 a data que deu in\u00edcio a luta pela Independ\u00eancia da Gr\u00e9cia e que determinou a forma\u00e7\u00e3o do Estado Moderno Grego, reconhecido pelas grandes pot\u00eancias da \u00e9poca e em seguida pelas demais na\u00e7\u00f5es que at\u00e9 hoje integram a sociedade internacional. Como disse P\u00e9ricles em seu famoso discurso em Maratona, &#8220;\u00e9 o momento para reverenciar n\u00e3o os que lutaram, mas os her\u00f3is que deram a sua vida pela grandeza da Gr\u00e9cia&#8221;. Her\u00f3is estes que, com o seu exemplo legaram o seu ideal de liberdade, fraternidade e justi\u00e7a \u00e0s gera\u00e7\u00f5es futuras, ou seja, a vontade de manter vivo o ide\u00e1rio de um povo, cuja cultura milenar vem singrando os s\u00e9culos desde a antiguidade.<\/p>\n<p style=\"text-align: justify;\">Ressalto a dupla import\u00e2ncia desta data hist\u00f3rica, tendo em vista que o 25 de mar\u00e7o faz parte do Hagiol\u00f3gico Crist\u00e3o como o Dia da Anuncia\u00e7\u00e3o do Senhor, (em grego EVANGELISM\u00d3S). Este fato solidifica a integra\u00e7\u00e3o do Estado Moderno Grego com a Igreja Crist\u00e3 Ortodoxa Grega, a quem se deve a preserva\u00e7\u00e3o da l\u00edngua grega e o ideal de liberdade que era ensinado e cultivado nas escolas clandestinas, utilizando os espa\u00e7os das Igrejas e Mosteiros no per\u00edodo da ocupa\u00e7\u00e3o Otomana, por cerca de 400 anos, a partir da desintegra\u00e7\u00e3o do Imp\u00e9rio Bizantino com a Queda de Constantinopla no ano de 1453 [&#8230;] Leia a Mensagem na \u00edntegra <a href=\"http:\/\/ecclesia.com.br\/news2011\/wp-content\/uploads\/2011\/03\/mensagem-constantino-comninos1.pdf\" target=\"_blank\">AQUI<\/a>.<\/p>\n","protected":false},"excerpt":{"rendered":"<p>O Dia 25 de mar\u00e7o de 1821 \u00e9 a data que deu in\u00edcio a luta pela Independ\u00eancia da Gr\u00e9cia e que determinou a forma\u00e7\u00e3o do Estado Moderno Grego, reconhecido pelas grandes pot\u00eancias da \u00e9poca e em seguida pelas demais na\u00e7\u00f5es&#8230;<\/p>\n","protected":false},"author":1,"featured_media":5899,"comment_status":"open","ping_status":"open","sticky":false,"template":"","format":"standard","meta":{"_acf_changed":false,"footnotes":""},"categories":[1],"tags":[],"class_list":["post-5697","post","type-post","status-publish","format-standard","has-post-thumbnail","hentry","category-news","entry","rows-excerpt"],"acf":[],"yoast_head":"<!-- This site is optimized with the Yoast SEO plugin v27.5 - https:\/\/yoast.com\/product\/yoast-seo-wordpress\/ -->\n<title>Pronunciamento do Professor Constantino Comninos, C\u00f4nsul Honor\u00e1rio da Gr\u00e9cia, por ocasi\u00e3o das festividades da Data Nacional da Gr\u00e9cia | ECCLESIA NEWS<\/title>\n<meta name=\"robots\" content=\"index, follow, max-snippet:-1, max-image-preview:large, max-video-preview:-1\" \/>\n<link rel=\"canonical\" href=\"https:\/\/news.ecclesia.org.br\/?p=5697\" \/>\n<meta property=\"og:locale\" content=\"pt_BR\" \/>\n<meta property=\"og:type\" content=\"article\" \/>\n<meta property=\"og:title\" content=\"Pronunciamento do Professor Constantino Comninos, C\u00f4nsul Honor\u00e1rio da Gr\u00e9cia, por ocasi\u00e3o das festividades da Data Nacional da Gr\u00e9cia | ECCLESIA NEWS\" \/>\n<meta property=\"og:description\" content=\"O Dia 25 de mar\u00e7o de 1821 \u00e9 a data que deu in\u00edcio a luta pela Independ\u00eancia da Gr\u00e9cia e que determinou a forma\u00e7\u00e3o do Estado Moderno Grego, reconhecido pelas grandes pot\u00eancias da \u00e9poca e em seguida pelas demais na\u00e7\u00f5es&#8230;\" \/>\n<meta property=\"og:url\" content=\"https:\/\/news.ecclesia.org.br\/?p=5697\" \/>\n<meta property=\"og:site_name\" content=\"ECCLESIA NEWS\" \/>\n<meta property=\"article:publisher\" content=\"https:\/\/www.facebook.com\/Ecclesia2025\" \/>\n<meta property=\"article:published_time\" content=\"2011-03-26T00:07:40+00:00\" \/>\n<meta property=\"article:modified_time\" content=\"2016-03-18T16:05:55+00:00\" \/>\n<meta property=\"og:image\" content=\"https:\/\/news.ecclesia.org.br\/wp-content\/uploads\/2011\/03\/constantino-comninos.jpg\" \/>\n\t<meta property=\"og:image:width\" content=\"320\" \/>\n\t<meta property=\"og:image:height\" content=\"240\" \/>\n\t<meta property=\"og:image:type\" content=\"image\/jpeg\" \/>\n<meta name=\"author\" content=\"Pe. Andr\u00e9\" \/>\n<meta name=\"twitter:card\" content=\"summary_large_image\" \/>\n<meta name=\"twitter:creator\" content=\"@EcclesiaNews\" \/>\n<meta name=\"twitter:site\" content=\"@EcclesiaNews\" \/>\n<meta name=\"twitter:label1\" content=\"Escrito por\" \/>\n\t<meta name=\"twitter:data1\" content=\"Pe. Andr\u00e9\" \/>\n\t<meta name=\"twitter:label2\" content=\"Est. tempo de leitura\" \/>\n\t<meta name=\"twitter:data2\" content=\"1 minuto\" \/>\n<script type=\"application\/ld+json\" class=\"yoast-schema-graph\">{\"@context\":\"https:\\\/\\\/schema.org\",\"@graph\":[{\"@type\":\"Article\",\"@id\":\"https:\\\/\\\/news.ecclesia.org.br\\\/?p=5697#article\",\"isPartOf\":{\"@id\":\"https:\\\/\\\/news.ecclesia.org.br\\\/?p=5697\"},\"author\":{\"name\":\"Pe. Andr\u00e9\",\"@id\":\"https:\\\/\\\/news.ecclesia.org.br\\\/#\\\/schema\\\/person\\\/6f09597f025829745ba414a569f63758\"},\"headline\":\"Pronunciamento do Professor Constantino Comninos, C\u00f4nsul Honor\u00e1rio da Gr\u00e9cia, por ocasi\u00e3o das festividades da Data Nacional da Gr\u00e9cia\",\"datePublished\":\"2011-03-26T00:07:40+00:00\",\"dateModified\":\"2016-03-18T16:05:55+00:00\",\"mainEntityOfPage\":{\"@id\":\"https:\\\/\\\/news.ecclesia.org.br\\\/?p=5697\"},\"wordCount\":293,\"commentCount\":0,\"publisher\":{\"@id\":\"https:\\\/\\\/news.ecclesia.org.br\\\/#organization\"},\"image\":{\"@id\":\"https:\\\/\\\/news.ecclesia.org.br\\\/?p=5697#primaryimage\"},\"thumbnailUrl\":\"https:\\\/\\\/news.ecclesia.org.br\\\/wp-content\\\/uploads\\\/2011\\\/03\\\/constantino-comninos.jpg\",\"articleSection\":[\"NEWS\"],\"inLanguage\":\"pt-BR\",\"potentialAction\":[{\"@type\":\"CommentAction\",\"name\":\"Comment\",\"target\":[\"https:\\\/\\\/news.ecclesia.org.br\\\/?p=5697#respond\"]}]},{\"@type\":\"WebPage\",\"@id\":\"https:\\\/\\\/news.ecclesia.org.br\\\/?p=5697\",\"url\":\"https:\\\/\\\/news.ecclesia.org.br\\\/?p=5697\",\"name\":\"Pronunciamento do Professor Constantino Comninos, C\u00f4nsul Honor\u00e1rio da Gr\u00e9cia, por ocasi\u00e3o das festividades da Data Nacional da Gr\u00e9cia | ECCLESIA NEWS\",\"isPartOf\":{\"@id\":\"https:\\\/\\\/news.ecclesia.org.br\\\/#website\"},\"primaryImageOfPage\":{\"@id\":\"https:\\\/\\\/news.ecclesia.org.br\\\/?p=5697#primaryimage\"},\"image\":{\"@id\":\"https:\\\/\\\/news.ecclesia.org.br\\\/?p=5697#primaryimage\"},\"thumbnailUrl\":\"https:\\\/\\\/news.ecclesia.org.br\\\/wp-content\\\/uploads\\\/2011\\\/03\\\/constantino-comninos.jpg\",\"datePublished\":\"2011-03-26T00:07:40+00:00\",\"dateModified\":\"2016-03-18T16:05:55+00:00\",\"breadcrumb\":{\"@id\":\"https:\\\/\\\/news.ecclesia.org.br\\\/?p=5697#breadcrumb\"},\"inLanguage\":\"pt-BR\",\"potentialAction\":[{\"@type\":\"ReadAction\",\"target\":[\"https:\\\/\\\/news.ecclesia.org.br\\\/?p=5697\"]}]},{\"@type\":\"ImageObject\",\"inLanguage\":\"pt-BR\",\"@id\":\"https:\\\/\\\/news.ecclesia.org.br\\\/?p=5697#primaryimage\",\"url\":\"https:\\\/\\\/news.ecclesia.org.br\\\/wp-content\\\/uploads\\\/2011\\\/03\\\/constantino-comninos.jpg\",\"contentUrl\":\"https:\\\/\\\/news.ecclesia.org.br\\\/wp-content\\\/uploads\\\/2011\\\/03\\\/constantino-comninos.jpg\",\"width\":320,\"height\":240},{\"@type\":\"BreadcrumbList\",\"@id\":\"https:\\\/\\\/news.ecclesia.org.br\\\/?p=5697#breadcrumb\",\"itemListElement\":[{\"@type\":\"ListItem\",\"position\":1,\"name\":\"In\u00edcio\",\"item\":\"https:\\\/\\\/news.ecclesia.org.br\\\/\"},{\"@type\":\"ListItem\",\"position\":2,\"name\":\"Pronunciamento do Professor Constantino Comninos, C\u00f4nsul Honor\u00e1rio da Gr\u00e9cia, por ocasi\u00e3o das festividades da Data Nacional da Gr\u00e9cia\"}]},{\"@type\":\"WebSite\",\"@id\":\"https:\\\/\\\/news.ecclesia.org.br\\\/#website\",\"url\":\"https:\\\/\\\/news.ecclesia.org.br\\\/\",\"name\":\"Ecclesia Brasil\",\"description\":\"Desde 2003 onectando o Brasil ao mundo ortodoxo!\",\"publisher\":{\"@id\":\"https:\\\/\\\/news.ecclesia.org.br\\\/#organization\"},\"alternateName\":\"Ecclesia\",\"potentialAction\":[{\"@type\":\"SearchAction\",\"target\":{\"@type\":\"EntryPoint\",\"urlTemplate\":\"https:\\\/\\\/news.ecclesia.org.br\\\/?s={search_term_string}\"},\"query-input\":{\"@type\":\"PropertyValueSpecification\",\"valueRequired\":true,\"valueName\":\"search_term_string\"}}],\"inLanguage\":\"pt-BR\"},{\"@type\":\"Organization\",\"@id\":\"https:\\\/\\\/news.ecclesia.org.br\\\/#organization\",\"name\":\"Sacra Arquidiocese de Buenos Aires e Am\u00e9rica do Sul | Patriarcado Ecum\u00eanico\",\"alternateName\":\"News Ecclesia Brasil\",\"url\":\"https:\\\/\\\/news.ecclesia.org.br\\\/\",\"logo\":{\"@type\":\"ImageObject\",\"inLanguage\":\"pt-BR\",\"@id\":\"https:\\\/\\\/news.ecclesia.org.br\\\/#\\\/schema\\\/logo\\\/image\\\/\",\"url\":\"https:\\\/\\\/news.ecclesia.org.br\\\/wp-content\\\/uploads\\\/2025\\\/05\\\/ecclesia2.png\",\"contentUrl\":\"https:\\\/\\\/news.ecclesia.org.br\\\/wp-content\\\/uploads\\\/2025\\\/05\\\/ecclesia2.png\",\"width\":480,\"height\":120,\"caption\":\"Sacra Arquidiocese de Buenos Aires e Am\u00e9rica do Sul | Patriarcado Ecum\u00eanico\"},\"image\":{\"@id\":\"https:\\\/\\\/news.ecclesia.org.br\\\/#\\\/schema\\\/logo\\\/image\\\/\"},\"sameAs\":[\"https:\\\/\\\/www.facebook.com\\\/Ecclesia2025\",\"https:\\\/\\\/x.com\\\/EcclesiaNews\",\"https:\\\/\\\/br.pinterest.com\\\/ekklisia\\\/\",\"https:\\\/\\\/www.youtube.com\\\/@EcclesiaBrasil\"]},{\"@type\":\"Person\",\"@id\":\"https:\\\/\\\/news.ecclesia.org.br\\\/#\\\/schema\\\/person\\\/6f09597f025829745ba414a569f63758\",\"name\":\"Pe. Andr\u00e9\",\"image\":{\"@type\":\"ImageObject\",\"inLanguage\":\"pt-BR\",\"@id\":\"https:\\\/\\\/secure.gravatar.com\\\/avatar\\\/b4327cfa27e9799da239a26adcd534fc29cdc0c4a4a148eecbcfeb9b42c617ac?s=96&d=mm&r=g\",\"url\":\"https:\\\/\\\/secure.gravatar.com\\\/avatar\\\/b4327cfa27e9799da239a26adcd534fc29cdc0c4a4a148eecbcfeb9b42c617ac?s=96&d=mm&r=g\",\"contentUrl\":\"https:\\\/\\\/secure.gravatar.com\\\/avatar\\\/b4327cfa27e9799da239a26adcd534fc29cdc0c4a4a148eecbcfeb9b42c617ac?s=96&d=mm&r=g\",\"caption\":\"Pe. Andr\u00e9\"},\"sameAs\":[\"https:\\\/\\\/www.ecclesia.org.br\"]}]}<\/script>\n<!-- \/ Yoast SEO plugin. -->","yoast_head_json":{"title":"Pronunciamento do Professor Constantino Comninos, C\u00f4nsul Honor\u00e1rio da Gr\u00e9cia, por ocasi\u00e3o das festividades da Data Nacional da Gr\u00e9cia | ECCLESIA NEWS","robots":{"index":"index","follow":"follow","max-snippet":"max-snippet:-1","max-image-preview":"max-image-preview:large","max-video-preview":"max-video-preview:-1"},"canonical":"https:\/\/news.ecclesia.org.br\/?p=5697","og_locale":"pt_BR","og_type":"article","og_title":"Pronunciamento do Professor Constantino Comninos, C\u00f4nsul Honor\u00e1rio da Gr\u00e9cia, por ocasi\u00e3o das festividades da Data Nacional da Gr\u00e9cia | ECCLESIA NEWS","og_description":"O Dia 25 de mar\u00e7o de 1821 \u00e9 a data que deu in\u00edcio a luta pela Independ\u00eancia da Gr\u00e9cia e que determinou a forma\u00e7\u00e3o do Estado Moderno Grego, reconhecido pelas grandes pot\u00eancias da \u00e9poca e em seguida pelas demais na\u00e7\u00f5es&#8230;","og_url":"https:\/\/news.ecclesia.org.br\/?p=5697","og_site_name":"ECCLESIA NEWS","article_publisher":"https:\/\/www.facebook.com\/Ecclesia2025","article_published_time":"2011-03-26T00:07:40+00:00","article_modified_time":"2016-03-18T16:05:55+00:00","og_image":[{"width":320,"height":240,"url":"https:\/\/news.ecclesia.org.br\/wp-content\/uploads\/2011\/03\/constantino-comninos.jpg","type":"image\/jpeg"}],"author":"Pe. Andr\u00e9","twitter_card":"summary_large_image","twitter_creator":"@EcclesiaNews","twitter_site":"@EcclesiaNews","twitter_misc":{"Escrito por":"Pe. Andr\u00e9","Est. tempo de leitura":"1 minuto"},"schema":{"@context":"https:\/\/schema.org","@graph":[{"@type":"Article","@id":"https:\/\/news.ecclesia.org.br\/?p=5697#article","isPartOf":{"@id":"https:\/\/news.ecclesia.org.br\/?p=5697"},"author":{"name":"Pe. Andr\u00e9","@id":"https:\/\/news.ecclesia.org.br\/#\/schema\/person\/6f09597f025829745ba414a569f63758"},"headline":"Pronunciamento do Professor Constantino Comninos, C\u00f4nsul Honor\u00e1rio da Gr\u00e9cia, por ocasi\u00e3o das festividades da Data Nacional da Gr\u00e9cia","datePublished":"2011-03-26T00:07:40+00:00","dateModified":"2016-03-18T16:05:55+00:00","mainEntityOfPage":{"@id":"https:\/\/news.ecclesia.org.br\/?p=5697"},"wordCount":293,"commentCount":0,"publisher":{"@id":"https:\/\/news.ecclesia.org.br\/#organization"},"image":{"@id":"https:\/\/news.ecclesia.org.br\/?p=5697#primaryimage"},"thumbnailUrl":"https:\/\/news.ecclesia.org.br\/wp-content\/uploads\/2011\/03\/constantino-comninos.jpg","articleSection":["NEWS"],"inLanguage":"pt-BR","potentialAction":[{"@type":"CommentAction","name":"Comment","target":["https:\/\/news.ecclesia.org.br\/?p=5697#respond"]}]},{"@type":"WebPage","@id":"https:\/\/news.ecclesia.org.br\/?p=5697","url":"https:\/\/news.ecclesia.org.br\/?p=5697","name":"Pronunciamento do Professor Constantino Comninos, C\u00f4nsul Honor\u00e1rio da Gr\u00e9cia, por ocasi\u00e3o das festividades da Data Nacional da Gr\u00e9cia | ECCLESIA NEWS","isPartOf":{"@id":"https:\/\/news.ecclesia.org.br\/#website"},"primaryImageOfPage":{"@id":"https:\/\/news.ecclesia.org.br\/?p=5697#primaryimage"},"image":{"@id":"https:\/\/news.ecclesia.org.br\/?p=5697#primaryimage"},"thumbnailUrl":"https:\/\/news.ecclesia.org.br\/wp-content\/uploads\/2011\/03\/constantino-comninos.jpg","datePublished":"2011-03-26T00:07:40+00:00","dateModified":"2016-03-18T16:05:55+00:00","breadcrumb":{"@id":"https:\/\/news.ecclesia.org.br\/?p=5697#breadcrumb"},"inLanguage":"pt-BR","potentialAction":[{"@type":"ReadAction","target":["https:\/\/news.ecclesia.org.br\/?p=5697"]}]},{"@type":"ImageObject","inLanguage":"pt-BR","@id":"https:\/\/news.ecclesia.org.br\/?p=5697#primaryimage","url":"https:\/\/news.ecclesia.org.br\/wp-content\/uploads\/2011\/03\/constantino-comninos.jpg","contentUrl":"https:\/\/news.ecclesia.org.br\/wp-content\/uploads\/2011\/03\/constantino-comninos.jpg","width":320,"height":240},{"@type":"BreadcrumbList","@id":"https:\/\/news.ecclesia.org.br\/?p=5697#breadcrumb","itemListElement":[{"@type":"ListItem","position":1,"name":"In\u00edcio","item":"https:\/\/news.ecclesia.org.br\/"},{"@type":"ListItem","position":2,"name":"Pronunciamento do Professor Constantino Comninos, C\u00f4nsul Honor\u00e1rio da Gr\u00e9cia, por ocasi\u00e3o das festividades da Data Nacional da Gr\u00e9cia"}]},{"@type":"WebSite","@id":"https:\/\/news.ecclesia.org.br\/#website","url":"https:\/\/news.ecclesia.org.br\/","name":"Ecclesia Brasil","description":"Desde 2003 onectando o Brasil ao mundo ortodoxo!","publisher":{"@id":"https:\/\/news.ecclesia.org.br\/#organization"},"alternateName":"Ecclesia","potentialAction":[{"@type":"SearchAction","target":{"@type":"EntryPoint","urlTemplate":"https:\/\/news.ecclesia.org.br\/?s={search_term_string}"},"query-input":{"@type":"PropertyValueSpecification","valueRequired":true,"valueName":"search_term_string"}}],"inLanguage":"pt-BR"},{"@type":"Organization","@id":"https:\/\/news.ecclesia.org.br\/#organization","name":"Sacra Arquidiocese de Buenos Aires e Am\u00e9rica do Sul | Patriarcado Ecum\u00eanico","alternateName":"News Ecclesia Brasil","url":"https:\/\/news.ecclesia.org.br\/","logo":{"@type":"ImageObject","inLanguage":"pt-BR","@id":"https:\/\/news.ecclesia.org.br\/#\/schema\/logo\/image\/","url":"https:\/\/news.ecclesia.org.br\/wp-content\/uploads\/2025\/05\/ecclesia2.png","contentUrl":"https:\/\/news.ecclesia.org.br\/wp-content\/uploads\/2025\/05\/ecclesia2.png","width":480,"height":120,"caption":"Sacra Arquidiocese de Buenos Aires e Am\u00e9rica do Sul | Patriarcado Ecum\u00eanico"},"image":{"@id":"https:\/\/news.ecclesia.org.br\/#\/schema\/logo\/image\/"},"sameAs":["https:\/\/www.facebook.com\/Ecclesia2025","https:\/\/x.com\/EcclesiaNews","https:\/\/br.pinterest.com\/ekklisia\/","https:\/\/www.youtube.com\/@EcclesiaBrasil"]},{"@type":"Person","@id":"https:\/\/news.ecclesia.org.br\/#\/schema\/person\/6f09597f025829745ba414a569f63758","name":"Pe. Andr\u00e9","image":{"@type":"ImageObject","inLanguage":"pt-BR","@id":"https:\/\/secure.gravatar.com\/avatar\/b4327cfa27e9799da239a26adcd534fc29cdc0c4a4a148eecbcfeb9b42c617ac?s=96&d=mm&r=g","url":"https:\/\/secure.gravatar.com\/avatar\/b4327cfa27e9799da239a26adcd534fc29cdc0c4a4a148eecbcfeb9b42c617ac?s=96&d=mm&r=g","contentUrl":"https:\/\/secure.gravatar.com\/avatar\/b4327cfa27e9799da239a26adcd534fc29cdc0c4a4a148eecbcfeb9b42c617ac?s=96&d=mm&r=g","caption":"Pe. Andr\u00e9"},"sameAs":["https:\/\/www.ecclesia.org.br"]}]}},"_links":{"self":[{"href":"https:\/\/news.ecclesia.org.br\/index.php?rest_route=\/wp\/v2\/posts\/5697","targetHints":{"allow":["GET"]}}],"collection":[{"href":"https:\/\/news.ecclesia.org.br\/index.php?rest_route=\/wp\/v2\/posts"}],"about":[{"href":"https:\/\/news.ecclesia.org.br\/index.php?rest_route=\/wp\/v2\/types\/post"}],"author":[{"embeddable":true,"href":"https:\/\/news.ecclesia.org.br\/index.php?rest_route=\/wp\/v2\/users\/1"}],"replies":[{"embeddable":true,"href":"https:\/\/news.ecclesia.org.br\/index.php?rest_route=%2Fwp%2Fv2%2Fcomments&post=5697"}],"version-history":[{"count":0,"href":"https:\/\/news.ecclesia.org.br\/index.php?rest_route=\/wp\/v2\/posts\/5697\/revisions"}],"wp:featuredmedia":[{"embeddable":true,"href":"https:\/\/news.ecclesia.org.br\/index.php?rest_route=\/wp\/v2\/media\/5899"}],"wp:attachment":[{"href":"https:\/\/news.ecclesia.org.br\/index.php?rest_route=%2Fwp%2Fv2%2Fmedia&parent=5697"}],"wp:term":[{"taxonomy":"category","embeddable":true,"href":"https:\/\/news.ecclesia.org.br\/index.php?rest_route=%2Fwp%2Fv2%2Fcategories&post=5697"},{"taxonomy":"post_tag","embeddable":true,"href":"https:\/\/news.ecclesia.org.br\/index.php?rest_route=%2Fwp%2Fv2%2Ftags&post=5697"}],"curies":[{"name":"wp","href":"https:\/\/api.w.org\/{rel}","templated":true}]}}