{"id":5692,"date":"2011-03-25T21:54:05","date_gmt":"2011-03-25T23:54:05","guid":{"rendered":"http:\/\/www.ecclesia.com.br\/news\/?p=5692"},"modified":"2016-03-18T16:06:45","modified_gmt":"2016-03-18T16:06:45","slug":"mensagem-do-vice-ministro-de-relacoes-exteriores-sr-demetri-dollis-por-ocasiao-da-data-nacional-de-25-de-marco","status":"publish","type":"post","link":"https:\/\/news.ecclesia.org.br\/?p=5692","title":{"rendered":"Mensagem do Vice Ministro de Rela\u00e7\u00f5es Exteriores, Sr. Demetri Dollis, por ocasi\u00e3o da data nacional de 25 de Mar\u00e7o"},"content":{"rendered":"<p style=\"text-align: justify;\"><img fetchpriority=\"high\" decoding=\"async\" class=\"alignleft size-medium wp-image-10519\" src=\"https:\/\/news.ecclesia.org.br\/2013\/wp-content\/uploads\/2012\/03\/dimitris-dollis-1-300x232.jpg\" alt=\"dimitris-dollis\" width=\"300\" height=\"232\" srcset=\"https:\/\/news.ecclesia.org.br\/wp-content\/uploads\/2012\/03\/dimitris-dollis-1-300x232.jpg 300w, https:\/\/news.ecclesia.org.br\/wp-content\/uploads\/2012\/03\/dimitris-dollis-1-71x55.jpg 71w, https:\/\/news.ecclesia.org.br\/wp-content\/uploads\/2012\/03\/dimitris-dollis-1.jpg 426w\" sizes=\"(max-width: 300px) 100vw, 300px\" \/>A data do in\u00edcio da luta para conquistar a independ\u00eancia no dia 25 de Mar\u00e7o, na mesma data da grande Festa Lit\u00fargica da Anuncia\u00e7\u00e3o da M\u00e3e de Deus, traz de novo \u00e0 nossa mem\u00f3ria aqueles guerreiros her\u00f3icos que ofereceram suas vida, com sacrif\u00edcio e abnega\u00e7\u00e3o, realizando o ideal de libertar a P\u00e1tria ap\u00f3s centenas de anos de submiss\u00e3o. A luta pela liberdade contra um oponente militarmente superior e num ambiente internacional, a princ\u00edpio, hostil, foi vitoriosa, porque os gregos submetidos em sua pr\u00f3pria P\u00e1tria, juntamente com os gregos da Di\u00e1spora, lutaram unidos e solid\u00e1rios sob a bandeira de um ideal maior, o de conquistar uma vida com dignidade e liberdade, para si mesmo e, principalmente, para as gera\u00e7\u00f5es futuras&#8230;<\/p>\n<p>Clique <a href=\"http:\/\/ecclesia.com.br\/news2011\/wp-content\/uploads\/2011\/03\/mhnyma-dolli.pdf\" target=\"_blank\">AQUI <\/a>para ler a mensagem na \u00edntegra, em grego e portugu\u00eas.<\/p>\n","protected":false},"excerpt":{"rendered":"<p>A data do in\u00edcio da luta para conquistar a independ\u00eancia no dia 25 de Mar\u00e7o, na mesma data da grande Festa Lit\u00fargica da Anuncia\u00e7\u00e3o da M\u00e3e de Deus, traz de novo \u00e0 nossa mem\u00f3ria aqueles guerreiros her\u00f3icos que ofereceram suas&#8230;<\/p>\n","protected":false},"author":1,"featured_media":10519,"comment_status":"open","ping_status":"open","sticky":false,"template":"","format":"standard","meta":{"_acf_changed":false,"footnotes":""},"categories":[1],"tags":[],"class_list":["post-5692","post","type-post","status-publish","format-standard","has-post-thumbnail","hentry","category-news","entry","rows-excerpt"],"acf":[],"yoast_head":"<!-- This site is optimized with the Yoast SEO plugin v27.5 - https:\/\/yoast.com\/product\/yoast-seo-wordpress\/ -->\n<title>Mensagem do Vice Ministro de Rela\u00e7\u00f5es Exteriores, Sr. Demetri Dollis, por ocasi\u00e3o da data nacional de 25 de Mar\u00e7o | ECCLESIA NEWS<\/title>\n<meta name=\"robots\" content=\"index, follow, max-snippet:-1, max-image-preview:large, max-video-preview:-1\" \/>\n<link rel=\"canonical\" href=\"https:\/\/news.ecclesia.org.br\/?p=5692\" \/>\n<meta property=\"og:locale\" content=\"pt_BR\" \/>\n<meta property=\"og:type\" content=\"article\" \/>\n<meta property=\"og:title\" content=\"Mensagem do Vice Ministro de Rela\u00e7\u00f5es Exteriores, Sr. Demetri Dollis, por ocasi\u00e3o da data nacional de 25 de Mar\u00e7o | ECCLESIA NEWS\" \/>\n<meta property=\"og:description\" content=\"A data do in\u00edcio da luta para conquistar a independ\u00eancia no dia 25 de Mar\u00e7o, na mesma data da grande Festa Lit\u00fargica da Anuncia\u00e7\u00e3o da M\u00e3e de Deus, traz de novo \u00e0 nossa mem\u00f3ria aqueles guerreiros her\u00f3icos que ofereceram suas&#8230;\" \/>\n<meta property=\"og:url\" content=\"https:\/\/news.ecclesia.org.br\/?p=5692\" \/>\n<meta property=\"og:site_name\" content=\"ECCLESIA NEWS\" \/>\n<meta property=\"article:publisher\" content=\"https:\/\/www.facebook.com\/Ecclesia2025\" \/>\n<meta property=\"article:published_time\" content=\"2011-03-25T23:54:05+00:00\" \/>\n<meta property=\"article:modified_time\" content=\"2016-03-18T16:06:45+00:00\" \/>\n<meta property=\"og:image\" content=\"https:\/\/news.ecclesia.org.br\/wp-content\/uploads\/2012\/03\/dimitris-dollis-1.jpg\" \/>\n\t<meta property=\"og:image:width\" content=\"426\" \/>\n\t<meta property=\"og:image:height\" content=\"330\" \/>\n\t<meta property=\"og:image:type\" content=\"image\/jpeg\" \/>\n<meta name=\"author\" content=\"Pe. Andr\u00e9\" \/>\n<meta name=\"twitter:card\" content=\"summary_large_image\" \/>\n<meta name=\"twitter:creator\" content=\"@EcclesiaNews\" \/>\n<meta name=\"twitter:site\" content=\"@EcclesiaNews\" \/>\n<meta name=\"twitter:label1\" content=\"Escrito por\" \/>\n\t<meta name=\"twitter:data1\" content=\"Pe. Andr\u00e9\" \/>\n\t<meta name=\"twitter:label2\" content=\"Est. tempo de leitura\" \/>\n\t<meta name=\"twitter:data2\" content=\"1 minuto\" \/>\n<script type=\"application\/ld+json\" class=\"yoast-schema-graph\">{\"@context\":\"https:\\\/\\\/schema.org\",\"@graph\":[{\"@type\":\"Article\",\"@id\":\"https:\\\/\\\/news.ecclesia.org.br\\\/?p=5692#article\",\"isPartOf\":{\"@id\":\"https:\\\/\\\/news.ecclesia.org.br\\\/?p=5692\"},\"author\":{\"name\":\"Pe. Andr\u00e9\",\"@id\":\"https:\\\/\\\/news.ecclesia.org.br\\\/#\\\/schema\\\/person\\\/6f09597f025829745ba414a569f63758\"},\"headline\":\"Mensagem do Vice Ministro de Rela\u00e7\u00f5es Exteriores, Sr. Demetri Dollis, por ocasi\u00e3o da data nacional de 25 de Mar\u00e7o\",\"datePublished\":\"2011-03-25T23:54:05+00:00\",\"dateModified\":\"2016-03-18T16:06:45+00:00\",\"mainEntityOfPage\":{\"@id\":\"https:\\\/\\\/news.ecclesia.org.br\\\/?p=5692\"},\"wordCount\":170,\"commentCount\":0,\"publisher\":{\"@id\":\"https:\\\/\\\/news.ecclesia.org.br\\\/#organization\"},\"image\":{\"@id\":\"https:\\\/\\\/news.ecclesia.org.br\\\/?p=5692#primaryimage\"},\"thumbnailUrl\":\"https:\\\/\\\/news.ecclesia.org.br\\\/wp-content\\\/uploads\\\/2012\\\/03\\\/dimitris-dollis-1.jpg\",\"articleSection\":[\"NEWS\"],\"inLanguage\":\"pt-BR\",\"potentialAction\":[{\"@type\":\"CommentAction\",\"name\":\"Comment\",\"target\":[\"https:\\\/\\\/news.ecclesia.org.br\\\/?p=5692#respond\"]}]},{\"@type\":\"WebPage\",\"@id\":\"https:\\\/\\\/news.ecclesia.org.br\\\/?p=5692\",\"url\":\"https:\\\/\\\/news.ecclesia.org.br\\\/?p=5692\",\"name\":\"Mensagem do Vice Ministro de Rela\u00e7\u00f5es Exteriores, Sr. Demetri Dollis, por ocasi\u00e3o da data nacional de 25 de Mar\u00e7o | ECCLESIA NEWS\",\"isPartOf\":{\"@id\":\"https:\\\/\\\/news.ecclesia.org.br\\\/#website\"},\"primaryImageOfPage\":{\"@id\":\"https:\\\/\\\/news.ecclesia.org.br\\\/?p=5692#primaryimage\"},\"image\":{\"@id\":\"https:\\\/\\\/news.ecclesia.org.br\\\/?p=5692#primaryimage\"},\"thumbnailUrl\":\"https:\\\/\\\/news.ecclesia.org.br\\\/wp-content\\\/uploads\\\/2012\\\/03\\\/dimitris-dollis-1.jpg\",\"datePublished\":\"2011-03-25T23:54:05+00:00\",\"dateModified\":\"2016-03-18T16:06:45+00:00\",\"breadcrumb\":{\"@id\":\"https:\\\/\\\/news.ecclesia.org.br\\\/?p=5692#breadcrumb\"},\"inLanguage\":\"pt-BR\",\"potentialAction\":[{\"@type\":\"ReadAction\",\"target\":[\"https:\\\/\\\/news.ecclesia.org.br\\\/?p=5692\"]}]},{\"@type\":\"ImageObject\",\"inLanguage\":\"pt-BR\",\"@id\":\"https:\\\/\\\/news.ecclesia.org.br\\\/?p=5692#primaryimage\",\"url\":\"https:\\\/\\\/news.ecclesia.org.br\\\/wp-content\\\/uploads\\\/2012\\\/03\\\/dimitris-dollis-1.jpg\",\"contentUrl\":\"https:\\\/\\\/news.ecclesia.org.br\\\/wp-content\\\/uploads\\\/2012\\\/03\\\/dimitris-dollis-1.jpg\",\"width\":426,\"height\":330},{\"@type\":\"BreadcrumbList\",\"@id\":\"https:\\\/\\\/news.ecclesia.org.br\\\/?p=5692#breadcrumb\",\"itemListElement\":[{\"@type\":\"ListItem\",\"position\":1,\"name\":\"In\u00edcio\",\"item\":\"https:\\\/\\\/news.ecclesia.org.br\\\/\"},{\"@type\":\"ListItem\",\"position\":2,\"name\":\"Mensagem do Vice Ministro de Rela\u00e7\u00f5es Exteriores, Sr. Demetri Dollis, por ocasi\u00e3o da data nacional de 25 de Mar\u00e7o\"}]},{\"@type\":\"WebSite\",\"@id\":\"https:\\\/\\\/news.ecclesia.org.br\\\/#website\",\"url\":\"https:\\\/\\\/news.ecclesia.org.br\\\/\",\"name\":\"Ecclesia Brasil\",\"description\":\"Desde 2003 onectando o Brasil ao mundo ortodoxo!\",\"publisher\":{\"@id\":\"https:\\\/\\\/news.ecclesia.org.br\\\/#organization\"},\"alternateName\":\"Ecclesia\",\"potentialAction\":[{\"@type\":\"SearchAction\",\"target\":{\"@type\":\"EntryPoint\",\"urlTemplate\":\"https:\\\/\\\/news.ecclesia.org.br\\\/?s={search_term_string}\"},\"query-input\":{\"@type\":\"PropertyValueSpecification\",\"valueRequired\":true,\"valueName\":\"search_term_string\"}}],\"inLanguage\":\"pt-BR\"},{\"@type\":\"Organization\",\"@id\":\"https:\\\/\\\/news.ecclesia.org.br\\\/#organization\",\"name\":\"Sacra Arquidiocese de Buenos Aires e Am\u00e9rica do Sul | Patriarcado Ecum\u00eanico\",\"alternateName\":\"News Ecclesia Brasil\",\"url\":\"https:\\\/\\\/news.ecclesia.org.br\\\/\",\"logo\":{\"@type\":\"ImageObject\",\"inLanguage\":\"pt-BR\",\"@id\":\"https:\\\/\\\/news.ecclesia.org.br\\\/#\\\/schema\\\/logo\\\/image\\\/\",\"url\":\"https:\\\/\\\/news.ecclesia.org.br\\\/wp-content\\\/uploads\\\/2025\\\/05\\\/ecclesia2.png\",\"contentUrl\":\"https:\\\/\\\/news.ecclesia.org.br\\\/wp-content\\\/uploads\\\/2025\\\/05\\\/ecclesia2.png\",\"width\":480,\"height\":120,\"caption\":\"Sacra Arquidiocese de Buenos Aires e Am\u00e9rica do Sul | Patriarcado Ecum\u00eanico\"},\"image\":{\"@id\":\"https:\\\/\\\/news.ecclesia.org.br\\\/#\\\/schema\\\/logo\\\/image\\\/\"},\"sameAs\":[\"https:\\\/\\\/www.facebook.com\\\/Ecclesia2025\",\"https:\\\/\\\/x.com\\\/EcclesiaNews\",\"https:\\\/\\\/br.pinterest.com\\\/ekklisia\\\/\",\"https:\\\/\\\/www.youtube.com\\\/@EcclesiaBrasil\"]},{\"@type\":\"Person\",\"@id\":\"https:\\\/\\\/news.ecclesia.org.br\\\/#\\\/schema\\\/person\\\/6f09597f025829745ba414a569f63758\",\"name\":\"Pe. Andr\u00e9\",\"image\":{\"@type\":\"ImageObject\",\"inLanguage\":\"pt-BR\",\"@id\":\"https:\\\/\\\/secure.gravatar.com\\\/avatar\\\/b4327cfa27e9799da239a26adcd534fc29cdc0c4a4a148eecbcfeb9b42c617ac?s=96&d=mm&r=g\",\"url\":\"https:\\\/\\\/secure.gravatar.com\\\/avatar\\\/b4327cfa27e9799da239a26adcd534fc29cdc0c4a4a148eecbcfeb9b42c617ac?s=96&d=mm&r=g\",\"contentUrl\":\"https:\\\/\\\/secure.gravatar.com\\\/avatar\\\/b4327cfa27e9799da239a26adcd534fc29cdc0c4a4a148eecbcfeb9b42c617ac?s=96&d=mm&r=g\",\"caption\":\"Pe. Andr\u00e9\"},\"sameAs\":[\"https:\\\/\\\/www.ecclesia.org.br\"]}]}<\/script>\n<!-- \/ Yoast SEO plugin. -->","yoast_head_json":{"title":"Mensagem do Vice Ministro de Rela\u00e7\u00f5es Exteriores, Sr. Demetri Dollis, por ocasi\u00e3o da data nacional de 25 de Mar\u00e7o | ECCLESIA NEWS","robots":{"index":"index","follow":"follow","max-snippet":"max-snippet:-1","max-image-preview":"max-image-preview:large","max-video-preview":"max-video-preview:-1"},"canonical":"https:\/\/news.ecclesia.org.br\/?p=5692","og_locale":"pt_BR","og_type":"article","og_title":"Mensagem do Vice Ministro de Rela\u00e7\u00f5es Exteriores, Sr. Demetri Dollis, por ocasi\u00e3o da data nacional de 25 de Mar\u00e7o | ECCLESIA NEWS","og_description":"A data do in\u00edcio da luta para conquistar a independ\u00eancia no dia 25 de Mar\u00e7o, na mesma data da grande Festa Lit\u00fargica da Anuncia\u00e7\u00e3o da M\u00e3e de Deus, traz de novo \u00e0 nossa mem\u00f3ria aqueles guerreiros her\u00f3icos que ofereceram suas&#8230;","og_url":"https:\/\/news.ecclesia.org.br\/?p=5692","og_site_name":"ECCLESIA NEWS","article_publisher":"https:\/\/www.facebook.com\/Ecclesia2025","article_published_time":"2011-03-25T23:54:05+00:00","article_modified_time":"2016-03-18T16:06:45+00:00","og_image":[{"width":426,"height":330,"url":"https:\/\/news.ecclesia.org.br\/wp-content\/uploads\/2012\/03\/dimitris-dollis-1.jpg","type":"image\/jpeg"}],"author":"Pe. Andr\u00e9","twitter_card":"summary_large_image","twitter_creator":"@EcclesiaNews","twitter_site":"@EcclesiaNews","twitter_misc":{"Escrito por":"Pe. Andr\u00e9","Est. tempo de leitura":"1 minuto"},"schema":{"@context":"https:\/\/schema.org","@graph":[{"@type":"Article","@id":"https:\/\/news.ecclesia.org.br\/?p=5692#article","isPartOf":{"@id":"https:\/\/news.ecclesia.org.br\/?p=5692"},"author":{"name":"Pe. Andr\u00e9","@id":"https:\/\/news.ecclesia.org.br\/#\/schema\/person\/6f09597f025829745ba414a569f63758"},"headline":"Mensagem do Vice Ministro de Rela\u00e7\u00f5es Exteriores, Sr. Demetri Dollis, por ocasi\u00e3o da data nacional de 25 de Mar\u00e7o","datePublished":"2011-03-25T23:54:05+00:00","dateModified":"2016-03-18T16:06:45+00:00","mainEntityOfPage":{"@id":"https:\/\/news.ecclesia.org.br\/?p=5692"},"wordCount":170,"commentCount":0,"publisher":{"@id":"https:\/\/news.ecclesia.org.br\/#organization"},"image":{"@id":"https:\/\/news.ecclesia.org.br\/?p=5692#primaryimage"},"thumbnailUrl":"https:\/\/news.ecclesia.org.br\/wp-content\/uploads\/2012\/03\/dimitris-dollis-1.jpg","articleSection":["NEWS"],"inLanguage":"pt-BR","potentialAction":[{"@type":"CommentAction","name":"Comment","target":["https:\/\/news.ecclesia.org.br\/?p=5692#respond"]}]},{"@type":"WebPage","@id":"https:\/\/news.ecclesia.org.br\/?p=5692","url":"https:\/\/news.ecclesia.org.br\/?p=5692","name":"Mensagem do Vice Ministro de Rela\u00e7\u00f5es Exteriores, Sr. Demetri Dollis, por ocasi\u00e3o da data nacional de 25 de Mar\u00e7o | ECCLESIA NEWS","isPartOf":{"@id":"https:\/\/news.ecclesia.org.br\/#website"},"primaryImageOfPage":{"@id":"https:\/\/news.ecclesia.org.br\/?p=5692#primaryimage"},"image":{"@id":"https:\/\/news.ecclesia.org.br\/?p=5692#primaryimage"},"thumbnailUrl":"https:\/\/news.ecclesia.org.br\/wp-content\/uploads\/2012\/03\/dimitris-dollis-1.jpg","datePublished":"2011-03-25T23:54:05+00:00","dateModified":"2016-03-18T16:06:45+00:00","breadcrumb":{"@id":"https:\/\/news.ecclesia.org.br\/?p=5692#breadcrumb"},"inLanguage":"pt-BR","potentialAction":[{"@type":"ReadAction","target":["https:\/\/news.ecclesia.org.br\/?p=5692"]}]},{"@type":"ImageObject","inLanguage":"pt-BR","@id":"https:\/\/news.ecclesia.org.br\/?p=5692#primaryimage","url":"https:\/\/news.ecclesia.org.br\/wp-content\/uploads\/2012\/03\/dimitris-dollis-1.jpg","contentUrl":"https:\/\/news.ecclesia.org.br\/wp-content\/uploads\/2012\/03\/dimitris-dollis-1.jpg","width":426,"height":330},{"@type":"BreadcrumbList","@id":"https:\/\/news.ecclesia.org.br\/?p=5692#breadcrumb","itemListElement":[{"@type":"ListItem","position":1,"name":"In\u00edcio","item":"https:\/\/news.ecclesia.org.br\/"},{"@type":"ListItem","position":2,"name":"Mensagem do Vice Ministro de Rela\u00e7\u00f5es Exteriores, Sr. Demetri Dollis, por ocasi\u00e3o da data nacional de 25 de Mar\u00e7o"}]},{"@type":"WebSite","@id":"https:\/\/news.ecclesia.org.br\/#website","url":"https:\/\/news.ecclesia.org.br\/","name":"Ecclesia Brasil","description":"Desde 2003 onectando o Brasil ao mundo ortodoxo!","publisher":{"@id":"https:\/\/news.ecclesia.org.br\/#organization"},"alternateName":"Ecclesia","potentialAction":[{"@type":"SearchAction","target":{"@type":"EntryPoint","urlTemplate":"https:\/\/news.ecclesia.org.br\/?s={search_term_string}"},"query-input":{"@type":"PropertyValueSpecification","valueRequired":true,"valueName":"search_term_string"}}],"inLanguage":"pt-BR"},{"@type":"Organization","@id":"https:\/\/news.ecclesia.org.br\/#organization","name":"Sacra Arquidiocese de Buenos Aires e Am\u00e9rica do Sul | Patriarcado Ecum\u00eanico","alternateName":"News Ecclesia Brasil","url":"https:\/\/news.ecclesia.org.br\/","logo":{"@type":"ImageObject","inLanguage":"pt-BR","@id":"https:\/\/news.ecclesia.org.br\/#\/schema\/logo\/image\/","url":"https:\/\/news.ecclesia.org.br\/wp-content\/uploads\/2025\/05\/ecclesia2.png","contentUrl":"https:\/\/news.ecclesia.org.br\/wp-content\/uploads\/2025\/05\/ecclesia2.png","width":480,"height":120,"caption":"Sacra Arquidiocese de Buenos Aires e Am\u00e9rica do Sul | Patriarcado Ecum\u00eanico"},"image":{"@id":"https:\/\/news.ecclesia.org.br\/#\/schema\/logo\/image\/"},"sameAs":["https:\/\/www.facebook.com\/Ecclesia2025","https:\/\/x.com\/EcclesiaNews","https:\/\/br.pinterest.com\/ekklisia\/","https:\/\/www.youtube.com\/@EcclesiaBrasil"]},{"@type":"Person","@id":"https:\/\/news.ecclesia.org.br\/#\/schema\/person\/6f09597f025829745ba414a569f63758","name":"Pe. Andr\u00e9","image":{"@type":"ImageObject","inLanguage":"pt-BR","@id":"https:\/\/secure.gravatar.com\/avatar\/b4327cfa27e9799da239a26adcd534fc29cdc0c4a4a148eecbcfeb9b42c617ac?s=96&d=mm&r=g","url":"https:\/\/secure.gravatar.com\/avatar\/b4327cfa27e9799da239a26adcd534fc29cdc0c4a4a148eecbcfeb9b42c617ac?s=96&d=mm&r=g","contentUrl":"https:\/\/secure.gravatar.com\/avatar\/b4327cfa27e9799da239a26adcd534fc29cdc0c4a4a148eecbcfeb9b42c617ac?s=96&d=mm&r=g","caption":"Pe. Andr\u00e9"},"sameAs":["https:\/\/www.ecclesia.org.br"]}]}},"_links":{"self":[{"href":"https:\/\/news.ecclesia.org.br\/index.php?rest_route=\/wp\/v2\/posts\/5692","targetHints":{"allow":["GET"]}}],"collection":[{"href":"https:\/\/news.ecclesia.org.br\/index.php?rest_route=\/wp\/v2\/posts"}],"about":[{"href":"https:\/\/news.ecclesia.org.br\/index.php?rest_route=\/wp\/v2\/types\/post"}],"author":[{"embeddable":true,"href":"https:\/\/news.ecclesia.org.br\/index.php?rest_route=\/wp\/v2\/users\/1"}],"replies":[{"embeddable":true,"href":"https:\/\/news.ecclesia.org.br\/index.php?rest_route=%2Fwp%2Fv2%2Fcomments&post=5692"}],"version-history":[{"count":0,"href":"https:\/\/news.ecclesia.org.br\/index.php?rest_route=\/wp\/v2\/posts\/5692\/revisions"}],"wp:featuredmedia":[{"embeddable":true,"href":"https:\/\/news.ecclesia.org.br\/index.php?rest_route=\/wp\/v2\/media\/10519"}],"wp:attachment":[{"href":"https:\/\/news.ecclesia.org.br\/index.php?rest_route=%2Fwp%2Fv2%2Fmedia&parent=5692"}],"wp:term":[{"taxonomy":"category","embeddable":true,"href":"https:\/\/news.ecclesia.org.br\/index.php?rest_route=%2Fwp%2Fv2%2Fcategories&post=5692"},{"taxonomy":"post_tag","embeddable":true,"href":"https:\/\/news.ecclesia.org.br\/index.php?rest_route=%2Fwp%2Fv2%2Ftags&post=5692"}],"curies":[{"name":"wp","href":"https:\/\/api.w.org\/{rel}","templated":true}]}}