{"id":5688,"date":"2011-03-25T12:18:26","date_gmt":"2011-03-25T14:18:26","guid":{"rendered":"http:\/\/www.ecclesia.com.br\/news\/?p=5688"},"modified":"2016-03-18T16:07:39","modified_gmt":"2016-03-18T16:07:39","slug":"5688","status":"publish","type":"post","link":"https:\/\/news.ecclesia.org.br\/?p=5688","title":{"rendered":"Mensagem do Presidente da Rep\u00fablica da Gr\u00e9cia aos gregos da di\u00e1spora, por ocasi\u00e3o das comemora\u00e7\u00f5es da Independ\u00eancia da Gr\u00e9cia"},"content":{"rendered":"<p style=\"text-align: justify;\">A celebra\u00e7\u00e3o do dia 25 de mar\u00e7o \u00e9 para os gregos em todo o mundo uma eleva\u00e7\u00e3o e um orgulho nacional. Os gregos, juntos, prestam homenagem aos combatentes de 1821, que, com hero\u00edsmo, sacrificaram as suas vidas pela Liberdade, a Independ\u00eancia Nacional e a Democracia.<\/p>\n<p style=\"text-align: justify;\">Os gregos da di\u00e1spora responderam tamb\u00e9m na chamada para a Revolu\u00e7\u00e3o, que mudou o curso da hist\u00f3ria da Gr\u00e9cia moderna, transmitindo a mensagem &#8220;Liberdade ou Morte&#8221; em toda a Europa e o mundo. A sua pr\u00f3pria interven\u00e7\u00e3o contribuiu para o desfecho vitorioso da luta da liberta\u00e7\u00e3o nacional contra um imp\u00e9rio que parecia invenc\u00edvel.<\/p>\n<p style=\"text-align: justify;\">Com o mesmo fervor e dedica\u00e7\u00e3o, voc\u00eas, os representantes do nosso pa\u00eds no exterior, s\u00e3o a ponte entre a p\u00e1tria e os pa\u00edses onde voc\u00eas vivem, trabalham e evoluem.<\/p>\n<p style=\"text-align: justify;\">A era atual, a principal caracter\u00edstica do que \u00e9 a crise econ\u00f4mica, exige unanimidade e vigil\u00e2ncia, a fim de dar uma resposta criativa aos verdadeiros desafios e dificuldades que temos em frente. Nas condi\u00e7\u00f5es adversas que est\u00e3o surgindo em ambos os assuntos nacionais e internacionais, n\u00e3o esque\u00e7amos que somente juntos poderemos tornar o imposs\u00edvel poss\u00edvel.<\/p>\n<p style=\"text-align: justify;\">Com estes pensamentos e os sentimentos de alegria e emo\u00e7\u00e3o, eu desejo a todos voc\u00eas e suas fam\u00edlias sa\u00fade, felicidade e todo o progresso, tanto pessoal quanto coletivo.<\/p>\n<p style=\"text-align: center;\">**********<\/p>\n<p class=\"MsoNormal\" style=\"text-align: justify;\">\u039c\u03ae\u03bd\u03c5\u03bc\u03b1 \u03c4\u03bf\u03c5 \u03a0\u03c1\u03bf\u03ad\u03b4\u03c1\u03bf\u03c5 \u03c4\u03b7\u03c2 \u0394\u03b7\u03bc\u03bf\u03ba\u03c1\u03b1\u03c4\u03af\u03b1\u03c2 \u03ba. \u039a\u03ac\u03c1\u03bf\u03bb\u03bf\u03c5 \u03a0\u03b1\u03c0\u03bf\u03cd\u03bb\u03b9\u03b1 \u03c0\u03c1\u03bf\u03c2 \u03c4\u03bf\u03c5\u03c2 \u0388\u03bb\u03bb\u03b7\u03bd\u03b5\u03c2 \u03c4\u03bf\u03c5 \u0395\u03be\u03c9\u03c4\u03b5\u03c1\u03b9\u03ba\u03bf\u03cd \u03bc\u03b5 \u03c4\u03b7\u03bd \u03b5\u03c5\u03ba\u03b1\u03b9\u03c1\u03af\u03b1 \u03c4\u03b7\u03c2 \u0395\u03b8\u03bd\u03b9\u03ba\u03ae\u03c2 \u0395\u03c0\u03b5\u03c4\u03b5\u03af\u03bf\u03c5 \u03c4\u03b7\u03c2 25\u03b7\u03c2 \u039c\u03b1\u03c1\u03c4\u03af\u03bf\u03c5 1821<\/p>\n<p class=\"MsoNormal\" style=\"text-align: justify;\">\u039f \u03b5\u03bf\u03c1\u03c4\u03b1\u03c3\u03bc\u03cc\u03c2 \u03c4\u03b7\u03c2 25\u03b7\u03c2 \u039c\u03b1\u03c1\u03c4\u03af\u03bf\u03c5 \u03b1\u03c0\u03bf\u03c4\u03b5\u03bb\u03b5\u03af \u03b3\u03b9\u03b1 \u03c4\u03bf\u03c5\u03c2 \u0388\u03bb\u03bb\u03b7\u03bd\u03b5\u03c2 \u03cc\u03c0\u03bf\u03c5 \u03b3\u03b7\u03c2 \u03b7\u03bc\u03ad\u03c1\u03b1 \u03b5\u03b8\u03bd\u03b9\u03ba\u03ae\u03c2 \u03b1\u03bd\u03ac\u03c4\u03b1\u03c3\u03b7\u03c2 \u03ba\u03b1\u03b9 \u03c5\u03c0\u03b5\u03c1\u03b7\u03c6\u03ac\u03bd\u03b5\u03b9\u03b1\u03c2. \u03a3\u03cd\u03c3\u03c3\u03c9\u03bc\u03bf\u03c2 \u03bf \u03b5\u03bb\u03bb\u03b7\u03bd\u03b9\u03c3\u03bc\u03cc\u03c2 \u03b1\u03c0\u03bf\u03c4\u03af\u03b5\u03b9 \u03c6\u03cc\u03c1\u03bf \u03c4\u03b9\u03bc\u03ae\u03c2 \u03c3\u03c4\u03bf\u03c5\u03c2 \u03b1\u03b3\u03c9\u03bd\u03b9\u03c3\u03c4\u03ad\u03c2 \u03c4\u03bf\u03c5 \u201821 \u03c0\u03bf\u03c5, \u03bc\u03b5 \u03b1\u03c5\u03c4\u03b1\u03c0\u03ac\u03c1\u03bd\u03b7\u03c3\u03b7 \u03ba\u03b1\u03b9 \u03b7\u03c1\u03c9\u03b9\u03c3\u03bc\u03cc, \u03b8\u03c5\u03c3\u03af\u03b1\u03c3\u03b1\u03bd \u03c4\u03b7 \u03b6\u03c9\u03ae \u03c4\u03bf\u03c5\u03c2 \u03c3\u03c4\u03bf \u03cc\u03bd\u03bf\u03bc\u03b1 \u03c4\u03b7\u03c2 \u0395\u03bb\u03b5\u03c5\u03b8\u03b5\u03c1\u03af\u03b1\u03c2, \u03c4\u03b7\u03c2 \u0395\u03b8\u03bd\u03b9\u03ba\u03ae\u03c2 \u0391\u03bd\u03b5\u03be\u03b1\u03c1\u03c4\u03b7\u03c3\u03af\u03b1\u03c2 \u03ba\u03b1\u03b9 \u03c4\u03b7\u03c2 \u0394\u03b7\u03bc\u03bf\u03ba\u03c1\u03b1\u03c4\u03af\u03b1\u03c2.<\/p>\n<p class=\"MsoNormal\" style=\"text-align: justify;\">\u0391\u03c0\u03cc \u03b5\u03ba\u03b5\u03af\u03bd\u03bf \u03c4\u03bf \u03b9\u03c3\u03c4\u03bf\u03c1\u03b9\u03ba\u03cc \u03ba\u03ac\u03bb\u03b5\u03c3\u03bc\u03b1 \u03c4\u03b7\u03c2 \u03b5\u03b8\u03bd\u03b5\u03b3\u03b5\u03c1\u03c3\u03af\u03b1\u03c2 \u03c0\u03bf\u03c5 \u03ac\u03bb\u03bb\u03b1\u03be\u03b5 \u03c4\u03bf \u03c1\u03bf\u03c5 \u03c4\u03b7\u03c2 \u03bd\u03b5\u03ce\u03c4\u03b5\u03c1\u03b7\u03c2 \u03b5\u03bb\u03bb\u03b7\u03bd\u03b9\u03ba\u03ae\u03c2 \u03b9\u03c3\u03c4\u03bf\u03c1\u03af\u03b1\u03c2, \u03bc\u03b5\u03c4\u03b1\u03b4\u03af\u03b4\u03bf\u03bd\u03c4\u03b1\u03c2 \u03c4\u03bf \u03bc\u03ae\u03bd\u03c5\u03bc\u03b1 \u00ab\u0395\u03bb\u03b5\u03c5\u03b8\u03b5\u03c1\u03af\u03b1 \u03ae \u0398\u03ac\u03bd\u03b1\u03c4\u03bf\u03c2\u00bb \u03c3\u03b5 \u03cc\u03bb\u03b7 \u03c4\u03b7\u03bd \u0395\u03c5\u03c1\u03ce\u03c0\u03b7 \u03ba\u03b1\u03b9 \u03c4\u03b7\u03bd \u039f\u03b9\u03ba\u03bf\u03c5\u03bc\u03ad\u03bd\u03b7, \u03b4\u03b5\u03bd \u03ad\u03bb\u03b5\u03b9\u03c8\u03b1\u03bd \u03bf\u03b9 \u0388\u03bb\u03bb\u03b7\u03bd\u03b5\u03c2 \u03c4\u03b7\u03c2 \u0394\u03b9\u03b1\u03c3\u03c0\u03bf\u03c1\u03ac\u03c2. \u0389\u03c4\u03b1\u03bd \u03ba\u03b1\u03b9 \u03b7 \u03b4\u03b9\u03ba\u03ae \u03c4\u03bf\u03c5\u03c2 \u03c0\u03b1\u03c1\u03ad\u03bc\u03b2\u03b1\u03c3\u03b7 \u03c0\u03bf\u03c5 \u03c3\u03c5\u03bd\u03ad\u03b2\u03b1\u03bb\u03b5 \u03c3\u03c4\u03b7 \u03bd\u03b9\u03ba\u03b7\u03c6\u03cc\u03c1\u03b1 \u03ad\u03ba\u03b2\u03b1\u03c3\u03b7 \u03c4\u03bf\u03c5 \u0395\u03b8\u03bd\u03b9\u03ba\u03bf\u03b1\u03c0\u03b5\u03bb\u03b5\u03c5\u03b8\u03b5\u03c1\u03c9\u03c4\u03b9\u03ba\u03bf\u03cd \u0391\u03b3\u03ce\u03bd\u03b1 \u03b5\u03bd\u03ac\u03bd\u03c4\u03b9\u03b1 \u03c3\u03b5 \u03bc\u03b9\u03b1 \u03b1\u03c5\u03c4\u03bf\u03ba\u03c1\u03b1\u03c4\u03bf\u03c1\u03af\u03b1 \u03c0\u03bf\u03c5 \u03c6\u03b1\u03b9\u03bd\u03cc\u03c4\u03b1\u03bd \u03ac\u03c4\u03c1\u03c9\u03c4\u03b7.<\/p>\n<p class=\"MsoNormal\" style=\"text-align: justify;\">\u039c\u03b5 \u03c4\u03b7\u03bd \u03af\u03b4\u03b9\u03b1 \u03b8\u03ad\u03c1\u03bc\u03b7 \u03ba\u03b1\u03b9 \u03c0\u03c1\u03bf\u03c3\u03ae\u03bb\u03c9\u03c3\u03b7, \u03b5\u03c3\u03b5\u03af\u03c2, \u03bf\u03b9 \u03c0\u03c1\u03b5\u03c3\u03b2\u03b5\u03c5\u03c4\u03ad\u03c2 \u03c4\u03b7\u03c2 \u03c7\u03ce\u03c1\u03b1\u03c2 \u03bc\u03b1\u03c2 \u03c3\u03c4\u03bf \u03b5\u03be\u03c9\u03c4\u03b5\u03c1\u03b9\u03ba\u03cc, \u03b1\u03c0\u03bf\u03c4\u03b5\u03bb\u03b5\u03af\u03c4\u03b5 \u03c4\u03b7 \u03b3\u03ad\u03c6\u03c5\u03c1\u03b1 \u03b1\u03bd\u03ac\u03bc\u03b5\u03c3\u03b1 \u03c3\u03c4\u03b7 \u03bc\u03b7\u03c4\u03ad\u03c1\u03b1 \u03c0\u03b1\u03c4\u03c1\u03af\u03b4\u03b1 \u03ba\u03b1\u03b9 \u03c4\u03b9\u03c2 \u03c7\u03ce\u03c1\u03b5\u03c2 \u03cc\u03c0\u03bf\u03c5 \u03b4\u03b9\u03b1\u03bc\u03ad\u03bd\u03b5\u03c4\u03b5, \u03b5\u03c1\u03b3\u03ac\u03b6\u03b5\u03c3\u03c4\u03b5 \u03ba\u03b1\u03b9 \u03b5\u03be\u03b5\u03bb\u03af\u03c3\u03c3\u03b5\u03c3\u03c4\u03b5.<\/p>\n<p class=\"MsoNormal\" style=\"text-align: justify;\">\u0397 \u03c3\u03b7\u03bc\u03b5\u03c1\u03b9\u03bd\u03ae \u03b5\u03c0\u03bf\u03c7\u03ae, \u03ba\u03cd\u03c1\u03b9\u03bf \u03c7\u03b1\u03c1\u03b1\u03ba\u03c4\u03b7\u03c1\u03b9\u03c3\u03c4\u03b9\u03ba\u03cc \u03c4\u03b7\u03c2 \u03bf\u03c0\u03bf\u03af\u03b1\u03c2 \u03b5\u03af\u03bd\u03b1\u03b9 \u03b7 \u03bf\u03b9\u03ba\u03bf\u03bd\u03bf\u03bc\u03b9\u03ba\u03ae \u03ba\u03c1\u03af\u03c3\u03b7, \u03b5\u03c0\u03b9\u03b2\u03ac\u03bb\u03bb\u03b5\u03b9 \u03c4\u03b7\u03bd \u03b1\u03bd\u03ac\u03bb\u03bf\u03b3\u03b7 \u03bf\u03bc\u03bf\u03b8\u03c5\u03bc\u03af\u03b1 \u03ba\u03b1\u03b9 \u03b5\u03b3\u03c1\u03ae\u03b3\u03bf\u03c1\u03c3\u03b7 \u03c0\u03c1\u03bf\u03ba\u03b5\u03b9\u03bc\u03ad\u03bd\u03bf\u03c5 \u03bd\u03b1 \u03b4\u03bf\u03b8\u03b5\u03af \u03b4\u03b7\u03bc\u03b9\u03bf\u03c5\u03c1\u03b3\u03b9\u03ba\u03ae \u03b1\u03c0\u03ac\u03bd\u03c4\u03b7\u03c3\u03b7 \u03c3\u03c4\u03b9\u03c2 \u03c5\u03c0\u03b1\u03c1\u03ba\u03c4\u03ad\u03c2 \u03c0\u03c1\u03bf\u03ba\u03bb\u03ae\u03c3\u03b5\u03b9\u03c2 \u03ba\u03b1\u03b9 \u03b4\u03c5\u03c3\u03ba\u03bf\u03bb\u03af\u03b5\u03c2 \u03c0\u03bf\u03c5 \u03ad\u03c7\u03bf\u03c5\u03bc\u03b5 \u03bc\u03c0\u03c1\u03bf\u03c3\u03c4\u03ac \u03bc\u03b1\u03c2. \u03a0\u03b1\u03c1\u03ac \u03c4\u03b9\u03c2 \u03b4\u03c5\u03c3\u03bc\u03b5\u03bd\u03b5\u03af\u03c2 \u03c3\u03c5\u03bd\u03b8\u03ae\u03ba\u03b5\u03c2 \u03c0\u03bf\u03c5 \u03b1\u03bd\u03b1\u03b4\u03cd\u03bf\u03bd\u03c4\u03b1\u03b9 \u03c4\u03cc\u03c3\u03bf \u03c3\u03c4\u03bf \u03b5\u03b8\u03bd\u03b9\u03ba\u03cc \u03cc\u03c3\u03bf \u03ba\u03b1\u03b9 \u03c3\u03c4\u03bf \u03b4\u03b9\u03b5\u03b8\u03bd\u03ad\u03c2 \u03b3\u03af\u03b3\u03bd\u03b5\u03c3\u03b8\u03b1\u03b9, \u03b4\u03b5\u03bd \u03be\u03b5\u03c7\u03bd\u03ac\u03bc\u03b5 \u03c0\u03c9\u03c2 \u03bc\u03cc\u03bd\u03bf \u03b5\u03bd\u03c9\u03bc\u03ad\u03bd\u03bf\u03b9 \u03bc\u03c0\u03bf\u03c1\u03bf\u03cd\u03bc\u03b5 \u03bd\u03b1 \u03ba\u03ac\u03bd\u03bf\u03c5\u03bc\u03b5 \u03c4\u03bf \u03b1\u03ba\u03b1\u03c4\u03cc\u03c1\u03b8\u03c9\u03c4\u03bf \u03b5\u03c6\u03b9\u03ba\u03c4\u03cc.<\/p>\n<p style=\"text-align: justify;\">\u039c\u03b5 \u03c4\u03b9\u03c2 \u03c3\u03ba\u03ad\u03c8\u03b5\u03b9\u03c2 \u03b1\u03c5\u03c4\u03ad\u03c2 \u03ba\u03b1\u03b9 \u03bc\u03b5 \u03b1\u03b9\u03c3\u03b8\u03ae\u03bc\u03b1\u03c4\u03b1 \u03c7\u03b1\u03c1\u03ac\u03c2 \u03ba\u03b1\u03b9 \u03c3\u03c5\u03b3\u03ba\u03af\u03bd\u03b7\u03c3\u03b7\u03c2 \u03b5\u03cd\u03c7\u03bf\u03bc\u03b1\u03b9 \u03c3\u03b5 \u03cc\u03bb\u03bf\u03c5\u03c2 \u03b5\u03c3\u03ac\u03c2 \u03ba\u03b1\u03b9 \u03c4\u03b9\u03c2 \u03bf\u03b9\u03ba\u03bf\u03b3\u03ad\u03bd\u03b5\u03b9\u03ad\u03c2 \u03c3\u03b1\u03c2 \u03c5\u03b3\u03b5\u03af\u03b1, \u03b5\u03c5\u03c4\u03c5\u03c7\u03af\u03b1 \u03ba\u03b1\u03b9 \u03ba\u03ac\u03b8\u03b5 \u03c0\u03c1\u03cc\u03bf\u03b4\u03bf \u03c4\u03cc\u03c3\u03bf \u03c3\u03b5 \u03c0\u03c1\u03bf\u03c3\u03c9\u03c0\u03b9\u03ba\u03cc \u03cc\u03c3\u03bf \u03ba\u03b1\u03b9 \u03c3\u03b5 \u03c3\u03c5\u03bb\u03bb\u03bf\u03b3\u03b9\u03ba\u03cc \u03b5\u03c0\u03af\u03c0\u03b5\u03b4\u03bf.<\/p>\n<p style=\"text-align: right;\"><em>Karolos Papoulias,<br \/>\nPresidente da Republica Hel\u00eanica<\/em><\/p>\n","protected":false},"excerpt":{"rendered":"<p>A celebra\u00e7\u00e3o do dia 25 de mar\u00e7o \u00e9 para os gregos em todo o mundo uma eleva\u00e7\u00e3o e um orgulho nacional. Os gregos, juntos, prestam homenagem aos combatentes de 1821, que, com hero\u00edsmo, sacrificaram as suas vidas pela Liberdade, a&#8230;<\/p>\n","protected":false},"author":1,"featured_media":5901,"comment_status":"open","ping_status":"open","sticky":false,"template":"","format":"standard","meta":{"_acf_changed":false,"footnotes":""},"categories":[1],"tags":[],"class_list":["post-5688","post","type-post","status-publish","format-standard","has-post-thumbnail","hentry","category-news","entry","rows-excerpt"],"acf":[],"yoast_head":"<!-- This site is optimized with the Yoast SEO plugin v27.5 - https:\/\/yoast.com\/product\/yoast-seo-wordpress\/ -->\n<title>Mensagem do Presidente da Rep\u00fablica da Gr\u00e9cia aos gregos da di\u00e1spora, por ocasi\u00e3o das comemora\u00e7\u00f5es da Independ\u00eancia da Gr\u00e9cia | ECCLESIA NEWS<\/title>\n<meta name=\"robots\" content=\"index, follow, max-snippet:-1, max-image-preview:large, max-video-preview:-1\" \/>\n<link rel=\"canonical\" href=\"https:\/\/news.ecclesia.org.br\/?p=5688\" \/>\n<meta property=\"og:locale\" content=\"pt_BR\" \/>\n<meta property=\"og:type\" content=\"article\" \/>\n<meta property=\"og:title\" content=\"Mensagem do Presidente da Rep\u00fablica da Gr\u00e9cia aos gregos da di\u00e1spora, por ocasi\u00e3o das comemora\u00e7\u00f5es da Independ\u00eancia da Gr\u00e9cia | ECCLESIA NEWS\" \/>\n<meta property=\"og:description\" content=\"A celebra\u00e7\u00e3o do dia 25 de mar\u00e7o \u00e9 para os gregos em todo o mundo uma eleva\u00e7\u00e3o e um orgulho nacional. Os gregos, juntos, prestam homenagem aos combatentes de 1821, que, com hero\u00edsmo, sacrificaram as suas vidas pela Liberdade, a&#8230;\" \/>\n<meta property=\"og:url\" content=\"https:\/\/news.ecclesia.org.br\/?p=5688\" \/>\n<meta property=\"og:site_name\" content=\"ECCLESIA NEWS\" \/>\n<meta property=\"article:publisher\" content=\"https:\/\/www.facebook.com\/Ecclesia2025\" \/>\n<meta property=\"article:published_time\" content=\"2011-03-25T14:18:26+00:00\" \/>\n<meta property=\"article:modified_time\" content=\"2016-03-18T16:07:39+00:00\" \/>\n<meta property=\"og:image\" content=\"https:\/\/news.ecclesia.org.br\/wp-content\/uploads\/2011\/03\/karolos-papoulias.jpg\" \/>\n\t<meta property=\"og:image:width\" content=\"320\" \/>\n\t<meta property=\"og:image:height\" content=\"240\" \/>\n\t<meta property=\"og:image:type\" content=\"image\/jpeg\" \/>\n<meta name=\"author\" content=\"Pe. Andr\u00e9\" \/>\n<meta name=\"twitter:card\" content=\"summary_large_image\" \/>\n<meta name=\"twitter:creator\" content=\"@EcclesiaNews\" \/>\n<meta name=\"twitter:site\" content=\"@EcclesiaNews\" \/>\n<meta name=\"twitter:label1\" content=\"Escrito por\" \/>\n\t<meta name=\"twitter:data1\" content=\"Pe. Andr\u00e9\" \/>\n\t<meta name=\"twitter:label2\" content=\"Est. tempo de leitura\" \/>\n\t<meta name=\"twitter:data2\" content=\"1 minuto\" \/>\n<script type=\"application\/ld+json\" class=\"yoast-schema-graph\">{\"@context\":\"https:\\\/\\\/schema.org\",\"@graph\":[{\"@type\":\"Article\",\"@id\":\"https:\\\/\\\/news.ecclesia.org.br\\\/?p=5688#article\",\"isPartOf\":{\"@id\":\"https:\\\/\\\/news.ecclesia.org.br\\\/?p=5688\"},\"author\":{\"name\":\"Pe. Andr\u00e9\",\"@id\":\"https:\\\/\\\/news.ecclesia.org.br\\\/#\\\/schema\\\/person\\\/6f09597f025829745ba414a569f63758\"},\"headline\":\"Mensagem do Presidente da Rep\u00fablica da Gr\u00e9cia aos gregos da di\u00e1spora, por ocasi\u00e3o das comemora\u00e7\u00f5es da Independ\u00eancia da Gr\u00e9cia\",\"datePublished\":\"2011-03-25T14:18:26+00:00\",\"dateModified\":\"2016-03-18T16:07:39+00:00\",\"mainEntityOfPage\":{\"@id\":\"https:\\\/\\\/news.ecclesia.org.br\\\/?p=5688\"},\"wordCount\":274,\"commentCount\":0,\"publisher\":{\"@id\":\"https:\\\/\\\/news.ecclesia.org.br\\\/#organization\"},\"image\":{\"@id\":\"https:\\\/\\\/news.ecclesia.org.br\\\/?p=5688#primaryimage\"},\"thumbnailUrl\":\"https:\\\/\\\/news.ecclesia.org.br\\\/wp-content\\\/uploads\\\/2011\\\/03\\\/karolos-papoulias.jpg\",\"articleSection\":[\"NEWS\"],\"inLanguage\":\"pt-BR\",\"potentialAction\":[{\"@type\":\"CommentAction\",\"name\":\"Comment\",\"target\":[\"https:\\\/\\\/news.ecclesia.org.br\\\/?p=5688#respond\"]}]},{\"@type\":\"WebPage\",\"@id\":\"https:\\\/\\\/news.ecclesia.org.br\\\/?p=5688\",\"url\":\"https:\\\/\\\/news.ecclesia.org.br\\\/?p=5688\",\"name\":\"Mensagem do Presidente da Rep\u00fablica da Gr\u00e9cia aos gregos da di\u00e1spora, por ocasi\u00e3o das comemora\u00e7\u00f5es da Independ\u00eancia da Gr\u00e9cia | ECCLESIA NEWS\",\"isPartOf\":{\"@id\":\"https:\\\/\\\/news.ecclesia.org.br\\\/#website\"},\"primaryImageOfPage\":{\"@id\":\"https:\\\/\\\/news.ecclesia.org.br\\\/?p=5688#primaryimage\"},\"image\":{\"@id\":\"https:\\\/\\\/news.ecclesia.org.br\\\/?p=5688#primaryimage\"},\"thumbnailUrl\":\"https:\\\/\\\/news.ecclesia.org.br\\\/wp-content\\\/uploads\\\/2011\\\/03\\\/karolos-papoulias.jpg\",\"datePublished\":\"2011-03-25T14:18:26+00:00\",\"dateModified\":\"2016-03-18T16:07:39+00:00\",\"breadcrumb\":{\"@id\":\"https:\\\/\\\/news.ecclesia.org.br\\\/?p=5688#breadcrumb\"},\"inLanguage\":\"pt-BR\",\"potentialAction\":[{\"@type\":\"ReadAction\",\"target\":[\"https:\\\/\\\/news.ecclesia.org.br\\\/?p=5688\"]}]},{\"@type\":\"ImageObject\",\"inLanguage\":\"pt-BR\",\"@id\":\"https:\\\/\\\/news.ecclesia.org.br\\\/?p=5688#primaryimage\",\"url\":\"https:\\\/\\\/news.ecclesia.org.br\\\/wp-content\\\/uploads\\\/2011\\\/03\\\/karolos-papoulias.jpg\",\"contentUrl\":\"https:\\\/\\\/news.ecclesia.org.br\\\/wp-content\\\/uploads\\\/2011\\\/03\\\/karolos-papoulias.jpg\",\"width\":320,\"height\":240},{\"@type\":\"BreadcrumbList\",\"@id\":\"https:\\\/\\\/news.ecclesia.org.br\\\/?p=5688#breadcrumb\",\"itemListElement\":[{\"@type\":\"ListItem\",\"position\":1,\"name\":\"In\u00edcio\",\"item\":\"https:\\\/\\\/news.ecclesia.org.br\\\/\"},{\"@type\":\"ListItem\",\"position\":2,\"name\":\"Mensagem do Presidente da Rep\u00fablica da Gr\u00e9cia aos gregos da di\u00e1spora, por ocasi\u00e3o das comemora\u00e7\u00f5es da Independ\u00eancia da Gr\u00e9cia\"}]},{\"@type\":\"WebSite\",\"@id\":\"https:\\\/\\\/news.ecclesia.org.br\\\/#website\",\"url\":\"https:\\\/\\\/news.ecclesia.org.br\\\/\",\"name\":\"Ecclesia Brasil\",\"description\":\"Desde 2003 onectando o Brasil ao mundo ortodoxo!\",\"publisher\":{\"@id\":\"https:\\\/\\\/news.ecclesia.org.br\\\/#organization\"},\"alternateName\":\"Ecclesia\",\"potentialAction\":[{\"@type\":\"SearchAction\",\"target\":{\"@type\":\"EntryPoint\",\"urlTemplate\":\"https:\\\/\\\/news.ecclesia.org.br\\\/?s={search_term_string}\"},\"query-input\":{\"@type\":\"PropertyValueSpecification\",\"valueRequired\":true,\"valueName\":\"search_term_string\"}}],\"inLanguage\":\"pt-BR\"},{\"@type\":\"Organization\",\"@id\":\"https:\\\/\\\/news.ecclesia.org.br\\\/#organization\",\"name\":\"Sacra Arquidiocese de Buenos Aires e Am\u00e9rica do Sul | Patriarcado Ecum\u00eanico\",\"alternateName\":\"News Ecclesia Brasil\",\"url\":\"https:\\\/\\\/news.ecclesia.org.br\\\/\",\"logo\":{\"@type\":\"ImageObject\",\"inLanguage\":\"pt-BR\",\"@id\":\"https:\\\/\\\/news.ecclesia.org.br\\\/#\\\/schema\\\/logo\\\/image\\\/\",\"url\":\"https:\\\/\\\/news.ecclesia.org.br\\\/wp-content\\\/uploads\\\/2025\\\/05\\\/ecclesia2.png\",\"contentUrl\":\"https:\\\/\\\/news.ecclesia.org.br\\\/wp-content\\\/uploads\\\/2025\\\/05\\\/ecclesia2.png\",\"width\":480,\"height\":120,\"caption\":\"Sacra Arquidiocese de Buenos Aires e Am\u00e9rica do Sul | Patriarcado Ecum\u00eanico\"},\"image\":{\"@id\":\"https:\\\/\\\/news.ecclesia.org.br\\\/#\\\/schema\\\/logo\\\/image\\\/\"},\"sameAs\":[\"https:\\\/\\\/www.facebook.com\\\/Ecclesia2025\",\"https:\\\/\\\/x.com\\\/EcclesiaNews\",\"https:\\\/\\\/br.pinterest.com\\\/ekklisia\\\/\",\"https:\\\/\\\/www.youtube.com\\\/@EcclesiaBrasil\"]},{\"@type\":\"Person\",\"@id\":\"https:\\\/\\\/news.ecclesia.org.br\\\/#\\\/schema\\\/person\\\/6f09597f025829745ba414a569f63758\",\"name\":\"Pe. Andr\u00e9\",\"image\":{\"@type\":\"ImageObject\",\"inLanguage\":\"pt-BR\",\"@id\":\"https:\\\/\\\/secure.gravatar.com\\\/avatar\\\/b4327cfa27e9799da239a26adcd534fc29cdc0c4a4a148eecbcfeb9b42c617ac?s=96&d=mm&r=g\",\"url\":\"https:\\\/\\\/secure.gravatar.com\\\/avatar\\\/b4327cfa27e9799da239a26adcd534fc29cdc0c4a4a148eecbcfeb9b42c617ac?s=96&d=mm&r=g\",\"contentUrl\":\"https:\\\/\\\/secure.gravatar.com\\\/avatar\\\/b4327cfa27e9799da239a26adcd534fc29cdc0c4a4a148eecbcfeb9b42c617ac?s=96&d=mm&r=g\",\"caption\":\"Pe. Andr\u00e9\"},\"sameAs\":[\"https:\\\/\\\/www.ecclesia.org.br\"]}]}<\/script>\n<!-- \/ Yoast SEO plugin. -->","yoast_head_json":{"title":"Mensagem do Presidente da Rep\u00fablica da Gr\u00e9cia aos gregos da di\u00e1spora, por ocasi\u00e3o das comemora\u00e7\u00f5es da Independ\u00eancia da Gr\u00e9cia | ECCLESIA NEWS","robots":{"index":"index","follow":"follow","max-snippet":"max-snippet:-1","max-image-preview":"max-image-preview:large","max-video-preview":"max-video-preview:-1"},"canonical":"https:\/\/news.ecclesia.org.br\/?p=5688","og_locale":"pt_BR","og_type":"article","og_title":"Mensagem do Presidente da Rep\u00fablica da Gr\u00e9cia aos gregos da di\u00e1spora, por ocasi\u00e3o das comemora\u00e7\u00f5es da Independ\u00eancia da Gr\u00e9cia | ECCLESIA NEWS","og_description":"A celebra\u00e7\u00e3o do dia 25 de mar\u00e7o \u00e9 para os gregos em todo o mundo uma eleva\u00e7\u00e3o e um orgulho nacional. Os gregos, juntos, prestam homenagem aos combatentes de 1821, que, com hero\u00edsmo, sacrificaram as suas vidas pela Liberdade, a&#8230;","og_url":"https:\/\/news.ecclesia.org.br\/?p=5688","og_site_name":"ECCLESIA NEWS","article_publisher":"https:\/\/www.facebook.com\/Ecclesia2025","article_published_time":"2011-03-25T14:18:26+00:00","article_modified_time":"2016-03-18T16:07:39+00:00","og_image":[{"width":320,"height":240,"url":"https:\/\/news.ecclesia.org.br\/wp-content\/uploads\/2011\/03\/karolos-papoulias.jpg","type":"image\/jpeg"}],"author":"Pe. Andr\u00e9","twitter_card":"summary_large_image","twitter_creator":"@EcclesiaNews","twitter_site":"@EcclesiaNews","twitter_misc":{"Escrito por":"Pe. Andr\u00e9","Est. tempo de leitura":"1 minuto"},"schema":{"@context":"https:\/\/schema.org","@graph":[{"@type":"Article","@id":"https:\/\/news.ecclesia.org.br\/?p=5688#article","isPartOf":{"@id":"https:\/\/news.ecclesia.org.br\/?p=5688"},"author":{"name":"Pe. Andr\u00e9","@id":"https:\/\/news.ecclesia.org.br\/#\/schema\/person\/6f09597f025829745ba414a569f63758"},"headline":"Mensagem do Presidente da Rep\u00fablica da Gr\u00e9cia aos gregos da di\u00e1spora, por ocasi\u00e3o das comemora\u00e7\u00f5es da Independ\u00eancia da Gr\u00e9cia","datePublished":"2011-03-25T14:18:26+00:00","dateModified":"2016-03-18T16:07:39+00:00","mainEntityOfPage":{"@id":"https:\/\/news.ecclesia.org.br\/?p=5688"},"wordCount":274,"commentCount":0,"publisher":{"@id":"https:\/\/news.ecclesia.org.br\/#organization"},"image":{"@id":"https:\/\/news.ecclesia.org.br\/?p=5688#primaryimage"},"thumbnailUrl":"https:\/\/news.ecclesia.org.br\/wp-content\/uploads\/2011\/03\/karolos-papoulias.jpg","articleSection":["NEWS"],"inLanguage":"pt-BR","potentialAction":[{"@type":"CommentAction","name":"Comment","target":["https:\/\/news.ecclesia.org.br\/?p=5688#respond"]}]},{"@type":"WebPage","@id":"https:\/\/news.ecclesia.org.br\/?p=5688","url":"https:\/\/news.ecclesia.org.br\/?p=5688","name":"Mensagem do Presidente da Rep\u00fablica da Gr\u00e9cia aos gregos da di\u00e1spora, por ocasi\u00e3o das comemora\u00e7\u00f5es da Independ\u00eancia da Gr\u00e9cia | ECCLESIA NEWS","isPartOf":{"@id":"https:\/\/news.ecclesia.org.br\/#website"},"primaryImageOfPage":{"@id":"https:\/\/news.ecclesia.org.br\/?p=5688#primaryimage"},"image":{"@id":"https:\/\/news.ecclesia.org.br\/?p=5688#primaryimage"},"thumbnailUrl":"https:\/\/news.ecclesia.org.br\/wp-content\/uploads\/2011\/03\/karolos-papoulias.jpg","datePublished":"2011-03-25T14:18:26+00:00","dateModified":"2016-03-18T16:07:39+00:00","breadcrumb":{"@id":"https:\/\/news.ecclesia.org.br\/?p=5688#breadcrumb"},"inLanguage":"pt-BR","potentialAction":[{"@type":"ReadAction","target":["https:\/\/news.ecclesia.org.br\/?p=5688"]}]},{"@type":"ImageObject","inLanguage":"pt-BR","@id":"https:\/\/news.ecclesia.org.br\/?p=5688#primaryimage","url":"https:\/\/news.ecclesia.org.br\/wp-content\/uploads\/2011\/03\/karolos-papoulias.jpg","contentUrl":"https:\/\/news.ecclesia.org.br\/wp-content\/uploads\/2011\/03\/karolos-papoulias.jpg","width":320,"height":240},{"@type":"BreadcrumbList","@id":"https:\/\/news.ecclesia.org.br\/?p=5688#breadcrumb","itemListElement":[{"@type":"ListItem","position":1,"name":"In\u00edcio","item":"https:\/\/news.ecclesia.org.br\/"},{"@type":"ListItem","position":2,"name":"Mensagem do Presidente da Rep\u00fablica da Gr\u00e9cia aos gregos da di\u00e1spora, por ocasi\u00e3o das comemora\u00e7\u00f5es da Independ\u00eancia da Gr\u00e9cia"}]},{"@type":"WebSite","@id":"https:\/\/news.ecclesia.org.br\/#website","url":"https:\/\/news.ecclesia.org.br\/","name":"Ecclesia Brasil","description":"Desde 2003 onectando o Brasil ao mundo ortodoxo!","publisher":{"@id":"https:\/\/news.ecclesia.org.br\/#organization"},"alternateName":"Ecclesia","potentialAction":[{"@type":"SearchAction","target":{"@type":"EntryPoint","urlTemplate":"https:\/\/news.ecclesia.org.br\/?s={search_term_string}"},"query-input":{"@type":"PropertyValueSpecification","valueRequired":true,"valueName":"search_term_string"}}],"inLanguage":"pt-BR"},{"@type":"Organization","@id":"https:\/\/news.ecclesia.org.br\/#organization","name":"Sacra Arquidiocese de Buenos Aires e Am\u00e9rica do Sul | Patriarcado Ecum\u00eanico","alternateName":"News Ecclesia Brasil","url":"https:\/\/news.ecclesia.org.br\/","logo":{"@type":"ImageObject","inLanguage":"pt-BR","@id":"https:\/\/news.ecclesia.org.br\/#\/schema\/logo\/image\/","url":"https:\/\/news.ecclesia.org.br\/wp-content\/uploads\/2025\/05\/ecclesia2.png","contentUrl":"https:\/\/news.ecclesia.org.br\/wp-content\/uploads\/2025\/05\/ecclesia2.png","width":480,"height":120,"caption":"Sacra Arquidiocese de Buenos Aires e Am\u00e9rica do Sul | Patriarcado Ecum\u00eanico"},"image":{"@id":"https:\/\/news.ecclesia.org.br\/#\/schema\/logo\/image\/"},"sameAs":["https:\/\/www.facebook.com\/Ecclesia2025","https:\/\/x.com\/EcclesiaNews","https:\/\/br.pinterest.com\/ekklisia\/","https:\/\/www.youtube.com\/@EcclesiaBrasil"]},{"@type":"Person","@id":"https:\/\/news.ecclesia.org.br\/#\/schema\/person\/6f09597f025829745ba414a569f63758","name":"Pe. Andr\u00e9","image":{"@type":"ImageObject","inLanguage":"pt-BR","@id":"https:\/\/secure.gravatar.com\/avatar\/b4327cfa27e9799da239a26adcd534fc29cdc0c4a4a148eecbcfeb9b42c617ac?s=96&d=mm&r=g","url":"https:\/\/secure.gravatar.com\/avatar\/b4327cfa27e9799da239a26adcd534fc29cdc0c4a4a148eecbcfeb9b42c617ac?s=96&d=mm&r=g","contentUrl":"https:\/\/secure.gravatar.com\/avatar\/b4327cfa27e9799da239a26adcd534fc29cdc0c4a4a148eecbcfeb9b42c617ac?s=96&d=mm&r=g","caption":"Pe. Andr\u00e9"},"sameAs":["https:\/\/www.ecclesia.org.br"]}]}},"_links":{"self":[{"href":"https:\/\/news.ecclesia.org.br\/index.php?rest_route=\/wp\/v2\/posts\/5688","targetHints":{"allow":["GET"]}}],"collection":[{"href":"https:\/\/news.ecclesia.org.br\/index.php?rest_route=\/wp\/v2\/posts"}],"about":[{"href":"https:\/\/news.ecclesia.org.br\/index.php?rest_route=\/wp\/v2\/types\/post"}],"author":[{"embeddable":true,"href":"https:\/\/news.ecclesia.org.br\/index.php?rest_route=\/wp\/v2\/users\/1"}],"replies":[{"embeddable":true,"href":"https:\/\/news.ecclesia.org.br\/index.php?rest_route=%2Fwp%2Fv2%2Fcomments&post=5688"}],"version-history":[{"count":0,"href":"https:\/\/news.ecclesia.org.br\/index.php?rest_route=\/wp\/v2\/posts\/5688\/revisions"}],"wp:featuredmedia":[{"embeddable":true,"href":"https:\/\/news.ecclesia.org.br\/index.php?rest_route=\/wp\/v2\/media\/5901"}],"wp:attachment":[{"href":"https:\/\/news.ecclesia.org.br\/index.php?rest_route=%2Fwp%2Fv2%2Fmedia&parent=5688"}],"wp:term":[{"taxonomy":"category","embeddable":true,"href":"https:\/\/news.ecclesia.org.br\/index.php?rest_route=%2Fwp%2Fv2%2Fcategories&post=5688"},{"taxonomy":"post_tag","embeddable":true,"href":"https:\/\/news.ecclesia.org.br\/index.php?rest_route=%2Fwp%2Fv2%2Ftags&post=5688"}],"curies":[{"name":"wp","href":"https:\/\/api.w.org\/{rel}","templated":true}]}}