{"id":5682,"date":"2011-03-23T16:05:23","date_gmt":"2011-03-23T18:05:23","guid":{"rendered":"http:\/\/www.ecclesia.com.br\/news\/?p=5682"},"modified":"2016-03-18T16:10:15","modified_gmt":"2016-03-18T16:10:15","slug":"japao-o-trabalho-da-igreja","status":"publish","type":"post","link":"https:\/\/news.ecclesia.org.br\/?p=5682","title":{"rendered":"Jap\u00e3o: o trabalho da Igreja"},"content":{"rendered":"<p style=\"text-align: justify;\">T\u00f3quio, 22 mar (<a href=\"http:\/\/www.oecumene.radiovaticana.org\/\">RV<\/a>) &#8211;\u00a0Os crist\u00e3os japoneses de todas as Igrejas e denomina\u00e7\u00f5es est\u00e3o se mobilizando para enfrentar a emerg\u00eancia depois do terremoto e do tsunami de 11 de mar\u00e7o. Como observam fontes a ag\u00eancia Fides na comunidade crist\u00e3 japonesa, &#8220;existe a inten\u00e7\u00e3o de aumentar o esfor\u00e7o unit\u00e1rio de solidariedade, para dar um sinal vis\u00edvel do amor ao pr\u00f3ximo, que Cristo nos ensinou&#8221;.<\/p>\n<p style=\"text-align: justify;\"><img fetchpriority=\"high\" decoding=\"async\" class=\"alignleft size-medium wp-image-11662\" src=\"https:\/\/news.ecclesia.org.br\/2013\/wp-content\/uploads\/2011\/03\/japao-terremoto-300x225.jpg\" alt=\"japao-terremoto\" width=\"300\" height=\"225\" srcset=\"https:\/\/news.ecclesia.org.br\/wp-content\/uploads\/2011\/03\/japao-terremoto-300x225.jpg 300w, https:\/\/news.ecclesia.org.br\/wp-content\/uploads\/2011\/03\/japao-terremoto-73x55.jpg 73w, https:\/\/news.ecclesia.org.br\/wp-content\/uploads\/2011\/03\/japao-terremoto.jpg 320w\" sizes=\"(max-width: 300px) 100vw, 300px\" \/>As numerosas comunidades que se mobilizaram &#8211; ativando tamb\u00e9m seu contatos a n\u00edvel internacional &#8211; falam, se confrontam e fazem uma cont\u00ednua troca de id\u00e9ias de informa\u00e7\u00f5es, id\u00e9ias e projetos gra\u00e7as \u00e0 web e especialmente nas redes sociais como Facebook. Al\u00e9m do trabalho da Igreja Cat\u00f3lica e da Caritas, nos \u00faltimos dias foi iniciado em Sendai, a \u00e1rea mais afetada pelo terremoto, &#8220;Earthquake Christian Disaster Centre&#8221; da United Church of Christ in Japan&#8217;s (UCCJ), e muitos volunt\u00e1rios crist\u00e3os, incluindo o diretor do Centro, o Rev. Hideo Ishibashi, est\u00e3o visitando as \u00e1reas afetadas para estudar as poss\u00edveis formas de interven\u00e7\u00e3o.<\/p>\n<p style=\"text-align: justify;\">Tamb\u00e9m em Sendai, o &#8220;Christian Relief Assistance, Support and Hope&#8221; (CRASH), uma rede de assist\u00eancia humanit\u00e1ria e social promovida pela comunidade crist\u00e3 evang\u00e9lica, gra\u00e7as ao trabalho corajoso dos volunt\u00e1rios, come\u00e7aram a levar ajuda (alimentos, cobertores ) para as pessoas deslocadas de Fukushima, nas \u00e1reas a cerca de 40 km da usina nuclear.<\/p>\n<p style=\"text-align: justify;\">O &#8220;National Christian Council in Japan&#8221; (NCCJ), que re\u00fane fi\u00e9is anglicanos, protestantes e crist\u00e3os de outras denomina\u00e7\u00f5es lan\u00e7aram uma campanha de ajuda com a inten\u00e7\u00e3o de &#8220;ajudar as pessoas que mais precisam, aqueles que perderam tudo&#8221;, e tamb\u00e9m se ativaram os fi\u00e9is luteranos, presentes com duas comunidades na \u00e1rea de Sendai. A Igreja Anglicana-Episcopal do Jap\u00e3o criou em T\u00f3quio o &#8220;Japan Baptist Union&#8221; (JBU), um quartel-general para coordenar os planos de emerg\u00eancia e a &#8220;Japan Baptist Union&#8221; (JBU), que perdeu alguns fi\u00e9is, v\u00edtimas da trag\u00e9dia, est\u00e1 recebendo uma v\u00e1lida e disposta ajuda para as opera\u00e7\u00f5es de socorro &#8220;Baptist World Aid&#8221;, organiza\u00e7\u00e3o beneficente que opera a n\u00edvel mundial.<\/p>\n<p style=\"text-align: justify;\">Nos \u00faltimos dias, a Igreja Ortodoxa Russa anunciou a coleta de fundos pr\u00f3-Jap\u00e3o, enquanto a rede YWCA (Young Women&#8217;s Christian Association) ofereceu a disponibilidade para acolher em suas estruturas de acolhimento os mais fr\u00e1geis e vulner\u00e1veis, especialmente crian\u00e7as e idosos. Outros grupos e comunidades que pertencem \u00e0 &#8220;Japan Evangelical Alliance&#8221;, como &#8220;Salvation Army of Japan&#8221;, &#8220;Japan Alliance Christ Church&#8221;, &#8220;World Vision Japan&#8221;, e outras organizaram uma rede de ajuda no campo que continua a se comunicar e se coordenar, sobretudo gra\u00e7as \u00e0s redes sociais. (SP)<\/p>\n<p style=\"text-align: justify;\">\n","protected":false},"excerpt":{"rendered":"<p>T\u00f3quio, 22 mar (RV) &#8211;\u00a0Os crist\u00e3os japoneses de todas as Igrejas e denomina\u00e7\u00f5es est\u00e3o se mobilizando para enfrentar a emerg\u00eancia depois do terremoto e do tsunami de 11 de mar\u00e7o. Como observam fontes a ag\u00eancia Fides na comunidade crist\u00e3 japonesa,&#8230;<\/p>\n","protected":false},"author":1,"featured_media":11662,"comment_status":"open","ping_status":"open","sticky":false,"template":"","format":"standard","meta":{"_acf_changed":false,"footnotes":""},"categories":[1],"tags":[],"class_list":["post-5682","post","type-post","status-publish","format-standard","has-post-thumbnail","hentry","category-news","entry","rows-excerpt"],"acf":[],"yoast_head":"<!-- This site is optimized with the Yoast SEO plugin v27.5 - https:\/\/yoast.com\/product\/yoast-seo-wordpress\/ -->\n<title>Jap\u00e3o: o trabalho da Igreja | ECCLESIA NEWS<\/title>\n<meta name=\"robots\" content=\"index, follow, max-snippet:-1, max-image-preview:large, max-video-preview:-1\" \/>\n<link rel=\"canonical\" href=\"https:\/\/news.ecclesia.org.br\/?p=5682\" \/>\n<meta property=\"og:locale\" content=\"pt_BR\" \/>\n<meta property=\"og:type\" content=\"article\" \/>\n<meta property=\"og:title\" content=\"Jap\u00e3o: o trabalho da Igreja | ECCLESIA NEWS\" \/>\n<meta property=\"og:description\" content=\"T\u00f3quio, 22 mar (RV) &#8211;\u00a0Os crist\u00e3os japoneses de todas as Igrejas e denomina\u00e7\u00f5es est\u00e3o se mobilizando para enfrentar a emerg\u00eancia depois do terremoto e do tsunami de 11 de mar\u00e7o. Como observam fontes a ag\u00eancia Fides na comunidade crist\u00e3 japonesa,&#8230;\" \/>\n<meta property=\"og:url\" content=\"https:\/\/news.ecclesia.org.br\/?p=5682\" \/>\n<meta property=\"og:site_name\" content=\"ECCLESIA NEWS\" \/>\n<meta property=\"article:publisher\" content=\"https:\/\/www.facebook.com\/Ecclesia2025\" \/>\n<meta property=\"article:published_time\" content=\"2011-03-23T18:05:23+00:00\" \/>\n<meta property=\"article:modified_time\" content=\"2016-03-18T16:10:15+00:00\" \/>\n<meta property=\"og:image\" content=\"https:\/\/news.ecclesia.org.br\/wp-content\/uploads\/2011\/03\/japao-terremoto.jpg\" \/>\n\t<meta property=\"og:image:width\" content=\"320\" \/>\n\t<meta property=\"og:image:height\" content=\"240\" \/>\n\t<meta property=\"og:image:type\" content=\"image\/jpeg\" \/>\n<meta name=\"author\" content=\"Pe. Andr\u00e9\" \/>\n<meta name=\"twitter:card\" content=\"summary_large_image\" \/>\n<meta name=\"twitter:creator\" content=\"@EcclesiaNews\" \/>\n<meta name=\"twitter:site\" content=\"@EcclesiaNews\" \/>\n<meta name=\"twitter:label1\" content=\"Escrito por\" \/>\n\t<meta name=\"twitter:data1\" content=\"Pe. Andr\u00e9\" \/>\n\t<meta name=\"twitter:label2\" content=\"Est. tempo de leitura\" \/>\n\t<meta name=\"twitter:data2\" content=\"2 minutos\" \/>\n<script type=\"application\/ld+json\" class=\"yoast-schema-graph\">{\"@context\":\"https:\\\/\\\/schema.org\",\"@graph\":[{\"@type\":\"Article\",\"@id\":\"https:\\\/\\\/news.ecclesia.org.br\\\/?p=5682#article\",\"isPartOf\":{\"@id\":\"https:\\\/\\\/news.ecclesia.org.br\\\/?p=5682\"},\"author\":{\"name\":\"Pe. Andr\u00e9\",\"@id\":\"https:\\\/\\\/news.ecclesia.org.br\\\/#\\\/schema\\\/person\\\/6f09597f025829745ba414a569f63758\"},\"headline\":\"Jap\u00e3o: o trabalho da Igreja\",\"datePublished\":\"2011-03-23T18:05:23+00:00\",\"dateModified\":\"2016-03-18T16:10:15+00:00\",\"mainEntityOfPage\":{\"@id\":\"https:\\\/\\\/news.ecclesia.org.br\\\/?p=5682\"},\"wordCount\":466,\"commentCount\":0,\"publisher\":{\"@id\":\"https:\\\/\\\/news.ecclesia.org.br\\\/#organization\"},\"image\":{\"@id\":\"https:\\\/\\\/news.ecclesia.org.br\\\/?p=5682#primaryimage\"},\"thumbnailUrl\":\"https:\\\/\\\/news.ecclesia.org.br\\\/wp-content\\\/uploads\\\/2011\\\/03\\\/japao-terremoto.jpg\",\"articleSection\":[\"NEWS\"],\"inLanguage\":\"pt-BR\",\"potentialAction\":[{\"@type\":\"CommentAction\",\"name\":\"Comment\",\"target\":[\"https:\\\/\\\/news.ecclesia.org.br\\\/?p=5682#respond\"]}]},{\"@type\":\"WebPage\",\"@id\":\"https:\\\/\\\/news.ecclesia.org.br\\\/?p=5682\",\"url\":\"https:\\\/\\\/news.ecclesia.org.br\\\/?p=5682\",\"name\":\"Jap\u00e3o: o trabalho da Igreja | ECCLESIA NEWS\",\"isPartOf\":{\"@id\":\"https:\\\/\\\/news.ecclesia.org.br\\\/#website\"},\"primaryImageOfPage\":{\"@id\":\"https:\\\/\\\/news.ecclesia.org.br\\\/?p=5682#primaryimage\"},\"image\":{\"@id\":\"https:\\\/\\\/news.ecclesia.org.br\\\/?p=5682#primaryimage\"},\"thumbnailUrl\":\"https:\\\/\\\/news.ecclesia.org.br\\\/wp-content\\\/uploads\\\/2011\\\/03\\\/japao-terremoto.jpg\",\"datePublished\":\"2011-03-23T18:05:23+00:00\",\"dateModified\":\"2016-03-18T16:10:15+00:00\",\"breadcrumb\":{\"@id\":\"https:\\\/\\\/news.ecclesia.org.br\\\/?p=5682#breadcrumb\"},\"inLanguage\":\"pt-BR\",\"potentialAction\":[{\"@type\":\"ReadAction\",\"target\":[\"https:\\\/\\\/news.ecclesia.org.br\\\/?p=5682\"]}]},{\"@type\":\"ImageObject\",\"inLanguage\":\"pt-BR\",\"@id\":\"https:\\\/\\\/news.ecclesia.org.br\\\/?p=5682#primaryimage\",\"url\":\"https:\\\/\\\/news.ecclesia.org.br\\\/wp-content\\\/uploads\\\/2011\\\/03\\\/japao-terremoto.jpg\",\"contentUrl\":\"https:\\\/\\\/news.ecclesia.org.br\\\/wp-content\\\/uploads\\\/2011\\\/03\\\/japao-terremoto.jpg\",\"width\":320,\"height\":240},{\"@type\":\"BreadcrumbList\",\"@id\":\"https:\\\/\\\/news.ecclesia.org.br\\\/?p=5682#breadcrumb\",\"itemListElement\":[{\"@type\":\"ListItem\",\"position\":1,\"name\":\"In\u00edcio\",\"item\":\"https:\\\/\\\/news.ecclesia.org.br\\\/\"},{\"@type\":\"ListItem\",\"position\":2,\"name\":\"Jap\u00e3o: o trabalho da Igreja\"}]},{\"@type\":\"WebSite\",\"@id\":\"https:\\\/\\\/news.ecclesia.org.br\\\/#website\",\"url\":\"https:\\\/\\\/news.ecclesia.org.br\\\/\",\"name\":\"Ecclesia Brasil\",\"description\":\"Desde 2003 onectando o Brasil ao mundo ortodoxo!\",\"publisher\":{\"@id\":\"https:\\\/\\\/news.ecclesia.org.br\\\/#organization\"},\"alternateName\":\"Ecclesia\",\"potentialAction\":[{\"@type\":\"SearchAction\",\"target\":{\"@type\":\"EntryPoint\",\"urlTemplate\":\"https:\\\/\\\/news.ecclesia.org.br\\\/?s={search_term_string}\"},\"query-input\":{\"@type\":\"PropertyValueSpecification\",\"valueRequired\":true,\"valueName\":\"search_term_string\"}}],\"inLanguage\":\"pt-BR\"},{\"@type\":\"Organization\",\"@id\":\"https:\\\/\\\/news.ecclesia.org.br\\\/#organization\",\"name\":\"Sacra Arquidiocese de Buenos Aires e Am\u00e9rica do Sul | Patriarcado Ecum\u00eanico\",\"alternateName\":\"News Ecclesia Brasil\",\"url\":\"https:\\\/\\\/news.ecclesia.org.br\\\/\",\"logo\":{\"@type\":\"ImageObject\",\"inLanguage\":\"pt-BR\",\"@id\":\"https:\\\/\\\/news.ecclesia.org.br\\\/#\\\/schema\\\/logo\\\/image\\\/\",\"url\":\"https:\\\/\\\/news.ecclesia.org.br\\\/wp-content\\\/uploads\\\/2025\\\/05\\\/ecclesia2.png\",\"contentUrl\":\"https:\\\/\\\/news.ecclesia.org.br\\\/wp-content\\\/uploads\\\/2025\\\/05\\\/ecclesia2.png\",\"width\":480,\"height\":120,\"caption\":\"Sacra Arquidiocese de Buenos Aires e Am\u00e9rica do Sul | Patriarcado Ecum\u00eanico\"},\"image\":{\"@id\":\"https:\\\/\\\/news.ecclesia.org.br\\\/#\\\/schema\\\/logo\\\/image\\\/\"},\"sameAs\":[\"https:\\\/\\\/www.facebook.com\\\/Ecclesia2025\",\"https:\\\/\\\/x.com\\\/EcclesiaNews\",\"https:\\\/\\\/br.pinterest.com\\\/ekklisia\\\/\",\"https:\\\/\\\/www.youtube.com\\\/@EcclesiaBrasil\"]},{\"@type\":\"Person\",\"@id\":\"https:\\\/\\\/news.ecclesia.org.br\\\/#\\\/schema\\\/person\\\/6f09597f025829745ba414a569f63758\",\"name\":\"Pe. Andr\u00e9\",\"image\":{\"@type\":\"ImageObject\",\"inLanguage\":\"pt-BR\",\"@id\":\"https:\\\/\\\/secure.gravatar.com\\\/avatar\\\/b4327cfa27e9799da239a26adcd534fc29cdc0c4a4a148eecbcfeb9b42c617ac?s=96&d=mm&r=g\",\"url\":\"https:\\\/\\\/secure.gravatar.com\\\/avatar\\\/b4327cfa27e9799da239a26adcd534fc29cdc0c4a4a148eecbcfeb9b42c617ac?s=96&d=mm&r=g\",\"contentUrl\":\"https:\\\/\\\/secure.gravatar.com\\\/avatar\\\/b4327cfa27e9799da239a26adcd534fc29cdc0c4a4a148eecbcfeb9b42c617ac?s=96&d=mm&r=g\",\"caption\":\"Pe. Andr\u00e9\"},\"sameAs\":[\"https:\\\/\\\/www.ecclesia.org.br\"]}]}<\/script>\n<!-- \/ Yoast SEO plugin. -->","yoast_head_json":{"title":"Jap\u00e3o: o trabalho da Igreja | ECCLESIA NEWS","robots":{"index":"index","follow":"follow","max-snippet":"max-snippet:-1","max-image-preview":"max-image-preview:large","max-video-preview":"max-video-preview:-1"},"canonical":"https:\/\/news.ecclesia.org.br\/?p=5682","og_locale":"pt_BR","og_type":"article","og_title":"Jap\u00e3o: o trabalho da Igreja | ECCLESIA NEWS","og_description":"T\u00f3quio, 22 mar (RV) &#8211;\u00a0Os crist\u00e3os japoneses de todas as Igrejas e denomina\u00e7\u00f5es est\u00e3o se mobilizando para enfrentar a emerg\u00eancia depois do terremoto e do tsunami de 11 de mar\u00e7o. Como observam fontes a ag\u00eancia Fides na comunidade crist\u00e3 japonesa,&#8230;","og_url":"https:\/\/news.ecclesia.org.br\/?p=5682","og_site_name":"ECCLESIA NEWS","article_publisher":"https:\/\/www.facebook.com\/Ecclesia2025","article_published_time":"2011-03-23T18:05:23+00:00","article_modified_time":"2016-03-18T16:10:15+00:00","og_image":[{"width":320,"height":240,"url":"https:\/\/news.ecclesia.org.br\/wp-content\/uploads\/2011\/03\/japao-terremoto.jpg","type":"image\/jpeg"}],"author":"Pe. Andr\u00e9","twitter_card":"summary_large_image","twitter_creator":"@EcclesiaNews","twitter_site":"@EcclesiaNews","twitter_misc":{"Escrito por":"Pe. Andr\u00e9","Est. tempo de leitura":"2 minutos"},"schema":{"@context":"https:\/\/schema.org","@graph":[{"@type":"Article","@id":"https:\/\/news.ecclesia.org.br\/?p=5682#article","isPartOf":{"@id":"https:\/\/news.ecclesia.org.br\/?p=5682"},"author":{"name":"Pe. Andr\u00e9","@id":"https:\/\/news.ecclesia.org.br\/#\/schema\/person\/6f09597f025829745ba414a569f63758"},"headline":"Jap\u00e3o: o trabalho da Igreja","datePublished":"2011-03-23T18:05:23+00:00","dateModified":"2016-03-18T16:10:15+00:00","mainEntityOfPage":{"@id":"https:\/\/news.ecclesia.org.br\/?p=5682"},"wordCount":466,"commentCount":0,"publisher":{"@id":"https:\/\/news.ecclesia.org.br\/#organization"},"image":{"@id":"https:\/\/news.ecclesia.org.br\/?p=5682#primaryimage"},"thumbnailUrl":"https:\/\/news.ecclesia.org.br\/wp-content\/uploads\/2011\/03\/japao-terremoto.jpg","articleSection":["NEWS"],"inLanguage":"pt-BR","potentialAction":[{"@type":"CommentAction","name":"Comment","target":["https:\/\/news.ecclesia.org.br\/?p=5682#respond"]}]},{"@type":"WebPage","@id":"https:\/\/news.ecclesia.org.br\/?p=5682","url":"https:\/\/news.ecclesia.org.br\/?p=5682","name":"Jap\u00e3o: o trabalho da Igreja | ECCLESIA NEWS","isPartOf":{"@id":"https:\/\/news.ecclesia.org.br\/#website"},"primaryImageOfPage":{"@id":"https:\/\/news.ecclesia.org.br\/?p=5682#primaryimage"},"image":{"@id":"https:\/\/news.ecclesia.org.br\/?p=5682#primaryimage"},"thumbnailUrl":"https:\/\/news.ecclesia.org.br\/wp-content\/uploads\/2011\/03\/japao-terremoto.jpg","datePublished":"2011-03-23T18:05:23+00:00","dateModified":"2016-03-18T16:10:15+00:00","breadcrumb":{"@id":"https:\/\/news.ecclesia.org.br\/?p=5682#breadcrumb"},"inLanguage":"pt-BR","potentialAction":[{"@type":"ReadAction","target":["https:\/\/news.ecclesia.org.br\/?p=5682"]}]},{"@type":"ImageObject","inLanguage":"pt-BR","@id":"https:\/\/news.ecclesia.org.br\/?p=5682#primaryimage","url":"https:\/\/news.ecclesia.org.br\/wp-content\/uploads\/2011\/03\/japao-terremoto.jpg","contentUrl":"https:\/\/news.ecclesia.org.br\/wp-content\/uploads\/2011\/03\/japao-terremoto.jpg","width":320,"height":240},{"@type":"BreadcrumbList","@id":"https:\/\/news.ecclesia.org.br\/?p=5682#breadcrumb","itemListElement":[{"@type":"ListItem","position":1,"name":"In\u00edcio","item":"https:\/\/news.ecclesia.org.br\/"},{"@type":"ListItem","position":2,"name":"Jap\u00e3o: o trabalho da Igreja"}]},{"@type":"WebSite","@id":"https:\/\/news.ecclesia.org.br\/#website","url":"https:\/\/news.ecclesia.org.br\/","name":"Ecclesia Brasil","description":"Desde 2003 onectando o Brasil ao mundo ortodoxo!","publisher":{"@id":"https:\/\/news.ecclesia.org.br\/#organization"},"alternateName":"Ecclesia","potentialAction":[{"@type":"SearchAction","target":{"@type":"EntryPoint","urlTemplate":"https:\/\/news.ecclesia.org.br\/?s={search_term_string}"},"query-input":{"@type":"PropertyValueSpecification","valueRequired":true,"valueName":"search_term_string"}}],"inLanguage":"pt-BR"},{"@type":"Organization","@id":"https:\/\/news.ecclesia.org.br\/#organization","name":"Sacra Arquidiocese de Buenos Aires e Am\u00e9rica do Sul | Patriarcado Ecum\u00eanico","alternateName":"News Ecclesia Brasil","url":"https:\/\/news.ecclesia.org.br\/","logo":{"@type":"ImageObject","inLanguage":"pt-BR","@id":"https:\/\/news.ecclesia.org.br\/#\/schema\/logo\/image\/","url":"https:\/\/news.ecclesia.org.br\/wp-content\/uploads\/2025\/05\/ecclesia2.png","contentUrl":"https:\/\/news.ecclesia.org.br\/wp-content\/uploads\/2025\/05\/ecclesia2.png","width":480,"height":120,"caption":"Sacra Arquidiocese de Buenos Aires e Am\u00e9rica do Sul | Patriarcado Ecum\u00eanico"},"image":{"@id":"https:\/\/news.ecclesia.org.br\/#\/schema\/logo\/image\/"},"sameAs":["https:\/\/www.facebook.com\/Ecclesia2025","https:\/\/x.com\/EcclesiaNews","https:\/\/br.pinterest.com\/ekklisia\/","https:\/\/www.youtube.com\/@EcclesiaBrasil"]},{"@type":"Person","@id":"https:\/\/news.ecclesia.org.br\/#\/schema\/person\/6f09597f025829745ba414a569f63758","name":"Pe. Andr\u00e9","image":{"@type":"ImageObject","inLanguage":"pt-BR","@id":"https:\/\/secure.gravatar.com\/avatar\/b4327cfa27e9799da239a26adcd534fc29cdc0c4a4a148eecbcfeb9b42c617ac?s=96&d=mm&r=g","url":"https:\/\/secure.gravatar.com\/avatar\/b4327cfa27e9799da239a26adcd534fc29cdc0c4a4a148eecbcfeb9b42c617ac?s=96&d=mm&r=g","contentUrl":"https:\/\/secure.gravatar.com\/avatar\/b4327cfa27e9799da239a26adcd534fc29cdc0c4a4a148eecbcfeb9b42c617ac?s=96&d=mm&r=g","caption":"Pe. Andr\u00e9"},"sameAs":["https:\/\/www.ecclesia.org.br"]}]}},"_links":{"self":[{"href":"https:\/\/news.ecclesia.org.br\/index.php?rest_route=\/wp\/v2\/posts\/5682","targetHints":{"allow":["GET"]}}],"collection":[{"href":"https:\/\/news.ecclesia.org.br\/index.php?rest_route=\/wp\/v2\/posts"}],"about":[{"href":"https:\/\/news.ecclesia.org.br\/index.php?rest_route=\/wp\/v2\/types\/post"}],"author":[{"embeddable":true,"href":"https:\/\/news.ecclesia.org.br\/index.php?rest_route=\/wp\/v2\/users\/1"}],"replies":[{"embeddable":true,"href":"https:\/\/news.ecclesia.org.br\/index.php?rest_route=%2Fwp%2Fv2%2Fcomments&post=5682"}],"version-history":[{"count":0,"href":"https:\/\/news.ecclesia.org.br\/index.php?rest_route=\/wp\/v2\/posts\/5682\/revisions"}],"wp:featuredmedia":[{"embeddable":true,"href":"https:\/\/news.ecclesia.org.br\/index.php?rest_route=\/wp\/v2\/media\/11662"}],"wp:attachment":[{"href":"https:\/\/news.ecclesia.org.br\/index.php?rest_route=%2Fwp%2Fv2%2Fmedia&parent=5682"}],"wp:term":[{"taxonomy":"category","embeddable":true,"href":"https:\/\/news.ecclesia.org.br\/index.php?rest_route=%2Fwp%2Fv2%2Fcategories&post=5682"},{"taxonomy":"post_tag","embeddable":true,"href":"https:\/\/news.ecclesia.org.br\/index.php?rest_route=%2Fwp%2Fv2%2Ftags&post=5682"}],"curies":[{"name":"wp","href":"https:\/\/api.w.org\/{rel}","templated":true}]}}