{"id":5569,"date":"2011-02-16T23:01:58","date_gmt":"2011-02-17T01:01:58","guid":{"rendered":"http:\/\/www.ecclesia.com.br\/news\/?p=5569"},"modified":"2016-03-18T14:37:22","modified_gmt":"2016-03-18T14:37:22","slug":"sae-conselho-dos-gregos-no-exterior-regiao-da-america-central-e-sul-promove-concursos-visando-a-difusao-da-cultura-grega-no-pais","status":"publish","type":"post","link":"https:\/\/news.ecclesia.org.br\/?p=5569","title":{"rendered":"SAE &#8211; Conselho dos gregos no exterior &#8211; Regi\u00e3o da Am\u00e9rica Central e Sul, promove concursos para difundir a cultura grega no pa\u00eds."},"content":{"rendered":"<p style=\"text-align: justify;\"><img fetchpriority=\"high\" decoding=\"async\" class=\"alignleft size-medium wp-image-6004\" src=\"https:\/\/news.ecclesia.org.br\/2013\/wp-content\/uploads\/2011\/02\/tocador-de-arpa-300x225.jpg\" alt=\"tocador-de-arpa\" width=\"300\" height=\"225\" srcset=\"https:\/\/news.ecclesia.org.br\/wp-content\/uploads\/2011\/02\/tocador-de-arpa-300x225.jpg 300w, https:\/\/news.ecclesia.org.br\/wp-content\/uploads\/2011\/02\/tocador-de-arpa-73x55.jpg 73w, https:\/\/news.ecclesia.org.br\/wp-content\/uploads\/2011\/02\/tocador-de-arpa.jpg 320w\" sizes=\"(max-width: 300px) 100vw, 300px\" \/>SAE &#8211; Conselho dos gregos no exterior &#8211; Regi\u00e3o da Am\u00e9rica Central e Sul, promove concursos visando a difus\u00e3o \u00a0da cultura grega no pa\u00eds. Estes concursos, relacionados \u00e0 l\u00edngua e cultura grega, s\u00e3o dirigidos aos jovens entre 10 e 18 anos e acontecer\u00e3o no per\u00edodo de 15 de fevereiro a 30 de maio de 2011. Esta iniciativa possibilitar\u00e1 compilar e dar a conhecer este acervo cultural ao maior n\u00famero poss\u00edvel de pessoas.<\/p>\n<p style=\"text-align: justify;\">A Rede da Cultura da Regi\u00e3o convida, portanto, aos jovens nesta faixa et\u00e1ria de nossa Regi\u00e3o a participar neste Concursos que s\u00e3o detalhados a seguir:<\/p>\n<h2>Concurso de Prov\u00e9rbios Gregos<\/h2>\n<p style=\"text-align: justify;\">Os participantes dever\u00e3o gravar em um CD ou DVD o maior n\u00famero poss\u00edvel de prov\u00e9rbios gregos &#8211; m\u00ednimo de 15 &#8211; recitados por eles ou por seus pais, tios, av\u00f3s etc, em idioma grego.<\/p>\n<p style=\"text-align: justify;\">O pr\u00eamio consistir\u00e1 na entrega de um Diploma, duas passagens e \u00a06 (seis) di\u00e1rias em hotel, em Atenas, Gr\u00e9cia, para o participante e seu parente entrevistado.<\/p>\n<p style=\"text-align: justify;\">Este concurso permitir\u00e1 aos jovens conhecer um pouco mais da riqu\u00edssima filosofia popular hel\u00eanica expressada atrav\u00e9s de engenhosos prov\u00e9rbios, propiciando, por sua vez, que se aproximem e interajam \u00a0com seus familiares e conhecidos adultos gregos, buscando na mem\u00f3ria os velhos &#8220;ditos&#8221; aprendidos na M\u00e3e P\u00e1tria em tempos passados.<\/p>\n<p style=\"text-align: justify;\">Veja <a href=\"http:\/\/ecclesia.com.br\/news2011\/wp-content\/uploads\/2011\/02\/bases-concurso-proverbios.pdf\" target=\"_blank\">AQUI <\/a>o regulamento<\/p>\n<h2><strong>Concurso de Palavras de Origem Grega na L\u00edngua Portuguesa<\/strong><\/h2>\n<p style=\"text-align: justify;\">Os participantes dever\u00e3o elaborar, com a ajuda de seus professores, uma lista de palavras de origem grega presentes no idioma portugues. A lista mais extensa receber\u00e1 o primeiro pr\u00eamio que consiste na entrega de um Diploma, 2 (duas) \u00a0passagens e 6 (seis) di\u00e1rias de hotel em Atenas, Gr\u00e9cia, para o(a) jovem e respectivo (a) \u00a0mestre; O (A) DOCENTE N\u00c3O PODER\u00c1 SER DE ORIGEM GREGA.<\/p>\n<p style=\"text-align: justify;\">Estas iniciativas \u00a0servir\u00e3o certamente de incentivo a que os jovens descubram a presen\u00e7a do grego em palavras que utilizam em seu dia-a-dia no seu idioma, despertando, ademais, o interesse de professores de nossos pa\u00edses pela nossa l\u00edngua milen\u00e1ria.<\/p>\n<p style=\"text-align: justify;\">Veja <a href=\"http:\/\/ecclesia.com.br\/news2011\/wp-content\/uploads\/2011\/02\/bases-concurso-palabras.pdf\" target=\"_blank\">AQUI <\/a>o regulamento.<\/p>\n<p style=\"text-align: justify;\">Convidamos, portanto, a todos que fomentem em nossos jovens a participa\u00e7\u00e3o nestes concursos que os aproximam da alma e identidade hel\u00eanicas.<\/p>\n<p style=\"text-align: justify;\">Teodora Tsijli<br \/>\nCoordenadora Rede da Cultura<br \/>\nRegi\u00e3o Am\u00e9rica Central e Sul<\/p>\n<p style=\"text-align: justify;\">Nikiforos Nicolaides<br \/>\nCoordenador<br \/>\nRegi\u00e3o Am\u00e9rica Central e Sul<\/p>\n<p style=\"text-align: justify;\">Mais informa\u00e7\u00f5es: <a href=\"mailto:tulahh@latinsae.org\">tulahh@latinsae.org<\/a> , <a href=\"mailto:tulahadjirallis@hotmail.com\">tulahadjirallis@hotmail.com<\/a><\/p>\n<p style=\"text-align: right;\">Santiago, fevereiro de 2011<\/p>\n<p style=\"text-align: justify;\">\n","protected":false},"excerpt":{"rendered":"<p>SAE &#8211; Conselho dos gregos no exterior &#8211; Regi\u00e3o da Am\u00e9rica Central e Sul, promove concursos visando a difus\u00e3o \u00a0da cultura grega no pa\u00eds. Estes concursos, relacionados \u00e0 l\u00edngua e cultura grega, s\u00e3o dirigidos aos jovens entre 10 e 18&#8230;<\/p>\n","protected":false},"author":1,"featured_media":6004,"comment_status":"open","ping_status":"open","sticky":false,"template":"","format":"standard","meta":{"_acf_changed":false,"footnotes":""},"categories":[1],"tags":[],"class_list":["post-5569","post","type-post","status-publish","format-standard","has-post-thumbnail","hentry","category-news","entry","rows-excerpt"],"acf":[],"yoast_head":"<!-- This site is optimized with the Yoast SEO plugin v27.5 - https:\/\/yoast.com\/product\/yoast-seo-wordpress\/ -->\n<title>SAE - Conselho dos gregos no exterior - Regi\u00e3o da Am\u00e9rica Central e Sul, promove concursos para difundir a cultura grega no pa\u00eds. | ECCLESIA NEWS<\/title>\n<meta name=\"robots\" content=\"index, follow, max-snippet:-1, max-image-preview:large, max-video-preview:-1\" \/>\n<link rel=\"canonical\" href=\"https:\/\/news.ecclesia.org.br\/?p=5569\" \/>\n<meta property=\"og:locale\" content=\"pt_BR\" \/>\n<meta property=\"og:type\" content=\"article\" \/>\n<meta property=\"og:title\" content=\"SAE - Conselho dos gregos no exterior - Regi\u00e3o da Am\u00e9rica Central e Sul, promove concursos para difundir a cultura grega no pa\u00eds. | ECCLESIA NEWS\" \/>\n<meta property=\"og:description\" content=\"SAE &#8211; Conselho dos gregos no exterior &#8211; Regi\u00e3o da Am\u00e9rica Central e Sul, promove concursos visando a difus\u00e3o \u00a0da cultura grega no pa\u00eds. Estes concursos, relacionados \u00e0 l\u00edngua e cultura grega, s\u00e3o dirigidos aos jovens entre 10 e 18&#8230;\" \/>\n<meta property=\"og:url\" content=\"https:\/\/news.ecclesia.org.br\/?p=5569\" \/>\n<meta property=\"og:site_name\" content=\"ECCLESIA NEWS\" \/>\n<meta property=\"article:publisher\" content=\"https:\/\/www.facebook.com\/Ecclesia2025\" \/>\n<meta property=\"article:published_time\" content=\"2011-02-17T01:01:58+00:00\" \/>\n<meta property=\"article:modified_time\" content=\"2016-03-18T14:37:22+00:00\" \/>\n<meta property=\"og:image\" content=\"https:\/\/news.ecclesia.org.br\/wp-content\/uploads\/2011\/02\/tocador-de-arpa.jpg\" \/>\n\t<meta property=\"og:image:width\" content=\"320\" \/>\n\t<meta property=\"og:image:height\" content=\"240\" \/>\n\t<meta property=\"og:image:type\" content=\"image\/jpeg\" \/>\n<meta name=\"author\" content=\"Pe. Andr\u00e9\" \/>\n<meta name=\"twitter:card\" content=\"summary_large_image\" \/>\n<meta name=\"twitter:creator\" content=\"@EcclesiaNews\" \/>\n<meta name=\"twitter:site\" content=\"@EcclesiaNews\" \/>\n<meta name=\"twitter:label1\" content=\"Escrito por\" \/>\n\t<meta name=\"twitter:data1\" content=\"Pe. Andr\u00e9\" \/>\n\t<meta name=\"twitter:label2\" content=\"Est. tempo de leitura\" \/>\n\t<meta name=\"twitter:data2\" content=\"2 minutos\" \/>\n<script type=\"application\/ld+json\" class=\"yoast-schema-graph\">{\"@context\":\"https:\\\/\\\/schema.org\",\"@graph\":[{\"@type\":\"Article\",\"@id\":\"https:\\\/\\\/news.ecclesia.org.br\\\/?p=5569#article\",\"isPartOf\":{\"@id\":\"https:\\\/\\\/news.ecclesia.org.br\\\/?p=5569\"},\"author\":{\"name\":\"Pe. Andr\u00e9\",\"@id\":\"https:\\\/\\\/news.ecclesia.org.br\\\/#\\\/schema\\\/person\\\/6f09597f025829745ba414a569f63758\"},\"headline\":\"SAE &#8211; Conselho dos gregos no exterior &#8211; Regi\u00e3o da Am\u00e9rica Central e Sul, promove concursos para difundir a cultura grega no pa\u00eds.\",\"datePublished\":\"2011-02-17T01:01:58+00:00\",\"dateModified\":\"2016-03-18T14:37:22+00:00\",\"mainEntityOfPage\":{\"@id\":\"https:\\\/\\\/news.ecclesia.org.br\\\/?p=5569\"},\"wordCount\":445,\"commentCount\":0,\"publisher\":{\"@id\":\"https:\\\/\\\/news.ecclesia.org.br\\\/#organization\"},\"image\":{\"@id\":\"https:\\\/\\\/news.ecclesia.org.br\\\/?p=5569#primaryimage\"},\"thumbnailUrl\":\"https:\\\/\\\/news.ecclesia.org.br\\\/wp-content\\\/uploads\\\/2011\\\/02\\\/tocador-de-arpa.jpg\",\"articleSection\":[\"NEWS\"],\"inLanguage\":\"pt-BR\",\"potentialAction\":[{\"@type\":\"CommentAction\",\"name\":\"Comment\",\"target\":[\"https:\\\/\\\/news.ecclesia.org.br\\\/?p=5569#respond\"]}]},{\"@type\":\"WebPage\",\"@id\":\"https:\\\/\\\/news.ecclesia.org.br\\\/?p=5569\",\"url\":\"https:\\\/\\\/news.ecclesia.org.br\\\/?p=5569\",\"name\":\"SAE - Conselho dos gregos no exterior - Regi\u00e3o da Am\u00e9rica Central e Sul, promove concursos para difundir a cultura grega no pa\u00eds. | ECCLESIA NEWS\",\"isPartOf\":{\"@id\":\"https:\\\/\\\/news.ecclesia.org.br\\\/#website\"},\"primaryImageOfPage\":{\"@id\":\"https:\\\/\\\/news.ecclesia.org.br\\\/?p=5569#primaryimage\"},\"image\":{\"@id\":\"https:\\\/\\\/news.ecclesia.org.br\\\/?p=5569#primaryimage\"},\"thumbnailUrl\":\"https:\\\/\\\/news.ecclesia.org.br\\\/wp-content\\\/uploads\\\/2011\\\/02\\\/tocador-de-arpa.jpg\",\"datePublished\":\"2011-02-17T01:01:58+00:00\",\"dateModified\":\"2016-03-18T14:37:22+00:00\",\"breadcrumb\":{\"@id\":\"https:\\\/\\\/news.ecclesia.org.br\\\/?p=5569#breadcrumb\"},\"inLanguage\":\"pt-BR\",\"potentialAction\":[{\"@type\":\"ReadAction\",\"target\":[\"https:\\\/\\\/news.ecclesia.org.br\\\/?p=5569\"]}]},{\"@type\":\"ImageObject\",\"inLanguage\":\"pt-BR\",\"@id\":\"https:\\\/\\\/news.ecclesia.org.br\\\/?p=5569#primaryimage\",\"url\":\"https:\\\/\\\/news.ecclesia.org.br\\\/wp-content\\\/uploads\\\/2011\\\/02\\\/tocador-de-arpa.jpg\",\"contentUrl\":\"https:\\\/\\\/news.ecclesia.org.br\\\/wp-content\\\/uploads\\\/2011\\\/02\\\/tocador-de-arpa.jpg\",\"width\":320,\"height\":240},{\"@type\":\"BreadcrumbList\",\"@id\":\"https:\\\/\\\/news.ecclesia.org.br\\\/?p=5569#breadcrumb\",\"itemListElement\":[{\"@type\":\"ListItem\",\"position\":1,\"name\":\"In\u00edcio\",\"item\":\"https:\\\/\\\/news.ecclesia.org.br\\\/\"},{\"@type\":\"ListItem\",\"position\":2,\"name\":\"SAE &#8211; Conselho dos gregos no exterior &#8211; Regi\u00e3o da Am\u00e9rica Central e Sul, promove concursos para difundir a cultura grega no pa\u00eds.\"}]},{\"@type\":\"WebSite\",\"@id\":\"https:\\\/\\\/news.ecclesia.org.br\\\/#website\",\"url\":\"https:\\\/\\\/news.ecclesia.org.br\\\/\",\"name\":\"Ecclesia Brasil\",\"description\":\"Desde 2003 onectando o Brasil ao mundo ortodoxo!\",\"publisher\":{\"@id\":\"https:\\\/\\\/news.ecclesia.org.br\\\/#organization\"},\"alternateName\":\"Ecclesia\",\"potentialAction\":[{\"@type\":\"SearchAction\",\"target\":{\"@type\":\"EntryPoint\",\"urlTemplate\":\"https:\\\/\\\/news.ecclesia.org.br\\\/?s={search_term_string}\"},\"query-input\":{\"@type\":\"PropertyValueSpecification\",\"valueRequired\":true,\"valueName\":\"search_term_string\"}}],\"inLanguage\":\"pt-BR\"},{\"@type\":\"Organization\",\"@id\":\"https:\\\/\\\/news.ecclesia.org.br\\\/#organization\",\"name\":\"Sacra Arquidiocese de Buenos Aires e Am\u00e9rica do Sul | Patriarcado Ecum\u00eanico\",\"alternateName\":\"News Ecclesia Brasil\",\"url\":\"https:\\\/\\\/news.ecclesia.org.br\\\/\",\"logo\":{\"@type\":\"ImageObject\",\"inLanguage\":\"pt-BR\",\"@id\":\"https:\\\/\\\/news.ecclesia.org.br\\\/#\\\/schema\\\/logo\\\/image\\\/\",\"url\":\"https:\\\/\\\/news.ecclesia.org.br\\\/wp-content\\\/uploads\\\/2025\\\/05\\\/ecclesia2.png\",\"contentUrl\":\"https:\\\/\\\/news.ecclesia.org.br\\\/wp-content\\\/uploads\\\/2025\\\/05\\\/ecclesia2.png\",\"width\":480,\"height\":120,\"caption\":\"Sacra Arquidiocese de Buenos Aires e Am\u00e9rica do Sul | Patriarcado Ecum\u00eanico\"},\"image\":{\"@id\":\"https:\\\/\\\/news.ecclesia.org.br\\\/#\\\/schema\\\/logo\\\/image\\\/\"},\"sameAs\":[\"https:\\\/\\\/www.facebook.com\\\/Ecclesia2025\",\"https:\\\/\\\/x.com\\\/EcclesiaNews\",\"https:\\\/\\\/br.pinterest.com\\\/ekklisia\\\/\",\"https:\\\/\\\/www.youtube.com\\\/@EcclesiaBrasil\"]},{\"@type\":\"Person\",\"@id\":\"https:\\\/\\\/news.ecclesia.org.br\\\/#\\\/schema\\\/person\\\/6f09597f025829745ba414a569f63758\",\"name\":\"Pe. Andr\u00e9\",\"image\":{\"@type\":\"ImageObject\",\"inLanguage\":\"pt-BR\",\"@id\":\"https:\\\/\\\/secure.gravatar.com\\\/avatar\\\/b4327cfa27e9799da239a26adcd534fc29cdc0c4a4a148eecbcfeb9b42c617ac?s=96&d=mm&r=g\",\"url\":\"https:\\\/\\\/secure.gravatar.com\\\/avatar\\\/b4327cfa27e9799da239a26adcd534fc29cdc0c4a4a148eecbcfeb9b42c617ac?s=96&d=mm&r=g\",\"contentUrl\":\"https:\\\/\\\/secure.gravatar.com\\\/avatar\\\/b4327cfa27e9799da239a26adcd534fc29cdc0c4a4a148eecbcfeb9b42c617ac?s=96&d=mm&r=g\",\"caption\":\"Pe. Andr\u00e9\"},\"sameAs\":[\"https:\\\/\\\/www.ecclesia.org.br\"]}]}<\/script>\n<!-- \/ Yoast SEO plugin. -->","yoast_head_json":{"title":"SAE - Conselho dos gregos no exterior - Regi\u00e3o da Am\u00e9rica Central e Sul, promove concursos para difundir a cultura grega no pa\u00eds. | ECCLESIA NEWS","robots":{"index":"index","follow":"follow","max-snippet":"max-snippet:-1","max-image-preview":"max-image-preview:large","max-video-preview":"max-video-preview:-1"},"canonical":"https:\/\/news.ecclesia.org.br\/?p=5569","og_locale":"pt_BR","og_type":"article","og_title":"SAE - Conselho dos gregos no exterior - Regi\u00e3o da Am\u00e9rica Central e Sul, promove concursos para difundir a cultura grega no pa\u00eds. | ECCLESIA NEWS","og_description":"SAE &#8211; Conselho dos gregos no exterior &#8211; Regi\u00e3o da Am\u00e9rica Central e Sul, promove concursos visando a difus\u00e3o \u00a0da cultura grega no pa\u00eds. Estes concursos, relacionados \u00e0 l\u00edngua e cultura grega, s\u00e3o dirigidos aos jovens entre 10 e 18&#8230;","og_url":"https:\/\/news.ecclesia.org.br\/?p=5569","og_site_name":"ECCLESIA NEWS","article_publisher":"https:\/\/www.facebook.com\/Ecclesia2025","article_published_time":"2011-02-17T01:01:58+00:00","article_modified_time":"2016-03-18T14:37:22+00:00","og_image":[{"width":320,"height":240,"url":"https:\/\/news.ecclesia.org.br\/wp-content\/uploads\/2011\/02\/tocador-de-arpa.jpg","type":"image\/jpeg"}],"author":"Pe. Andr\u00e9","twitter_card":"summary_large_image","twitter_creator":"@EcclesiaNews","twitter_site":"@EcclesiaNews","twitter_misc":{"Escrito por":"Pe. Andr\u00e9","Est. tempo de leitura":"2 minutos"},"schema":{"@context":"https:\/\/schema.org","@graph":[{"@type":"Article","@id":"https:\/\/news.ecclesia.org.br\/?p=5569#article","isPartOf":{"@id":"https:\/\/news.ecclesia.org.br\/?p=5569"},"author":{"name":"Pe. Andr\u00e9","@id":"https:\/\/news.ecclesia.org.br\/#\/schema\/person\/6f09597f025829745ba414a569f63758"},"headline":"SAE &#8211; Conselho dos gregos no exterior &#8211; Regi\u00e3o da Am\u00e9rica Central e Sul, promove concursos para difundir a cultura grega no pa\u00eds.","datePublished":"2011-02-17T01:01:58+00:00","dateModified":"2016-03-18T14:37:22+00:00","mainEntityOfPage":{"@id":"https:\/\/news.ecclesia.org.br\/?p=5569"},"wordCount":445,"commentCount":0,"publisher":{"@id":"https:\/\/news.ecclesia.org.br\/#organization"},"image":{"@id":"https:\/\/news.ecclesia.org.br\/?p=5569#primaryimage"},"thumbnailUrl":"https:\/\/news.ecclesia.org.br\/wp-content\/uploads\/2011\/02\/tocador-de-arpa.jpg","articleSection":["NEWS"],"inLanguage":"pt-BR","potentialAction":[{"@type":"CommentAction","name":"Comment","target":["https:\/\/news.ecclesia.org.br\/?p=5569#respond"]}]},{"@type":"WebPage","@id":"https:\/\/news.ecclesia.org.br\/?p=5569","url":"https:\/\/news.ecclesia.org.br\/?p=5569","name":"SAE - Conselho dos gregos no exterior - Regi\u00e3o da Am\u00e9rica Central e Sul, promove concursos para difundir a cultura grega no pa\u00eds. | ECCLESIA NEWS","isPartOf":{"@id":"https:\/\/news.ecclesia.org.br\/#website"},"primaryImageOfPage":{"@id":"https:\/\/news.ecclesia.org.br\/?p=5569#primaryimage"},"image":{"@id":"https:\/\/news.ecclesia.org.br\/?p=5569#primaryimage"},"thumbnailUrl":"https:\/\/news.ecclesia.org.br\/wp-content\/uploads\/2011\/02\/tocador-de-arpa.jpg","datePublished":"2011-02-17T01:01:58+00:00","dateModified":"2016-03-18T14:37:22+00:00","breadcrumb":{"@id":"https:\/\/news.ecclesia.org.br\/?p=5569#breadcrumb"},"inLanguage":"pt-BR","potentialAction":[{"@type":"ReadAction","target":["https:\/\/news.ecclesia.org.br\/?p=5569"]}]},{"@type":"ImageObject","inLanguage":"pt-BR","@id":"https:\/\/news.ecclesia.org.br\/?p=5569#primaryimage","url":"https:\/\/news.ecclesia.org.br\/wp-content\/uploads\/2011\/02\/tocador-de-arpa.jpg","contentUrl":"https:\/\/news.ecclesia.org.br\/wp-content\/uploads\/2011\/02\/tocador-de-arpa.jpg","width":320,"height":240},{"@type":"BreadcrumbList","@id":"https:\/\/news.ecclesia.org.br\/?p=5569#breadcrumb","itemListElement":[{"@type":"ListItem","position":1,"name":"In\u00edcio","item":"https:\/\/news.ecclesia.org.br\/"},{"@type":"ListItem","position":2,"name":"SAE &#8211; Conselho dos gregos no exterior &#8211; Regi\u00e3o da Am\u00e9rica Central e Sul, promove concursos para difundir a cultura grega no pa\u00eds."}]},{"@type":"WebSite","@id":"https:\/\/news.ecclesia.org.br\/#website","url":"https:\/\/news.ecclesia.org.br\/","name":"Ecclesia Brasil","description":"Desde 2003 onectando o Brasil ao mundo ortodoxo!","publisher":{"@id":"https:\/\/news.ecclesia.org.br\/#organization"},"alternateName":"Ecclesia","potentialAction":[{"@type":"SearchAction","target":{"@type":"EntryPoint","urlTemplate":"https:\/\/news.ecclesia.org.br\/?s={search_term_string}"},"query-input":{"@type":"PropertyValueSpecification","valueRequired":true,"valueName":"search_term_string"}}],"inLanguage":"pt-BR"},{"@type":"Organization","@id":"https:\/\/news.ecclesia.org.br\/#organization","name":"Sacra Arquidiocese de Buenos Aires e Am\u00e9rica do Sul | Patriarcado Ecum\u00eanico","alternateName":"News Ecclesia Brasil","url":"https:\/\/news.ecclesia.org.br\/","logo":{"@type":"ImageObject","inLanguage":"pt-BR","@id":"https:\/\/news.ecclesia.org.br\/#\/schema\/logo\/image\/","url":"https:\/\/news.ecclesia.org.br\/wp-content\/uploads\/2025\/05\/ecclesia2.png","contentUrl":"https:\/\/news.ecclesia.org.br\/wp-content\/uploads\/2025\/05\/ecclesia2.png","width":480,"height":120,"caption":"Sacra Arquidiocese de Buenos Aires e Am\u00e9rica do Sul | Patriarcado Ecum\u00eanico"},"image":{"@id":"https:\/\/news.ecclesia.org.br\/#\/schema\/logo\/image\/"},"sameAs":["https:\/\/www.facebook.com\/Ecclesia2025","https:\/\/x.com\/EcclesiaNews","https:\/\/br.pinterest.com\/ekklisia\/","https:\/\/www.youtube.com\/@EcclesiaBrasil"]},{"@type":"Person","@id":"https:\/\/news.ecclesia.org.br\/#\/schema\/person\/6f09597f025829745ba414a569f63758","name":"Pe. Andr\u00e9","image":{"@type":"ImageObject","inLanguage":"pt-BR","@id":"https:\/\/secure.gravatar.com\/avatar\/b4327cfa27e9799da239a26adcd534fc29cdc0c4a4a148eecbcfeb9b42c617ac?s=96&d=mm&r=g","url":"https:\/\/secure.gravatar.com\/avatar\/b4327cfa27e9799da239a26adcd534fc29cdc0c4a4a148eecbcfeb9b42c617ac?s=96&d=mm&r=g","contentUrl":"https:\/\/secure.gravatar.com\/avatar\/b4327cfa27e9799da239a26adcd534fc29cdc0c4a4a148eecbcfeb9b42c617ac?s=96&d=mm&r=g","caption":"Pe. Andr\u00e9"},"sameAs":["https:\/\/www.ecclesia.org.br"]}]}},"_links":{"self":[{"href":"https:\/\/news.ecclesia.org.br\/index.php?rest_route=\/wp\/v2\/posts\/5569","targetHints":{"allow":["GET"]}}],"collection":[{"href":"https:\/\/news.ecclesia.org.br\/index.php?rest_route=\/wp\/v2\/posts"}],"about":[{"href":"https:\/\/news.ecclesia.org.br\/index.php?rest_route=\/wp\/v2\/types\/post"}],"author":[{"embeddable":true,"href":"https:\/\/news.ecclesia.org.br\/index.php?rest_route=\/wp\/v2\/users\/1"}],"replies":[{"embeddable":true,"href":"https:\/\/news.ecclesia.org.br\/index.php?rest_route=%2Fwp%2Fv2%2Fcomments&post=5569"}],"version-history":[{"count":0,"href":"https:\/\/news.ecclesia.org.br\/index.php?rest_route=\/wp\/v2\/posts\/5569\/revisions"}],"wp:featuredmedia":[{"embeddable":true,"href":"https:\/\/news.ecclesia.org.br\/index.php?rest_route=\/wp\/v2\/media\/6004"}],"wp:attachment":[{"href":"https:\/\/news.ecclesia.org.br\/index.php?rest_route=%2Fwp%2Fv2%2Fmedia&parent=5569"}],"wp:term":[{"taxonomy":"category","embeddable":true,"href":"https:\/\/news.ecclesia.org.br\/index.php?rest_route=%2Fwp%2Fv2%2Fcategories&post=5569"},{"taxonomy":"post_tag","embeddable":true,"href":"https:\/\/news.ecclesia.org.br\/index.php?rest_route=%2Fwp%2Fv2%2Ftags&post=5569"}],"curies":[{"name":"wp","href":"https:\/\/api.w.org\/{rel}","templated":true}]}}