{"id":5553,"date":"2011-02-12T17:13:07","date_gmt":"2011-02-12T19:13:07","guid":{"rendered":"http:\/\/www.ecclesia.com.br\/news\/?p=5553"},"modified":"2016-03-18T14:41:51","modified_gmt":"2016-03-18T14:41:51","slug":"presenca-grega-na-america-do-sul-venezuela","status":"publish","type":"post","link":"https:\/\/news.ecclesia.org.br\/?p=5553","title":{"rendered":"Presen\u00e7a Grega na Am\u00e9rica do Sul &#8211; VENEZUELA"},"content":{"rendered":"<p style=\"text-align: justify;\"><img fetchpriority=\"high\" decoding=\"async\" class=\"alignleft size-medium wp-image-16462\" src=\"https:\/\/news.ecclesia.org.br\/2013\/wp-content\/uploads\/2011\/02\/gregos-venezuela-300x231.jpg\" alt=\"gregos-venezuela\" width=\"300\" height=\"231\" srcset=\"https:\/\/news.ecclesia.org.br\/wp-content\/uploads\/2011\/02\/gregos-venezuela-300x231.jpg 300w, https:\/\/news.ecclesia.org.br\/wp-content\/uploads\/2011\/02\/gregos-venezuela-71x55.jpg 71w, https:\/\/news.ecclesia.org.br\/wp-content\/uploads\/2011\/02\/gregos-venezuela.jpg 472w\" sizes=\"(max-width: 300px) 100vw, 300px\" \/>Dif\u00edceis foram os primeiros anos, mas os gregos conseguiram superar os obst\u00e1culos. Desde o ano 1947, ano que os primeiros gregos, como Georgios Stefanou e Constantino Andri\u00f3poulos, pisaram na Venezuela, at\u00e9 nossos dias, o helenismo se desenvolveu em diversos campos profissionais para sobreviver e progredir. A maioria se fez empres\u00e1rios e, para preservar os usos e costumes de sua P\u00e1tria, fundaram as Coletividades.<\/p>\n<p style=\"text-align: justify;\">Atualmente, existem na Venezuela as seguintes Coletividades Hel\u00eanicas: Caracas, Maracaibo, Valencia, Barqu\u03b9simeto e Puerto Lacruz &#8211; Puerto Ordaz. Em tr\u00eas delas (Caracas, Valencia e Maracaibo), atuam professores enviados pelo Minist\u00e9rio da Educa\u00e7\u00e3o da Gr\u00e9cia. Em Caracas encontra-se sediado Padre Emanuel Remudakis, alma do Helenismo na Venezuela.<\/p>\n<p style=\"text-align: justify;\">Os gregos n\u00e3o esquecem sua p\u00e1tria, algo que demonstram frequentemente em suas coletividades e atrava\u00e9s de sua presen\u00e7a na igreja, particularmente, nas grandes celebra\u00e7\u00f5es do cristianismo. A atividade empresarial dos gregos est\u00e1 em seu auge, mas devido ao regime pol\u00edtico do pa\u00eds, n\u00e3o pode desenvolver-se tanto quanto poderiam. A incerteza e a falta de perspectiva tem contribu\u00eddo para que muitos gregos deixem o pa\u00eds, ao mesmo tempo em que outros tantos pensam seriamente faz\u00ea-lo. Apesar de tudo, a esperan\u00e7a existe e est\u00e1 viva entre n\u00f3s porque somos gregos! Isto nos d\u00e1 for\u00e7as para prosseguir contribuindo na constru\u00e7\u00e3o de um amanh\u00e3 melhor&#8230; para n\u00f3s como para nossos filhos.<\/p>\n<p style=\"text-align: justify;\">Anastasios Matzaris<br \/>\nPresidente da Coletividade Hel\u00eanica de Maracaibo.<\/p>\n<p style=\"text-align: right;\">Fonte: SAE INFORMA &#8211; Newsletter N\u00ba 28 &#8211; Fevereiro 2011<br \/>\nCONSELHO DOS GREGOS DO EXTERIOR da Am\u00e9rica Central e do Sul<\/p>\n","protected":false},"excerpt":{"rendered":"<p>Dif\u00edceis foram os primeiros anos, mas os gregos conseguiram superar os obst\u00e1culos. Desde o ano 1947, ano que os primeiros gregos, como Georgios Stefanou e Constantino Andri\u00f3poulos, pisaram na Venezuela, at\u00e9 nossos dias, o helenismo se desenvolveu em diversos campos&#8230;<\/p>\n","protected":false},"author":1,"featured_media":16462,"comment_status":"open","ping_status":"open","sticky":false,"template":"","format":"standard","meta":{"_acf_changed":false,"footnotes":""},"categories":[1],"tags":[],"class_list":["post-5553","post","type-post","status-publish","format-standard","has-post-thumbnail","hentry","category-news","entry","rows-excerpt"],"acf":[],"yoast_head":"<!-- This site is optimized with the Yoast SEO plugin v27.5 - https:\/\/yoast.com\/product\/yoast-seo-wordpress\/ -->\n<title>Presen\u00e7a Grega na Am\u00e9rica do Sul - VENEZUELA | ECCLESIA NEWS<\/title>\n<meta name=\"robots\" content=\"index, follow, max-snippet:-1, max-image-preview:large, max-video-preview:-1\" \/>\n<link rel=\"canonical\" href=\"https:\/\/news.ecclesia.org.br\/?p=5553\" \/>\n<meta property=\"og:locale\" content=\"pt_BR\" \/>\n<meta property=\"og:type\" content=\"article\" \/>\n<meta property=\"og:title\" content=\"Presen\u00e7a Grega na Am\u00e9rica do Sul - VENEZUELA | ECCLESIA NEWS\" \/>\n<meta property=\"og:description\" content=\"Dif\u00edceis foram os primeiros anos, mas os gregos conseguiram superar os obst\u00e1culos. Desde o ano 1947, ano que os primeiros gregos, como Georgios Stefanou e Constantino Andri\u00f3poulos, pisaram na Venezuela, at\u00e9 nossos dias, o helenismo se desenvolveu em diversos campos&#8230;\" \/>\n<meta property=\"og:url\" content=\"https:\/\/news.ecclesia.org.br\/?p=5553\" \/>\n<meta property=\"og:site_name\" content=\"ECCLESIA NEWS\" \/>\n<meta property=\"article:publisher\" content=\"https:\/\/www.facebook.com\/Ecclesia2025\" \/>\n<meta property=\"article:published_time\" content=\"2011-02-12T19:13:07+00:00\" \/>\n<meta property=\"article:modified_time\" content=\"2016-03-18T14:41:51+00:00\" \/>\n<meta property=\"og:image\" content=\"https:\/\/news.ecclesia.org.br\/wp-content\/uploads\/2011\/02\/gregos-venezuela.jpg\" \/>\n\t<meta property=\"og:image:width\" content=\"472\" \/>\n\t<meta property=\"og:image:height\" content=\"364\" \/>\n\t<meta property=\"og:image:type\" content=\"image\/jpeg\" \/>\n<meta name=\"author\" content=\"Pe. Andr\u00e9\" \/>\n<meta name=\"twitter:card\" content=\"summary_large_image\" \/>\n<meta name=\"twitter:creator\" content=\"@EcclesiaNews\" \/>\n<meta name=\"twitter:site\" content=\"@EcclesiaNews\" \/>\n<meta name=\"twitter:label1\" content=\"Escrito por\" \/>\n\t<meta name=\"twitter:data1\" content=\"Pe. Andr\u00e9\" \/>\n\t<meta name=\"twitter:label2\" content=\"Est. tempo de leitura\" \/>\n\t<meta name=\"twitter:data2\" content=\"1 minuto\" \/>\n<script type=\"application\/ld+json\" class=\"yoast-schema-graph\">{\"@context\":\"https:\\\/\\\/schema.org\",\"@graph\":[{\"@type\":\"Article\",\"@id\":\"https:\\\/\\\/news.ecclesia.org.br\\\/?p=5553#article\",\"isPartOf\":{\"@id\":\"https:\\\/\\\/news.ecclesia.org.br\\\/?p=5553\"},\"author\":{\"name\":\"Pe. Andr\u00e9\",\"@id\":\"https:\\\/\\\/news.ecclesia.org.br\\\/#\\\/schema\\\/person\\\/6f09597f025829745ba414a569f63758\"},\"headline\":\"Presen\u00e7a Grega na Am\u00e9rica do Sul &#8211; VENEZUELA\",\"datePublished\":\"2011-02-12T19:13:07+00:00\",\"dateModified\":\"2016-03-18T14:41:51+00:00\",\"mainEntityOfPage\":{\"@id\":\"https:\\\/\\\/news.ecclesia.org.br\\\/?p=5553\"},\"wordCount\":281,\"commentCount\":0,\"publisher\":{\"@id\":\"https:\\\/\\\/news.ecclesia.org.br\\\/#organization\"},\"image\":{\"@id\":\"https:\\\/\\\/news.ecclesia.org.br\\\/?p=5553#primaryimage\"},\"thumbnailUrl\":\"https:\\\/\\\/news.ecclesia.org.br\\\/wp-content\\\/uploads\\\/2011\\\/02\\\/gregos-venezuela.jpg\",\"articleSection\":[\"NEWS\"],\"inLanguage\":\"pt-BR\",\"potentialAction\":[{\"@type\":\"CommentAction\",\"name\":\"Comment\",\"target\":[\"https:\\\/\\\/news.ecclesia.org.br\\\/?p=5553#respond\"]}]},{\"@type\":\"WebPage\",\"@id\":\"https:\\\/\\\/news.ecclesia.org.br\\\/?p=5553\",\"url\":\"https:\\\/\\\/news.ecclesia.org.br\\\/?p=5553\",\"name\":\"Presen\u00e7a Grega na Am\u00e9rica do Sul - VENEZUELA | ECCLESIA NEWS\",\"isPartOf\":{\"@id\":\"https:\\\/\\\/news.ecclesia.org.br\\\/#website\"},\"primaryImageOfPage\":{\"@id\":\"https:\\\/\\\/news.ecclesia.org.br\\\/?p=5553#primaryimage\"},\"image\":{\"@id\":\"https:\\\/\\\/news.ecclesia.org.br\\\/?p=5553#primaryimage\"},\"thumbnailUrl\":\"https:\\\/\\\/news.ecclesia.org.br\\\/wp-content\\\/uploads\\\/2011\\\/02\\\/gregos-venezuela.jpg\",\"datePublished\":\"2011-02-12T19:13:07+00:00\",\"dateModified\":\"2016-03-18T14:41:51+00:00\",\"breadcrumb\":{\"@id\":\"https:\\\/\\\/news.ecclesia.org.br\\\/?p=5553#breadcrumb\"},\"inLanguage\":\"pt-BR\",\"potentialAction\":[{\"@type\":\"ReadAction\",\"target\":[\"https:\\\/\\\/news.ecclesia.org.br\\\/?p=5553\"]}]},{\"@type\":\"ImageObject\",\"inLanguage\":\"pt-BR\",\"@id\":\"https:\\\/\\\/news.ecclesia.org.br\\\/?p=5553#primaryimage\",\"url\":\"https:\\\/\\\/news.ecclesia.org.br\\\/wp-content\\\/uploads\\\/2011\\\/02\\\/gregos-venezuela.jpg\",\"contentUrl\":\"https:\\\/\\\/news.ecclesia.org.br\\\/wp-content\\\/uploads\\\/2011\\\/02\\\/gregos-venezuela.jpg\",\"width\":472,\"height\":364},{\"@type\":\"BreadcrumbList\",\"@id\":\"https:\\\/\\\/news.ecclesia.org.br\\\/?p=5553#breadcrumb\",\"itemListElement\":[{\"@type\":\"ListItem\",\"position\":1,\"name\":\"In\u00edcio\",\"item\":\"https:\\\/\\\/news.ecclesia.org.br\\\/\"},{\"@type\":\"ListItem\",\"position\":2,\"name\":\"Presen\u00e7a Grega na Am\u00e9rica do Sul &#8211; VENEZUELA\"}]},{\"@type\":\"WebSite\",\"@id\":\"https:\\\/\\\/news.ecclesia.org.br\\\/#website\",\"url\":\"https:\\\/\\\/news.ecclesia.org.br\\\/\",\"name\":\"Ecclesia Brasil\",\"description\":\"Desde 2003 onectando o Brasil ao mundo ortodoxo!\",\"publisher\":{\"@id\":\"https:\\\/\\\/news.ecclesia.org.br\\\/#organization\"},\"alternateName\":\"Ecclesia\",\"potentialAction\":[{\"@type\":\"SearchAction\",\"target\":{\"@type\":\"EntryPoint\",\"urlTemplate\":\"https:\\\/\\\/news.ecclesia.org.br\\\/?s={search_term_string}\"},\"query-input\":{\"@type\":\"PropertyValueSpecification\",\"valueRequired\":true,\"valueName\":\"search_term_string\"}}],\"inLanguage\":\"pt-BR\"},{\"@type\":\"Organization\",\"@id\":\"https:\\\/\\\/news.ecclesia.org.br\\\/#organization\",\"name\":\"Sacra Arquidiocese de Buenos Aires e Am\u00e9rica do Sul | Patriarcado Ecum\u00eanico\",\"alternateName\":\"News Ecclesia Brasil\",\"url\":\"https:\\\/\\\/news.ecclesia.org.br\\\/\",\"logo\":{\"@type\":\"ImageObject\",\"inLanguage\":\"pt-BR\",\"@id\":\"https:\\\/\\\/news.ecclesia.org.br\\\/#\\\/schema\\\/logo\\\/image\\\/\",\"url\":\"https:\\\/\\\/news.ecclesia.org.br\\\/wp-content\\\/uploads\\\/2025\\\/05\\\/ecclesia2.png\",\"contentUrl\":\"https:\\\/\\\/news.ecclesia.org.br\\\/wp-content\\\/uploads\\\/2025\\\/05\\\/ecclesia2.png\",\"width\":480,\"height\":120,\"caption\":\"Sacra Arquidiocese de Buenos Aires e Am\u00e9rica do Sul | Patriarcado Ecum\u00eanico\"},\"image\":{\"@id\":\"https:\\\/\\\/news.ecclesia.org.br\\\/#\\\/schema\\\/logo\\\/image\\\/\"},\"sameAs\":[\"https:\\\/\\\/www.facebook.com\\\/Ecclesia2025\",\"https:\\\/\\\/x.com\\\/EcclesiaNews\",\"https:\\\/\\\/br.pinterest.com\\\/ekklisia\\\/\",\"https:\\\/\\\/www.youtube.com\\\/@EcclesiaBrasil\"]},{\"@type\":\"Person\",\"@id\":\"https:\\\/\\\/news.ecclesia.org.br\\\/#\\\/schema\\\/person\\\/6f09597f025829745ba414a569f63758\",\"name\":\"Pe. Andr\u00e9\",\"image\":{\"@type\":\"ImageObject\",\"inLanguage\":\"pt-BR\",\"@id\":\"https:\\\/\\\/secure.gravatar.com\\\/avatar\\\/b4327cfa27e9799da239a26adcd534fc29cdc0c4a4a148eecbcfeb9b42c617ac?s=96&d=mm&r=g\",\"url\":\"https:\\\/\\\/secure.gravatar.com\\\/avatar\\\/b4327cfa27e9799da239a26adcd534fc29cdc0c4a4a148eecbcfeb9b42c617ac?s=96&d=mm&r=g\",\"contentUrl\":\"https:\\\/\\\/secure.gravatar.com\\\/avatar\\\/b4327cfa27e9799da239a26adcd534fc29cdc0c4a4a148eecbcfeb9b42c617ac?s=96&d=mm&r=g\",\"caption\":\"Pe. Andr\u00e9\"},\"sameAs\":[\"https:\\\/\\\/www.ecclesia.org.br\"]}]}<\/script>\n<!-- \/ Yoast SEO plugin. -->","yoast_head_json":{"title":"Presen\u00e7a Grega na Am\u00e9rica do Sul - VENEZUELA | ECCLESIA NEWS","robots":{"index":"index","follow":"follow","max-snippet":"max-snippet:-1","max-image-preview":"max-image-preview:large","max-video-preview":"max-video-preview:-1"},"canonical":"https:\/\/news.ecclesia.org.br\/?p=5553","og_locale":"pt_BR","og_type":"article","og_title":"Presen\u00e7a Grega na Am\u00e9rica do Sul - VENEZUELA | ECCLESIA NEWS","og_description":"Dif\u00edceis foram os primeiros anos, mas os gregos conseguiram superar os obst\u00e1culos. Desde o ano 1947, ano que os primeiros gregos, como Georgios Stefanou e Constantino Andri\u00f3poulos, pisaram na Venezuela, at\u00e9 nossos dias, o helenismo se desenvolveu em diversos campos&#8230;","og_url":"https:\/\/news.ecclesia.org.br\/?p=5553","og_site_name":"ECCLESIA NEWS","article_publisher":"https:\/\/www.facebook.com\/Ecclesia2025","article_published_time":"2011-02-12T19:13:07+00:00","article_modified_time":"2016-03-18T14:41:51+00:00","og_image":[{"width":472,"height":364,"url":"https:\/\/news.ecclesia.org.br\/wp-content\/uploads\/2011\/02\/gregos-venezuela.jpg","type":"image\/jpeg"}],"author":"Pe. Andr\u00e9","twitter_card":"summary_large_image","twitter_creator":"@EcclesiaNews","twitter_site":"@EcclesiaNews","twitter_misc":{"Escrito por":"Pe. Andr\u00e9","Est. tempo de leitura":"1 minuto"},"schema":{"@context":"https:\/\/schema.org","@graph":[{"@type":"Article","@id":"https:\/\/news.ecclesia.org.br\/?p=5553#article","isPartOf":{"@id":"https:\/\/news.ecclesia.org.br\/?p=5553"},"author":{"name":"Pe. Andr\u00e9","@id":"https:\/\/news.ecclesia.org.br\/#\/schema\/person\/6f09597f025829745ba414a569f63758"},"headline":"Presen\u00e7a Grega na Am\u00e9rica do Sul &#8211; VENEZUELA","datePublished":"2011-02-12T19:13:07+00:00","dateModified":"2016-03-18T14:41:51+00:00","mainEntityOfPage":{"@id":"https:\/\/news.ecclesia.org.br\/?p=5553"},"wordCount":281,"commentCount":0,"publisher":{"@id":"https:\/\/news.ecclesia.org.br\/#organization"},"image":{"@id":"https:\/\/news.ecclesia.org.br\/?p=5553#primaryimage"},"thumbnailUrl":"https:\/\/news.ecclesia.org.br\/wp-content\/uploads\/2011\/02\/gregos-venezuela.jpg","articleSection":["NEWS"],"inLanguage":"pt-BR","potentialAction":[{"@type":"CommentAction","name":"Comment","target":["https:\/\/news.ecclesia.org.br\/?p=5553#respond"]}]},{"@type":"WebPage","@id":"https:\/\/news.ecclesia.org.br\/?p=5553","url":"https:\/\/news.ecclesia.org.br\/?p=5553","name":"Presen\u00e7a Grega na Am\u00e9rica do Sul - VENEZUELA | ECCLESIA NEWS","isPartOf":{"@id":"https:\/\/news.ecclesia.org.br\/#website"},"primaryImageOfPage":{"@id":"https:\/\/news.ecclesia.org.br\/?p=5553#primaryimage"},"image":{"@id":"https:\/\/news.ecclesia.org.br\/?p=5553#primaryimage"},"thumbnailUrl":"https:\/\/news.ecclesia.org.br\/wp-content\/uploads\/2011\/02\/gregos-venezuela.jpg","datePublished":"2011-02-12T19:13:07+00:00","dateModified":"2016-03-18T14:41:51+00:00","breadcrumb":{"@id":"https:\/\/news.ecclesia.org.br\/?p=5553#breadcrumb"},"inLanguage":"pt-BR","potentialAction":[{"@type":"ReadAction","target":["https:\/\/news.ecclesia.org.br\/?p=5553"]}]},{"@type":"ImageObject","inLanguage":"pt-BR","@id":"https:\/\/news.ecclesia.org.br\/?p=5553#primaryimage","url":"https:\/\/news.ecclesia.org.br\/wp-content\/uploads\/2011\/02\/gregos-venezuela.jpg","contentUrl":"https:\/\/news.ecclesia.org.br\/wp-content\/uploads\/2011\/02\/gregos-venezuela.jpg","width":472,"height":364},{"@type":"BreadcrumbList","@id":"https:\/\/news.ecclesia.org.br\/?p=5553#breadcrumb","itemListElement":[{"@type":"ListItem","position":1,"name":"In\u00edcio","item":"https:\/\/news.ecclesia.org.br\/"},{"@type":"ListItem","position":2,"name":"Presen\u00e7a Grega na Am\u00e9rica do Sul &#8211; VENEZUELA"}]},{"@type":"WebSite","@id":"https:\/\/news.ecclesia.org.br\/#website","url":"https:\/\/news.ecclesia.org.br\/","name":"Ecclesia Brasil","description":"Desde 2003 onectando o Brasil ao mundo ortodoxo!","publisher":{"@id":"https:\/\/news.ecclesia.org.br\/#organization"},"alternateName":"Ecclesia","potentialAction":[{"@type":"SearchAction","target":{"@type":"EntryPoint","urlTemplate":"https:\/\/news.ecclesia.org.br\/?s={search_term_string}"},"query-input":{"@type":"PropertyValueSpecification","valueRequired":true,"valueName":"search_term_string"}}],"inLanguage":"pt-BR"},{"@type":"Organization","@id":"https:\/\/news.ecclesia.org.br\/#organization","name":"Sacra Arquidiocese de Buenos Aires e Am\u00e9rica do Sul | Patriarcado Ecum\u00eanico","alternateName":"News Ecclesia Brasil","url":"https:\/\/news.ecclesia.org.br\/","logo":{"@type":"ImageObject","inLanguage":"pt-BR","@id":"https:\/\/news.ecclesia.org.br\/#\/schema\/logo\/image\/","url":"https:\/\/news.ecclesia.org.br\/wp-content\/uploads\/2025\/05\/ecclesia2.png","contentUrl":"https:\/\/news.ecclesia.org.br\/wp-content\/uploads\/2025\/05\/ecclesia2.png","width":480,"height":120,"caption":"Sacra Arquidiocese de Buenos Aires e Am\u00e9rica do Sul | Patriarcado Ecum\u00eanico"},"image":{"@id":"https:\/\/news.ecclesia.org.br\/#\/schema\/logo\/image\/"},"sameAs":["https:\/\/www.facebook.com\/Ecclesia2025","https:\/\/x.com\/EcclesiaNews","https:\/\/br.pinterest.com\/ekklisia\/","https:\/\/www.youtube.com\/@EcclesiaBrasil"]},{"@type":"Person","@id":"https:\/\/news.ecclesia.org.br\/#\/schema\/person\/6f09597f025829745ba414a569f63758","name":"Pe. Andr\u00e9","image":{"@type":"ImageObject","inLanguage":"pt-BR","@id":"https:\/\/secure.gravatar.com\/avatar\/b4327cfa27e9799da239a26adcd534fc29cdc0c4a4a148eecbcfeb9b42c617ac?s=96&d=mm&r=g","url":"https:\/\/secure.gravatar.com\/avatar\/b4327cfa27e9799da239a26adcd534fc29cdc0c4a4a148eecbcfeb9b42c617ac?s=96&d=mm&r=g","contentUrl":"https:\/\/secure.gravatar.com\/avatar\/b4327cfa27e9799da239a26adcd534fc29cdc0c4a4a148eecbcfeb9b42c617ac?s=96&d=mm&r=g","caption":"Pe. Andr\u00e9"},"sameAs":["https:\/\/www.ecclesia.org.br"]}]}},"_links":{"self":[{"href":"https:\/\/news.ecclesia.org.br\/index.php?rest_route=\/wp\/v2\/posts\/5553","targetHints":{"allow":["GET"]}}],"collection":[{"href":"https:\/\/news.ecclesia.org.br\/index.php?rest_route=\/wp\/v2\/posts"}],"about":[{"href":"https:\/\/news.ecclesia.org.br\/index.php?rest_route=\/wp\/v2\/types\/post"}],"author":[{"embeddable":true,"href":"https:\/\/news.ecclesia.org.br\/index.php?rest_route=\/wp\/v2\/users\/1"}],"replies":[{"embeddable":true,"href":"https:\/\/news.ecclesia.org.br\/index.php?rest_route=%2Fwp%2Fv2%2Fcomments&post=5553"}],"version-history":[{"count":0,"href":"https:\/\/news.ecclesia.org.br\/index.php?rest_route=\/wp\/v2\/posts\/5553\/revisions"}],"wp:featuredmedia":[{"embeddable":true,"href":"https:\/\/news.ecclesia.org.br\/index.php?rest_route=\/wp\/v2\/media\/16462"}],"wp:attachment":[{"href":"https:\/\/news.ecclesia.org.br\/index.php?rest_route=%2Fwp%2Fv2%2Fmedia&parent=5553"}],"wp:term":[{"taxonomy":"category","embeddable":true,"href":"https:\/\/news.ecclesia.org.br\/index.php?rest_route=%2Fwp%2Fv2%2Fcategories&post=5553"},{"taxonomy":"post_tag","embeddable":true,"href":"https:\/\/news.ecclesia.org.br\/index.php?rest_route=%2Fwp%2Fv2%2Ftags&post=5553"}],"curies":[{"name":"wp","href":"https:\/\/api.w.org\/{rel}","templated":true}]}}