{"id":5547,"date":"2011-02-12T11:42:39","date_gmt":"2011-02-12T13:42:39","guid":{"rendered":"http:\/\/www.ecclesia.com.br\/news\/?p=5547"},"modified":"2016-03-18T14:42:50","modified_gmt":"2016-03-18T14:42:50","slug":"com-a-uniao-de-cristaos-e-muculmanos-mubarak-e-deposto-da-presidencia-do-egito","status":"publish","type":"post","link":"https:\/\/news.ecclesia.org.br\/?p=5547","title":{"rendered":"Com a uni\u00e3o de crist\u00e3os e mu\u00e7ulmanos, Mubarak \u00e9 deposto da presid\u00eancia do Egito"},"content":{"rendered":"<p style=\"text-align: justify;\"><img fetchpriority=\"high\" decoding=\"async\" class=\"alignleft size-medium wp-image-6009\" src=\"https:\/\/news.ecclesia.org.br\/2013\/wp-content\/uploads\/2011\/02\/egito-2011b-300x225.jpg\" alt=\"egito-2011b\" width=\"300\" height=\"225\" srcset=\"https:\/\/news.ecclesia.org.br\/wp-content\/uploads\/2011\/02\/egito-2011b-300x225.jpg 300w, https:\/\/news.ecclesia.org.br\/wp-content\/uploads\/2011\/02\/egito-2011b-73x55.jpg 73w, https:\/\/news.ecclesia.org.br\/wp-content\/uploads\/2011\/02\/egito-2011b.jpg 320w\" sizes=\"(max-width: 300px) 100vw, 300px\" \/>A foto ao lado tornou-se um s\u00edmbolo da uni\u00e3o de pessoas de diferentes ideais lutando pela mesma causa. S\u00e3o crist\u00e3os coptas formando um cord\u00e3o para defender os protestantes mu\u00e7ulmanos antigoverno, enquanto eles fazem suas ora\u00e7\u00f5es da tarde na pra\u00e7a Tahrir, no centro do Cairo. Este gesto importante mostra que muitos crist\u00e3os do pa\u00eds est\u00e3o questionando a defesa cont\u00ednua que sua Igreja faz do presidente Hosni Mubarak.<\/p>\n<p style=\"text-align: justify;\">\u00abA Igreja copta esteve submetida ao regime durante 30 anos. O regime n\u00e3o mudou. Ele usa uma t\u00e1tica de coer\u00e7\u00e3o. Diz que se as pessoas forem para as ruas, o regime vai causar-lhes problemas, fechando as igrejas e impedindo as pessoas de fazerem qualquer coisa\u00bb, disse Michael Mouniro, presidente da Associa\u00e7\u00e3o de Coptas norte-americanos.<\/p>\n<p style=\"text-align: justify;\">Os coptas totalizam cerca de 10% da popula\u00e7\u00e3o do Egito. S\u00e3o a maior comunidade crist\u00e3 no Oriente M\u00e9dio. E Mubarak sempre posou como defensor da minoria crist\u00e3 contra os extremistas mu\u00e7ulmanos. Muitos coptas estavam satisfeitos em aceitar seu sufocante regime autorit\u00e1rio em troca de uma seguran\u00e7a maior. Por\u00e9m, agora as coisas mudaram. Embora a pol\u00edcia tenha praticamente deserdado a cidade, n\u00e3o h\u00e1 registros de ataques \u00e0s igrejas coptas desde o in\u00edcio dos protestos.<\/p>\n<p style=\"text-align: justify;\">\u00abMeu pai \u00e9 um sacerdote ortodoxo em Al Fayoum (Sudoeste de Cairo). Falei com ele ao telefone e ele disse que se sente perfeitamente seguro em sua igreja\u00bb, afirma Minz Zekry, um blogueiro crist\u00e3o eg\u00edpcio e ativista de direitos humanos que divide seu tempo entre a Su\u00e9cia e o Egito.<\/p>\n<p style=\"text-align: justify;\">Isso parece mostrar que os crist\u00e3os n\u00e3o est\u00e3o em piores condi\u00e7\u00f5es sem a presen\u00e7a da pol\u00edcia. Tamb\u00e9m mostra que o governo usou a divis\u00e3o religiosa no Egito em benef\u00edcio pr\u00f3prio, aproveitando-se at\u00e9 mesmo das desigualdades entre mu\u00e7ulmanos e crist\u00e3os.<\/p>\n<p style=\"text-align: justify;\">A participa\u00e7\u00e3o de crist\u00e3os nos protestos tamb\u00e9m revela que os crist\u00e3os eg\u00edpcios est\u00e3o desafiando a autoridade da Igreja. At\u00e9 agora, a maior parte dos crist\u00e3os obedecia \u00e0s normas da Igreja, o que faz sentido quando se \u00e9 parte de uma minoria de pouca express\u00e3o. Contudo, quando o Patriarca Shenouda (l\u00edder da Igreja Ortodoxa da Alexandria) declarou seu apoio a Mubarak, a maioria dos crist\u00e3os n\u00e3o o seguiu. Isso \u00e9 algo novo, embora alguns sinais dessa \u00abdesobedi\u00eancia\u00bb\u00a0j\u00e1 fossem notados depois do ataque a uma catedral em Alexandria, ocorrido na virada do ano. Naquele momento, um l\u00edder copta foi vaiado quando agradeceu publicamente ao presidente Mubarak pelo seu apoio \u00e0 comunidade crist\u00e3.<\/p>\n<p style=\"text-align: justify;\">\u00abN\u00e3o estou negando as tens\u00f5es que existem entre mu\u00e7ulmanos e coptas no Egito. Mas penso que elas foram deixadas de lado &#8211; pelo menos temporariamente &#8211; desde o come\u00e7o dos protestos. A prioridade era unir todos os eg\u00edpcios em torno de um \u00fanico objetivo: liberdade. Meu irm\u00e3o disse que na semana passada ele falou pela primeira vez com seu vizinho mu\u00e7ulmano porque os dois se alistaram para fazer parte do comit\u00ea de seguran\u00e7a do bairro. Os coptas e mu\u00e7ulmanos finalmente parecem entender que eles n\u00e3o podem permanecer divididos caso queiram que o movimento de protesto tenha sucesso\u00bb, conclui Zekry.<\/p>\n<p style=\"text-align: justify;\">Um im\u00e3 entrevistado pela EuroNews enfatiza o clima de fraternidade vivido na \u00abPra\u00e7a da Liberta\u00e7\u00e3o\u00bb: \u00abTenho de dizer algo: neste lugar onde durmo, muitas vezes meus irm\u00e3os crist\u00e3os me trazem cobertas durante a noite. Vi coisas fabulosas. Quero dizer ao presidente Mubarak que a \u00fanica coisa boa que ele fez foi conseguir mostrar que o povo eg\u00edpcio est\u00e1 unido, em uma s\u00f3 voz\u00bb.<\/p>\n<p style=\"text-align: justify;\">O Egito conseguir\u00e1 continuar vivendo esse clima de harmonia entre as religi\u00f5es e uni\u00e3o pelo bem comum? O tempo dir\u00e1.<\/p>\n<p style=\"text-align: right;\">Fone: <a href=\"http:\/\/noticias.gospelmais.com.br\/\" target=\"_blank\">GNot\u00edcias<\/a><\/p>\n<p style=\"text-align: right;\">[nggallery id=72]<\/p>\n<p style=\"text-align: justify;\">\n","protected":false},"excerpt":{"rendered":"<p>A foto ao lado tornou-se um s\u00edmbolo da uni\u00e3o de pessoas de diferentes ideais lutando pela mesma causa. S\u00e3o crist\u00e3os coptas formando um cord\u00e3o para defender os protestantes mu\u00e7ulmanos antigoverno, enquanto eles fazem suas ora\u00e7\u00f5es da tarde na pra\u00e7a Tahrir,&#8230;<\/p>\n","protected":false},"author":1,"featured_media":6009,"comment_status":"open","ping_status":"open","sticky":false,"template":"","format":"standard","meta":{"_acf_changed":false,"footnotes":""},"categories":[1],"tags":[],"class_list":["post-5547","post","type-post","status-publish","format-standard","has-post-thumbnail","hentry","category-news","entry","rows-excerpt"],"acf":[],"yoast_head":"<!-- This site is optimized with the Yoast SEO plugin v27.5 - https:\/\/yoast.com\/product\/yoast-seo-wordpress\/ -->\n<title>Com a uni\u00e3o de crist\u00e3os e mu\u00e7ulmanos, Mubarak \u00e9 deposto da presid\u00eancia do Egito | ECCLESIA NEWS<\/title>\n<meta name=\"robots\" content=\"index, follow, max-snippet:-1, max-image-preview:large, max-video-preview:-1\" \/>\n<link rel=\"canonical\" href=\"https:\/\/news.ecclesia.org.br\/?p=5547\" \/>\n<meta property=\"og:locale\" content=\"pt_BR\" \/>\n<meta property=\"og:type\" content=\"article\" \/>\n<meta property=\"og:title\" content=\"Com a uni\u00e3o de crist\u00e3os e mu\u00e7ulmanos, Mubarak \u00e9 deposto da presid\u00eancia do Egito | ECCLESIA NEWS\" \/>\n<meta property=\"og:description\" content=\"A foto ao lado tornou-se um s\u00edmbolo da uni\u00e3o de pessoas de diferentes ideais lutando pela mesma causa. S\u00e3o crist\u00e3os coptas formando um cord\u00e3o para defender os protestantes mu\u00e7ulmanos antigoverno, enquanto eles fazem suas ora\u00e7\u00f5es da tarde na pra\u00e7a Tahrir,&#8230;\" \/>\n<meta property=\"og:url\" content=\"https:\/\/news.ecclesia.org.br\/?p=5547\" \/>\n<meta property=\"og:site_name\" content=\"ECCLESIA NEWS\" \/>\n<meta property=\"article:publisher\" content=\"https:\/\/www.facebook.com\/Ecclesia2025\" \/>\n<meta property=\"article:published_time\" content=\"2011-02-12T13:42:39+00:00\" \/>\n<meta property=\"article:modified_time\" content=\"2016-03-18T14:42:50+00:00\" \/>\n<meta property=\"og:image\" content=\"https:\/\/news.ecclesia.org.br\/wp-content\/uploads\/2011\/02\/egito-2011b.jpg\" \/>\n\t<meta property=\"og:image:width\" content=\"320\" \/>\n\t<meta property=\"og:image:height\" content=\"240\" \/>\n\t<meta property=\"og:image:type\" content=\"image\/jpeg\" \/>\n<meta name=\"author\" content=\"Pe. Andr\u00e9\" \/>\n<meta name=\"twitter:card\" content=\"summary_large_image\" \/>\n<meta name=\"twitter:creator\" content=\"@EcclesiaNews\" \/>\n<meta name=\"twitter:site\" content=\"@EcclesiaNews\" \/>\n<meta name=\"twitter:label1\" content=\"Escrito por\" \/>\n\t<meta name=\"twitter:data1\" content=\"Pe. Andr\u00e9\" \/>\n\t<meta name=\"twitter:label2\" content=\"Est. tempo de leitura\" \/>\n\t<meta name=\"twitter:data2\" content=\"3 minutos\" \/>\n<script type=\"application\/ld+json\" class=\"yoast-schema-graph\">{\"@context\":\"https:\\\/\\\/schema.org\",\"@graph\":[{\"@type\":\"Article\",\"@id\":\"https:\\\/\\\/news.ecclesia.org.br\\\/?p=5547#article\",\"isPartOf\":{\"@id\":\"https:\\\/\\\/news.ecclesia.org.br\\\/?p=5547\"},\"author\":{\"name\":\"Pe. Andr\u00e9\",\"@id\":\"https:\\\/\\\/news.ecclesia.org.br\\\/#\\\/schema\\\/person\\\/6f09597f025829745ba414a569f63758\"},\"headline\":\"Com a uni\u00e3o de crist\u00e3os e mu\u00e7ulmanos, Mubarak \u00e9 deposto da presid\u00eancia do Egito\",\"datePublished\":\"2011-02-12T13:42:39+00:00\",\"dateModified\":\"2016-03-18T14:42:50+00:00\",\"mainEntityOfPage\":{\"@id\":\"https:\\\/\\\/news.ecclesia.org.br\\\/?p=5547\"},\"wordCount\":662,\"commentCount\":0,\"publisher\":{\"@id\":\"https:\\\/\\\/news.ecclesia.org.br\\\/#organization\"},\"image\":{\"@id\":\"https:\\\/\\\/news.ecclesia.org.br\\\/?p=5547#primaryimage\"},\"thumbnailUrl\":\"https:\\\/\\\/news.ecclesia.org.br\\\/wp-content\\\/uploads\\\/2011\\\/02\\\/egito-2011b.jpg\",\"articleSection\":[\"NEWS\"],\"inLanguage\":\"pt-BR\",\"potentialAction\":[{\"@type\":\"CommentAction\",\"name\":\"Comment\",\"target\":[\"https:\\\/\\\/news.ecclesia.org.br\\\/?p=5547#respond\"]}]},{\"@type\":\"WebPage\",\"@id\":\"https:\\\/\\\/news.ecclesia.org.br\\\/?p=5547\",\"url\":\"https:\\\/\\\/news.ecclesia.org.br\\\/?p=5547\",\"name\":\"Com a uni\u00e3o de crist\u00e3os e mu\u00e7ulmanos, Mubarak \u00e9 deposto da presid\u00eancia do Egito | ECCLESIA NEWS\",\"isPartOf\":{\"@id\":\"https:\\\/\\\/news.ecclesia.org.br\\\/#website\"},\"primaryImageOfPage\":{\"@id\":\"https:\\\/\\\/news.ecclesia.org.br\\\/?p=5547#primaryimage\"},\"image\":{\"@id\":\"https:\\\/\\\/news.ecclesia.org.br\\\/?p=5547#primaryimage\"},\"thumbnailUrl\":\"https:\\\/\\\/news.ecclesia.org.br\\\/wp-content\\\/uploads\\\/2011\\\/02\\\/egito-2011b.jpg\",\"datePublished\":\"2011-02-12T13:42:39+00:00\",\"dateModified\":\"2016-03-18T14:42:50+00:00\",\"breadcrumb\":{\"@id\":\"https:\\\/\\\/news.ecclesia.org.br\\\/?p=5547#breadcrumb\"},\"inLanguage\":\"pt-BR\",\"potentialAction\":[{\"@type\":\"ReadAction\",\"target\":[\"https:\\\/\\\/news.ecclesia.org.br\\\/?p=5547\"]}]},{\"@type\":\"ImageObject\",\"inLanguage\":\"pt-BR\",\"@id\":\"https:\\\/\\\/news.ecclesia.org.br\\\/?p=5547#primaryimage\",\"url\":\"https:\\\/\\\/news.ecclesia.org.br\\\/wp-content\\\/uploads\\\/2011\\\/02\\\/egito-2011b.jpg\",\"contentUrl\":\"https:\\\/\\\/news.ecclesia.org.br\\\/wp-content\\\/uploads\\\/2011\\\/02\\\/egito-2011b.jpg\",\"width\":320,\"height\":240},{\"@type\":\"BreadcrumbList\",\"@id\":\"https:\\\/\\\/news.ecclesia.org.br\\\/?p=5547#breadcrumb\",\"itemListElement\":[{\"@type\":\"ListItem\",\"position\":1,\"name\":\"In\u00edcio\",\"item\":\"https:\\\/\\\/news.ecclesia.org.br\\\/\"},{\"@type\":\"ListItem\",\"position\":2,\"name\":\"Com a uni\u00e3o de crist\u00e3os e mu\u00e7ulmanos, Mubarak \u00e9 deposto da presid\u00eancia do Egito\"}]},{\"@type\":\"WebSite\",\"@id\":\"https:\\\/\\\/news.ecclesia.org.br\\\/#website\",\"url\":\"https:\\\/\\\/news.ecclesia.org.br\\\/\",\"name\":\"Ecclesia Brasil\",\"description\":\"Desde 2003 onectando o Brasil ao mundo ortodoxo!\",\"publisher\":{\"@id\":\"https:\\\/\\\/news.ecclesia.org.br\\\/#organization\"},\"alternateName\":\"Ecclesia\",\"potentialAction\":[{\"@type\":\"SearchAction\",\"target\":{\"@type\":\"EntryPoint\",\"urlTemplate\":\"https:\\\/\\\/news.ecclesia.org.br\\\/?s={search_term_string}\"},\"query-input\":{\"@type\":\"PropertyValueSpecification\",\"valueRequired\":true,\"valueName\":\"search_term_string\"}}],\"inLanguage\":\"pt-BR\"},{\"@type\":\"Organization\",\"@id\":\"https:\\\/\\\/news.ecclesia.org.br\\\/#organization\",\"name\":\"Sacra Arquidiocese de Buenos Aires e Am\u00e9rica do Sul | Patriarcado Ecum\u00eanico\",\"alternateName\":\"News Ecclesia Brasil\",\"url\":\"https:\\\/\\\/news.ecclesia.org.br\\\/\",\"logo\":{\"@type\":\"ImageObject\",\"inLanguage\":\"pt-BR\",\"@id\":\"https:\\\/\\\/news.ecclesia.org.br\\\/#\\\/schema\\\/logo\\\/image\\\/\",\"url\":\"https:\\\/\\\/news.ecclesia.org.br\\\/wp-content\\\/uploads\\\/2025\\\/05\\\/ecclesia2.png\",\"contentUrl\":\"https:\\\/\\\/news.ecclesia.org.br\\\/wp-content\\\/uploads\\\/2025\\\/05\\\/ecclesia2.png\",\"width\":480,\"height\":120,\"caption\":\"Sacra Arquidiocese de Buenos Aires e Am\u00e9rica do Sul | Patriarcado Ecum\u00eanico\"},\"image\":{\"@id\":\"https:\\\/\\\/news.ecclesia.org.br\\\/#\\\/schema\\\/logo\\\/image\\\/\"},\"sameAs\":[\"https:\\\/\\\/www.facebook.com\\\/Ecclesia2025\",\"https:\\\/\\\/x.com\\\/EcclesiaNews\",\"https:\\\/\\\/br.pinterest.com\\\/ekklisia\\\/\",\"https:\\\/\\\/www.youtube.com\\\/@EcclesiaBrasil\"]},{\"@type\":\"Person\",\"@id\":\"https:\\\/\\\/news.ecclesia.org.br\\\/#\\\/schema\\\/person\\\/6f09597f025829745ba414a569f63758\",\"name\":\"Pe. Andr\u00e9\",\"image\":{\"@type\":\"ImageObject\",\"inLanguage\":\"pt-BR\",\"@id\":\"https:\\\/\\\/secure.gravatar.com\\\/avatar\\\/b4327cfa27e9799da239a26adcd534fc29cdc0c4a4a148eecbcfeb9b42c617ac?s=96&d=mm&r=g\",\"url\":\"https:\\\/\\\/secure.gravatar.com\\\/avatar\\\/b4327cfa27e9799da239a26adcd534fc29cdc0c4a4a148eecbcfeb9b42c617ac?s=96&d=mm&r=g\",\"contentUrl\":\"https:\\\/\\\/secure.gravatar.com\\\/avatar\\\/b4327cfa27e9799da239a26adcd534fc29cdc0c4a4a148eecbcfeb9b42c617ac?s=96&d=mm&r=g\",\"caption\":\"Pe. Andr\u00e9\"},\"sameAs\":[\"https:\\\/\\\/www.ecclesia.org.br\"]}]}<\/script>\n<!-- \/ Yoast SEO plugin. -->","yoast_head_json":{"title":"Com a uni\u00e3o de crist\u00e3os e mu\u00e7ulmanos, Mubarak \u00e9 deposto da presid\u00eancia do Egito | ECCLESIA NEWS","robots":{"index":"index","follow":"follow","max-snippet":"max-snippet:-1","max-image-preview":"max-image-preview:large","max-video-preview":"max-video-preview:-1"},"canonical":"https:\/\/news.ecclesia.org.br\/?p=5547","og_locale":"pt_BR","og_type":"article","og_title":"Com a uni\u00e3o de crist\u00e3os e mu\u00e7ulmanos, Mubarak \u00e9 deposto da presid\u00eancia do Egito | ECCLESIA NEWS","og_description":"A foto ao lado tornou-se um s\u00edmbolo da uni\u00e3o de pessoas de diferentes ideais lutando pela mesma causa. S\u00e3o crist\u00e3os coptas formando um cord\u00e3o para defender os protestantes mu\u00e7ulmanos antigoverno, enquanto eles fazem suas ora\u00e7\u00f5es da tarde na pra\u00e7a Tahrir,&#8230;","og_url":"https:\/\/news.ecclesia.org.br\/?p=5547","og_site_name":"ECCLESIA NEWS","article_publisher":"https:\/\/www.facebook.com\/Ecclesia2025","article_published_time":"2011-02-12T13:42:39+00:00","article_modified_time":"2016-03-18T14:42:50+00:00","og_image":[{"width":320,"height":240,"url":"https:\/\/news.ecclesia.org.br\/wp-content\/uploads\/2011\/02\/egito-2011b.jpg","type":"image\/jpeg"}],"author":"Pe. Andr\u00e9","twitter_card":"summary_large_image","twitter_creator":"@EcclesiaNews","twitter_site":"@EcclesiaNews","twitter_misc":{"Escrito por":"Pe. Andr\u00e9","Est. tempo de leitura":"3 minutos"},"schema":{"@context":"https:\/\/schema.org","@graph":[{"@type":"Article","@id":"https:\/\/news.ecclesia.org.br\/?p=5547#article","isPartOf":{"@id":"https:\/\/news.ecclesia.org.br\/?p=5547"},"author":{"name":"Pe. Andr\u00e9","@id":"https:\/\/news.ecclesia.org.br\/#\/schema\/person\/6f09597f025829745ba414a569f63758"},"headline":"Com a uni\u00e3o de crist\u00e3os e mu\u00e7ulmanos, Mubarak \u00e9 deposto da presid\u00eancia do Egito","datePublished":"2011-02-12T13:42:39+00:00","dateModified":"2016-03-18T14:42:50+00:00","mainEntityOfPage":{"@id":"https:\/\/news.ecclesia.org.br\/?p=5547"},"wordCount":662,"commentCount":0,"publisher":{"@id":"https:\/\/news.ecclesia.org.br\/#organization"},"image":{"@id":"https:\/\/news.ecclesia.org.br\/?p=5547#primaryimage"},"thumbnailUrl":"https:\/\/news.ecclesia.org.br\/wp-content\/uploads\/2011\/02\/egito-2011b.jpg","articleSection":["NEWS"],"inLanguage":"pt-BR","potentialAction":[{"@type":"CommentAction","name":"Comment","target":["https:\/\/news.ecclesia.org.br\/?p=5547#respond"]}]},{"@type":"WebPage","@id":"https:\/\/news.ecclesia.org.br\/?p=5547","url":"https:\/\/news.ecclesia.org.br\/?p=5547","name":"Com a uni\u00e3o de crist\u00e3os e mu\u00e7ulmanos, Mubarak \u00e9 deposto da presid\u00eancia do Egito | ECCLESIA NEWS","isPartOf":{"@id":"https:\/\/news.ecclesia.org.br\/#website"},"primaryImageOfPage":{"@id":"https:\/\/news.ecclesia.org.br\/?p=5547#primaryimage"},"image":{"@id":"https:\/\/news.ecclesia.org.br\/?p=5547#primaryimage"},"thumbnailUrl":"https:\/\/news.ecclesia.org.br\/wp-content\/uploads\/2011\/02\/egito-2011b.jpg","datePublished":"2011-02-12T13:42:39+00:00","dateModified":"2016-03-18T14:42:50+00:00","breadcrumb":{"@id":"https:\/\/news.ecclesia.org.br\/?p=5547#breadcrumb"},"inLanguage":"pt-BR","potentialAction":[{"@type":"ReadAction","target":["https:\/\/news.ecclesia.org.br\/?p=5547"]}]},{"@type":"ImageObject","inLanguage":"pt-BR","@id":"https:\/\/news.ecclesia.org.br\/?p=5547#primaryimage","url":"https:\/\/news.ecclesia.org.br\/wp-content\/uploads\/2011\/02\/egito-2011b.jpg","contentUrl":"https:\/\/news.ecclesia.org.br\/wp-content\/uploads\/2011\/02\/egito-2011b.jpg","width":320,"height":240},{"@type":"BreadcrumbList","@id":"https:\/\/news.ecclesia.org.br\/?p=5547#breadcrumb","itemListElement":[{"@type":"ListItem","position":1,"name":"In\u00edcio","item":"https:\/\/news.ecclesia.org.br\/"},{"@type":"ListItem","position":2,"name":"Com a uni\u00e3o de crist\u00e3os e mu\u00e7ulmanos, Mubarak \u00e9 deposto da presid\u00eancia do Egito"}]},{"@type":"WebSite","@id":"https:\/\/news.ecclesia.org.br\/#website","url":"https:\/\/news.ecclesia.org.br\/","name":"Ecclesia Brasil","description":"Desde 2003 onectando o Brasil ao mundo ortodoxo!","publisher":{"@id":"https:\/\/news.ecclesia.org.br\/#organization"},"alternateName":"Ecclesia","potentialAction":[{"@type":"SearchAction","target":{"@type":"EntryPoint","urlTemplate":"https:\/\/news.ecclesia.org.br\/?s={search_term_string}"},"query-input":{"@type":"PropertyValueSpecification","valueRequired":true,"valueName":"search_term_string"}}],"inLanguage":"pt-BR"},{"@type":"Organization","@id":"https:\/\/news.ecclesia.org.br\/#organization","name":"Sacra Arquidiocese de Buenos Aires e Am\u00e9rica do Sul | Patriarcado Ecum\u00eanico","alternateName":"News Ecclesia Brasil","url":"https:\/\/news.ecclesia.org.br\/","logo":{"@type":"ImageObject","inLanguage":"pt-BR","@id":"https:\/\/news.ecclesia.org.br\/#\/schema\/logo\/image\/","url":"https:\/\/news.ecclesia.org.br\/wp-content\/uploads\/2025\/05\/ecclesia2.png","contentUrl":"https:\/\/news.ecclesia.org.br\/wp-content\/uploads\/2025\/05\/ecclesia2.png","width":480,"height":120,"caption":"Sacra Arquidiocese de Buenos Aires e Am\u00e9rica do Sul | Patriarcado Ecum\u00eanico"},"image":{"@id":"https:\/\/news.ecclesia.org.br\/#\/schema\/logo\/image\/"},"sameAs":["https:\/\/www.facebook.com\/Ecclesia2025","https:\/\/x.com\/EcclesiaNews","https:\/\/br.pinterest.com\/ekklisia\/","https:\/\/www.youtube.com\/@EcclesiaBrasil"]},{"@type":"Person","@id":"https:\/\/news.ecclesia.org.br\/#\/schema\/person\/6f09597f025829745ba414a569f63758","name":"Pe. Andr\u00e9","image":{"@type":"ImageObject","inLanguage":"pt-BR","@id":"https:\/\/secure.gravatar.com\/avatar\/b4327cfa27e9799da239a26adcd534fc29cdc0c4a4a148eecbcfeb9b42c617ac?s=96&d=mm&r=g","url":"https:\/\/secure.gravatar.com\/avatar\/b4327cfa27e9799da239a26adcd534fc29cdc0c4a4a148eecbcfeb9b42c617ac?s=96&d=mm&r=g","contentUrl":"https:\/\/secure.gravatar.com\/avatar\/b4327cfa27e9799da239a26adcd534fc29cdc0c4a4a148eecbcfeb9b42c617ac?s=96&d=mm&r=g","caption":"Pe. Andr\u00e9"},"sameAs":["https:\/\/www.ecclesia.org.br"]}]}},"_links":{"self":[{"href":"https:\/\/news.ecclesia.org.br\/index.php?rest_route=\/wp\/v2\/posts\/5547","targetHints":{"allow":["GET"]}}],"collection":[{"href":"https:\/\/news.ecclesia.org.br\/index.php?rest_route=\/wp\/v2\/posts"}],"about":[{"href":"https:\/\/news.ecclesia.org.br\/index.php?rest_route=\/wp\/v2\/types\/post"}],"author":[{"embeddable":true,"href":"https:\/\/news.ecclesia.org.br\/index.php?rest_route=\/wp\/v2\/users\/1"}],"replies":[{"embeddable":true,"href":"https:\/\/news.ecclesia.org.br\/index.php?rest_route=%2Fwp%2Fv2%2Fcomments&post=5547"}],"version-history":[{"count":0,"href":"https:\/\/news.ecclesia.org.br\/index.php?rest_route=\/wp\/v2\/posts\/5547\/revisions"}],"wp:featuredmedia":[{"embeddable":true,"href":"https:\/\/news.ecclesia.org.br\/index.php?rest_route=\/wp\/v2\/media\/6009"}],"wp:attachment":[{"href":"https:\/\/news.ecclesia.org.br\/index.php?rest_route=%2Fwp%2Fv2%2Fmedia&parent=5547"}],"wp:term":[{"taxonomy":"category","embeddable":true,"href":"https:\/\/news.ecclesia.org.br\/index.php?rest_route=%2Fwp%2Fv2%2Fcategories&post=5547"},{"taxonomy":"post_tag","embeddable":true,"href":"https:\/\/news.ecclesia.org.br\/index.php?rest_route=%2Fwp%2Fv2%2Ftags&post=5547"}],"curies":[{"name":"wp","href":"https:\/\/api.w.org\/{rel}","templated":true}]}}