{"id":5537,"date":"2011-02-10T15:35:31","date_gmt":"2011-02-10T17:35:31","guid":{"rendered":"http:\/\/www.ecclesia.com.br\/news\/?p=5537"},"modified":"2016-03-18T14:44:54","modified_gmt":"2016-03-18T14:44:54","slug":"cristaos-e-muculmanos-maos-dadas-na-revolucao-dos-jovens-no-egito","status":"publish","type":"post","link":"https:\/\/news.ecclesia.org.br\/?p=5537","title":{"rendered":"Crist\u00e3os e mu\u00e7ulmanos: \u00abM\u00e3os dadas\u00bb na revolu\u00e7\u00e3o dos jovens no Egito"},"content":{"rendered":"<p style=\"text-align: justify;\"><img fetchpriority=\"high\" decoding=\"async\" class=\"alignleft size-medium wp-image-5878\" src=\"https:\/\/news.ecclesia.org.br\/2013\/wp-content\/uploads\/2011\/02\/coptas-muculmanos1-300x223.jpg\" alt=\"coptas-muculmanos1\" width=\"300\" height=\"223\" srcset=\"https:\/\/news.ecclesia.org.br\/wp-content\/uploads\/2011\/02\/coptas-muculmanos1-300x223.jpg 300w, https:\/\/news.ecclesia.org.br\/wp-content\/uploads\/2011\/02\/coptas-muculmanos1-600x447.jpg 600w, https:\/\/news.ecclesia.org.br\/wp-content\/uploads\/2011\/02\/coptas-muculmanos1-74x55.jpg 74w, https:\/\/news.ecclesia.org.br\/wp-content\/uploads\/2011\/02\/coptas-muculmanos1.jpg 634w\" sizes=\"(max-width: 300px) 100vw, 300px\" \/>09\/02\/2011 &#8211; 11h02 | Por Juan Cole, do Informed Comment &#8212;\u00a0No domingo, o Egito reencontrou-se com temas de unidade nacional no pa\u00eds de crist\u00e3os e mu\u00e7ulmanos, que fazem lembrar os primeiros momentos do nacionalismo eg\u00edpcio em 1919, quando a na\u00e7\u00e3o moderna brotou de um caldeir\u00e3o de manifesta\u00e7\u00f5es e protestos de rua, contra o dom\u00ednio colonial brit\u00e2nico.<\/p>\n<p style=\"text-align: justify;\">Atualmente, os coptas mal alcan\u00e7am 10% da popula\u00e7\u00e3o do Egito, cerca de 8 milh\u00f5es de pessoas. O cristianismo copta \u00e9 \u00fanico, um ramo de fi\u00e9is que segue os ensinamentos do ap\u00f3stolo Marcos, o Evangelista, em Alexandria.<\/p>\n<p style=\"text-align: justify;\">O jornal \u00e1rabe <a href=\"http:\/\/www.alarab.com.qa\/details.php?docId=173328&amp;issueNo=1148&amp;secId=15\">Al-Arab<\/a> noticiou que os manifestantes crist\u00e3os organizaram servi\u00e7os f\u00fanebres para encomenda\u00e7\u00e3o das almas dos m\u00e1rtires que ca\u00edram nas lutas de rua no Cairo, desde 25 de janeiro. As tr\u00eas igrejas coptas organizaram tr\u00eas diferentes servi\u00e7os f\u00fanebres.<\/p>\n<p style=\"text-align: justify;\">Na sexta-feira, movimentos da juventude crist\u00e3 montaram guarda para proteger os mu\u00e7ulmanos que rezavam na Pra\u00e7a Tahrir, porque os fi\u00e9is que se curvassem durante a ora\u00e7\u00e3o ficariam vulner\u00e1veis aos ataques da pol\u00edcia secreta.<\/p>\n<p style=\"text-align: justify;\">A Associated Press noticiou que o Padre Ihab al-Kharat, na homilia do domingo, disse que \u00abEm nome de Jesus e Maom\u00e9, unimos nossos fi\u00e9is e nossas ora\u00e7\u00f5es (&#8230;) Continuaremos a protestar nas ruas, at\u00e9 a queda do tirano\u00bb.<\/p>\n<p style=\"text-align: justify;\">O jornal Al-Arab noticia que multid\u00f5es de jovens participaram das missas ao lado das principais lideran\u00e7as coptas, como Michael Mounir; o chefe da Organiza\u00e7\u00e3o Copta dos EUA Dr. Imad Gad, um dos especialistas do Centro Al-Ahram de Estudos Estrat\u00e9gicos, e George Ishakl\u00edder do Movimento\u00a0 Kefaya! (&#8220;Basta!&#8221;), al\u00e9m de membros dos conselhos comunit\u00e1rios coptas. (Tamb\u00e9m h\u00e1 coptas que se op\u00f5em ao movimento.)<\/p>\n<p style=\"text-align: justify;\">Depois das preces, Michael Mounir disse que o regime eg\u00edpcio perseguiu todos, mu\u00e7ulmanos e coptas, o que se viu repetir-se nos \u00faltimos 12 dias: quando os guardas da pol\u00edcia pol\u00edtica foram deslocados para a Pra\u00e7a Tahir, n\u00e3o houve mais ataques a igrejas coptas. O que se viu foi grupos de jovens mu\u00e7ulmanos que se organizavam em cord\u00f5es \u00e0 volta das igrejas coptas, como escudos vivos, para proteg\u00ea-las. No passado, disse Mounir, apesar de haver seguran\u00e7a, igrejas e fi\u00e9is coptas sofreram v\u00e1rios massacres; o massacre mais recente aconteceu no dia de Ano Novo.<\/p>\n<p style=\"text-align: justify;\">Um jovem engenheiro, Mina Nagi, ferido dia 25 de janeiro, disse durante a missa (citado em <a href=\"file:\/\/\/C:\/Users\/Public\/Documents\/-%20http:\/www.google.com\/hostednews\/afp\/article\/ALeqM5jeOi9ErhOEFLKPzwu4GxwK3_WFOg?docId=CNG.d71563329c20ec55ca29419d6e242eff.721\">al-Arab<\/a>): \u00abDiga a verdade, e a verdade o libertar\u00e1\u00bb; os tiranos t\u00eam n\u00famero e armas e granadas de g\u00e1s e capacidade para destruir reputa\u00e7\u00f5es. \u00abMas n\u00f3s temos a verdade, e nosso corpo e nossa vida que pulsa de verdadeiro amor \u00e0 vida e \u00e0 liberdade, vividas com dignidade e justi\u00e7a\u00bb.<\/p>\n<p style=\"text-align: justify;\">Para ele, os jovens que j\u00e1 passaram por esses dias na Pra\u00e7a Tahir, saber\u00e3o resistir ao frio, \u00e0 chuva, \u00e0 fome e aos ataques que ainda vir\u00e3o, de v\u00e1rios lados e de v\u00e1rios tipos. E completou:<br \/>\n\u00abEstou aqui, porque a mis\u00e9ria e o sofrimento em que vivemos n\u00e3o s\u00e3o coisa passageira. S\u00e3o o resultado claro da estrutura pol\u00edtica e social, que produz mis\u00e9ria e sofrimento, sem nenhuma democracia, com os interesses privados dominando completamente qualquer interesse p\u00fablico\u00bb. Disse que \u00e9 necess\u00e1ria uma profunda transforma\u00e7\u00e3o das pr\u00f3prias estruturas do regime e das condi\u00e7\u00f5es que geram mis\u00e9ria, tirania e opress\u00e3o: \u00abVim mandado pela minha f\u00e9 na luta pelo respeito aos direitos humanos e pela constru\u00e7\u00e3o de uma democracia, contra os preconceitos e o partidarismo, e para construir uma ordem transparente e confi\u00e1vel (&#8230;)\u00bb.<\/p>\n<p style=\"text-align: justify;\">Intelectuais crist\u00e3os e mu\u00e7ulmanos lan\u00e7aram longa declara\u00e7\u00e3o, na qual afirmam que a revolu\u00e7\u00e3o da juventude eg\u00edpcia instilou novo esp\u00edrito na alma dos eg\u00edpcios, no qual se v\u00ea excelente exemplo de unidade nacional (&#8230;) com os fi\u00e9is se oferecendo como escudos, uns dos outros, para as respectivas ora\u00e7\u00f5es depois que a pol\u00edcia pol\u00edtica retirou-se da Pra\u00e7a. Dizem tamb\u00e9m que a decis\u00e3o de organizar piquetes de seguran\u00e7a para as ora\u00e7\u00f5es foi dos pr\u00f3prios jovens, n\u00e3o de alguma lideran\u00e7a religiosa, e que a decis\u00e3o \u00e9 prova de que os lugares de culto n\u00e3o precisam ser protegidos por guardas armados. \u00abS\u00e3o todos locais eg\u00edpcios de culto, que todos os eg\u00edpcios amam e respeitam\u00bb. Lembraram que (por causa dos atentados do dia de Ano Novo) o Egito esteve \u00e0 beira de uma guerra sect\u00e1ria, e que as declara\u00e7\u00f5es de alguns cl\u00e9rigos levaram a situa\u00e7\u00e3o a ponto de explodir. E tudo isso foi contido pela Revolu\u00e7\u00e3o dos Jovens.<\/p>\n<p style=\"text-align: justify;\">Os intelectuais mu\u00e7ulmanos e coptas acusam o governo de Mubarak de explorar os s\u00edmbolos religiosos para fazer abortar a Revolu\u00e7\u00e3o dos Jovens e lastimam que alguns cl\u00e9rigos e padres tenham usado os argumentos da ditadura para denunciar o movimento de protesto. Elogiaram os cl\u00e9rigos e padres que se mantiveram nos locais de culto e n\u00e3o interferiram; e conclamaram a m\u00eddia independente e a estatal a n\u00e3o insistir em por nas telas de televis\u00e3o as vozes mais reacion\u00e1rias e atrasistas das duas religi\u00f5es, para opinarem sobre assuntos p\u00fablicos.<\/p>\n<p style=\"text-align: justify;\">A AFP em \u00e1rabe noticiou que Nadir, um jovem copta, levava um cartaz, na Pra\u00e7a Tahrir, em que se lia \u00abo sangue de muitos coptas foi derramado na era Mubarak. Mubarak, Fora do Egito!\u00bb Entrevistado, o jovem copta lamentou que a persegui\u00e7\u00e3o a crist\u00e3os tenha aumentado muito na era Mubarak, e que a \u00fanica resposta do presidente foi tentar ocultar os ataques. \u00abN\u00e3o foi a solu\u00e7\u00e3o certa\u00bb, disse ele. Outro jovem crist\u00e3o copta, Ihab, disse que o medo de que a Fraternidade Mu\u00e7ulmana tomasse o poder era falso medo. \u00abGoverno da Fraternidade Mu\u00e7ulmana seria uma cat\u00e1strofe. Mas h\u00e1 muitas outras escolhas no Egito, al\u00e9m de Mubarak e da Fraternidade\u00bb.<\/p>\n<p style=\"text-align: justify;\">Muitos mu\u00e7ulmanos apoiaram os coptas, quando foram atacados. Um deles, Ahmad al-Shimi, levava um cartaz em que se lia \u00abMu\u00e7ulmanos + coptas = Egito\u00bb, com o crescente mu\u00e7ulmano ao lado da cruz crist\u00e3.<\/p>\n<p style=\"text-align: justify;\">As ag\u00eancias \u00e1rabes de not\u00edcia informaram que milhares de manifestantes voltaram \u00e0 pra\u00e7a Tahrir no domingo, para a cerim\u00f4nia de lembran\u00e7a dos 300 m\u00e1rtires que morreram nas m\u00e3os da pol\u00edcia pol\u00edtica desde o in\u00edcio dos protestos dia 25 de janeiro. Muitos sentaram-se \u00e0 frente dos tanques que cercavam a pra\u00e7a, para impedi-los de se movimentar e bloquear o espa\u00e7o p\u00fablico para outras manifesta\u00e7\u00f5es. Muitos jovens est\u00e3o acampados em tendas na pra\u00e7a, dormindo ali, ou despertos, montando guarda para impedir que a pra\u00e7a seja ocupada por policiais.<\/p>\n<p style=\"text-align: justify;\">Ag\u00eancias de not\u00edcias repetiram mat\u00e9rias sobre o papel dos crist\u00e3os no domingo. Um padre crist\u00e3o copta carregando uma cruz, rezou missa no domingo ante a multid\u00e3o. Ao lado dele, um im\u00e3 mu\u00e7ulmano, com uma c\u00f3pia do Cor\u00e3o. E a multid\u00e3o cantava \u00abDe m\u00e3os dadas, estamos de m\u00e3os dadas\u00bb. Um padre coopta liderava os cantos, do altar: \u00abDe m\u00e3os dadas, estamos de m\u00e3os dadas\u00bb, refer\u00eancia \u00e0 unidade de crist\u00e3os e mu\u00e7ulmanos eg\u00edpcios, que todos exigem o fim do regime de Mubarak. Uma mulher crist\u00e3, identificada como Rana, disse \u00e0 Reuters \u00c1rabe: \u00abTodos os eg\u00edpcios, sejam mu\u00e7ulmanos ou crist\u00e3os, queremos mudan\u00e7a, liberdade e justi\u00e7a para todos os eg\u00edpcios\u00bb.<\/p>\n<p style=\"text-align: justify;\">V\u00ea-se um <a href=\"http:\/\/www.youtube.com\/watch?v=CVSS-qjrXO4&amp;feature=player_embedded\">v\u00eddeo de YouTube<\/a> filmado de dentro da multid\u00e3o, e ouvem-se os cantos de unidade de crist\u00e3os e mu\u00e7ulmanos eg\u00edpcios \u00abDe m\u00e3os dadas, estamos de m\u00e3os dadas\u00bb (v\u00ea-se a cruz copta acima das cabe\u00e7as).<\/p>\n<p style=\"text-align: justify;\">Depois da 1\u00aa Guerra Mundial, os eg\u00edpcios come\u00e7aram a exigir independ\u00eancia da Gr\u00e3-Bretanha, que ocupara o pa\u00eds em 1882. O l\u00edder nacionalista Saad Zaghlul\u00a0 (<a href=\"http:\/\/pontosworld.com\/index.php?option=com_content&amp;task=view&amp;id=624&amp;Itemid=87\">Saad Zaghlul Pasha: \u00abFather of the Egyptians\u00bb<\/a> &#8211;\u00a0 e outros queriam liderar uma delega\u00e7\u00e3o [em \u00e1rabe Wafd] que participaria da Confer\u00eancia de Paz de Versailles, para garantir que as aspira\u00e7\u00f5es eg\u00edpcias, de autodetermina\u00e7\u00e3o, seriam consideradas. Sempre arrogantes, brit\u00e2nicos prenderam Zaghlul no in\u00edcio de 1919, o que provocou imensas manifesta\u00e7\u00f5es de todas as classes e de todos os grupos religiosos por todo o pa\u00eds.<\/p>\n<p style=\"text-align: justify;\">Os coptas eram t\u00e3o nacionalistas quanto os mu\u00e7ulmanos, e queriam muito ver os brit\u00e2nicos pelas costas. S\u00e3o claramente identific\u00e1veis nas fotos da \u00e9poca, com estandartes com cruzes. Tamb\u00e9m em 1919, as mulheres tiveram papel muito vis\u00edvel nas manifesta\u00e7\u00f5es de rua no Egito (ver: <a href=\"http:\/\/www.bookrags.com\/tandf\/egypt-nationalism-world-war-i-and-the-tf\/\">Egypt: Nationalism, world War I and Wafd, 1882 &#8211; 1922<\/a> -.<\/p>\n<p style=\"text-align: justify;\">1919 foi o momento fundacional para a na\u00e7\u00e3o eg\u00edpcia. A hist\u00f3ria subsequente das rela\u00e7\u00f5es entre crist\u00e3os e mu\u00e7ulmanos teve altos e baixos. Mas n\u00e3o h\u00e1 d\u00favidas de que o domingo, 6\/2\/2011, na pra\u00e7a Tahrir, no Cairo, aconteceu outro daqueles momentos de unidade da na\u00e7\u00e3o.[nggallery id=72]<\/p>\n<p style=\"text-align: right;\"><em>Tradu\u00e7\u00e3o Coletivo Vila Vudu<br \/>\n(Envolverde \/ Outras Palavras)<\/em><\/p>\n<p style=\"text-align: justify;\">\n","protected":false},"excerpt":{"rendered":"<p>09\/02\/2011 &#8211; 11h02 | Por Juan Cole, do Informed Comment &#8212;\u00a0No domingo, o Egito reencontrou-se com temas de unidade nacional no pa\u00eds de crist\u00e3os e mu\u00e7ulmanos, que fazem lembrar os primeiros momentos do nacionalismo eg\u00edpcio em 1919, quando a na\u00e7\u00e3o&#8230;<\/p>\n","protected":false},"author":1,"featured_media":5878,"comment_status":"open","ping_status":"open","sticky":false,"template":"","format":"standard","meta":{"_acf_changed":false,"footnotes":""},"categories":[1],"tags":[],"class_list":["post-5537","post","type-post","status-publish","format-standard","has-post-thumbnail","hentry","category-news","entry","rows-excerpt"],"acf":[],"yoast_head":"<!-- This site is optimized with the Yoast SEO plugin v27.5 - https:\/\/yoast.com\/product\/yoast-seo-wordpress\/ -->\n<title>Crist\u00e3os e mu\u00e7ulmanos: \u00abM\u00e3os dadas\u00bb na revolu\u00e7\u00e3o dos jovens no Egito | ECCLESIA NEWS<\/title>\n<meta name=\"robots\" content=\"index, follow, max-snippet:-1, max-image-preview:large, max-video-preview:-1\" \/>\n<link rel=\"canonical\" href=\"https:\/\/news.ecclesia.org.br\/?p=5537\" \/>\n<meta property=\"og:locale\" content=\"pt_BR\" \/>\n<meta property=\"og:type\" content=\"article\" \/>\n<meta property=\"og:title\" content=\"Crist\u00e3os e mu\u00e7ulmanos: \u00abM\u00e3os dadas\u00bb na revolu\u00e7\u00e3o dos jovens no Egito | ECCLESIA NEWS\" \/>\n<meta property=\"og:description\" content=\"09\/02\/2011 &#8211; 11h02 | Por Juan Cole, do Informed Comment &#8212;\u00a0No domingo, o Egito reencontrou-se com temas de unidade nacional no pa\u00eds de crist\u00e3os e mu\u00e7ulmanos, que fazem lembrar os primeiros momentos do nacionalismo eg\u00edpcio em 1919, quando a na\u00e7\u00e3o&#8230;\" \/>\n<meta property=\"og:url\" content=\"https:\/\/news.ecclesia.org.br\/?p=5537\" \/>\n<meta property=\"og:site_name\" content=\"ECCLESIA NEWS\" \/>\n<meta property=\"article:publisher\" content=\"https:\/\/www.facebook.com\/Ecclesia2025\" \/>\n<meta property=\"article:published_time\" content=\"2011-02-10T17:35:31+00:00\" \/>\n<meta property=\"article:modified_time\" content=\"2016-03-18T14:44:54+00:00\" \/>\n<meta property=\"og:image\" content=\"https:\/\/news.ecclesia.org.br\/wp-content\/uploads\/2011\/02\/coptas-muculmanos1.jpg\" \/>\n\t<meta property=\"og:image:width\" content=\"634\" \/>\n\t<meta property=\"og:image:height\" content=\"472\" \/>\n\t<meta property=\"og:image:type\" content=\"image\/jpeg\" \/>\n<meta name=\"author\" content=\"Pe. Andr\u00e9\" \/>\n<meta name=\"twitter:card\" content=\"summary_large_image\" \/>\n<meta name=\"twitter:creator\" content=\"@EcclesiaNews\" \/>\n<meta name=\"twitter:site\" content=\"@EcclesiaNews\" \/>\n<meta name=\"twitter:label1\" content=\"Escrito por\" \/>\n\t<meta name=\"twitter:data1\" content=\"Pe. Andr\u00e9\" \/>\n\t<meta name=\"twitter:label2\" content=\"Est. tempo de leitura\" \/>\n\t<meta name=\"twitter:data2\" content=\"8 minutos\" \/>\n<script type=\"application\/ld+json\" class=\"yoast-schema-graph\">{\"@context\":\"https:\\\/\\\/schema.org\",\"@graph\":[{\"@type\":\"Article\",\"@id\":\"https:\\\/\\\/news.ecclesia.org.br\\\/?p=5537#article\",\"isPartOf\":{\"@id\":\"https:\\\/\\\/news.ecclesia.org.br\\\/?p=5537\"},\"author\":{\"name\":\"Pe. Andr\u00e9\",\"@id\":\"https:\\\/\\\/news.ecclesia.org.br\\\/#\\\/schema\\\/person\\\/6f09597f025829745ba414a569f63758\"},\"headline\":\"Crist\u00e3os e mu\u00e7ulmanos: \u00abM\u00e3os dadas\u00bb na revolu\u00e7\u00e3o dos jovens no Egito\",\"datePublished\":\"2011-02-10T17:35:31+00:00\",\"dateModified\":\"2016-03-18T14:44:54+00:00\",\"mainEntityOfPage\":{\"@id\":\"https:\\\/\\\/news.ecclesia.org.br\\\/?p=5537\"},\"wordCount\":1553,\"commentCount\":0,\"publisher\":{\"@id\":\"https:\\\/\\\/news.ecclesia.org.br\\\/#organization\"},\"image\":{\"@id\":\"https:\\\/\\\/news.ecclesia.org.br\\\/?p=5537#primaryimage\"},\"thumbnailUrl\":\"https:\\\/\\\/news.ecclesia.org.br\\\/wp-content\\\/uploads\\\/2011\\\/02\\\/coptas-muculmanos1.jpg\",\"articleSection\":[\"NEWS\"],\"inLanguage\":\"pt-BR\",\"potentialAction\":[{\"@type\":\"CommentAction\",\"name\":\"Comment\",\"target\":[\"https:\\\/\\\/news.ecclesia.org.br\\\/?p=5537#respond\"]}]},{\"@type\":\"WebPage\",\"@id\":\"https:\\\/\\\/news.ecclesia.org.br\\\/?p=5537\",\"url\":\"https:\\\/\\\/news.ecclesia.org.br\\\/?p=5537\",\"name\":\"Crist\u00e3os e mu\u00e7ulmanos: \u00abM\u00e3os dadas\u00bb na revolu\u00e7\u00e3o dos jovens no Egito | ECCLESIA NEWS\",\"isPartOf\":{\"@id\":\"https:\\\/\\\/news.ecclesia.org.br\\\/#website\"},\"primaryImageOfPage\":{\"@id\":\"https:\\\/\\\/news.ecclesia.org.br\\\/?p=5537#primaryimage\"},\"image\":{\"@id\":\"https:\\\/\\\/news.ecclesia.org.br\\\/?p=5537#primaryimage\"},\"thumbnailUrl\":\"https:\\\/\\\/news.ecclesia.org.br\\\/wp-content\\\/uploads\\\/2011\\\/02\\\/coptas-muculmanos1.jpg\",\"datePublished\":\"2011-02-10T17:35:31+00:00\",\"dateModified\":\"2016-03-18T14:44:54+00:00\",\"breadcrumb\":{\"@id\":\"https:\\\/\\\/news.ecclesia.org.br\\\/?p=5537#breadcrumb\"},\"inLanguage\":\"pt-BR\",\"potentialAction\":[{\"@type\":\"ReadAction\",\"target\":[\"https:\\\/\\\/news.ecclesia.org.br\\\/?p=5537\"]}]},{\"@type\":\"ImageObject\",\"inLanguage\":\"pt-BR\",\"@id\":\"https:\\\/\\\/news.ecclesia.org.br\\\/?p=5537#primaryimage\",\"url\":\"https:\\\/\\\/news.ecclesia.org.br\\\/wp-content\\\/uploads\\\/2011\\\/02\\\/coptas-muculmanos1.jpg\",\"contentUrl\":\"https:\\\/\\\/news.ecclesia.org.br\\\/wp-content\\\/uploads\\\/2011\\\/02\\\/coptas-muculmanos1.jpg\",\"width\":634,\"height\":472},{\"@type\":\"BreadcrumbList\",\"@id\":\"https:\\\/\\\/news.ecclesia.org.br\\\/?p=5537#breadcrumb\",\"itemListElement\":[{\"@type\":\"ListItem\",\"position\":1,\"name\":\"In\u00edcio\",\"item\":\"https:\\\/\\\/news.ecclesia.org.br\\\/\"},{\"@type\":\"ListItem\",\"position\":2,\"name\":\"Crist\u00e3os e mu\u00e7ulmanos: \u00abM\u00e3os dadas\u00bb na revolu\u00e7\u00e3o dos jovens no Egito\"}]},{\"@type\":\"WebSite\",\"@id\":\"https:\\\/\\\/news.ecclesia.org.br\\\/#website\",\"url\":\"https:\\\/\\\/news.ecclesia.org.br\\\/\",\"name\":\"Ecclesia Brasil\",\"description\":\"Desde 2003 onectando o Brasil ao mundo ortodoxo!\",\"publisher\":{\"@id\":\"https:\\\/\\\/news.ecclesia.org.br\\\/#organization\"},\"alternateName\":\"Ecclesia\",\"potentialAction\":[{\"@type\":\"SearchAction\",\"target\":{\"@type\":\"EntryPoint\",\"urlTemplate\":\"https:\\\/\\\/news.ecclesia.org.br\\\/?s={search_term_string}\"},\"query-input\":{\"@type\":\"PropertyValueSpecification\",\"valueRequired\":true,\"valueName\":\"search_term_string\"}}],\"inLanguage\":\"pt-BR\"},{\"@type\":\"Organization\",\"@id\":\"https:\\\/\\\/news.ecclesia.org.br\\\/#organization\",\"name\":\"Sacra Arquidiocese de Buenos Aires e Am\u00e9rica do Sul | Patriarcado Ecum\u00eanico\",\"alternateName\":\"News Ecclesia Brasil\",\"url\":\"https:\\\/\\\/news.ecclesia.org.br\\\/\",\"logo\":{\"@type\":\"ImageObject\",\"inLanguage\":\"pt-BR\",\"@id\":\"https:\\\/\\\/news.ecclesia.org.br\\\/#\\\/schema\\\/logo\\\/image\\\/\",\"url\":\"https:\\\/\\\/news.ecclesia.org.br\\\/wp-content\\\/uploads\\\/2025\\\/05\\\/ecclesia2.png\",\"contentUrl\":\"https:\\\/\\\/news.ecclesia.org.br\\\/wp-content\\\/uploads\\\/2025\\\/05\\\/ecclesia2.png\",\"width\":480,\"height\":120,\"caption\":\"Sacra Arquidiocese de Buenos Aires e Am\u00e9rica do Sul | Patriarcado Ecum\u00eanico\"},\"image\":{\"@id\":\"https:\\\/\\\/news.ecclesia.org.br\\\/#\\\/schema\\\/logo\\\/image\\\/\"},\"sameAs\":[\"https:\\\/\\\/www.facebook.com\\\/Ecclesia2025\",\"https:\\\/\\\/x.com\\\/EcclesiaNews\",\"https:\\\/\\\/br.pinterest.com\\\/ekklisia\\\/\",\"https:\\\/\\\/www.youtube.com\\\/@EcclesiaBrasil\"]},{\"@type\":\"Person\",\"@id\":\"https:\\\/\\\/news.ecclesia.org.br\\\/#\\\/schema\\\/person\\\/6f09597f025829745ba414a569f63758\",\"name\":\"Pe. Andr\u00e9\",\"image\":{\"@type\":\"ImageObject\",\"inLanguage\":\"pt-BR\",\"@id\":\"https:\\\/\\\/secure.gravatar.com\\\/avatar\\\/b4327cfa27e9799da239a26adcd534fc29cdc0c4a4a148eecbcfeb9b42c617ac?s=96&d=mm&r=g\",\"url\":\"https:\\\/\\\/secure.gravatar.com\\\/avatar\\\/b4327cfa27e9799da239a26adcd534fc29cdc0c4a4a148eecbcfeb9b42c617ac?s=96&d=mm&r=g\",\"contentUrl\":\"https:\\\/\\\/secure.gravatar.com\\\/avatar\\\/b4327cfa27e9799da239a26adcd534fc29cdc0c4a4a148eecbcfeb9b42c617ac?s=96&d=mm&r=g\",\"caption\":\"Pe. Andr\u00e9\"},\"sameAs\":[\"https:\\\/\\\/www.ecclesia.org.br\"]}]}<\/script>\n<!-- \/ Yoast SEO plugin. -->","yoast_head_json":{"title":"Crist\u00e3os e mu\u00e7ulmanos: \u00abM\u00e3os dadas\u00bb na revolu\u00e7\u00e3o dos jovens no Egito | ECCLESIA NEWS","robots":{"index":"index","follow":"follow","max-snippet":"max-snippet:-1","max-image-preview":"max-image-preview:large","max-video-preview":"max-video-preview:-1"},"canonical":"https:\/\/news.ecclesia.org.br\/?p=5537","og_locale":"pt_BR","og_type":"article","og_title":"Crist\u00e3os e mu\u00e7ulmanos: \u00abM\u00e3os dadas\u00bb na revolu\u00e7\u00e3o dos jovens no Egito | ECCLESIA NEWS","og_description":"09\/02\/2011 &#8211; 11h02 | Por Juan Cole, do Informed Comment &#8212;\u00a0No domingo, o Egito reencontrou-se com temas de unidade nacional no pa\u00eds de crist\u00e3os e mu\u00e7ulmanos, que fazem lembrar os primeiros momentos do nacionalismo eg\u00edpcio em 1919, quando a na\u00e7\u00e3o&#8230;","og_url":"https:\/\/news.ecclesia.org.br\/?p=5537","og_site_name":"ECCLESIA NEWS","article_publisher":"https:\/\/www.facebook.com\/Ecclesia2025","article_published_time":"2011-02-10T17:35:31+00:00","article_modified_time":"2016-03-18T14:44:54+00:00","og_image":[{"width":634,"height":472,"url":"https:\/\/news.ecclesia.org.br\/wp-content\/uploads\/2011\/02\/coptas-muculmanos1.jpg","type":"image\/jpeg"}],"author":"Pe. Andr\u00e9","twitter_card":"summary_large_image","twitter_creator":"@EcclesiaNews","twitter_site":"@EcclesiaNews","twitter_misc":{"Escrito por":"Pe. Andr\u00e9","Est. tempo de leitura":"8 minutos"},"schema":{"@context":"https:\/\/schema.org","@graph":[{"@type":"Article","@id":"https:\/\/news.ecclesia.org.br\/?p=5537#article","isPartOf":{"@id":"https:\/\/news.ecclesia.org.br\/?p=5537"},"author":{"name":"Pe. Andr\u00e9","@id":"https:\/\/news.ecclesia.org.br\/#\/schema\/person\/6f09597f025829745ba414a569f63758"},"headline":"Crist\u00e3os e mu\u00e7ulmanos: \u00abM\u00e3os dadas\u00bb na revolu\u00e7\u00e3o dos jovens no Egito","datePublished":"2011-02-10T17:35:31+00:00","dateModified":"2016-03-18T14:44:54+00:00","mainEntityOfPage":{"@id":"https:\/\/news.ecclesia.org.br\/?p=5537"},"wordCount":1553,"commentCount":0,"publisher":{"@id":"https:\/\/news.ecclesia.org.br\/#organization"},"image":{"@id":"https:\/\/news.ecclesia.org.br\/?p=5537#primaryimage"},"thumbnailUrl":"https:\/\/news.ecclesia.org.br\/wp-content\/uploads\/2011\/02\/coptas-muculmanos1.jpg","articleSection":["NEWS"],"inLanguage":"pt-BR","potentialAction":[{"@type":"CommentAction","name":"Comment","target":["https:\/\/news.ecclesia.org.br\/?p=5537#respond"]}]},{"@type":"WebPage","@id":"https:\/\/news.ecclesia.org.br\/?p=5537","url":"https:\/\/news.ecclesia.org.br\/?p=5537","name":"Crist\u00e3os e mu\u00e7ulmanos: \u00abM\u00e3os dadas\u00bb na revolu\u00e7\u00e3o dos jovens no Egito | ECCLESIA NEWS","isPartOf":{"@id":"https:\/\/news.ecclesia.org.br\/#website"},"primaryImageOfPage":{"@id":"https:\/\/news.ecclesia.org.br\/?p=5537#primaryimage"},"image":{"@id":"https:\/\/news.ecclesia.org.br\/?p=5537#primaryimage"},"thumbnailUrl":"https:\/\/news.ecclesia.org.br\/wp-content\/uploads\/2011\/02\/coptas-muculmanos1.jpg","datePublished":"2011-02-10T17:35:31+00:00","dateModified":"2016-03-18T14:44:54+00:00","breadcrumb":{"@id":"https:\/\/news.ecclesia.org.br\/?p=5537#breadcrumb"},"inLanguage":"pt-BR","potentialAction":[{"@type":"ReadAction","target":["https:\/\/news.ecclesia.org.br\/?p=5537"]}]},{"@type":"ImageObject","inLanguage":"pt-BR","@id":"https:\/\/news.ecclesia.org.br\/?p=5537#primaryimage","url":"https:\/\/news.ecclesia.org.br\/wp-content\/uploads\/2011\/02\/coptas-muculmanos1.jpg","contentUrl":"https:\/\/news.ecclesia.org.br\/wp-content\/uploads\/2011\/02\/coptas-muculmanos1.jpg","width":634,"height":472},{"@type":"BreadcrumbList","@id":"https:\/\/news.ecclesia.org.br\/?p=5537#breadcrumb","itemListElement":[{"@type":"ListItem","position":1,"name":"In\u00edcio","item":"https:\/\/news.ecclesia.org.br\/"},{"@type":"ListItem","position":2,"name":"Crist\u00e3os e mu\u00e7ulmanos: \u00abM\u00e3os dadas\u00bb na revolu\u00e7\u00e3o dos jovens no Egito"}]},{"@type":"WebSite","@id":"https:\/\/news.ecclesia.org.br\/#website","url":"https:\/\/news.ecclesia.org.br\/","name":"Ecclesia Brasil","description":"Desde 2003 onectando o Brasil ao mundo ortodoxo!","publisher":{"@id":"https:\/\/news.ecclesia.org.br\/#organization"},"alternateName":"Ecclesia","potentialAction":[{"@type":"SearchAction","target":{"@type":"EntryPoint","urlTemplate":"https:\/\/news.ecclesia.org.br\/?s={search_term_string}"},"query-input":{"@type":"PropertyValueSpecification","valueRequired":true,"valueName":"search_term_string"}}],"inLanguage":"pt-BR"},{"@type":"Organization","@id":"https:\/\/news.ecclesia.org.br\/#organization","name":"Sacra Arquidiocese de Buenos Aires e Am\u00e9rica do Sul | Patriarcado Ecum\u00eanico","alternateName":"News Ecclesia Brasil","url":"https:\/\/news.ecclesia.org.br\/","logo":{"@type":"ImageObject","inLanguage":"pt-BR","@id":"https:\/\/news.ecclesia.org.br\/#\/schema\/logo\/image\/","url":"https:\/\/news.ecclesia.org.br\/wp-content\/uploads\/2025\/05\/ecclesia2.png","contentUrl":"https:\/\/news.ecclesia.org.br\/wp-content\/uploads\/2025\/05\/ecclesia2.png","width":480,"height":120,"caption":"Sacra Arquidiocese de Buenos Aires e Am\u00e9rica do Sul | Patriarcado Ecum\u00eanico"},"image":{"@id":"https:\/\/news.ecclesia.org.br\/#\/schema\/logo\/image\/"},"sameAs":["https:\/\/www.facebook.com\/Ecclesia2025","https:\/\/x.com\/EcclesiaNews","https:\/\/br.pinterest.com\/ekklisia\/","https:\/\/www.youtube.com\/@EcclesiaBrasil"]},{"@type":"Person","@id":"https:\/\/news.ecclesia.org.br\/#\/schema\/person\/6f09597f025829745ba414a569f63758","name":"Pe. Andr\u00e9","image":{"@type":"ImageObject","inLanguage":"pt-BR","@id":"https:\/\/secure.gravatar.com\/avatar\/b4327cfa27e9799da239a26adcd534fc29cdc0c4a4a148eecbcfeb9b42c617ac?s=96&d=mm&r=g","url":"https:\/\/secure.gravatar.com\/avatar\/b4327cfa27e9799da239a26adcd534fc29cdc0c4a4a148eecbcfeb9b42c617ac?s=96&d=mm&r=g","contentUrl":"https:\/\/secure.gravatar.com\/avatar\/b4327cfa27e9799da239a26adcd534fc29cdc0c4a4a148eecbcfeb9b42c617ac?s=96&d=mm&r=g","caption":"Pe. Andr\u00e9"},"sameAs":["https:\/\/www.ecclesia.org.br"]}]}},"_links":{"self":[{"href":"https:\/\/news.ecclesia.org.br\/index.php?rest_route=\/wp\/v2\/posts\/5537","targetHints":{"allow":["GET"]}}],"collection":[{"href":"https:\/\/news.ecclesia.org.br\/index.php?rest_route=\/wp\/v2\/posts"}],"about":[{"href":"https:\/\/news.ecclesia.org.br\/index.php?rest_route=\/wp\/v2\/types\/post"}],"author":[{"embeddable":true,"href":"https:\/\/news.ecclesia.org.br\/index.php?rest_route=\/wp\/v2\/users\/1"}],"replies":[{"embeddable":true,"href":"https:\/\/news.ecclesia.org.br\/index.php?rest_route=%2Fwp%2Fv2%2Fcomments&post=5537"}],"version-history":[{"count":0,"href":"https:\/\/news.ecclesia.org.br\/index.php?rest_route=\/wp\/v2\/posts\/5537\/revisions"}],"wp:featuredmedia":[{"embeddable":true,"href":"https:\/\/news.ecclesia.org.br\/index.php?rest_route=\/wp\/v2\/media\/5878"}],"wp:attachment":[{"href":"https:\/\/news.ecclesia.org.br\/index.php?rest_route=%2Fwp%2Fv2%2Fmedia&parent=5537"}],"wp:term":[{"taxonomy":"category","embeddable":true,"href":"https:\/\/news.ecclesia.org.br\/index.php?rest_route=%2Fwp%2Fv2%2Fcategories&post=5537"},{"taxonomy":"post_tag","embeddable":true,"href":"https:\/\/news.ecclesia.org.br\/index.php?rest_route=%2Fwp%2Fv2%2Ftags&post=5537"}],"curies":[{"name":"wp","href":"https:\/\/api.w.org\/{rel}","templated":true}]}}