{"id":5524,"date":"2011-02-05T11:46:47","date_gmt":"2011-02-05T13:46:47","guid":{"rendered":"http:\/\/www.ecclesia.com.br\/news\/?p=5524"},"modified":"2016-03-18T14:47:10","modified_gmt":"2016-03-18T14:47:10","slug":"apresentacao-do-livro-gregos-no-chile","status":"publish","type":"post","link":"https:\/\/news.ecclesia.org.br\/?p=5524","title":{"rendered":"Presen\u00e7a Grega na Am\u00e9rica do Sul &#8211; CHILE"},"content":{"rendered":"<p style=\"text-align: justify;\"><img fetchpriority=\"high\" decoding=\"async\" class=\"alignleft size-medium wp-image-5884\" src=\"https:\/\/news.ecclesia.org.br\/2013\/wp-content\/uploads\/2011\/02\/gregos-no-chile-300x225.jpg\" alt=\"gregos-no-chile\" width=\"300\" height=\"225\" srcset=\"https:\/\/news.ecclesia.org.br\/wp-content\/uploads\/2011\/02\/gregos-no-chile-300x225.jpg 300w, https:\/\/news.ecclesia.org.br\/wp-content\/uploads\/2011\/02\/gregos-no-chile-73x55.jpg 73w, https:\/\/news.ecclesia.org.br\/wp-content\/uploads\/2011\/02\/gregos-no-chile.jpg 320w\" sizes=\"(max-width: 300px) 100vw, 300px\" \/>O Instituto Chileno Hel\u00eanico e a Coletividade Hel\u00eanica de Santiago, sob o\u00a0ausp\u00edcio\u00a0da Embaixada da Gr\u00e9cia promoveram, no dia 13 de dezembro de 2010, a cerim\u00f4nia de lan\u00e7amento do livro GREGOS NO CHILE, dos autores Alejandro Zorbas D. e Nikiforos Nicolaides, no Audit\u00f3rio da Universidade das Am\u00e9ricas de Santiago, Chile. A obra, que teve uma ampla repercuss\u00e3o nos meios de imprensa chilenos foi apresentada pela Diretora do Centro de Estudos Hel\u00eanicos da Universidade de Playa Ancha de Valpara\u00edso, professora doutora Marina Gonz\u00e1lez Becker. O evento contou com a presen\u00e7a de representantes de todos os organismos hel\u00eanicos e de importantes intelectuais do meio universit\u00e1rio do Chile.<\/p>\n<p style=\"text-align: justify;\">Nesta obra faz-se uma an\u00e1lise sobre os emigrantes gregos que chegaram ao Chile de meados do s\u00e9culo XIX ao fim do s\u00e9culo XX, em particular, sobre temas como a proced\u00eancia, suas ocupa\u00e7\u00f5es, institui\u00e7\u00f5es hel\u00eanicas que fundaram no pa\u00eds de recep\u00e7\u00e3o, seu aporte cultural, entre outros. A esta edi\u00e7\u00e3o bil\u00edngue &#8211; espanhol-grego -, profusamente ilustrada, se acrescenta uma lista de emigrantes gregos com sua identifica\u00e7\u00e3o, ano e lugar de nascimento e ano e lugar de chegada ao Chile.<\/p>\n<p style=\"text-align: right;\">GREGOS NO CHILE, 437 p\u00e1gs.<br \/>\nDistribui Instituto Chileno Hel\u00eanico,<br \/>\nE-mail <a href=\"mailto:jsimoniank@gmail.com\">jsimoniank@gmail.com<\/a><br \/>\nVer mais <a href=\"http:\/\/diario.elmercurio.com\/2010\/12\/05\/artes_y_letras\/artes_y_letras\/noticias\/AAB62E24-23D8-4E53-8824-77B8C2DC14D1.htm?id=%7bAAB62E24-23D8-4E53-8824-77B8C2DC14D1%7d\" target=\"_blank\">AQUI<\/a><br \/>\nFonte: SAE &#8211; Conselho dos Gregos do Exterior &#8211; Am\u00e9ricas Central e do Sul<br \/>\nSAE Informa n\u00ba 27 &#8211; Fevereiro 2011<\/p>\n","protected":false},"excerpt":{"rendered":"<p>O Instituto Chileno Hel\u00eanico e a Coletividade Hel\u00eanica de Santiago, sob o\u00a0ausp\u00edcio\u00a0da Embaixada da Gr\u00e9cia promoveram, no dia 13 de dezembro de 2010, a cerim\u00f4nia de lan\u00e7amento do livro GREGOS NO CHILE, dos autores Alejandro Zorbas D. e Nikiforos Nicolaides,&#8230;<\/p>\n","protected":false},"author":1,"featured_media":5884,"comment_status":"open","ping_status":"open","sticky":false,"template":"","format":"standard","meta":{"_acf_changed":false,"footnotes":""},"categories":[1],"tags":[],"class_list":["post-5524","post","type-post","status-publish","format-standard","has-post-thumbnail","hentry","category-news","entry","rows-excerpt"],"acf":[],"yoast_head":"<!-- This site is optimized with the Yoast SEO plugin v27.5 - https:\/\/yoast.com\/product\/yoast-seo-wordpress\/ -->\n<title>Presen\u00e7a Grega na Am\u00e9rica do Sul - CHILE | ECCLESIA NEWS<\/title>\n<meta name=\"robots\" content=\"index, follow, max-snippet:-1, max-image-preview:large, max-video-preview:-1\" \/>\n<link rel=\"canonical\" href=\"https:\/\/news.ecclesia.org.br\/?p=5524\" \/>\n<meta property=\"og:locale\" content=\"pt_BR\" \/>\n<meta property=\"og:type\" content=\"article\" \/>\n<meta property=\"og:title\" content=\"Presen\u00e7a Grega na Am\u00e9rica do Sul - CHILE | ECCLESIA NEWS\" \/>\n<meta property=\"og:description\" content=\"O Instituto Chileno Hel\u00eanico e a Coletividade Hel\u00eanica de Santiago, sob o\u00a0ausp\u00edcio\u00a0da Embaixada da Gr\u00e9cia promoveram, no dia 13 de dezembro de 2010, a cerim\u00f4nia de lan\u00e7amento do livro GREGOS NO CHILE, dos autores Alejandro Zorbas D. e Nikiforos Nicolaides,&#8230;\" \/>\n<meta property=\"og:url\" content=\"https:\/\/news.ecclesia.org.br\/?p=5524\" \/>\n<meta property=\"og:site_name\" content=\"ECCLESIA NEWS\" \/>\n<meta property=\"article:publisher\" content=\"https:\/\/www.facebook.com\/Ecclesia2025\" \/>\n<meta property=\"article:published_time\" content=\"2011-02-05T13:46:47+00:00\" \/>\n<meta property=\"article:modified_time\" content=\"2016-03-18T14:47:10+00:00\" \/>\n<meta property=\"og:image\" content=\"https:\/\/news.ecclesia.org.br\/wp-content\/uploads\/2011\/02\/gregos-no-chile.jpg\" \/>\n\t<meta property=\"og:image:width\" content=\"320\" \/>\n\t<meta property=\"og:image:height\" content=\"240\" \/>\n\t<meta property=\"og:image:type\" content=\"image\/jpeg\" \/>\n<meta name=\"author\" content=\"Pe. Andr\u00e9\" \/>\n<meta name=\"twitter:card\" content=\"summary_large_image\" \/>\n<meta name=\"twitter:creator\" content=\"@EcclesiaNews\" \/>\n<meta name=\"twitter:site\" content=\"@EcclesiaNews\" \/>\n<meta name=\"twitter:label1\" content=\"Escrito por\" \/>\n\t<meta name=\"twitter:data1\" content=\"Pe. Andr\u00e9\" \/>\n\t<meta name=\"twitter:label2\" content=\"Est. tempo de leitura\" \/>\n\t<meta name=\"twitter:data2\" content=\"1 minuto\" \/>\n<script type=\"application\/ld+json\" class=\"yoast-schema-graph\">{\"@context\":\"https:\\\/\\\/schema.org\",\"@graph\":[{\"@type\":\"Article\",\"@id\":\"https:\\\/\\\/news.ecclesia.org.br\\\/?p=5524#article\",\"isPartOf\":{\"@id\":\"https:\\\/\\\/news.ecclesia.org.br\\\/?p=5524\"},\"author\":{\"name\":\"Pe. Andr\u00e9\",\"@id\":\"https:\\\/\\\/news.ecclesia.org.br\\\/#\\\/schema\\\/person\\\/6f09597f025829745ba414a569f63758\"},\"headline\":\"Presen\u00e7a Grega na Am\u00e9rica do Sul &#8211; CHILE\",\"datePublished\":\"2011-02-05T13:46:47+00:00\",\"dateModified\":\"2016-03-18T14:47:10+00:00\",\"mainEntityOfPage\":{\"@id\":\"https:\\\/\\\/news.ecclesia.org.br\\\/?p=5524\"},\"wordCount\":255,\"commentCount\":0,\"publisher\":{\"@id\":\"https:\\\/\\\/news.ecclesia.org.br\\\/#organization\"},\"image\":{\"@id\":\"https:\\\/\\\/news.ecclesia.org.br\\\/?p=5524#primaryimage\"},\"thumbnailUrl\":\"https:\\\/\\\/news.ecclesia.org.br\\\/wp-content\\\/uploads\\\/2011\\\/02\\\/gregos-no-chile.jpg\",\"articleSection\":[\"NEWS\"],\"inLanguage\":\"pt-BR\",\"potentialAction\":[{\"@type\":\"CommentAction\",\"name\":\"Comment\",\"target\":[\"https:\\\/\\\/news.ecclesia.org.br\\\/?p=5524#respond\"]}]},{\"@type\":\"WebPage\",\"@id\":\"https:\\\/\\\/news.ecclesia.org.br\\\/?p=5524\",\"url\":\"https:\\\/\\\/news.ecclesia.org.br\\\/?p=5524\",\"name\":\"Presen\u00e7a Grega na Am\u00e9rica do Sul - CHILE | ECCLESIA NEWS\",\"isPartOf\":{\"@id\":\"https:\\\/\\\/news.ecclesia.org.br\\\/#website\"},\"primaryImageOfPage\":{\"@id\":\"https:\\\/\\\/news.ecclesia.org.br\\\/?p=5524#primaryimage\"},\"image\":{\"@id\":\"https:\\\/\\\/news.ecclesia.org.br\\\/?p=5524#primaryimage\"},\"thumbnailUrl\":\"https:\\\/\\\/news.ecclesia.org.br\\\/wp-content\\\/uploads\\\/2011\\\/02\\\/gregos-no-chile.jpg\",\"datePublished\":\"2011-02-05T13:46:47+00:00\",\"dateModified\":\"2016-03-18T14:47:10+00:00\",\"breadcrumb\":{\"@id\":\"https:\\\/\\\/news.ecclesia.org.br\\\/?p=5524#breadcrumb\"},\"inLanguage\":\"pt-BR\",\"potentialAction\":[{\"@type\":\"ReadAction\",\"target\":[\"https:\\\/\\\/news.ecclesia.org.br\\\/?p=5524\"]}]},{\"@type\":\"ImageObject\",\"inLanguage\":\"pt-BR\",\"@id\":\"https:\\\/\\\/news.ecclesia.org.br\\\/?p=5524#primaryimage\",\"url\":\"https:\\\/\\\/news.ecclesia.org.br\\\/wp-content\\\/uploads\\\/2011\\\/02\\\/gregos-no-chile.jpg\",\"contentUrl\":\"https:\\\/\\\/news.ecclesia.org.br\\\/wp-content\\\/uploads\\\/2011\\\/02\\\/gregos-no-chile.jpg\",\"width\":320,\"height\":240},{\"@type\":\"BreadcrumbList\",\"@id\":\"https:\\\/\\\/news.ecclesia.org.br\\\/?p=5524#breadcrumb\",\"itemListElement\":[{\"@type\":\"ListItem\",\"position\":1,\"name\":\"In\u00edcio\",\"item\":\"https:\\\/\\\/news.ecclesia.org.br\\\/\"},{\"@type\":\"ListItem\",\"position\":2,\"name\":\"Presen\u00e7a Grega na Am\u00e9rica do Sul &#8211; CHILE\"}]},{\"@type\":\"WebSite\",\"@id\":\"https:\\\/\\\/news.ecclesia.org.br\\\/#website\",\"url\":\"https:\\\/\\\/news.ecclesia.org.br\\\/\",\"name\":\"Ecclesia Brasil\",\"description\":\"Desde 2003 onectando o Brasil ao mundo ortodoxo!\",\"publisher\":{\"@id\":\"https:\\\/\\\/news.ecclesia.org.br\\\/#organization\"},\"alternateName\":\"Ecclesia\",\"potentialAction\":[{\"@type\":\"SearchAction\",\"target\":{\"@type\":\"EntryPoint\",\"urlTemplate\":\"https:\\\/\\\/news.ecclesia.org.br\\\/?s={search_term_string}\"},\"query-input\":{\"@type\":\"PropertyValueSpecification\",\"valueRequired\":true,\"valueName\":\"search_term_string\"}}],\"inLanguage\":\"pt-BR\"},{\"@type\":\"Organization\",\"@id\":\"https:\\\/\\\/news.ecclesia.org.br\\\/#organization\",\"name\":\"Sacra Arquidiocese de Buenos Aires e Am\u00e9rica do Sul | Patriarcado Ecum\u00eanico\",\"alternateName\":\"News Ecclesia Brasil\",\"url\":\"https:\\\/\\\/news.ecclesia.org.br\\\/\",\"logo\":{\"@type\":\"ImageObject\",\"inLanguage\":\"pt-BR\",\"@id\":\"https:\\\/\\\/news.ecclesia.org.br\\\/#\\\/schema\\\/logo\\\/image\\\/\",\"url\":\"https:\\\/\\\/news.ecclesia.org.br\\\/wp-content\\\/uploads\\\/2025\\\/05\\\/ecclesia2.png\",\"contentUrl\":\"https:\\\/\\\/news.ecclesia.org.br\\\/wp-content\\\/uploads\\\/2025\\\/05\\\/ecclesia2.png\",\"width\":480,\"height\":120,\"caption\":\"Sacra Arquidiocese de Buenos Aires e Am\u00e9rica do Sul | Patriarcado Ecum\u00eanico\"},\"image\":{\"@id\":\"https:\\\/\\\/news.ecclesia.org.br\\\/#\\\/schema\\\/logo\\\/image\\\/\"},\"sameAs\":[\"https:\\\/\\\/www.facebook.com\\\/Ecclesia2025\",\"https:\\\/\\\/x.com\\\/EcclesiaNews\",\"https:\\\/\\\/br.pinterest.com\\\/ekklisia\\\/\",\"https:\\\/\\\/www.youtube.com\\\/@EcclesiaBrasil\"]},{\"@type\":\"Person\",\"@id\":\"https:\\\/\\\/news.ecclesia.org.br\\\/#\\\/schema\\\/person\\\/6f09597f025829745ba414a569f63758\",\"name\":\"Pe. Andr\u00e9\",\"image\":{\"@type\":\"ImageObject\",\"inLanguage\":\"pt-BR\",\"@id\":\"https:\\\/\\\/secure.gravatar.com\\\/avatar\\\/b4327cfa27e9799da239a26adcd534fc29cdc0c4a4a148eecbcfeb9b42c617ac?s=96&d=mm&r=g\",\"url\":\"https:\\\/\\\/secure.gravatar.com\\\/avatar\\\/b4327cfa27e9799da239a26adcd534fc29cdc0c4a4a148eecbcfeb9b42c617ac?s=96&d=mm&r=g\",\"contentUrl\":\"https:\\\/\\\/secure.gravatar.com\\\/avatar\\\/b4327cfa27e9799da239a26adcd534fc29cdc0c4a4a148eecbcfeb9b42c617ac?s=96&d=mm&r=g\",\"caption\":\"Pe. Andr\u00e9\"},\"sameAs\":[\"https:\\\/\\\/www.ecclesia.org.br\"]}]}<\/script>\n<!-- \/ Yoast SEO plugin. -->","yoast_head_json":{"title":"Presen\u00e7a Grega na Am\u00e9rica do Sul - CHILE | ECCLESIA NEWS","robots":{"index":"index","follow":"follow","max-snippet":"max-snippet:-1","max-image-preview":"max-image-preview:large","max-video-preview":"max-video-preview:-1"},"canonical":"https:\/\/news.ecclesia.org.br\/?p=5524","og_locale":"pt_BR","og_type":"article","og_title":"Presen\u00e7a Grega na Am\u00e9rica do Sul - CHILE | ECCLESIA NEWS","og_description":"O Instituto Chileno Hel\u00eanico e a Coletividade Hel\u00eanica de Santiago, sob o\u00a0ausp\u00edcio\u00a0da Embaixada da Gr\u00e9cia promoveram, no dia 13 de dezembro de 2010, a cerim\u00f4nia de lan\u00e7amento do livro GREGOS NO CHILE, dos autores Alejandro Zorbas D. e Nikiforos Nicolaides,&#8230;","og_url":"https:\/\/news.ecclesia.org.br\/?p=5524","og_site_name":"ECCLESIA NEWS","article_publisher":"https:\/\/www.facebook.com\/Ecclesia2025","article_published_time":"2011-02-05T13:46:47+00:00","article_modified_time":"2016-03-18T14:47:10+00:00","og_image":[{"width":320,"height":240,"url":"https:\/\/news.ecclesia.org.br\/wp-content\/uploads\/2011\/02\/gregos-no-chile.jpg","type":"image\/jpeg"}],"author":"Pe. Andr\u00e9","twitter_card":"summary_large_image","twitter_creator":"@EcclesiaNews","twitter_site":"@EcclesiaNews","twitter_misc":{"Escrito por":"Pe. Andr\u00e9","Est. tempo de leitura":"1 minuto"},"schema":{"@context":"https:\/\/schema.org","@graph":[{"@type":"Article","@id":"https:\/\/news.ecclesia.org.br\/?p=5524#article","isPartOf":{"@id":"https:\/\/news.ecclesia.org.br\/?p=5524"},"author":{"name":"Pe. Andr\u00e9","@id":"https:\/\/news.ecclesia.org.br\/#\/schema\/person\/6f09597f025829745ba414a569f63758"},"headline":"Presen\u00e7a Grega na Am\u00e9rica do Sul &#8211; CHILE","datePublished":"2011-02-05T13:46:47+00:00","dateModified":"2016-03-18T14:47:10+00:00","mainEntityOfPage":{"@id":"https:\/\/news.ecclesia.org.br\/?p=5524"},"wordCount":255,"commentCount":0,"publisher":{"@id":"https:\/\/news.ecclesia.org.br\/#organization"},"image":{"@id":"https:\/\/news.ecclesia.org.br\/?p=5524#primaryimage"},"thumbnailUrl":"https:\/\/news.ecclesia.org.br\/wp-content\/uploads\/2011\/02\/gregos-no-chile.jpg","articleSection":["NEWS"],"inLanguage":"pt-BR","potentialAction":[{"@type":"CommentAction","name":"Comment","target":["https:\/\/news.ecclesia.org.br\/?p=5524#respond"]}]},{"@type":"WebPage","@id":"https:\/\/news.ecclesia.org.br\/?p=5524","url":"https:\/\/news.ecclesia.org.br\/?p=5524","name":"Presen\u00e7a Grega na Am\u00e9rica do Sul - CHILE | ECCLESIA NEWS","isPartOf":{"@id":"https:\/\/news.ecclesia.org.br\/#website"},"primaryImageOfPage":{"@id":"https:\/\/news.ecclesia.org.br\/?p=5524#primaryimage"},"image":{"@id":"https:\/\/news.ecclesia.org.br\/?p=5524#primaryimage"},"thumbnailUrl":"https:\/\/news.ecclesia.org.br\/wp-content\/uploads\/2011\/02\/gregos-no-chile.jpg","datePublished":"2011-02-05T13:46:47+00:00","dateModified":"2016-03-18T14:47:10+00:00","breadcrumb":{"@id":"https:\/\/news.ecclesia.org.br\/?p=5524#breadcrumb"},"inLanguage":"pt-BR","potentialAction":[{"@type":"ReadAction","target":["https:\/\/news.ecclesia.org.br\/?p=5524"]}]},{"@type":"ImageObject","inLanguage":"pt-BR","@id":"https:\/\/news.ecclesia.org.br\/?p=5524#primaryimage","url":"https:\/\/news.ecclesia.org.br\/wp-content\/uploads\/2011\/02\/gregos-no-chile.jpg","contentUrl":"https:\/\/news.ecclesia.org.br\/wp-content\/uploads\/2011\/02\/gregos-no-chile.jpg","width":320,"height":240},{"@type":"BreadcrumbList","@id":"https:\/\/news.ecclesia.org.br\/?p=5524#breadcrumb","itemListElement":[{"@type":"ListItem","position":1,"name":"In\u00edcio","item":"https:\/\/news.ecclesia.org.br\/"},{"@type":"ListItem","position":2,"name":"Presen\u00e7a Grega na Am\u00e9rica do Sul &#8211; CHILE"}]},{"@type":"WebSite","@id":"https:\/\/news.ecclesia.org.br\/#website","url":"https:\/\/news.ecclesia.org.br\/","name":"Ecclesia Brasil","description":"Desde 2003 onectando o Brasil ao mundo ortodoxo!","publisher":{"@id":"https:\/\/news.ecclesia.org.br\/#organization"},"alternateName":"Ecclesia","potentialAction":[{"@type":"SearchAction","target":{"@type":"EntryPoint","urlTemplate":"https:\/\/news.ecclesia.org.br\/?s={search_term_string}"},"query-input":{"@type":"PropertyValueSpecification","valueRequired":true,"valueName":"search_term_string"}}],"inLanguage":"pt-BR"},{"@type":"Organization","@id":"https:\/\/news.ecclesia.org.br\/#organization","name":"Sacra Arquidiocese de Buenos Aires e Am\u00e9rica do Sul | Patriarcado Ecum\u00eanico","alternateName":"News Ecclesia Brasil","url":"https:\/\/news.ecclesia.org.br\/","logo":{"@type":"ImageObject","inLanguage":"pt-BR","@id":"https:\/\/news.ecclesia.org.br\/#\/schema\/logo\/image\/","url":"https:\/\/news.ecclesia.org.br\/wp-content\/uploads\/2025\/05\/ecclesia2.png","contentUrl":"https:\/\/news.ecclesia.org.br\/wp-content\/uploads\/2025\/05\/ecclesia2.png","width":480,"height":120,"caption":"Sacra Arquidiocese de Buenos Aires e Am\u00e9rica do Sul | Patriarcado Ecum\u00eanico"},"image":{"@id":"https:\/\/news.ecclesia.org.br\/#\/schema\/logo\/image\/"},"sameAs":["https:\/\/www.facebook.com\/Ecclesia2025","https:\/\/x.com\/EcclesiaNews","https:\/\/br.pinterest.com\/ekklisia\/","https:\/\/www.youtube.com\/@EcclesiaBrasil"]},{"@type":"Person","@id":"https:\/\/news.ecclesia.org.br\/#\/schema\/person\/6f09597f025829745ba414a569f63758","name":"Pe. Andr\u00e9","image":{"@type":"ImageObject","inLanguage":"pt-BR","@id":"https:\/\/secure.gravatar.com\/avatar\/b4327cfa27e9799da239a26adcd534fc29cdc0c4a4a148eecbcfeb9b42c617ac?s=96&d=mm&r=g","url":"https:\/\/secure.gravatar.com\/avatar\/b4327cfa27e9799da239a26adcd534fc29cdc0c4a4a148eecbcfeb9b42c617ac?s=96&d=mm&r=g","contentUrl":"https:\/\/secure.gravatar.com\/avatar\/b4327cfa27e9799da239a26adcd534fc29cdc0c4a4a148eecbcfeb9b42c617ac?s=96&d=mm&r=g","caption":"Pe. Andr\u00e9"},"sameAs":["https:\/\/www.ecclesia.org.br"]}]}},"_links":{"self":[{"href":"https:\/\/news.ecclesia.org.br\/index.php?rest_route=\/wp\/v2\/posts\/5524","targetHints":{"allow":["GET"]}}],"collection":[{"href":"https:\/\/news.ecclesia.org.br\/index.php?rest_route=\/wp\/v2\/posts"}],"about":[{"href":"https:\/\/news.ecclesia.org.br\/index.php?rest_route=\/wp\/v2\/types\/post"}],"author":[{"embeddable":true,"href":"https:\/\/news.ecclesia.org.br\/index.php?rest_route=\/wp\/v2\/users\/1"}],"replies":[{"embeddable":true,"href":"https:\/\/news.ecclesia.org.br\/index.php?rest_route=%2Fwp%2Fv2%2Fcomments&post=5524"}],"version-history":[{"count":0,"href":"https:\/\/news.ecclesia.org.br\/index.php?rest_route=\/wp\/v2\/posts\/5524\/revisions"}],"wp:featuredmedia":[{"embeddable":true,"href":"https:\/\/news.ecclesia.org.br\/index.php?rest_route=\/wp\/v2\/media\/5884"}],"wp:attachment":[{"href":"https:\/\/news.ecclesia.org.br\/index.php?rest_route=%2Fwp%2Fv2%2Fmedia&parent=5524"}],"wp:term":[{"taxonomy":"category","embeddable":true,"href":"https:\/\/news.ecclesia.org.br\/index.php?rest_route=%2Fwp%2Fv2%2Fcategories&post=5524"},{"taxonomy":"post_tag","embeddable":true,"href":"https:\/\/news.ecclesia.org.br\/index.php?rest_route=%2Fwp%2Fv2%2Ftags&post=5524"}],"curies":[{"name":"wp","href":"https:\/\/api.w.org\/{rel}","templated":true}]}}