{"id":5515,"date":"2011-01-26T12:26:24","date_gmt":"2011-01-26T14:26:24","guid":{"rendered":"http:\/\/www.ecclesia.com.br\/news\/?p=5515"},"modified":"2016-03-18T14:11:05","modified_gmt":"2016-03-18T14:11:05","slug":"igreja-ortodoxa-russa-ajuda-vitimas-do-atentado-no-aeroporto","status":"publish","type":"post","link":"https:\/\/news.ecclesia.org.br\/?p=5515","title":{"rendered":"Igreja Ortodoxa Russa Ajuda V\u00edtimas do Atentado no Aeroporto"},"content":{"rendered":"<p style=\"text-align: justify;\">Hoje, no dia de Santa Tatiana, o Primaz da Igreja Ortodoxa Russa, Patriarca Cirillo I, rezou na capela da Universidade Estatal de Moscou pelas v\u00edtimas do ato terrorista que ocorreu em 24 de janeiro no aeroporto Internacional &#8220;Domod\u00e9dovo&#8221;.<\/p>\n<p style=\"text-align: justify;\"><img fetchpriority=\"high\" decoding=\"async\" class=\"alignleft size-full wp-image-5889\" src=\"https:\/\/news.ecclesia.org.br\/2013\/wp-content\/uploads\/2011\/01\/atentado-russia.jpg\" alt=\"atentado-russia\" width=\"320\" height=\"240\" srcset=\"https:\/\/news.ecclesia.org.br\/wp-content\/uploads\/2011\/01\/atentado-russia.jpg 320w, https:\/\/news.ecclesia.org.br\/wp-content\/uploads\/2011\/01\/atentado-russia-300x225.jpg 300w, https:\/\/news.ecclesia.org.br\/wp-content\/uploads\/2011\/01\/atentado-russia-73x55.jpg 73w\" sizes=\"(max-width: 320px) 100vw, 320px\" \/>\u00abSacrificar pessoas inocentes &#8211; algo que nunca aconteceu na hist\u00f3ria, algo que sempre foi condenado, mesmo se ocorrido durante a\u00e7\u00f5es militares, hoje se tornou uma forma de protesto\u00bb, &#8211; disse \u00a0o Patriarca. \u00abN\u00e3o \u00e9 esta a prova de uma natureza \u00a0&#8216;animalesca&#8217; do Homem? &#8211; prossegue o Patriarca. &#8211; E algu\u00e9m pode dizer: &#8216;Sim, isso aqui \u00e9 ruim, mas eu tenho algo de bom&#8217;. \u00c9 preciso lembrar que se n\u00e3o vivemos sob a lei de Deus, e se n\u00e3o constru\u00edmos uma civiliza\u00e7\u00e3o segundo o des\u00edgnio de Deus, ent\u00e3o todos n\u00f3s somos culpados pelo que acontece. \u00c9 por isso que hoje a quest\u00e3o &#8216;f\u00e9&#8217; &#8211; n\u00e3o \u00e9 uma quest\u00e3o perif\u00e9rica de simplesmente acreditar ou n\u00e3o, mas \u00e9 a quest\u00e3o de sermos ou n\u00e3o uma fam\u00edlia humana, pois a ra\u00e7a humana n\u00e3o pode existir sem a Lei de Deus\u00bb, &#8211; o Patriarca de Moscou e de toda a R\u00fassia, Cirillo I.<\/p>\n<p style=\"text-align: justify;\">E ainda hoje l\u00edderes de todas as religi\u00f5es tradicionais da R\u00fassia expressaram indigna\u00e7\u00e3o por este ato terrorista, bem como pela exalta\u00e7\u00e3o dos \u00e2nimos de extremismo e radicaliza\u00e7\u00e3o na sociedade. Os representantes do Conselho de Mufti da R\u00fassia sublinharam que n\u00e3o se pode vincular a trag\u00e9dia com o Isl\u00e3 e os mu\u00e7ulmanos. Eles tamb\u00e9m pediram ao Estado pelo endurecimento da puni\u00e7\u00e3o por terrorismo, o que pode prejudicar a paz inter-religiosa no pa\u00eds.<\/p>\n<p style=\"text-align: justify;\">J\u00e1 o metropolita Juvenal de Krutitsy e Kolomna, respons\u00e1vel pelas par\u00f3quias da regi\u00e3o de Moscou determinou que fossem celebradas por 40 dias, no templo do Aeroporto Internacional &#8220;Domod\u00e9dovo&#8221; e em todas as igrejas ortodoxas da regi\u00e3o, missas pelos mortos e pela recupera\u00e7\u00e3o dos feridos neste ato terrorista. [Fonte: <a href=\"http:\/\/portuguese.ruvr.ru\" target=\"_blank\">Voz da R\u00fassia<\/a>]<\/p>\n","protected":false},"excerpt":{"rendered":"<p>Hoje, no dia de Santa Tatiana, o Primaz da Igreja Ortodoxa Russa, Patriarca Cirillo I, rezou na capela da Universidade Estatal de Moscou pelas v\u00edtimas do ato terrorista que ocorreu em 24 de janeiro no aeroporto Internacional &#8220;Domod\u00e9dovo&#8221;. \u00abSacrificar pessoas&#8230;<\/p>\n","protected":false},"author":1,"featured_media":5889,"comment_status":"open","ping_status":"open","sticky":false,"template":"","format":"standard","meta":{"_acf_changed":false,"footnotes":""},"categories":[1],"tags":[],"class_list":["post-5515","post","type-post","status-publish","format-standard","has-post-thumbnail","hentry","category-news","entry","rows-excerpt"],"acf":[],"yoast_head":"<!-- This site is optimized with the Yoast SEO plugin v27.5 - https:\/\/yoast.com\/product\/yoast-seo-wordpress\/ -->\n<title>Igreja Ortodoxa Russa Ajuda V\u00edtimas do Atentado no Aeroporto | ECCLESIA NEWS<\/title>\n<meta name=\"robots\" content=\"index, follow, max-snippet:-1, max-image-preview:large, max-video-preview:-1\" \/>\n<link rel=\"canonical\" href=\"https:\/\/news.ecclesia.org.br\/?p=5515\" \/>\n<meta property=\"og:locale\" content=\"pt_BR\" \/>\n<meta property=\"og:type\" content=\"article\" \/>\n<meta property=\"og:title\" content=\"Igreja Ortodoxa Russa Ajuda V\u00edtimas do Atentado no Aeroporto | ECCLESIA NEWS\" \/>\n<meta property=\"og:description\" content=\"Hoje, no dia de Santa Tatiana, o Primaz da Igreja Ortodoxa Russa, Patriarca Cirillo I, rezou na capela da Universidade Estatal de Moscou pelas v\u00edtimas do ato terrorista que ocorreu em 24 de janeiro no aeroporto Internacional &#8220;Domod\u00e9dovo&#8221;. \u00abSacrificar pessoas&#8230;\" \/>\n<meta property=\"og:url\" content=\"https:\/\/news.ecclesia.org.br\/?p=5515\" \/>\n<meta property=\"og:site_name\" content=\"ECCLESIA NEWS\" \/>\n<meta property=\"article:publisher\" content=\"https:\/\/www.facebook.com\/Ecclesia2025\" \/>\n<meta property=\"article:published_time\" content=\"2011-01-26T14:26:24+00:00\" \/>\n<meta property=\"article:modified_time\" content=\"2016-03-18T14:11:05+00:00\" \/>\n<meta property=\"og:image\" content=\"https:\/\/news.ecclesia.org.br\/wp-content\/uploads\/2011\/01\/atentado-russia.jpg\" \/>\n\t<meta property=\"og:image:width\" content=\"320\" \/>\n\t<meta property=\"og:image:height\" content=\"240\" \/>\n\t<meta property=\"og:image:type\" content=\"image\/jpeg\" \/>\n<meta name=\"author\" content=\"Pe. Andr\u00e9\" \/>\n<meta name=\"twitter:card\" content=\"summary_large_image\" \/>\n<meta name=\"twitter:creator\" content=\"@EcclesiaNews\" \/>\n<meta name=\"twitter:site\" content=\"@EcclesiaNews\" \/>\n<meta name=\"twitter:label1\" content=\"Escrito por\" \/>\n\t<meta name=\"twitter:data1\" content=\"Pe. Andr\u00e9\" \/>\n\t<meta name=\"twitter:label2\" content=\"Est. tempo de leitura\" \/>\n\t<meta name=\"twitter:data2\" content=\"2 minutos\" \/>\n<script type=\"application\/ld+json\" class=\"yoast-schema-graph\">{\"@context\":\"https:\\\/\\\/schema.org\",\"@graph\":[{\"@type\":\"Article\",\"@id\":\"https:\\\/\\\/news.ecclesia.org.br\\\/?p=5515#article\",\"isPartOf\":{\"@id\":\"https:\\\/\\\/news.ecclesia.org.br\\\/?p=5515\"},\"author\":{\"name\":\"Pe. Andr\u00e9\",\"@id\":\"https:\\\/\\\/news.ecclesia.org.br\\\/#\\\/schema\\\/person\\\/6f09597f025829745ba414a569f63758\"},\"headline\":\"Igreja Ortodoxa Russa Ajuda V\u00edtimas do Atentado no Aeroporto\",\"datePublished\":\"2011-01-26T14:26:24+00:00\",\"dateModified\":\"2016-03-18T14:11:05+00:00\",\"mainEntityOfPage\":{\"@id\":\"https:\\\/\\\/news.ecclesia.org.br\\\/?p=5515\"},\"wordCount\":354,\"commentCount\":0,\"publisher\":{\"@id\":\"https:\\\/\\\/news.ecclesia.org.br\\\/#organization\"},\"image\":{\"@id\":\"https:\\\/\\\/news.ecclesia.org.br\\\/?p=5515#primaryimage\"},\"thumbnailUrl\":\"https:\\\/\\\/news.ecclesia.org.br\\\/wp-content\\\/uploads\\\/2011\\\/01\\\/atentado-russia.jpg\",\"articleSection\":[\"NEWS\"],\"inLanguage\":\"pt-BR\",\"potentialAction\":[{\"@type\":\"CommentAction\",\"name\":\"Comment\",\"target\":[\"https:\\\/\\\/news.ecclesia.org.br\\\/?p=5515#respond\"]}]},{\"@type\":\"WebPage\",\"@id\":\"https:\\\/\\\/news.ecclesia.org.br\\\/?p=5515\",\"url\":\"https:\\\/\\\/news.ecclesia.org.br\\\/?p=5515\",\"name\":\"Igreja Ortodoxa Russa Ajuda V\u00edtimas do Atentado no Aeroporto | ECCLESIA NEWS\",\"isPartOf\":{\"@id\":\"https:\\\/\\\/news.ecclesia.org.br\\\/#website\"},\"primaryImageOfPage\":{\"@id\":\"https:\\\/\\\/news.ecclesia.org.br\\\/?p=5515#primaryimage\"},\"image\":{\"@id\":\"https:\\\/\\\/news.ecclesia.org.br\\\/?p=5515#primaryimage\"},\"thumbnailUrl\":\"https:\\\/\\\/news.ecclesia.org.br\\\/wp-content\\\/uploads\\\/2011\\\/01\\\/atentado-russia.jpg\",\"datePublished\":\"2011-01-26T14:26:24+00:00\",\"dateModified\":\"2016-03-18T14:11:05+00:00\",\"breadcrumb\":{\"@id\":\"https:\\\/\\\/news.ecclesia.org.br\\\/?p=5515#breadcrumb\"},\"inLanguage\":\"pt-BR\",\"potentialAction\":[{\"@type\":\"ReadAction\",\"target\":[\"https:\\\/\\\/news.ecclesia.org.br\\\/?p=5515\"]}]},{\"@type\":\"ImageObject\",\"inLanguage\":\"pt-BR\",\"@id\":\"https:\\\/\\\/news.ecclesia.org.br\\\/?p=5515#primaryimage\",\"url\":\"https:\\\/\\\/news.ecclesia.org.br\\\/wp-content\\\/uploads\\\/2011\\\/01\\\/atentado-russia.jpg\",\"contentUrl\":\"https:\\\/\\\/news.ecclesia.org.br\\\/wp-content\\\/uploads\\\/2011\\\/01\\\/atentado-russia.jpg\",\"width\":320,\"height\":240},{\"@type\":\"BreadcrumbList\",\"@id\":\"https:\\\/\\\/news.ecclesia.org.br\\\/?p=5515#breadcrumb\",\"itemListElement\":[{\"@type\":\"ListItem\",\"position\":1,\"name\":\"In\u00edcio\",\"item\":\"https:\\\/\\\/news.ecclesia.org.br\\\/\"},{\"@type\":\"ListItem\",\"position\":2,\"name\":\"Igreja Ortodoxa Russa Ajuda V\u00edtimas do Atentado no Aeroporto\"}]},{\"@type\":\"WebSite\",\"@id\":\"https:\\\/\\\/news.ecclesia.org.br\\\/#website\",\"url\":\"https:\\\/\\\/news.ecclesia.org.br\\\/\",\"name\":\"Ecclesia Brasil\",\"description\":\"Desde 2003 onectando o Brasil ao mundo ortodoxo!\",\"publisher\":{\"@id\":\"https:\\\/\\\/news.ecclesia.org.br\\\/#organization\"},\"alternateName\":\"Ecclesia\",\"potentialAction\":[{\"@type\":\"SearchAction\",\"target\":{\"@type\":\"EntryPoint\",\"urlTemplate\":\"https:\\\/\\\/news.ecclesia.org.br\\\/?s={search_term_string}\"},\"query-input\":{\"@type\":\"PropertyValueSpecification\",\"valueRequired\":true,\"valueName\":\"search_term_string\"}}],\"inLanguage\":\"pt-BR\"},{\"@type\":\"Organization\",\"@id\":\"https:\\\/\\\/news.ecclesia.org.br\\\/#organization\",\"name\":\"Sacra Arquidiocese de Buenos Aires e Am\u00e9rica do Sul | Patriarcado Ecum\u00eanico\",\"alternateName\":\"News Ecclesia Brasil\",\"url\":\"https:\\\/\\\/news.ecclesia.org.br\\\/\",\"logo\":{\"@type\":\"ImageObject\",\"inLanguage\":\"pt-BR\",\"@id\":\"https:\\\/\\\/news.ecclesia.org.br\\\/#\\\/schema\\\/logo\\\/image\\\/\",\"url\":\"https:\\\/\\\/news.ecclesia.org.br\\\/wp-content\\\/uploads\\\/2025\\\/05\\\/ecclesia2.png\",\"contentUrl\":\"https:\\\/\\\/news.ecclesia.org.br\\\/wp-content\\\/uploads\\\/2025\\\/05\\\/ecclesia2.png\",\"width\":480,\"height\":120,\"caption\":\"Sacra Arquidiocese de Buenos Aires e Am\u00e9rica do Sul | Patriarcado Ecum\u00eanico\"},\"image\":{\"@id\":\"https:\\\/\\\/news.ecclesia.org.br\\\/#\\\/schema\\\/logo\\\/image\\\/\"},\"sameAs\":[\"https:\\\/\\\/www.facebook.com\\\/Ecclesia2025\",\"https:\\\/\\\/x.com\\\/EcclesiaNews\",\"https:\\\/\\\/br.pinterest.com\\\/ekklisia\\\/\",\"https:\\\/\\\/www.youtube.com\\\/@EcclesiaBrasil\"]},{\"@type\":\"Person\",\"@id\":\"https:\\\/\\\/news.ecclesia.org.br\\\/#\\\/schema\\\/person\\\/6f09597f025829745ba414a569f63758\",\"name\":\"Pe. Andr\u00e9\",\"image\":{\"@type\":\"ImageObject\",\"inLanguage\":\"pt-BR\",\"@id\":\"https:\\\/\\\/secure.gravatar.com\\\/avatar\\\/b4327cfa27e9799da239a26adcd534fc29cdc0c4a4a148eecbcfeb9b42c617ac?s=96&d=mm&r=g\",\"url\":\"https:\\\/\\\/secure.gravatar.com\\\/avatar\\\/b4327cfa27e9799da239a26adcd534fc29cdc0c4a4a148eecbcfeb9b42c617ac?s=96&d=mm&r=g\",\"contentUrl\":\"https:\\\/\\\/secure.gravatar.com\\\/avatar\\\/b4327cfa27e9799da239a26adcd534fc29cdc0c4a4a148eecbcfeb9b42c617ac?s=96&d=mm&r=g\",\"caption\":\"Pe. Andr\u00e9\"},\"sameAs\":[\"https:\\\/\\\/www.ecclesia.org.br\"]}]}<\/script>\n<!-- \/ Yoast SEO plugin. -->","yoast_head_json":{"title":"Igreja Ortodoxa Russa Ajuda V\u00edtimas do Atentado no Aeroporto | ECCLESIA NEWS","robots":{"index":"index","follow":"follow","max-snippet":"max-snippet:-1","max-image-preview":"max-image-preview:large","max-video-preview":"max-video-preview:-1"},"canonical":"https:\/\/news.ecclesia.org.br\/?p=5515","og_locale":"pt_BR","og_type":"article","og_title":"Igreja Ortodoxa Russa Ajuda V\u00edtimas do Atentado no Aeroporto | ECCLESIA NEWS","og_description":"Hoje, no dia de Santa Tatiana, o Primaz da Igreja Ortodoxa Russa, Patriarca Cirillo I, rezou na capela da Universidade Estatal de Moscou pelas v\u00edtimas do ato terrorista que ocorreu em 24 de janeiro no aeroporto Internacional &#8220;Domod\u00e9dovo&#8221;. \u00abSacrificar pessoas&#8230;","og_url":"https:\/\/news.ecclesia.org.br\/?p=5515","og_site_name":"ECCLESIA NEWS","article_publisher":"https:\/\/www.facebook.com\/Ecclesia2025","article_published_time":"2011-01-26T14:26:24+00:00","article_modified_time":"2016-03-18T14:11:05+00:00","og_image":[{"width":320,"height":240,"url":"https:\/\/news.ecclesia.org.br\/wp-content\/uploads\/2011\/01\/atentado-russia.jpg","type":"image\/jpeg"}],"author":"Pe. Andr\u00e9","twitter_card":"summary_large_image","twitter_creator":"@EcclesiaNews","twitter_site":"@EcclesiaNews","twitter_misc":{"Escrito por":"Pe. Andr\u00e9","Est. tempo de leitura":"2 minutos"},"schema":{"@context":"https:\/\/schema.org","@graph":[{"@type":"Article","@id":"https:\/\/news.ecclesia.org.br\/?p=5515#article","isPartOf":{"@id":"https:\/\/news.ecclesia.org.br\/?p=5515"},"author":{"name":"Pe. Andr\u00e9","@id":"https:\/\/news.ecclesia.org.br\/#\/schema\/person\/6f09597f025829745ba414a569f63758"},"headline":"Igreja Ortodoxa Russa Ajuda V\u00edtimas do Atentado no Aeroporto","datePublished":"2011-01-26T14:26:24+00:00","dateModified":"2016-03-18T14:11:05+00:00","mainEntityOfPage":{"@id":"https:\/\/news.ecclesia.org.br\/?p=5515"},"wordCount":354,"commentCount":0,"publisher":{"@id":"https:\/\/news.ecclesia.org.br\/#organization"},"image":{"@id":"https:\/\/news.ecclesia.org.br\/?p=5515#primaryimage"},"thumbnailUrl":"https:\/\/news.ecclesia.org.br\/wp-content\/uploads\/2011\/01\/atentado-russia.jpg","articleSection":["NEWS"],"inLanguage":"pt-BR","potentialAction":[{"@type":"CommentAction","name":"Comment","target":["https:\/\/news.ecclesia.org.br\/?p=5515#respond"]}]},{"@type":"WebPage","@id":"https:\/\/news.ecclesia.org.br\/?p=5515","url":"https:\/\/news.ecclesia.org.br\/?p=5515","name":"Igreja Ortodoxa Russa Ajuda V\u00edtimas do Atentado no Aeroporto | ECCLESIA NEWS","isPartOf":{"@id":"https:\/\/news.ecclesia.org.br\/#website"},"primaryImageOfPage":{"@id":"https:\/\/news.ecclesia.org.br\/?p=5515#primaryimage"},"image":{"@id":"https:\/\/news.ecclesia.org.br\/?p=5515#primaryimage"},"thumbnailUrl":"https:\/\/news.ecclesia.org.br\/wp-content\/uploads\/2011\/01\/atentado-russia.jpg","datePublished":"2011-01-26T14:26:24+00:00","dateModified":"2016-03-18T14:11:05+00:00","breadcrumb":{"@id":"https:\/\/news.ecclesia.org.br\/?p=5515#breadcrumb"},"inLanguage":"pt-BR","potentialAction":[{"@type":"ReadAction","target":["https:\/\/news.ecclesia.org.br\/?p=5515"]}]},{"@type":"ImageObject","inLanguage":"pt-BR","@id":"https:\/\/news.ecclesia.org.br\/?p=5515#primaryimage","url":"https:\/\/news.ecclesia.org.br\/wp-content\/uploads\/2011\/01\/atentado-russia.jpg","contentUrl":"https:\/\/news.ecclesia.org.br\/wp-content\/uploads\/2011\/01\/atentado-russia.jpg","width":320,"height":240},{"@type":"BreadcrumbList","@id":"https:\/\/news.ecclesia.org.br\/?p=5515#breadcrumb","itemListElement":[{"@type":"ListItem","position":1,"name":"In\u00edcio","item":"https:\/\/news.ecclesia.org.br\/"},{"@type":"ListItem","position":2,"name":"Igreja Ortodoxa Russa Ajuda V\u00edtimas do Atentado no Aeroporto"}]},{"@type":"WebSite","@id":"https:\/\/news.ecclesia.org.br\/#website","url":"https:\/\/news.ecclesia.org.br\/","name":"Ecclesia Brasil","description":"Desde 2003 onectando o Brasil ao mundo ortodoxo!","publisher":{"@id":"https:\/\/news.ecclesia.org.br\/#organization"},"alternateName":"Ecclesia","potentialAction":[{"@type":"SearchAction","target":{"@type":"EntryPoint","urlTemplate":"https:\/\/news.ecclesia.org.br\/?s={search_term_string}"},"query-input":{"@type":"PropertyValueSpecification","valueRequired":true,"valueName":"search_term_string"}}],"inLanguage":"pt-BR"},{"@type":"Organization","@id":"https:\/\/news.ecclesia.org.br\/#organization","name":"Sacra Arquidiocese de Buenos Aires e Am\u00e9rica do Sul | Patriarcado Ecum\u00eanico","alternateName":"News Ecclesia Brasil","url":"https:\/\/news.ecclesia.org.br\/","logo":{"@type":"ImageObject","inLanguage":"pt-BR","@id":"https:\/\/news.ecclesia.org.br\/#\/schema\/logo\/image\/","url":"https:\/\/news.ecclesia.org.br\/wp-content\/uploads\/2025\/05\/ecclesia2.png","contentUrl":"https:\/\/news.ecclesia.org.br\/wp-content\/uploads\/2025\/05\/ecclesia2.png","width":480,"height":120,"caption":"Sacra Arquidiocese de Buenos Aires e Am\u00e9rica do Sul | Patriarcado Ecum\u00eanico"},"image":{"@id":"https:\/\/news.ecclesia.org.br\/#\/schema\/logo\/image\/"},"sameAs":["https:\/\/www.facebook.com\/Ecclesia2025","https:\/\/x.com\/EcclesiaNews","https:\/\/br.pinterest.com\/ekklisia\/","https:\/\/www.youtube.com\/@EcclesiaBrasil"]},{"@type":"Person","@id":"https:\/\/news.ecclesia.org.br\/#\/schema\/person\/6f09597f025829745ba414a569f63758","name":"Pe. Andr\u00e9","image":{"@type":"ImageObject","inLanguage":"pt-BR","@id":"https:\/\/secure.gravatar.com\/avatar\/b4327cfa27e9799da239a26adcd534fc29cdc0c4a4a148eecbcfeb9b42c617ac?s=96&d=mm&r=g","url":"https:\/\/secure.gravatar.com\/avatar\/b4327cfa27e9799da239a26adcd534fc29cdc0c4a4a148eecbcfeb9b42c617ac?s=96&d=mm&r=g","contentUrl":"https:\/\/secure.gravatar.com\/avatar\/b4327cfa27e9799da239a26adcd534fc29cdc0c4a4a148eecbcfeb9b42c617ac?s=96&d=mm&r=g","caption":"Pe. Andr\u00e9"},"sameAs":["https:\/\/www.ecclesia.org.br"]}]}},"_links":{"self":[{"href":"https:\/\/news.ecclesia.org.br\/index.php?rest_route=\/wp\/v2\/posts\/5515","targetHints":{"allow":["GET"]}}],"collection":[{"href":"https:\/\/news.ecclesia.org.br\/index.php?rest_route=\/wp\/v2\/posts"}],"about":[{"href":"https:\/\/news.ecclesia.org.br\/index.php?rest_route=\/wp\/v2\/types\/post"}],"author":[{"embeddable":true,"href":"https:\/\/news.ecclesia.org.br\/index.php?rest_route=\/wp\/v2\/users\/1"}],"replies":[{"embeddable":true,"href":"https:\/\/news.ecclesia.org.br\/index.php?rest_route=%2Fwp%2Fv2%2Fcomments&post=5515"}],"version-history":[{"count":0,"href":"https:\/\/news.ecclesia.org.br\/index.php?rest_route=\/wp\/v2\/posts\/5515\/revisions"}],"wp:featuredmedia":[{"embeddable":true,"href":"https:\/\/news.ecclesia.org.br\/index.php?rest_route=\/wp\/v2\/media\/5889"}],"wp:attachment":[{"href":"https:\/\/news.ecclesia.org.br\/index.php?rest_route=%2Fwp%2Fv2%2Fmedia&parent=5515"}],"wp:term":[{"taxonomy":"category","embeddable":true,"href":"https:\/\/news.ecclesia.org.br\/index.php?rest_route=%2Fwp%2Fv2%2Fcategories&post=5515"},{"taxonomy":"post_tag","embeddable":true,"href":"https:\/\/news.ecclesia.org.br\/index.php?rest_route=%2Fwp%2Fv2%2Ftags&post=5515"}],"curies":[{"name":"wp","href":"https:\/\/api.w.org\/{rel}","templated":true}]}}