{"id":5508,"date":"2011-01-24T20:53:16","date_gmt":"2011-01-24T22:53:16","guid":{"rendered":"http:\/\/www.ecclesia.com.br\/news\/?p=5508"},"modified":"2016-03-18T14:12:31","modified_gmt":"2016-03-18T14:12:31","slug":"encontro-aproxima-catolicos-e-ortodoxos","status":"publish","type":"post","link":"https:\/\/news.ecclesia.org.br\/?p=5508","title":{"rendered":"Encontro aproxima ortodoxos e cat\u00f3licos"},"content":{"rendered":"<p style=\"text-align: justify;\"><img fetchpriority=\"high\" decoding=\"async\" class=\"alignleft size-full wp-image-15870\" src=\"https:\/\/news.ecclesia.org.br\/2013\/wp-content\/uploads\/2010\/05\/bento-hilarion.jpg\" alt=\"bento-hilarion\" width=\"440\" height=\"311\" srcset=\"https:\/\/news.ecclesia.org.br\/wp-content\/uploads\/2010\/05\/bento-hilarion.jpg 440w, https:\/\/news.ecclesia.org.br\/wp-content\/uploads\/2010\/05\/bento-hilarion-300x212.jpg 300w, https:\/\/news.ecclesia.org.br\/wp-content\/uploads\/2010\/05\/bento-hilarion-78x55.jpg 78w\" sizes=\"(max-width: 440px) 100vw, 440px\" \/>Lisboa, 24 de Janeiro de 2011 &#8212; (<a href=\"http:\/\/www.agencia.ecclesia.pt\/\" target=\"_blank\">ECCLESIA<\/a>) &#8211; O presidente do Conselho Pontif\u00edcio para a Promo\u00e7\u00e3o da Unidade dos Crist\u00e3os, cardeal Kurt Koch, vai reunir-se com o respons\u00e1vel para as quest\u00f5es externas do Patriarcado de Moscou, Metropolita Hil\u00e1rio Alfeyev. O encontro est\u00e1 marcado para o dia 29 de Mar\u00e7o, na Alemanha, tendo como pano de fundo os 20 anos da dissolu\u00e7\u00e3o da Uni\u00e3o Sovi\u00e9tica. Segundo a \u00abR\u00e1dio Vaticano\u00bb, os dois respons\u00e1veis v\u00e3o \u00abconversar sobre as perspectivas de aproxima\u00e7\u00e3o entre cat\u00f3licos e ortodoxos\u00bb.<\/p>\n<p style=\"text-align: justify;\">A reuni\u00e3o acontece no contexto do IV Congresso Internacional \u00abPonto de Encontro: Igreja\u00bb, organizado pela organiza\u00e7\u00e3o cat\u00f3lica internacional \u00abAjuda \u00e0 Igreja que Sofre\u00bb. Atualmente, o di\u00e1logo entre Igreja Cat\u00f3lica e Igreja Ortodoxa gira em torno da quest\u00e3o da primazia do bispo de Roma (o Papa). Hoje, de acordo com o cardeal Koch, essa quest\u00e3o constitui maior oportunidade para a uni\u00e3o, sendo necess\u00e1rio que, da parte cat\u00f3lica, se aprofunde a id\u00e9ia de que \u00aba primazia do bispo de Roma n\u00e3o \u00e9 um simples ap\u00eandice jur\u00eddico externo, mas um elemento que se baseia na eclesiologia eucar\u00edstica\u00bb. \u00abPor outro lado, a Igreja Ortodoxa deveria enfrentar o problema com determina\u00e7\u00e3o, fundamentalmente pelo futuro do ecumenismo, procurando solu\u00e7\u00f5es adequadas para recuperar a pr\u00f3pria unidade interna\u00bb. [OC]<\/p>\n","protected":false},"excerpt":{"rendered":"<p>Lisboa, 24 de Janeiro de 2011 &#8212; (ECCLESIA) &#8211; O presidente do Conselho Pontif\u00edcio para a Promo\u00e7\u00e3o da Unidade dos Crist\u00e3os, cardeal Kurt Koch, vai reunir-se com o respons\u00e1vel para as quest\u00f5es externas do Patriarcado de Moscou, Metropolita Hil\u00e1rio Alfeyev.&#8230;<\/p>\n","protected":false},"author":1,"featured_media":5923,"comment_status":"open","ping_status":"open","sticky":false,"template":"","format":"standard","meta":{"_acf_changed":false,"footnotes":""},"categories":[1],"tags":[],"class_list":["post-5508","post","type-post","status-publish","format-standard","has-post-thumbnail","hentry","category-news","entry","rows-excerpt"],"acf":[],"yoast_head":"<!-- This site is optimized with the Yoast SEO plugin v27.5 - https:\/\/yoast.com\/product\/yoast-seo-wordpress\/ -->\n<title>Encontro aproxima ortodoxos e cat\u00f3licos | ECCLESIA NEWS<\/title>\n<meta name=\"robots\" content=\"index, follow, max-snippet:-1, max-image-preview:large, max-video-preview:-1\" \/>\n<link rel=\"canonical\" href=\"https:\/\/news.ecclesia.org.br\/?p=5508\" \/>\n<meta property=\"og:locale\" content=\"pt_BR\" \/>\n<meta property=\"og:type\" content=\"article\" \/>\n<meta property=\"og:title\" content=\"Encontro aproxima ortodoxos e cat\u00f3licos | ECCLESIA NEWS\" \/>\n<meta property=\"og:description\" content=\"Lisboa, 24 de Janeiro de 2011 &#8212; (ECCLESIA) &#8211; O presidente do Conselho Pontif\u00edcio para a Promo\u00e7\u00e3o da Unidade dos Crist\u00e3os, cardeal Kurt Koch, vai reunir-se com o respons\u00e1vel para as quest\u00f5es externas do Patriarcado de Moscou, Metropolita Hil\u00e1rio Alfeyev.&#8230;\" \/>\n<meta property=\"og:url\" content=\"https:\/\/news.ecclesia.org.br\/?p=5508\" \/>\n<meta property=\"og:site_name\" content=\"ECCLESIA NEWS\" \/>\n<meta property=\"article:publisher\" content=\"https:\/\/www.facebook.com\/Ecclesia2025\" \/>\n<meta property=\"article:published_time\" content=\"2011-01-24T22:53:16+00:00\" \/>\n<meta property=\"article:modified_time\" content=\"2016-03-18T14:12:31+00:00\" \/>\n<meta property=\"og:image\" content=\"https:\/\/news.ecclesia.org.br\/wp-content\/uploads\/2011\/01\/hilarion-alfeiev.jpg\" \/>\n\t<meta property=\"og:image:width\" content=\"292\" \/>\n\t<meta property=\"og:image:height\" content=\"240\" \/>\n\t<meta property=\"og:image:type\" content=\"image\/jpeg\" \/>\n<meta name=\"author\" content=\"Pe. Andr\u00e9\" \/>\n<meta name=\"twitter:card\" content=\"summary_large_image\" \/>\n<meta name=\"twitter:creator\" content=\"@EcclesiaNews\" \/>\n<meta name=\"twitter:site\" content=\"@EcclesiaNews\" \/>\n<meta name=\"twitter:label1\" content=\"Escrito por\" \/>\n\t<meta name=\"twitter:data1\" content=\"Pe. Andr\u00e9\" \/>\n\t<meta name=\"twitter:label2\" content=\"Est. tempo de leitura\" \/>\n\t<meta name=\"twitter:data2\" content=\"1 minuto\" \/>\n<script type=\"application\/ld+json\" class=\"yoast-schema-graph\">{\"@context\":\"https:\\\/\\\/schema.org\",\"@graph\":[{\"@type\":\"Article\",\"@id\":\"https:\\\/\\\/news.ecclesia.org.br\\\/?p=5508#article\",\"isPartOf\":{\"@id\":\"https:\\\/\\\/news.ecclesia.org.br\\\/?p=5508\"},\"author\":{\"name\":\"Pe. Andr\u00e9\",\"@id\":\"https:\\\/\\\/news.ecclesia.org.br\\\/#\\\/schema\\\/person\\\/6f09597f025829745ba414a569f63758\"},\"headline\":\"Encontro aproxima ortodoxos e cat\u00f3licos\",\"datePublished\":\"2011-01-24T22:53:16+00:00\",\"dateModified\":\"2016-03-18T14:12:31+00:00\",\"mainEntityOfPage\":{\"@id\":\"https:\\\/\\\/news.ecclesia.org.br\\\/?p=5508\"},\"wordCount\":237,\"commentCount\":0,\"publisher\":{\"@id\":\"https:\\\/\\\/news.ecclesia.org.br\\\/#organization\"},\"image\":{\"@id\":\"https:\\\/\\\/news.ecclesia.org.br\\\/?p=5508#primaryimage\"},\"thumbnailUrl\":\"https:\\\/\\\/news.ecclesia.org.br\\\/wp-content\\\/uploads\\\/2011\\\/01\\\/hilarion-alfeiev.jpg\",\"articleSection\":[\"NEWS\"],\"inLanguage\":\"pt-BR\",\"potentialAction\":[{\"@type\":\"CommentAction\",\"name\":\"Comment\",\"target\":[\"https:\\\/\\\/news.ecclesia.org.br\\\/?p=5508#respond\"]}]},{\"@type\":\"WebPage\",\"@id\":\"https:\\\/\\\/news.ecclesia.org.br\\\/?p=5508\",\"url\":\"https:\\\/\\\/news.ecclesia.org.br\\\/?p=5508\",\"name\":\"Encontro aproxima ortodoxos e cat\u00f3licos | ECCLESIA NEWS\",\"isPartOf\":{\"@id\":\"https:\\\/\\\/news.ecclesia.org.br\\\/#website\"},\"primaryImageOfPage\":{\"@id\":\"https:\\\/\\\/news.ecclesia.org.br\\\/?p=5508#primaryimage\"},\"image\":{\"@id\":\"https:\\\/\\\/news.ecclesia.org.br\\\/?p=5508#primaryimage\"},\"thumbnailUrl\":\"https:\\\/\\\/news.ecclesia.org.br\\\/wp-content\\\/uploads\\\/2011\\\/01\\\/hilarion-alfeiev.jpg\",\"datePublished\":\"2011-01-24T22:53:16+00:00\",\"dateModified\":\"2016-03-18T14:12:31+00:00\",\"breadcrumb\":{\"@id\":\"https:\\\/\\\/news.ecclesia.org.br\\\/?p=5508#breadcrumb\"},\"inLanguage\":\"pt-BR\",\"potentialAction\":[{\"@type\":\"ReadAction\",\"target\":[\"https:\\\/\\\/news.ecclesia.org.br\\\/?p=5508\"]}]},{\"@type\":\"ImageObject\",\"inLanguage\":\"pt-BR\",\"@id\":\"https:\\\/\\\/news.ecclesia.org.br\\\/?p=5508#primaryimage\",\"url\":\"https:\\\/\\\/news.ecclesia.org.br\\\/wp-content\\\/uploads\\\/2011\\\/01\\\/hilarion-alfeiev.jpg\",\"contentUrl\":\"https:\\\/\\\/news.ecclesia.org.br\\\/wp-content\\\/uploads\\\/2011\\\/01\\\/hilarion-alfeiev.jpg\",\"width\":292,\"height\":240,\"caption\":\"Metropolita Hilarion de Volokolamsk\"},{\"@type\":\"BreadcrumbList\",\"@id\":\"https:\\\/\\\/news.ecclesia.org.br\\\/?p=5508#breadcrumb\",\"itemListElement\":[{\"@type\":\"ListItem\",\"position\":1,\"name\":\"In\u00edcio\",\"item\":\"https:\\\/\\\/news.ecclesia.org.br\\\/\"},{\"@type\":\"ListItem\",\"position\":2,\"name\":\"Encontro aproxima ortodoxos e cat\u00f3licos\"}]},{\"@type\":\"WebSite\",\"@id\":\"https:\\\/\\\/news.ecclesia.org.br\\\/#website\",\"url\":\"https:\\\/\\\/news.ecclesia.org.br\\\/\",\"name\":\"Ecclesia Brasil\",\"description\":\"Desde 2003 onectando o Brasil ao mundo ortodoxo!\",\"publisher\":{\"@id\":\"https:\\\/\\\/news.ecclesia.org.br\\\/#organization\"},\"alternateName\":\"Ecclesia\",\"potentialAction\":[{\"@type\":\"SearchAction\",\"target\":{\"@type\":\"EntryPoint\",\"urlTemplate\":\"https:\\\/\\\/news.ecclesia.org.br\\\/?s={search_term_string}\"},\"query-input\":{\"@type\":\"PropertyValueSpecification\",\"valueRequired\":true,\"valueName\":\"search_term_string\"}}],\"inLanguage\":\"pt-BR\"},{\"@type\":\"Organization\",\"@id\":\"https:\\\/\\\/news.ecclesia.org.br\\\/#organization\",\"name\":\"Sacra Arquidiocese de Buenos Aires e Am\u00e9rica do Sul | Patriarcado Ecum\u00eanico\",\"alternateName\":\"News Ecclesia Brasil\",\"url\":\"https:\\\/\\\/news.ecclesia.org.br\\\/\",\"logo\":{\"@type\":\"ImageObject\",\"inLanguage\":\"pt-BR\",\"@id\":\"https:\\\/\\\/news.ecclesia.org.br\\\/#\\\/schema\\\/logo\\\/image\\\/\",\"url\":\"https:\\\/\\\/news.ecclesia.org.br\\\/wp-content\\\/uploads\\\/2025\\\/05\\\/ecclesia2.png\",\"contentUrl\":\"https:\\\/\\\/news.ecclesia.org.br\\\/wp-content\\\/uploads\\\/2025\\\/05\\\/ecclesia2.png\",\"width\":480,\"height\":120,\"caption\":\"Sacra Arquidiocese de Buenos Aires e Am\u00e9rica do Sul | Patriarcado Ecum\u00eanico\"},\"image\":{\"@id\":\"https:\\\/\\\/news.ecclesia.org.br\\\/#\\\/schema\\\/logo\\\/image\\\/\"},\"sameAs\":[\"https:\\\/\\\/www.facebook.com\\\/Ecclesia2025\",\"https:\\\/\\\/x.com\\\/EcclesiaNews\",\"https:\\\/\\\/br.pinterest.com\\\/ekklisia\\\/\",\"https:\\\/\\\/www.youtube.com\\\/@EcclesiaBrasil\"]},{\"@type\":\"Person\",\"@id\":\"https:\\\/\\\/news.ecclesia.org.br\\\/#\\\/schema\\\/person\\\/6f09597f025829745ba414a569f63758\",\"name\":\"Pe. Andr\u00e9\",\"image\":{\"@type\":\"ImageObject\",\"inLanguage\":\"pt-BR\",\"@id\":\"https:\\\/\\\/secure.gravatar.com\\\/avatar\\\/b4327cfa27e9799da239a26adcd534fc29cdc0c4a4a148eecbcfeb9b42c617ac?s=96&d=mm&r=g\",\"url\":\"https:\\\/\\\/secure.gravatar.com\\\/avatar\\\/b4327cfa27e9799da239a26adcd534fc29cdc0c4a4a148eecbcfeb9b42c617ac?s=96&d=mm&r=g\",\"contentUrl\":\"https:\\\/\\\/secure.gravatar.com\\\/avatar\\\/b4327cfa27e9799da239a26adcd534fc29cdc0c4a4a148eecbcfeb9b42c617ac?s=96&d=mm&r=g\",\"caption\":\"Pe. Andr\u00e9\"},\"sameAs\":[\"https:\\\/\\\/www.ecclesia.org.br\"]}]}<\/script>\n<!-- \/ Yoast SEO plugin. -->","yoast_head_json":{"title":"Encontro aproxima ortodoxos e cat\u00f3licos | ECCLESIA NEWS","robots":{"index":"index","follow":"follow","max-snippet":"max-snippet:-1","max-image-preview":"max-image-preview:large","max-video-preview":"max-video-preview:-1"},"canonical":"https:\/\/news.ecclesia.org.br\/?p=5508","og_locale":"pt_BR","og_type":"article","og_title":"Encontro aproxima ortodoxos e cat\u00f3licos | ECCLESIA NEWS","og_description":"Lisboa, 24 de Janeiro de 2011 &#8212; (ECCLESIA) &#8211; O presidente do Conselho Pontif\u00edcio para a Promo\u00e7\u00e3o da Unidade dos Crist\u00e3os, cardeal Kurt Koch, vai reunir-se com o respons\u00e1vel para as quest\u00f5es externas do Patriarcado de Moscou, Metropolita Hil\u00e1rio Alfeyev.&#8230;","og_url":"https:\/\/news.ecclesia.org.br\/?p=5508","og_site_name":"ECCLESIA NEWS","article_publisher":"https:\/\/www.facebook.com\/Ecclesia2025","article_published_time":"2011-01-24T22:53:16+00:00","article_modified_time":"2016-03-18T14:12:31+00:00","og_image":[{"width":292,"height":240,"url":"https:\/\/news.ecclesia.org.br\/wp-content\/uploads\/2011\/01\/hilarion-alfeiev.jpg","type":"image\/jpeg"}],"author":"Pe. Andr\u00e9","twitter_card":"summary_large_image","twitter_creator":"@EcclesiaNews","twitter_site":"@EcclesiaNews","twitter_misc":{"Escrito por":"Pe. Andr\u00e9","Est. tempo de leitura":"1 minuto"},"schema":{"@context":"https:\/\/schema.org","@graph":[{"@type":"Article","@id":"https:\/\/news.ecclesia.org.br\/?p=5508#article","isPartOf":{"@id":"https:\/\/news.ecclesia.org.br\/?p=5508"},"author":{"name":"Pe. Andr\u00e9","@id":"https:\/\/news.ecclesia.org.br\/#\/schema\/person\/6f09597f025829745ba414a569f63758"},"headline":"Encontro aproxima ortodoxos e cat\u00f3licos","datePublished":"2011-01-24T22:53:16+00:00","dateModified":"2016-03-18T14:12:31+00:00","mainEntityOfPage":{"@id":"https:\/\/news.ecclesia.org.br\/?p=5508"},"wordCount":237,"commentCount":0,"publisher":{"@id":"https:\/\/news.ecclesia.org.br\/#organization"},"image":{"@id":"https:\/\/news.ecclesia.org.br\/?p=5508#primaryimage"},"thumbnailUrl":"https:\/\/news.ecclesia.org.br\/wp-content\/uploads\/2011\/01\/hilarion-alfeiev.jpg","articleSection":["NEWS"],"inLanguage":"pt-BR","potentialAction":[{"@type":"CommentAction","name":"Comment","target":["https:\/\/news.ecclesia.org.br\/?p=5508#respond"]}]},{"@type":"WebPage","@id":"https:\/\/news.ecclesia.org.br\/?p=5508","url":"https:\/\/news.ecclesia.org.br\/?p=5508","name":"Encontro aproxima ortodoxos e cat\u00f3licos | ECCLESIA NEWS","isPartOf":{"@id":"https:\/\/news.ecclesia.org.br\/#website"},"primaryImageOfPage":{"@id":"https:\/\/news.ecclesia.org.br\/?p=5508#primaryimage"},"image":{"@id":"https:\/\/news.ecclesia.org.br\/?p=5508#primaryimage"},"thumbnailUrl":"https:\/\/news.ecclesia.org.br\/wp-content\/uploads\/2011\/01\/hilarion-alfeiev.jpg","datePublished":"2011-01-24T22:53:16+00:00","dateModified":"2016-03-18T14:12:31+00:00","breadcrumb":{"@id":"https:\/\/news.ecclesia.org.br\/?p=5508#breadcrumb"},"inLanguage":"pt-BR","potentialAction":[{"@type":"ReadAction","target":["https:\/\/news.ecclesia.org.br\/?p=5508"]}]},{"@type":"ImageObject","inLanguage":"pt-BR","@id":"https:\/\/news.ecclesia.org.br\/?p=5508#primaryimage","url":"https:\/\/news.ecclesia.org.br\/wp-content\/uploads\/2011\/01\/hilarion-alfeiev.jpg","contentUrl":"https:\/\/news.ecclesia.org.br\/wp-content\/uploads\/2011\/01\/hilarion-alfeiev.jpg","width":292,"height":240,"caption":"Metropolita Hilarion de Volokolamsk"},{"@type":"BreadcrumbList","@id":"https:\/\/news.ecclesia.org.br\/?p=5508#breadcrumb","itemListElement":[{"@type":"ListItem","position":1,"name":"In\u00edcio","item":"https:\/\/news.ecclesia.org.br\/"},{"@type":"ListItem","position":2,"name":"Encontro aproxima ortodoxos e cat\u00f3licos"}]},{"@type":"WebSite","@id":"https:\/\/news.ecclesia.org.br\/#website","url":"https:\/\/news.ecclesia.org.br\/","name":"Ecclesia Brasil","description":"Desde 2003 onectando o Brasil ao mundo ortodoxo!","publisher":{"@id":"https:\/\/news.ecclesia.org.br\/#organization"},"alternateName":"Ecclesia","potentialAction":[{"@type":"SearchAction","target":{"@type":"EntryPoint","urlTemplate":"https:\/\/news.ecclesia.org.br\/?s={search_term_string}"},"query-input":{"@type":"PropertyValueSpecification","valueRequired":true,"valueName":"search_term_string"}}],"inLanguage":"pt-BR"},{"@type":"Organization","@id":"https:\/\/news.ecclesia.org.br\/#organization","name":"Sacra Arquidiocese de Buenos Aires e Am\u00e9rica do Sul | Patriarcado Ecum\u00eanico","alternateName":"News Ecclesia Brasil","url":"https:\/\/news.ecclesia.org.br\/","logo":{"@type":"ImageObject","inLanguage":"pt-BR","@id":"https:\/\/news.ecclesia.org.br\/#\/schema\/logo\/image\/","url":"https:\/\/news.ecclesia.org.br\/wp-content\/uploads\/2025\/05\/ecclesia2.png","contentUrl":"https:\/\/news.ecclesia.org.br\/wp-content\/uploads\/2025\/05\/ecclesia2.png","width":480,"height":120,"caption":"Sacra Arquidiocese de Buenos Aires e Am\u00e9rica do Sul | Patriarcado Ecum\u00eanico"},"image":{"@id":"https:\/\/news.ecclesia.org.br\/#\/schema\/logo\/image\/"},"sameAs":["https:\/\/www.facebook.com\/Ecclesia2025","https:\/\/x.com\/EcclesiaNews","https:\/\/br.pinterest.com\/ekklisia\/","https:\/\/www.youtube.com\/@EcclesiaBrasil"]},{"@type":"Person","@id":"https:\/\/news.ecclesia.org.br\/#\/schema\/person\/6f09597f025829745ba414a569f63758","name":"Pe. Andr\u00e9","image":{"@type":"ImageObject","inLanguage":"pt-BR","@id":"https:\/\/secure.gravatar.com\/avatar\/b4327cfa27e9799da239a26adcd534fc29cdc0c4a4a148eecbcfeb9b42c617ac?s=96&d=mm&r=g","url":"https:\/\/secure.gravatar.com\/avatar\/b4327cfa27e9799da239a26adcd534fc29cdc0c4a4a148eecbcfeb9b42c617ac?s=96&d=mm&r=g","contentUrl":"https:\/\/secure.gravatar.com\/avatar\/b4327cfa27e9799da239a26adcd534fc29cdc0c4a4a148eecbcfeb9b42c617ac?s=96&d=mm&r=g","caption":"Pe. Andr\u00e9"},"sameAs":["https:\/\/www.ecclesia.org.br"]}]}},"_links":{"self":[{"href":"https:\/\/news.ecclesia.org.br\/index.php?rest_route=\/wp\/v2\/posts\/5508","targetHints":{"allow":["GET"]}}],"collection":[{"href":"https:\/\/news.ecclesia.org.br\/index.php?rest_route=\/wp\/v2\/posts"}],"about":[{"href":"https:\/\/news.ecclesia.org.br\/index.php?rest_route=\/wp\/v2\/types\/post"}],"author":[{"embeddable":true,"href":"https:\/\/news.ecclesia.org.br\/index.php?rest_route=\/wp\/v2\/users\/1"}],"replies":[{"embeddable":true,"href":"https:\/\/news.ecclesia.org.br\/index.php?rest_route=%2Fwp%2Fv2%2Fcomments&post=5508"}],"version-history":[{"count":0,"href":"https:\/\/news.ecclesia.org.br\/index.php?rest_route=\/wp\/v2\/posts\/5508\/revisions"}],"wp:featuredmedia":[{"embeddable":true,"href":"https:\/\/news.ecclesia.org.br\/index.php?rest_route=\/wp\/v2\/media\/5923"}],"wp:attachment":[{"href":"https:\/\/news.ecclesia.org.br\/index.php?rest_route=%2Fwp%2Fv2%2Fmedia&parent=5508"}],"wp:term":[{"taxonomy":"category","embeddable":true,"href":"https:\/\/news.ecclesia.org.br\/index.php?rest_route=%2Fwp%2Fv2%2Fcategories&post=5508"},{"taxonomy":"post_tag","embeddable":true,"href":"https:\/\/news.ecclesia.org.br\/index.php?rest_route=%2Fwp%2Fv2%2Ftags&post=5508"}],"curies":[{"name":"wp","href":"https:\/\/api.w.org\/{rel}","templated":true}]}}