{"id":5501,"date":"2011-01-22T16:17:57","date_gmt":"2011-01-22T18:17:57","guid":{"rendered":"http:\/\/www.ecclesia.com.br\/news\/?p=5501"},"modified":"2016-03-18T14:16:48","modified_gmt":"2016-03-18T14:16:48","slug":"russia-igreja-ortodoxa-sugere-medidas-para-reduzir-abortos","status":"publish","type":"post","link":"https:\/\/news.ecclesia.org.br\/?p=5501","title":{"rendered":"R\u00fassia: Igreja Ortodoxa sugere medidas para reduzir abortos"},"content":{"rendered":"<h2 style=\"text-align: justify;\"><span style=\"font-size: 13px;\">Prop\u00f5e que n\u00e3o sejam feitos com dinheiro p\u00fablico, exceto em casos extremos<\/span><\/h2>\n<h2 style=\"text-align: right;\"><span style=\"font-weight: normal; font-size: 13px;\">Por Paul de Maeyer<\/span><\/h2>\n<p style=\"text-align: justify;\"><img fetchpriority=\"high\" decoding=\"async\" class=\"alignleft wp-image-11899 size-medium\" src=\"https:\/\/news.ecclesia.org.br\/2013\/wp-content\/uploads\/2012\/12\/aborto-300x247.jpg\" alt=\"aborto\" width=\"300\" height=\"247\" srcset=\"https:\/\/news.ecclesia.org.br\/wp-content\/uploads\/2012\/12\/aborto-300x247.jpg 300w, https:\/\/news.ecclesia.org.br\/wp-content\/uploads\/2012\/12\/aborto-67x55.jpg 67w, https:\/\/news.ecclesia.org.br\/wp-content\/uploads\/2012\/12\/aborto.jpg 577w\" sizes=\"(max-width: 300px) 100vw, 300px\" \/>Em vista de uma reuni\u00e3o do Conselho de Estado (\u00f3rg\u00e3o consultivo presidido por Dimitri Medvedez), o Patriarca de Moscou, Cirillo I, entregou, no dia 17 de janeiro, uma s\u00e9rie de propostas de pol\u00edticas familiares \u00e0 dire\u00e7\u00e3o do Estado Russo, informou a <em>Agence France-Presse. <\/em>O objetivo desta iniciativa sem precedentes &#8211; \u00e9 a primeira vez que a Igreja Ortodoxa prepara um documento oficial com propostas concretas para as autoridades &#8211; \u00e9, em particular, limitar o n\u00famero de abortos.\u00a0O Patriarcado tamb\u00e9m solicita que o custo do aborto n\u00e3o seja mais assumido pelo sistema de sa\u00fade (exceto em caso de risco de morte para as mulheres); prop\u00f5e tamb\u00e9m a obriga\u00e7\u00e3o de informar as mulheres sobre todas as\u00a0conseq\u00fc\u00eancias\u00a0negativas da interrup\u00e7\u00e3o da gravidez; e espera, al\u00e9m disso, a introdu\u00e7\u00e3o de um consenso informado e de um tempo de reflex\u00e3o. O documento da Igreja Ortodoxa tamb\u00e9m sugere a cria\u00e7\u00e3o de um &#8220;centro de crise&#8221; em todas as cl\u00ednicas obst\u00e9tricas.<\/p>\n<p style=\"text-align: justify;\">De acordo com Aleksandr Verkhovski, do centro de direitos humanos <em>Sova<\/em>, que fala de &#8220;propostas, do ponto de vista religioso, muito moderadas&#8221;, a &#8220;Igreja Ortodoxa, assim como os cat\u00f3licos, \u00e9 terminantemente contra o aborto, mas nesta mensagem dirigida \u00e0s autoridades, conta com um compromisso&#8221;.<\/p>\n<p style=\"text-align: justify;\">Desde junho passado, a Igreja Ortodoxa Russa lan\u00e7ou um apelo a favor de normas mais rigorosas para reduzir os abortos no pa\u00eds, dada a alarmante diminui\u00e7\u00e3o da popula\u00e7\u00e3o. Na ocasi\u00e3o, o arcipreste Vsevolod Chaplin &#8211; influente figura pr\u00f3xima do Patriarca Kyrill -, declarou que,&#8221;em tempos da Uni\u00e3o Sovi\u00e9tica, n\u00f3s nos acostumamos com o aborto e com consider\u00e1-lo parte inevit\u00e1vel da nossa realidade jur\u00eddica, sem volta&#8221;.<\/p>\n<p style=\"text-align: justify;\">&#8220;Mas hoje vemos que \u00e9 poss\u00edvel fazer um retrocesso significativo&#8221;, disse o cl\u00e9rigo, confirmando a necessidade de mudan\u00e7a na lei do aborto. Segundo o arcipreste, as pessoas jovens, sem qualquer liga\u00e7\u00e3o com a Igreja ou com outras institui\u00e7\u00f5es religiosas, querem ver uma diminui\u00e7\u00e3o no n\u00famero de abortos (<em>Reuters<\/em>, 1\u00ba de junho de 2010).<\/p>\n<p style=\"text-align: justify;\">O aborto na R\u00fassia remonta ao in\u00edcio do s\u00e9culo passado. Apenas tr\u00eas anos ap\u00f3s a revolu\u00e7\u00e3o de 1917, a R\u00fassia se tornou o primeiro pa\u00eds a legalizar a pr\u00e1tica. Proibido novamente em 1936 por Stalin (exceto em alguns casos), o aborto foi novamente introduzido em 1955, quase dois anos ap\u00f3s sua morte. Menos de dez anos ap\u00f3s esta data, em 1964, registrou-se o mais alto n\u00edvel na hist\u00f3ria da R\u00fassia, a ent\u00e3o Uni\u00e3o Sovi\u00e9tica: 5,6 milh\u00f5es de abortos.<\/p>\n<p style=\"text-align: justify;\">O n\u00famero de abortos come\u00e7ou a declinar na R\u00fassia nos \u00faltimos dez anos. De acordo com dados do Minist\u00e9rio da Sa\u00fade, coletados pela <em>BBC<\/em> (16 de setembro de 2003), em 1990, houve 3,92 milh\u00f5es abortos; 2,57 milh\u00f5es em 1995; 1,96 milh\u00e3o em 2000; e 1,78 milh\u00e3o em 2002.<\/p>\n<p style=\"text-align: justify;\">Apesar desta queda, o n\u00famero de abortos em 2004 ultrapassou o de nascimentos: 1,6 milh\u00e3o de abortos contra 1,5 milh\u00e3o de nascimentos (<em>The Times<\/em>, 24 de setembro de 2005).<\/p>\n<p style=\"text-align: justify;\">Juntamente com outros fatores, tais como o colapso do sistema de sa\u00fade ap\u00f3s a queda da URSS, o consumo excessivo de \u00e1lcool (especialmente vodka), o alto n\u00famero de abortos tem levado a um decl\u00ednio dram\u00e1tico da popula\u00e7\u00e3o, que come\u00e7ou em meados dos anos 90, ou seja, justamente depois do fim da URSS. Em menos de 20 anos, a popula\u00e7\u00e3o russa diminuiu de quase 149 milh\u00f5es, em 1991, a menos de 142 milh\u00f5es, em 2010.<\/p>\n<p style=\"text-align: justify;\">O efeito desse decl\u00ednio demogr\u00e1fico \u00e9 vis\u00edvel no sistema educacional. Segundo dados do Minist\u00e9rio da Educa\u00e7\u00e3o, coletados pelo <em>The Times<\/em>, desde 1999, o n\u00famero de escolarizados diminui quase um milh\u00e3o a cada ano. No ano letivo de 2004-2005, havia 5.604 escolas que tinham apenas dez alunos.<\/p>\n<p style=\"text-align: justify;\">Sem uma mudan\u00e7a dr\u00e1stica de dire\u00e7\u00e3o, a tend\u00eancia de queda poderia continuar e, segundo estimativas da ONU, chegaria a 116 milh\u00f5es de pessoas na R\u00fassia em 2050 (<em>World Population Prospects: the 2008 Revision Population Database<\/em>), ou at\u00e9 mesmo 100 milh\u00f5es.<\/p>\n<p style=\"text-align: justify;\">O aborto, que se tornou um m\u00e9todo contraceptivo, tamb\u00e9m contribui para o aumento da infertilidade. Falando em uma confer\u00eancia internacional, Marina Tarasova, vice-diretora do Instituto de Pesquisa de Ginecologia e Obstetr\u00edcia, em S\u00e3o Petersburgo, divulgou, em setembro de 2008, n\u00fameros alarmantes: cada ano, cerca de 230 mil mulheres perdem a fertilidade na R\u00fassia, principalmente devido a complica\u00e7\u00f5es durante a cirurgia, e o n\u00famero de casais inf\u00e9rteis j\u00e1 supera os 5,5 milh\u00f5es. &#8220;Durante os \u00faltimos cinco anos, a infertilidade feminina cresceu mais de 14% na R\u00fassia e mais de 1,5 milh\u00e3o de russas s\u00e3o for\u00e7adas a recorrer a tecnologias m\u00e9dicas avan\u00e7adas para engravidar&#8221;, disse Tarasova (<em>The St. Peterburgs Times<\/em>, 30 de setembro de 2008).<\/p>\n<p style=\"text-align: justify;\">Para resolver isso, em abril de 2005, o ent\u00e3o presidente russo, Vladimir Putin, definiu a situa\u00e7\u00e3o como &#8220;uma crise nacional&#8221;, lan\u00e7ando, em 2007, um programa de medidas de incentivo \u00e0 natalidade, com algum sucesso: em 2008, houve 1,714 milh\u00e3o nascimentos em compara\u00e7\u00e3o com 1,234 milh\u00e3o de abortos. Ent\u00e3o, pela primeira vez desde 1995, a R\u00fassia experimentou, em 2009, um aumento de sua popula\u00e7\u00e3o &#8211; m\u00ednimo ou quase simb\u00f3lico &#8211; de cerca de 20 mil habitantes, tamb\u00e9m efeito de um aumento na propor\u00e7\u00e3o de nascimentos: + 2,8% face ao ano anterior (<em>BBC<\/em>, 19 de janeiro de 2010).<\/p>\n<p style=\"text-align: justify;\">O problema de fundo permanece e consiste na alta taxa de abortos. Em 2008, foram realizados 72 abortos na R\u00fassia para cada 100 nascimentos. \u00c9 aqui que a Igreja Ortodoxa, cuja influ\u00eancia est\u00e1 em constante crescimento, procurou intervir. Desde 1993, est\u00e1 ativo no centro de Moscou, o escrit\u00f3rio pr\u00f3-vida <em>Zhizn<\/em> (Vida), dirigido por um sacerdote ortodoxo, Massim Obukhov. &#8220;O aborto neste pa\u00eds era parte da vida normal; muitas mulheres abortaram 5 ou 6 vezes, sem nenhum tipo de hesita\u00e7\u00e3o&#8221;, declarou Obukhov h\u00e1 mais de 10 anos (<em>The New York Times<\/em>, 29 de mar\u00e7o de 1999).<\/p>\n<p style=\"text-align: justify;\">Para reduzir os abortos, por volta de 2003, foi aprovado pelo governo russo um decreto que, pela primeira vez desde 1955, restringia a possibilidade de abortar; entrando em vigor em 11 de agosto daquele ano, o texto reduziu o n\u00famero (de 13 a 4) das chamadas &#8220;indica\u00e7\u00f5es sociais&#8221; para abortar depois da 12\u00aa semana de gravidez. Para o deputado pr\u00f3-vida Aleksandr Chujev, isso foi uma &#8220;pequena vit\u00f3ria&#8221; (<em>BBC<\/em>, 16 de setembro de 2003). Fonte:\u00a0<a href=\"http:\/\/www.zenit.org\/\" target=\"_blank\">ZENIT.org<\/a><\/p>\n","protected":false},"excerpt":{"rendered":"<p>Prop\u00f5e que n\u00e3o sejam feitos com dinheiro p\u00fablico, exceto em casos extremos Por Paul de Maeyer Em vista de uma reuni\u00e3o do Conselho de Estado (\u00f3rg\u00e3o consultivo presidido por Dimitri Medvedez), o Patriarca de Moscou, Cirillo I, entregou, no dia&#8230;<\/p>\n","protected":false},"author":1,"featured_media":11899,"comment_status":"open","ping_status":"open","sticky":false,"template":"","format":"standard","meta":{"_acf_changed":false,"footnotes":""},"categories":[1],"tags":[],"class_list":["post-5501","post","type-post","status-publish","format-standard","has-post-thumbnail","hentry","category-news","entry","rows-excerpt"],"acf":[],"yoast_head":"<!-- This site is optimized with the Yoast SEO plugin v27.5 - https:\/\/yoast.com\/product\/yoast-seo-wordpress\/ -->\n<title>R\u00fassia: Igreja Ortodoxa sugere medidas para reduzir abortos | ECCLESIA NEWS<\/title>\n<meta name=\"robots\" content=\"index, follow, max-snippet:-1, max-image-preview:large, max-video-preview:-1\" \/>\n<link rel=\"canonical\" href=\"https:\/\/news.ecclesia.org.br\/?p=5501\" \/>\n<meta property=\"og:locale\" content=\"pt_BR\" \/>\n<meta property=\"og:type\" content=\"article\" \/>\n<meta property=\"og:title\" content=\"R\u00fassia: Igreja Ortodoxa sugere medidas para reduzir abortos | ECCLESIA NEWS\" \/>\n<meta property=\"og:description\" content=\"Prop\u00f5e que n\u00e3o sejam feitos com dinheiro p\u00fablico, exceto em casos extremos Por Paul de Maeyer Em vista de uma reuni\u00e3o do Conselho de Estado (\u00f3rg\u00e3o consultivo presidido por Dimitri Medvedez), o Patriarca de Moscou, Cirillo I, entregou, no dia&#8230;\" \/>\n<meta property=\"og:url\" content=\"https:\/\/news.ecclesia.org.br\/?p=5501\" \/>\n<meta property=\"og:site_name\" content=\"ECCLESIA NEWS\" \/>\n<meta property=\"article:publisher\" content=\"https:\/\/www.facebook.com\/Ecclesia2025\" \/>\n<meta property=\"article:published_time\" content=\"2011-01-22T18:17:57+00:00\" \/>\n<meta property=\"article:modified_time\" content=\"2016-03-18T14:16:48+00:00\" \/>\n<meta property=\"og:image\" content=\"https:\/\/news.ecclesia.org.br\/wp-content\/uploads\/2012\/12\/aborto.jpg\" \/>\n\t<meta property=\"og:image:width\" content=\"577\" \/>\n\t<meta property=\"og:image:height\" content=\"476\" \/>\n\t<meta property=\"og:image:type\" content=\"image\/jpeg\" \/>\n<meta name=\"author\" content=\"Pe. Andr\u00e9\" \/>\n<meta name=\"twitter:card\" content=\"summary_large_image\" \/>\n<meta name=\"twitter:creator\" content=\"@EcclesiaNews\" \/>\n<meta name=\"twitter:site\" content=\"@EcclesiaNews\" \/>\n<meta name=\"twitter:label1\" content=\"Escrito por\" \/>\n\t<meta name=\"twitter:data1\" content=\"Pe. Andr\u00e9\" \/>\n\t<meta name=\"twitter:label2\" content=\"Est. tempo de leitura\" \/>\n\t<meta name=\"twitter:data2\" content=\"5 minutos\" \/>\n<script type=\"application\/ld+json\" class=\"yoast-schema-graph\">{\"@context\":\"https:\\\/\\\/schema.org\",\"@graph\":[{\"@type\":\"Article\",\"@id\":\"https:\\\/\\\/news.ecclesia.org.br\\\/?p=5501#article\",\"isPartOf\":{\"@id\":\"https:\\\/\\\/news.ecclesia.org.br\\\/?p=5501\"},\"author\":{\"name\":\"Pe. Andr\u00e9\",\"@id\":\"https:\\\/\\\/news.ecclesia.org.br\\\/#\\\/schema\\\/person\\\/6f09597f025829745ba414a569f63758\"},\"headline\":\"R\u00fassia: Igreja Ortodoxa sugere medidas para reduzir abortos\",\"datePublished\":\"2011-01-22T18:17:57+00:00\",\"dateModified\":\"2016-03-18T14:16:48+00:00\",\"mainEntityOfPage\":{\"@id\":\"https:\\\/\\\/news.ecclesia.org.br\\\/?p=5501\"},\"wordCount\":1099,\"commentCount\":0,\"publisher\":{\"@id\":\"https:\\\/\\\/news.ecclesia.org.br\\\/#organization\"},\"image\":{\"@id\":\"https:\\\/\\\/news.ecclesia.org.br\\\/?p=5501#primaryimage\"},\"thumbnailUrl\":\"https:\\\/\\\/news.ecclesia.org.br\\\/wp-content\\\/uploads\\\/2012\\\/12\\\/aborto.jpg\",\"articleSection\":[\"NEWS\"],\"inLanguage\":\"pt-BR\",\"potentialAction\":[{\"@type\":\"CommentAction\",\"name\":\"Comment\",\"target\":[\"https:\\\/\\\/news.ecclesia.org.br\\\/?p=5501#respond\"]}]},{\"@type\":\"WebPage\",\"@id\":\"https:\\\/\\\/news.ecclesia.org.br\\\/?p=5501\",\"url\":\"https:\\\/\\\/news.ecclesia.org.br\\\/?p=5501\",\"name\":\"R\u00fassia: Igreja Ortodoxa sugere medidas para reduzir abortos | ECCLESIA NEWS\",\"isPartOf\":{\"@id\":\"https:\\\/\\\/news.ecclesia.org.br\\\/#website\"},\"primaryImageOfPage\":{\"@id\":\"https:\\\/\\\/news.ecclesia.org.br\\\/?p=5501#primaryimage\"},\"image\":{\"@id\":\"https:\\\/\\\/news.ecclesia.org.br\\\/?p=5501#primaryimage\"},\"thumbnailUrl\":\"https:\\\/\\\/news.ecclesia.org.br\\\/wp-content\\\/uploads\\\/2012\\\/12\\\/aborto.jpg\",\"datePublished\":\"2011-01-22T18:17:57+00:00\",\"dateModified\":\"2016-03-18T14:16:48+00:00\",\"breadcrumb\":{\"@id\":\"https:\\\/\\\/news.ecclesia.org.br\\\/?p=5501#breadcrumb\"},\"inLanguage\":\"pt-BR\",\"potentialAction\":[{\"@type\":\"ReadAction\",\"target\":[\"https:\\\/\\\/news.ecclesia.org.br\\\/?p=5501\"]}]},{\"@type\":\"ImageObject\",\"inLanguage\":\"pt-BR\",\"@id\":\"https:\\\/\\\/news.ecclesia.org.br\\\/?p=5501#primaryimage\",\"url\":\"https:\\\/\\\/news.ecclesia.org.br\\\/wp-content\\\/uploads\\\/2012\\\/12\\\/aborto.jpg\",\"contentUrl\":\"https:\\\/\\\/news.ecclesia.org.br\\\/wp-content\\\/uploads\\\/2012\\\/12\\\/aborto.jpg\",\"width\":577,\"height\":476},{\"@type\":\"BreadcrumbList\",\"@id\":\"https:\\\/\\\/news.ecclesia.org.br\\\/?p=5501#breadcrumb\",\"itemListElement\":[{\"@type\":\"ListItem\",\"position\":1,\"name\":\"In\u00edcio\",\"item\":\"https:\\\/\\\/news.ecclesia.org.br\\\/\"},{\"@type\":\"ListItem\",\"position\":2,\"name\":\"R\u00fassia: Igreja Ortodoxa sugere medidas para reduzir abortos\"}]},{\"@type\":\"WebSite\",\"@id\":\"https:\\\/\\\/news.ecclesia.org.br\\\/#website\",\"url\":\"https:\\\/\\\/news.ecclesia.org.br\\\/\",\"name\":\"Ecclesia Brasil\",\"description\":\"Desde 2003 onectando o Brasil ao mundo ortodoxo!\",\"publisher\":{\"@id\":\"https:\\\/\\\/news.ecclesia.org.br\\\/#organization\"},\"alternateName\":\"Ecclesia\",\"potentialAction\":[{\"@type\":\"SearchAction\",\"target\":{\"@type\":\"EntryPoint\",\"urlTemplate\":\"https:\\\/\\\/news.ecclesia.org.br\\\/?s={search_term_string}\"},\"query-input\":{\"@type\":\"PropertyValueSpecification\",\"valueRequired\":true,\"valueName\":\"search_term_string\"}}],\"inLanguage\":\"pt-BR\"},{\"@type\":\"Organization\",\"@id\":\"https:\\\/\\\/news.ecclesia.org.br\\\/#organization\",\"name\":\"Sacra Arquidiocese de Buenos Aires e Am\u00e9rica do Sul | Patriarcado Ecum\u00eanico\",\"alternateName\":\"News Ecclesia Brasil\",\"url\":\"https:\\\/\\\/news.ecclesia.org.br\\\/\",\"logo\":{\"@type\":\"ImageObject\",\"inLanguage\":\"pt-BR\",\"@id\":\"https:\\\/\\\/news.ecclesia.org.br\\\/#\\\/schema\\\/logo\\\/image\\\/\",\"url\":\"https:\\\/\\\/news.ecclesia.org.br\\\/wp-content\\\/uploads\\\/2025\\\/05\\\/ecclesia2.png\",\"contentUrl\":\"https:\\\/\\\/news.ecclesia.org.br\\\/wp-content\\\/uploads\\\/2025\\\/05\\\/ecclesia2.png\",\"width\":480,\"height\":120,\"caption\":\"Sacra Arquidiocese de Buenos Aires e Am\u00e9rica do Sul | Patriarcado Ecum\u00eanico\"},\"image\":{\"@id\":\"https:\\\/\\\/news.ecclesia.org.br\\\/#\\\/schema\\\/logo\\\/image\\\/\"},\"sameAs\":[\"https:\\\/\\\/www.facebook.com\\\/Ecclesia2025\",\"https:\\\/\\\/x.com\\\/EcclesiaNews\",\"https:\\\/\\\/br.pinterest.com\\\/ekklisia\\\/\",\"https:\\\/\\\/www.youtube.com\\\/@EcclesiaBrasil\"]},{\"@type\":\"Person\",\"@id\":\"https:\\\/\\\/news.ecclesia.org.br\\\/#\\\/schema\\\/person\\\/6f09597f025829745ba414a569f63758\",\"name\":\"Pe. Andr\u00e9\",\"image\":{\"@type\":\"ImageObject\",\"inLanguage\":\"pt-BR\",\"@id\":\"https:\\\/\\\/secure.gravatar.com\\\/avatar\\\/b4327cfa27e9799da239a26adcd534fc29cdc0c4a4a148eecbcfeb9b42c617ac?s=96&d=mm&r=g\",\"url\":\"https:\\\/\\\/secure.gravatar.com\\\/avatar\\\/b4327cfa27e9799da239a26adcd534fc29cdc0c4a4a148eecbcfeb9b42c617ac?s=96&d=mm&r=g\",\"contentUrl\":\"https:\\\/\\\/secure.gravatar.com\\\/avatar\\\/b4327cfa27e9799da239a26adcd534fc29cdc0c4a4a148eecbcfeb9b42c617ac?s=96&d=mm&r=g\",\"caption\":\"Pe. Andr\u00e9\"},\"sameAs\":[\"https:\\\/\\\/www.ecclesia.org.br\"]}]}<\/script>\n<!-- \/ Yoast SEO plugin. -->","yoast_head_json":{"title":"R\u00fassia: Igreja Ortodoxa sugere medidas para reduzir abortos | ECCLESIA NEWS","robots":{"index":"index","follow":"follow","max-snippet":"max-snippet:-1","max-image-preview":"max-image-preview:large","max-video-preview":"max-video-preview:-1"},"canonical":"https:\/\/news.ecclesia.org.br\/?p=5501","og_locale":"pt_BR","og_type":"article","og_title":"R\u00fassia: Igreja Ortodoxa sugere medidas para reduzir abortos | ECCLESIA NEWS","og_description":"Prop\u00f5e que n\u00e3o sejam feitos com dinheiro p\u00fablico, exceto em casos extremos Por Paul de Maeyer Em vista de uma reuni\u00e3o do Conselho de Estado (\u00f3rg\u00e3o consultivo presidido por Dimitri Medvedez), o Patriarca de Moscou, Cirillo I, entregou, no dia&#8230;","og_url":"https:\/\/news.ecclesia.org.br\/?p=5501","og_site_name":"ECCLESIA NEWS","article_publisher":"https:\/\/www.facebook.com\/Ecclesia2025","article_published_time":"2011-01-22T18:17:57+00:00","article_modified_time":"2016-03-18T14:16:48+00:00","og_image":[{"width":577,"height":476,"url":"https:\/\/news.ecclesia.org.br\/wp-content\/uploads\/2012\/12\/aborto.jpg","type":"image\/jpeg"}],"author":"Pe. Andr\u00e9","twitter_card":"summary_large_image","twitter_creator":"@EcclesiaNews","twitter_site":"@EcclesiaNews","twitter_misc":{"Escrito por":"Pe. Andr\u00e9","Est. tempo de leitura":"5 minutos"},"schema":{"@context":"https:\/\/schema.org","@graph":[{"@type":"Article","@id":"https:\/\/news.ecclesia.org.br\/?p=5501#article","isPartOf":{"@id":"https:\/\/news.ecclesia.org.br\/?p=5501"},"author":{"name":"Pe. Andr\u00e9","@id":"https:\/\/news.ecclesia.org.br\/#\/schema\/person\/6f09597f025829745ba414a569f63758"},"headline":"R\u00fassia: Igreja Ortodoxa sugere medidas para reduzir abortos","datePublished":"2011-01-22T18:17:57+00:00","dateModified":"2016-03-18T14:16:48+00:00","mainEntityOfPage":{"@id":"https:\/\/news.ecclesia.org.br\/?p=5501"},"wordCount":1099,"commentCount":0,"publisher":{"@id":"https:\/\/news.ecclesia.org.br\/#organization"},"image":{"@id":"https:\/\/news.ecclesia.org.br\/?p=5501#primaryimage"},"thumbnailUrl":"https:\/\/news.ecclesia.org.br\/wp-content\/uploads\/2012\/12\/aborto.jpg","articleSection":["NEWS"],"inLanguage":"pt-BR","potentialAction":[{"@type":"CommentAction","name":"Comment","target":["https:\/\/news.ecclesia.org.br\/?p=5501#respond"]}]},{"@type":"WebPage","@id":"https:\/\/news.ecclesia.org.br\/?p=5501","url":"https:\/\/news.ecclesia.org.br\/?p=5501","name":"R\u00fassia: Igreja Ortodoxa sugere medidas para reduzir abortos | ECCLESIA NEWS","isPartOf":{"@id":"https:\/\/news.ecclesia.org.br\/#website"},"primaryImageOfPage":{"@id":"https:\/\/news.ecclesia.org.br\/?p=5501#primaryimage"},"image":{"@id":"https:\/\/news.ecclesia.org.br\/?p=5501#primaryimage"},"thumbnailUrl":"https:\/\/news.ecclesia.org.br\/wp-content\/uploads\/2012\/12\/aborto.jpg","datePublished":"2011-01-22T18:17:57+00:00","dateModified":"2016-03-18T14:16:48+00:00","breadcrumb":{"@id":"https:\/\/news.ecclesia.org.br\/?p=5501#breadcrumb"},"inLanguage":"pt-BR","potentialAction":[{"@type":"ReadAction","target":["https:\/\/news.ecclesia.org.br\/?p=5501"]}]},{"@type":"ImageObject","inLanguage":"pt-BR","@id":"https:\/\/news.ecclesia.org.br\/?p=5501#primaryimage","url":"https:\/\/news.ecclesia.org.br\/wp-content\/uploads\/2012\/12\/aborto.jpg","contentUrl":"https:\/\/news.ecclesia.org.br\/wp-content\/uploads\/2012\/12\/aborto.jpg","width":577,"height":476},{"@type":"BreadcrumbList","@id":"https:\/\/news.ecclesia.org.br\/?p=5501#breadcrumb","itemListElement":[{"@type":"ListItem","position":1,"name":"In\u00edcio","item":"https:\/\/news.ecclesia.org.br\/"},{"@type":"ListItem","position":2,"name":"R\u00fassia: Igreja Ortodoxa sugere medidas para reduzir abortos"}]},{"@type":"WebSite","@id":"https:\/\/news.ecclesia.org.br\/#website","url":"https:\/\/news.ecclesia.org.br\/","name":"Ecclesia Brasil","description":"Desde 2003 onectando o Brasil ao mundo ortodoxo!","publisher":{"@id":"https:\/\/news.ecclesia.org.br\/#organization"},"alternateName":"Ecclesia","potentialAction":[{"@type":"SearchAction","target":{"@type":"EntryPoint","urlTemplate":"https:\/\/news.ecclesia.org.br\/?s={search_term_string}"},"query-input":{"@type":"PropertyValueSpecification","valueRequired":true,"valueName":"search_term_string"}}],"inLanguage":"pt-BR"},{"@type":"Organization","@id":"https:\/\/news.ecclesia.org.br\/#organization","name":"Sacra Arquidiocese de Buenos Aires e Am\u00e9rica do Sul | Patriarcado Ecum\u00eanico","alternateName":"News Ecclesia Brasil","url":"https:\/\/news.ecclesia.org.br\/","logo":{"@type":"ImageObject","inLanguage":"pt-BR","@id":"https:\/\/news.ecclesia.org.br\/#\/schema\/logo\/image\/","url":"https:\/\/news.ecclesia.org.br\/wp-content\/uploads\/2025\/05\/ecclesia2.png","contentUrl":"https:\/\/news.ecclesia.org.br\/wp-content\/uploads\/2025\/05\/ecclesia2.png","width":480,"height":120,"caption":"Sacra Arquidiocese de Buenos Aires e Am\u00e9rica do Sul | Patriarcado Ecum\u00eanico"},"image":{"@id":"https:\/\/news.ecclesia.org.br\/#\/schema\/logo\/image\/"},"sameAs":["https:\/\/www.facebook.com\/Ecclesia2025","https:\/\/x.com\/EcclesiaNews","https:\/\/br.pinterest.com\/ekklisia\/","https:\/\/www.youtube.com\/@EcclesiaBrasil"]},{"@type":"Person","@id":"https:\/\/news.ecclesia.org.br\/#\/schema\/person\/6f09597f025829745ba414a569f63758","name":"Pe. Andr\u00e9","image":{"@type":"ImageObject","inLanguage":"pt-BR","@id":"https:\/\/secure.gravatar.com\/avatar\/b4327cfa27e9799da239a26adcd534fc29cdc0c4a4a148eecbcfeb9b42c617ac?s=96&d=mm&r=g","url":"https:\/\/secure.gravatar.com\/avatar\/b4327cfa27e9799da239a26adcd534fc29cdc0c4a4a148eecbcfeb9b42c617ac?s=96&d=mm&r=g","contentUrl":"https:\/\/secure.gravatar.com\/avatar\/b4327cfa27e9799da239a26adcd534fc29cdc0c4a4a148eecbcfeb9b42c617ac?s=96&d=mm&r=g","caption":"Pe. Andr\u00e9"},"sameAs":["https:\/\/www.ecclesia.org.br"]}]}},"_links":{"self":[{"href":"https:\/\/news.ecclesia.org.br\/index.php?rest_route=\/wp\/v2\/posts\/5501","targetHints":{"allow":["GET"]}}],"collection":[{"href":"https:\/\/news.ecclesia.org.br\/index.php?rest_route=\/wp\/v2\/posts"}],"about":[{"href":"https:\/\/news.ecclesia.org.br\/index.php?rest_route=\/wp\/v2\/types\/post"}],"author":[{"embeddable":true,"href":"https:\/\/news.ecclesia.org.br\/index.php?rest_route=\/wp\/v2\/users\/1"}],"replies":[{"embeddable":true,"href":"https:\/\/news.ecclesia.org.br\/index.php?rest_route=%2Fwp%2Fv2%2Fcomments&post=5501"}],"version-history":[{"count":0,"href":"https:\/\/news.ecclesia.org.br\/index.php?rest_route=\/wp\/v2\/posts\/5501\/revisions"}],"wp:featuredmedia":[{"embeddable":true,"href":"https:\/\/news.ecclesia.org.br\/index.php?rest_route=\/wp\/v2\/media\/11899"}],"wp:attachment":[{"href":"https:\/\/news.ecclesia.org.br\/index.php?rest_route=%2Fwp%2Fv2%2Fmedia&parent=5501"}],"wp:term":[{"taxonomy":"category","embeddable":true,"href":"https:\/\/news.ecclesia.org.br\/index.php?rest_route=%2Fwp%2Fv2%2Fcategories&post=5501"},{"taxonomy":"post_tag","embeddable":true,"href":"https:\/\/news.ecclesia.org.br\/index.php?rest_route=%2Fwp%2Fv2%2Ftags&post=5501"}],"curies":[{"name":"wp","href":"https:\/\/api.w.org\/{rel}","templated":true}]}}