{"id":5496,"date":"2011-01-16T23:30:19","date_gmt":"2011-01-17T01:30:19","guid":{"rendered":"http:\/\/www.ecclesia.com.br\/news\/?p=5496"},"modified":"2016-03-18T14:20:20","modified_gmt":"2016-03-18T14:20:20","slug":"o-fundamentalismo-anti-cristao-da-comissao-europeia","status":"publish","type":"post","link":"https:\/\/news.ecclesia.org.br\/?p=5496","title":{"rendered":"O fundamentalismo anti-crist\u00e3o da Comiss\u00e3o Europeia"},"content":{"rendered":"<p style=\"text-align: justify;\">Mais um passo para a proscri\u00e7\u00e3o do Cristianismo na Europa<\/p>\n<p style=\"text-align: justify;\"><strong>A Agenda Escolar que acaba de lan\u00e7ar a Uni\u00e3o Europeia omite intencionalmente todas as festas crist\u00e3s &#8212; incluindo o Natal &#8212; e introduz festas dos calend\u00e1rios mu\u00e7ulmano, sikh ou hindu, que nunca tiveram express\u00e3o entre n\u00f3s. Com esta medida facciosa e fundamentalista, a Comiss\u00e3o Europeia d\u00e1 assim mais um passo importante para a proscri\u00e7\u00e3o do Cristianismo no seu pr\u00f3prio territ\u00f3rio.<\/strong><\/p>\n<p style=\"text-align: justify;\"><strong><img fetchpriority=\"high\" decoding=\"async\" class=\"alignleft size-full wp-image-5931\" src=\"https:\/\/news.ecclesia.org.br\/2013\/wp-content\/uploads\/2011\/01\/agenda-europeia.jpg\" alt=\"agenda-europeia\" width=\"320\" height=\"240\" srcset=\"https:\/\/news.ecclesia.org.br\/wp-content\/uploads\/2011\/01\/agenda-europeia.jpg 320w, https:\/\/news.ecclesia.org.br\/wp-content\/uploads\/2011\/01\/agenda-europeia-300x225.jpg 300w, https:\/\/news.ecclesia.org.br\/wp-content\/uploads\/2011\/01\/agenda-europeia-73x55.jpg 73w\" sizes=\"(max-width: 320px) 100vw, 320px\" \/>A Agenda Escolar da Uni\u00e3o Europeia omite o Natal e outras festas crist\u00e3s, propondo a celebra\u00e7\u00e3o do Baisakhi-Day dos sikh, do Yom Kippur judeu, do Janm\u00e2shtami hindu e do A\u00efd-el-K\u00e9bir mu\u00e7ulmano.<\/strong><\/p>\n<p style=\"text-align: justify;\">ESTRASBURGO, 14 Jan. 2011 \/ 08:10 (<a href=\"http:\/\/www.aciprensa.com\/\" target=\"_blank\">ACI<\/a>) &#8211; A Comiss\u00e3o Europeia lan\u00e7ou uma agenda escolar para o ano 2011-2012 na qual\u00a0<strong>omite todas as festas crist\u00e3s<\/strong>, incluindo o Natal mas integrando festas importantes dos calend\u00e1rios judeu e mu\u00e7ulmano.\u00a0A Uni\u00e3o Europeia (UE) mandou imprimir tr\u00eas milh\u00f5es de exemplares desta agenda que se distribui gratuitamente aos professores para que eles a divulguem entre os seus alunos. Para obt\u00ea-la, basta pedi-la.\u00a0Sobre isto, a pol\u00edtica francesa, ex-ministra e consultora do Pontif\u00edcio Conselho para a Fam\u00edlia, Christine Boutin, disse no passado dia 11 de Janeiro que a agenda simplesmente descarta o cristianismo, &#8220;a religi\u00e3o praticada ou reconhecida como\u00a0<strong>formadora da estrtura cultural do nosso &#8216;velho&#8217; continente<\/strong>&#8220;. \u00a0Para a tamb\u00e9m presidente do Partido Crist\u00e3o-Democrata (PCD) na Fran\u00e7a, o cristianismo &#8220;simplesmente desapareu das arcas da tecnocracia de Bruxelas (sede da UE) para<strong> cair nos limbos da ignor\u00e2ncia coletiva<\/strong>&#8220;.\u00a0Boutin denuncia al\u00e9m disso que esta agenda prop\u00f5e &#8220;celebrar o Baisakhi-Day dos sikh, o Yom Kippur judeu, o Janm\u00e2shtami hindu e o A\u00efd-el-K\u00e9bir mu\u00e7ulmano,\u00a0<strong>mas n\u00e3o o Natal<\/strong>&#8220;.\u00a0Sobre este inaceit\u00e1vel &#8220;esquecimento&#8221; o PCD lan\u00e7ou uma peti\u00e7\u00e3o \u00e0 UE para que a agenda, na sua vers\u00e3o atual, n\u00e3o seja distribu\u00edda e para que a vers\u00e3o que for entregue \u00e0s crian\u00e7as e jovens mencione explicitamente as festas crist\u00e3s.\u00a0Este grupo explica que &#8220;<strong>o papel da religi\u00e3o crist\u00e3 na forma\u00e7\u00e3o da Europa \u00e9 um fato hist\u00f3rico ineg\u00e1vel<\/strong>&#8221; que a UE n\u00e3o pode ignorar, pois isso seria &#8220;instruir os jovens negando uma religi\u00e3o que contribuiu muito para a sua constru\u00e7\u00e3o e unidade&#8221;.\u00a0Na peti\u00e7\u00e3o, tamb\u00e9m assinalam &#8220;<strong>a religi\u00e3o crist\u00e3 \u00e9 a primera das religi\u00f5es da Europa<\/strong>. Portanto,\u00a0<strong>\u00e9 impens\u00e1vel neg\u00e1-la, uma vez que se reveste de uma import\u00e2ncia fundamental na vida de todos<\/strong>&#8220;.<\/p>\n<p style=\"text-align: justify;\">Para se unir a esta peti\u00e7\u00e3o (em franc\u00eas e ingl\u00eas) pode ir a: <a href=\"http:\/\/www.agendaeurope.fr\" target=\"_blank\">http:\/\/www.agendaeurope.fr<\/a>\/.\u00a0Leia tamb\u00e9m (em ingl\u00eas): &#8220;<a href=\"http:\/\/www.jihadwatch.org\/2011\/01\/eu-sends-out-millions-of-diaries-to-schools-listing-muslim-holidays-but-omitting-christmas-and-easte.html\" target=\"_blank\"><strong>EU sends out millions of diaries to schools listing Muslim holidays but omitting Christmas and Easter<\/strong><\/a>&#8221; [A Uni\u00e3o Europeia distribui milh\u00f5es de agendas \u00e0s escolas, referindo os feriados mu\u00e7ulmanos mas omitindo o Natal e a P\u00e1scoa]<\/p>\n","protected":false},"excerpt":{"rendered":"<p>Mais um passo para a proscri\u00e7\u00e3o do Cristianismo na Europa A Agenda Escolar que acaba de lan\u00e7ar a Uni\u00e3o Europeia omite intencionalmente todas as festas crist\u00e3s &#8212; incluindo o Natal &#8212; e introduz festas dos calend\u00e1rios mu\u00e7ulmano, sikh ou hindu,&#8230;<\/p>\n","protected":false},"author":1,"featured_media":5931,"comment_status":"open","ping_status":"open","sticky":false,"template":"","format":"standard","meta":{"_acf_changed":false,"footnotes":""},"categories":[1],"tags":[],"class_list":["post-5496","post","type-post","status-publish","format-standard","has-post-thumbnail","hentry","category-news","entry","rows-excerpt"],"acf":[],"yoast_head":"<!-- This site is optimized with the Yoast SEO plugin v27.5 - https:\/\/yoast.com\/product\/yoast-seo-wordpress\/ -->\n<title>O fundamentalismo anti-crist\u00e3o da Comiss\u00e3o Europeia | ECCLESIA NEWS<\/title>\n<meta name=\"robots\" content=\"index, follow, max-snippet:-1, max-image-preview:large, max-video-preview:-1\" \/>\n<link rel=\"canonical\" href=\"https:\/\/news.ecclesia.org.br\/?p=5496\" \/>\n<meta property=\"og:locale\" content=\"pt_BR\" \/>\n<meta property=\"og:type\" content=\"article\" \/>\n<meta property=\"og:title\" content=\"O fundamentalismo anti-crist\u00e3o da Comiss\u00e3o Europeia | ECCLESIA NEWS\" \/>\n<meta property=\"og:description\" content=\"Mais um passo para a proscri\u00e7\u00e3o do Cristianismo na Europa A Agenda Escolar que acaba de lan\u00e7ar a Uni\u00e3o Europeia omite intencionalmente todas as festas crist\u00e3s &#8212; incluindo o Natal &#8212; e introduz festas dos calend\u00e1rios mu\u00e7ulmano, sikh ou hindu,&#8230;\" \/>\n<meta property=\"og:url\" content=\"https:\/\/news.ecclesia.org.br\/?p=5496\" \/>\n<meta property=\"og:site_name\" content=\"ECCLESIA NEWS\" \/>\n<meta property=\"article:publisher\" content=\"https:\/\/www.facebook.com\/Ecclesia2025\" \/>\n<meta property=\"article:published_time\" content=\"2011-01-17T01:30:19+00:00\" \/>\n<meta property=\"article:modified_time\" content=\"2016-03-18T14:20:20+00:00\" \/>\n<meta property=\"og:image\" content=\"https:\/\/news.ecclesia.org.br\/wp-content\/uploads\/2011\/01\/agenda-europeia.jpg\" \/>\n\t<meta property=\"og:image:width\" content=\"320\" \/>\n\t<meta property=\"og:image:height\" content=\"240\" \/>\n\t<meta property=\"og:image:type\" content=\"image\/jpeg\" \/>\n<meta name=\"author\" content=\"Pe. Andr\u00e9\" \/>\n<meta name=\"twitter:card\" content=\"summary_large_image\" \/>\n<meta name=\"twitter:creator\" content=\"@EcclesiaNews\" \/>\n<meta name=\"twitter:site\" content=\"@EcclesiaNews\" \/>\n<meta name=\"twitter:label1\" content=\"Escrito por\" \/>\n\t<meta name=\"twitter:data1\" content=\"Pe. Andr\u00e9\" \/>\n\t<meta name=\"twitter:label2\" content=\"Est. tempo de leitura\" \/>\n\t<meta name=\"twitter:data2\" content=\"3 minutos\" \/>\n<script type=\"application\/ld+json\" class=\"yoast-schema-graph\">{\"@context\":\"https:\\\/\\\/schema.org\",\"@graph\":[{\"@type\":\"Article\",\"@id\":\"https:\\\/\\\/news.ecclesia.org.br\\\/?p=5496#article\",\"isPartOf\":{\"@id\":\"https:\\\/\\\/news.ecclesia.org.br\\\/?p=5496\"},\"author\":{\"name\":\"Pe. Andr\u00e9\",\"@id\":\"https:\\\/\\\/news.ecclesia.org.br\\\/#\\\/schema\\\/person\\\/6f09597f025829745ba414a569f63758\"},\"headline\":\"O fundamentalismo anti-crist\u00e3o da Comiss\u00e3o Europeia\",\"datePublished\":\"2011-01-17T01:30:19+00:00\",\"dateModified\":\"2016-03-18T14:20:20+00:00\",\"mainEntityOfPage\":{\"@id\":\"https:\\\/\\\/news.ecclesia.org.br\\\/?p=5496\"},\"wordCount\":515,\"commentCount\":0,\"publisher\":{\"@id\":\"https:\\\/\\\/news.ecclesia.org.br\\\/#organization\"},\"image\":{\"@id\":\"https:\\\/\\\/news.ecclesia.org.br\\\/?p=5496#primaryimage\"},\"thumbnailUrl\":\"https:\\\/\\\/news.ecclesia.org.br\\\/wp-content\\\/uploads\\\/2011\\\/01\\\/agenda-europeia.jpg\",\"articleSection\":[\"NEWS\"],\"inLanguage\":\"pt-BR\",\"potentialAction\":[{\"@type\":\"CommentAction\",\"name\":\"Comment\",\"target\":[\"https:\\\/\\\/news.ecclesia.org.br\\\/?p=5496#respond\"]}]},{\"@type\":\"WebPage\",\"@id\":\"https:\\\/\\\/news.ecclesia.org.br\\\/?p=5496\",\"url\":\"https:\\\/\\\/news.ecclesia.org.br\\\/?p=5496\",\"name\":\"O fundamentalismo anti-crist\u00e3o da Comiss\u00e3o Europeia | ECCLESIA NEWS\",\"isPartOf\":{\"@id\":\"https:\\\/\\\/news.ecclesia.org.br\\\/#website\"},\"primaryImageOfPage\":{\"@id\":\"https:\\\/\\\/news.ecclesia.org.br\\\/?p=5496#primaryimage\"},\"image\":{\"@id\":\"https:\\\/\\\/news.ecclesia.org.br\\\/?p=5496#primaryimage\"},\"thumbnailUrl\":\"https:\\\/\\\/news.ecclesia.org.br\\\/wp-content\\\/uploads\\\/2011\\\/01\\\/agenda-europeia.jpg\",\"datePublished\":\"2011-01-17T01:30:19+00:00\",\"dateModified\":\"2016-03-18T14:20:20+00:00\",\"breadcrumb\":{\"@id\":\"https:\\\/\\\/news.ecclesia.org.br\\\/?p=5496#breadcrumb\"},\"inLanguage\":\"pt-BR\",\"potentialAction\":[{\"@type\":\"ReadAction\",\"target\":[\"https:\\\/\\\/news.ecclesia.org.br\\\/?p=5496\"]}]},{\"@type\":\"ImageObject\",\"inLanguage\":\"pt-BR\",\"@id\":\"https:\\\/\\\/news.ecclesia.org.br\\\/?p=5496#primaryimage\",\"url\":\"https:\\\/\\\/news.ecclesia.org.br\\\/wp-content\\\/uploads\\\/2011\\\/01\\\/agenda-europeia.jpg\",\"contentUrl\":\"https:\\\/\\\/news.ecclesia.org.br\\\/wp-content\\\/uploads\\\/2011\\\/01\\\/agenda-europeia.jpg\",\"width\":320,\"height\":240},{\"@type\":\"BreadcrumbList\",\"@id\":\"https:\\\/\\\/news.ecclesia.org.br\\\/?p=5496#breadcrumb\",\"itemListElement\":[{\"@type\":\"ListItem\",\"position\":1,\"name\":\"In\u00edcio\",\"item\":\"https:\\\/\\\/news.ecclesia.org.br\\\/\"},{\"@type\":\"ListItem\",\"position\":2,\"name\":\"O fundamentalismo anti-crist\u00e3o da Comiss\u00e3o Europeia\"}]},{\"@type\":\"WebSite\",\"@id\":\"https:\\\/\\\/news.ecclesia.org.br\\\/#website\",\"url\":\"https:\\\/\\\/news.ecclesia.org.br\\\/\",\"name\":\"Ecclesia Brasil\",\"description\":\"Desde 2003 onectando o Brasil ao mundo ortodoxo!\",\"publisher\":{\"@id\":\"https:\\\/\\\/news.ecclesia.org.br\\\/#organization\"},\"alternateName\":\"Ecclesia\",\"potentialAction\":[{\"@type\":\"SearchAction\",\"target\":{\"@type\":\"EntryPoint\",\"urlTemplate\":\"https:\\\/\\\/news.ecclesia.org.br\\\/?s={search_term_string}\"},\"query-input\":{\"@type\":\"PropertyValueSpecification\",\"valueRequired\":true,\"valueName\":\"search_term_string\"}}],\"inLanguage\":\"pt-BR\"},{\"@type\":\"Organization\",\"@id\":\"https:\\\/\\\/news.ecclesia.org.br\\\/#organization\",\"name\":\"Sacra Arquidiocese de Buenos Aires e Am\u00e9rica do Sul | Patriarcado Ecum\u00eanico\",\"alternateName\":\"News Ecclesia Brasil\",\"url\":\"https:\\\/\\\/news.ecclesia.org.br\\\/\",\"logo\":{\"@type\":\"ImageObject\",\"inLanguage\":\"pt-BR\",\"@id\":\"https:\\\/\\\/news.ecclesia.org.br\\\/#\\\/schema\\\/logo\\\/image\\\/\",\"url\":\"https:\\\/\\\/news.ecclesia.org.br\\\/wp-content\\\/uploads\\\/2025\\\/05\\\/ecclesia2.png\",\"contentUrl\":\"https:\\\/\\\/news.ecclesia.org.br\\\/wp-content\\\/uploads\\\/2025\\\/05\\\/ecclesia2.png\",\"width\":480,\"height\":120,\"caption\":\"Sacra Arquidiocese de Buenos Aires e Am\u00e9rica do Sul | Patriarcado Ecum\u00eanico\"},\"image\":{\"@id\":\"https:\\\/\\\/news.ecclesia.org.br\\\/#\\\/schema\\\/logo\\\/image\\\/\"},\"sameAs\":[\"https:\\\/\\\/www.facebook.com\\\/Ecclesia2025\",\"https:\\\/\\\/x.com\\\/EcclesiaNews\",\"https:\\\/\\\/br.pinterest.com\\\/ekklisia\\\/\",\"https:\\\/\\\/www.youtube.com\\\/@EcclesiaBrasil\"]},{\"@type\":\"Person\",\"@id\":\"https:\\\/\\\/news.ecclesia.org.br\\\/#\\\/schema\\\/person\\\/6f09597f025829745ba414a569f63758\",\"name\":\"Pe. Andr\u00e9\",\"image\":{\"@type\":\"ImageObject\",\"inLanguage\":\"pt-BR\",\"@id\":\"https:\\\/\\\/secure.gravatar.com\\\/avatar\\\/b4327cfa27e9799da239a26adcd534fc29cdc0c4a4a148eecbcfeb9b42c617ac?s=96&d=mm&r=g\",\"url\":\"https:\\\/\\\/secure.gravatar.com\\\/avatar\\\/b4327cfa27e9799da239a26adcd534fc29cdc0c4a4a148eecbcfeb9b42c617ac?s=96&d=mm&r=g\",\"contentUrl\":\"https:\\\/\\\/secure.gravatar.com\\\/avatar\\\/b4327cfa27e9799da239a26adcd534fc29cdc0c4a4a148eecbcfeb9b42c617ac?s=96&d=mm&r=g\",\"caption\":\"Pe. Andr\u00e9\"},\"sameAs\":[\"https:\\\/\\\/www.ecclesia.org.br\"]}]}<\/script>\n<!-- \/ Yoast SEO plugin. -->","yoast_head_json":{"title":"O fundamentalismo anti-crist\u00e3o da Comiss\u00e3o Europeia | ECCLESIA NEWS","robots":{"index":"index","follow":"follow","max-snippet":"max-snippet:-1","max-image-preview":"max-image-preview:large","max-video-preview":"max-video-preview:-1"},"canonical":"https:\/\/news.ecclesia.org.br\/?p=5496","og_locale":"pt_BR","og_type":"article","og_title":"O fundamentalismo anti-crist\u00e3o da Comiss\u00e3o Europeia | ECCLESIA NEWS","og_description":"Mais um passo para a proscri\u00e7\u00e3o do Cristianismo na Europa A Agenda Escolar que acaba de lan\u00e7ar a Uni\u00e3o Europeia omite intencionalmente todas as festas crist\u00e3s &#8212; incluindo o Natal &#8212; e introduz festas dos calend\u00e1rios mu\u00e7ulmano, sikh ou hindu,&#8230;","og_url":"https:\/\/news.ecclesia.org.br\/?p=5496","og_site_name":"ECCLESIA NEWS","article_publisher":"https:\/\/www.facebook.com\/Ecclesia2025","article_published_time":"2011-01-17T01:30:19+00:00","article_modified_time":"2016-03-18T14:20:20+00:00","og_image":[{"width":320,"height":240,"url":"https:\/\/news.ecclesia.org.br\/wp-content\/uploads\/2011\/01\/agenda-europeia.jpg","type":"image\/jpeg"}],"author":"Pe. Andr\u00e9","twitter_card":"summary_large_image","twitter_creator":"@EcclesiaNews","twitter_site":"@EcclesiaNews","twitter_misc":{"Escrito por":"Pe. Andr\u00e9","Est. tempo de leitura":"3 minutos"},"schema":{"@context":"https:\/\/schema.org","@graph":[{"@type":"Article","@id":"https:\/\/news.ecclesia.org.br\/?p=5496#article","isPartOf":{"@id":"https:\/\/news.ecclesia.org.br\/?p=5496"},"author":{"name":"Pe. Andr\u00e9","@id":"https:\/\/news.ecclesia.org.br\/#\/schema\/person\/6f09597f025829745ba414a569f63758"},"headline":"O fundamentalismo anti-crist\u00e3o da Comiss\u00e3o Europeia","datePublished":"2011-01-17T01:30:19+00:00","dateModified":"2016-03-18T14:20:20+00:00","mainEntityOfPage":{"@id":"https:\/\/news.ecclesia.org.br\/?p=5496"},"wordCount":515,"commentCount":0,"publisher":{"@id":"https:\/\/news.ecclesia.org.br\/#organization"},"image":{"@id":"https:\/\/news.ecclesia.org.br\/?p=5496#primaryimage"},"thumbnailUrl":"https:\/\/news.ecclesia.org.br\/wp-content\/uploads\/2011\/01\/agenda-europeia.jpg","articleSection":["NEWS"],"inLanguage":"pt-BR","potentialAction":[{"@type":"CommentAction","name":"Comment","target":["https:\/\/news.ecclesia.org.br\/?p=5496#respond"]}]},{"@type":"WebPage","@id":"https:\/\/news.ecclesia.org.br\/?p=5496","url":"https:\/\/news.ecclesia.org.br\/?p=5496","name":"O fundamentalismo anti-crist\u00e3o da Comiss\u00e3o Europeia | ECCLESIA NEWS","isPartOf":{"@id":"https:\/\/news.ecclesia.org.br\/#website"},"primaryImageOfPage":{"@id":"https:\/\/news.ecclesia.org.br\/?p=5496#primaryimage"},"image":{"@id":"https:\/\/news.ecclesia.org.br\/?p=5496#primaryimage"},"thumbnailUrl":"https:\/\/news.ecclesia.org.br\/wp-content\/uploads\/2011\/01\/agenda-europeia.jpg","datePublished":"2011-01-17T01:30:19+00:00","dateModified":"2016-03-18T14:20:20+00:00","breadcrumb":{"@id":"https:\/\/news.ecclesia.org.br\/?p=5496#breadcrumb"},"inLanguage":"pt-BR","potentialAction":[{"@type":"ReadAction","target":["https:\/\/news.ecclesia.org.br\/?p=5496"]}]},{"@type":"ImageObject","inLanguage":"pt-BR","@id":"https:\/\/news.ecclesia.org.br\/?p=5496#primaryimage","url":"https:\/\/news.ecclesia.org.br\/wp-content\/uploads\/2011\/01\/agenda-europeia.jpg","contentUrl":"https:\/\/news.ecclesia.org.br\/wp-content\/uploads\/2011\/01\/agenda-europeia.jpg","width":320,"height":240},{"@type":"BreadcrumbList","@id":"https:\/\/news.ecclesia.org.br\/?p=5496#breadcrumb","itemListElement":[{"@type":"ListItem","position":1,"name":"In\u00edcio","item":"https:\/\/news.ecclesia.org.br\/"},{"@type":"ListItem","position":2,"name":"O fundamentalismo anti-crist\u00e3o da Comiss\u00e3o Europeia"}]},{"@type":"WebSite","@id":"https:\/\/news.ecclesia.org.br\/#website","url":"https:\/\/news.ecclesia.org.br\/","name":"Ecclesia Brasil","description":"Desde 2003 onectando o Brasil ao mundo ortodoxo!","publisher":{"@id":"https:\/\/news.ecclesia.org.br\/#organization"},"alternateName":"Ecclesia","potentialAction":[{"@type":"SearchAction","target":{"@type":"EntryPoint","urlTemplate":"https:\/\/news.ecclesia.org.br\/?s={search_term_string}"},"query-input":{"@type":"PropertyValueSpecification","valueRequired":true,"valueName":"search_term_string"}}],"inLanguage":"pt-BR"},{"@type":"Organization","@id":"https:\/\/news.ecclesia.org.br\/#organization","name":"Sacra Arquidiocese de Buenos Aires e Am\u00e9rica do Sul | Patriarcado Ecum\u00eanico","alternateName":"News Ecclesia Brasil","url":"https:\/\/news.ecclesia.org.br\/","logo":{"@type":"ImageObject","inLanguage":"pt-BR","@id":"https:\/\/news.ecclesia.org.br\/#\/schema\/logo\/image\/","url":"https:\/\/news.ecclesia.org.br\/wp-content\/uploads\/2025\/05\/ecclesia2.png","contentUrl":"https:\/\/news.ecclesia.org.br\/wp-content\/uploads\/2025\/05\/ecclesia2.png","width":480,"height":120,"caption":"Sacra Arquidiocese de Buenos Aires e Am\u00e9rica do Sul | Patriarcado Ecum\u00eanico"},"image":{"@id":"https:\/\/news.ecclesia.org.br\/#\/schema\/logo\/image\/"},"sameAs":["https:\/\/www.facebook.com\/Ecclesia2025","https:\/\/x.com\/EcclesiaNews","https:\/\/br.pinterest.com\/ekklisia\/","https:\/\/www.youtube.com\/@EcclesiaBrasil"]},{"@type":"Person","@id":"https:\/\/news.ecclesia.org.br\/#\/schema\/person\/6f09597f025829745ba414a569f63758","name":"Pe. Andr\u00e9","image":{"@type":"ImageObject","inLanguage":"pt-BR","@id":"https:\/\/secure.gravatar.com\/avatar\/b4327cfa27e9799da239a26adcd534fc29cdc0c4a4a148eecbcfeb9b42c617ac?s=96&d=mm&r=g","url":"https:\/\/secure.gravatar.com\/avatar\/b4327cfa27e9799da239a26adcd534fc29cdc0c4a4a148eecbcfeb9b42c617ac?s=96&d=mm&r=g","contentUrl":"https:\/\/secure.gravatar.com\/avatar\/b4327cfa27e9799da239a26adcd534fc29cdc0c4a4a148eecbcfeb9b42c617ac?s=96&d=mm&r=g","caption":"Pe. Andr\u00e9"},"sameAs":["https:\/\/www.ecclesia.org.br"]}]}},"_links":{"self":[{"href":"https:\/\/news.ecclesia.org.br\/index.php?rest_route=\/wp\/v2\/posts\/5496","targetHints":{"allow":["GET"]}}],"collection":[{"href":"https:\/\/news.ecclesia.org.br\/index.php?rest_route=\/wp\/v2\/posts"}],"about":[{"href":"https:\/\/news.ecclesia.org.br\/index.php?rest_route=\/wp\/v2\/types\/post"}],"author":[{"embeddable":true,"href":"https:\/\/news.ecclesia.org.br\/index.php?rest_route=\/wp\/v2\/users\/1"}],"replies":[{"embeddable":true,"href":"https:\/\/news.ecclesia.org.br\/index.php?rest_route=%2Fwp%2Fv2%2Fcomments&post=5496"}],"version-history":[{"count":0,"href":"https:\/\/news.ecclesia.org.br\/index.php?rest_route=\/wp\/v2\/posts\/5496\/revisions"}],"wp:featuredmedia":[{"embeddable":true,"href":"https:\/\/news.ecclesia.org.br\/index.php?rest_route=\/wp\/v2\/media\/5931"}],"wp:attachment":[{"href":"https:\/\/news.ecclesia.org.br\/index.php?rest_route=%2Fwp%2Fv2%2Fmedia&parent=5496"}],"wp:term":[{"taxonomy":"category","embeddable":true,"href":"https:\/\/news.ecclesia.org.br\/index.php?rest_route=%2Fwp%2Fv2%2Fcategories&post=5496"},{"taxonomy":"post_tag","embeddable":true,"href":"https:\/\/news.ecclesia.org.br\/index.php?rest_route=%2Fwp%2Fv2%2Ftags&post=5496"}],"curies":[{"name":"wp","href":"https:\/\/api.w.org\/{rel}","templated":true}]}}