{"id":5486,"date":"2011-01-07T13:15:53","date_gmt":"2011-01-07T15:15:53","guid":{"rendered":"http:\/\/www.ecclesia.com.br\/news\/?p=5486"},"modified":"2016-03-18T14:26:01","modified_gmt":"2016-03-18T14:26:01","slug":"cristaos-do-oriente-presidente-frances-denuncia-plano-de-depuracao-religiosa","status":"publish","type":"post","link":"https:\/\/news.ecclesia.org.br\/?p=5486","title":{"rendered":"Crist\u00e3os do Oriente: Presidente franc\u00eas denuncia plano de \u00abdepura\u00e7\u00e3o religiosa\u00bb"},"content":{"rendered":"<p style=\"text-align: justify;\"><img fetchpriority=\"high\" decoding=\"async\" class=\"alignleft size-medium wp-image-16446\" src=\"https:\/\/news.ecclesia.org.br\/2013\/wp-content\/uploads\/2011\/01\/Nicolas-Sarkozy-300x199.jpg\" alt=\"Nicolas Sarkozy\" width=\"300\" height=\"199\" srcset=\"https:\/\/news.ecclesia.org.br\/wp-content\/uploads\/2011\/01\/Nicolas-Sarkozy-300x199.jpg 300w, https:\/\/news.ecclesia.org.br\/wp-content\/uploads\/2011\/01\/Nicolas-Sarkozy-83x55.jpg 83w, https:\/\/news.ecclesia.org.br\/wp-content\/uploads\/2011\/01\/Nicolas-Sarkozy-60x40.jpg 60w, https:\/\/news.ecclesia.org.br\/wp-content\/uploads\/2011\/01\/Nicolas-Sarkozy-120x80.jpg 120w, https:\/\/news.ecclesia.org.br\/wp-content\/uploads\/2011\/01\/Nicolas-Sarkozy.jpg 360w\" sizes=\"(max-width: 300px) 100vw, 300px\" \/>LISBOA, Portugal, 07 Jan [<a href=\"http:\/\/www.agencia.ecclesia.pt\" target=\"_blank\">Ecclesia<\/a>] O presidente da Fran\u00e7a, Nicolas Sarkozy, declarou hoje que n\u00e3o admite &#8220;o que se assemelha cada vez mais a um plano particularmente perverso de depura\u00e7\u00e3o religiosa&#8221; no M\u00e9dio Oriente.\u00a0A declara\u00e7\u00e3o do Chefe de Estado, citada pela AFP, segue-se \u00e0s recentes persegui\u00e7\u00f5es e atentados dirigidos \u00e0s comunidades crist\u00e3s daquela regi\u00e3o, nomeadamente os coptas.\u00a0A posi\u00e7\u00e3o de Sarkozy foi proferida durante os votos de ano novo \u00e0s autoridades religiosas do pa\u00eds, \u00e0s quais se juntou excepcionalmente este ano o representante dos coptas em Fran\u00e7a, padre Girguis Lucas.\u00a0A palavra &#8216;copta&#8217; alude \u00e0 cultura herdeira do Egipto dos fara\u00f3s, que \u00e9 conservada nas celebra\u00e7\u00f5es lit\u00fargicas, a par das tradi\u00e7\u00f5es da comunidade judaica de Alexandria.\u00a0A cidade, localizada a 200 km ao norte do Cairo, est\u00e1 entre os primeiros cinco patriarcados do cristianismo e \u00e9 sede da Igreja ortodoxa copta.\u00a0Um atentado com um carro armadilhado perpetrado a 1 de Janeiro junto a uma igreja ortodoxa de Alexandria provocou pelo menos 21 mortes e 79 feridos.\u00a0A Igreja copta ortodoxa de Fran\u00e7a foi institu\u00edda em 1994, vinte anos depois da sua funda\u00e7\u00e3o no pa\u00eds.<\/p>\n","protected":false},"excerpt":{"rendered":"<p>LISBOA, Portugal, 07 Jan [Ecclesia] O presidente da Fran\u00e7a, Nicolas Sarkozy, declarou hoje que n\u00e3o admite &#8220;o que se assemelha cada vez mais a um plano particularmente perverso de depura\u00e7\u00e3o religiosa&#8221; no M\u00e9dio Oriente.\u00a0A declara\u00e7\u00e3o do Chefe de Estado, citada&#8230;<\/p>\n","protected":false},"author":1,"featured_media":16446,"comment_status":"open","ping_status":"open","sticky":false,"template":"","format":"standard","meta":{"_acf_changed":false,"footnotes":""},"categories":[1],"tags":[],"class_list":["post-5486","post","type-post","status-publish","format-standard","has-post-thumbnail","hentry","category-news","entry","rows-excerpt"],"acf":[],"yoast_head":"<!-- This site is optimized with the Yoast SEO plugin v27.5 - https:\/\/yoast.com\/product\/yoast-seo-wordpress\/ -->\n<title>Crist\u00e3os do Oriente: Presidente franc\u00eas denuncia plano de \u00abdepura\u00e7\u00e3o religiosa\u00bb | ECCLESIA NEWS<\/title>\n<meta name=\"robots\" content=\"index, follow, max-snippet:-1, max-image-preview:large, max-video-preview:-1\" \/>\n<link rel=\"canonical\" href=\"https:\/\/news.ecclesia.org.br\/?p=5486\" \/>\n<meta property=\"og:locale\" content=\"pt_BR\" \/>\n<meta property=\"og:type\" content=\"article\" \/>\n<meta property=\"og:title\" content=\"Crist\u00e3os do Oriente: Presidente franc\u00eas denuncia plano de \u00abdepura\u00e7\u00e3o religiosa\u00bb | ECCLESIA NEWS\" \/>\n<meta property=\"og:description\" content=\"LISBOA, Portugal, 07 Jan [Ecclesia] O presidente da Fran\u00e7a, Nicolas Sarkozy, declarou hoje que n\u00e3o admite &#8220;o que se assemelha cada vez mais a um plano particularmente perverso de depura\u00e7\u00e3o religiosa&#8221; no M\u00e9dio Oriente.\u00a0A declara\u00e7\u00e3o do Chefe de Estado, citada&#8230;\" \/>\n<meta property=\"og:url\" content=\"https:\/\/news.ecclesia.org.br\/?p=5486\" \/>\n<meta property=\"og:site_name\" content=\"ECCLESIA NEWS\" \/>\n<meta property=\"article:publisher\" content=\"https:\/\/www.facebook.com\/Ecclesia2025\" \/>\n<meta property=\"article:published_time\" content=\"2011-01-07T15:15:53+00:00\" \/>\n<meta property=\"article:modified_time\" content=\"2016-03-18T14:26:01+00:00\" \/>\n<meta property=\"og:image\" content=\"https:\/\/news.ecclesia.org.br\/wp-content\/uploads\/2011\/01\/Nicolas-Sarkozy.jpg\" \/>\n\t<meta property=\"og:image:width\" content=\"360\" \/>\n\t<meta property=\"og:image:height\" content=\"239\" \/>\n\t<meta property=\"og:image:type\" content=\"image\/jpeg\" \/>\n<meta name=\"author\" content=\"Pe. Andr\u00e9\" \/>\n<meta name=\"twitter:card\" content=\"summary_large_image\" \/>\n<meta name=\"twitter:creator\" content=\"@EcclesiaNews\" \/>\n<meta name=\"twitter:site\" content=\"@EcclesiaNews\" \/>\n<meta name=\"twitter:label1\" content=\"Escrito por\" \/>\n\t<meta name=\"twitter:data1\" content=\"Pe. Andr\u00e9\" \/>\n\t<meta name=\"twitter:label2\" content=\"Est. tempo de leitura\" \/>\n\t<meta name=\"twitter:data2\" content=\"1 minuto\" \/>\n<script type=\"application\/ld+json\" class=\"yoast-schema-graph\">{\"@context\":\"https:\\\/\\\/schema.org\",\"@graph\":[{\"@type\":\"Article\",\"@id\":\"https:\\\/\\\/news.ecclesia.org.br\\\/?p=5486#article\",\"isPartOf\":{\"@id\":\"https:\\\/\\\/news.ecclesia.org.br\\\/?p=5486\"},\"author\":{\"name\":\"Pe. Andr\u00e9\",\"@id\":\"https:\\\/\\\/news.ecclesia.org.br\\\/#\\\/schema\\\/person\\\/6f09597f025829745ba414a569f63758\"},\"headline\":\"Crist\u00e3os do Oriente: Presidente franc\u00eas denuncia plano de \u00abdepura\u00e7\u00e3o religiosa\u00bb\",\"datePublished\":\"2011-01-07T15:15:53+00:00\",\"dateModified\":\"2016-03-18T14:26:01+00:00\",\"mainEntityOfPage\":{\"@id\":\"https:\\\/\\\/news.ecclesia.org.br\\\/?p=5486\"},\"wordCount\":209,\"commentCount\":0,\"publisher\":{\"@id\":\"https:\\\/\\\/news.ecclesia.org.br\\\/#organization\"},\"image\":{\"@id\":\"https:\\\/\\\/news.ecclesia.org.br\\\/?p=5486#primaryimage\"},\"thumbnailUrl\":\"https:\\\/\\\/news.ecclesia.org.br\\\/wp-content\\\/uploads\\\/2011\\\/01\\\/Nicolas-Sarkozy.jpg\",\"articleSection\":[\"NEWS\"],\"inLanguage\":\"pt-BR\",\"potentialAction\":[{\"@type\":\"CommentAction\",\"name\":\"Comment\",\"target\":[\"https:\\\/\\\/news.ecclesia.org.br\\\/?p=5486#respond\"]}]},{\"@type\":\"WebPage\",\"@id\":\"https:\\\/\\\/news.ecclesia.org.br\\\/?p=5486\",\"url\":\"https:\\\/\\\/news.ecclesia.org.br\\\/?p=5486\",\"name\":\"Crist\u00e3os do Oriente: Presidente franc\u00eas denuncia plano de \u00abdepura\u00e7\u00e3o religiosa\u00bb | ECCLESIA NEWS\",\"isPartOf\":{\"@id\":\"https:\\\/\\\/news.ecclesia.org.br\\\/#website\"},\"primaryImageOfPage\":{\"@id\":\"https:\\\/\\\/news.ecclesia.org.br\\\/?p=5486#primaryimage\"},\"image\":{\"@id\":\"https:\\\/\\\/news.ecclesia.org.br\\\/?p=5486#primaryimage\"},\"thumbnailUrl\":\"https:\\\/\\\/news.ecclesia.org.br\\\/wp-content\\\/uploads\\\/2011\\\/01\\\/Nicolas-Sarkozy.jpg\",\"datePublished\":\"2011-01-07T15:15:53+00:00\",\"dateModified\":\"2016-03-18T14:26:01+00:00\",\"breadcrumb\":{\"@id\":\"https:\\\/\\\/news.ecclesia.org.br\\\/?p=5486#breadcrumb\"},\"inLanguage\":\"pt-BR\",\"potentialAction\":[{\"@type\":\"ReadAction\",\"target\":[\"https:\\\/\\\/news.ecclesia.org.br\\\/?p=5486\"]}]},{\"@type\":\"ImageObject\",\"inLanguage\":\"pt-BR\",\"@id\":\"https:\\\/\\\/news.ecclesia.org.br\\\/?p=5486#primaryimage\",\"url\":\"https:\\\/\\\/news.ecclesia.org.br\\\/wp-content\\\/uploads\\\/2011\\\/01\\\/Nicolas-Sarkozy.jpg\",\"contentUrl\":\"https:\\\/\\\/news.ecclesia.org.br\\\/wp-content\\\/uploads\\\/2011\\\/01\\\/Nicolas-Sarkozy.jpg\",\"width\":360,\"height\":239},{\"@type\":\"BreadcrumbList\",\"@id\":\"https:\\\/\\\/news.ecclesia.org.br\\\/?p=5486#breadcrumb\",\"itemListElement\":[{\"@type\":\"ListItem\",\"position\":1,\"name\":\"In\u00edcio\",\"item\":\"https:\\\/\\\/news.ecclesia.org.br\\\/\"},{\"@type\":\"ListItem\",\"position\":2,\"name\":\"Crist\u00e3os do Oriente: Presidente franc\u00eas denuncia plano de \u00abdepura\u00e7\u00e3o religiosa\u00bb\"}]},{\"@type\":\"WebSite\",\"@id\":\"https:\\\/\\\/news.ecclesia.org.br\\\/#website\",\"url\":\"https:\\\/\\\/news.ecclesia.org.br\\\/\",\"name\":\"Ecclesia Brasil\",\"description\":\"Desde 2003 onectando o Brasil ao mundo ortodoxo!\",\"publisher\":{\"@id\":\"https:\\\/\\\/news.ecclesia.org.br\\\/#organization\"},\"alternateName\":\"Ecclesia\",\"potentialAction\":[{\"@type\":\"SearchAction\",\"target\":{\"@type\":\"EntryPoint\",\"urlTemplate\":\"https:\\\/\\\/news.ecclesia.org.br\\\/?s={search_term_string}\"},\"query-input\":{\"@type\":\"PropertyValueSpecification\",\"valueRequired\":true,\"valueName\":\"search_term_string\"}}],\"inLanguage\":\"pt-BR\"},{\"@type\":\"Organization\",\"@id\":\"https:\\\/\\\/news.ecclesia.org.br\\\/#organization\",\"name\":\"Sacra Arquidiocese de Buenos Aires e Am\u00e9rica do Sul | Patriarcado Ecum\u00eanico\",\"alternateName\":\"News Ecclesia Brasil\",\"url\":\"https:\\\/\\\/news.ecclesia.org.br\\\/\",\"logo\":{\"@type\":\"ImageObject\",\"inLanguage\":\"pt-BR\",\"@id\":\"https:\\\/\\\/news.ecclesia.org.br\\\/#\\\/schema\\\/logo\\\/image\\\/\",\"url\":\"https:\\\/\\\/news.ecclesia.org.br\\\/wp-content\\\/uploads\\\/2025\\\/05\\\/ecclesia2.png\",\"contentUrl\":\"https:\\\/\\\/news.ecclesia.org.br\\\/wp-content\\\/uploads\\\/2025\\\/05\\\/ecclesia2.png\",\"width\":480,\"height\":120,\"caption\":\"Sacra Arquidiocese de Buenos Aires e Am\u00e9rica do Sul | Patriarcado Ecum\u00eanico\"},\"image\":{\"@id\":\"https:\\\/\\\/news.ecclesia.org.br\\\/#\\\/schema\\\/logo\\\/image\\\/\"},\"sameAs\":[\"https:\\\/\\\/www.facebook.com\\\/Ecclesia2025\",\"https:\\\/\\\/x.com\\\/EcclesiaNews\",\"https:\\\/\\\/br.pinterest.com\\\/ekklisia\\\/\",\"https:\\\/\\\/www.youtube.com\\\/@EcclesiaBrasil\"]},{\"@type\":\"Person\",\"@id\":\"https:\\\/\\\/news.ecclesia.org.br\\\/#\\\/schema\\\/person\\\/6f09597f025829745ba414a569f63758\",\"name\":\"Pe. Andr\u00e9\",\"image\":{\"@type\":\"ImageObject\",\"inLanguage\":\"pt-BR\",\"@id\":\"https:\\\/\\\/secure.gravatar.com\\\/avatar\\\/b4327cfa27e9799da239a26adcd534fc29cdc0c4a4a148eecbcfeb9b42c617ac?s=96&d=mm&r=g\",\"url\":\"https:\\\/\\\/secure.gravatar.com\\\/avatar\\\/b4327cfa27e9799da239a26adcd534fc29cdc0c4a4a148eecbcfeb9b42c617ac?s=96&d=mm&r=g\",\"contentUrl\":\"https:\\\/\\\/secure.gravatar.com\\\/avatar\\\/b4327cfa27e9799da239a26adcd534fc29cdc0c4a4a148eecbcfeb9b42c617ac?s=96&d=mm&r=g\",\"caption\":\"Pe. Andr\u00e9\"},\"sameAs\":[\"https:\\\/\\\/www.ecclesia.org.br\"]}]}<\/script>\n<!-- \/ Yoast SEO plugin. -->","yoast_head_json":{"title":"Crist\u00e3os do Oriente: Presidente franc\u00eas denuncia plano de \u00abdepura\u00e7\u00e3o religiosa\u00bb | ECCLESIA NEWS","robots":{"index":"index","follow":"follow","max-snippet":"max-snippet:-1","max-image-preview":"max-image-preview:large","max-video-preview":"max-video-preview:-1"},"canonical":"https:\/\/news.ecclesia.org.br\/?p=5486","og_locale":"pt_BR","og_type":"article","og_title":"Crist\u00e3os do Oriente: Presidente franc\u00eas denuncia plano de \u00abdepura\u00e7\u00e3o religiosa\u00bb | ECCLESIA NEWS","og_description":"LISBOA, Portugal, 07 Jan [Ecclesia] O presidente da Fran\u00e7a, Nicolas Sarkozy, declarou hoje que n\u00e3o admite &#8220;o que se assemelha cada vez mais a um plano particularmente perverso de depura\u00e7\u00e3o religiosa&#8221; no M\u00e9dio Oriente.\u00a0A declara\u00e7\u00e3o do Chefe de Estado, citada&#8230;","og_url":"https:\/\/news.ecclesia.org.br\/?p=5486","og_site_name":"ECCLESIA NEWS","article_publisher":"https:\/\/www.facebook.com\/Ecclesia2025","article_published_time":"2011-01-07T15:15:53+00:00","article_modified_time":"2016-03-18T14:26:01+00:00","og_image":[{"width":360,"height":239,"url":"https:\/\/news.ecclesia.org.br\/wp-content\/uploads\/2011\/01\/Nicolas-Sarkozy.jpg","type":"image\/jpeg"}],"author":"Pe. Andr\u00e9","twitter_card":"summary_large_image","twitter_creator":"@EcclesiaNews","twitter_site":"@EcclesiaNews","twitter_misc":{"Escrito por":"Pe. Andr\u00e9","Est. tempo de leitura":"1 minuto"},"schema":{"@context":"https:\/\/schema.org","@graph":[{"@type":"Article","@id":"https:\/\/news.ecclesia.org.br\/?p=5486#article","isPartOf":{"@id":"https:\/\/news.ecclesia.org.br\/?p=5486"},"author":{"name":"Pe. Andr\u00e9","@id":"https:\/\/news.ecclesia.org.br\/#\/schema\/person\/6f09597f025829745ba414a569f63758"},"headline":"Crist\u00e3os do Oriente: Presidente franc\u00eas denuncia plano de \u00abdepura\u00e7\u00e3o religiosa\u00bb","datePublished":"2011-01-07T15:15:53+00:00","dateModified":"2016-03-18T14:26:01+00:00","mainEntityOfPage":{"@id":"https:\/\/news.ecclesia.org.br\/?p=5486"},"wordCount":209,"commentCount":0,"publisher":{"@id":"https:\/\/news.ecclesia.org.br\/#organization"},"image":{"@id":"https:\/\/news.ecclesia.org.br\/?p=5486#primaryimage"},"thumbnailUrl":"https:\/\/news.ecclesia.org.br\/wp-content\/uploads\/2011\/01\/Nicolas-Sarkozy.jpg","articleSection":["NEWS"],"inLanguage":"pt-BR","potentialAction":[{"@type":"CommentAction","name":"Comment","target":["https:\/\/news.ecclesia.org.br\/?p=5486#respond"]}]},{"@type":"WebPage","@id":"https:\/\/news.ecclesia.org.br\/?p=5486","url":"https:\/\/news.ecclesia.org.br\/?p=5486","name":"Crist\u00e3os do Oriente: Presidente franc\u00eas denuncia plano de \u00abdepura\u00e7\u00e3o religiosa\u00bb | ECCLESIA NEWS","isPartOf":{"@id":"https:\/\/news.ecclesia.org.br\/#website"},"primaryImageOfPage":{"@id":"https:\/\/news.ecclesia.org.br\/?p=5486#primaryimage"},"image":{"@id":"https:\/\/news.ecclesia.org.br\/?p=5486#primaryimage"},"thumbnailUrl":"https:\/\/news.ecclesia.org.br\/wp-content\/uploads\/2011\/01\/Nicolas-Sarkozy.jpg","datePublished":"2011-01-07T15:15:53+00:00","dateModified":"2016-03-18T14:26:01+00:00","breadcrumb":{"@id":"https:\/\/news.ecclesia.org.br\/?p=5486#breadcrumb"},"inLanguage":"pt-BR","potentialAction":[{"@type":"ReadAction","target":["https:\/\/news.ecclesia.org.br\/?p=5486"]}]},{"@type":"ImageObject","inLanguage":"pt-BR","@id":"https:\/\/news.ecclesia.org.br\/?p=5486#primaryimage","url":"https:\/\/news.ecclesia.org.br\/wp-content\/uploads\/2011\/01\/Nicolas-Sarkozy.jpg","contentUrl":"https:\/\/news.ecclesia.org.br\/wp-content\/uploads\/2011\/01\/Nicolas-Sarkozy.jpg","width":360,"height":239},{"@type":"BreadcrumbList","@id":"https:\/\/news.ecclesia.org.br\/?p=5486#breadcrumb","itemListElement":[{"@type":"ListItem","position":1,"name":"In\u00edcio","item":"https:\/\/news.ecclesia.org.br\/"},{"@type":"ListItem","position":2,"name":"Crist\u00e3os do Oriente: Presidente franc\u00eas denuncia plano de \u00abdepura\u00e7\u00e3o religiosa\u00bb"}]},{"@type":"WebSite","@id":"https:\/\/news.ecclesia.org.br\/#website","url":"https:\/\/news.ecclesia.org.br\/","name":"Ecclesia Brasil","description":"Desde 2003 onectando o Brasil ao mundo ortodoxo!","publisher":{"@id":"https:\/\/news.ecclesia.org.br\/#organization"},"alternateName":"Ecclesia","potentialAction":[{"@type":"SearchAction","target":{"@type":"EntryPoint","urlTemplate":"https:\/\/news.ecclesia.org.br\/?s={search_term_string}"},"query-input":{"@type":"PropertyValueSpecification","valueRequired":true,"valueName":"search_term_string"}}],"inLanguage":"pt-BR"},{"@type":"Organization","@id":"https:\/\/news.ecclesia.org.br\/#organization","name":"Sacra Arquidiocese de Buenos Aires e Am\u00e9rica do Sul | Patriarcado Ecum\u00eanico","alternateName":"News Ecclesia Brasil","url":"https:\/\/news.ecclesia.org.br\/","logo":{"@type":"ImageObject","inLanguage":"pt-BR","@id":"https:\/\/news.ecclesia.org.br\/#\/schema\/logo\/image\/","url":"https:\/\/news.ecclesia.org.br\/wp-content\/uploads\/2025\/05\/ecclesia2.png","contentUrl":"https:\/\/news.ecclesia.org.br\/wp-content\/uploads\/2025\/05\/ecclesia2.png","width":480,"height":120,"caption":"Sacra Arquidiocese de Buenos Aires e Am\u00e9rica do Sul | Patriarcado Ecum\u00eanico"},"image":{"@id":"https:\/\/news.ecclesia.org.br\/#\/schema\/logo\/image\/"},"sameAs":["https:\/\/www.facebook.com\/Ecclesia2025","https:\/\/x.com\/EcclesiaNews","https:\/\/br.pinterest.com\/ekklisia\/","https:\/\/www.youtube.com\/@EcclesiaBrasil"]},{"@type":"Person","@id":"https:\/\/news.ecclesia.org.br\/#\/schema\/person\/6f09597f025829745ba414a569f63758","name":"Pe. Andr\u00e9","image":{"@type":"ImageObject","inLanguage":"pt-BR","@id":"https:\/\/secure.gravatar.com\/avatar\/b4327cfa27e9799da239a26adcd534fc29cdc0c4a4a148eecbcfeb9b42c617ac?s=96&d=mm&r=g","url":"https:\/\/secure.gravatar.com\/avatar\/b4327cfa27e9799da239a26adcd534fc29cdc0c4a4a148eecbcfeb9b42c617ac?s=96&d=mm&r=g","contentUrl":"https:\/\/secure.gravatar.com\/avatar\/b4327cfa27e9799da239a26adcd534fc29cdc0c4a4a148eecbcfeb9b42c617ac?s=96&d=mm&r=g","caption":"Pe. Andr\u00e9"},"sameAs":["https:\/\/www.ecclesia.org.br"]}]}},"_links":{"self":[{"href":"https:\/\/news.ecclesia.org.br\/index.php?rest_route=\/wp\/v2\/posts\/5486","targetHints":{"allow":["GET"]}}],"collection":[{"href":"https:\/\/news.ecclesia.org.br\/index.php?rest_route=\/wp\/v2\/posts"}],"about":[{"href":"https:\/\/news.ecclesia.org.br\/index.php?rest_route=\/wp\/v2\/types\/post"}],"author":[{"embeddable":true,"href":"https:\/\/news.ecclesia.org.br\/index.php?rest_route=\/wp\/v2\/users\/1"}],"replies":[{"embeddable":true,"href":"https:\/\/news.ecclesia.org.br\/index.php?rest_route=%2Fwp%2Fv2%2Fcomments&post=5486"}],"version-history":[{"count":0,"href":"https:\/\/news.ecclesia.org.br\/index.php?rest_route=\/wp\/v2\/posts\/5486\/revisions"}],"wp:featuredmedia":[{"embeddable":true,"href":"https:\/\/news.ecclesia.org.br\/index.php?rest_route=\/wp\/v2\/media\/16446"}],"wp:attachment":[{"href":"https:\/\/news.ecclesia.org.br\/index.php?rest_route=%2Fwp%2Fv2%2Fmedia&parent=5486"}],"wp:term":[{"taxonomy":"category","embeddable":true,"href":"https:\/\/news.ecclesia.org.br\/index.php?rest_route=%2Fwp%2Fv2%2Fcategories&post=5486"},{"taxonomy":"post_tag","embeddable":true,"href":"https:\/\/news.ecclesia.org.br\/index.php?rest_route=%2Fwp%2Fv2%2Ftags&post=5486"}],"curies":[{"name":"wp","href":"https:\/\/api.w.org\/{rel}","templated":true}]}}