{"id":5482,"date":"2011-01-06T09:43:11","date_gmt":"2011-01-06T11:43:11","guid":{"rendered":"http:\/\/www.ecclesia.com.br\/news\/?p=5482"},"modified":"2016-03-18T14:27:33","modified_gmt":"2016-03-18T14:27:33","slug":"servia-patriarca-critica-comunidade-internacional-por-silencio-cumplice-no-caso-de-presumivel-trafico-de-orgaos","status":"publish","type":"post","link":"https:\/\/news.ecclesia.org.br\/?p=5482","title":{"rendered":"S\u00e9rvia: Patriarca critica comunidade internacional por &#8216;sil\u00eancio c\u00famplice&#8217; no caso de presum\u00edvel tr\u00e1fico de \u00f3rg\u00e3os"},"content":{"rendered":"<p style=\"text-align: justify;\"><img fetchpriority=\"high\" decoding=\"async\" class=\"alignleft size-medium wp-image-11700\" src=\"https:\/\/news.ecclesia.org.br\/2013\/wp-content\/uploads\/2010\/10\/patriarca-irineu-300x225.jpg\" alt=\"patriarca-irineu\" width=\"300\" height=\"225\" srcset=\"https:\/\/news.ecclesia.org.br\/wp-content\/uploads\/2010\/10\/patriarca-irineu-300x225.jpg 300w, https:\/\/news.ecclesia.org.br\/wp-content\/uploads\/2010\/10\/patriarca-irineu-73x55.jpg 73w, https:\/\/news.ecclesia.org.br\/wp-content\/uploads\/2010\/10\/patriarca-irineu.jpg 320w\" sizes=\"(max-width: 300px) 100vw, 300px\" \/>O patriarca da Igreja Ortodoxa S\u00e9rvia criticou a comunidade internacional pelo seu \u00absil\u00eancio c\u00famplice\u00bb no caso da suspeita de tr\u00e1fico de \u00f3rg\u00e3os de prisioneiros s\u00e9rvios durante e ap\u00f3s o conflito de 1998-1999 no Kosovo. Aquele tr\u00e1fico constituiu um dos \u201cexemplos mais s\u00e9rios de viola\u00e7\u00e3o dos direitos\u201d do povo s\u00e9rvio no Kosovo, sublinhou o patriarca Irineu, na sua mensagem de Natal divulgada no site da Igreja. A Igreja Ortodoxa s\u00e9rvia celebra a v\u00e9spera de Natal na noite de 06 de janeiro, de acordo com o antigo calend\u00e1rio juliano. \u00a0\u201cO terr\u00edvel crime do tr\u00e1fico de \u00f3rg\u00e3os perpetrado sobre v\u00edtimas s\u00e9rvias inocentes (\u2026) ocorreu num sil\u00eancio glacial &#8211; feito de indiferen\u00e7a e em muitos casos c\u00famplice &#8211; dos representantes da comunidade internacional\u201d, considerou o Patriarca. Num relat\u00f3rio divulgado em meados de dezembro, Dick Marty, do Conselho da Europa, p\u00f5e em causa um grupo de respons\u00e1veis do Ex\u00e9rcito de Liberta\u00e7\u00e3o do Kosovo (UCK), a guerrilha independentista albano-kosovar, no presum\u00edvel tr\u00e1fico de \u00f3rg\u00e3os de prisioneiros s\u00e9rvios realizado em territ\u00f3rio alban\u00eas, durante e ap\u00f3s o conflito no Kosovo. Hashim Tha\u00e7i, o atual primeiro-ministro kosovar, integrava aquele grupo do UCK, identificado como o de \u201cDrenica\u201d, segundo Marty. O primeiro-ministro kosovar rejeitou as acusa\u00e7\u00f5es de Marty. A Assembleia Parlamentar do Conselho da Europa deve pronunciar-se no final do m\u00eas sobre o relat\u00f3rio de Marty. O Kosovo proclamou em fevereiro de 2008 a sua independ\u00eancia, que nunca foi reconhecida pela S\u00e9rvia. O territ\u00f3rio \u00e9 considerado pelos s\u00e9rvios o ber\u00e7o da sua Hist\u00f3ria. A sede da Igreja ortodoxa s\u00e9rvia situa-se em Pec, no Kosovo, onde se localizam tamb\u00e9m numerosos mosteiros ortodoxos. [Fonte: <a href=\"http:\/\/www.correiodominho.com\" target=\"_blank\">Correio do Minho<\/a> &#8211; pt]<\/p>\n","protected":false},"excerpt":{"rendered":"<p>O patriarca da Igreja Ortodoxa S\u00e9rvia criticou a comunidade internacional pelo seu \u00absil\u00eancio c\u00famplice\u00bb no caso da suspeita de tr\u00e1fico de \u00f3rg\u00e3os de prisioneiros s\u00e9rvios durante e ap\u00f3s o conflito de 1998-1999 no Kosovo. Aquele tr\u00e1fico constituiu um dos \u201cexemplos&#8230;<\/p>\n","protected":false},"author":1,"featured_media":5944,"comment_status":"open","ping_status":"open","sticky":false,"template":"","format":"standard","meta":{"_acf_changed":false,"footnotes":""},"categories":[1],"tags":[],"class_list":["post-5482","post","type-post","status-publish","format-standard","has-post-thumbnail","hentry","category-news","entry","rows-excerpt"],"acf":[],"yoast_head":"<!-- This site is optimized with the Yoast SEO plugin v27.5 - https:\/\/yoast.com\/product\/yoast-seo-wordpress\/ -->\n<title>S\u00e9rvia: Patriarca critica comunidade internacional por &#039;sil\u00eancio c\u00famplice&#039; no caso de presum\u00edvel tr\u00e1fico de \u00f3rg\u00e3os | ECCLESIA NEWS<\/title>\n<meta name=\"robots\" content=\"index, follow, max-snippet:-1, max-image-preview:large, max-video-preview:-1\" \/>\n<link rel=\"canonical\" href=\"https:\/\/news.ecclesia.org.br\/?p=5482\" \/>\n<meta property=\"og:locale\" content=\"pt_BR\" \/>\n<meta property=\"og:type\" content=\"article\" \/>\n<meta property=\"og:title\" content=\"S\u00e9rvia: Patriarca critica comunidade internacional por &#039;sil\u00eancio c\u00famplice&#039; no caso de presum\u00edvel tr\u00e1fico de \u00f3rg\u00e3os | ECCLESIA NEWS\" \/>\n<meta property=\"og:description\" content=\"O patriarca da Igreja Ortodoxa S\u00e9rvia criticou a comunidade internacional pelo seu \u00absil\u00eancio c\u00famplice\u00bb no caso da suspeita de tr\u00e1fico de \u00f3rg\u00e3os de prisioneiros s\u00e9rvios durante e ap\u00f3s o conflito de 1998-1999 no Kosovo. Aquele tr\u00e1fico constituiu um dos \u201cexemplos&#8230;\" \/>\n<meta property=\"og:url\" content=\"https:\/\/news.ecclesia.org.br\/?p=5482\" \/>\n<meta property=\"og:site_name\" content=\"ECCLESIA NEWS\" \/>\n<meta property=\"article:publisher\" content=\"https:\/\/www.facebook.com\/Ecclesia2025\" \/>\n<meta property=\"article:published_time\" content=\"2011-01-06T11:43:11+00:00\" \/>\n<meta property=\"article:modified_time\" content=\"2016-03-18T14:27:33+00:00\" \/>\n<meta property=\"og:image\" content=\"https:\/\/news.ecclesia.org.br\/wp-content\/uploads\/2011\/01\/entronizacao-patriarcal-servia.jpg\" \/>\n\t<meta property=\"og:image:width\" content=\"320\" \/>\n\t<meta property=\"og:image:height\" content=\"240\" \/>\n\t<meta property=\"og:image:type\" content=\"image\/jpeg\" \/>\n<meta name=\"author\" content=\"Pe. Andr\u00e9\" \/>\n<meta name=\"twitter:card\" content=\"summary_large_image\" \/>\n<meta name=\"twitter:creator\" content=\"@EcclesiaNews\" \/>\n<meta name=\"twitter:site\" content=\"@EcclesiaNews\" \/>\n<meta name=\"twitter:label1\" content=\"Escrito por\" \/>\n\t<meta name=\"twitter:data1\" content=\"Pe. Andr\u00e9\" \/>\n\t<meta name=\"twitter:label2\" content=\"Est. tempo de leitura\" \/>\n\t<meta name=\"twitter:data2\" content=\"2 minutos\" \/>\n<script type=\"application\/ld+json\" class=\"yoast-schema-graph\">{\"@context\":\"https:\\\/\\\/schema.org\",\"@graph\":[{\"@type\":\"Article\",\"@id\":\"https:\\\/\\\/news.ecclesia.org.br\\\/?p=5482#article\",\"isPartOf\":{\"@id\":\"https:\\\/\\\/news.ecclesia.org.br\\\/?p=5482\"},\"author\":{\"name\":\"Pe. Andr\u00e9\",\"@id\":\"https:\\\/\\\/news.ecclesia.org.br\\\/#\\\/schema\\\/person\\\/6f09597f025829745ba414a569f63758\"},\"headline\":\"S\u00e9rvia: Patriarca critica comunidade internacional por &#8216;sil\u00eancio c\u00famplice&#8217; no caso de presum\u00edvel tr\u00e1fico de \u00f3rg\u00e3os\",\"datePublished\":\"2011-01-06T11:43:11+00:00\",\"dateModified\":\"2016-03-18T14:27:33+00:00\",\"mainEntityOfPage\":{\"@id\":\"https:\\\/\\\/news.ecclesia.org.br\\\/?p=5482\"},\"wordCount\":330,\"commentCount\":0,\"publisher\":{\"@id\":\"https:\\\/\\\/news.ecclesia.org.br\\\/#organization\"},\"image\":{\"@id\":\"https:\\\/\\\/news.ecclesia.org.br\\\/?p=5482#primaryimage\"},\"thumbnailUrl\":\"https:\\\/\\\/news.ecclesia.org.br\\\/wp-content\\\/uploads\\\/2011\\\/01\\\/entronizacao-patriarcal-servia.jpg\",\"articleSection\":[\"NEWS\"],\"inLanguage\":\"pt-BR\",\"potentialAction\":[{\"@type\":\"CommentAction\",\"name\":\"Comment\",\"target\":[\"https:\\\/\\\/news.ecclesia.org.br\\\/?p=5482#respond\"]}]},{\"@type\":\"WebPage\",\"@id\":\"https:\\\/\\\/news.ecclesia.org.br\\\/?p=5482\",\"url\":\"https:\\\/\\\/news.ecclesia.org.br\\\/?p=5482\",\"name\":\"S\u00e9rvia: Patriarca critica comunidade internacional por 'sil\u00eancio c\u00famplice' no caso de presum\u00edvel tr\u00e1fico de \u00f3rg\u00e3os | ECCLESIA NEWS\",\"isPartOf\":{\"@id\":\"https:\\\/\\\/news.ecclesia.org.br\\\/#website\"},\"primaryImageOfPage\":{\"@id\":\"https:\\\/\\\/news.ecclesia.org.br\\\/?p=5482#primaryimage\"},\"image\":{\"@id\":\"https:\\\/\\\/news.ecclesia.org.br\\\/?p=5482#primaryimage\"},\"thumbnailUrl\":\"https:\\\/\\\/news.ecclesia.org.br\\\/wp-content\\\/uploads\\\/2011\\\/01\\\/entronizacao-patriarcal-servia.jpg\",\"datePublished\":\"2011-01-06T11:43:11+00:00\",\"dateModified\":\"2016-03-18T14:27:33+00:00\",\"breadcrumb\":{\"@id\":\"https:\\\/\\\/news.ecclesia.org.br\\\/?p=5482#breadcrumb\"},\"inLanguage\":\"pt-BR\",\"potentialAction\":[{\"@type\":\"ReadAction\",\"target\":[\"https:\\\/\\\/news.ecclesia.org.br\\\/?p=5482\"]}]},{\"@type\":\"ImageObject\",\"inLanguage\":\"pt-BR\",\"@id\":\"https:\\\/\\\/news.ecclesia.org.br\\\/?p=5482#primaryimage\",\"url\":\"https:\\\/\\\/news.ecclesia.org.br\\\/wp-content\\\/uploads\\\/2011\\\/01\\\/entronizacao-patriarcal-servia.jpg\",\"contentUrl\":\"https:\\\/\\\/news.ecclesia.org.br\\\/wp-content\\\/uploads\\\/2011\\\/01\\\/entronizacao-patriarcal-servia.jpg\",\"width\":320,\"height\":240},{\"@type\":\"BreadcrumbList\",\"@id\":\"https:\\\/\\\/news.ecclesia.org.br\\\/?p=5482#breadcrumb\",\"itemListElement\":[{\"@type\":\"ListItem\",\"position\":1,\"name\":\"In\u00edcio\",\"item\":\"https:\\\/\\\/news.ecclesia.org.br\\\/\"},{\"@type\":\"ListItem\",\"position\":2,\"name\":\"S\u00e9rvia: Patriarca critica comunidade internacional por &#8216;sil\u00eancio c\u00famplice&#8217; no caso de presum\u00edvel tr\u00e1fico de \u00f3rg\u00e3os\"}]},{\"@type\":\"WebSite\",\"@id\":\"https:\\\/\\\/news.ecclesia.org.br\\\/#website\",\"url\":\"https:\\\/\\\/news.ecclesia.org.br\\\/\",\"name\":\"Ecclesia Brasil\",\"description\":\"Desde 2003 onectando o Brasil ao mundo ortodoxo!\",\"publisher\":{\"@id\":\"https:\\\/\\\/news.ecclesia.org.br\\\/#organization\"},\"alternateName\":\"Ecclesia\",\"potentialAction\":[{\"@type\":\"SearchAction\",\"target\":{\"@type\":\"EntryPoint\",\"urlTemplate\":\"https:\\\/\\\/news.ecclesia.org.br\\\/?s={search_term_string}\"},\"query-input\":{\"@type\":\"PropertyValueSpecification\",\"valueRequired\":true,\"valueName\":\"search_term_string\"}}],\"inLanguage\":\"pt-BR\"},{\"@type\":\"Organization\",\"@id\":\"https:\\\/\\\/news.ecclesia.org.br\\\/#organization\",\"name\":\"Sacra Arquidiocese de Buenos Aires e Am\u00e9rica do Sul | Patriarcado Ecum\u00eanico\",\"alternateName\":\"News Ecclesia Brasil\",\"url\":\"https:\\\/\\\/news.ecclesia.org.br\\\/\",\"logo\":{\"@type\":\"ImageObject\",\"inLanguage\":\"pt-BR\",\"@id\":\"https:\\\/\\\/news.ecclesia.org.br\\\/#\\\/schema\\\/logo\\\/image\\\/\",\"url\":\"https:\\\/\\\/news.ecclesia.org.br\\\/wp-content\\\/uploads\\\/2025\\\/05\\\/ecclesia2.png\",\"contentUrl\":\"https:\\\/\\\/news.ecclesia.org.br\\\/wp-content\\\/uploads\\\/2025\\\/05\\\/ecclesia2.png\",\"width\":480,\"height\":120,\"caption\":\"Sacra Arquidiocese de Buenos Aires e Am\u00e9rica do Sul | Patriarcado Ecum\u00eanico\"},\"image\":{\"@id\":\"https:\\\/\\\/news.ecclesia.org.br\\\/#\\\/schema\\\/logo\\\/image\\\/\"},\"sameAs\":[\"https:\\\/\\\/www.facebook.com\\\/Ecclesia2025\",\"https:\\\/\\\/x.com\\\/EcclesiaNews\",\"https:\\\/\\\/br.pinterest.com\\\/ekklisia\\\/\",\"https:\\\/\\\/www.youtube.com\\\/@EcclesiaBrasil\"]},{\"@type\":\"Person\",\"@id\":\"https:\\\/\\\/news.ecclesia.org.br\\\/#\\\/schema\\\/person\\\/6f09597f025829745ba414a569f63758\",\"name\":\"Pe. Andr\u00e9\",\"image\":{\"@type\":\"ImageObject\",\"inLanguage\":\"pt-BR\",\"@id\":\"https:\\\/\\\/secure.gravatar.com\\\/avatar\\\/b4327cfa27e9799da239a26adcd534fc29cdc0c4a4a148eecbcfeb9b42c617ac?s=96&d=mm&r=g\",\"url\":\"https:\\\/\\\/secure.gravatar.com\\\/avatar\\\/b4327cfa27e9799da239a26adcd534fc29cdc0c4a4a148eecbcfeb9b42c617ac?s=96&d=mm&r=g\",\"contentUrl\":\"https:\\\/\\\/secure.gravatar.com\\\/avatar\\\/b4327cfa27e9799da239a26adcd534fc29cdc0c4a4a148eecbcfeb9b42c617ac?s=96&d=mm&r=g\",\"caption\":\"Pe. Andr\u00e9\"},\"sameAs\":[\"https:\\\/\\\/www.ecclesia.org.br\"]}]}<\/script>\n<!-- \/ Yoast SEO plugin. -->","yoast_head_json":{"title":"S\u00e9rvia: Patriarca critica comunidade internacional por 'sil\u00eancio c\u00famplice' no caso de presum\u00edvel tr\u00e1fico de \u00f3rg\u00e3os | ECCLESIA NEWS","robots":{"index":"index","follow":"follow","max-snippet":"max-snippet:-1","max-image-preview":"max-image-preview:large","max-video-preview":"max-video-preview:-1"},"canonical":"https:\/\/news.ecclesia.org.br\/?p=5482","og_locale":"pt_BR","og_type":"article","og_title":"S\u00e9rvia: Patriarca critica comunidade internacional por 'sil\u00eancio c\u00famplice' no caso de presum\u00edvel tr\u00e1fico de \u00f3rg\u00e3os | ECCLESIA NEWS","og_description":"O patriarca da Igreja Ortodoxa S\u00e9rvia criticou a comunidade internacional pelo seu \u00absil\u00eancio c\u00famplice\u00bb no caso da suspeita de tr\u00e1fico de \u00f3rg\u00e3os de prisioneiros s\u00e9rvios durante e ap\u00f3s o conflito de 1998-1999 no Kosovo. Aquele tr\u00e1fico constituiu um dos \u201cexemplos&#8230;","og_url":"https:\/\/news.ecclesia.org.br\/?p=5482","og_site_name":"ECCLESIA NEWS","article_publisher":"https:\/\/www.facebook.com\/Ecclesia2025","article_published_time":"2011-01-06T11:43:11+00:00","article_modified_time":"2016-03-18T14:27:33+00:00","og_image":[{"width":320,"height":240,"url":"https:\/\/news.ecclesia.org.br\/wp-content\/uploads\/2011\/01\/entronizacao-patriarcal-servia.jpg","type":"image\/jpeg"}],"author":"Pe. Andr\u00e9","twitter_card":"summary_large_image","twitter_creator":"@EcclesiaNews","twitter_site":"@EcclesiaNews","twitter_misc":{"Escrito por":"Pe. Andr\u00e9","Est. tempo de leitura":"2 minutos"},"schema":{"@context":"https:\/\/schema.org","@graph":[{"@type":"Article","@id":"https:\/\/news.ecclesia.org.br\/?p=5482#article","isPartOf":{"@id":"https:\/\/news.ecclesia.org.br\/?p=5482"},"author":{"name":"Pe. Andr\u00e9","@id":"https:\/\/news.ecclesia.org.br\/#\/schema\/person\/6f09597f025829745ba414a569f63758"},"headline":"S\u00e9rvia: Patriarca critica comunidade internacional por &#8216;sil\u00eancio c\u00famplice&#8217; no caso de presum\u00edvel tr\u00e1fico de \u00f3rg\u00e3os","datePublished":"2011-01-06T11:43:11+00:00","dateModified":"2016-03-18T14:27:33+00:00","mainEntityOfPage":{"@id":"https:\/\/news.ecclesia.org.br\/?p=5482"},"wordCount":330,"commentCount":0,"publisher":{"@id":"https:\/\/news.ecclesia.org.br\/#organization"},"image":{"@id":"https:\/\/news.ecclesia.org.br\/?p=5482#primaryimage"},"thumbnailUrl":"https:\/\/news.ecclesia.org.br\/wp-content\/uploads\/2011\/01\/entronizacao-patriarcal-servia.jpg","articleSection":["NEWS"],"inLanguage":"pt-BR","potentialAction":[{"@type":"CommentAction","name":"Comment","target":["https:\/\/news.ecclesia.org.br\/?p=5482#respond"]}]},{"@type":"WebPage","@id":"https:\/\/news.ecclesia.org.br\/?p=5482","url":"https:\/\/news.ecclesia.org.br\/?p=5482","name":"S\u00e9rvia: Patriarca critica comunidade internacional por 'sil\u00eancio c\u00famplice' no caso de presum\u00edvel tr\u00e1fico de \u00f3rg\u00e3os | ECCLESIA NEWS","isPartOf":{"@id":"https:\/\/news.ecclesia.org.br\/#website"},"primaryImageOfPage":{"@id":"https:\/\/news.ecclesia.org.br\/?p=5482#primaryimage"},"image":{"@id":"https:\/\/news.ecclesia.org.br\/?p=5482#primaryimage"},"thumbnailUrl":"https:\/\/news.ecclesia.org.br\/wp-content\/uploads\/2011\/01\/entronizacao-patriarcal-servia.jpg","datePublished":"2011-01-06T11:43:11+00:00","dateModified":"2016-03-18T14:27:33+00:00","breadcrumb":{"@id":"https:\/\/news.ecclesia.org.br\/?p=5482#breadcrumb"},"inLanguage":"pt-BR","potentialAction":[{"@type":"ReadAction","target":["https:\/\/news.ecclesia.org.br\/?p=5482"]}]},{"@type":"ImageObject","inLanguage":"pt-BR","@id":"https:\/\/news.ecclesia.org.br\/?p=5482#primaryimage","url":"https:\/\/news.ecclesia.org.br\/wp-content\/uploads\/2011\/01\/entronizacao-patriarcal-servia.jpg","contentUrl":"https:\/\/news.ecclesia.org.br\/wp-content\/uploads\/2011\/01\/entronizacao-patriarcal-servia.jpg","width":320,"height":240},{"@type":"BreadcrumbList","@id":"https:\/\/news.ecclesia.org.br\/?p=5482#breadcrumb","itemListElement":[{"@type":"ListItem","position":1,"name":"In\u00edcio","item":"https:\/\/news.ecclesia.org.br\/"},{"@type":"ListItem","position":2,"name":"S\u00e9rvia: Patriarca critica comunidade internacional por &#8216;sil\u00eancio c\u00famplice&#8217; no caso de presum\u00edvel tr\u00e1fico de \u00f3rg\u00e3os"}]},{"@type":"WebSite","@id":"https:\/\/news.ecclesia.org.br\/#website","url":"https:\/\/news.ecclesia.org.br\/","name":"Ecclesia Brasil","description":"Desde 2003 onectando o Brasil ao mundo ortodoxo!","publisher":{"@id":"https:\/\/news.ecclesia.org.br\/#organization"},"alternateName":"Ecclesia","potentialAction":[{"@type":"SearchAction","target":{"@type":"EntryPoint","urlTemplate":"https:\/\/news.ecclesia.org.br\/?s={search_term_string}"},"query-input":{"@type":"PropertyValueSpecification","valueRequired":true,"valueName":"search_term_string"}}],"inLanguage":"pt-BR"},{"@type":"Organization","@id":"https:\/\/news.ecclesia.org.br\/#organization","name":"Sacra Arquidiocese de Buenos Aires e Am\u00e9rica do Sul | Patriarcado Ecum\u00eanico","alternateName":"News Ecclesia Brasil","url":"https:\/\/news.ecclesia.org.br\/","logo":{"@type":"ImageObject","inLanguage":"pt-BR","@id":"https:\/\/news.ecclesia.org.br\/#\/schema\/logo\/image\/","url":"https:\/\/news.ecclesia.org.br\/wp-content\/uploads\/2025\/05\/ecclesia2.png","contentUrl":"https:\/\/news.ecclesia.org.br\/wp-content\/uploads\/2025\/05\/ecclesia2.png","width":480,"height":120,"caption":"Sacra Arquidiocese de Buenos Aires e Am\u00e9rica do Sul | Patriarcado Ecum\u00eanico"},"image":{"@id":"https:\/\/news.ecclesia.org.br\/#\/schema\/logo\/image\/"},"sameAs":["https:\/\/www.facebook.com\/Ecclesia2025","https:\/\/x.com\/EcclesiaNews","https:\/\/br.pinterest.com\/ekklisia\/","https:\/\/www.youtube.com\/@EcclesiaBrasil"]},{"@type":"Person","@id":"https:\/\/news.ecclesia.org.br\/#\/schema\/person\/6f09597f025829745ba414a569f63758","name":"Pe. Andr\u00e9","image":{"@type":"ImageObject","inLanguage":"pt-BR","@id":"https:\/\/secure.gravatar.com\/avatar\/b4327cfa27e9799da239a26adcd534fc29cdc0c4a4a148eecbcfeb9b42c617ac?s=96&d=mm&r=g","url":"https:\/\/secure.gravatar.com\/avatar\/b4327cfa27e9799da239a26adcd534fc29cdc0c4a4a148eecbcfeb9b42c617ac?s=96&d=mm&r=g","contentUrl":"https:\/\/secure.gravatar.com\/avatar\/b4327cfa27e9799da239a26adcd534fc29cdc0c4a4a148eecbcfeb9b42c617ac?s=96&d=mm&r=g","caption":"Pe. Andr\u00e9"},"sameAs":["https:\/\/www.ecclesia.org.br"]}]}},"_links":{"self":[{"href":"https:\/\/news.ecclesia.org.br\/index.php?rest_route=\/wp\/v2\/posts\/5482","targetHints":{"allow":["GET"]}}],"collection":[{"href":"https:\/\/news.ecclesia.org.br\/index.php?rest_route=\/wp\/v2\/posts"}],"about":[{"href":"https:\/\/news.ecclesia.org.br\/index.php?rest_route=\/wp\/v2\/types\/post"}],"author":[{"embeddable":true,"href":"https:\/\/news.ecclesia.org.br\/index.php?rest_route=\/wp\/v2\/users\/1"}],"replies":[{"embeddable":true,"href":"https:\/\/news.ecclesia.org.br\/index.php?rest_route=%2Fwp%2Fv2%2Fcomments&post=5482"}],"version-history":[{"count":0,"href":"https:\/\/news.ecclesia.org.br\/index.php?rest_route=\/wp\/v2\/posts\/5482\/revisions"}],"wp:featuredmedia":[{"embeddable":true,"href":"https:\/\/news.ecclesia.org.br\/index.php?rest_route=\/wp\/v2\/media\/5944"}],"wp:attachment":[{"href":"https:\/\/news.ecclesia.org.br\/index.php?rest_route=%2Fwp%2Fv2%2Fmedia&parent=5482"}],"wp:term":[{"taxonomy":"category","embeddable":true,"href":"https:\/\/news.ecclesia.org.br\/index.php?rest_route=%2Fwp%2Fv2%2Fcategories&post=5482"},{"taxonomy":"post_tag","embeddable":true,"href":"https:\/\/news.ecclesia.org.br\/index.php?rest_route=%2Fwp%2Fv2%2Ftags&post=5482"}],"curies":[{"name":"wp","href":"https:\/\/api.w.org\/{rel}","templated":true}]}}