{"id":5450,"date":"2010-12-31T12:00:32","date_gmt":"2010-12-31T14:00:32","guid":{"rendered":"http:\/\/www.ecclesia.com.br\/news\/?p=5450"},"modified":"2016-03-18T04:56:19","modified_gmt":"2016-03-18T04:56:19","slug":"berlim-acolhe-proximo-encontro-europeu-da-comunidade-de-taize","status":"publish","type":"post","link":"https:\/\/news.ecclesia.org.br\/?p=5450","title":{"rendered":"Berlim acolhe pr\u00f3ximo Encontro Europeu da comunidade de Taiz\u00e9"},"content":{"rendered":"<p style=\"text-align: justify;\"><img fetchpriority=\"high\" decoding=\"async\" class=\"alignleft size-full wp-image-5965\" src=\"https:\/\/news.ecclesia.org.br\/2013\/wp-content\/uploads\/2010\/12\/irmao-aloisio.jpg\" alt=\"irmao-aloisio\" width=\"320\" height=\"240\" srcset=\"https:\/\/news.ecclesia.org.br\/wp-content\/uploads\/2010\/12\/irmao-aloisio.jpg 320w, https:\/\/news.ecclesia.org.br\/wp-content\/uploads\/2010\/12\/irmao-aloisio-300x225.jpg 300w, https:\/\/news.ecclesia.org.br\/wp-content\/uploads\/2010\/12\/irmao-aloisio-73x55.jpg 73w\" sizes=\"(max-width: 320px) 100vw, 320px\" \/>A cidade alem\u00e3 de Berlim vai acolher o pr\u00f3ximo encontro europeu promovido pela comunidade ecum\u00eanica de Taiz\u00e9, entre 28 de Dezembro de 2011 e 1 de Janeiro de 2012, anunciou o seu respons\u00e1vel m\u00e1ximo, irm\u00e3o Alois. No final da ora\u00e7\u00e3o da noite a que presidiu em Roterd\u00e3, na Holanda, onde decorre a iniciativa deste ano, o prior da comunidade disse que pr\u00f3ximo encontro europeu \u00abacontecer\u00e1 numa cidade onde nunca houve nenhum Encontro e onde os jovens est\u00e3o \u00e0 nossa espera desde h\u00e1 muito tempo: fomos convidados para ir \u00e0 Alemanha, por todas as Igrejas e pela C\u00e2mara Municipal da cidade de Berlim\u00bb. Fundada h\u00e1 70 anos, em Fran\u00e7a, pelo irm\u00e3o Roger, a comunidade promove h\u00e1 mais de tr\u00eas d\u00e9cadas uma \u00abperegrina\u00e7\u00e3o de confian\u00e7a\u00bb, juntando jovens para reflex\u00e3o e ora\u00e7\u00e3o na passagem de cada ano. \u00ab\u00c9 muito evidente que levar a confian\u00e7a entre os povos e \u00e0s nossas sociedades, atrav\u00e9s de encontros e de partilhas pessoais, \u00e9 indispens\u00e1vel, sobretudo num per\u00edodo em que as dificuldades econ\u00f4micas se fazem sentir cada vez mais\u00bb, disse irm\u00e3o Alois, adiantando que no m\u00eas de Abril de 2011 ir\u00e1 com alguns irm\u00e3os e com jovens de toda a Europa celebrar a Semana Santa e a festa da P\u00e1scoa com a Igreja Ortodoxa, na cidade de Moscou. Daqui a dois anos, de 14 a 18 de Novembro de 2012, os crist\u00e3os do Ruanda v\u00e3o acolher, na cidade de Kigali, um encontro internacional da comunidade ecum\u00eanica. O 33\u00b0 Encontro Europeu de Taiz\u00e9 decorre at\u00e9 a 1 de Janeiro de 2011, em Roterd\u00e3, na Holanda, pa\u00eds que estr\u00e9ia na organiza\u00e7\u00e3o desta iniciativa.<\/p>\n<p style=\"text-align: right;\">[Fonte: Ag\u00eancia <a href=\"http:\/\/www.agencia.ecclesia.pt\/\" target=\"_blank\">ECCLESIA<\/a>]<\/p>\n","protected":false},"excerpt":{"rendered":"<p>A cidade alem\u00e3 de Berlim vai acolher o pr\u00f3ximo encontro europeu promovido pela comunidade ecum\u00eanica de Taiz\u00e9, entre 28 de Dezembro de 2011 e 1 de Janeiro de 2012, anunciou o seu respons\u00e1vel m\u00e1ximo, irm\u00e3o Alois. No final da ora\u00e7\u00e3o&#8230;<\/p>\n","protected":false},"author":1,"featured_media":5965,"comment_status":"open","ping_status":"open","sticky":false,"template":"","format":"standard","meta":{"_acf_changed":false,"footnotes":""},"categories":[1],"tags":[],"class_list":["post-5450","post","type-post","status-publish","format-standard","has-post-thumbnail","hentry","category-news","entry","rows-excerpt"],"acf":[],"yoast_head":"<!-- This site is optimized with the Yoast SEO plugin v27.5 - https:\/\/yoast.com\/product\/yoast-seo-wordpress\/ -->\n<title>Berlim acolhe pr\u00f3ximo Encontro Europeu da comunidade de Taiz\u00e9 | ECCLESIA NEWS<\/title>\n<meta name=\"robots\" content=\"index, follow, max-snippet:-1, max-image-preview:large, max-video-preview:-1\" \/>\n<link rel=\"canonical\" href=\"https:\/\/news.ecclesia.org.br\/?p=5450\" \/>\n<meta property=\"og:locale\" content=\"pt_BR\" \/>\n<meta property=\"og:type\" content=\"article\" \/>\n<meta property=\"og:title\" content=\"Berlim acolhe pr\u00f3ximo Encontro Europeu da comunidade de Taiz\u00e9 | ECCLESIA NEWS\" \/>\n<meta property=\"og:description\" content=\"A cidade alem\u00e3 de Berlim vai acolher o pr\u00f3ximo encontro europeu promovido pela comunidade ecum\u00eanica de Taiz\u00e9, entre 28 de Dezembro de 2011 e 1 de Janeiro de 2012, anunciou o seu respons\u00e1vel m\u00e1ximo, irm\u00e3o Alois. No final da ora\u00e7\u00e3o&#8230;\" \/>\n<meta property=\"og:url\" content=\"https:\/\/news.ecclesia.org.br\/?p=5450\" \/>\n<meta property=\"og:site_name\" content=\"ECCLESIA NEWS\" \/>\n<meta property=\"article:publisher\" content=\"https:\/\/www.facebook.com\/Ecclesia2025\" \/>\n<meta property=\"article:published_time\" content=\"2010-12-31T14:00:32+00:00\" \/>\n<meta property=\"article:modified_time\" content=\"2016-03-18T04:56:19+00:00\" \/>\n<meta property=\"og:image\" content=\"https:\/\/news.ecclesia.org.br\/wp-content\/uploads\/2010\/12\/irmao-aloisio.jpg\" \/>\n\t<meta property=\"og:image:width\" content=\"320\" \/>\n\t<meta property=\"og:image:height\" content=\"240\" \/>\n\t<meta property=\"og:image:type\" content=\"image\/jpeg\" \/>\n<meta name=\"author\" content=\"Pe. Andr\u00e9\" \/>\n<meta name=\"twitter:card\" content=\"summary_large_image\" \/>\n<meta name=\"twitter:creator\" content=\"@EcclesiaNews\" \/>\n<meta name=\"twitter:site\" content=\"@EcclesiaNews\" \/>\n<meta name=\"twitter:label1\" content=\"Escrito por\" \/>\n\t<meta name=\"twitter:data1\" content=\"Pe. Andr\u00e9\" \/>\n\t<meta name=\"twitter:label2\" content=\"Est. tempo de leitura\" \/>\n\t<meta name=\"twitter:data2\" content=\"1 minuto\" \/>\n<script type=\"application\/ld+json\" class=\"yoast-schema-graph\">{\"@context\":\"https:\\\/\\\/schema.org\",\"@graph\":[{\"@type\":\"Article\",\"@id\":\"https:\\\/\\\/news.ecclesia.org.br\\\/?p=5450#article\",\"isPartOf\":{\"@id\":\"https:\\\/\\\/news.ecclesia.org.br\\\/?p=5450\"},\"author\":{\"name\":\"Pe. Andr\u00e9\",\"@id\":\"https:\\\/\\\/news.ecclesia.org.br\\\/#\\\/schema\\\/person\\\/6f09597f025829745ba414a569f63758\"},\"headline\":\"Berlim acolhe pr\u00f3ximo Encontro Europeu da comunidade de Taiz\u00e9\",\"datePublished\":\"2010-12-31T14:00:32+00:00\",\"dateModified\":\"2016-03-18T04:56:19+00:00\",\"mainEntityOfPage\":{\"@id\":\"https:\\\/\\\/news.ecclesia.org.br\\\/?p=5450\"},\"wordCount\":293,\"commentCount\":0,\"publisher\":{\"@id\":\"https:\\\/\\\/news.ecclesia.org.br\\\/#organization\"},\"image\":{\"@id\":\"https:\\\/\\\/news.ecclesia.org.br\\\/?p=5450#primaryimage\"},\"thumbnailUrl\":\"https:\\\/\\\/news.ecclesia.org.br\\\/wp-content\\\/uploads\\\/2010\\\/12\\\/irmao-aloisio.jpg\",\"articleSection\":[\"NEWS\"],\"inLanguage\":\"pt-BR\",\"potentialAction\":[{\"@type\":\"CommentAction\",\"name\":\"Comment\",\"target\":[\"https:\\\/\\\/news.ecclesia.org.br\\\/?p=5450#respond\"]}]},{\"@type\":\"WebPage\",\"@id\":\"https:\\\/\\\/news.ecclesia.org.br\\\/?p=5450\",\"url\":\"https:\\\/\\\/news.ecclesia.org.br\\\/?p=5450\",\"name\":\"Berlim acolhe pr\u00f3ximo Encontro Europeu da comunidade de Taiz\u00e9 | ECCLESIA NEWS\",\"isPartOf\":{\"@id\":\"https:\\\/\\\/news.ecclesia.org.br\\\/#website\"},\"primaryImageOfPage\":{\"@id\":\"https:\\\/\\\/news.ecclesia.org.br\\\/?p=5450#primaryimage\"},\"image\":{\"@id\":\"https:\\\/\\\/news.ecclesia.org.br\\\/?p=5450#primaryimage\"},\"thumbnailUrl\":\"https:\\\/\\\/news.ecclesia.org.br\\\/wp-content\\\/uploads\\\/2010\\\/12\\\/irmao-aloisio.jpg\",\"datePublished\":\"2010-12-31T14:00:32+00:00\",\"dateModified\":\"2016-03-18T04:56:19+00:00\",\"breadcrumb\":{\"@id\":\"https:\\\/\\\/news.ecclesia.org.br\\\/?p=5450#breadcrumb\"},\"inLanguage\":\"pt-BR\",\"potentialAction\":[{\"@type\":\"ReadAction\",\"target\":[\"https:\\\/\\\/news.ecclesia.org.br\\\/?p=5450\"]}]},{\"@type\":\"ImageObject\",\"inLanguage\":\"pt-BR\",\"@id\":\"https:\\\/\\\/news.ecclesia.org.br\\\/?p=5450#primaryimage\",\"url\":\"https:\\\/\\\/news.ecclesia.org.br\\\/wp-content\\\/uploads\\\/2010\\\/12\\\/irmao-aloisio.jpg\",\"contentUrl\":\"https:\\\/\\\/news.ecclesia.org.br\\\/wp-content\\\/uploads\\\/2010\\\/12\\\/irmao-aloisio.jpg\",\"width\":320,\"height\":240},{\"@type\":\"BreadcrumbList\",\"@id\":\"https:\\\/\\\/news.ecclesia.org.br\\\/?p=5450#breadcrumb\",\"itemListElement\":[{\"@type\":\"ListItem\",\"position\":1,\"name\":\"In\u00edcio\",\"item\":\"https:\\\/\\\/news.ecclesia.org.br\\\/\"},{\"@type\":\"ListItem\",\"position\":2,\"name\":\"Berlim acolhe pr\u00f3ximo Encontro Europeu da comunidade de Taiz\u00e9\"}]},{\"@type\":\"WebSite\",\"@id\":\"https:\\\/\\\/news.ecclesia.org.br\\\/#website\",\"url\":\"https:\\\/\\\/news.ecclesia.org.br\\\/\",\"name\":\"Ecclesia Brasil\",\"description\":\"Desde 2003 onectando o Brasil ao mundo ortodoxo!\",\"publisher\":{\"@id\":\"https:\\\/\\\/news.ecclesia.org.br\\\/#organization\"},\"alternateName\":\"Ecclesia\",\"potentialAction\":[{\"@type\":\"SearchAction\",\"target\":{\"@type\":\"EntryPoint\",\"urlTemplate\":\"https:\\\/\\\/news.ecclesia.org.br\\\/?s={search_term_string}\"},\"query-input\":{\"@type\":\"PropertyValueSpecification\",\"valueRequired\":true,\"valueName\":\"search_term_string\"}}],\"inLanguage\":\"pt-BR\"},{\"@type\":\"Organization\",\"@id\":\"https:\\\/\\\/news.ecclesia.org.br\\\/#organization\",\"name\":\"Sacra Arquidiocese de Buenos Aires e Am\u00e9rica do Sul | Patriarcado Ecum\u00eanico\",\"alternateName\":\"News Ecclesia Brasil\",\"url\":\"https:\\\/\\\/news.ecclesia.org.br\\\/\",\"logo\":{\"@type\":\"ImageObject\",\"inLanguage\":\"pt-BR\",\"@id\":\"https:\\\/\\\/news.ecclesia.org.br\\\/#\\\/schema\\\/logo\\\/image\\\/\",\"url\":\"https:\\\/\\\/news.ecclesia.org.br\\\/wp-content\\\/uploads\\\/2025\\\/05\\\/ecclesia2.png\",\"contentUrl\":\"https:\\\/\\\/news.ecclesia.org.br\\\/wp-content\\\/uploads\\\/2025\\\/05\\\/ecclesia2.png\",\"width\":480,\"height\":120,\"caption\":\"Sacra Arquidiocese de Buenos Aires e Am\u00e9rica do Sul | Patriarcado Ecum\u00eanico\"},\"image\":{\"@id\":\"https:\\\/\\\/news.ecclesia.org.br\\\/#\\\/schema\\\/logo\\\/image\\\/\"},\"sameAs\":[\"https:\\\/\\\/www.facebook.com\\\/Ecclesia2025\",\"https:\\\/\\\/x.com\\\/EcclesiaNews\",\"https:\\\/\\\/br.pinterest.com\\\/ekklisia\\\/\",\"https:\\\/\\\/www.youtube.com\\\/@EcclesiaBrasil\"]},{\"@type\":\"Person\",\"@id\":\"https:\\\/\\\/news.ecclesia.org.br\\\/#\\\/schema\\\/person\\\/6f09597f025829745ba414a569f63758\",\"name\":\"Pe. Andr\u00e9\",\"image\":{\"@type\":\"ImageObject\",\"inLanguage\":\"pt-BR\",\"@id\":\"https:\\\/\\\/secure.gravatar.com\\\/avatar\\\/b4327cfa27e9799da239a26adcd534fc29cdc0c4a4a148eecbcfeb9b42c617ac?s=96&d=mm&r=g\",\"url\":\"https:\\\/\\\/secure.gravatar.com\\\/avatar\\\/b4327cfa27e9799da239a26adcd534fc29cdc0c4a4a148eecbcfeb9b42c617ac?s=96&d=mm&r=g\",\"contentUrl\":\"https:\\\/\\\/secure.gravatar.com\\\/avatar\\\/b4327cfa27e9799da239a26adcd534fc29cdc0c4a4a148eecbcfeb9b42c617ac?s=96&d=mm&r=g\",\"caption\":\"Pe. Andr\u00e9\"},\"sameAs\":[\"https:\\\/\\\/www.ecclesia.org.br\"]}]}<\/script>\n<!-- \/ Yoast SEO plugin. -->","yoast_head_json":{"title":"Berlim acolhe pr\u00f3ximo Encontro Europeu da comunidade de Taiz\u00e9 | ECCLESIA NEWS","robots":{"index":"index","follow":"follow","max-snippet":"max-snippet:-1","max-image-preview":"max-image-preview:large","max-video-preview":"max-video-preview:-1"},"canonical":"https:\/\/news.ecclesia.org.br\/?p=5450","og_locale":"pt_BR","og_type":"article","og_title":"Berlim acolhe pr\u00f3ximo Encontro Europeu da comunidade de Taiz\u00e9 | ECCLESIA NEWS","og_description":"A cidade alem\u00e3 de Berlim vai acolher o pr\u00f3ximo encontro europeu promovido pela comunidade ecum\u00eanica de Taiz\u00e9, entre 28 de Dezembro de 2011 e 1 de Janeiro de 2012, anunciou o seu respons\u00e1vel m\u00e1ximo, irm\u00e3o Alois. No final da ora\u00e7\u00e3o&#8230;","og_url":"https:\/\/news.ecclesia.org.br\/?p=5450","og_site_name":"ECCLESIA NEWS","article_publisher":"https:\/\/www.facebook.com\/Ecclesia2025","article_published_time":"2010-12-31T14:00:32+00:00","article_modified_time":"2016-03-18T04:56:19+00:00","og_image":[{"width":320,"height":240,"url":"https:\/\/news.ecclesia.org.br\/wp-content\/uploads\/2010\/12\/irmao-aloisio.jpg","type":"image\/jpeg"}],"author":"Pe. Andr\u00e9","twitter_card":"summary_large_image","twitter_creator":"@EcclesiaNews","twitter_site":"@EcclesiaNews","twitter_misc":{"Escrito por":"Pe. Andr\u00e9","Est. tempo de leitura":"1 minuto"},"schema":{"@context":"https:\/\/schema.org","@graph":[{"@type":"Article","@id":"https:\/\/news.ecclesia.org.br\/?p=5450#article","isPartOf":{"@id":"https:\/\/news.ecclesia.org.br\/?p=5450"},"author":{"name":"Pe. Andr\u00e9","@id":"https:\/\/news.ecclesia.org.br\/#\/schema\/person\/6f09597f025829745ba414a569f63758"},"headline":"Berlim acolhe pr\u00f3ximo Encontro Europeu da comunidade de Taiz\u00e9","datePublished":"2010-12-31T14:00:32+00:00","dateModified":"2016-03-18T04:56:19+00:00","mainEntityOfPage":{"@id":"https:\/\/news.ecclesia.org.br\/?p=5450"},"wordCount":293,"commentCount":0,"publisher":{"@id":"https:\/\/news.ecclesia.org.br\/#organization"},"image":{"@id":"https:\/\/news.ecclesia.org.br\/?p=5450#primaryimage"},"thumbnailUrl":"https:\/\/news.ecclesia.org.br\/wp-content\/uploads\/2010\/12\/irmao-aloisio.jpg","articleSection":["NEWS"],"inLanguage":"pt-BR","potentialAction":[{"@type":"CommentAction","name":"Comment","target":["https:\/\/news.ecclesia.org.br\/?p=5450#respond"]}]},{"@type":"WebPage","@id":"https:\/\/news.ecclesia.org.br\/?p=5450","url":"https:\/\/news.ecclesia.org.br\/?p=5450","name":"Berlim acolhe pr\u00f3ximo Encontro Europeu da comunidade de Taiz\u00e9 | ECCLESIA NEWS","isPartOf":{"@id":"https:\/\/news.ecclesia.org.br\/#website"},"primaryImageOfPage":{"@id":"https:\/\/news.ecclesia.org.br\/?p=5450#primaryimage"},"image":{"@id":"https:\/\/news.ecclesia.org.br\/?p=5450#primaryimage"},"thumbnailUrl":"https:\/\/news.ecclesia.org.br\/wp-content\/uploads\/2010\/12\/irmao-aloisio.jpg","datePublished":"2010-12-31T14:00:32+00:00","dateModified":"2016-03-18T04:56:19+00:00","breadcrumb":{"@id":"https:\/\/news.ecclesia.org.br\/?p=5450#breadcrumb"},"inLanguage":"pt-BR","potentialAction":[{"@type":"ReadAction","target":["https:\/\/news.ecclesia.org.br\/?p=5450"]}]},{"@type":"ImageObject","inLanguage":"pt-BR","@id":"https:\/\/news.ecclesia.org.br\/?p=5450#primaryimage","url":"https:\/\/news.ecclesia.org.br\/wp-content\/uploads\/2010\/12\/irmao-aloisio.jpg","contentUrl":"https:\/\/news.ecclesia.org.br\/wp-content\/uploads\/2010\/12\/irmao-aloisio.jpg","width":320,"height":240},{"@type":"BreadcrumbList","@id":"https:\/\/news.ecclesia.org.br\/?p=5450#breadcrumb","itemListElement":[{"@type":"ListItem","position":1,"name":"In\u00edcio","item":"https:\/\/news.ecclesia.org.br\/"},{"@type":"ListItem","position":2,"name":"Berlim acolhe pr\u00f3ximo Encontro Europeu da comunidade de Taiz\u00e9"}]},{"@type":"WebSite","@id":"https:\/\/news.ecclesia.org.br\/#website","url":"https:\/\/news.ecclesia.org.br\/","name":"Ecclesia Brasil","description":"Desde 2003 onectando o Brasil ao mundo ortodoxo!","publisher":{"@id":"https:\/\/news.ecclesia.org.br\/#organization"},"alternateName":"Ecclesia","potentialAction":[{"@type":"SearchAction","target":{"@type":"EntryPoint","urlTemplate":"https:\/\/news.ecclesia.org.br\/?s={search_term_string}"},"query-input":{"@type":"PropertyValueSpecification","valueRequired":true,"valueName":"search_term_string"}}],"inLanguage":"pt-BR"},{"@type":"Organization","@id":"https:\/\/news.ecclesia.org.br\/#organization","name":"Sacra Arquidiocese de Buenos Aires e Am\u00e9rica do Sul | Patriarcado Ecum\u00eanico","alternateName":"News Ecclesia Brasil","url":"https:\/\/news.ecclesia.org.br\/","logo":{"@type":"ImageObject","inLanguage":"pt-BR","@id":"https:\/\/news.ecclesia.org.br\/#\/schema\/logo\/image\/","url":"https:\/\/news.ecclesia.org.br\/wp-content\/uploads\/2025\/05\/ecclesia2.png","contentUrl":"https:\/\/news.ecclesia.org.br\/wp-content\/uploads\/2025\/05\/ecclesia2.png","width":480,"height":120,"caption":"Sacra Arquidiocese de Buenos Aires e Am\u00e9rica do Sul | Patriarcado Ecum\u00eanico"},"image":{"@id":"https:\/\/news.ecclesia.org.br\/#\/schema\/logo\/image\/"},"sameAs":["https:\/\/www.facebook.com\/Ecclesia2025","https:\/\/x.com\/EcclesiaNews","https:\/\/br.pinterest.com\/ekklisia\/","https:\/\/www.youtube.com\/@EcclesiaBrasil"]},{"@type":"Person","@id":"https:\/\/news.ecclesia.org.br\/#\/schema\/person\/6f09597f025829745ba414a569f63758","name":"Pe. Andr\u00e9","image":{"@type":"ImageObject","inLanguage":"pt-BR","@id":"https:\/\/secure.gravatar.com\/avatar\/b4327cfa27e9799da239a26adcd534fc29cdc0c4a4a148eecbcfeb9b42c617ac?s=96&d=mm&r=g","url":"https:\/\/secure.gravatar.com\/avatar\/b4327cfa27e9799da239a26adcd534fc29cdc0c4a4a148eecbcfeb9b42c617ac?s=96&d=mm&r=g","contentUrl":"https:\/\/secure.gravatar.com\/avatar\/b4327cfa27e9799da239a26adcd534fc29cdc0c4a4a148eecbcfeb9b42c617ac?s=96&d=mm&r=g","caption":"Pe. Andr\u00e9"},"sameAs":["https:\/\/www.ecclesia.org.br"]}]}},"_links":{"self":[{"href":"https:\/\/news.ecclesia.org.br\/index.php?rest_route=\/wp\/v2\/posts\/5450","targetHints":{"allow":["GET"]}}],"collection":[{"href":"https:\/\/news.ecclesia.org.br\/index.php?rest_route=\/wp\/v2\/posts"}],"about":[{"href":"https:\/\/news.ecclesia.org.br\/index.php?rest_route=\/wp\/v2\/types\/post"}],"author":[{"embeddable":true,"href":"https:\/\/news.ecclesia.org.br\/index.php?rest_route=\/wp\/v2\/users\/1"}],"replies":[{"embeddable":true,"href":"https:\/\/news.ecclesia.org.br\/index.php?rest_route=%2Fwp%2Fv2%2Fcomments&post=5450"}],"version-history":[{"count":0,"href":"https:\/\/news.ecclesia.org.br\/index.php?rest_route=\/wp\/v2\/posts\/5450\/revisions"}],"wp:featuredmedia":[{"embeddable":true,"href":"https:\/\/news.ecclesia.org.br\/index.php?rest_route=\/wp\/v2\/media\/5965"}],"wp:attachment":[{"href":"https:\/\/news.ecclesia.org.br\/index.php?rest_route=%2Fwp%2Fv2%2Fmedia&parent=5450"}],"wp:term":[{"taxonomy":"category","embeddable":true,"href":"https:\/\/news.ecclesia.org.br\/index.php?rest_route=%2Fwp%2Fv2%2Fcategories&post=5450"},{"taxonomy":"post_tag","embeddable":true,"href":"https:\/\/news.ecclesia.org.br\/index.php?rest_route=%2Fwp%2Fv2%2Ftags&post=5450"}],"curies":[{"name":"wp","href":"https:\/\/api.w.org\/{rel}","templated":true}]}}