{"id":5447,"date":"2010-12-30T17:45:25","date_gmt":"2010-12-30T19:45:25","guid":{"rendered":"http:\/\/www.ecclesia.com.br\/news\/?p=5447"},"modified":"2016-03-18T04:57:18","modified_gmt":"2016-03-18T04:57:18","slug":"programa-ortodoxo-missionario-latino-americano-poms","status":"publish","type":"post","link":"https:\/\/news.ecclesia.org.br\/?p=5447","title":{"rendered":"Programa Ortodoxo Mission\u00e1rio Latino-Americano  (POMS)"},"content":{"rendered":"<p><strong>Conclu\u00eddo com \u00eaxito a\u00a0primeira fase\u00a0do\u00a0Programa<\/strong><\/p>\n<p style=\"text-align: justify;\"><img fetchpriority=\"high\" decoding=\"async\" class=\"alignleft size-full wp-image-6035\" src=\"https:\/\/news.ecclesia.org.br\/2013\/wp-content\/uploads\/2010\/12\/arquidiocese.jpg\" alt=\"arquidiocese\" width=\"320\" height=\"240\" \/>BUENOS AIRES,\u00a0Argentina,\u00a029 de dezembro de 2010 &#8212;\u00a0Chegando nos santos doze dias\u00a0em que\u00a0celebramos\u00a0os acontecimentos salv\u00edficos\u00a0da encarna\u00e7\u00e3o de nosso Te\u00e2ntropo Cristo\u00a0para nossa\u00a0salva\u00e7\u00e3o, deu-se por encerrada a Primeira Fase\u00a0do\u00a0Programa Ortodoxo\u00a0Mission\u00e1rio\u00a0Latino-Americano\u00a0 (POMS),\u00a0que teve in\u00edcio no m\u00eas de\u00a0setembro deste\u00a0ano.\u00a0A abertura desta primeira fase ocorreu com\u00a0a visita\u00a0do\u00a0Vig\u00e1rio Geral, Arquimandrita Iosif\u00a0L.\u00a0Bosch\u00a0ao Chile\u00a0e\u00a0Brasil para a realiza\u00e7\u00e3o dos semin\u00e1rios\u00a0de informa\u00e7\u00e3o\u00a0aos\u00a0sacerdotes que participam do Programa.<\/p>\n<p style=\"text-align: justify;\">Neste per\u00edodo, um semin\u00e1rio\u00a0tratando do tema foi promovido em Buenos Aires e contou com a participa\u00e7\u00e3o de S. Emin\u00eancia Reverend\u00edssima Dom Tarasios, Arcebispo Metropolitano de Buenos Aires, assim como, dos sacerdotes que participam do Programa na Argentina. Ap\u00f3s\u00a0os semin\u00e1rios,\u00a0a\u00a0Arquidiocese\u00a0estabeleceu contatos\u00a0com\u00a0as comunidades destinat\u00e1rias do Programa e com os sacerdotes para tratar mais detalhadamente da organiza\u00e7\u00e3o das visitas programadas para esta Primeira Fase. A Arquidiocese estruturou o Programa por regi\u00e3o e sub-regi\u00f5es de modo a otimizar, quanto poss\u00edvel, o trabalho pastoral e mission\u00e1rio em seu territ\u00f3rio.<\/p>\n<p style=\"text-align: justify;\">O Revdo. Pe. Gabriel\u00a0Diaz,\u00a0respons\u00e1vel\u00a0mission\u00e1rio pela sub-regi\u00e3o do Centro e\u00a0Norte\u00a0da Argentina, inaugurou\u00a0com \u00eaxito a\u00a0primeira fase\u00a0de suas visitas mission\u00e1rias \u00e0s comunidades\u00a0de Salta e Jujuy.\u00a0Posteriormente, Pe. Gabriel seguiu com suas atividades\u00a0na comunidade\u00a0de\u00a0Mendoza,\u00a0onde foi calorosamente acolhido pelos fi\u00e9is helenos e filohelenos daquela cidade.\u00a0 O trabalho j\u00e1 desenvolvido nesta regi\u00e3o gerou um clima favor\u00e1vel de boas expectativas em vista de um futuro frut\u00edfero pr\u00f3ximo, com a Gra\u00e7a de Deus. Al\u00e9m das Cordilheiras, o Revdo. Pe. Sergio\u00a0 Benavides,\u00a0respons\u00e1vel\u00a0pela\u00a0sub-regi\u00e3o\u00a0do\u00a0Norte do\u00a0Chile,\u00a0iniciou suas atividades visitando com muito \u00eaxito a\u00a0pr\u00f3spera\u00a0 comunidade\u00a0 de Antofagasta,\u00a0gerando boas expectativas\u00a0para\u00a0o\u00a0futuro.\u00a0Num clima de confraterniza\u00e7\u00e3o e companheirismo, Pe. S\u00e9rgio levou a palavra da Igreja, numa linguagem pedag\u00f3gica, clara e simples. Por sua vez, Pe. Ignatios Cavieres, reitor paroquial de Santiago do Chile, realizou freq\u00fcentes contatos, visitando em diversas oportunidades nossaa comunidade de Vi\u00f1a del Mar, procurando organizar eclesiasticamente aquela comunidade que vive momentos delicados, enfrentando dificuldades relacionadas \u00e0 sua situa\u00e7\u00e3o da jurisdi\u00e7\u00e3o can\u00f4nica do templo. Vale destacar, em rela\u00e7\u00e3o \u00e0 atua\u00e7\u00e3o do POMS, que todos os esfor\u00e7os j\u00e1 desenvolvidos est\u00e3o relacionados \u00e0 assist\u00eancia espiritual da comunidade de fi\u00e9is da Arquidiocese em Vi\u00f1a del Mar.<\/p>\n<p style=\"text-align: justify;\">A a\u00e7\u00e3o do POMS na Patag\u00f4nia foi poss\u00edvel gra\u00e7as a presen\u00e7a do Vig\u00e1rio Geral da Arquidiocese, Mons. Iosif L. Bosch que visitou a comunidade de \u00a0Comodoro Rivadavia. Num clima de amizade e simpatia foram realizadas atividades sociais e catequ\u00e9ticas programadas, culminando com a celebra\u00e7\u00e3o da Divina Liturgia no dia 8 de dezembro, em comemora\u00e7\u00e3o ao patrono daquele santo Templo, S\u00e3o Nicolau de Myra, que esteve lotado de fi\u00e9is de v\u00e1rias origens \u00e9tnicas.<\/p>\n<p style=\"text-align: justify;\">Por sua parte, o Revdo. Pe. \u00a0Demetrios Mygdalis visitou a comunidade de Ros\u00e1rio, realizando atividades catequ\u00e9ticas, sacramentais e sociais durante um fim de semana muito ativo que culminou com a celebra\u00e7\u00e3o da Divina Liturgia em nosso Templo de Ros\u00e1rio. Nesta comunidade, a expectativa \u00e9 que este trabalho seja intensificado com freq\u00fcentes visitas de Pe. Dem\u00e9trio, o respons\u00e1vel do POMS por esta regi\u00e3o.<\/p>\n<p style=\"text-align: justify;\">Encerrando o per\u00edodo de visitas nesta Primeira Fase, o Revdo. Pe. Ioannis Arguiris visitar\u00e1 nos pr\u00f3ximos dias a comunidade de Mar del Plata e, seguramente, retornar\u00e1 \u00e0 Costa Atl\u00e2ntica Argentina ap\u00f3s findar a temporada de Ver\u00e3o, para seguir visitando outras comunidades como Nechochea e Bah\u00eda Blanca. Assim, conclui-se esta I Fase do POMS, entidade apoiada economicamente pela pela Funda\u00e7\u00e3o Mission\u00e1ria \u00abCosme de Aitolia\u00bb de Tessal\u00f4nica, Gr\u00e9cia. O programa retoma suas atividades da Segunda Fase ap\u00f3s o per\u00edodo de f\u00e9rias de ver\u00e3o. Esperamos, com a gra\u00e7a de Deus, poder chegar a todas as nossas comunidades para poder dar melhor assist\u00eancia na medida de nossas possibilidades.<\/p>\n<p style=\"text-align: justify;\">A Arquidiocese felicita aos sacerdotes que, com zelo e entusiasmo realizaram estas visitas, animando-os a prosseguir participando das obras mission\u00e1rias arquidiocesanas, para a gl\u00f3ria de Deus e a salva\u00e7\u00e3o de todos. Sa\u00fada, igualmente, a todas as comunidades visitadas e ainda por visitar, valendo-se desta ocasi\u00e3o para dizer que, mesmo distantes, todas est\u00e3o presentes na mente e no pensamento de suas autoridades e que, continuamente, esfor\u00e7am-se por chegar e fazer chegar sacerdotes que os levem conforto espiritual com a mensagem do Evangelho e da Ortodoxia.<\/p>\n","protected":false},"excerpt":{"rendered":"<p>Conclu\u00eddo com \u00eaxito a\u00a0primeira fase\u00a0do\u00a0Programa BUENOS AIRES,\u00a0Argentina,\u00a029 de dezembro de 2010 &#8212;\u00a0Chegando nos santos doze dias\u00a0em que\u00a0celebramos\u00a0os acontecimentos salv\u00edficos\u00a0da encarna\u00e7\u00e3o de nosso Te\u00e2ntropo Cristo\u00a0para nossa\u00a0salva\u00e7\u00e3o, deu-se por encerrada a Primeira Fase\u00a0do\u00a0Programa Ortodoxo\u00a0Mission\u00e1rio\u00a0Latino-Americano\u00a0 (POMS),\u00a0que teve in\u00edcio no m\u00eas de\u00a0setembro deste\u00a0ano.\u00a0A abertura&#8230;<\/p>\n","protected":false},"author":1,"featured_media":0,"comment_status":"open","ping_status":"open","sticky":false,"template":"","format":"standard","meta":{"_acf_changed":false,"footnotes":""},"categories":[1],"tags":[],"class_list":["post-5447","post","type-post","status-publish","format-standard","hentry","category-news","entry","rows-excerpt"],"acf":[],"yoast_head":"<!-- This site is optimized with the Yoast SEO plugin v27.5 - https:\/\/yoast.com\/product\/yoast-seo-wordpress\/ -->\n<title>Programa Ortodoxo Mission\u00e1rio Latino-Americano (POMS) | ECCLESIA NEWS<\/title>\n<meta name=\"robots\" content=\"index, follow, max-snippet:-1, max-image-preview:large, max-video-preview:-1\" \/>\n<link rel=\"canonical\" href=\"https:\/\/news.ecclesia.org.br\/?p=5447\" \/>\n<meta property=\"og:locale\" content=\"pt_BR\" \/>\n<meta property=\"og:type\" content=\"article\" \/>\n<meta property=\"og:title\" content=\"Programa Ortodoxo Mission\u00e1rio Latino-Americano (POMS) | ECCLESIA NEWS\" \/>\n<meta property=\"og:description\" content=\"Conclu\u00eddo com \u00eaxito a\u00a0primeira fase\u00a0do\u00a0Programa BUENOS AIRES,\u00a0Argentina,\u00a029 de dezembro de 2010 &#8212;\u00a0Chegando nos santos doze dias\u00a0em que\u00a0celebramos\u00a0os acontecimentos salv\u00edficos\u00a0da encarna\u00e7\u00e3o de nosso Te\u00e2ntropo Cristo\u00a0para nossa\u00a0salva\u00e7\u00e3o, deu-se por encerrada a Primeira Fase\u00a0do\u00a0Programa Ortodoxo\u00a0Mission\u00e1rio\u00a0Latino-Americano\u00a0 (POMS),\u00a0que teve in\u00edcio no m\u00eas de\u00a0setembro deste\u00a0ano.\u00a0A abertura&#8230;\" \/>\n<meta property=\"og:url\" content=\"https:\/\/news.ecclesia.org.br\/?p=5447\" \/>\n<meta property=\"og:site_name\" content=\"ECCLESIA NEWS\" \/>\n<meta property=\"article:publisher\" content=\"https:\/\/www.facebook.com\/Ecclesia2025\" \/>\n<meta property=\"article:published_time\" content=\"2010-12-30T19:45:25+00:00\" \/>\n<meta property=\"article:modified_time\" content=\"2016-03-18T04:57:18+00:00\" \/>\n<meta property=\"og:image\" content=\"https:\/\/news.ecclesia.org.br\/2013\/wp-content\/uploads\/2010\/12\/arquidiocese.jpg\" \/>\n<meta name=\"author\" content=\"Pe. Andr\u00e9\" \/>\n<meta name=\"twitter:card\" content=\"summary_large_image\" \/>\n<meta name=\"twitter:creator\" content=\"@EcclesiaNews\" \/>\n<meta name=\"twitter:site\" content=\"@EcclesiaNews\" \/>\n<meta name=\"twitter:label1\" content=\"Escrito por\" \/>\n\t<meta name=\"twitter:data1\" content=\"Pe. Andr\u00e9\" \/>\n\t<meta name=\"twitter:label2\" content=\"Est. tempo de leitura\" \/>\n\t<meta name=\"twitter:data2\" content=\"4 minutos\" \/>\n<script type=\"application\/ld+json\" class=\"yoast-schema-graph\">{\"@context\":\"https:\\\/\\\/schema.org\",\"@graph\":[{\"@type\":\"Article\",\"@id\":\"https:\\\/\\\/news.ecclesia.org.br\\\/?p=5447#article\",\"isPartOf\":{\"@id\":\"https:\\\/\\\/news.ecclesia.org.br\\\/?p=5447\"},\"author\":{\"name\":\"Pe. Andr\u00e9\",\"@id\":\"https:\\\/\\\/news.ecclesia.org.br\\\/#\\\/schema\\\/person\\\/6f09597f025829745ba414a569f63758\"},\"headline\":\"Programa Ortodoxo Mission\u00e1rio Latino-Americano (POMS)\",\"datePublished\":\"2010-12-30T19:45:25+00:00\",\"dateModified\":\"2016-03-18T04:57:18+00:00\",\"mainEntityOfPage\":{\"@id\":\"https:\\\/\\\/news.ecclesia.org.br\\\/?p=5447\"},\"wordCount\":804,\"commentCount\":0,\"publisher\":{\"@id\":\"https:\\\/\\\/news.ecclesia.org.br\\\/#organization\"},\"image\":{\"@id\":\"https:\\\/\\\/news.ecclesia.org.br\\\/?p=5447#primaryimage\"},\"thumbnailUrl\":\"https:\\\/\\\/news.ecclesia.org.br\\\/2013\\\/wp-content\\\/uploads\\\/2010\\\/12\\\/arquidiocese.jpg\",\"articleSection\":[\"NEWS\"],\"inLanguage\":\"pt-BR\",\"potentialAction\":[{\"@type\":\"CommentAction\",\"name\":\"Comment\",\"target\":[\"https:\\\/\\\/news.ecclesia.org.br\\\/?p=5447#respond\"]}]},{\"@type\":\"WebPage\",\"@id\":\"https:\\\/\\\/news.ecclesia.org.br\\\/?p=5447\",\"url\":\"https:\\\/\\\/news.ecclesia.org.br\\\/?p=5447\",\"name\":\"Programa Ortodoxo Mission\u00e1rio Latino-Americano (POMS) | ECCLESIA NEWS\",\"isPartOf\":{\"@id\":\"https:\\\/\\\/news.ecclesia.org.br\\\/#website\"},\"primaryImageOfPage\":{\"@id\":\"https:\\\/\\\/news.ecclesia.org.br\\\/?p=5447#primaryimage\"},\"image\":{\"@id\":\"https:\\\/\\\/news.ecclesia.org.br\\\/?p=5447#primaryimage\"},\"thumbnailUrl\":\"https:\\\/\\\/news.ecclesia.org.br\\\/2013\\\/wp-content\\\/uploads\\\/2010\\\/12\\\/arquidiocese.jpg\",\"datePublished\":\"2010-12-30T19:45:25+00:00\",\"dateModified\":\"2016-03-18T04:57:18+00:00\",\"breadcrumb\":{\"@id\":\"https:\\\/\\\/news.ecclesia.org.br\\\/?p=5447#breadcrumb\"},\"inLanguage\":\"pt-BR\",\"potentialAction\":[{\"@type\":\"ReadAction\",\"target\":[\"https:\\\/\\\/news.ecclesia.org.br\\\/?p=5447\"]}]},{\"@type\":\"ImageObject\",\"inLanguage\":\"pt-BR\",\"@id\":\"https:\\\/\\\/news.ecclesia.org.br\\\/?p=5447#primaryimage\",\"url\":\"\",\"contentUrl\":\"\"},{\"@type\":\"BreadcrumbList\",\"@id\":\"https:\\\/\\\/news.ecclesia.org.br\\\/?p=5447#breadcrumb\",\"itemListElement\":[{\"@type\":\"ListItem\",\"position\":1,\"name\":\"In\u00edcio\",\"item\":\"https:\\\/\\\/news.ecclesia.org.br\\\/\"},{\"@type\":\"ListItem\",\"position\":2,\"name\":\"Programa Ortodoxo Mission\u00e1rio Latino-Americano (POMS)\"}]},{\"@type\":\"WebSite\",\"@id\":\"https:\\\/\\\/news.ecclesia.org.br\\\/#website\",\"url\":\"https:\\\/\\\/news.ecclesia.org.br\\\/\",\"name\":\"Ecclesia Brasil\",\"description\":\"Desde 2003 onectando o Brasil ao mundo ortodoxo!\",\"publisher\":{\"@id\":\"https:\\\/\\\/news.ecclesia.org.br\\\/#organization\"},\"alternateName\":\"Ecclesia\",\"potentialAction\":[{\"@type\":\"SearchAction\",\"target\":{\"@type\":\"EntryPoint\",\"urlTemplate\":\"https:\\\/\\\/news.ecclesia.org.br\\\/?s={search_term_string}\"},\"query-input\":{\"@type\":\"PropertyValueSpecification\",\"valueRequired\":true,\"valueName\":\"search_term_string\"}}],\"inLanguage\":\"pt-BR\"},{\"@type\":\"Organization\",\"@id\":\"https:\\\/\\\/news.ecclesia.org.br\\\/#organization\",\"name\":\"Sacra Arquidiocese de Buenos Aires e Am\u00e9rica do Sul | Patriarcado Ecum\u00eanico\",\"alternateName\":\"News Ecclesia Brasil\",\"url\":\"https:\\\/\\\/news.ecclesia.org.br\\\/\",\"logo\":{\"@type\":\"ImageObject\",\"inLanguage\":\"pt-BR\",\"@id\":\"https:\\\/\\\/news.ecclesia.org.br\\\/#\\\/schema\\\/logo\\\/image\\\/\",\"url\":\"https:\\\/\\\/news.ecclesia.org.br\\\/wp-content\\\/uploads\\\/2025\\\/05\\\/ecclesia2.png\",\"contentUrl\":\"https:\\\/\\\/news.ecclesia.org.br\\\/wp-content\\\/uploads\\\/2025\\\/05\\\/ecclesia2.png\",\"width\":480,\"height\":120,\"caption\":\"Sacra Arquidiocese de Buenos Aires e Am\u00e9rica do Sul | Patriarcado Ecum\u00eanico\"},\"image\":{\"@id\":\"https:\\\/\\\/news.ecclesia.org.br\\\/#\\\/schema\\\/logo\\\/image\\\/\"},\"sameAs\":[\"https:\\\/\\\/www.facebook.com\\\/Ecclesia2025\",\"https:\\\/\\\/x.com\\\/EcclesiaNews\",\"https:\\\/\\\/br.pinterest.com\\\/ekklisia\\\/\",\"https:\\\/\\\/www.youtube.com\\\/@EcclesiaBrasil\"]},{\"@type\":\"Person\",\"@id\":\"https:\\\/\\\/news.ecclesia.org.br\\\/#\\\/schema\\\/person\\\/6f09597f025829745ba414a569f63758\",\"name\":\"Pe. Andr\u00e9\",\"image\":{\"@type\":\"ImageObject\",\"inLanguage\":\"pt-BR\",\"@id\":\"https:\\\/\\\/secure.gravatar.com\\\/avatar\\\/b4327cfa27e9799da239a26adcd534fc29cdc0c4a4a148eecbcfeb9b42c617ac?s=96&d=mm&r=g\",\"url\":\"https:\\\/\\\/secure.gravatar.com\\\/avatar\\\/b4327cfa27e9799da239a26adcd534fc29cdc0c4a4a148eecbcfeb9b42c617ac?s=96&d=mm&r=g\",\"contentUrl\":\"https:\\\/\\\/secure.gravatar.com\\\/avatar\\\/b4327cfa27e9799da239a26adcd534fc29cdc0c4a4a148eecbcfeb9b42c617ac?s=96&d=mm&r=g\",\"caption\":\"Pe. Andr\u00e9\"},\"sameAs\":[\"https:\\\/\\\/www.ecclesia.org.br\"]}]}<\/script>\n<!-- \/ Yoast SEO plugin. -->","yoast_head_json":{"title":"Programa Ortodoxo Mission\u00e1rio Latino-Americano (POMS) | ECCLESIA NEWS","robots":{"index":"index","follow":"follow","max-snippet":"max-snippet:-1","max-image-preview":"max-image-preview:large","max-video-preview":"max-video-preview:-1"},"canonical":"https:\/\/news.ecclesia.org.br\/?p=5447","og_locale":"pt_BR","og_type":"article","og_title":"Programa Ortodoxo Mission\u00e1rio Latino-Americano (POMS) | ECCLESIA NEWS","og_description":"Conclu\u00eddo com \u00eaxito a\u00a0primeira fase\u00a0do\u00a0Programa BUENOS AIRES,\u00a0Argentina,\u00a029 de dezembro de 2010 &#8212;\u00a0Chegando nos santos doze dias\u00a0em que\u00a0celebramos\u00a0os acontecimentos salv\u00edficos\u00a0da encarna\u00e7\u00e3o de nosso Te\u00e2ntropo Cristo\u00a0para nossa\u00a0salva\u00e7\u00e3o, deu-se por encerrada a Primeira Fase\u00a0do\u00a0Programa Ortodoxo\u00a0Mission\u00e1rio\u00a0Latino-Americano\u00a0 (POMS),\u00a0que teve in\u00edcio no m\u00eas de\u00a0setembro deste\u00a0ano.\u00a0A abertura&#8230;","og_url":"https:\/\/news.ecclesia.org.br\/?p=5447","og_site_name":"ECCLESIA NEWS","article_publisher":"https:\/\/www.facebook.com\/Ecclesia2025","article_published_time":"2010-12-30T19:45:25+00:00","article_modified_time":"2016-03-18T04:57:18+00:00","og_image":[{"url":"https:\/\/news.ecclesia.org.br\/2013\/wp-content\/uploads\/2010\/12\/arquidiocese.jpg","type":"","width":"","height":""}],"author":"Pe. Andr\u00e9","twitter_card":"summary_large_image","twitter_creator":"@EcclesiaNews","twitter_site":"@EcclesiaNews","twitter_misc":{"Escrito por":"Pe. Andr\u00e9","Est. tempo de leitura":"4 minutos"},"schema":{"@context":"https:\/\/schema.org","@graph":[{"@type":"Article","@id":"https:\/\/news.ecclesia.org.br\/?p=5447#article","isPartOf":{"@id":"https:\/\/news.ecclesia.org.br\/?p=5447"},"author":{"name":"Pe. Andr\u00e9","@id":"https:\/\/news.ecclesia.org.br\/#\/schema\/person\/6f09597f025829745ba414a569f63758"},"headline":"Programa Ortodoxo Mission\u00e1rio Latino-Americano (POMS)","datePublished":"2010-12-30T19:45:25+00:00","dateModified":"2016-03-18T04:57:18+00:00","mainEntityOfPage":{"@id":"https:\/\/news.ecclesia.org.br\/?p=5447"},"wordCount":804,"commentCount":0,"publisher":{"@id":"https:\/\/news.ecclesia.org.br\/#organization"},"image":{"@id":"https:\/\/news.ecclesia.org.br\/?p=5447#primaryimage"},"thumbnailUrl":"https:\/\/news.ecclesia.org.br\/2013\/wp-content\/uploads\/2010\/12\/arquidiocese.jpg","articleSection":["NEWS"],"inLanguage":"pt-BR","potentialAction":[{"@type":"CommentAction","name":"Comment","target":["https:\/\/news.ecclesia.org.br\/?p=5447#respond"]}]},{"@type":"WebPage","@id":"https:\/\/news.ecclesia.org.br\/?p=5447","url":"https:\/\/news.ecclesia.org.br\/?p=5447","name":"Programa Ortodoxo Mission\u00e1rio Latino-Americano (POMS) | ECCLESIA NEWS","isPartOf":{"@id":"https:\/\/news.ecclesia.org.br\/#website"},"primaryImageOfPage":{"@id":"https:\/\/news.ecclesia.org.br\/?p=5447#primaryimage"},"image":{"@id":"https:\/\/news.ecclesia.org.br\/?p=5447#primaryimage"},"thumbnailUrl":"https:\/\/news.ecclesia.org.br\/2013\/wp-content\/uploads\/2010\/12\/arquidiocese.jpg","datePublished":"2010-12-30T19:45:25+00:00","dateModified":"2016-03-18T04:57:18+00:00","breadcrumb":{"@id":"https:\/\/news.ecclesia.org.br\/?p=5447#breadcrumb"},"inLanguage":"pt-BR","potentialAction":[{"@type":"ReadAction","target":["https:\/\/news.ecclesia.org.br\/?p=5447"]}]},{"@type":"ImageObject","inLanguage":"pt-BR","@id":"https:\/\/news.ecclesia.org.br\/?p=5447#primaryimage","url":"","contentUrl":""},{"@type":"BreadcrumbList","@id":"https:\/\/news.ecclesia.org.br\/?p=5447#breadcrumb","itemListElement":[{"@type":"ListItem","position":1,"name":"In\u00edcio","item":"https:\/\/news.ecclesia.org.br\/"},{"@type":"ListItem","position":2,"name":"Programa Ortodoxo Mission\u00e1rio Latino-Americano (POMS)"}]},{"@type":"WebSite","@id":"https:\/\/news.ecclesia.org.br\/#website","url":"https:\/\/news.ecclesia.org.br\/","name":"Ecclesia Brasil","description":"Desde 2003 onectando o Brasil ao mundo ortodoxo!","publisher":{"@id":"https:\/\/news.ecclesia.org.br\/#organization"},"alternateName":"Ecclesia","potentialAction":[{"@type":"SearchAction","target":{"@type":"EntryPoint","urlTemplate":"https:\/\/news.ecclesia.org.br\/?s={search_term_string}"},"query-input":{"@type":"PropertyValueSpecification","valueRequired":true,"valueName":"search_term_string"}}],"inLanguage":"pt-BR"},{"@type":"Organization","@id":"https:\/\/news.ecclesia.org.br\/#organization","name":"Sacra Arquidiocese de Buenos Aires e Am\u00e9rica do Sul | Patriarcado Ecum\u00eanico","alternateName":"News Ecclesia Brasil","url":"https:\/\/news.ecclesia.org.br\/","logo":{"@type":"ImageObject","inLanguage":"pt-BR","@id":"https:\/\/news.ecclesia.org.br\/#\/schema\/logo\/image\/","url":"https:\/\/news.ecclesia.org.br\/wp-content\/uploads\/2025\/05\/ecclesia2.png","contentUrl":"https:\/\/news.ecclesia.org.br\/wp-content\/uploads\/2025\/05\/ecclesia2.png","width":480,"height":120,"caption":"Sacra Arquidiocese de Buenos Aires e Am\u00e9rica do Sul | Patriarcado Ecum\u00eanico"},"image":{"@id":"https:\/\/news.ecclesia.org.br\/#\/schema\/logo\/image\/"},"sameAs":["https:\/\/www.facebook.com\/Ecclesia2025","https:\/\/x.com\/EcclesiaNews","https:\/\/br.pinterest.com\/ekklisia\/","https:\/\/www.youtube.com\/@EcclesiaBrasil"]},{"@type":"Person","@id":"https:\/\/news.ecclesia.org.br\/#\/schema\/person\/6f09597f025829745ba414a569f63758","name":"Pe. Andr\u00e9","image":{"@type":"ImageObject","inLanguage":"pt-BR","@id":"https:\/\/secure.gravatar.com\/avatar\/b4327cfa27e9799da239a26adcd534fc29cdc0c4a4a148eecbcfeb9b42c617ac?s=96&d=mm&r=g","url":"https:\/\/secure.gravatar.com\/avatar\/b4327cfa27e9799da239a26adcd534fc29cdc0c4a4a148eecbcfeb9b42c617ac?s=96&d=mm&r=g","contentUrl":"https:\/\/secure.gravatar.com\/avatar\/b4327cfa27e9799da239a26adcd534fc29cdc0c4a4a148eecbcfeb9b42c617ac?s=96&d=mm&r=g","caption":"Pe. Andr\u00e9"},"sameAs":["https:\/\/www.ecclesia.org.br"]}]}},"_links":{"self":[{"href":"https:\/\/news.ecclesia.org.br\/index.php?rest_route=\/wp\/v2\/posts\/5447","targetHints":{"allow":["GET"]}}],"collection":[{"href":"https:\/\/news.ecclesia.org.br\/index.php?rest_route=\/wp\/v2\/posts"}],"about":[{"href":"https:\/\/news.ecclesia.org.br\/index.php?rest_route=\/wp\/v2\/types\/post"}],"author":[{"embeddable":true,"href":"https:\/\/news.ecclesia.org.br\/index.php?rest_route=\/wp\/v2\/users\/1"}],"replies":[{"embeddable":true,"href":"https:\/\/news.ecclesia.org.br\/index.php?rest_route=%2Fwp%2Fv2%2Fcomments&post=5447"}],"version-history":[{"count":0,"href":"https:\/\/news.ecclesia.org.br\/index.php?rest_route=\/wp\/v2\/posts\/5447\/revisions"}],"wp:attachment":[{"href":"https:\/\/news.ecclesia.org.br\/index.php?rest_route=%2Fwp%2Fv2%2Fmedia&parent=5447"}],"wp:term":[{"taxonomy":"category","embeddable":true,"href":"https:\/\/news.ecclesia.org.br\/index.php?rest_route=%2Fwp%2Fv2%2Fcategories&post=5447"},{"taxonomy":"post_tag","embeddable":true,"href":"https:\/\/news.ecclesia.org.br\/index.php?rest_route=%2Fwp%2Fv2%2Ftags&post=5447"}],"curies":[{"name":"wp","href":"https:\/\/api.w.org\/{rel}","templated":true}]}}