{"id":5438,"date":"2010-12-29T00:19:54","date_gmt":"2010-12-29T02:19:54","guid":{"rendered":"http:\/\/www.ecclesia.com.br\/news\/?p=5438"},"modified":"2016-03-18T04:58:30","modified_gmt":"2016-03-18T04:58:30","slug":"comeca-hoje-encontro-de-taize-em-roterda","status":"publish","type":"post","link":"https:\/\/news.ecclesia.org.br\/?p=5438","title":{"rendered":"Come\u00e7a hoje encontro de Taiz\u00e9 em Roterd\u00e3"},"content":{"rendered":"<p style=\"text-align: justify;\"><img fetchpriority=\"high\" decoding=\"async\" class=\"alignleft size-full wp-image-5971\" src=\"https:\/\/news.ecclesia.org.br\/2013\/wp-content\/uploads\/2010\/12\/taize-roterda.jpg\" alt=\"taize-roterda\" width=\"320\" height=\"240\" srcset=\"https:\/\/news.ecclesia.org.br\/wp-content\/uploads\/2010\/12\/taize-roterda.jpg 320w, https:\/\/news.ecclesia.org.br\/wp-content\/uploads\/2010\/12\/taize-roterda-300x225.jpg 300w, https:\/\/news.ecclesia.org.br\/wp-content\/uploads\/2010\/12\/taize-roterda-73x55.jpg 73w\" sizes=\"(max-width: 320px) 100vw, 320px\" \/>Roterd\u00e3, 28 dez (RV) &#8211; Cerca de 30 mil jovens ir\u00e3o participar do 33\u00b0 Encontro Europeu de Taiz\u00e9, que tem in\u00edcio nesta ter\u00e7a-feira, 28 de dezembro e se conclui no pr\u00f3ximo 1\u00ba de janeiro 2011, em Roterd\u00e3, na Holanda. Est\u00e1 nova etapa da \u00abPeregrina\u00e7\u00e3o de Confian\u00e7a\u00bb animada pela Comunidade ecum\u00eanica tem este ano, como reflex\u00e3o a \u00abCarta do Chile\u00bb, escrita pelo irm\u00e3o Alois, prior de Taiz\u00e9. Atrav\u00e9s desta Carta, os jovens ser\u00e3o convidados a refletir sobre a alegria e sobre a solidariedade com os que sofrem, \u00abuma alegria que resiste ao desalento\u00bb. Roterd\u00e3 \u00e9 a terra natal de Erasmus, humanista, te\u00f3logo e padre cat\u00f3lico que viveu entre os s\u00e9culos XV e XVI e que d\u00e1 nome a um programa de interc\u00e2mbio com estudantes universit\u00e1rios da Uni\u00e3o Europ\u00e9ia. Os jovens ficar\u00e3o nas 150 igrejas de acolhimento e \u00e0 tarde se encontrar\u00e3o no parque de exposi\u00e7\u00f5es da cidade (Ahoy), para as refei\u00e7\u00f5es e para as ora\u00e7\u00f5es comunit\u00e1rias. Os encontros da tarde ajudar\u00e3o os jovens a refletir sobre as fontes da f\u00e9 e sobre o seu compromisso ao servi\u00e7o de Cristo, na Igreja e na sociedade. Estes encontros ter\u00e3o lugar nas tardes dos dias 29 e 30 de Dezembro e ser\u00e3o animados por irm\u00e3os de Taiz\u00e9 e tamb\u00e9m por membros da comunidade local. O irm\u00e3o Alois falar\u00e1 aos jovens todas as noites durante a ora\u00e7\u00e3o comunit\u00e1ria no Parque de Exposi\u00e7\u00f5es (Ahoy). O acolhimento aos peregrinos conta com a colabora\u00e7\u00e3o de par\u00f3quias cat\u00f3licas e protestantes de cidades pr\u00f3ximas, como Haia ou Delft. Nesse interim, o Papa Bento XVI, o Secret\u00e1rio-Geral da ONU e o Presidente do Conselho Europeu, al\u00e9m de respons\u00e1veis do mundo crist\u00e3o protestante e ortodoxo, enviaram mensagens de est\u00edmulo e reconhecimento por ocasi\u00e3o do Encontro Europeu de Taiz\u00e9 em Roterd\u00e3. Referindo-se \u00e0 iniciativa o Papa \u00abinvoca a for\u00e7a e a paz do Esp\u00edrito Santo\u00bb sobre os jovens, assim como sobre os pastores, par\u00f3quias e fam\u00edlias que os acolhem, na esperan\u00e7a de que os participantes sejam conduzidos \u00ab\u00e0s fontes da alegria\u00bb. Por sua vez, o Secret\u00e1rio-Geral das Na\u00e7\u00f5es Unidas, Ban Ki-Moon, sublinha que \u00abna era em que os desafios ultrapassam fronteiras e t\u00eam um alcance global\u00bb, o futuro \u00abdepende de um bom trabalho coletivo\u00bb.\u00a0 O respons\u00e1vel afirma que a ONU conta com os jovens \u00abneste tempo de prova\u00e7\u00e3o\u00bb para levarem a \u00abchama da solidariedade global\u00bb e para ajudarem a Organiza\u00e7\u00e3o \u00aba dar aquilo que o mundo precisa neste momento crucial\u00bb. O presidente do Conselho Europeu, Herman van Rompuy, escreve que se enche \u00abde alegria interior\u00bb ao ouvir o nome de Taiz\u00e9, \u00abcom seus irm\u00e3os, os seus jovens e menos jovens, de religi\u00e3o crist\u00e3 mas de confiss\u00f5es diferentes, trazendo cada um, pela sua presen\u00e7a, uma por\u00e7\u00e3o de esperan\u00e7a a uma humanidade sempre a caminho\u00bb.<\/p>\n<p>Dirigindo-se aos mais de 30 mil jovens da Europa e de outros continentes em Roterd\u00e3, o Patriarca Ecum\u00eanico Bartolomeu de Constantinopla, lembra que eles \u00abs\u00e3o o futuro da Igreja\u00bb e que lhes cabe a \u00abresponsabilidade de agir na sociedade\u00bb, promovendo \u00abos princ\u00edpios de justi\u00e7a e de amor\u00bb. (SP)<\/p>\n<p style=\"text-align: right;\">FONTE (<a href=\"http:\/\/www.radiovaticana.org\" target=\"_blank\">radiovaticana.org<\/a>)<\/p>\n","protected":false},"excerpt":{"rendered":"<p>Roterd\u00e3, 28 dez (RV) &#8211; Cerca de 30 mil jovens ir\u00e3o participar do 33\u00b0 Encontro Europeu de Taiz\u00e9, que tem in\u00edcio nesta ter\u00e7a-feira, 28 de dezembro e se conclui no pr\u00f3ximo 1\u00ba de janeiro 2011, em Roterd\u00e3, na Holanda. Est\u00e1&#8230;<\/p>\n","protected":false},"author":1,"featured_media":5971,"comment_status":"open","ping_status":"open","sticky":false,"template":"","format":"standard","meta":{"_acf_changed":false,"footnotes":""},"categories":[1],"tags":[],"class_list":["post-5438","post","type-post","status-publish","format-standard","has-post-thumbnail","hentry","category-news","entry","rows-excerpt"],"acf":[],"yoast_head":"<!-- This site is optimized with the Yoast SEO plugin v27.5 - https:\/\/yoast.com\/product\/yoast-seo-wordpress\/ -->\n<title>Come\u00e7a hoje encontro de Taiz\u00e9 em Roterd\u00e3 | ECCLESIA NEWS<\/title>\n<meta name=\"robots\" content=\"index, follow, max-snippet:-1, max-image-preview:large, max-video-preview:-1\" \/>\n<link rel=\"canonical\" href=\"https:\/\/news.ecclesia.org.br\/?p=5438\" \/>\n<meta property=\"og:locale\" content=\"pt_BR\" \/>\n<meta property=\"og:type\" content=\"article\" \/>\n<meta property=\"og:title\" content=\"Come\u00e7a hoje encontro de Taiz\u00e9 em Roterd\u00e3 | ECCLESIA NEWS\" \/>\n<meta property=\"og:description\" content=\"Roterd\u00e3, 28 dez (RV) &#8211; Cerca de 30 mil jovens ir\u00e3o participar do 33\u00b0 Encontro Europeu de Taiz\u00e9, que tem in\u00edcio nesta ter\u00e7a-feira, 28 de dezembro e se conclui no pr\u00f3ximo 1\u00ba de janeiro 2011, em Roterd\u00e3, na Holanda. Est\u00e1&#8230;\" \/>\n<meta property=\"og:url\" content=\"https:\/\/news.ecclesia.org.br\/?p=5438\" \/>\n<meta property=\"og:site_name\" content=\"ECCLESIA NEWS\" \/>\n<meta property=\"article:publisher\" content=\"https:\/\/www.facebook.com\/Ecclesia2025\" \/>\n<meta property=\"article:published_time\" content=\"2010-12-29T02:19:54+00:00\" \/>\n<meta property=\"article:modified_time\" content=\"2016-03-18T04:58:30+00:00\" \/>\n<meta property=\"og:image\" content=\"https:\/\/news.ecclesia.org.br\/wp-content\/uploads\/2010\/12\/taize-roterda.jpg\" \/>\n\t<meta property=\"og:image:width\" content=\"320\" \/>\n\t<meta property=\"og:image:height\" content=\"240\" \/>\n\t<meta property=\"og:image:type\" content=\"image\/jpeg\" \/>\n<meta name=\"author\" content=\"Pe. Andr\u00e9\" \/>\n<meta name=\"twitter:card\" content=\"summary_large_image\" \/>\n<meta name=\"twitter:creator\" content=\"@EcclesiaNews\" \/>\n<meta name=\"twitter:site\" content=\"@EcclesiaNews\" \/>\n<meta name=\"twitter:label1\" content=\"Escrito por\" \/>\n\t<meta name=\"twitter:data1\" content=\"Pe. Andr\u00e9\" \/>\n\t<meta name=\"twitter:label2\" content=\"Est. tempo de leitura\" \/>\n\t<meta name=\"twitter:data2\" content=\"3 minutos\" \/>\n<script type=\"application\/ld+json\" class=\"yoast-schema-graph\">{\"@context\":\"https:\\\/\\\/schema.org\",\"@graph\":[{\"@type\":\"Article\",\"@id\":\"https:\\\/\\\/news.ecclesia.org.br\\\/?p=5438#article\",\"isPartOf\":{\"@id\":\"https:\\\/\\\/news.ecclesia.org.br\\\/?p=5438\"},\"author\":{\"name\":\"Pe. Andr\u00e9\",\"@id\":\"https:\\\/\\\/news.ecclesia.org.br\\\/#\\\/schema\\\/person\\\/6f09597f025829745ba414a569f63758\"},\"headline\":\"Come\u00e7a hoje encontro de Taiz\u00e9 em Roterd\u00e3\",\"datePublished\":\"2010-12-29T02:19:54+00:00\",\"dateModified\":\"2016-03-18T04:58:30+00:00\",\"mainEntityOfPage\":{\"@id\":\"https:\\\/\\\/news.ecclesia.org.br\\\/?p=5438\"},\"wordCount\":561,\"commentCount\":0,\"publisher\":{\"@id\":\"https:\\\/\\\/news.ecclesia.org.br\\\/#organization\"},\"image\":{\"@id\":\"https:\\\/\\\/news.ecclesia.org.br\\\/?p=5438#primaryimage\"},\"thumbnailUrl\":\"https:\\\/\\\/news.ecclesia.org.br\\\/wp-content\\\/uploads\\\/2010\\\/12\\\/taize-roterda.jpg\",\"articleSection\":[\"NEWS\"],\"inLanguage\":\"pt-BR\",\"potentialAction\":[{\"@type\":\"CommentAction\",\"name\":\"Comment\",\"target\":[\"https:\\\/\\\/news.ecclesia.org.br\\\/?p=5438#respond\"]}]},{\"@type\":\"WebPage\",\"@id\":\"https:\\\/\\\/news.ecclesia.org.br\\\/?p=5438\",\"url\":\"https:\\\/\\\/news.ecclesia.org.br\\\/?p=5438\",\"name\":\"Come\u00e7a hoje encontro de Taiz\u00e9 em Roterd\u00e3 | ECCLESIA NEWS\",\"isPartOf\":{\"@id\":\"https:\\\/\\\/news.ecclesia.org.br\\\/#website\"},\"primaryImageOfPage\":{\"@id\":\"https:\\\/\\\/news.ecclesia.org.br\\\/?p=5438#primaryimage\"},\"image\":{\"@id\":\"https:\\\/\\\/news.ecclesia.org.br\\\/?p=5438#primaryimage\"},\"thumbnailUrl\":\"https:\\\/\\\/news.ecclesia.org.br\\\/wp-content\\\/uploads\\\/2010\\\/12\\\/taize-roterda.jpg\",\"datePublished\":\"2010-12-29T02:19:54+00:00\",\"dateModified\":\"2016-03-18T04:58:30+00:00\",\"breadcrumb\":{\"@id\":\"https:\\\/\\\/news.ecclesia.org.br\\\/?p=5438#breadcrumb\"},\"inLanguage\":\"pt-BR\",\"potentialAction\":[{\"@type\":\"ReadAction\",\"target\":[\"https:\\\/\\\/news.ecclesia.org.br\\\/?p=5438\"]}]},{\"@type\":\"ImageObject\",\"inLanguage\":\"pt-BR\",\"@id\":\"https:\\\/\\\/news.ecclesia.org.br\\\/?p=5438#primaryimage\",\"url\":\"https:\\\/\\\/news.ecclesia.org.br\\\/wp-content\\\/uploads\\\/2010\\\/12\\\/taize-roterda.jpg\",\"contentUrl\":\"https:\\\/\\\/news.ecclesia.org.br\\\/wp-content\\\/uploads\\\/2010\\\/12\\\/taize-roterda.jpg\",\"width\":320,\"height\":240},{\"@type\":\"BreadcrumbList\",\"@id\":\"https:\\\/\\\/news.ecclesia.org.br\\\/?p=5438#breadcrumb\",\"itemListElement\":[{\"@type\":\"ListItem\",\"position\":1,\"name\":\"In\u00edcio\",\"item\":\"https:\\\/\\\/news.ecclesia.org.br\\\/\"},{\"@type\":\"ListItem\",\"position\":2,\"name\":\"Come\u00e7a hoje encontro de Taiz\u00e9 em Roterd\u00e3\"}]},{\"@type\":\"WebSite\",\"@id\":\"https:\\\/\\\/news.ecclesia.org.br\\\/#website\",\"url\":\"https:\\\/\\\/news.ecclesia.org.br\\\/\",\"name\":\"Ecclesia Brasil\",\"description\":\"Desde 2003 onectando o Brasil ao mundo ortodoxo!\",\"publisher\":{\"@id\":\"https:\\\/\\\/news.ecclesia.org.br\\\/#organization\"},\"alternateName\":\"Ecclesia\",\"potentialAction\":[{\"@type\":\"SearchAction\",\"target\":{\"@type\":\"EntryPoint\",\"urlTemplate\":\"https:\\\/\\\/news.ecclesia.org.br\\\/?s={search_term_string}\"},\"query-input\":{\"@type\":\"PropertyValueSpecification\",\"valueRequired\":true,\"valueName\":\"search_term_string\"}}],\"inLanguage\":\"pt-BR\"},{\"@type\":\"Organization\",\"@id\":\"https:\\\/\\\/news.ecclesia.org.br\\\/#organization\",\"name\":\"Sacra Arquidiocese de Buenos Aires e Am\u00e9rica do Sul | Patriarcado Ecum\u00eanico\",\"alternateName\":\"News Ecclesia Brasil\",\"url\":\"https:\\\/\\\/news.ecclesia.org.br\\\/\",\"logo\":{\"@type\":\"ImageObject\",\"inLanguage\":\"pt-BR\",\"@id\":\"https:\\\/\\\/news.ecclesia.org.br\\\/#\\\/schema\\\/logo\\\/image\\\/\",\"url\":\"https:\\\/\\\/news.ecclesia.org.br\\\/wp-content\\\/uploads\\\/2025\\\/05\\\/ecclesia2.png\",\"contentUrl\":\"https:\\\/\\\/news.ecclesia.org.br\\\/wp-content\\\/uploads\\\/2025\\\/05\\\/ecclesia2.png\",\"width\":480,\"height\":120,\"caption\":\"Sacra Arquidiocese de Buenos Aires e Am\u00e9rica do Sul | Patriarcado Ecum\u00eanico\"},\"image\":{\"@id\":\"https:\\\/\\\/news.ecclesia.org.br\\\/#\\\/schema\\\/logo\\\/image\\\/\"},\"sameAs\":[\"https:\\\/\\\/www.facebook.com\\\/Ecclesia2025\",\"https:\\\/\\\/x.com\\\/EcclesiaNews\",\"https:\\\/\\\/br.pinterest.com\\\/ekklisia\\\/\",\"https:\\\/\\\/www.youtube.com\\\/@EcclesiaBrasil\"]},{\"@type\":\"Person\",\"@id\":\"https:\\\/\\\/news.ecclesia.org.br\\\/#\\\/schema\\\/person\\\/6f09597f025829745ba414a569f63758\",\"name\":\"Pe. Andr\u00e9\",\"image\":{\"@type\":\"ImageObject\",\"inLanguage\":\"pt-BR\",\"@id\":\"https:\\\/\\\/secure.gravatar.com\\\/avatar\\\/b4327cfa27e9799da239a26adcd534fc29cdc0c4a4a148eecbcfeb9b42c617ac?s=96&d=mm&r=g\",\"url\":\"https:\\\/\\\/secure.gravatar.com\\\/avatar\\\/b4327cfa27e9799da239a26adcd534fc29cdc0c4a4a148eecbcfeb9b42c617ac?s=96&d=mm&r=g\",\"contentUrl\":\"https:\\\/\\\/secure.gravatar.com\\\/avatar\\\/b4327cfa27e9799da239a26adcd534fc29cdc0c4a4a148eecbcfeb9b42c617ac?s=96&d=mm&r=g\",\"caption\":\"Pe. Andr\u00e9\"},\"sameAs\":[\"https:\\\/\\\/www.ecclesia.org.br\"]}]}<\/script>\n<!-- \/ Yoast SEO plugin. -->","yoast_head_json":{"title":"Come\u00e7a hoje encontro de Taiz\u00e9 em Roterd\u00e3 | ECCLESIA NEWS","robots":{"index":"index","follow":"follow","max-snippet":"max-snippet:-1","max-image-preview":"max-image-preview:large","max-video-preview":"max-video-preview:-1"},"canonical":"https:\/\/news.ecclesia.org.br\/?p=5438","og_locale":"pt_BR","og_type":"article","og_title":"Come\u00e7a hoje encontro de Taiz\u00e9 em Roterd\u00e3 | ECCLESIA NEWS","og_description":"Roterd\u00e3, 28 dez (RV) &#8211; Cerca de 30 mil jovens ir\u00e3o participar do 33\u00b0 Encontro Europeu de Taiz\u00e9, que tem in\u00edcio nesta ter\u00e7a-feira, 28 de dezembro e se conclui no pr\u00f3ximo 1\u00ba de janeiro 2011, em Roterd\u00e3, na Holanda. Est\u00e1&#8230;","og_url":"https:\/\/news.ecclesia.org.br\/?p=5438","og_site_name":"ECCLESIA NEWS","article_publisher":"https:\/\/www.facebook.com\/Ecclesia2025","article_published_time":"2010-12-29T02:19:54+00:00","article_modified_time":"2016-03-18T04:58:30+00:00","og_image":[{"width":320,"height":240,"url":"https:\/\/news.ecclesia.org.br\/wp-content\/uploads\/2010\/12\/taize-roterda.jpg","type":"image\/jpeg"}],"author":"Pe. Andr\u00e9","twitter_card":"summary_large_image","twitter_creator":"@EcclesiaNews","twitter_site":"@EcclesiaNews","twitter_misc":{"Escrito por":"Pe. Andr\u00e9","Est. tempo de leitura":"3 minutos"},"schema":{"@context":"https:\/\/schema.org","@graph":[{"@type":"Article","@id":"https:\/\/news.ecclesia.org.br\/?p=5438#article","isPartOf":{"@id":"https:\/\/news.ecclesia.org.br\/?p=5438"},"author":{"name":"Pe. Andr\u00e9","@id":"https:\/\/news.ecclesia.org.br\/#\/schema\/person\/6f09597f025829745ba414a569f63758"},"headline":"Come\u00e7a hoje encontro de Taiz\u00e9 em Roterd\u00e3","datePublished":"2010-12-29T02:19:54+00:00","dateModified":"2016-03-18T04:58:30+00:00","mainEntityOfPage":{"@id":"https:\/\/news.ecclesia.org.br\/?p=5438"},"wordCount":561,"commentCount":0,"publisher":{"@id":"https:\/\/news.ecclesia.org.br\/#organization"},"image":{"@id":"https:\/\/news.ecclesia.org.br\/?p=5438#primaryimage"},"thumbnailUrl":"https:\/\/news.ecclesia.org.br\/wp-content\/uploads\/2010\/12\/taize-roterda.jpg","articleSection":["NEWS"],"inLanguage":"pt-BR","potentialAction":[{"@type":"CommentAction","name":"Comment","target":["https:\/\/news.ecclesia.org.br\/?p=5438#respond"]}]},{"@type":"WebPage","@id":"https:\/\/news.ecclesia.org.br\/?p=5438","url":"https:\/\/news.ecclesia.org.br\/?p=5438","name":"Come\u00e7a hoje encontro de Taiz\u00e9 em Roterd\u00e3 | ECCLESIA NEWS","isPartOf":{"@id":"https:\/\/news.ecclesia.org.br\/#website"},"primaryImageOfPage":{"@id":"https:\/\/news.ecclesia.org.br\/?p=5438#primaryimage"},"image":{"@id":"https:\/\/news.ecclesia.org.br\/?p=5438#primaryimage"},"thumbnailUrl":"https:\/\/news.ecclesia.org.br\/wp-content\/uploads\/2010\/12\/taize-roterda.jpg","datePublished":"2010-12-29T02:19:54+00:00","dateModified":"2016-03-18T04:58:30+00:00","breadcrumb":{"@id":"https:\/\/news.ecclesia.org.br\/?p=5438#breadcrumb"},"inLanguage":"pt-BR","potentialAction":[{"@type":"ReadAction","target":["https:\/\/news.ecclesia.org.br\/?p=5438"]}]},{"@type":"ImageObject","inLanguage":"pt-BR","@id":"https:\/\/news.ecclesia.org.br\/?p=5438#primaryimage","url":"https:\/\/news.ecclesia.org.br\/wp-content\/uploads\/2010\/12\/taize-roterda.jpg","contentUrl":"https:\/\/news.ecclesia.org.br\/wp-content\/uploads\/2010\/12\/taize-roterda.jpg","width":320,"height":240},{"@type":"BreadcrumbList","@id":"https:\/\/news.ecclesia.org.br\/?p=5438#breadcrumb","itemListElement":[{"@type":"ListItem","position":1,"name":"In\u00edcio","item":"https:\/\/news.ecclesia.org.br\/"},{"@type":"ListItem","position":2,"name":"Come\u00e7a hoje encontro de Taiz\u00e9 em Roterd\u00e3"}]},{"@type":"WebSite","@id":"https:\/\/news.ecclesia.org.br\/#website","url":"https:\/\/news.ecclesia.org.br\/","name":"Ecclesia Brasil","description":"Desde 2003 onectando o Brasil ao mundo ortodoxo!","publisher":{"@id":"https:\/\/news.ecclesia.org.br\/#organization"},"alternateName":"Ecclesia","potentialAction":[{"@type":"SearchAction","target":{"@type":"EntryPoint","urlTemplate":"https:\/\/news.ecclesia.org.br\/?s={search_term_string}"},"query-input":{"@type":"PropertyValueSpecification","valueRequired":true,"valueName":"search_term_string"}}],"inLanguage":"pt-BR"},{"@type":"Organization","@id":"https:\/\/news.ecclesia.org.br\/#organization","name":"Sacra Arquidiocese de Buenos Aires e Am\u00e9rica do Sul | Patriarcado Ecum\u00eanico","alternateName":"News Ecclesia Brasil","url":"https:\/\/news.ecclesia.org.br\/","logo":{"@type":"ImageObject","inLanguage":"pt-BR","@id":"https:\/\/news.ecclesia.org.br\/#\/schema\/logo\/image\/","url":"https:\/\/news.ecclesia.org.br\/wp-content\/uploads\/2025\/05\/ecclesia2.png","contentUrl":"https:\/\/news.ecclesia.org.br\/wp-content\/uploads\/2025\/05\/ecclesia2.png","width":480,"height":120,"caption":"Sacra Arquidiocese de Buenos Aires e Am\u00e9rica do Sul | Patriarcado Ecum\u00eanico"},"image":{"@id":"https:\/\/news.ecclesia.org.br\/#\/schema\/logo\/image\/"},"sameAs":["https:\/\/www.facebook.com\/Ecclesia2025","https:\/\/x.com\/EcclesiaNews","https:\/\/br.pinterest.com\/ekklisia\/","https:\/\/www.youtube.com\/@EcclesiaBrasil"]},{"@type":"Person","@id":"https:\/\/news.ecclesia.org.br\/#\/schema\/person\/6f09597f025829745ba414a569f63758","name":"Pe. Andr\u00e9","image":{"@type":"ImageObject","inLanguage":"pt-BR","@id":"https:\/\/secure.gravatar.com\/avatar\/b4327cfa27e9799da239a26adcd534fc29cdc0c4a4a148eecbcfeb9b42c617ac?s=96&d=mm&r=g","url":"https:\/\/secure.gravatar.com\/avatar\/b4327cfa27e9799da239a26adcd534fc29cdc0c4a4a148eecbcfeb9b42c617ac?s=96&d=mm&r=g","contentUrl":"https:\/\/secure.gravatar.com\/avatar\/b4327cfa27e9799da239a26adcd534fc29cdc0c4a4a148eecbcfeb9b42c617ac?s=96&d=mm&r=g","caption":"Pe. Andr\u00e9"},"sameAs":["https:\/\/www.ecclesia.org.br"]}]}},"_links":{"self":[{"href":"https:\/\/news.ecclesia.org.br\/index.php?rest_route=\/wp\/v2\/posts\/5438","targetHints":{"allow":["GET"]}}],"collection":[{"href":"https:\/\/news.ecclesia.org.br\/index.php?rest_route=\/wp\/v2\/posts"}],"about":[{"href":"https:\/\/news.ecclesia.org.br\/index.php?rest_route=\/wp\/v2\/types\/post"}],"author":[{"embeddable":true,"href":"https:\/\/news.ecclesia.org.br\/index.php?rest_route=\/wp\/v2\/users\/1"}],"replies":[{"embeddable":true,"href":"https:\/\/news.ecclesia.org.br\/index.php?rest_route=%2Fwp%2Fv2%2Fcomments&post=5438"}],"version-history":[{"count":0,"href":"https:\/\/news.ecclesia.org.br\/index.php?rest_route=\/wp\/v2\/posts\/5438\/revisions"}],"wp:featuredmedia":[{"embeddable":true,"href":"https:\/\/news.ecclesia.org.br\/index.php?rest_route=\/wp\/v2\/media\/5971"}],"wp:attachment":[{"href":"https:\/\/news.ecclesia.org.br\/index.php?rest_route=%2Fwp%2Fv2%2Fmedia&parent=5438"}],"wp:term":[{"taxonomy":"category","embeddable":true,"href":"https:\/\/news.ecclesia.org.br\/index.php?rest_route=%2Fwp%2Fv2%2Fcategories&post=5438"},{"taxonomy":"post_tag","embeddable":true,"href":"https:\/\/news.ecclesia.org.br\/index.php?rest_route=%2Fwp%2Fv2%2Ftags&post=5438"}],"curies":[{"name":"wp","href":"https:\/\/api.w.org\/{rel}","templated":true}]}}