{"id":5409,"date":"2010-12-24T20:49:25","date_gmt":"2010-12-24T22:49:25","guid":{"rendered":"http:\/\/www.ecclesia.com.br\/news\/?p=5409"},"modified":"2016-03-18T05:03:23","modified_gmt":"2016-03-18T05:03:23","slug":"enciclica-pastoral-de-s-eminencia-arcebispo-tarasios-metropolitano-de-buenos-aires-primaz-e-exarca-da-america-do-sul-por-ocasiao-da-celebracao-do-nascimento-na-carne-de-nosso-senhor-jesus-cristo","status":"publish","type":"post","link":"https:\/\/news.ecclesia.org.br\/?p=5409","title":{"rendered":"Enc\u00edclica Pastoral de S. Emin\u00eancia Arcebispo Tarasios, Metropolitano de Buenos Aires, Primaz e Exarca da Am\u00e9rica do Sul, por ocasi\u00e3o da celebra\u00e7\u00e3o do Nascimento na Carne de Nosso Senhor Jesus Cristo, nascido em um pres\u00e9pio para a salva\u00e7\u00e3o do mundo."},"content":{"rendered":"<p style=\"text-align: justify;\"><img fetchpriority=\"high\" decoding=\"async\" class=\"alignleft wp-image-76 size-medium\" src=\"https:\/\/news.ecclesia.org.br\/2013\/wp-content\/uploads\/2012\/12\/arcebispo-tarasios-1-214x300.jpg\" alt=\"arcebispo-tarasios\" width=\"214\" height=\"300\" srcset=\"https:\/\/news.ecclesia.org.br\/wp-content\/uploads\/2012\/12\/arcebispo-tarasios-1-214x300.jpg 214w, https:\/\/news.ecclesia.org.br\/wp-content\/uploads\/2012\/12\/arcebispo-tarasios-1-39x55.jpg 39w, https:\/\/news.ecclesia.org.br\/wp-content\/uploads\/2012\/12\/arcebispo-tarasios-1.jpg 450w\" sizes=\"(max-width: 214px) 100vw, 214px\" \/>A realidade deste tempo, destes santos doze dias, se d\u00e1 a conhecer de maneira clara pelo Nome daquele Menino nascido em Bel\u00e9m; &#8220;<strong>Emanuel<\/strong>&#8220;, Deus conosco. Com efeito, toda a realidade deste mist\u00e9rio salv\u00edfico que comemoramos nestes dias se condensa no nome de seu homenageado, Jesus Cristo: Deus que se faz homem para que os homens possam ser libertos da maldi\u00e7\u00e3o do pecado dos primeiros pais.<\/p>\n<p style=\"text-align: justify;\">Assim, queridos filhos, desejamos interpretar todos os eventos que circundam a Natividade pela \u00f3tica de seu Nome. Estamos vivendo tempos complexos, tempos de crise, tempos de incertezas, tempos de conflitos, nos quais, em muitos lugares deste mundo, torna-se at\u00e9 mesmo dif\u00edcil visualizar um futuro promissor. A crise est\u00e1 generalizada, mas em alguns lugares da Europa t\u00e3o caros a n\u00f3s, como a Gr\u00e9cia, ela se apresenta mais aguda, ganhando dimens\u00f5es desafiadoras. A crise econ\u00f4mica gera outras crises de diversas naturezas, transformando o cen\u00e1rio em um complexo quebra-cabe\u00e7a, em fatores e vicissitudes de dif\u00edceis resolu\u00e7\u00f5es. N\u00e3o obstante, por causa da globaliza\u00e7\u00e3o, esta crise chega at\u00e9 n\u00f3s e nos influencia em nossa realidade, direta ou indiretamente.<\/p>\n<p style=\"text-align: justify;\">Como bem sabemos, as crises existem tanto quanto existem os homens. As crises, em todos os \u00e2mbitos, s\u00e3o conseq\u00fc\u00eancias dos processos involutivos ou evolutivos, marcando hiatos na hist\u00f3ria do homem que oscila entre a evolu\u00e7\u00e3o e a involu\u00e7\u00e3o, entre a perfei\u00e7\u00e3o e a perdi\u00e7\u00e3o, entre a salva\u00e7\u00e3o e o nada. As crises s\u00e3o realidades pr\u00f3prias do homem ca\u00eddo, do homem afastado de Deus, resultado da a\u00e7\u00e3o dos primeiros pais Ad\u00e3o e Eva. Desde ent\u00e3o, a humanidade, mergulhada na profunda ambival\u00eancia, se encontra transitando em crises de toda esp\u00e9cie, interior e exterior, espiritual, religiosa, \u00e9tica e moral; crise social e cultural, econ\u00f4mica, enfim, em todas as facetas da exist\u00eancia &#8230; <a href=\"http:\/\/www.ecclesia.com.br\/arquidiocese\/homilias_mensagens\/2010_natividade.html\" target=\"_self\">Leia mais<\/a>&#8230; \u00a0ou clique <a href=\"http:\/\/www.ecclesia.com.br\/arquidiocese\/homilias_mensagens\/arq-pdf\/2010-enciclica-natal.pdf\" target=\"_blank\">AQUI <\/a>para baixar arquivo em pdf<\/p>\n","protected":false},"excerpt":{"rendered":"<p>A realidade deste tempo, destes santos doze dias, se d\u00e1 a conhecer de maneira clara pelo Nome daquele Menino nascido em Bel\u00e9m; &#8220;Emanuel&#8220;, Deus conosco. Com efeito, toda a realidade deste mist\u00e9rio salv\u00edfico que comemoramos nestes dias se condensa no&#8230;<\/p>\n","protected":false},"author":1,"featured_media":5894,"comment_status":"open","ping_status":"open","sticky":false,"template":"","format":"standard","meta":{"_acf_changed":false,"footnotes":""},"categories":[1],"tags":[],"class_list":["post-5409","post","type-post","status-publish","format-standard","has-post-thumbnail","hentry","category-news","entry","rows-excerpt"],"acf":[],"yoast_head":"<!-- This site is optimized with the Yoast SEO plugin v27.5 - https:\/\/yoast.com\/product\/yoast-seo-wordpress\/ -->\n<title>Enc\u00edclica Pastoral de S. Emin\u00eancia Arcebispo Tarasios, Metropolitano de Buenos Aires, Primaz e Exarca da Am\u00e9rica do Sul, por ocasi\u00e3o da celebra\u00e7\u00e3o do Nascimento na Carne de Nosso Senhor Jesus Cristo, nascido em um pres\u00e9pio para a salva\u00e7\u00e3o do mundo. | ECCLESIA NEWS<\/title>\n<meta name=\"robots\" content=\"index, follow, max-snippet:-1, max-image-preview:large, max-video-preview:-1\" \/>\n<link rel=\"canonical\" href=\"https:\/\/news.ecclesia.org.br\/?p=5409\" \/>\n<meta property=\"og:locale\" content=\"pt_BR\" \/>\n<meta property=\"og:type\" content=\"article\" \/>\n<meta property=\"og:title\" content=\"Enc\u00edclica Pastoral de S. Emin\u00eancia Arcebispo Tarasios, Metropolitano de Buenos Aires, Primaz e Exarca da Am\u00e9rica do Sul, por ocasi\u00e3o da celebra\u00e7\u00e3o do Nascimento na Carne de Nosso Senhor Jesus Cristo, nascido em um pres\u00e9pio para a salva\u00e7\u00e3o do mundo. | ECCLESIA NEWS\" \/>\n<meta property=\"og:description\" content=\"A realidade deste tempo, destes santos doze dias, se d\u00e1 a conhecer de maneira clara pelo Nome daquele Menino nascido em Bel\u00e9m; &#8220;Emanuel&#8220;, Deus conosco. Com efeito, toda a realidade deste mist\u00e9rio salv\u00edfico que comemoramos nestes dias se condensa no&#8230;\" \/>\n<meta property=\"og:url\" content=\"https:\/\/news.ecclesia.org.br\/?p=5409\" \/>\n<meta property=\"og:site_name\" content=\"ECCLESIA NEWS\" \/>\n<meta property=\"article:publisher\" content=\"https:\/\/www.facebook.com\/Ecclesia2025\" \/>\n<meta property=\"article:published_time\" content=\"2010-12-24T22:49:25+00:00\" \/>\n<meta property=\"article:modified_time\" content=\"2016-03-18T05:03:23+00:00\" \/>\n<meta property=\"og:image\" content=\"https:\/\/news.ecclesia.org.br\/wp-content\/uploads\/2011\/04\/arcebispo-tarasios.jpg\" \/>\n\t<meta property=\"og:image:width\" content=\"320\" \/>\n\t<meta property=\"og:image:height\" content=\"240\" \/>\n\t<meta property=\"og:image:type\" content=\"image\/jpeg\" \/>\n<meta name=\"author\" content=\"Pe. Andr\u00e9\" \/>\n<meta name=\"twitter:card\" content=\"summary_large_image\" \/>\n<meta name=\"twitter:creator\" content=\"@EcclesiaNews\" \/>\n<meta name=\"twitter:site\" content=\"@EcclesiaNews\" \/>\n<meta name=\"twitter:label1\" content=\"Escrito por\" \/>\n\t<meta name=\"twitter:data1\" content=\"Pe. Andr\u00e9\" \/>\n\t<meta name=\"twitter:label2\" content=\"Est. tempo de leitura\" \/>\n\t<meta name=\"twitter:data2\" content=\"2 minutos\" \/>\n<script type=\"application\/ld+json\" class=\"yoast-schema-graph\">{\"@context\":\"https:\\\/\\\/schema.org\",\"@graph\":[{\"@type\":\"Article\",\"@id\":\"https:\\\/\\\/news.ecclesia.org.br\\\/?p=5409#article\",\"isPartOf\":{\"@id\":\"https:\\\/\\\/news.ecclesia.org.br\\\/?p=5409\"},\"author\":{\"name\":\"Pe. Andr\u00e9\",\"@id\":\"https:\\\/\\\/news.ecclesia.org.br\\\/#\\\/schema\\\/person\\\/6f09597f025829745ba414a569f63758\"},\"headline\":\"Enc\u00edclica Pastoral de S. Emin\u00eancia Arcebispo Tarasios, Metropolitano de Buenos Aires, Primaz e Exarca da Am\u00e9rica do Sul, por ocasi\u00e3o da celebra\u00e7\u00e3o do Nascimento na Carne de Nosso Senhor Jesus Cristo, nascido em um pres\u00e9pio para a salva\u00e7\u00e3o do mundo.\",\"datePublished\":\"2010-12-24T22:49:25+00:00\",\"dateModified\":\"2016-03-18T05:03:23+00:00\",\"mainEntityOfPage\":{\"@id\":\"https:\\\/\\\/news.ecclesia.org.br\\\/?p=5409\"},\"wordCount\":378,\"commentCount\":0,\"publisher\":{\"@id\":\"https:\\\/\\\/news.ecclesia.org.br\\\/#organization\"},\"image\":{\"@id\":\"https:\\\/\\\/news.ecclesia.org.br\\\/?p=5409#primaryimage\"},\"thumbnailUrl\":\"https:\\\/\\\/news.ecclesia.org.br\\\/wp-content\\\/uploads\\\/2011\\\/04\\\/arcebispo-tarasios.jpg\",\"articleSection\":[\"NEWS\"],\"inLanguage\":\"pt-BR\",\"potentialAction\":[{\"@type\":\"CommentAction\",\"name\":\"Comment\",\"target\":[\"https:\\\/\\\/news.ecclesia.org.br\\\/?p=5409#respond\"]}]},{\"@type\":\"WebPage\",\"@id\":\"https:\\\/\\\/news.ecclesia.org.br\\\/?p=5409\",\"url\":\"https:\\\/\\\/news.ecclesia.org.br\\\/?p=5409\",\"name\":\"Enc\u00edclica Pastoral de S. Emin\u00eancia Arcebispo Tarasios, Metropolitano de Buenos Aires, Primaz e Exarca da Am\u00e9rica do Sul, por ocasi\u00e3o da celebra\u00e7\u00e3o do Nascimento na Carne de Nosso Senhor Jesus Cristo, nascido em um pres\u00e9pio para a salva\u00e7\u00e3o do mundo. | ECCLESIA NEWS\",\"isPartOf\":{\"@id\":\"https:\\\/\\\/news.ecclesia.org.br\\\/#website\"},\"primaryImageOfPage\":{\"@id\":\"https:\\\/\\\/news.ecclesia.org.br\\\/?p=5409#primaryimage\"},\"image\":{\"@id\":\"https:\\\/\\\/news.ecclesia.org.br\\\/?p=5409#primaryimage\"},\"thumbnailUrl\":\"https:\\\/\\\/news.ecclesia.org.br\\\/wp-content\\\/uploads\\\/2011\\\/04\\\/arcebispo-tarasios.jpg\",\"datePublished\":\"2010-12-24T22:49:25+00:00\",\"dateModified\":\"2016-03-18T05:03:23+00:00\",\"breadcrumb\":{\"@id\":\"https:\\\/\\\/news.ecclesia.org.br\\\/?p=5409#breadcrumb\"},\"inLanguage\":\"pt-BR\",\"potentialAction\":[{\"@type\":\"ReadAction\",\"target\":[\"https:\\\/\\\/news.ecclesia.org.br\\\/?p=5409\"]}]},{\"@type\":\"ImageObject\",\"inLanguage\":\"pt-BR\",\"@id\":\"https:\\\/\\\/news.ecclesia.org.br\\\/?p=5409#primaryimage\",\"url\":\"https:\\\/\\\/news.ecclesia.org.br\\\/wp-content\\\/uploads\\\/2011\\\/04\\\/arcebispo-tarasios.jpg\",\"contentUrl\":\"https:\\\/\\\/news.ecclesia.org.br\\\/wp-content\\\/uploads\\\/2011\\\/04\\\/arcebispo-tarasios.jpg\",\"width\":320,\"height\":240},{\"@type\":\"BreadcrumbList\",\"@id\":\"https:\\\/\\\/news.ecclesia.org.br\\\/?p=5409#breadcrumb\",\"itemListElement\":[{\"@type\":\"ListItem\",\"position\":1,\"name\":\"In\u00edcio\",\"item\":\"https:\\\/\\\/news.ecclesia.org.br\\\/\"},{\"@type\":\"ListItem\",\"position\":2,\"name\":\"Enc\u00edclica Pastoral de S. Emin\u00eancia Arcebispo Tarasios, Metropolitano de Buenos Aires, Primaz e Exarca da Am\u00e9rica do Sul, por ocasi\u00e3o da celebra\u00e7\u00e3o do Nascimento na Carne de Nosso Senhor Jesus Cristo, nascido em um pres\u00e9pio para a salva\u00e7\u00e3o do mundo.\"}]},{\"@type\":\"WebSite\",\"@id\":\"https:\\\/\\\/news.ecclesia.org.br\\\/#website\",\"url\":\"https:\\\/\\\/news.ecclesia.org.br\\\/\",\"name\":\"Ecclesia Brasil\",\"description\":\"Desde 2003 onectando o Brasil ao mundo ortodoxo!\",\"publisher\":{\"@id\":\"https:\\\/\\\/news.ecclesia.org.br\\\/#organization\"},\"alternateName\":\"Ecclesia\",\"potentialAction\":[{\"@type\":\"SearchAction\",\"target\":{\"@type\":\"EntryPoint\",\"urlTemplate\":\"https:\\\/\\\/news.ecclesia.org.br\\\/?s={search_term_string}\"},\"query-input\":{\"@type\":\"PropertyValueSpecification\",\"valueRequired\":true,\"valueName\":\"search_term_string\"}}],\"inLanguage\":\"pt-BR\"},{\"@type\":\"Organization\",\"@id\":\"https:\\\/\\\/news.ecclesia.org.br\\\/#organization\",\"name\":\"Sacra Arquidiocese de Buenos Aires e Am\u00e9rica do Sul | Patriarcado Ecum\u00eanico\",\"alternateName\":\"News Ecclesia Brasil\",\"url\":\"https:\\\/\\\/news.ecclesia.org.br\\\/\",\"logo\":{\"@type\":\"ImageObject\",\"inLanguage\":\"pt-BR\",\"@id\":\"https:\\\/\\\/news.ecclesia.org.br\\\/#\\\/schema\\\/logo\\\/image\\\/\",\"url\":\"https:\\\/\\\/news.ecclesia.org.br\\\/wp-content\\\/uploads\\\/2025\\\/05\\\/ecclesia2.png\",\"contentUrl\":\"https:\\\/\\\/news.ecclesia.org.br\\\/wp-content\\\/uploads\\\/2025\\\/05\\\/ecclesia2.png\",\"width\":480,\"height\":120,\"caption\":\"Sacra Arquidiocese de Buenos Aires e Am\u00e9rica do Sul | Patriarcado Ecum\u00eanico\"},\"image\":{\"@id\":\"https:\\\/\\\/news.ecclesia.org.br\\\/#\\\/schema\\\/logo\\\/image\\\/\"},\"sameAs\":[\"https:\\\/\\\/www.facebook.com\\\/Ecclesia2025\",\"https:\\\/\\\/x.com\\\/EcclesiaNews\",\"https:\\\/\\\/br.pinterest.com\\\/ekklisia\\\/\",\"https:\\\/\\\/www.youtube.com\\\/@EcclesiaBrasil\"]},{\"@type\":\"Person\",\"@id\":\"https:\\\/\\\/news.ecclesia.org.br\\\/#\\\/schema\\\/person\\\/6f09597f025829745ba414a569f63758\",\"name\":\"Pe. Andr\u00e9\",\"image\":{\"@type\":\"ImageObject\",\"inLanguage\":\"pt-BR\",\"@id\":\"https:\\\/\\\/secure.gravatar.com\\\/avatar\\\/b4327cfa27e9799da239a26adcd534fc29cdc0c4a4a148eecbcfeb9b42c617ac?s=96&d=mm&r=g\",\"url\":\"https:\\\/\\\/secure.gravatar.com\\\/avatar\\\/b4327cfa27e9799da239a26adcd534fc29cdc0c4a4a148eecbcfeb9b42c617ac?s=96&d=mm&r=g\",\"contentUrl\":\"https:\\\/\\\/secure.gravatar.com\\\/avatar\\\/b4327cfa27e9799da239a26adcd534fc29cdc0c4a4a148eecbcfeb9b42c617ac?s=96&d=mm&r=g\",\"caption\":\"Pe. Andr\u00e9\"},\"sameAs\":[\"https:\\\/\\\/www.ecclesia.org.br\"]}]}<\/script>\n<!-- \/ Yoast SEO plugin. -->","yoast_head_json":{"title":"Enc\u00edclica Pastoral de S. Emin\u00eancia Arcebispo Tarasios, Metropolitano de Buenos Aires, Primaz e Exarca da Am\u00e9rica do Sul, por ocasi\u00e3o da celebra\u00e7\u00e3o do Nascimento na Carne de Nosso Senhor Jesus Cristo, nascido em um pres\u00e9pio para a salva\u00e7\u00e3o do mundo. | ECCLESIA NEWS","robots":{"index":"index","follow":"follow","max-snippet":"max-snippet:-1","max-image-preview":"max-image-preview:large","max-video-preview":"max-video-preview:-1"},"canonical":"https:\/\/news.ecclesia.org.br\/?p=5409","og_locale":"pt_BR","og_type":"article","og_title":"Enc\u00edclica Pastoral de S. Emin\u00eancia Arcebispo Tarasios, Metropolitano de Buenos Aires, Primaz e Exarca da Am\u00e9rica do Sul, por ocasi\u00e3o da celebra\u00e7\u00e3o do Nascimento na Carne de Nosso Senhor Jesus Cristo, nascido em um pres\u00e9pio para a salva\u00e7\u00e3o do mundo. | ECCLESIA NEWS","og_description":"A realidade deste tempo, destes santos doze dias, se d\u00e1 a conhecer de maneira clara pelo Nome daquele Menino nascido em Bel\u00e9m; &#8220;Emanuel&#8220;, Deus conosco. Com efeito, toda a realidade deste mist\u00e9rio salv\u00edfico que comemoramos nestes dias se condensa no&#8230;","og_url":"https:\/\/news.ecclesia.org.br\/?p=5409","og_site_name":"ECCLESIA NEWS","article_publisher":"https:\/\/www.facebook.com\/Ecclesia2025","article_published_time":"2010-12-24T22:49:25+00:00","article_modified_time":"2016-03-18T05:03:23+00:00","og_image":[{"width":320,"height":240,"url":"https:\/\/news.ecclesia.org.br\/wp-content\/uploads\/2011\/04\/arcebispo-tarasios.jpg","type":"image\/jpeg"}],"author":"Pe. Andr\u00e9","twitter_card":"summary_large_image","twitter_creator":"@EcclesiaNews","twitter_site":"@EcclesiaNews","twitter_misc":{"Escrito por":"Pe. Andr\u00e9","Est. tempo de leitura":"2 minutos"},"schema":{"@context":"https:\/\/schema.org","@graph":[{"@type":"Article","@id":"https:\/\/news.ecclesia.org.br\/?p=5409#article","isPartOf":{"@id":"https:\/\/news.ecclesia.org.br\/?p=5409"},"author":{"name":"Pe. Andr\u00e9","@id":"https:\/\/news.ecclesia.org.br\/#\/schema\/person\/6f09597f025829745ba414a569f63758"},"headline":"Enc\u00edclica Pastoral de S. Emin\u00eancia Arcebispo Tarasios, Metropolitano de Buenos Aires, Primaz e Exarca da Am\u00e9rica do Sul, por ocasi\u00e3o da celebra\u00e7\u00e3o do Nascimento na Carne de Nosso Senhor Jesus Cristo, nascido em um pres\u00e9pio para a salva\u00e7\u00e3o do mundo.","datePublished":"2010-12-24T22:49:25+00:00","dateModified":"2016-03-18T05:03:23+00:00","mainEntityOfPage":{"@id":"https:\/\/news.ecclesia.org.br\/?p=5409"},"wordCount":378,"commentCount":0,"publisher":{"@id":"https:\/\/news.ecclesia.org.br\/#organization"},"image":{"@id":"https:\/\/news.ecclesia.org.br\/?p=5409#primaryimage"},"thumbnailUrl":"https:\/\/news.ecclesia.org.br\/wp-content\/uploads\/2011\/04\/arcebispo-tarasios.jpg","articleSection":["NEWS"],"inLanguage":"pt-BR","potentialAction":[{"@type":"CommentAction","name":"Comment","target":["https:\/\/news.ecclesia.org.br\/?p=5409#respond"]}]},{"@type":"WebPage","@id":"https:\/\/news.ecclesia.org.br\/?p=5409","url":"https:\/\/news.ecclesia.org.br\/?p=5409","name":"Enc\u00edclica Pastoral de S. Emin\u00eancia Arcebispo Tarasios, Metropolitano de Buenos Aires, Primaz e Exarca da Am\u00e9rica do Sul, por ocasi\u00e3o da celebra\u00e7\u00e3o do Nascimento na Carne de Nosso Senhor Jesus Cristo, nascido em um pres\u00e9pio para a salva\u00e7\u00e3o do mundo. | ECCLESIA NEWS","isPartOf":{"@id":"https:\/\/news.ecclesia.org.br\/#website"},"primaryImageOfPage":{"@id":"https:\/\/news.ecclesia.org.br\/?p=5409#primaryimage"},"image":{"@id":"https:\/\/news.ecclesia.org.br\/?p=5409#primaryimage"},"thumbnailUrl":"https:\/\/news.ecclesia.org.br\/wp-content\/uploads\/2011\/04\/arcebispo-tarasios.jpg","datePublished":"2010-12-24T22:49:25+00:00","dateModified":"2016-03-18T05:03:23+00:00","breadcrumb":{"@id":"https:\/\/news.ecclesia.org.br\/?p=5409#breadcrumb"},"inLanguage":"pt-BR","potentialAction":[{"@type":"ReadAction","target":["https:\/\/news.ecclesia.org.br\/?p=5409"]}]},{"@type":"ImageObject","inLanguage":"pt-BR","@id":"https:\/\/news.ecclesia.org.br\/?p=5409#primaryimage","url":"https:\/\/news.ecclesia.org.br\/wp-content\/uploads\/2011\/04\/arcebispo-tarasios.jpg","contentUrl":"https:\/\/news.ecclesia.org.br\/wp-content\/uploads\/2011\/04\/arcebispo-tarasios.jpg","width":320,"height":240},{"@type":"BreadcrumbList","@id":"https:\/\/news.ecclesia.org.br\/?p=5409#breadcrumb","itemListElement":[{"@type":"ListItem","position":1,"name":"In\u00edcio","item":"https:\/\/news.ecclesia.org.br\/"},{"@type":"ListItem","position":2,"name":"Enc\u00edclica Pastoral de S. Emin\u00eancia Arcebispo Tarasios, Metropolitano de Buenos Aires, Primaz e Exarca da Am\u00e9rica do Sul, por ocasi\u00e3o da celebra\u00e7\u00e3o do Nascimento na Carne de Nosso Senhor Jesus Cristo, nascido em um pres\u00e9pio para a salva\u00e7\u00e3o do mundo."}]},{"@type":"WebSite","@id":"https:\/\/news.ecclesia.org.br\/#website","url":"https:\/\/news.ecclesia.org.br\/","name":"Ecclesia Brasil","description":"Desde 2003 onectando o Brasil ao mundo ortodoxo!","publisher":{"@id":"https:\/\/news.ecclesia.org.br\/#organization"},"alternateName":"Ecclesia","potentialAction":[{"@type":"SearchAction","target":{"@type":"EntryPoint","urlTemplate":"https:\/\/news.ecclesia.org.br\/?s={search_term_string}"},"query-input":{"@type":"PropertyValueSpecification","valueRequired":true,"valueName":"search_term_string"}}],"inLanguage":"pt-BR"},{"@type":"Organization","@id":"https:\/\/news.ecclesia.org.br\/#organization","name":"Sacra Arquidiocese de Buenos Aires e Am\u00e9rica do Sul | Patriarcado Ecum\u00eanico","alternateName":"News Ecclesia Brasil","url":"https:\/\/news.ecclesia.org.br\/","logo":{"@type":"ImageObject","inLanguage":"pt-BR","@id":"https:\/\/news.ecclesia.org.br\/#\/schema\/logo\/image\/","url":"https:\/\/news.ecclesia.org.br\/wp-content\/uploads\/2025\/05\/ecclesia2.png","contentUrl":"https:\/\/news.ecclesia.org.br\/wp-content\/uploads\/2025\/05\/ecclesia2.png","width":480,"height":120,"caption":"Sacra Arquidiocese de Buenos Aires e Am\u00e9rica do Sul | Patriarcado Ecum\u00eanico"},"image":{"@id":"https:\/\/news.ecclesia.org.br\/#\/schema\/logo\/image\/"},"sameAs":["https:\/\/www.facebook.com\/Ecclesia2025","https:\/\/x.com\/EcclesiaNews","https:\/\/br.pinterest.com\/ekklisia\/","https:\/\/www.youtube.com\/@EcclesiaBrasil"]},{"@type":"Person","@id":"https:\/\/news.ecclesia.org.br\/#\/schema\/person\/6f09597f025829745ba414a569f63758","name":"Pe. Andr\u00e9","image":{"@type":"ImageObject","inLanguage":"pt-BR","@id":"https:\/\/secure.gravatar.com\/avatar\/b4327cfa27e9799da239a26adcd534fc29cdc0c4a4a148eecbcfeb9b42c617ac?s=96&d=mm&r=g","url":"https:\/\/secure.gravatar.com\/avatar\/b4327cfa27e9799da239a26adcd534fc29cdc0c4a4a148eecbcfeb9b42c617ac?s=96&d=mm&r=g","contentUrl":"https:\/\/secure.gravatar.com\/avatar\/b4327cfa27e9799da239a26adcd534fc29cdc0c4a4a148eecbcfeb9b42c617ac?s=96&d=mm&r=g","caption":"Pe. Andr\u00e9"},"sameAs":["https:\/\/www.ecclesia.org.br"]}]}},"_links":{"self":[{"href":"https:\/\/news.ecclesia.org.br\/index.php?rest_route=\/wp\/v2\/posts\/5409","targetHints":{"allow":["GET"]}}],"collection":[{"href":"https:\/\/news.ecclesia.org.br\/index.php?rest_route=\/wp\/v2\/posts"}],"about":[{"href":"https:\/\/news.ecclesia.org.br\/index.php?rest_route=\/wp\/v2\/types\/post"}],"author":[{"embeddable":true,"href":"https:\/\/news.ecclesia.org.br\/index.php?rest_route=\/wp\/v2\/users\/1"}],"replies":[{"embeddable":true,"href":"https:\/\/news.ecclesia.org.br\/index.php?rest_route=%2Fwp%2Fv2%2Fcomments&post=5409"}],"version-history":[{"count":0,"href":"https:\/\/news.ecclesia.org.br\/index.php?rest_route=\/wp\/v2\/posts\/5409\/revisions"}],"wp:featuredmedia":[{"embeddable":true,"href":"https:\/\/news.ecclesia.org.br\/index.php?rest_route=\/wp\/v2\/media\/5894"}],"wp:attachment":[{"href":"https:\/\/news.ecclesia.org.br\/index.php?rest_route=%2Fwp%2Fv2%2Fmedia&parent=5409"}],"wp:term":[{"taxonomy":"category","embeddable":true,"href":"https:\/\/news.ecclesia.org.br\/index.php?rest_route=%2Fwp%2Fv2%2Fcategories&post=5409"},{"taxonomy":"post_tag","embeddable":true,"href":"https:\/\/news.ecclesia.org.br\/index.php?rest_route=%2Fwp%2Fv2%2Ftags&post=5409"}],"curies":[{"name":"wp","href":"https:\/\/api.w.org\/{rel}","templated":true}]}}