{"id":5351,"date":"2010-12-05T20:06:52","date_gmt":"2010-12-05T20:06:52","guid":{"rendered":"http:\/\/www.ecclesia.com.br\/news\/?p=5351"},"modified":"2021-07-21T16:50:31","modified_gmt":"2021-07-21T19:50:31","slug":"homilia-de-s-e-r-dom-tarasios-arcebispo-metropolitano-de-buenos-aires-primaz-e-exarca-da-america-do-sul-durante-a-celebracao-da-divina-liturgia-na-igreja-de-sao-savas-em-curitiba-pr-no-dom","status":"publish","type":"post","link":"https:\/\/news.ecclesia.org.br\/?p=5351","title":{"rendered":"Homilia de S. E. R. Dom Tarasios, Arcebispo Metropolitano de Buenos Aires,\u00a0Primaz e Exarca da Am\u00e9rica do Sul, durante a celebra\u00e7\u00e3o da Divina Liturgia na Igreja de S\u00e3o Savas em Curitiba-PR, no domingo, 05 de dezembro de 2010, 10\u00ba Domingo de Lucas (Lc 13,10-17)"},"content":{"rendered":"<p style=\"text-align: justify;\"><img fetchpriority=\"high\" decoding=\"async\" class=\"alignleft wp-image-9778 size-medium\" src=\"https:\/\/news.ecclesia.org.br\/wp-content\/uploads\/2012\/12\/lucas-10-300x227.jpg\" alt=\"lucas-10\" width=\"300\" height=\"227\" \/>No Evangelho da Liturgia de hoje, S\u00e3o Lucas relata-nos que Jesus entrou numa sinagoga e ensinava num dia de s\u00e1bado, como era seu costume. \u00ab<em>Havia ali uma mulher que, h\u00e1 dezoito anos, era possessa de um esp\u00edrito que a detinha doente: andava curvada e n\u00e3o podia absolutamente erguer-se\u00bb.<\/em> E Jesus, sem que ningu\u00e9m o pedisse, movido de compaix\u00e3o, \u00ab<em>a chamou e disse-lhe: Est\u00e1s livre da tua doen\u00e7a. Imp\u00f4s-lhe as m\u00e3os e no mesmo instante ela se endireitou, glorificando a Deus\u00bb<\/em>.<\/p>\n<p style=\"text-align: justify;\">O chefe da sinagoga indignou-se porque Jesus curava em dia de s\u00e1bado. A estreiteza de sua alma n\u00e3o o deixa compreender a grandeza da miseric\u00f3rdia divina que liberta esta mulher encurvada h\u00e1 tanto tempo. Aparentemente zeloso da observ\u00e2ncia do s\u00e1bado, prescrita na lei, o fariseu n\u00e3o consegue ver a alegria de Deus ao contemplar esta sua filha curada de alma e corpo. Seu cora\u00e7\u00e3o frio &#8211; falta de piedade &#8211; n\u00e3o consegue penetrar a verdadeira realidade dos fatos: n\u00e3o v\u00ea o Messias presente naquele lugar, que se manifesta como anunciavam as Escrituras. E, n\u00e3o se atrevendo a murmurar diretamente a Jesus, o faz aos que d&#8217;Ele se acercam: \u00ab<em>S\u00e3o seis os dias em que se deve trabalhar; vinde, pois, nestes dias para vos curar, mas n\u00e3o em dia de s\u00e1bado\u00bb.<\/em><\/p>\n<p style=\"text-align: justify;\">O Senhor, como em outras ocasi\u00f5es, n\u00e3o se cala: chama-lhes de <em>hip\u00f3critas<\/em>, falsos, e contesta dizendo que, assim como eles se davam ao direito de soltar das estrebarias seus bois ou jumentos para lev\u00e1-los a beber, mesmo em dia de s\u00e1bado, \u00ab<em>esta filha de Abra\u00e3o, que Satan\u00e1s paralisava h\u00e1 dezoito anos, n\u00e3o devia ser livre desta pris\u00e3o, em dia de s\u00e1bado?\u00bb<\/em> Aquela mulher, em seu encontro com Cristo, recupera sua dignidade, \u00e9 tratada como uma filha de Abra\u00e3o, e seu valor \u00e9 tido muito acima do valor de um boi ou de um jumento. \u00ab<em>Seus advers\u00e1rios se encheram de confus\u00e3o, ao passo que todo o povo, \u00e0 vista de todos os milagres que ele realizava, se entusiasmava\u00bb \u00a0[&#8230;] <\/em><a href=\"http:\/\/www.ecclesia.com.br\/arquidiocese\/homilias_mensagens\/lucas-10.html\">Ler a homilia na \u00edntegra&#8230;<\/a><\/p>\n<p style=\"text-align: justify;\">\n","protected":false},"excerpt":{"rendered":"<p>No Evangelho da Liturgia de hoje, S\u00e3o Lucas relata-nos que Jesus entrou numa sinagoga e ensinava num dia de s\u00e1bado, como era seu costume. \u00abHavia ali uma mulher que, h\u00e1 dezoito anos, era possessa de um esp\u00edrito que a detinha&#8230;<\/p>\n","protected":false},"author":1,"featured_media":0,"comment_status":"open","ping_status":"open","sticky":false,"template":"","format":"standard","meta":{"_acf_changed":false,"footnotes":""},"categories":[1],"tags":[],"class_list":["post-5351","post","type-post","status-publish","format-standard","hentry","category-news","entry","rows-excerpt"],"acf":[],"yoast_head":"<!-- This site is optimized with the Yoast SEO plugin v27.5 - https:\/\/yoast.com\/product\/yoast-seo-wordpress\/ -->\n<title>Homilia de S. E. R. Dom Tarasios, Arcebispo Metropolitano de Buenos Aires,\u00a0Primaz e Exarca da Am\u00e9rica do Sul, durante a celebra\u00e7\u00e3o da Divina Liturgia na Igreja de S\u00e3o Savas em Curitiba-PR, no domingo, 05 de dezembro de 2010, 10\u00ba Domingo de Lucas (Lc 13,10-17) | ECCLESIA NEWS<\/title>\n<meta name=\"robots\" content=\"index, follow, max-snippet:-1, max-image-preview:large, max-video-preview:-1\" \/>\n<link rel=\"canonical\" href=\"https:\/\/news.ecclesia.org.br\/?p=5351\" \/>\n<meta property=\"og:locale\" content=\"pt_BR\" \/>\n<meta property=\"og:type\" content=\"article\" \/>\n<meta property=\"og:title\" content=\"Homilia de S. E. R. Dom Tarasios, Arcebispo Metropolitano de Buenos Aires,\u00a0Primaz e Exarca da Am\u00e9rica do Sul, durante a celebra\u00e7\u00e3o da Divina Liturgia na Igreja de S\u00e3o Savas em Curitiba-PR, no domingo, 05 de dezembro de 2010, 10\u00ba Domingo de Lucas (Lc 13,10-17) | ECCLESIA NEWS\" \/>\n<meta property=\"og:description\" content=\"No Evangelho da Liturgia de hoje, S\u00e3o Lucas relata-nos que Jesus entrou numa sinagoga e ensinava num dia de s\u00e1bado, como era seu costume. \u00abHavia ali uma mulher que, h\u00e1 dezoito anos, era possessa de um esp\u00edrito que a detinha&#8230;\" \/>\n<meta property=\"og:url\" content=\"https:\/\/news.ecclesia.org.br\/?p=5351\" \/>\n<meta property=\"og:site_name\" content=\"ECCLESIA NEWS\" \/>\n<meta property=\"article:publisher\" content=\"https:\/\/www.facebook.com\/Ecclesia2025\" \/>\n<meta property=\"article:published_time\" content=\"2010-12-05T20:06:52+00:00\" \/>\n<meta property=\"article:modified_time\" content=\"2021-07-21T19:50:31+00:00\" \/>\n<meta property=\"og:image\" content=\"https:\/\/news.ecclesia.org.br\/wp-content\/uploads\/2012\/12\/lucas-10-300x227.jpg\" \/>\n<meta name=\"author\" content=\"Pe. Andr\u00e9\" \/>\n<meta name=\"twitter:card\" content=\"summary_large_image\" \/>\n<meta name=\"twitter:creator\" content=\"@EcclesiaNews\" \/>\n<meta name=\"twitter:site\" content=\"@EcclesiaNews\" \/>\n<meta name=\"twitter:label1\" content=\"Escrito por\" \/>\n\t<meta name=\"twitter:data1\" content=\"Pe. Andr\u00e9\" \/>\n\t<meta name=\"twitter:label2\" content=\"Est. tempo de leitura\" \/>\n\t<meta name=\"twitter:data2\" content=\"2 minutos\" \/>\n<script type=\"application\/ld+json\" class=\"yoast-schema-graph\">{\"@context\":\"https:\\\/\\\/schema.org\",\"@graph\":[{\"@type\":\"Article\",\"@id\":\"https:\\\/\\\/news.ecclesia.org.br\\\/?p=5351#article\",\"isPartOf\":{\"@id\":\"https:\\\/\\\/news.ecclesia.org.br\\\/?p=5351\"},\"author\":{\"name\":\"Pe. Andr\u00e9\",\"@id\":\"https:\\\/\\\/news.ecclesia.org.br\\\/#\\\/schema\\\/person\\\/6f09597f025829745ba414a569f63758\"},\"headline\":\"Homilia de S. E. R. Dom Tarasios, Arcebispo Metropolitano de Buenos Aires,\u00a0Primaz e Exarca da Am\u00e9rica do Sul, durante a celebra\u00e7\u00e3o da Divina Liturgia na Igreja de S\u00e3o Savas em Curitiba-PR, no domingo, 05 de dezembro de 2010, 10\u00ba Domingo de Lucas (Lc 13,10-17)\",\"datePublished\":\"2010-12-05T20:06:52+00:00\",\"dateModified\":\"2021-07-21T19:50:31+00:00\",\"mainEntityOfPage\":{\"@id\":\"https:\\\/\\\/news.ecclesia.org.br\\\/?p=5351\"},\"wordCount\":411,\"commentCount\":0,\"publisher\":{\"@id\":\"https:\\\/\\\/news.ecclesia.org.br\\\/#organization\"},\"image\":{\"@id\":\"https:\\\/\\\/news.ecclesia.org.br\\\/?p=5351#primaryimage\"},\"thumbnailUrl\":\"https:\\\/\\\/news.ecclesia.org.br\\\/wp-content\\\/uploads\\\/2012\\\/12\\\/lucas-10-300x227.jpg\",\"articleSection\":[\"NEWS\"],\"inLanguage\":\"pt-BR\",\"potentialAction\":[{\"@type\":\"CommentAction\",\"name\":\"Comment\",\"target\":[\"https:\\\/\\\/news.ecclesia.org.br\\\/?p=5351#respond\"]}]},{\"@type\":\"WebPage\",\"@id\":\"https:\\\/\\\/news.ecclesia.org.br\\\/?p=5351\",\"url\":\"https:\\\/\\\/news.ecclesia.org.br\\\/?p=5351\",\"name\":\"Homilia de S. E. R. Dom Tarasios, Arcebispo Metropolitano de Buenos Aires,\u00a0Primaz e Exarca da Am\u00e9rica do Sul, durante a celebra\u00e7\u00e3o da Divina Liturgia na Igreja de S\u00e3o Savas em Curitiba-PR, no domingo, 05 de dezembro de 2010, 10\u00ba Domingo de Lucas (Lc 13,10-17) | ECCLESIA NEWS\",\"isPartOf\":{\"@id\":\"https:\\\/\\\/news.ecclesia.org.br\\\/#website\"},\"primaryImageOfPage\":{\"@id\":\"https:\\\/\\\/news.ecclesia.org.br\\\/?p=5351#primaryimage\"},\"image\":{\"@id\":\"https:\\\/\\\/news.ecclesia.org.br\\\/?p=5351#primaryimage\"},\"thumbnailUrl\":\"https:\\\/\\\/news.ecclesia.org.br\\\/wp-content\\\/uploads\\\/2012\\\/12\\\/lucas-10-300x227.jpg\",\"datePublished\":\"2010-12-05T20:06:52+00:00\",\"dateModified\":\"2021-07-21T19:50:31+00:00\",\"breadcrumb\":{\"@id\":\"https:\\\/\\\/news.ecclesia.org.br\\\/?p=5351#breadcrumb\"},\"inLanguage\":\"pt-BR\",\"potentialAction\":[{\"@type\":\"ReadAction\",\"target\":[\"https:\\\/\\\/news.ecclesia.org.br\\\/?p=5351\"]}]},{\"@type\":\"ImageObject\",\"inLanguage\":\"pt-BR\",\"@id\":\"https:\\\/\\\/news.ecclesia.org.br\\\/?p=5351#primaryimage\",\"url\":\"https:\\\/\\\/news.ecclesia.org.br\\\/wp-content\\\/uploads\\\/2012\\\/12\\\/lucas-10-300x227.jpg\",\"contentUrl\":\"https:\\\/\\\/news.ecclesia.org.br\\\/wp-content\\\/uploads\\\/2012\\\/12\\\/lucas-10-300x227.jpg\"},{\"@type\":\"BreadcrumbList\",\"@id\":\"https:\\\/\\\/news.ecclesia.org.br\\\/?p=5351#breadcrumb\",\"itemListElement\":[{\"@type\":\"ListItem\",\"position\":1,\"name\":\"In\u00edcio\",\"item\":\"https:\\\/\\\/news.ecclesia.org.br\\\/\"},{\"@type\":\"ListItem\",\"position\":2,\"name\":\"Homilia de S. E. R. Dom Tarasios, Arcebispo Metropolitano de Buenos Aires,\u00a0Primaz e Exarca da Am\u00e9rica do Sul, durante a celebra\u00e7\u00e3o da Divina Liturgia na Igreja de S\u00e3o Savas em Curitiba-PR, no domingo, 05 de dezembro de 2010, 10\u00ba Domingo de Lucas (Lc 13,10-17)\"}]},{\"@type\":\"WebSite\",\"@id\":\"https:\\\/\\\/news.ecclesia.org.br\\\/#website\",\"url\":\"https:\\\/\\\/news.ecclesia.org.br\\\/\",\"name\":\"Ecclesia Brasil\",\"description\":\"Desde 2003 onectando o Brasil ao mundo ortodoxo!\",\"publisher\":{\"@id\":\"https:\\\/\\\/news.ecclesia.org.br\\\/#organization\"},\"alternateName\":\"Ecclesia\",\"potentialAction\":[{\"@type\":\"SearchAction\",\"target\":{\"@type\":\"EntryPoint\",\"urlTemplate\":\"https:\\\/\\\/news.ecclesia.org.br\\\/?s={search_term_string}\"},\"query-input\":{\"@type\":\"PropertyValueSpecification\",\"valueRequired\":true,\"valueName\":\"search_term_string\"}}],\"inLanguage\":\"pt-BR\"},{\"@type\":\"Organization\",\"@id\":\"https:\\\/\\\/news.ecclesia.org.br\\\/#organization\",\"name\":\"Sacra Arquidiocese de Buenos Aires e Am\u00e9rica do Sul | Patriarcado Ecum\u00eanico\",\"alternateName\":\"News Ecclesia Brasil\",\"url\":\"https:\\\/\\\/news.ecclesia.org.br\\\/\",\"logo\":{\"@type\":\"ImageObject\",\"inLanguage\":\"pt-BR\",\"@id\":\"https:\\\/\\\/news.ecclesia.org.br\\\/#\\\/schema\\\/logo\\\/image\\\/\",\"url\":\"https:\\\/\\\/news.ecclesia.org.br\\\/wp-content\\\/uploads\\\/2025\\\/05\\\/ecclesia2.png\",\"contentUrl\":\"https:\\\/\\\/news.ecclesia.org.br\\\/wp-content\\\/uploads\\\/2025\\\/05\\\/ecclesia2.png\",\"width\":480,\"height\":120,\"caption\":\"Sacra Arquidiocese de Buenos Aires e Am\u00e9rica do Sul | Patriarcado Ecum\u00eanico\"},\"image\":{\"@id\":\"https:\\\/\\\/news.ecclesia.org.br\\\/#\\\/schema\\\/logo\\\/image\\\/\"},\"sameAs\":[\"https:\\\/\\\/www.facebook.com\\\/Ecclesia2025\",\"https:\\\/\\\/x.com\\\/EcclesiaNews\",\"https:\\\/\\\/br.pinterest.com\\\/ekklisia\\\/\",\"https:\\\/\\\/www.youtube.com\\\/@EcclesiaBrasil\"]},{\"@type\":\"Person\",\"@id\":\"https:\\\/\\\/news.ecclesia.org.br\\\/#\\\/schema\\\/person\\\/6f09597f025829745ba414a569f63758\",\"name\":\"Pe. Andr\u00e9\",\"image\":{\"@type\":\"ImageObject\",\"inLanguage\":\"pt-BR\",\"@id\":\"https:\\\/\\\/secure.gravatar.com\\\/avatar\\\/b4327cfa27e9799da239a26adcd534fc29cdc0c4a4a148eecbcfeb9b42c617ac?s=96&d=mm&r=g\",\"url\":\"https:\\\/\\\/secure.gravatar.com\\\/avatar\\\/b4327cfa27e9799da239a26adcd534fc29cdc0c4a4a148eecbcfeb9b42c617ac?s=96&d=mm&r=g\",\"contentUrl\":\"https:\\\/\\\/secure.gravatar.com\\\/avatar\\\/b4327cfa27e9799da239a26adcd534fc29cdc0c4a4a148eecbcfeb9b42c617ac?s=96&d=mm&r=g\",\"caption\":\"Pe. Andr\u00e9\"},\"sameAs\":[\"https:\\\/\\\/www.ecclesia.org.br\"]}]}<\/script>\n<!-- \/ Yoast SEO plugin. -->","yoast_head_json":{"title":"Homilia de S. E. R. Dom Tarasios, Arcebispo Metropolitano de Buenos Aires,\u00a0Primaz e Exarca da Am\u00e9rica do Sul, durante a celebra\u00e7\u00e3o da Divina Liturgia na Igreja de S\u00e3o Savas em Curitiba-PR, no domingo, 05 de dezembro de 2010, 10\u00ba Domingo de Lucas (Lc 13,10-17) | ECCLESIA NEWS","robots":{"index":"index","follow":"follow","max-snippet":"max-snippet:-1","max-image-preview":"max-image-preview:large","max-video-preview":"max-video-preview:-1"},"canonical":"https:\/\/news.ecclesia.org.br\/?p=5351","og_locale":"pt_BR","og_type":"article","og_title":"Homilia de S. E. R. Dom Tarasios, Arcebispo Metropolitano de Buenos Aires,\u00a0Primaz e Exarca da Am\u00e9rica do Sul, durante a celebra\u00e7\u00e3o da Divina Liturgia na Igreja de S\u00e3o Savas em Curitiba-PR, no domingo, 05 de dezembro de 2010, 10\u00ba Domingo de Lucas (Lc 13,10-17) | ECCLESIA NEWS","og_description":"No Evangelho da Liturgia de hoje, S\u00e3o Lucas relata-nos que Jesus entrou numa sinagoga e ensinava num dia de s\u00e1bado, como era seu costume. \u00abHavia ali uma mulher que, h\u00e1 dezoito anos, era possessa de um esp\u00edrito que a detinha&#8230;","og_url":"https:\/\/news.ecclesia.org.br\/?p=5351","og_site_name":"ECCLESIA NEWS","article_publisher":"https:\/\/www.facebook.com\/Ecclesia2025","article_published_time":"2010-12-05T20:06:52+00:00","article_modified_time":"2021-07-21T19:50:31+00:00","og_image":[{"url":"https:\/\/news.ecclesia.org.br\/wp-content\/uploads\/2012\/12\/lucas-10-300x227.jpg","type":"","width":"","height":""}],"author":"Pe. Andr\u00e9","twitter_card":"summary_large_image","twitter_creator":"@EcclesiaNews","twitter_site":"@EcclesiaNews","twitter_misc":{"Escrito por":"Pe. Andr\u00e9","Est. tempo de leitura":"2 minutos"},"schema":{"@context":"https:\/\/schema.org","@graph":[{"@type":"Article","@id":"https:\/\/news.ecclesia.org.br\/?p=5351#article","isPartOf":{"@id":"https:\/\/news.ecclesia.org.br\/?p=5351"},"author":{"name":"Pe. Andr\u00e9","@id":"https:\/\/news.ecclesia.org.br\/#\/schema\/person\/6f09597f025829745ba414a569f63758"},"headline":"Homilia de S. E. R. Dom Tarasios, Arcebispo Metropolitano de Buenos Aires,\u00a0Primaz e Exarca da Am\u00e9rica do Sul, durante a celebra\u00e7\u00e3o da Divina Liturgia na Igreja de S\u00e3o Savas em Curitiba-PR, no domingo, 05 de dezembro de 2010, 10\u00ba Domingo de Lucas (Lc 13,10-17)","datePublished":"2010-12-05T20:06:52+00:00","dateModified":"2021-07-21T19:50:31+00:00","mainEntityOfPage":{"@id":"https:\/\/news.ecclesia.org.br\/?p=5351"},"wordCount":411,"commentCount":0,"publisher":{"@id":"https:\/\/news.ecclesia.org.br\/#organization"},"image":{"@id":"https:\/\/news.ecclesia.org.br\/?p=5351#primaryimage"},"thumbnailUrl":"https:\/\/news.ecclesia.org.br\/wp-content\/uploads\/2012\/12\/lucas-10-300x227.jpg","articleSection":["NEWS"],"inLanguage":"pt-BR","potentialAction":[{"@type":"CommentAction","name":"Comment","target":["https:\/\/news.ecclesia.org.br\/?p=5351#respond"]}]},{"@type":"WebPage","@id":"https:\/\/news.ecclesia.org.br\/?p=5351","url":"https:\/\/news.ecclesia.org.br\/?p=5351","name":"Homilia de S. E. R. Dom Tarasios, Arcebispo Metropolitano de Buenos Aires,\u00a0Primaz e Exarca da Am\u00e9rica do Sul, durante a celebra\u00e7\u00e3o da Divina Liturgia na Igreja de S\u00e3o Savas em Curitiba-PR, no domingo, 05 de dezembro de 2010, 10\u00ba Domingo de Lucas (Lc 13,10-17) | ECCLESIA NEWS","isPartOf":{"@id":"https:\/\/news.ecclesia.org.br\/#website"},"primaryImageOfPage":{"@id":"https:\/\/news.ecclesia.org.br\/?p=5351#primaryimage"},"image":{"@id":"https:\/\/news.ecclesia.org.br\/?p=5351#primaryimage"},"thumbnailUrl":"https:\/\/news.ecclesia.org.br\/wp-content\/uploads\/2012\/12\/lucas-10-300x227.jpg","datePublished":"2010-12-05T20:06:52+00:00","dateModified":"2021-07-21T19:50:31+00:00","breadcrumb":{"@id":"https:\/\/news.ecclesia.org.br\/?p=5351#breadcrumb"},"inLanguage":"pt-BR","potentialAction":[{"@type":"ReadAction","target":["https:\/\/news.ecclesia.org.br\/?p=5351"]}]},{"@type":"ImageObject","inLanguage":"pt-BR","@id":"https:\/\/news.ecclesia.org.br\/?p=5351#primaryimage","url":"https:\/\/news.ecclesia.org.br\/wp-content\/uploads\/2012\/12\/lucas-10-300x227.jpg","contentUrl":"https:\/\/news.ecclesia.org.br\/wp-content\/uploads\/2012\/12\/lucas-10-300x227.jpg"},{"@type":"BreadcrumbList","@id":"https:\/\/news.ecclesia.org.br\/?p=5351#breadcrumb","itemListElement":[{"@type":"ListItem","position":1,"name":"In\u00edcio","item":"https:\/\/news.ecclesia.org.br\/"},{"@type":"ListItem","position":2,"name":"Homilia de S. E. R. Dom Tarasios, Arcebispo Metropolitano de Buenos Aires,\u00a0Primaz e Exarca da Am\u00e9rica do Sul, durante a celebra\u00e7\u00e3o da Divina Liturgia na Igreja de S\u00e3o Savas em Curitiba-PR, no domingo, 05 de dezembro de 2010, 10\u00ba Domingo de Lucas (Lc 13,10-17)"}]},{"@type":"WebSite","@id":"https:\/\/news.ecclesia.org.br\/#website","url":"https:\/\/news.ecclesia.org.br\/","name":"Ecclesia Brasil","description":"Desde 2003 onectando o Brasil ao mundo ortodoxo!","publisher":{"@id":"https:\/\/news.ecclesia.org.br\/#organization"},"alternateName":"Ecclesia","potentialAction":[{"@type":"SearchAction","target":{"@type":"EntryPoint","urlTemplate":"https:\/\/news.ecclesia.org.br\/?s={search_term_string}"},"query-input":{"@type":"PropertyValueSpecification","valueRequired":true,"valueName":"search_term_string"}}],"inLanguage":"pt-BR"},{"@type":"Organization","@id":"https:\/\/news.ecclesia.org.br\/#organization","name":"Sacra Arquidiocese de Buenos Aires e Am\u00e9rica do Sul | Patriarcado Ecum\u00eanico","alternateName":"News Ecclesia Brasil","url":"https:\/\/news.ecclesia.org.br\/","logo":{"@type":"ImageObject","inLanguage":"pt-BR","@id":"https:\/\/news.ecclesia.org.br\/#\/schema\/logo\/image\/","url":"https:\/\/news.ecclesia.org.br\/wp-content\/uploads\/2025\/05\/ecclesia2.png","contentUrl":"https:\/\/news.ecclesia.org.br\/wp-content\/uploads\/2025\/05\/ecclesia2.png","width":480,"height":120,"caption":"Sacra Arquidiocese de Buenos Aires e Am\u00e9rica do Sul | Patriarcado Ecum\u00eanico"},"image":{"@id":"https:\/\/news.ecclesia.org.br\/#\/schema\/logo\/image\/"},"sameAs":["https:\/\/www.facebook.com\/Ecclesia2025","https:\/\/x.com\/EcclesiaNews","https:\/\/br.pinterest.com\/ekklisia\/","https:\/\/www.youtube.com\/@EcclesiaBrasil"]},{"@type":"Person","@id":"https:\/\/news.ecclesia.org.br\/#\/schema\/person\/6f09597f025829745ba414a569f63758","name":"Pe. Andr\u00e9","image":{"@type":"ImageObject","inLanguage":"pt-BR","@id":"https:\/\/secure.gravatar.com\/avatar\/b4327cfa27e9799da239a26adcd534fc29cdc0c4a4a148eecbcfeb9b42c617ac?s=96&d=mm&r=g","url":"https:\/\/secure.gravatar.com\/avatar\/b4327cfa27e9799da239a26adcd534fc29cdc0c4a4a148eecbcfeb9b42c617ac?s=96&d=mm&r=g","contentUrl":"https:\/\/secure.gravatar.com\/avatar\/b4327cfa27e9799da239a26adcd534fc29cdc0c4a4a148eecbcfeb9b42c617ac?s=96&d=mm&r=g","caption":"Pe. Andr\u00e9"},"sameAs":["https:\/\/www.ecclesia.org.br"]}]}},"_links":{"self":[{"href":"https:\/\/news.ecclesia.org.br\/index.php?rest_route=\/wp\/v2\/posts\/5351","targetHints":{"allow":["GET"]}}],"collection":[{"href":"https:\/\/news.ecclesia.org.br\/index.php?rest_route=\/wp\/v2\/posts"}],"about":[{"href":"https:\/\/news.ecclesia.org.br\/index.php?rest_route=\/wp\/v2\/types\/post"}],"author":[{"embeddable":true,"href":"https:\/\/news.ecclesia.org.br\/index.php?rest_route=\/wp\/v2\/users\/1"}],"replies":[{"embeddable":true,"href":"https:\/\/news.ecclesia.org.br\/index.php?rest_route=%2Fwp%2Fv2%2Fcomments&post=5351"}],"version-history":[{"count":2,"href":"https:\/\/news.ecclesia.org.br\/index.php?rest_route=\/wp\/v2\/posts\/5351\/revisions"}],"predecessor-version":[{"id":37964,"href":"https:\/\/news.ecclesia.org.br\/index.php?rest_route=\/wp\/v2\/posts\/5351\/revisions\/37964"}],"wp:attachment":[{"href":"https:\/\/news.ecclesia.org.br\/index.php?rest_route=%2Fwp%2Fv2%2Fmedia&parent=5351"}],"wp:term":[{"taxonomy":"category","embeddable":true,"href":"https:\/\/news.ecclesia.org.br\/index.php?rest_route=%2Fwp%2Fv2%2Fcategories&post=5351"},{"taxonomy":"post_tag","embeddable":true,"href":"https:\/\/news.ecclesia.org.br\/index.php?rest_route=%2Fwp%2Fv2%2Ftags&post=5351"}],"curies":[{"name":"wp","href":"https:\/\/api.w.org\/{rel}","templated":true}]}}