{"id":5314,"date":"2010-11-30T20:50:38","date_gmt":"2010-11-30T22:50:38","guid":{"rendered":"http:\/\/www.ecclesia.com.br\/news\/?p=5314"},"modified":"2016-03-18T04:14:21","modified_gmt":"2016-03-18T04:14:21","slug":"homilia-do-cardeal-bertone-na-entrega-de-reliquias-de-santo-andre","status":"publish","type":"post","link":"https:\/\/news.ecclesia.org.br\/?p=5314","title":{"rendered":"Homilia do Cardeal Bertone na entrega de rel\u00edquias de Santo Andr\u00e9 \u00e0 Igreja Ortodoxa no Cazaquist\u00e3o"},"content":{"rendered":"<p style=\"text-align: justify;\"><em>Queridos irm\u00e3os e irm\u00e3s!<\/em><\/p>\n<p style=\"text-align: justify;\">Estou feliz por encontrar-me em Astana, capital da Rep\u00fablica do Cazaquist\u00e3o, esse nobre e extenso Pa\u00eds situado no cora\u00e7\u00e3o do territ\u00f3rio da Eur\u00e1sia. Gostaria de expressar a minha profunda alegria de poder visitar esta vossa Catedral da Assun\u00e7\u00e3o, recentemente aberta ao culto. Sa\u00fado a todos com carinho, come\u00e7ando por Sua Emin\u00eancia o Metropolita Alexander e, enquanto lhe agrade\u00e7o pela acolhida fraterna, trago a ele e a todos v\u00f3s as sauda\u00e7\u00f5es do\u00a0Santo Padre\u00a0Bento XVI, com pedido que a transmitais a Sua Santidade Cirillo, Patriarca de Moscou e de Todas as R\u00fassias. Sa\u00fado, em seguida, \u00e0s demais autoridades religiosas (e civis), sacerdotes, di\u00e1conos e fi\u00e9is da Igreja Ortodoxa no Cazaquist\u00e3o. Possa este nosso fraterno encontro suscitar um renovado impulso para unirmos esfor\u00e7os, para que, em futuro pr\u00f3ximo, os disc\u00edpulos de Cristo proclamem com uma s\u00f3 voz e um s\u00f3 cora\u00e7\u00e3o o Evangelho, mensagem de esperan\u00e7a para toda a humanidade.<\/p>\n<p style=\"text-align: justify;\">A ocasi\u00e3o desta minha grata visita a Astana \u00e9 a\u00a0C\u00fapula dos Chefes de Estado e de Governo dos Pa\u00edses da Organiza\u00e7\u00e3o para a Seguran\u00e7a e Coopera\u00e7\u00e3o na Europa\u00a0(OSCE), que se realizar\u00e1 nos pr\u00f3ximos dias. Tal circunst\u00e2ncia sugeriu \u00e0s mais altas autoridades do Cazaquist\u00e3o destinar-me um cort\u00eas convite para visitar a vossa terra. Ao acolher de bom grado esse deferente e apreciado gesto, imediatamente pensei na alegria de poder dirigir-me a um Pa\u00eds no qual h\u00e1 amplas possibilidades para uma serena e frutuosa conviv\u00eancia religiosa.\u00a0<strong>Em tal contexto, para n\u00f3s, crist\u00e3os, o dever do amor rec\u00edproco \u00e9 ainda mais urgente: somos, de fato, chamados a dar testemunho a todos, com palavras e a\u00e7\u00f5es, que Deus \u00e9 Amor<\/strong>. A esse respeito, a minha presen\u00e7a deseja ser tamb\u00e9m um incentivo a prosseguir sobre o caminho do grande respeito e carinho, que eu sei que existe entre a Comunidade Ortodoxa e aquela cat\u00f3lica de Astana, bem como em outras cidades. N\u00e3o faltam, queridos amigos, ocasi\u00f5es prop\u00edcias de apoio m\u00fatuo e aprofundamento na amizade.<\/p>\n<p style=\"text-align: justify;\">Hoje, nesse agrad\u00e1vel encontro convosco, tenho a especial alegria de atender ao alto encargo que me foi confiado pelo Santo Padre Bento XVI, de dar-lhes um fragmento das rel\u00edquias do Ap\u00f3stolo Santo Andr\u00e9, que s\u00e3o venerados na It\u00e1lia, na cidade de Amalfi . Esta entrega, que tenho a honra de realizar nas m\u00e3os de Sua Emin\u00eancia o Metropolita Alexander, acontece em resposta ao devoto pedido que o seu predecessor, Metropolita Mefodji, e o Arcebispo Tomash Peta, Metropolita Cat\u00f3lico, dirigiram conjuntamente ao Papa Bento XVI. O Pont\u00edfice, querendo satisfazer de bom grado esse ardente desejo, decidiu atribuir \u00e0s respectivas Igrejas dois fragmentos das preciosas rel\u00edquias. Tal decis\u00e3o reveste-se de profundo significado, enquanto sublinha a comum venera\u00e7\u00e3o dos Ap\u00f3stolos.<\/p>\n<p style=\"text-align: justify;\">Apraz-me sublinhar que o evento de hoje de entrega da rel\u00edquia de Santo Andr\u00e9, que v\u00f3s tanto venerais, coincide exatamente com o dia em que, de acordo com o calend\u00e1rio da Igreja latina, celebra-se a sua festa lit\u00fargica. Andr\u00e9 nasceu em Betsaida, foi o primeiro disc\u00edpulo de Jo\u00e3o Batista e, depois, seguiu o Senhor Jesus, que o conduziu a seu irm\u00e3o Pedro. Juntamente com Filipe, apresentou a Cristo mesmo os gentios e apontou para o menino que trazia os peixes e os p\u00e3es. Segundo a tradi\u00e7\u00e3o, depois do Pentecostes, pregou em diversas regi\u00f5es e foi crucificado em Ac\u00e1cia (Gr\u00e9cia). O Evangelho diz-nos que Jesus, \u00abpassando ao longo do mar da Galil\u00e9ia, viu Sim\u00e3o e Andr\u00e9, seu irm\u00e3o, que lan\u00e7avam as redes ao mar, pois eram pescadores. Jesus disse-lhes: &#8216;Vinde ap\u00f3s mim; eu vos farei pescadores de homens&#8217;\u00bb (Mc 1,16-17). Andr\u00e9, portanto, foi o primeiro dos Ap\u00f3stolos a ser chamado para seguir Jesus. Exatamente com base nesse fato, a liturgia bizantina honra-o com o apelativo de\u00a0Prot\u00f3klitos, que significa propriamente o primeiro chamado.<\/p>\n<p style=\"text-align: justify;\">O relato evang\u00e9lico prossegue precisando que \u00abimediatamente, deixaram suas redes e o seguiram\u00bb (Mc 1,18). \u00c9 essa ades\u00e3o pronta que permitiu aos Ap\u00f3stolos difundir a Palavra, a \u00abboa nova\u00bb da salva\u00e7\u00e3o.\u00a0<strong>A f\u00e9 vem pelo ouvir e o que se escuta \u00e9 a Palavra de Cristo, que ainda hoje a Igreja difunde at\u00e9 os confins da terra. Essa Palavra \u00e9 o alimento indispens\u00e1vel para a alma<\/strong>. \u00c9 dito no livro do profeta Am\u00f3s que Deus colocar\u00e1 no mundo uma fome, n\u00e3o fome de p\u00e3o, mas de ouvir a sua palavra (cf. Am 8,11). \u00c9 essa uma fome salutar, porque faz-nos continuamente buscar e acolher a Palavra de Deus, sabendo que essa deve nos nutrir por toda a vida.\u00a0<strong>Nada na vida pode ter consist\u00eancia, nada pode verdadeiramente nos satisfazer, se n\u00e3o for alimentado, penetrado, iluminado e guiado pela Palavra do Senhor<\/strong>. Al\u00e9m disso, um sempre mais profundo compromisso de radical ades\u00e3o a tal Palavra, juntamente com o apoio do Esp\u00edrito Santo, constitui a for\u00e7a para realizar a aspira\u00e7\u00e3o de toda a Comunidade crist\u00e3 e de cada fiel \u00e0 unidade (cf. Bento XVI,\u00a0Exorta\u00e7\u00e3o Apost\u00f3lica\u00a0Verbum Domini, 46).<\/p>\n<p style=\"text-align: justify;\">[singlepic id=289w=320 h=240 float=left]Do Evangelho de S\u00e3o Jo\u00e3o, recolhemos um outro detalhe importante sobre o Ap\u00f3stolo Andr\u00e9: \u00abFoi ele ent\u00e3o logo \u00e0 procura de seu irm\u00e3o e disse-lhe: Achamos o Messias (que quer dizer o Cristo). Levou-o a Jesus\u00bb (Jo 1,41-43), demonstrando imediatamente um forte esp\u00edrito apost\u00f3lico. A esse respeito, S\u00e3o Jo\u00e3o Cris\u00f3stomo comenta: \u00abAquela de Andr\u00e9 \u00e9 a palavra de quem aguarda com expectativa a vinda do Messias, que esperava a sua descida do c\u00e9u, que se encheu de alegria quando o viu chegar, e que se apressou a comunicar aos outros a grande not\u00edcia. Vede de que maneira notifica aquilo que havia aprendido em t\u00e3o pouco tempo? Andr\u00e9, ap\u00f3s ter permanecido com Jesus e ter aprendido tudo o que Jesus havia ensinado, n\u00e3o mant\u00e9m trancado em si o tesouro, mas apressou-se a correr para seu irm\u00e3o, para informar-lhe a riqueza que tinha recebido. [&#8230; ] Olhai tamb\u00e9m a alma de Pedro, desde o in\u00edcio d\u00f3cil e pronta \u00e0 f\u00e9: imediatamente corre, sem se preocupar com mais nada\u00bb (Om. 19, 1, PG 59, 120).<\/p>\n<p style=\"text-align: justify;\">No precioso \u00edcone doado pelo Patriarca Atenagoras I ao\u00a0Papa Paulo VI,\u00a0em 5 de janeiro de 1964,\u00a0os dois santos ap\u00f3stolos, Pedro o\u00a0Corifeo\u00a0e Andr\u00e9 o\u00a0Prot\u00f3clito,\u00a0abra\u00e7am-se, em uma eloq\u00fcente linguagem de amor, debaixo do Cristo glorioso. Andr\u00e9 foi o primeiro a colocar-se no seguimento do Senhor; Pedro foi chamado a confirmar os seus irm\u00e3os na f\u00e9. O seu abra\u00e7o sob o olhar de Cristo \u00e9 um convite para continuar no nosso caminho, rumo \u00e0quela meta de unidade que juntos desejamos alcan\u00e7ar.\u00a0Nada desanima-nos, mas vamos em frente com esperan\u00e7a, apoiados pela intercess\u00e3o dos ap\u00f3stolos Pedro e Andr\u00e9, bem como pela prote\u00e7\u00e3o maternal de Maria Sant\u00edssima, M\u00e3e de Cristo e M\u00e3e nossa. Com particular intensidade, pe\u00e7amos a Deus o dom precioso da unidade entre todos os crist\u00e3os, fazendo nossa a invoca\u00e7\u00e3o que Jesus ofereceu ao Pai por seus disc\u00edpulos: \u00abPara que todos sejam um, assim como tu, Pai, est\u00e1s em mim e eu em ti, para que tamb\u00e9m eles estejam em n\u00f3s e o mundo creia que tu me enviaste\u00bb (Jo 17,21).<\/p>\n<p style=\"text-align: right;\">Fonte: <a href=\"http:\/\/noticias.cancaonova.com\/\" target=\"_blank\">CN Not\u00edcias<\/a><\/p>\n","protected":false},"excerpt":{"rendered":"<p>Queridos irm\u00e3os e irm\u00e3s! Estou feliz por encontrar-me em Astana, capital da Rep\u00fablica do Cazaquist\u00e3o, esse nobre e extenso Pa\u00eds situado no cora\u00e7\u00e3o do territ\u00f3rio da Eur\u00e1sia. Gostaria de expressar a minha profunda alegria de poder visitar esta vossa Catedral&#8230;<\/p>\n","protected":false},"author":1,"featured_media":16356,"comment_status":"open","ping_status":"open","sticky":false,"template":"","format":"standard","meta":{"_acf_changed":false,"footnotes":""},"categories":[1],"tags":[],"class_list":["post-5314","post","type-post","status-publish","format-standard","has-post-thumbnail","hentry","category-news","entry","rows-excerpt"],"acf":[],"yoast_head":"<!-- This site is optimized with the Yoast SEO plugin v27.5 - https:\/\/yoast.com\/product\/yoast-seo-wordpress\/ -->\n<title>Homilia do Cardeal Bertone na entrega de rel\u00edquias de Santo Andr\u00e9 \u00e0 Igreja Ortodoxa no Cazaquist\u00e3o | ECCLESIA NEWS<\/title>\n<meta name=\"robots\" content=\"index, follow, max-snippet:-1, max-image-preview:large, max-video-preview:-1\" \/>\n<link rel=\"canonical\" href=\"https:\/\/news.ecclesia.org.br\/?p=5314\" \/>\n<meta property=\"og:locale\" content=\"pt_BR\" \/>\n<meta property=\"og:type\" content=\"article\" \/>\n<meta property=\"og:title\" content=\"Homilia do Cardeal Bertone na entrega de rel\u00edquias de Santo Andr\u00e9 \u00e0 Igreja Ortodoxa no Cazaquist\u00e3o | ECCLESIA NEWS\" \/>\n<meta property=\"og:description\" content=\"Queridos irm\u00e3os e irm\u00e3s! Estou feliz por encontrar-me em Astana, capital da Rep\u00fablica do Cazaquist\u00e3o, esse nobre e extenso Pa\u00eds situado no cora\u00e7\u00e3o do territ\u00f3rio da Eur\u00e1sia. Gostaria de expressar a minha profunda alegria de poder visitar esta vossa Catedral&#8230;\" \/>\n<meta property=\"og:url\" content=\"https:\/\/news.ecclesia.org.br\/?p=5314\" \/>\n<meta property=\"og:site_name\" content=\"ECCLESIA NEWS\" \/>\n<meta property=\"article:publisher\" content=\"https:\/\/www.facebook.com\/Ecclesia2025\" \/>\n<meta property=\"article:published_time\" content=\"2010-11-30T22:50:38+00:00\" \/>\n<meta property=\"article:modified_time\" content=\"2016-03-18T04:14:21+00:00\" \/>\n<meta property=\"og:image\" content=\"https:\/\/news.ecclesia.org.br\/wp-content\/uploads\/2010\/11\/reliquias-santo-andre.jpg\" \/>\n\t<meta property=\"og:image:width\" content=\"378\" \/>\n\t<meta property=\"og:image:height\" content=\"280\" \/>\n\t<meta property=\"og:image:type\" content=\"image\/jpeg\" \/>\n<meta name=\"author\" content=\"Pe. Andr\u00e9\" \/>\n<meta name=\"twitter:card\" content=\"summary_large_image\" \/>\n<meta name=\"twitter:creator\" content=\"@EcclesiaNews\" \/>\n<meta name=\"twitter:site\" content=\"@EcclesiaNews\" \/>\n<meta name=\"twitter:label1\" content=\"Escrito por\" \/>\n\t<meta name=\"twitter:data1\" content=\"Pe. Andr\u00e9\" \/>\n\t<meta name=\"twitter:label2\" content=\"Est. tempo de leitura\" \/>\n\t<meta name=\"twitter:data2\" content=\"6 minutos\" \/>\n<script type=\"application\/ld+json\" class=\"yoast-schema-graph\">{\"@context\":\"https:\\\/\\\/schema.org\",\"@graph\":[{\"@type\":\"Article\",\"@id\":\"https:\\\/\\\/news.ecclesia.org.br\\\/?p=5314#article\",\"isPartOf\":{\"@id\":\"https:\\\/\\\/news.ecclesia.org.br\\\/?p=5314\"},\"author\":{\"name\":\"Pe. Andr\u00e9\",\"@id\":\"https:\\\/\\\/news.ecclesia.org.br\\\/#\\\/schema\\\/person\\\/6f09597f025829745ba414a569f63758\"},\"headline\":\"Homilia do Cardeal Bertone na entrega de rel\u00edquias de Santo Andr\u00e9 \u00e0 Igreja Ortodoxa no Cazaquist\u00e3o\",\"datePublished\":\"2010-11-30T22:50:38+00:00\",\"dateModified\":\"2016-03-18T04:14:21+00:00\",\"mainEntityOfPage\":{\"@id\":\"https:\\\/\\\/news.ecclesia.org.br\\\/?p=5314\"},\"wordCount\":1286,\"commentCount\":0,\"publisher\":{\"@id\":\"https:\\\/\\\/news.ecclesia.org.br\\\/#organization\"},\"image\":{\"@id\":\"https:\\\/\\\/news.ecclesia.org.br\\\/?p=5314#primaryimage\"},\"thumbnailUrl\":\"https:\\\/\\\/news.ecclesia.org.br\\\/wp-content\\\/uploads\\\/2010\\\/11\\\/reliquias-santo-andre.jpg\",\"articleSection\":[\"NEWS\"],\"inLanguage\":\"pt-BR\",\"potentialAction\":[{\"@type\":\"CommentAction\",\"name\":\"Comment\",\"target\":[\"https:\\\/\\\/news.ecclesia.org.br\\\/?p=5314#respond\"]}]},{\"@type\":\"WebPage\",\"@id\":\"https:\\\/\\\/news.ecclesia.org.br\\\/?p=5314\",\"url\":\"https:\\\/\\\/news.ecclesia.org.br\\\/?p=5314\",\"name\":\"Homilia do Cardeal Bertone na entrega de rel\u00edquias de Santo Andr\u00e9 \u00e0 Igreja Ortodoxa no Cazaquist\u00e3o | ECCLESIA NEWS\",\"isPartOf\":{\"@id\":\"https:\\\/\\\/news.ecclesia.org.br\\\/#website\"},\"primaryImageOfPage\":{\"@id\":\"https:\\\/\\\/news.ecclesia.org.br\\\/?p=5314#primaryimage\"},\"image\":{\"@id\":\"https:\\\/\\\/news.ecclesia.org.br\\\/?p=5314#primaryimage\"},\"thumbnailUrl\":\"https:\\\/\\\/news.ecclesia.org.br\\\/wp-content\\\/uploads\\\/2010\\\/11\\\/reliquias-santo-andre.jpg\",\"datePublished\":\"2010-11-30T22:50:38+00:00\",\"dateModified\":\"2016-03-18T04:14:21+00:00\",\"breadcrumb\":{\"@id\":\"https:\\\/\\\/news.ecclesia.org.br\\\/?p=5314#breadcrumb\"},\"inLanguage\":\"pt-BR\",\"potentialAction\":[{\"@type\":\"ReadAction\",\"target\":[\"https:\\\/\\\/news.ecclesia.org.br\\\/?p=5314\"]}]},{\"@type\":\"ImageObject\",\"inLanguage\":\"pt-BR\",\"@id\":\"https:\\\/\\\/news.ecclesia.org.br\\\/?p=5314#primaryimage\",\"url\":\"https:\\\/\\\/news.ecclesia.org.br\\\/wp-content\\\/uploads\\\/2010\\\/11\\\/reliquias-santo-andre.jpg\",\"contentUrl\":\"https:\\\/\\\/news.ecclesia.org.br\\\/wp-content\\\/uploads\\\/2010\\\/11\\\/reliquias-santo-andre.jpg\",\"width\":378,\"height\":280,\"caption\":\"As rel\u00edquias do Ap\u00f3stolo Santo Andr\u00e9\"},{\"@type\":\"BreadcrumbList\",\"@id\":\"https:\\\/\\\/news.ecclesia.org.br\\\/?p=5314#breadcrumb\",\"itemListElement\":[{\"@type\":\"ListItem\",\"position\":1,\"name\":\"In\u00edcio\",\"item\":\"https:\\\/\\\/news.ecclesia.org.br\\\/\"},{\"@type\":\"ListItem\",\"position\":2,\"name\":\"Homilia do Cardeal Bertone na entrega de rel\u00edquias de Santo Andr\u00e9 \u00e0 Igreja Ortodoxa no Cazaquist\u00e3o\"}]},{\"@type\":\"WebSite\",\"@id\":\"https:\\\/\\\/news.ecclesia.org.br\\\/#website\",\"url\":\"https:\\\/\\\/news.ecclesia.org.br\\\/\",\"name\":\"Ecclesia Brasil\",\"description\":\"Desde 2003 onectando o Brasil ao mundo ortodoxo!\",\"publisher\":{\"@id\":\"https:\\\/\\\/news.ecclesia.org.br\\\/#organization\"},\"alternateName\":\"Ecclesia\",\"potentialAction\":[{\"@type\":\"SearchAction\",\"target\":{\"@type\":\"EntryPoint\",\"urlTemplate\":\"https:\\\/\\\/news.ecclesia.org.br\\\/?s={search_term_string}\"},\"query-input\":{\"@type\":\"PropertyValueSpecification\",\"valueRequired\":true,\"valueName\":\"search_term_string\"}}],\"inLanguage\":\"pt-BR\"},{\"@type\":\"Organization\",\"@id\":\"https:\\\/\\\/news.ecclesia.org.br\\\/#organization\",\"name\":\"Sacra Arquidiocese de Buenos Aires e Am\u00e9rica do Sul | Patriarcado Ecum\u00eanico\",\"alternateName\":\"News Ecclesia Brasil\",\"url\":\"https:\\\/\\\/news.ecclesia.org.br\\\/\",\"logo\":{\"@type\":\"ImageObject\",\"inLanguage\":\"pt-BR\",\"@id\":\"https:\\\/\\\/news.ecclesia.org.br\\\/#\\\/schema\\\/logo\\\/image\\\/\",\"url\":\"https:\\\/\\\/news.ecclesia.org.br\\\/wp-content\\\/uploads\\\/2025\\\/05\\\/ecclesia2.png\",\"contentUrl\":\"https:\\\/\\\/news.ecclesia.org.br\\\/wp-content\\\/uploads\\\/2025\\\/05\\\/ecclesia2.png\",\"width\":480,\"height\":120,\"caption\":\"Sacra Arquidiocese de Buenos Aires e Am\u00e9rica do Sul | Patriarcado Ecum\u00eanico\"},\"image\":{\"@id\":\"https:\\\/\\\/news.ecclesia.org.br\\\/#\\\/schema\\\/logo\\\/image\\\/\"},\"sameAs\":[\"https:\\\/\\\/www.facebook.com\\\/Ecclesia2025\",\"https:\\\/\\\/x.com\\\/EcclesiaNews\",\"https:\\\/\\\/br.pinterest.com\\\/ekklisia\\\/\",\"https:\\\/\\\/www.youtube.com\\\/@EcclesiaBrasil\"]},{\"@type\":\"Person\",\"@id\":\"https:\\\/\\\/news.ecclesia.org.br\\\/#\\\/schema\\\/person\\\/6f09597f025829745ba414a569f63758\",\"name\":\"Pe. Andr\u00e9\",\"image\":{\"@type\":\"ImageObject\",\"inLanguage\":\"pt-BR\",\"@id\":\"https:\\\/\\\/secure.gravatar.com\\\/avatar\\\/b4327cfa27e9799da239a26adcd534fc29cdc0c4a4a148eecbcfeb9b42c617ac?s=96&d=mm&r=g\",\"url\":\"https:\\\/\\\/secure.gravatar.com\\\/avatar\\\/b4327cfa27e9799da239a26adcd534fc29cdc0c4a4a148eecbcfeb9b42c617ac?s=96&d=mm&r=g\",\"contentUrl\":\"https:\\\/\\\/secure.gravatar.com\\\/avatar\\\/b4327cfa27e9799da239a26adcd534fc29cdc0c4a4a148eecbcfeb9b42c617ac?s=96&d=mm&r=g\",\"caption\":\"Pe. Andr\u00e9\"},\"sameAs\":[\"https:\\\/\\\/www.ecclesia.org.br\"]}]}<\/script>\n<!-- \/ Yoast SEO plugin. -->","yoast_head_json":{"title":"Homilia do Cardeal Bertone na entrega de rel\u00edquias de Santo Andr\u00e9 \u00e0 Igreja Ortodoxa no Cazaquist\u00e3o | ECCLESIA NEWS","robots":{"index":"index","follow":"follow","max-snippet":"max-snippet:-1","max-image-preview":"max-image-preview:large","max-video-preview":"max-video-preview:-1"},"canonical":"https:\/\/news.ecclesia.org.br\/?p=5314","og_locale":"pt_BR","og_type":"article","og_title":"Homilia do Cardeal Bertone na entrega de rel\u00edquias de Santo Andr\u00e9 \u00e0 Igreja Ortodoxa no Cazaquist\u00e3o | ECCLESIA NEWS","og_description":"Queridos irm\u00e3os e irm\u00e3s! Estou feliz por encontrar-me em Astana, capital da Rep\u00fablica do Cazaquist\u00e3o, esse nobre e extenso Pa\u00eds situado no cora\u00e7\u00e3o do territ\u00f3rio da Eur\u00e1sia. Gostaria de expressar a minha profunda alegria de poder visitar esta vossa Catedral&#8230;","og_url":"https:\/\/news.ecclesia.org.br\/?p=5314","og_site_name":"ECCLESIA NEWS","article_publisher":"https:\/\/www.facebook.com\/Ecclesia2025","article_published_time":"2010-11-30T22:50:38+00:00","article_modified_time":"2016-03-18T04:14:21+00:00","og_image":[{"width":378,"height":280,"url":"https:\/\/news.ecclesia.org.br\/wp-content\/uploads\/2010\/11\/reliquias-santo-andre.jpg","type":"image\/jpeg"}],"author":"Pe. Andr\u00e9","twitter_card":"summary_large_image","twitter_creator":"@EcclesiaNews","twitter_site":"@EcclesiaNews","twitter_misc":{"Escrito por":"Pe. Andr\u00e9","Est. tempo de leitura":"6 minutos"},"schema":{"@context":"https:\/\/schema.org","@graph":[{"@type":"Article","@id":"https:\/\/news.ecclesia.org.br\/?p=5314#article","isPartOf":{"@id":"https:\/\/news.ecclesia.org.br\/?p=5314"},"author":{"name":"Pe. Andr\u00e9","@id":"https:\/\/news.ecclesia.org.br\/#\/schema\/person\/6f09597f025829745ba414a569f63758"},"headline":"Homilia do Cardeal Bertone na entrega de rel\u00edquias de Santo Andr\u00e9 \u00e0 Igreja Ortodoxa no Cazaquist\u00e3o","datePublished":"2010-11-30T22:50:38+00:00","dateModified":"2016-03-18T04:14:21+00:00","mainEntityOfPage":{"@id":"https:\/\/news.ecclesia.org.br\/?p=5314"},"wordCount":1286,"commentCount":0,"publisher":{"@id":"https:\/\/news.ecclesia.org.br\/#organization"},"image":{"@id":"https:\/\/news.ecclesia.org.br\/?p=5314#primaryimage"},"thumbnailUrl":"https:\/\/news.ecclesia.org.br\/wp-content\/uploads\/2010\/11\/reliquias-santo-andre.jpg","articleSection":["NEWS"],"inLanguage":"pt-BR","potentialAction":[{"@type":"CommentAction","name":"Comment","target":["https:\/\/news.ecclesia.org.br\/?p=5314#respond"]}]},{"@type":"WebPage","@id":"https:\/\/news.ecclesia.org.br\/?p=5314","url":"https:\/\/news.ecclesia.org.br\/?p=5314","name":"Homilia do Cardeal Bertone na entrega de rel\u00edquias de Santo Andr\u00e9 \u00e0 Igreja Ortodoxa no Cazaquist\u00e3o | ECCLESIA NEWS","isPartOf":{"@id":"https:\/\/news.ecclesia.org.br\/#website"},"primaryImageOfPage":{"@id":"https:\/\/news.ecclesia.org.br\/?p=5314#primaryimage"},"image":{"@id":"https:\/\/news.ecclesia.org.br\/?p=5314#primaryimage"},"thumbnailUrl":"https:\/\/news.ecclesia.org.br\/wp-content\/uploads\/2010\/11\/reliquias-santo-andre.jpg","datePublished":"2010-11-30T22:50:38+00:00","dateModified":"2016-03-18T04:14:21+00:00","breadcrumb":{"@id":"https:\/\/news.ecclesia.org.br\/?p=5314#breadcrumb"},"inLanguage":"pt-BR","potentialAction":[{"@type":"ReadAction","target":["https:\/\/news.ecclesia.org.br\/?p=5314"]}]},{"@type":"ImageObject","inLanguage":"pt-BR","@id":"https:\/\/news.ecclesia.org.br\/?p=5314#primaryimage","url":"https:\/\/news.ecclesia.org.br\/wp-content\/uploads\/2010\/11\/reliquias-santo-andre.jpg","contentUrl":"https:\/\/news.ecclesia.org.br\/wp-content\/uploads\/2010\/11\/reliquias-santo-andre.jpg","width":378,"height":280,"caption":"As rel\u00edquias do Ap\u00f3stolo Santo Andr\u00e9"},{"@type":"BreadcrumbList","@id":"https:\/\/news.ecclesia.org.br\/?p=5314#breadcrumb","itemListElement":[{"@type":"ListItem","position":1,"name":"In\u00edcio","item":"https:\/\/news.ecclesia.org.br\/"},{"@type":"ListItem","position":2,"name":"Homilia do Cardeal Bertone na entrega de rel\u00edquias de Santo Andr\u00e9 \u00e0 Igreja Ortodoxa no Cazaquist\u00e3o"}]},{"@type":"WebSite","@id":"https:\/\/news.ecclesia.org.br\/#website","url":"https:\/\/news.ecclesia.org.br\/","name":"Ecclesia Brasil","description":"Desde 2003 onectando o Brasil ao mundo ortodoxo!","publisher":{"@id":"https:\/\/news.ecclesia.org.br\/#organization"},"alternateName":"Ecclesia","potentialAction":[{"@type":"SearchAction","target":{"@type":"EntryPoint","urlTemplate":"https:\/\/news.ecclesia.org.br\/?s={search_term_string}"},"query-input":{"@type":"PropertyValueSpecification","valueRequired":true,"valueName":"search_term_string"}}],"inLanguage":"pt-BR"},{"@type":"Organization","@id":"https:\/\/news.ecclesia.org.br\/#organization","name":"Sacra Arquidiocese de Buenos Aires e Am\u00e9rica do Sul | Patriarcado Ecum\u00eanico","alternateName":"News Ecclesia Brasil","url":"https:\/\/news.ecclesia.org.br\/","logo":{"@type":"ImageObject","inLanguage":"pt-BR","@id":"https:\/\/news.ecclesia.org.br\/#\/schema\/logo\/image\/","url":"https:\/\/news.ecclesia.org.br\/wp-content\/uploads\/2025\/05\/ecclesia2.png","contentUrl":"https:\/\/news.ecclesia.org.br\/wp-content\/uploads\/2025\/05\/ecclesia2.png","width":480,"height":120,"caption":"Sacra Arquidiocese de Buenos Aires e Am\u00e9rica do Sul | Patriarcado Ecum\u00eanico"},"image":{"@id":"https:\/\/news.ecclesia.org.br\/#\/schema\/logo\/image\/"},"sameAs":["https:\/\/www.facebook.com\/Ecclesia2025","https:\/\/x.com\/EcclesiaNews","https:\/\/br.pinterest.com\/ekklisia\/","https:\/\/www.youtube.com\/@EcclesiaBrasil"]},{"@type":"Person","@id":"https:\/\/news.ecclesia.org.br\/#\/schema\/person\/6f09597f025829745ba414a569f63758","name":"Pe. Andr\u00e9","image":{"@type":"ImageObject","inLanguage":"pt-BR","@id":"https:\/\/secure.gravatar.com\/avatar\/b4327cfa27e9799da239a26adcd534fc29cdc0c4a4a148eecbcfeb9b42c617ac?s=96&d=mm&r=g","url":"https:\/\/secure.gravatar.com\/avatar\/b4327cfa27e9799da239a26adcd534fc29cdc0c4a4a148eecbcfeb9b42c617ac?s=96&d=mm&r=g","contentUrl":"https:\/\/secure.gravatar.com\/avatar\/b4327cfa27e9799da239a26adcd534fc29cdc0c4a4a148eecbcfeb9b42c617ac?s=96&d=mm&r=g","caption":"Pe. Andr\u00e9"},"sameAs":["https:\/\/www.ecclesia.org.br"]}]}},"_links":{"self":[{"href":"https:\/\/news.ecclesia.org.br\/index.php?rest_route=\/wp\/v2\/posts\/5314","targetHints":{"allow":["GET"]}}],"collection":[{"href":"https:\/\/news.ecclesia.org.br\/index.php?rest_route=\/wp\/v2\/posts"}],"about":[{"href":"https:\/\/news.ecclesia.org.br\/index.php?rest_route=\/wp\/v2\/types\/post"}],"author":[{"embeddable":true,"href":"https:\/\/news.ecclesia.org.br\/index.php?rest_route=\/wp\/v2\/users\/1"}],"replies":[{"embeddable":true,"href":"https:\/\/news.ecclesia.org.br\/index.php?rest_route=%2Fwp%2Fv2%2Fcomments&post=5314"}],"version-history":[{"count":0,"href":"https:\/\/news.ecclesia.org.br\/index.php?rest_route=\/wp\/v2\/posts\/5314\/revisions"}],"wp:featuredmedia":[{"embeddable":true,"href":"https:\/\/news.ecclesia.org.br\/index.php?rest_route=\/wp\/v2\/media\/16356"}],"wp:attachment":[{"href":"https:\/\/news.ecclesia.org.br\/index.php?rest_route=%2Fwp%2Fv2%2Fmedia&parent=5314"}],"wp:term":[{"taxonomy":"category","embeddable":true,"href":"https:\/\/news.ecclesia.org.br\/index.php?rest_route=%2Fwp%2Fv2%2Fcategories&post=5314"},{"taxonomy":"post_tag","embeddable":true,"href":"https:\/\/news.ecclesia.org.br\/index.php?rest_route=%2Fwp%2Fv2%2Ftags&post=5314"}],"curies":[{"name":"wp","href":"https:\/\/api.w.org\/{rel}","templated":true}]}}