{"id":5245,"date":"2010-11-11T20:58:40","date_gmt":"2010-11-11T22:58:40","guid":{"rendered":"http:\/\/www.ecclesia.com.br\/news\/?p=5245"},"modified":"2016-03-18T04:34:26","modified_gmt":"2016-03-18T04:34:26","slug":"lideres-russos-condenam-ataques-incendiarios-contra-igrejas","status":"publish","type":"post","link":"https:\/\/news.ecclesia.org.br\/?p=5245","title":{"rendered":"L\u00edderes russos condenam ataques incendi\u00e1rios contra igrejas"},"content":{"rendered":"<p style=\"text-align: justify;\"><img fetchpriority=\"high\" decoding=\"async\" class=\"alignleft wp-image-16380 size-medium\" src=\"https:\/\/news.ecclesia.org.br\/2013\/wp-content\/uploads\/2010\/11\/russia-incendio-300x190.jpg\" alt=\"russia-incendio\" width=\"300\" height=\"190\" srcset=\"https:\/\/news.ecclesia.org.br\/wp-content\/uploads\/2010\/11\/russia-incendio-300x190.jpg 300w, https:\/\/news.ecclesia.org.br\/wp-content\/uploads\/2010\/11\/russia-incendio-600x381.jpg 600w, https:\/\/news.ecclesia.org.br\/wp-content\/uploads\/2010\/11\/russia-incendio-87x55.jpg 87w, https:\/\/news.ecclesia.org.br\/wp-content\/uploads\/2010\/11\/russia-incendio.jpg 630w\" sizes=\"(max-width: 300px) 100vw, 300px\" \/>L\u00edderes pol\u00edticos e religiosos russos da regi\u00e3o principalmente mu\u00e7ulmana do norte do C\u00e1ucaso denunciaram ataques incendi\u00e1rios a duas igrejas ortodoxas e uma batista durante a noite de primeiro de novembro. Uma igreja ortodoxa na vila de Ordzhonikidzevsky, na prov\u00edncia de Karachayevo-Cherkessia foi quase inteiramente destru\u00edda, de acordo com a ag\u00eancia de not\u00edcias Interfax, que cobre quest\u00f5es de neg\u00f3cios na R\u00fassia, China e mercados emergentes da Eur\u00e1sia. Duas outras igrejas em Karachaevsk, cidade pr\u00f3xima da outra vila atacada, sofreram preju\u00edzos, mas foram salvas por freq\u00fcentadores noturnos. Ningu\u00e9m foi ferido em nenhum dos inc\u00eandios. As autoridades n\u00e3o sabem quem \u00e9 o respons\u00e1vel, mas os ataques \u00e0s igrejas parecem ser parte de uma crescente insurg\u00eancia isl\u00e2mica dentro da R\u00fassia predominantemente crist\u00e3, que busca um estado independente onde poderiam estabelecer a lei isl\u00e2mica. Ismail Berdiev, o l\u00edder regional da administra\u00e7\u00e3o espiritual mu\u00e7ulmana, contou \u00e0 ag\u00eancia de not\u00edcias russa RIA Novosti que acreditava que as tentativas de destruir igrejas crist\u00e3s tinham como objetivo desestabilizar a sociedade do sul da rep\u00fablica russa, onde \u00e9 um misto de crist\u00e3os e mu\u00e7ulmanos. \u00abQualquer que seja a religi\u00e3o na qual a pessoa cr\u00ea, ele n\u00e3o levantar\u00e1 sua m\u00e3o contra um templo ou uma mesquita, pois ambos s\u00e3o a casa de Deus\u00bb, disse Berdiev. O arcebispo Feofan, das cidades de maioria crist\u00e3 de Stavropol e Vladikavkaz, ao norte do C\u00e1ucaso, chamou os ataques de \u00abuma provoca\u00e7\u00e3o bem planejada\u00bb, mas disse que n\u00e3o seriam bem sucedidos em criar inimizade entre crist\u00e3os ortodoxos e mu\u00e7ulmanos. \u00abN\u00e3o devemos, de maneira nenhuma, dizer que a culpa \u00e9 dos mu\u00e7ulmanos\u00bb, ele disse. \u00a0\u00abVoc\u00ea n\u00e3o pode condenar todas as pessoas por incidentes individuais. Policiais s\u00e3o mortos, bem como muftis, mas a maneira como os ataques s\u00e3o orquestrados \u00e9 a mesma. Estas s\u00e3o tentativas de desestabilizar a paz entre religi\u00f5es, mas s\u00e3o in\u00fateis\u00bb. Boris Ebzeyev, presidente da Karachayevo-Cherkessia, ordenou medidas imediatas para impedir o inc\u00eandio de igrejas. \u00abO presidente disse que os criminosos que incendiaram as igrejas n\u00e3o podem ser considerados pessoas verdadeiramente religiosas\u00bb, segundo a porta voz da presid\u00eancia. \u00abN\u00e3o h\u00e1 nenhum conflito religioso em Karachayevo-Cherkessia h\u00e1 s\u00e9culos. Os moradores da nossa rep\u00fablica respeitam uns aos outros, bem como as religi\u00f5es professadas por seus vizinhos\u00bb, foi o que disse Ebzeyev. O presidente disse ainda que todas as medidas seriam tomadas para \u00abimpedir tais atos vis e para restauras as igrejas\u00bb.<\/p>\n<p style=\"text-align: right;\">Tradu\u00e7\u00e3o: Viviane Andrade<br \/>\nFonte: Associated Baptist Press | Via:\u00a0<a href=\"http:\/\/www.guiame.com.br\/\" target=\"_blank\">www.guiame.com.br<\/a><\/p>\n","protected":false},"excerpt":{"rendered":"<p>L\u00edderes pol\u00edticos e religiosos russos da regi\u00e3o principalmente mu\u00e7ulmana do norte do C\u00e1ucaso denunciaram ataques incendi\u00e1rios a duas igrejas ortodoxas e uma batista durante a noite de primeiro de novembro. Uma igreja ortodoxa na vila de Ordzhonikidzevsky, na prov\u00edncia de&#8230;<\/p>\n","protected":false},"author":1,"featured_media":16380,"comment_status":"open","ping_status":"open","sticky":false,"template":"","format":"standard","meta":{"_acf_changed":false,"footnotes":""},"categories":[1],"tags":[],"class_list":["post-5245","post","type-post","status-publish","format-standard","has-post-thumbnail","hentry","category-news","entry","rows-excerpt"],"acf":[],"yoast_head":"<!-- This site is optimized with the Yoast SEO plugin v27.5 - https:\/\/yoast.com\/product\/yoast-seo-wordpress\/ -->\n<title>L\u00edderes russos condenam ataques incendi\u00e1rios contra igrejas | ECCLESIA NEWS<\/title>\n<meta name=\"robots\" content=\"index, follow, max-snippet:-1, max-image-preview:large, max-video-preview:-1\" \/>\n<link rel=\"canonical\" href=\"https:\/\/news.ecclesia.org.br\/?p=5245\" \/>\n<meta property=\"og:locale\" content=\"pt_BR\" \/>\n<meta property=\"og:type\" content=\"article\" \/>\n<meta property=\"og:title\" content=\"L\u00edderes russos condenam ataques incendi\u00e1rios contra igrejas | ECCLESIA NEWS\" \/>\n<meta property=\"og:description\" content=\"L\u00edderes pol\u00edticos e religiosos russos da regi\u00e3o principalmente mu\u00e7ulmana do norte do C\u00e1ucaso denunciaram ataques incendi\u00e1rios a duas igrejas ortodoxas e uma batista durante a noite de primeiro de novembro. Uma igreja ortodoxa na vila de Ordzhonikidzevsky, na prov\u00edncia de&#8230;\" \/>\n<meta property=\"og:url\" content=\"https:\/\/news.ecclesia.org.br\/?p=5245\" \/>\n<meta property=\"og:site_name\" content=\"ECCLESIA NEWS\" \/>\n<meta property=\"article:publisher\" content=\"https:\/\/www.facebook.com\/Ecclesia2025\" \/>\n<meta property=\"article:published_time\" content=\"2010-11-11T22:58:40+00:00\" \/>\n<meta property=\"article:modified_time\" content=\"2016-03-18T04:34:26+00:00\" \/>\n<meta property=\"og:image\" content=\"https:\/\/news.ecclesia.org.br\/wp-content\/uploads\/2010\/11\/russia-incendio.jpg\" \/>\n\t<meta property=\"og:image:width\" content=\"630\" \/>\n\t<meta property=\"og:image:height\" content=\"400\" \/>\n\t<meta property=\"og:image:type\" content=\"image\/jpeg\" \/>\n<meta name=\"author\" content=\"Pe. Andr\u00e9\" \/>\n<meta name=\"twitter:card\" content=\"summary_large_image\" \/>\n<meta name=\"twitter:creator\" content=\"@EcclesiaNews\" \/>\n<meta name=\"twitter:site\" content=\"@EcclesiaNews\" \/>\n<meta name=\"twitter:label1\" content=\"Escrito por\" \/>\n\t<meta name=\"twitter:data1\" content=\"Pe. Andr\u00e9\" \/>\n\t<meta name=\"twitter:label2\" content=\"Est. tempo de leitura\" \/>\n\t<meta name=\"twitter:data2\" content=\"2 minutos\" \/>\n<script type=\"application\/ld+json\" class=\"yoast-schema-graph\">{\"@context\":\"https:\\\/\\\/schema.org\",\"@graph\":[{\"@type\":\"Article\",\"@id\":\"https:\\\/\\\/news.ecclesia.org.br\\\/?p=5245#article\",\"isPartOf\":{\"@id\":\"https:\\\/\\\/news.ecclesia.org.br\\\/?p=5245\"},\"author\":{\"name\":\"Pe. Andr\u00e9\",\"@id\":\"https:\\\/\\\/news.ecclesia.org.br\\\/#\\\/schema\\\/person\\\/6f09597f025829745ba414a569f63758\"},\"headline\":\"L\u00edderes russos condenam ataques incendi\u00e1rios contra igrejas\",\"datePublished\":\"2010-11-11T22:58:40+00:00\",\"dateModified\":\"2016-03-18T04:34:26+00:00\",\"mainEntityOfPage\":{\"@id\":\"https:\\\/\\\/news.ecclesia.org.br\\\/?p=5245\"},\"wordCount\":460,\"commentCount\":0,\"publisher\":{\"@id\":\"https:\\\/\\\/news.ecclesia.org.br\\\/#organization\"},\"image\":{\"@id\":\"https:\\\/\\\/news.ecclesia.org.br\\\/?p=5245#primaryimage\"},\"thumbnailUrl\":\"https:\\\/\\\/news.ecclesia.org.br\\\/wp-content\\\/uploads\\\/2010\\\/11\\\/russia-incendio.jpg\",\"articleSection\":[\"NEWS\"],\"inLanguage\":\"pt-BR\",\"potentialAction\":[{\"@type\":\"CommentAction\",\"name\":\"Comment\",\"target\":[\"https:\\\/\\\/news.ecclesia.org.br\\\/?p=5245#respond\"]}]},{\"@type\":\"WebPage\",\"@id\":\"https:\\\/\\\/news.ecclesia.org.br\\\/?p=5245\",\"url\":\"https:\\\/\\\/news.ecclesia.org.br\\\/?p=5245\",\"name\":\"L\u00edderes russos condenam ataques incendi\u00e1rios contra igrejas | ECCLESIA NEWS\",\"isPartOf\":{\"@id\":\"https:\\\/\\\/news.ecclesia.org.br\\\/#website\"},\"primaryImageOfPage\":{\"@id\":\"https:\\\/\\\/news.ecclesia.org.br\\\/?p=5245#primaryimage\"},\"image\":{\"@id\":\"https:\\\/\\\/news.ecclesia.org.br\\\/?p=5245#primaryimage\"},\"thumbnailUrl\":\"https:\\\/\\\/news.ecclesia.org.br\\\/wp-content\\\/uploads\\\/2010\\\/11\\\/russia-incendio.jpg\",\"datePublished\":\"2010-11-11T22:58:40+00:00\",\"dateModified\":\"2016-03-18T04:34:26+00:00\",\"breadcrumb\":{\"@id\":\"https:\\\/\\\/news.ecclesia.org.br\\\/?p=5245#breadcrumb\"},\"inLanguage\":\"pt-BR\",\"potentialAction\":[{\"@type\":\"ReadAction\",\"target\":[\"https:\\\/\\\/news.ecclesia.org.br\\\/?p=5245\"]}]},{\"@type\":\"ImageObject\",\"inLanguage\":\"pt-BR\",\"@id\":\"https:\\\/\\\/news.ecclesia.org.br\\\/?p=5245#primaryimage\",\"url\":\"https:\\\/\\\/news.ecclesia.org.br\\\/wp-content\\\/uploads\\\/2010\\\/11\\\/russia-incendio.jpg\",\"contentUrl\":\"https:\\\/\\\/news.ecclesia.org.br\\\/wp-content\\\/uploads\\\/2010\\\/11\\\/russia-incendio.jpg\",\"width\":630,\"height\":400},{\"@type\":\"BreadcrumbList\",\"@id\":\"https:\\\/\\\/news.ecclesia.org.br\\\/?p=5245#breadcrumb\",\"itemListElement\":[{\"@type\":\"ListItem\",\"position\":1,\"name\":\"In\u00edcio\",\"item\":\"https:\\\/\\\/news.ecclesia.org.br\\\/\"},{\"@type\":\"ListItem\",\"position\":2,\"name\":\"L\u00edderes russos condenam ataques incendi\u00e1rios contra igrejas\"}]},{\"@type\":\"WebSite\",\"@id\":\"https:\\\/\\\/news.ecclesia.org.br\\\/#website\",\"url\":\"https:\\\/\\\/news.ecclesia.org.br\\\/\",\"name\":\"Ecclesia Brasil\",\"description\":\"Desde 2003 onectando o Brasil ao mundo ortodoxo!\",\"publisher\":{\"@id\":\"https:\\\/\\\/news.ecclesia.org.br\\\/#organization\"},\"alternateName\":\"Ecclesia\",\"potentialAction\":[{\"@type\":\"SearchAction\",\"target\":{\"@type\":\"EntryPoint\",\"urlTemplate\":\"https:\\\/\\\/news.ecclesia.org.br\\\/?s={search_term_string}\"},\"query-input\":{\"@type\":\"PropertyValueSpecification\",\"valueRequired\":true,\"valueName\":\"search_term_string\"}}],\"inLanguage\":\"pt-BR\"},{\"@type\":\"Organization\",\"@id\":\"https:\\\/\\\/news.ecclesia.org.br\\\/#organization\",\"name\":\"Sacra Arquidiocese de Buenos Aires e Am\u00e9rica do Sul | Patriarcado Ecum\u00eanico\",\"alternateName\":\"News Ecclesia Brasil\",\"url\":\"https:\\\/\\\/news.ecclesia.org.br\\\/\",\"logo\":{\"@type\":\"ImageObject\",\"inLanguage\":\"pt-BR\",\"@id\":\"https:\\\/\\\/news.ecclesia.org.br\\\/#\\\/schema\\\/logo\\\/image\\\/\",\"url\":\"https:\\\/\\\/news.ecclesia.org.br\\\/wp-content\\\/uploads\\\/2025\\\/05\\\/ecclesia2.png\",\"contentUrl\":\"https:\\\/\\\/news.ecclesia.org.br\\\/wp-content\\\/uploads\\\/2025\\\/05\\\/ecclesia2.png\",\"width\":480,\"height\":120,\"caption\":\"Sacra Arquidiocese de Buenos Aires e Am\u00e9rica do Sul | Patriarcado Ecum\u00eanico\"},\"image\":{\"@id\":\"https:\\\/\\\/news.ecclesia.org.br\\\/#\\\/schema\\\/logo\\\/image\\\/\"},\"sameAs\":[\"https:\\\/\\\/www.facebook.com\\\/Ecclesia2025\",\"https:\\\/\\\/x.com\\\/EcclesiaNews\",\"https:\\\/\\\/br.pinterest.com\\\/ekklisia\\\/\",\"https:\\\/\\\/www.youtube.com\\\/@EcclesiaBrasil\"]},{\"@type\":\"Person\",\"@id\":\"https:\\\/\\\/news.ecclesia.org.br\\\/#\\\/schema\\\/person\\\/6f09597f025829745ba414a569f63758\",\"name\":\"Pe. Andr\u00e9\",\"image\":{\"@type\":\"ImageObject\",\"inLanguage\":\"pt-BR\",\"@id\":\"https:\\\/\\\/secure.gravatar.com\\\/avatar\\\/b4327cfa27e9799da239a26adcd534fc29cdc0c4a4a148eecbcfeb9b42c617ac?s=96&d=mm&r=g\",\"url\":\"https:\\\/\\\/secure.gravatar.com\\\/avatar\\\/b4327cfa27e9799da239a26adcd534fc29cdc0c4a4a148eecbcfeb9b42c617ac?s=96&d=mm&r=g\",\"contentUrl\":\"https:\\\/\\\/secure.gravatar.com\\\/avatar\\\/b4327cfa27e9799da239a26adcd534fc29cdc0c4a4a148eecbcfeb9b42c617ac?s=96&d=mm&r=g\",\"caption\":\"Pe. Andr\u00e9\"},\"sameAs\":[\"https:\\\/\\\/www.ecclesia.org.br\"]}]}<\/script>\n<!-- \/ Yoast SEO plugin. -->","yoast_head_json":{"title":"L\u00edderes russos condenam ataques incendi\u00e1rios contra igrejas | ECCLESIA NEWS","robots":{"index":"index","follow":"follow","max-snippet":"max-snippet:-1","max-image-preview":"max-image-preview:large","max-video-preview":"max-video-preview:-1"},"canonical":"https:\/\/news.ecclesia.org.br\/?p=5245","og_locale":"pt_BR","og_type":"article","og_title":"L\u00edderes russos condenam ataques incendi\u00e1rios contra igrejas | ECCLESIA NEWS","og_description":"L\u00edderes pol\u00edticos e religiosos russos da regi\u00e3o principalmente mu\u00e7ulmana do norte do C\u00e1ucaso denunciaram ataques incendi\u00e1rios a duas igrejas ortodoxas e uma batista durante a noite de primeiro de novembro. Uma igreja ortodoxa na vila de Ordzhonikidzevsky, na prov\u00edncia de&#8230;","og_url":"https:\/\/news.ecclesia.org.br\/?p=5245","og_site_name":"ECCLESIA NEWS","article_publisher":"https:\/\/www.facebook.com\/Ecclesia2025","article_published_time":"2010-11-11T22:58:40+00:00","article_modified_time":"2016-03-18T04:34:26+00:00","og_image":[{"width":630,"height":400,"url":"https:\/\/news.ecclesia.org.br\/wp-content\/uploads\/2010\/11\/russia-incendio.jpg","type":"image\/jpeg"}],"author":"Pe. Andr\u00e9","twitter_card":"summary_large_image","twitter_creator":"@EcclesiaNews","twitter_site":"@EcclesiaNews","twitter_misc":{"Escrito por":"Pe. Andr\u00e9","Est. tempo de leitura":"2 minutos"},"schema":{"@context":"https:\/\/schema.org","@graph":[{"@type":"Article","@id":"https:\/\/news.ecclesia.org.br\/?p=5245#article","isPartOf":{"@id":"https:\/\/news.ecclesia.org.br\/?p=5245"},"author":{"name":"Pe. Andr\u00e9","@id":"https:\/\/news.ecclesia.org.br\/#\/schema\/person\/6f09597f025829745ba414a569f63758"},"headline":"L\u00edderes russos condenam ataques incendi\u00e1rios contra igrejas","datePublished":"2010-11-11T22:58:40+00:00","dateModified":"2016-03-18T04:34:26+00:00","mainEntityOfPage":{"@id":"https:\/\/news.ecclesia.org.br\/?p=5245"},"wordCount":460,"commentCount":0,"publisher":{"@id":"https:\/\/news.ecclesia.org.br\/#organization"},"image":{"@id":"https:\/\/news.ecclesia.org.br\/?p=5245#primaryimage"},"thumbnailUrl":"https:\/\/news.ecclesia.org.br\/wp-content\/uploads\/2010\/11\/russia-incendio.jpg","articleSection":["NEWS"],"inLanguage":"pt-BR","potentialAction":[{"@type":"CommentAction","name":"Comment","target":["https:\/\/news.ecclesia.org.br\/?p=5245#respond"]}]},{"@type":"WebPage","@id":"https:\/\/news.ecclesia.org.br\/?p=5245","url":"https:\/\/news.ecclesia.org.br\/?p=5245","name":"L\u00edderes russos condenam ataques incendi\u00e1rios contra igrejas | ECCLESIA NEWS","isPartOf":{"@id":"https:\/\/news.ecclesia.org.br\/#website"},"primaryImageOfPage":{"@id":"https:\/\/news.ecclesia.org.br\/?p=5245#primaryimage"},"image":{"@id":"https:\/\/news.ecclesia.org.br\/?p=5245#primaryimage"},"thumbnailUrl":"https:\/\/news.ecclesia.org.br\/wp-content\/uploads\/2010\/11\/russia-incendio.jpg","datePublished":"2010-11-11T22:58:40+00:00","dateModified":"2016-03-18T04:34:26+00:00","breadcrumb":{"@id":"https:\/\/news.ecclesia.org.br\/?p=5245#breadcrumb"},"inLanguage":"pt-BR","potentialAction":[{"@type":"ReadAction","target":["https:\/\/news.ecclesia.org.br\/?p=5245"]}]},{"@type":"ImageObject","inLanguage":"pt-BR","@id":"https:\/\/news.ecclesia.org.br\/?p=5245#primaryimage","url":"https:\/\/news.ecclesia.org.br\/wp-content\/uploads\/2010\/11\/russia-incendio.jpg","contentUrl":"https:\/\/news.ecclesia.org.br\/wp-content\/uploads\/2010\/11\/russia-incendio.jpg","width":630,"height":400},{"@type":"BreadcrumbList","@id":"https:\/\/news.ecclesia.org.br\/?p=5245#breadcrumb","itemListElement":[{"@type":"ListItem","position":1,"name":"In\u00edcio","item":"https:\/\/news.ecclesia.org.br\/"},{"@type":"ListItem","position":2,"name":"L\u00edderes russos condenam ataques incendi\u00e1rios contra igrejas"}]},{"@type":"WebSite","@id":"https:\/\/news.ecclesia.org.br\/#website","url":"https:\/\/news.ecclesia.org.br\/","name":"Ecclesia Brasil","description":"Desde 2003 onectando o Brasil ao mundo ortodoxo!","publisher":{"@id":"https:\/\/news.ecclesia.org.br\/#organization"},"alternateName":"Ecclesia","potentialAction":[{"@type":"SearchAction","target":{"@type":"EntryPoint","urlTemplate":"https:\/\/news.ecclesia.org.br\/?s={search_term_string}"},"query-input":{"@type":"PropertyValueSpecification","valueRequired":true,"valueName":"search_term_string"}}],"inLanguage":"pt-BR"},{"@type":"Organization","@id":"https:\/\/news.ecclesia.org.br\/#organization","name":"Sacra Arquidiocese de Buenos Aires e Am\u00e9rica do Sul | Patriarcado Ecum\u00eanico","alternateName":"News Ecclesia Brasil","url":"https:\/\/news.ecclesia.org.br\/","logo":{"@type":"ImageObject","inLanguage":"pt-BR","@id":"https:\/\/news.ecclesia.org.br\/#\/schema\/logo\/image\/","url":"https:\/\/news.ecclesia.org.br\/wp-content\/uploads\/2025\/05\/ecclesia2.png","contentUrl":"https:\/\/news.ecclesia.org.br\/wp-content\/uploads\/2025\/05\/ecclesia2.png","width":480,"height":120,"caption":"Sacra Arquidiocese de Buenos Aires e Am\u00e9rica do Sul | Patriarcado Ecum\u00eanico"},"image":{"@id":"https:\/\/news.ecclesia.org.br\/#\/schema\/logo\/image\/"},"sameAs":["https:\/\/www.facebook.com\/Ecclesia2025","https:\/\/x.com\/EcclesiaNews","https:\/\/br.pinterest.com\/ekklisia\/","https:\/\/www.youtube.com\/@EcclesiaBrasil"]},{"@type":"Person","@id":"https:\/\/news.ecclesia.org.br\/#\/schema\/person\/6f09597f025829745ba414a569f63758","name":"Pe. Andr\u00e9","image":{"@type":"ImageObject","inLanguage":"pt-BR","@id":"https:\/\/secure.gravatar.com\/avatar\/b4327cfa27e9799da239a26adcd534fc29cdc0c4a4a148eecbcfeb9b42c617ac?s=96&d=mm&r=g","url":"https:\/\/secure.gravatar.com\/avatar\/b4327cfa27e9799da239a26adcd534fc29cdc0c4a4a148eecbcfeb9b42c617ac?s=96&d=mm&r=g","contentUrl":"https:\/\/secure.gravatar.com\/avatar\/b4327cfa27e9799da239a26adcd534fc29cdc0c4a4a148eecbcfeb9b42c617ac?s=96&d=mm&r=g","caption":"Pe. Andr\u00e9"},"sameAs":["https:\/\/www.ecclesia.org.br"]}]}},"_links":{"self":[{"href":"https:\/\/news.ecclesia.org.br\/index.php?rest_route=\/wp\/v2\/posts\/5245","targetHints":{"allow":["GET"]}}],"collection":[{"href":"https:\/\/news.ecclesia.org.br\/index.php?rest_route=\/wp\/v2\/posts"}],"about":[{"href":"https:\/\/news.ecclesia.org.br\/index.php?rest_route=\/wp\/v2\/types\/post"}],"author":[{"embeddable":true,"href":"https:\/\/news.ecclesia.org.br\/index.php?rest_route=\/wp\/v2\/users\/1"}],"replies":[{"embeddable":true,"href":"https:\/\/news.ecclesia.org.br\/index.php?rest_route=%2Fwp%2Fv2%2Fcomments&post=5245"}],"version-history":[{"count":0,"href":"https:\/\/news.ecclesia.org.br\/index.php?rest_route=\/wp\/v2\/posts\/5245\/revisions"}],"wp:featuredmedia":[{"embeddable":true,"href":"https:\/\/news.ecclesia.org.br\/index.php?rest_route=\/wp\/v2\/media\/16380"}],"wp:attachment":[{"href":"https:\/\/news.ecclesia.org.br\/index.php?rest_route=%2Fwp%2Fv2%2Fmedia&parent=5245"}],"wp:term":[{"taxonomy":"category","embeddable":true,"href":"https:\/\/news.ecclesia.org.br\/index.php?rest_route=%2Fwp%2Fv2%2Fcategories&post=5245"},{"taxonomy":"post_tag","embeddable":true,"href":"https:\/\/news.ecclesia.org.br\/index.php?rest_route=%2Fwp%2Fv2%2Ftags&post=5245"}],"curies":[{"name":"wp","href":"https:\/\/api.w.org\/{rel}","templated":true}]}}