{"id":5240,"date":"2010-11-10T21:55:06","date_gmt":"2010-11-10T23:55:06","guid":{"rendered":"http:\/\/www.ecclesia.com.br\/news\/?p=5240"},"modified":"2016-03-18T04:36:21","modified_gmt":"2016-03-18T04:36:21","slug":"ataques-a-alvos-cristaos-deixam-pelo-menos-cinco-mortos-em-bagda","status":"publish","type":"post","link":"https:\/\/news.ecclesia.org.br\/?p=5240","title":{"rendered":"Ataques a alvos crist\u00e3os deixam pelo menos cinco mortos em Bagd\u00e1"},"content":{"rendered":"<p><strong>Bra\u00e7o da Al-Qaeda alega que todos os crist\u00e3os no pa\u00eds s\u00e3o alvos leg\u00edtimos<\/strong><\/p>\n<p style=\"text-align: justify;\"><img fetchpriority=\"high\" decoding=\"async\" class=\"alignleft size-full wp-image-6117\" src=\"https:\/\/news.ecclesia.org.br\/2013\/wp-content\/uploads\/2010\/11\/igreja-iraque.jpg\" alt=\"igreja-iraque\" width=\"320\" height=\"240\" srcset=\"https:\/\/news.ecclesia.org.br\/wp-content\/uploads\/2010\/11\/igreja-iraque.jpg 320w, https:\/\/news.ecclesia.org.br\/wp-content\/uploads\/2010\/11\/igreja-iraque-300x225.jpg 300w, https:\/\/news.ecclesia.org.br\/wp-content\/uploads\/2010\/11\/igreja-iraque-73x55.jpg 73w\" sizes=\"(max-width: 320px) 100vw, 320px\" \/>Uma s\u00e9rie de explos\u00f5es e ataques com morteiros contra alvos crist\u00e3os mataram pelo menos cinco pessoas e deixaram mais de 20 feridos em Bagd\u00e1, capital do Iraque. Seis distritos com popula\u00e7\u00e3o majoritariamente crist\u00e3 foram atingidos. Ainda \u00e9 incerto o n\u00famero de crist\u00e3os mortos nos ataques. Segundo uma autoridade que falou \u00e0 ag\u00eancia AFP, sob a condi\u00e7\u00e3o de anonimato, dois morteiros e dez bombas caseiras atingiram resid\u00eancias crist\u00e3s em diferentes bairros de Bagd\u00e1 entre 6h e 8h locais (1h e 3h, pelo hor\u00e1rio de Bras\u00edlia). No \u00faltimo dia 31, mais de 40 pessoas morreram depois que ativistas invadiram uma catedral s\u00edria-cat\u00f3lica. O grupo Estado Isl\u00e2mico para o Iraque &#8211; um bra\u00e7o da Al-Qaeda &#8211; reivindicou a a\u00e7\u00e3o, dizendo que queria for\u00e7ar a liberta\u00e7\u00e3o de mu\u00e7ulmanos convertidos que estariam sendo detidos pela Igreja Ortodoxa Copta no Egito. O correspondente da BBC em Bagd\u00e1 Jim Muir afirma que a inten\u00e7\u00e3o dos ataques \u00e9 ressaltar a amea\u00e7a feita pelo Estado Isl\u00e2mico para o Iraque de que todos os crist\u00e3os no pa\u00eds s\u00e3o alvos leg\u00edtimos. Um total de 34 crist\u00e3os iraquianos e um guarda mu\u00e7ulmano feridos na catedral foram levados \u00e0 Fran\u00e7a para receber tratamento m\u00e9dico. O governo franc\u00eas j\u00e1 afirmou que dar\u00e1 asilo \u00e0queles que pedirem.<\/p>\n<p><strong>\u00caXODO<\/strong><\/p>\n<p style=\"text-align: justify;\">No fim de semana, o arcebispo ortodoxo iraquiano Athanasios Dawood pediu, em Londres, que os crist\u00e3os do Iraque &#8211; cerca de 600 mil &#8211; deixem o pa\u00eds, devido ao suposto perigo que todos correm. \u00abSe ficarmos, eles nos matar\u00e3o\u00bb, disse. No entanto, no Iraque, cl\u00e9rigos e pol\u00edticos t\u00eam pedido que os crist\u00e3os &#8211; presentes no pa\u00eds h\u00e1 mais de 2 mil anos &#8211; n\u00e3o fujam. O secret\u00e1rio de Estado do Vaticano, cardeal Tarcisio Bertone, disse, segundo a ag\u00eancia EFE, que lamenta que \u00abo governo de Bagd\u00e1 n\u00e3o proteja os crist\u00e3os. \u00c9 um problema que j\u00e1 discutimos com as autoridades iraquianas e que esperamos que seja levado em considera\u00e7\u00e3o\u00bb. Enquanto isto, l\u00edderes pol\u00edticos iraquianos est\u00e3o em meio a negocia\u00e7\u00f5es para resolver a paralisia pol\u00edtica do pa\u00eds, que ainda n\u00e3o conseguiu formar um governo desde as inconclusivas elei\u00e7\u00f5es gerais de mar\u00e7o.<\/p>\n<p style=\"text-align: right;\">Fonte: \u00a0<a href=\"http:\/\/www.bbc.co.uk\/portuguese\/index.shtml\">BBC Brasil &#8211; <\/a><a href=\"http:\/\/www.bbc.co.uk\/portuguese\/index.shtml\" target=\"_blank\">BBC BRASIL.com<\/a><\/p>\n","protected":false},"excerpt":{"rendered":"<p>Bra\u00e7o da Al-Qaeda alega que todos os crist\u00e3os no pa\u00eds s\u00e3o alvos leg\u00edtimos Uma s\u00e9rie de explos\u00f5es e ataques com morteiros contra alvos crist\u00e3os mataram pelo menos cinco pessoas e deixaram mais de 20 feridos em Bagd\u00e1, capital do Iraque.&#8230;<\/p>\n","protected":false},"author":1,"featured_media":6117,"comment_status":"open","ping_status":"open","sticky":false,"template":"","format":"standard","meta":{"_acf_changed":false,"footnotes":""},"categories":[1],"tags":[],"class_list":["post-5240","post","type-post","status-publish","format-standard","has-post-thumbnail","hentry","category-news","entry","rows-excerpt"],"acf":[],"yoast_head":"<!-- This site is optimized with the Yoast SEO plugin v27.5 - https:\/\/yoast.com\/product\/yoast-seo-wordpress\/ -->\n<title>Ataques a alvos crist\u00e3os deixam pelo menos cinco mortos em Bagd\u00e1 | ECCLESIA NEWS<\/title>\n<meta name=\"robots\" content=\"index, follow, max-snippet:-1, max-image-preview:large, max-video-preview:-1\" \/>\n<link rel=\"canonical\" href=\"https:\/\/news.ecclesia.org.br\/?p=5240\" \/>\n<meta property=\"og:locale\" content=\"pt_BR\" \/>\n<meta property=\"og:type\" content=\"article\" \/>\n<meta property=\"og:title\" content=\"Ataques a alvos crist\u00e3os deixam pelo menos cinco mortos em Bagd\u00e1 | ECCLESIA NEWS\" \/>\n<meta property=\"og:description\" content=\"Bra\u00e7o da Al-Qaeda alega que todos os crist\u00e3os no pa\u00eds s\u00e3o alvos leg\u00edtimos Uma s\u00e9rie de explos\u00f5es e ataques com morteiros contra alvos crist\u00e3os mataram pelo menos cinco pessoas e deixaram mais de 20 feridos em Bagd\u00e1, capital do Iraque.&#8230;\" \/>\n<meta property=\"og:url\" content=\"https:\/\/news.ecclesia.org.br\/?p=5240\" \/>\n<meta property=\"og:site_name\" content=\"ECCLESIA NEWS\" \/>\n<meta property=\"article:publisher\" content=\"https:\/\/www.facebook.com\/Ecclesia2025\" \/>\n<meta property=\"article:published_time\" content=\"2010-11-10T23:55:06+00:00\" \/>\n<meta property=\"article:modified_time\" content=\"2016-03-18T04:36:21+00:00\" \/>\n<meta property=\"og:image\" content=\"https:\/\/news.ecclesia.org.br\/wp-content\/uploads\/2010\/11\/igreja-iraque.jpg\" \/>\n\t<meta property=\"og:image:width\" content=\"320\" \/>\n\t<meta property=\"og:image:height\" content=\"240\" \/>\n\t<meta property=\"og:image:type\" content=\"image\/jpeg\" \/>\n<meta name=\"author\" content=\"Pe. Andr\u00e9\" \/>\n<meta name=\"twitter:card\" content=\"summary_large_image\" \/>\n<meta name=\"twitter:creator\" content=\"@EcclesiaNews\" \/>\n<meta name=\"twitter:site\" content=\"@EcclesiaNews\" \/>\n<meta name=\"twitter:label1\" content=\"Escrito por\" \/>\n\t<meta name=\"twitter:data1\" content=\"Pe. Andr\u00e9\" \/>\n\t<meta name=\"twitter:label2\" content=\"Est. tempo de leitura\" \/>\n\t<meta name=\"twitter:data2\" content=\"2 minutos\" \/>\n<script type=\"application\/ld+json\" class=\"yoast-schema-graph\">{\"@context\":\"https:\\\/\\\/schema.org\",\"@graph\":[{\"@type\":\"Article\",\"@id\":\"https:\\\/\\\/news.ecclesia.org.br\\\/?p=5240#article\",\"isPartOf\":{\"@id\":\"https:\\\/\\\/news.ecclesia.org.br\\\/?p=5240\"},\"author\":{\"name\":\"Pe. Andr\u00e9\",\"@id\":\"https:\\\/\\\/news.ecclesia.org.br\\\/#\\\/schema\\\/person\\\/6f09597f025829745ba414a569f63758\"},\"headline\":\"Ataques a alvos crist\u00e3os deixam pelo menos cinco mortos em Bagd\u00e1\",\"datePublished\":\"2010-11-10T23:55:06+00:00\",\"dateModified\":\"2016-03-18T04:36:21+00:00\",\"mainEntityOfPage\":{\"@id\":\"https:\\\/\\\/news.ecclesia.org.br\\\/?p=5240\"},\"wordCount\":423,\"commentCount\":0,\"publisher\":{\"@id\":\"https:\\\/\\\/news.ecclesia.org.br\\\/#organization\"},\"image\":{\"@id\":\"https:\\\/\\\/news.ecclesia.org.br\\\/?p=5240#primaryimage\"},\"thumbnailUrl\":\"https:\\\/\\\/news.ecclesia.org.br\\\/wp-content\\\/uploads\\\/2010\\\/11\\\/igreja-iraque.jpg\",\"articleSection\":[\"NEWS\"],\"inLanguage\":\"pt-BR\",\"potentialAction\":[{\"@type\":\"CommentAction\",\"name\":\"Comment\",\"target\":[\"https:\\\/\\\/news.ecclesia.org.br\\\/?p=5240#respond\"]}]},{\"@type\":\"WebPage\",\"@id\":\"https:\\\/\\\/news.ecclesia.org.br\\\/?p=5240\",\"url\":\"https:\\\/\\\/news.ecclesia.org.br\\\/?p=5240\",\"name\":\"Ataques a alvos crist\u00e3os deixam pelo menos cinco mortos em Bagd\u00e1 | ECCLESIA NEWS\",\"isPartOf\":{\"@id\":\"https:\\\/\\\/news.ecclesia.org.br\\\/#website\"},\"primaryImageOfPage\":{\"@id\":\"https:\\\/\\\/news.ecclesia.org.br\\\/?p=5240#primaryimage\"},\"image\":{\"@id\":\"https:\\\/\\\/news.ecclesia.org.br\\\/?p=5240#primaryimage\"},\"thumbnailUrl\":\"https:\\\/\\\/news.ecclesia.org.br\\\/wp-content\\\/uploads\\\/2010\\\/11\\\/igreja-iraque.jpg\",\"datePublished\":\"2010-11-10T23:55:06+00:00\",\"dateModified\":\"2016-03-18T04:36:21+00:00\",\"breadcrumb\":{\"@id\":\"https:\\\/\\\/news.ecclesia.org.br\\\/?p=5240#breadcrumb\"},\"inLanguage\":\"pt-BR\",\"potentialAction\":[{\"@type\":\"ReadAction\",\"target\":[\"https:\\\/\\\/news.ecclesia.org.br\\\/?p=5240\"]}]},{\"@type\":\"ImageObject\",\"inLanguage\":\"pt-BR\",\"@id\":\"https:\\\/\\\/news.ecclesia.org.br\\\/?p=5240#primaryimage\",\"url\":\"https:\\\/\\\/news.ecclesia.org.br\\\/wp-content\\\/uploads\\\/2010\\\/11\\\/igreja-iraque.jpg\",\"contentUrl\":\"https:\\\/\\\/news.ecclesia.org.br\\\/wp-content\\\/uploads\\\/2010\\\/11\\\/igreja-iraque.jpg\",\"width\":320,\"height\":240},{\"@type\":\"BreadcrumbList\",\"@id\":\"https:\\\/\\\/news.ecclesia.org.br\\\/?p=5240#breadcrumb\",\"itemListElement\":[{\"@type\":\"ListItem\",\"position\":1,\"name\":\"In\u00edcio\",\"item\":\"https:\\\/\\\/news.ecclesia.org.br\\\/\"},{\"@type\":\"ListItem\",\"position\":2,\"name\":\"Ataques a alvos crist\u00e3os deixam pelo menos cinco mortos em Bagd\u00e1\"}]},{\"@type\":\"WebSite\",\"@id\":\"https:\\\/\\\/news.ecclesia.org.br\\\/#website\",\"url\":\"https:\\\/\\\/news.ecclesia.org.br\\\/\",\"name\":\"Ecclesia Brasil\",\"description\":\"Desde 2003 onectando o Brasil ao mundo ortodoxo!\",\"publisher\":{\"@id\":\"https:\\\/\\\/news.ecclesia.org.br\\\/#organization\"},\"alternateName\":\"Ecclesia\",\"potentialAction\":[{\"@type\":\"SearchAction\",\"target\":{\"@type\":\"EntryPoint\",\"urlTemplate\":\"https:\\\/\\\/news.ecclesia.org.br\\\/?s={search_term_string}\"},\"query-input\":{\"@type\":\"PropertyValueSpecification\",\"valueRequired\":true,\"valueName\":\"search_term_string\"}}],\"inLanguage\":\"pt-BR\"},{\"@type\":\"Organization\",\"@id\":\"https:\\\/\\\/news.ecclesia.org.br\\\/#organization\",\"name\":\"Sacra Arquidiocese de Buenos Aires e Am\u00e9rica do Sul | Patriarcado Ecum\u00eanico\",\"alternateName\":\"News Ecclesia Brasil\",\"url\":\"https:\\\/\\\/news.ecclesia.org.br\\\/\",\"logo\":{\"@type\":\"ImageObject\",\"inLanguage\":\"pt-BR\",\"@id\":\"https:\\\/\\\/news.ecclesia.org.br\\\/#\\\/schema\\\/logo\\\/image\\\/\",\"url\":\"https:\\\/\\\/news.ecclesia.org.br\\\/wp-content\\\/uploads\\\/2025\\\/05\\\/ecclesia2.png\",\"contentUrl\":\"https:\\\/\\\/news.ecclesia.org.br\\\/wp-content\\\/uploads\\\/2025\\\/05\\\/ecclesia2.png\",\"width\":480,\"height\":120,\"caption\":\"Sacra Arquidiocese de Buenos Aires e Am\u00e9rica do Sul | Patriarcado Ecum\u00eanico\"},\"image\":{\"@id\":\"https:\\\/\\\/news.ecclesia.org.br\\\/#\\\/schema\\\/logo\\\/image\\\/\"},\"sameAs\":[\"https:\\\/\\\/www.facebook.com\\\/Ecclesia2025\",\"https:\\\/\\\/x.com\\\/EcclesiaNews\",\"https:\\\/\\\/br.pinterest.com\\\/ekklisia\\\/\",\"https:\\\/\\\/www.youtube.com\\\/@EcclesiaBrasil\"]},{\"@type\":\"Person\",\"@id\":\"https:\\\/\\\/news.ecclesia.org.br\\\/#\\\/schema\\\/person\\\/6f09597f025829745ba414a569f63758\",\"name\":\"Pe. Andr\u00e9\",\"image\":{\"@type\":\"ImageObject\",\"inLanguage\":\"pt-BR\",\"@id\":\"https:\\\/\\\/secure.gravatar.com\\\/avatar\\\/b4327cfa27e9799da239a26adcd534fc29cdc0c4a4a148eecbcfeb9b42c617ac?s=96&d=mm&r=g\",\"url\":\"https:\\\/\\\/secure.gravatar.com\\\/avatar\\\/b4327cfa27e9799da239a26adcd534fc29cdc0c4a4a148eecbcfeb9b42c617ac?s=96&d=mm&r=g\",\"contentUrl\":\"https:\\\/\\\/secure.gravatar.com\\\/avatar\\\/b4327cfa27e9799da239a26adcd534fc29cdc0c4a4a148eecbcfeb9b42c617ac?s=96&d=mm&r=g\",\"caption\":\"Pe. Andr\u00e9\"},\"sameAs\":[\"https:\\\/\\\/www.ecclesia.org.br\"]}]}<\/script>\n<!-- \/ Yoast SEO plugin. -->","yoast_head_json":{"title":"Ataques a alvos crist\u00e3os deixam pelo menos cinco mortos em Bagd\u00e1 | ECCLESIA NEWS","robots":{"index":"index","follow":"follow","max-snippet":"max-snippet:-1","max-image-preview":"max-image-preview:large","max-video-preview":"max-video-preview:-1"},"canonical":"https:\/\/news.ecclesia.org.br\/?p=5240","og_locale":"pt_BR","og_type":"article","og_title":"Ataques a alvos crist\u00e3os deixam pelo menos cinco mortos em Bagd\u00e1 | ECCLESIA NEWS","og_description":"Bra\u00e7o da Al-Qaeda alega que todos os crist\u00e3os no pa\u00eds s\u00e3o alvos leg\u00edtimos Uma s\u00e9rie de explos\u00f5es e ataques com morteiros contra alvos crist\u00e3os mataram pelo menos cinco pessoas e deixaram mais de 20 feridos em Bagd\u00e1, capital do Iraque.&#8230;","og_url":"https:\/\/news.ecclesia.org.br\/?p=5240","og_site_name":"ECCLESIA NEWS","article_publisher":"https:\/\/www.facebook.com\/Ecclesia2025","article_published_time":"2010-11-10T23:55:06+00:00","article_modified_time":"2016-03-18T04:36:21+00:00","og_image":[{"width":320,"height":240,"url":"https:\/\/news.ecclesia.org.br\/wp-content\/uploads\/2010\/11\/igreja-iraque.jpg","type":"image\/jpeg"}],"author":"Pe. Andr\u00e9","twitter_card":"summary_large_image","twitter_creator":"@EcclesiaNews","twitter_site":"@EcclesiaNews","twitter_misc":{"Escrito por":"Pe. Andr\u00e9","Est. tempo de leitura":"2 minutos"},"schema":{"@context":"https:\/\/schema.org","@graph":[{"@type":"Article","@id":"https:\/\/news.ecclesia.org.br\/?p=5240#article","isPartOf":{"@id":"https:\/\/news.ecclesia.org.br\/?p=5240"},"author":{"name":"Pe. Andr\u00e9","@id":"https:\/\/news.ecclesia.org.br\/#\/schema\/person\/6f09597f025829745ba414a569f63758"},"headline":"Ataques a alvos crist\u00e3os deixam pelo menos cinco mortos em Bagd\u00e1","datePublished":"2010-11-10T23:55:06+00:00","dateModified":"2016-03-18T04:36:21+00:00","mainEntityOfPage":{"@id":"https:\/\/news.ecclesia.org.br\/?p=5240"},"wordCount":423,"commentCount":0,"publisher":{"@id":"https:\/\/news.ecclesia.org.br\/#organization"},"image":{"@id":"https:\/\/news.ecclesia.org.br\/?p=5240#primaryimage"},"thumbnailUrl":"https:\/\/news.ecclesia.org.br\/wp-content\/uploads\/2010\/11\/igreja-iraque.jpg","articleSection":["NEWS"],"inLanguage":"pt-BR","potentialAction":[{"@type":"CommentAction","name":"Comment","target":["https:\/\/news.ecclesia.org.br\/?p=5240#respond"]}]},{"@type":"WebPage","@id":"https:\/\/news.ecclesia.org.br\/?p=5240","url":"https:\/\/news.ecclesia.org.br\/?p=5240","name":"Ataques a alvos crist\u00e3os deixam pelo menos cinco mortos em Bagd\u00e1 | ECCLESIA NEWS","isPartOf":{"@id":"https:\/\/news.ecclesia.org.br\/#website"},"primaryImageOfPage":{"@id":"https:\/\/news.ecclesia.org.br\/?p=5240#primaryimage"},"image":{"@id":"https:\/\/news.ecclesia.org.br\/?p=5240#primaryimage"},"thumbnailUrl":"https:\/\/news.ecclesia.org.br\/wp-content\/uploads\/2010\/11\/igreja-iraque.jpg","datePublished":"2010-11-10T23:55:06+00:00","dateModified":"2016-03-18T04:36:21+00:00","breadcrumb":{"@id":"https:\/\/news.ecclesia.org.br\/?p=5240#breadcrumb"},"inLanguage":"pt-BR","potentialAction":[{"@type":"ReadAction","target":["https:\/\/news.ecclesia.org.br\/?p=5240"]}]},{"@type":"ImageObject","inLanguage":"pt-BR","@id":"https:\/\/news.ecclesia.org.br\/?p=5240#primaryimage","url":"https:\/\/news.ecclesia.org.br\/wp-content\/uploads\/2010\/11\/igreja-iraque.jpg","contentUrl":"https:\/\/news.ecclesia.org.br\/wp-content\/uploads\/2010\/11\/igreja-iraque.jpg","width":320,"height":240},{"@type":"BreadcrumbList","@id":"https:\/\/news.ecclesia.org.br\/?p=5240#breadcrumb","itemListElement":[{"@type":"ListItem","position":1,"name":"In\u00edcio","item":"https:\/\/news.ecclesia.org.br\/"},{"@type":"ListItem","position":2,"name":"Ataques a alvos crist\u00e3os deixam pelo menos cinco mortos em Bagd\u00e1"}]},{"@type":"WebSite","@id":"https:\/\/news.ecclesia.org.br\/#website","url":"https:\/\/news.ecclesia.org.br\/","name":"Ecclesia Brasil","description":"Desde 2003 onectando o Brasil ao mundo ortodoxo!","publisher":{"@id":"https:\/\/news.ecclesia.org.br\/#organization"},"alternateName":"Ecclesia","potentialAction":[{"@type":"SearchAction","target":{"@type":"EntryPoint","urlTemplate":"https:\/\/news.ecclesia.org.br\/?s={search_term_string}"},"query-input":{"@type":"PropertyValueSpecification","valueRequired":true,"valueName":"search_term_string"}}],"inLanguage":"pt-BR"},{"@type":"Organization","@id":"https:\/\/news.ecclesia.org.br\/#organization","name":"Sacra Arquidiocese de Buenos Aires e Am\u00e9rica do Sul | Patriarcado Ecum\u00eanico","alternateName":"News Ecclesia Brasil","url":"https:\/\/news.ecclesia.org.br\/","logo":{"@type":"ImageObject","inLanguage":"pt-BR","@id":"https:\/\/news.ecclesia.org.br\/#\/schema\/logo\/image\/","url":"https:\/\/news.ecclesia.org.br\/wp-content\/uploads\/2025\/05\/ecclesia2.png","contentUrl":"https:\/\/news.ecclesia.org.br\/wp-content\/uploads\/2025\/05\/ecclesia2.png","width":480,"height":120,"caption":"Sacra Arquidiocese de Buenos Aires e Am\u00e9rica do Sul | Patriarcado Ecum\u00eanico"},"image":{"@id":"https:\/\/news.ecclesia.org.br\/#\/schema\/logo\/image\/"},"sameAs":["https:\/\/www.facebook.com\/Ecclesia2025","https:\/\/x.com\/EcclesiaNews","https:\/\/br.pinterest.com\/ekklisia\/","https:\/\/www.youtube.com\/@EcclesiaBrasil"]},{"@type":"Person","@id":"https:\/\/news.ecclesia.org.br\/#\/schema\/person\/6f09597f025829745ba414a569f63758","name":"Pe. Andr\u00e9","image":{"@type":"ImageObject","inLanguage":"pt-BR","@id":"https:\/\/secure.gravatar.com\/avatar\/b4327cfa27e9799da239a26adcd534fc29cdc0c4a4a148eecbcfeb9b42c617ac?s=96&d=mm&r=g","url":"https:\/\/secure.gravatar.com\/avatar\/b4327cfa27e9799da239a26adcd534fc29cdc0c4a4a148eecbcfeb9b42c617ac?s=96&d=mm&r=g","contentUrl":"https:\/\/secure.gravatar.com\/avatar\/b4327cfa27e9799da239a26adcd534fc29cdc0c4a4a148eecbcfeb9b42c617ac?s=96&d=mm&r=g","caption":"Pe. Andr\u00e9"},"sameAs":["https:\/\/www.ecclesia.org.br"]}]}},"_links":{"self":[{"href":"https:\/\/news.ecclesia.org.br\/index.php?rest_route=\/wp\/v2\/posts\/5240","targetHints":{"allow":["GET"]}}],"collection":[{"href":"https:\/\/news.ecclesia.org.br\/index.php?rest_route=\/wp\/v2\/posts"}],"about":[{"href":"https:\/\/news.ecclesia.org.br\/index.php?rest_route=\/wp\/v2\/types\/post"}],"author":[{"embeddable":true,"href":"https:\/\/news.ecclesia.org.br\/index.php?rest_route=\/wp\/v2\/users\/1"}],"replies":[{"embeddable":true,"href":"https:\/\/news.ecclesia.org.br\/index.php?rest_route=%2Fwp%2Fv2%2Fcomments&post=5240"}],"version-history":[{"count":0,"href":"https:\/\/news.ecclesia.org.br\/index.php?rest_route=\/wp\/v2\/posts\/5240\/revisions"}],"wp:featuredmedia":[{"embeddable":true,"href":"https:\/\/news.ecclesia.org.br\/index.php?rest_route=\/wp\/v2\/media\/6117"}],"wp:attachment":[{"href":"https:\/\/news.ecclesia.org.br\/index.php?rest_route=%2Fwp%2Fv2%2Fmedia&parent=5240"}],"wp:term":[{"taxonomy":"category","embeddable":true,"href":"https:\/\/news.ecclesia.org.br\/index.php?rest_route=%2Fwp%2Fv2%2Fcategories&post=5240"},{"taxonomy":"post_tag","embeddable":true,"href":"https:\/\/news.ecclesia.org.br\/index.php?rest_route=%2Fwp%2Fv2%2Ftags&post=5240"}],"curies":[{"name":"wp","href":"https:\/\/api.w.org\/{rel}","templated":true}]}}