{"id":5208,"date":"2010-11-08T22:50:22","date_gmt":"2010-11-09T00:50:22","guid":{"rendered":"http:\/\/www.ecclesia.com.br\/news\/?p=5208"},"modified":"2016-03-18T04:41:56","modified_gmt":"2016-03-18T04:41:56","slug":"lancamento-oficial-em-bucareste-da-edicao-romena-do-livro-de-jean-claude-larchet-teologia-do-corpo","status":"publish","type":"post","link":"https:\/\/news.ecclesia.org.br\/?p=5208","title":{"rendered":"Lan\u00e7amento oficial em Bucareste da edi\u00e7\u00e3o romena do livro de Jean-Claude Larchet  \u00abTeologia do Corpo\u00bb"},"content":{"rendered":"<p style=\"text-align: justify;\"><img fetchpriority=\"high\" decoding=\"async\" class=\"alignleft size-full wp-image-6125\" src=\"https:\/\/news.ecclesia.org.br\/2013\/wp-content\/uploads\/2010\/11\/patriarca-daniel.jpg\" alt=\"patriarca-daniel\" width=\"320\" height=\"240\" srcset=\"https:\/\/news.ecclesia.org.br\/wp-content\/uploads\/2010\/11\/patriarca-daniel.jpg 320w, https:\/\/news.ecclesia.org.br\/wp-content\/uploads\/2010\/11\/patriarca-daniel-300x225.jpg 300w, https:\/\/news.ecclesia.org.br\/wp-content\/uploads\/2010\/11\/patriarca-daniel-73x55.jpg 73w\" sizes=\"(max-width: 320px) 100vw, 320px\" \/>No \u00faltimo dia 02 de novembro, foi realizado na Faculdade de Teologia da Universidade de Bucareste, com a participa\u00e7\u00e3o de S. B. Daniel, Patriarca da Igreja Ortodoxa Romena e na presen\u00e7a de um grande n\u00famero de professores e alunos, o lan\u00e7amento oficial da edi\u00e7\u00e3o romena do obra de\u00a0Jean-Claude Larchet \u00abTeologia do Corpo\u00bb, publicado pela Editora Patriarcal Bas\u00edlica com o t\u00edtulo \u00abSemnifica\u0163ia trupului in ortodoxie \u00bb (O significado do corpo na ortodoxia), com a b\u00ean\u00e7\u00e3o e pref\u00e1cio de Sua Beatitude o Patriarca Daniel.<\/p>\n<p style=\"text-align: justify;\">O livro foi apresentado pelo professor Stefan Buchiu, decano da Faculdade de Teologia, que destacou, na oportunidade, as qualidades do autor como grande especialista em teologia dogm\u00e1tica e patrologia.<\/p>\n<p style=\"text-align: justify;\">O Patriarca, ap\u00f3s manifestar sua\u00a0alegria pelo fato de Jean-Claude Larchet ter aceitado seguir publicando suas obras de teologia e espiritualidade na l\u00edngua romena, identificou as implica\u00e7\u00f5es teol\u00f3gicas e antropol\u00f3gicas de seu trabalho que se ap\u00f3ia solidamente nas Escrituras e nos Padres da Igreja e responde aos desafios e expectativas de nossa \u00e9poca, revelando a historicidade e atualidade da Igreja Ortodoxa. \u00a0Esta, disse o Patriarca, \u00ab\u00e9 uma apresenta\u00e7\u00e3o admir\u00e1vel, com profundas conex\u00f5es teol\u00f3gicas\u00bb. Afirmou\u00a0ainda que a \u00abapresenta\u00e7\u00e3o, em primeiro lugar, da rela\u00e7\u00e3o entre o corpo e a alma do homem e, depois, a rela\u00e7\u00e3o do homem inteiro, corpo e alma, com Deus, mostra a voca\u00e7\u00e3o pr\u00f3pria do ser humano.\u00a0Este livro abre novas perspectivas das conex\u00f5es que evidenciam o valor eterno do corpo ressuscitado e, ao mesmo tempo, o valor da vida no corpo.<\/p>\n<p style=\"text-align: justify;\">Jean-Claude Larchet mostra j\u00e1 no t\u00edtulo de sua obra que, para a Ortodoxia, contrariamente ao que afirmam certas correntes gn\u00f3sticas do platonismo, \u00a0o corpo n\u00e3o \u00e9 a pris\u00e3o da alma.\u00a0Estamos diante de um livro de grande valor, uma s\u00edntese do pensamento b\u00edblico e patr\u00edstico que abre uma perspectiva de reflex\u00e3o aprofundada, estabelecendo as conex\u00f5es profundas e contribuindo deste modo para a supera\u00e7\u00e3o da simplicidade de uma abordagem esquem\u00e1tica, pr\u00f3pria da \u00a0escol\u00e1stica medieval.\u00a0Tratando, pois, de uma abordagem do corpo em uma perspectiva unificadora, contr\u00e1ria a qualquer tentativa de polariza\u00e7\u00e3o exc\u00eantrica, traz \u00a0como principal mensagem que o corpo humano \u00e9 o templo do Esp\u00edrito Santo\u00bb.<\/p>\n<p style=\"text-align: justify;\">Ap\u00f3s destacar outros aspectos da teologia do corpo o Patriarca salientou que esta nova publica\u00e7\u00e3o \u00e9 um desafio para o aprofundamento, do ponto de vista teol\u00f3gico, da rela\u00e7\u00e3o entre corpo e alma e vice-versa, enfatizando o papel desta abordagem para a supera\u00e7\u00e3o de todos os dualismos e tend\u00eancias modernas que d\u00e3o mais import\u00e2ncia ao corpo em si, ignorando a sua rela\u00e7\u00e3o com Deus.<\/p>\n<p style=\"text-align: justify;\">Em seguida, Jean-Claude Larchet agradeceu a todos os que contribu\u00edram para a realiza\u00e7\u00e3o do livro e de seu lan\u00e7amento e, em especial, ao Patriarca Daniel da Rom\u00eania que lhe honrou, n\u00e3o somente prefaciando a obra, como tamb\u00e9m por sua participa\u00e7\u00e3o no evento de lan\u00e7amento do livro, apesar de seu escasso tempo, bem como por sua iniciativa de publicar pela Editora Patriarcal Bas\u00edlica n\u00e3o apenas este livro, como todos os seus livros de teologia e patr\u00edstica ainda n\u00e3o publicados em romeno.<\/p>\n<p style=\"text-align: justify;\">\u00abTeologia do Corpo\u00bb \u00e9 o d\u00e9cimo terceiro livro de Jean-Claude Larchet traduzido e publicado na Rom\u00eania.<\/p>\n<p style=\"text-align: right;\">Fonte:\u00a0 <a href=\"http:\/\/www.orthodoxie.com\/\">Orthodoxie.com<\/a><\/p>\n<p style=\"text-align: justify;\">\n","protected":false},"excerpt":{"rendered":"<p>No \u00faltimo dia 02 de novembro, foi realizado na Faculdade de Teologia da Universidade de Bucareste, com a participa\u00e7\u00e3o de S. B. Daniel, Patriarca da Igreja Ortodoxa Romena e na presen\u00e7a de um grande n\u00famero de professores e alunos, o&#8230;<\/p>\n","protected":false},"author":1,"featured_media":6125,"comment_status":"open","ping_status":"open","sticky":false,"template":"","format":"standard","meta":{"_acf_changed":false,"footnotes":""},"categories":[1],"tags":[],"class_list":["post-5208","post","type-post","status-publish","format-standard","has-post-thumbnail","hentry","category-news","entry","rows-excerpt"],"acf":[],"yoast_head":"<!-- This site is optimized with the Yoast SEO plugin v27.5 - https:\/\/yoast.com\/product\/yoast-seo-wordpress\/ -->\n<title>Lan\u00e7amento oficial em Bucareste da edi\u00e7\u00e3o romena do livro de Jean-Claude Larchet \u00abTeologia do Corpo\u00bb | ECCLESIA NEWS<\/title>\n<meta name=\"robots\" content=\"index, follow, max-snippet:-1, max-image-preview:large, max-video-preview:-1\" \/>\n<link rel=\"canonical\" href=\"https:\/\/news.ecclesia.org.br\/?p=5208\" \/>\n<meta property=\"og:locale\" content=\"pt_BR\" \/>\n<meta property=\"og:type\" content=\"article\" \/>\n<meta property=\"og:title\" content=\"Lan\u00e7amento oficial em Bucareste da edi\u00e7\u00e3o romena do livro de Jean-Claude Larchet \u00abTeologia do Corpo\u00bb | ECCLESIA NEWS\" \/>\n<meta property=\"og:description\" content=\"No \u00faltimo dia 02 de novembro, foi realizado na Faculdade de Teologia da Universidade de Bucareste, com a participa\u00e7\u00e3o de S. B. Daniel, Patriarca da Igreja Ortodoxa Romena e na presen\u00e7a de um grande n\u00famero de professores e alunos, o&#8230;\" \/>\n<meta property=\"og:url\" content=\"https:\/\/news.ecclesia.org.br\/?p=5208\" \/>\n<meta property=\"og:site_name\" content=\"ECCLESIA NEWS\" \/>\n<meta property=\"article:publisher\" content=\"https:\/\/www.facebook.com\/Ecclesia2025\" \/>\n<meta property=\"article:published_time\" content=\"2010-11-09T00:50:22+00:00\" \/>\n<meta property=\"article:modified_time\" content=\"2016-03-18T04:41:56+00:00\" \/>\n<meta property=\"og:image\" content=\"https:\/\/news.ecclesia.org.br\/wp-content\/uploads\/2010\/11\/patriarca-daniel.jpg\" \/>\n\t<meta property=\"og:image:width\" content=\"320\" \/>\n\t<meta property=\"og:image:height\" content=\"240\" \/>\n\t<meta property=\"og:image:type\" content=\"image\/jpeg\" \/>\n<meta name=\"author\" content=\"Pe. Andr\u00e9\" \/>\n<meta name=\"twitter:card\" content=\"summary_large_image\" \/>\n<meta name=\"twitter:creator\" content=\"@EcclesiaNews\" \/>\n<meta name=\"twitter:site\" content=\"@EcclesiaNews\" \/>\n<meta name=\"twitter:label1\" content=\"Escrito por\" \/>\n\t<meta name=\"twitter:data1\" content=\"Pe. Andr\u00e9\" \/>\n\t<meta name=\"twitter:label2\" content=\"Est. tempo de leitura\" \/>\n\t<meta name=\"twitter:data2\" content=\"3 minutos\" \/>\n<script type=\"application\/ld+json\" class=\"yoast-schema-graph\">{\"@context\":\"https:\\\/\\\/schema.org\",\"@graph\":[{\"@type\":\"Article\",\"@id\":\"https:\\\/\\\/news.ecclesia.org.br\\\/?p=5208#article\",\"isPartOf\":{\"@id\":\"https:\\\/\\\/news.ecclesia.org.br\\\/?p=5208\"},\"author\":{\"name\":\"Pe. Andr\u00e9\",\"@id\":\"https:\\\/\\\/news.ecclesia.org.br\\\/#\\\/schema\\\/person\\\/6f09597f025829745ba414a569f63758\"},\"headline\":\"Lan\u00e7amento oficial em Bucareste da edi\u00e7\u00e3o romena do livro de Jean-Claude Larchet \u00abTeologia do Corpo\u00bb\",\"datePublished\":\"2010-11-09T00:50:22+00:00\",\"dateModified\":\"2016-03-18T04:41:56+00:00\",\"mainEntityOfPage\":{\"@id\":\"https:\\\/\\\/news.ecclesia.org.br\\\/?p=5208\"},\"wordCount\":592,\"commentCount\":0,\"publisher\":{\"@id\":\"https:\\\/\\\/news.ecclesia.org.br\\\/#organization\"},\"image\":{\"@id\":\"https:\\\/\\\/news.ecclesia.org.br\\\/?p=5208#primaryimage\"},\"thumbnailUrl\":\"https:\\\/\\\/news.ecclesia.org.br\\\/wp-content\\\/uploads\\\/2010\\\/11\\\/patriarca-daniel.jpg\",\"articleSection\":[\"NEWS\"],\"inLanguage\":\"pt-BR\",\"potentialAction\":[{\"@type\":\"CommentAction\",\"name\":\"Comment\",\"target\":[\"https:\\\/\\\/news.ecclesia.org.br\\\/?p=5208#respond\"]}]},{\"@type\":\"WebPage\",\"@id\":\"https:\\\/\\\/news.ecclesia.org.br\\\/?p=5208\",\"url\":\"https:\\\/\\\/news.ecclesia.org.br\\\/?p=5208\",\"name\":\"Lan\u00e7amento oficial em Bucareste da edi\u00e7\u00e3o romena do livro de Jean-Claude Larchet \u00abTeologia do Corpo\u00bb | ECCLESIA NEWS\",\"isPartOf\":{\"@id\":\"https:\\\/\\\/news.ecclesia.org.br\\\/#website\"},\"primaryImageOfPage\":{\"@id\":\"https:\\\/\\\/news.ecclesia.org.br\\\/?p=5208#primaryimage\"},\"image\":{\"@id\":\"https:\\\/\\\/news.ecclesia.org.br\\\/?p=5208#primaryimage\"},\"thumbnailUrl\":\"https:\\\/\\\/news.ecclesia.org.br\\\/wp-content\\\/uploads\\\/2010\\\/11\\\/patriarca-daniel.jpg\",\"datePublished\":\"2010-11-09T00:50:22+00:00\",\"dateModified\":\"2016-03-18T04:41:56+00:00\",\"breadcrumb\":{\"@id\":\"https:\\\/\\\/news.ecclesia.org.br\\\/?p=5208#breadcrumb\"},\"inLanguage\":\"pt-BR\",\"potentialAction\":[{\"@type\":\"ReadAction\",\"target\":[\"https:\\\/\\\/news.ecclesia.org.br\\\/?p=5208\"]}]},{\"@type\":\"ImageObject\",\"inLanguage\":\"pt-BR\",\"@id\":\"https:\\\/\\\/news.ecclesia.org.br\\\/?p=5208#primaryimage\",\"url\":\"https:\\\/\\\/news.ecclesia.org.br\\\/wp-content\\\/uploads\\\/2010\\\/11\\\/patriarca-daniel.jpg\",\"contentUrl\":\"https:\\\/\\\/news.ecclesia.org.br\\\/wp-content\\\/uploads\\\/2010\\\/11\\\/patriarca-daniel.jpg\",\"width\":320,\"height\":240},{\"@type\":\"BreadcrumbList\",\"@id\":\"https:\\\/\\\/news.ecclesia.org.br\\\/?p=5208#breadcrumb\",\"itemListElement\":[{\"@type\":\"ListItem\",\"position\":1,\"name\":\"In\u00edcio\",\"item\":\"https:\\\/\\\/news.ecclesia.org.br\\\/\"},{\"@type\":\"ListItem\",\"position\":2,\"name\":\"Lan\u00e7amento oficial em Bucareste da edi\u00e7\u00e3o romena do livro de Jean-Claude Larchet \u00abTeologia do Corpo\u00bb\"}]},{\"@type\":\"WebSite\",\"@id\":\"https:\\\/\\\/news.ecclesia.org.br\\\/#website\",\"url\":\"https:\\\/\\\/news.ecclesia.org.br\\\/\",\"name\":\"Ecclesia Brasil\",\"description\":\"Desde 2003 onectando o Brasil ao mundo ortodoxo!\",\"publisher\":{\"@id\":\"https:\\\/\\\/news.ecclesia.org.br\\\/#organization\"},\"alternateName\":\"Ecclesia\",\"potentialAction\":[{\"@type\":\"SearchAction\",\"target\":{\"@type\":\"EntryPoint\",\"urlTemplate\":\"https:\\\/\\\/news.ecclesia.org.br\\\/?s={search_term_string}\"},\"query-input\":{\"@type\":\"PropertyValueSpecification\",\"valueRequired\":true,\"valueName\":\"search_term_string\"}}],\"inLanguage\":\"pt-BR\"},{\"@type\":\"Organization\",\"@id\":\"https:\\\/\\\/news.ecclesia.org.br\\\/#organization\",\"name\":\"Sacra Arquidiocese de Buenos Aires e Am\u00e9rica do Sul | Patriarcado Ecum\u00eanico\",\"alternateName\":\"News Ecclesia Brasil\",\"url\":\"https:\\\/\\\/news.ecclesia.org.br\\\/\",\"logo\":{\"@type\":\"ImageObject\",\"inLanguage\":\"pt-BR\",\"@id\":\"https:\\\/\\\/news.ecclesia.org.br\\\/#\\\/schema\\\/logo\\\/image\\\/\",\"url\":\"https:\\\/\\\/news.ecclesia.org.br\\\/wp-content\\\/uploads\\\/2025\\\/05\\\/ecclesia2.png\",\"contentUrl\":\"https:\\\/\\\/news.ecclesia.org.br\\\/wp-content\\\/uploads\\\/2025\\\/05\\\/ecclesia2.png\",\"width\":480,\"height\":120,\"caption\":\"Sacra Arquidiocese de Buenos Aires e Am\u00e9rica do Sul | Patriarcado Ecum\u00eanico\"},\"image\":{\"@id\":\"https:\\\/\\\/news.ecclesia.org.br\\\/#\\\/schema\\\/logo\\\/image\\\/\"},\"sameAs\":[\"https:\\\/\\\/www.facebook.com\\\/Ecclesia2025\",\"https:\\\/\\\/x.com\\\/EcclesiaNews\",\"https:\\\/\\\/br.pinterest.com\\\/ekklisia\\\/\",\"https:\\\/\\\/www.youtube.com\\\/@EcclesiaBrasil\"]},{\"@type\":\"Person\",\"@id\":\"https:\\\/\\\/news.ecclesia.org.br\\\/#\\\/schema\\\/person\\\/6f09597f025829745ba414a569f63758\",\"name\":\"Pe. Andr\u00e9\",\"image\":{\"@type\":\"ImageObject\",\"inLanguage\":\"pt-BR\",\"@id\":\"https:\\\/\\\/secure.gravatar.com\\\/avatar\\\/b4327cfa27e9799da239a26adcd534fc29cdc0c4a4a148eecbcfeb9b42c617ac?s=96&d=mm&r=g\",\"url\":\"https:\\\/\\\/secure.gravatar.com\\\/avatar\\\/b4327cfa27e9799da239a26adcd534fc29cdc0c4a4a148eecbcfeb9b42c617ac?s=96&d=mm&r=g\",\"contentUrl\":\"https:\\\/\\\/secure.gravatar.com\\\/avatar\\\/b4327cfa27e9799da239a26adcd534fc29cdc0c4a4a148eecbcfeb9b42c617ac?s=96&d=mm&r=g\",\"caption\":\"Pe. Andr\u00e9\"},\"sameAs\":[\"https:\\\/\\\/www.ecclesia.org.br\"]}]}<\/script>\n<!-- \/ Yoast SEO plugin. -->","yoast_head_json":{"title":"Lan\u00e7amento oficial em Bucareste da edi\u00e7\u00e3o romena do livro de Jean-Claude Larchet \u00abTeologia do Corpo\u00bb | ECCLESIA NEWS","robots":{"index":"index","follow":"follow","max-snippet":"max-snippet:-1","max-image-preview":"max-image-preview:large","max-video-preview":"max-video-preview:-1"},"canonical":"https:\/\/news.ecclesia.org.br\/?p=5208","og_locale":"pt_BR","og_type":"article","og_title":"Lan\u00e7amento oficial em Bucareste da edi\u00e7\u00e3o romena do livro de Jean-Claude Larchet \u00abTeologia do Corpo\u00bb | ECCLESIA NEWS","og_description":"No \u00faltimo dia 02 de novembro, foi realizado na Faculdade de Teologia da Universidade de Bucareste, com a participa\u00e7\u00e3o de S. B. Daniel, Patriarca da Igreja Ortodoxa Romena e na presen\u00e7a de um grande n\u00famero de professores e alunos, o&#8230;","og_url":"https:\/\/news.ecclesia.org.br\/?p=5208","og_site_name":"ECCLESIA NEWS","article_publisher":"https:\/\/www.facebook.com\/Ecclesia2025","article_published_time":"2010-11-09T00:50:22+00:00","article_modified_time":"2016-03-18T04:41:56+00:00","og_image":[{"width":320,"height":240,"url":"https:\/\/news.ecclesia.org.br\/wp-content\/uploads\/2010\/11\/patriarca-daniel.jpg","type":"image\/jpeg"}],"author":"Pe. Andr\u00e9","twitter_card":"summary_large_image","twitter_creator":"@EcclesiaNews","twitter_site":"@EcclesiaNews","twitter_misc":{"Escrito por":"Pe. Andr\u00e9","Est. tempo de leitura":"3 minutos"},"schema":{"@context":"https:\/\/schema.org","@graph":[{"@type":"Article","@id":"https:\/\/news.ecclesia.org.br\/?p=5208#article","isPartOf":{"@id":"https:\/\/news.ecclesia.org.br\/?p=5208"},"author":{"name":"Pe. Andr\u00e9","@id":"https:\/\/news.ecclesia.org.br\/#\/schema\/person\/6f09597f025829745ba414a569f63758"},"headline":"Lan\u00e7amento oficial em Bucareste da edi\u00e7\u00e3o romena do livro de Jean-Claude Larchet \u00abTeologia do Corpo\u00bb","datePublished":"2010-11-09T00:50:22+00:00","dateModified":"2016-03-18T04:41:56+00:00","mainEntityOfPage":{"@id":"https:\/\/news.ecclesia.org.br\/?p=5208"},"wordCount":592,"commentCount":0,"publisher":{"@id":"https:\/\/news.ecclesia.org.br\/#organization"},"image":{"@id":"https:\/\/news.ecclesia.org.br\/?p=5208#primaryimage"},"thumbnailUrl":"https:\/\/news.ecclesia.org.br\/wp-content\/uploads\/2010\/11\/patriarca-daniel.jpg","articleSection":["NEWS"],"inLanguage":"pt-BR","potentialAction":[{"@type":"CommentAction","name":"Comment","target":["https:\/\/news.ecclesia.org.br\/?p=5208#respond"]}]},{"@type":"WebPage","@id":"https:\/\/news.ecclesia.org.br\/?p=5208","url":"https:\/\/news.ecclesia.org.br\/?p=5208","name":"Lan\u00e7amento oficial em Bucareste da edi\u00e7\u00e3o romena do livro de Jean-Claude Larchet \u00abTeologia do Corpo\u00bb | ECCLESIA NEWS","isPartOf":{"@id":"https:\/\/news.ecclesia.org.br\/#website"},"primaryImageOfPage":{"@id":"https:\/\/news.ecclesia.org.br\/?p=5208#primaryimage"},"image":{"@id":"https:\/\/news.ecclesia.org.br\/?p=5208#primaryimage"},"thumbnailUrl":"https:\/\/news.ecclesia.org.br\/wp-content\/uploads\/2010\/11\/patriarca-daniel.jpg","datePublished":"2010-11-09T00:50:22+00:00","dateModified":"2016-03-18T04:41:56+00:00","breadcrumb":{"@id":"https:\/\/news.ecclesia.org.br\/?p=5208#breadcrumb"},"inLanguage":"pt-BR","potentialAction":[{"@type":"ReadAction","target":["https:\/\/news.ecclesia.org.br\/?p=5208"]}]},{"@type":"ImageObject","inLanguage":"pt-BR","@id":"https:\/\/news.ecclesia.org.br\/?p=5208#primaryimage","url":"https:\/\/news.ecclesia.org.br\/wp-content\/uploads\/2010\/11\/patriarca-daniel.jpg","contentUrl":"https:\/\/news.ecclesia.org.br\/wp-content\/uploads\/2010\/11\/patriarca-daniel.jpg","width":320,"height":240},{"@type":"BreadcrumbList","@id":"https:\/\/news.ecclesia.org.br\/?p=5208#breadcrumb","itemListElement":[{"@type":"ListItem","position":1,"name":"In\u00edcio","item":"https:\/\/news.ecclesia.org.br\/"},{"@type":"ListItem","position":2,"name":"Lan\u00e7amento oficial em Bucareste da edi\u00e7\u00e3o romena do livro de Jean-Claude Larchet \u00abTeologia do Corpo\u00bb"}]},{"@type":"WebSite","@id":"https:\/\/news.ecclesia.org.br\/#website","url":"https:\/\/news.ecclesia.org.br\/","name":"Ecclesia Brasil","description":"Desde 2003 onectando o Brasil ao mundo ortodoxo!","publisher":{"@id":"https:\/\/news.ecclesia.org.br\/#organization"},"alternateName":"Ecclesia","potentialAction":[{"@type":"SearchAction","target":{"@type":"EntryPoint","urlTemplate":"https:\/\/news.ecclesia.org.br\/?s={search_term_string}"},"query-input":{"@type":"PropertyValueSpecification","valueRequired":true,"valueName":"search_term_string"}}],"inLanguage":"pt-BR"},{"@type":"Organization","@id":"https:\/\/news.ecclesia.org.br\/#organization","name":"Sacra Arquidiocese de Buenos Aires e Am\u00e9rica do Sul | Patriarcado Ecum\u00eanico","alternateName":"News Ecclesia Brasil","url":"https:\/\/news.ecclesia.org.br\/","logo":{"@type":"ImageObject","inLanguage":"pt-BR","@id":"https:\/\/news.ecclesia.org.br\/#\/schema\/logo\/image\/","url":"https:\/\/news.ecclesia.org.br\/wp-content\/uploads\/2025\/05\/ecclesia2.png","contentUrl":"https:\/\/news.ecclesia.org.br\/wp-content\/uploads\/2025\/05\/ecclesia2.png","width":480,"height":120,"caption":"Sacra Arquidiocese de Buenos Aires e Am\u00e9rica do Sul | Patriarcado Ecum\u00eanico"},"image":{"@id":"https:\/\/news.ecclesia.org.br\/#\/schema\/logo\/image\/"},"sameAs":["https:\/\/www.facebook.com\/Ecclesia2025","https:\/\/x.com\/EcclesiaNews","https:\/\/br.pinterest.com\/ekklisia\/","https:\/\/www.youtube.com\/@EcclesiaBrasil"]},{"@type":"Person","@id":"https:\/\/news.ecclesia.org.br\/#\/schema\/person\/6f09597f025829745ba414a569f63758","name":"Pe. Andr\u00e9","image":{"@type":"ImageObject","inLanguage":"pt-BR","@id":"https:\/\/secure.gravatar.com\/avatar\/b4327cfa27e9799da239a26adcd534fc29cdc0c4a4a148eecbcfeb9b42c617ac?s=96&d=mm&r=g","url":"https:\/\/secure.gravatar.com\/avatar\/b4327cfa27e9799da239a26adcd534fc29cdc0c4a4a148eecbcfeb9b42c617ac?s=96&d=mm&r=g","contentUrl":"https:\/\/secure.gravatar.com\/avatar\/b4327cfa27e9799da239a26adcd534fc29cdc0c4a4a148eecbcfeb9b42c617ac?s=96&d=mm&r=g","caption":"Pe. Andr\u00e9"},"sameAs":["https:\/\/www.ecclesia.org.br"]}]}},"_links":{"self":[{"href":"https:\/\/news.ecclesia.org.br\/index.php?rest_route=\/wp\/v2\/posts\/5208","targetHints":{"allow":["GET"]}}],"collection":[{"href":"https:\/\/news.ecclesia.org.br\/index.php?rest_route=\/wp\/v2\/posts"}],"about":[{"href":"https:\/\/news.ecclesia.org.br\/index.php?rest_route=\/wp\/v2\/types\/post"}],"author":[{"embeddable":true,"href":"https:\/\/news.ecclesia.org.br\/index.php?rest_route=\/wp\/v2\/users\/1"}],"replies":[{"embeddable":true,"href":"https:\/\/news.ecclesia.org.br\/index.php?rest_route=%2Fwp%2Fv2%2Fcomments&post=5208"}],"version-history":[{"count":0,"href":"https:\/\/news.ecclesia.org.br\/index.php?rest_route=\/wp\/v2\/posts\/5208\/revisions"}],"wp:featuredmedia":[{"embeddable":true,"href":"https:\/\/news.ecclesia.org.br\/index.php?rest_route=\/wp\/v2\/media\/6125"}],"wp:attachment":[{"href":"https:\/\/news.ecclesia.org.br\/index.php?rest_route=%2Fwp%2Fv2%2Fmedia&parent=5208"}],"wp:term":[{"taxonomy":"category","embeddable":true,"href":"https:\/\/news.ecclesia.org.br\/index.php?rest_route=%2Fwp%2Fv2%2Fcategories&post=5208"},{"taxonomy":"post_tag","embeddable":true,"href":"https:\/\/news.ecclesia.org.br\/index.php?rest_route=%2Fwp%2Fv2%2Ftags&post=5208"}],"curies":[{"name":"wp","href":"https:\/\/api.w.org\/{rel}","templated":true}]}}