{"id":5183,"date":"2010-11-06T12:54:30","date_gmt":"2010-11-06T14:54:30","guid":{"rendered":"http:\/\/www.ecclesia.com.br\/news\/?p=5183"},"modified":"2016-03-18T04:51:29","modified_gmt":"2016-03-18T04:51:29","slug":"milhares-de-fascistas-marcham-nas-ruas-de-moscou","status":"publish","type":"post","link":"https:\/\/news.ecclesia.org.br\/?p=5183","title":{"rendered":"Milhares de fascistas marcham nas ruas de Moscou"},"content":{"rendered":"<p style=\"text-align: justify;\"><img fetchpriority=\"high\" decoding=\"async\" class=\"alignleft wp-image-16394 size-medium\" src=\"https:\/\/news.ecclesia.org.br\/2013\/wp-content\/uploads\/2010\/11\/manifestacao-fascista-moscou-300x225.jpg\" alt=\"manifestacao-fascista-moscou\" width=\"300\" height=\"225\" srcset=\"https:\/\/news.ecclesia.org.br\/wp-content\/uploads\/2010\/11\/manifestacao-fascista-moscou-300x225.jpg 300w, https:\/\/news.ecclesia.org.br\/wp-content\/uploads\/2010\/11\/manifestacao-fascista-moscou-600x450.jpg 600w, https:\/\/news.ecclesia.org.br\/wp-content\/uploads\/2010\/11\/manifestacao-fascista-moscou-73x55.jpg 73w, https:\/\/news.ecclesia.org.br\/wp-content\/uploads\/2010\/11\/manifestacao-fascista-moscou.jpg 640w\" sizes=\"(max-width: 300px) 100vw, 300px\" \/>MOSCOU, R\u00fassia, 04 de novembro de 2010 &#8212; Segundo a pol\u00edcia, mais de cinco mil militantes de organiza\u00e7\u00f5es da extrema-direita nacionalista e xen\u00f3foba participaram hoje na \u00abMarcha Russa\u00bb em Moscou, mas os organizadores falam em mais de dez mil manifestantes. A marcha foi autorizada pelas autoridades, mas, mesmo assim, muitos dos manifestantes apareceram de rosto coberto. Os fascistas vieram para a rua assinalar o \u00abDia da Unidade Popular\u00bb, que foi institu\u00eddo em 2005, quando Vladimir Putin era Presidente da R\u00fassia, para celebrar a expuls\u00e3o dos \u00abocupantes polacos de Moscou pelos volunt\u00e1rios populares no dia 4 de Novembro de 1612\u00bb. Na realidade, ele foi criado para \u00abcompensar\u00bb o antigo feriado de 7 de Novembro, dia em que se comemora a revolu\u00e7\u00e3o comunista de 1917 na R\u00fassia. Organiza\u00e7\u00f5es nacionalistas realizaram manifesta\u00e7\u00f5es em v\u00e1rias cidades russas, tendo a mais numerosa ocorrido em Moscou. Mais de cinco mil militantes de organiza\u00e7\u00f5es como Movimento Contra Imigra\u00e7\u00e3o Ilegal, For\u00e7a Eslava, Porta-Pend\u00f5es Ortodoxos e Imagem Russa percorreram as ruas de um dos bairros de Moscou gritando palavras de ordem nacionalistas e xen\u00f3fobas. <em>\u00abDevolvamos \u00e0 R\u00fassia o poder russo<\/em><em>\u00bb, <\/em><em>\u00abLiberdade para os Presos Pol\u00edticos<\/em><em>\u00bb, <\/em><em>\u00abN\u00e3o \u00e0 Imigra\u00e7\u00e3o Ilegal<\/em><em>\u00bb,<\/em> gritavam. O movimento juvenil pr\u00f3-Kremlin \u00abNossos\u00bb organizou outra \u00abmarcha russa\u00bb de apoio \u00e0 pol\u00edtica das novas autoridades da cidade de Moscou, que juntou entre 20 a 30 mil manifestantes. Os manifestantes transportavam retratos de her\u00f3is do pa\u00eds: veteranos da guerra, jovens que prestam servi\u00e7o militar, seus pais, bem como daqueles que \u00abenvergonham a R\u00fassia\u00bb: pessoas que vendem \u00e1lcool a menores, produtos fora do prazo de validade e que estacionam mal os autom\u00f3veis. \u00abTodos os manifestantes s\u00e3o russos no sentido supranacional, eles ligam o seu futuro ao futuro da R\u00fassia e est\u00e3o prontos a resolver os problemas que enfrenta o nosso pa\u00eds\u00bb, declarou Kristina Poputchik, porta-voz do \u00abNossos\u00bb.<\/p>\n<p style=\"text-align: justify;\">Cirillo I, Patriarca da Igreja Ortodoxa Russa, apelou \u00e0 unidade dos russos, sublinhando que as diverg\u00eancias podem levar \u00e0 desintegra\u00e7\u00e3o do pa\u00eds. \u00abO nosso pa\u00eds assinala a festa da unidade popular. Um acontecimento ligado \u00e0 liberta\u00e7\u00e3o de Moscou e, depois, de toda a R\u00fassia do jugo estrangeiro, uma enorme li\u00e7\u00e3o a todos n\u00f3s, descendentes das gera\u00e7\u00f5es her\u00f3icas\u00bb, declarou. \u00abEm 1612, o pa\u00eds esteve no limiar da destrui\u00e7\u00e3o e da morte\u00bb, frisou.<\/p>\n<p style=\"text-align: justify;\">Uma sondagem realizada pelo Instituto Levada Tzentr mostra que apenas 36 por cento dos russos sabem o que se assinala hoje. Talvez seja esta uma das raz\u00f5es pelas qual Moscou, a capital do pa\u00eds que deu um dos maiores contributos para derrotar os <em>nazis<\/em> na segunda guerra mundial, seja palco de manifesta\u00e7\u00f5es fascistas. O povo que esquece a sua hist\u00f3ria, sujeita-se a grandes riscos.<\/p>\n<p style=\"text-align: right;\">Fonte: \u00a0<a href=\"http:\/\/darussia.blogspot.com\/2010\/11\/milhares-de-fascistas-marcham-nas-ruas.html\" target=\"_blank\">Jos\u00e9 Milhazes &#8211; Da R\u00fassia<\/a><\/p>\n","protected":false},"excerpt":{"rendered":"<p>MOSCOU, R\u00fassia, 04 de novembro de 2010 &#8212; Segundo a pol\u00edcia, mais de cinco mil militantes de organiza\u00e7\u00f5es da extrema-direita nacionalista e xen\u00f3foba participaram hoje na \u00abMarcha Russa\u00bb em Moscou, mas os organizadores falam em mais de dez mil manifestantes.&#8230;<\/p>\n","protected":false},"author":1,"featured_media":16394,"comment_status":"open","ping_status":"open","sticky":false,"template":"","format":"standard","meta":{"_acf_changed":false,"footnotes":""},"categories":[1],"tags":[],"class_list":["post-5183","post","type-post","status-publish","format-standard","has-post-thumbnail","hentry","category-news","entry","rows-excerpt"],"acf":[],"yoast_head":"<!-- This site is optimized with the Yoast SEO plugin v27.5 - https:\/\/yoast.com\/product\/yoast-seo-wordpress\/ -->\n<title>Milhares de fascistas marcham nas ruas de Moscou | ECCLESIA NEWS<\/title>\n<meta name=\"robots\" content=\"index, follow, max-snippet:-1, max-image-preview:large, max-video-preview:-1\" \/>\n<link rel=\"canonical\" href=\"https:\/\/news.ecclesia.org.br\/?p=5183\" \/>\n<meta property=\"og:locale\" content=\"pt_BR\" \/>\n<meta property=\"og:type\" content=\"article\" \/>\n<meta property=\"og:title\" content=\"Milhares de fascistas marcham nas ruas de Moscou | ECCLESIA NEWS\" \/>\n<meta property=\"og:description\" content=\"MOSCOU, R\u00fassia, 04 de novembro de 2010 &#8212; Segundo a pol\u00edcia, mais de cinco mil militantes de organiza\u00e7\u00f5es da extrema-direita nacionalista e xen\u00f3foba participaram hoje na \u00abMarcha Russa\u00bb em Moscou, mas os organizadores falam em mais de dez mil manifestantes.&#8230;\" \/>\n<meta property=\"og:url\" content=\"https:\/\/news.ecclesia.org.br\/?p=5183\" \/>\n<meta property=\"og:site_name\" content=\"ECCLESIA NEWS\" \/>\n<meta property=\"article:publisher\" content=\"https:\/\/www.facebook.com\/Ecclesia2025\" \/>\n<meta property=\"article:published_time\" content=\"2010-11-06T14:54:30+00:00\" \/>\n<meta property=\"article:modified_time\" content=\"2016-03-18T04:51:29+00:00\" \/>\n<meta property=\"og:image\" content=\"https:\/\/news.ecclesia.org.br\/wp-content\/uploads\/2010\/11\/manifestacao-fascista-moscou.jpg\" \/>\n\t<meta property=\"og:image:width\" content=\"640\" \/>\n\t<meta property=\"og:image:height\" content=\"480\" \/>\n\t<meta property=\"og:image:type\" content=\"image\/jpeg\" \/>\n<meta name=\"author\" content=\"Pe. Andr\u00e9\" \/>\n<meta name=\"twitter:card\" content=\"summary_large_image\" \/>\n<meta name=\"twitter:creator\" content=\"@EcclesiaNews\" \/>\n<meta name=\"twitter:site\" content=\"@EcclesiaNews\" \/>\n<meta name=\"twitter:label1\" content=\"Escrito por\" \/>\n\t<meta name=\"twitter:data1\" content=\"Pe. Andr\u00e9\" \/>\n\t<meta name=\"twitter:label2\" content=\"Est. tempo de leitura\" \/>\n\t<meta name=\"twitter:data2\" content=\"2 minutos\" \/>\n<script type=\"application\/ld+json\" class=\"yoast-schema-graph\">{\"@context\":\"https:\\\/\\\/schema.org\",\"@graph\":[{\"@type\":\"Article\",\"@id\":\"https:\\\/\\\/news.ecclesia.org.br\\\/?p=5183#article\",\"isPartOf\":{\"@id\":\"https:\\\/\\\/news.ecclesia.org.br\\\/?p=5183\"},\"author\":{\"name\":\"Pe. Andr\u00e9\",\"@id\":\"https:\\\/\\\/news.ecclesia.org.br\\\/#\\\/schema\\\/person\\\/6f09597f025829745ba414a569f63758\"},\"headline\":\"Milhares de fascistas marcham nas ruas de Moscou\",\"datePublished\":\"2010-11-06T14:54:30+00:00\",\"dateModified\":\"2016-03-18T04:51:29+00:00\",\"mainEntityOfPage\":{\"@id\":\"https:\\\/\\\/news.ecclesia.org.br\\\/?p=5183\"},\"wordCount\":479,\"commentCount\":0,\"publisher\":{\"@id\":\"https:\\\/\\\/news.ecclesia.org.br\\\/#organization\"},\"image\":{\"@id\":\"https:\\\/\\\/news.ecclesia.org.br\\\/?p=5183#primaryimage\"},\"thumbnailUrl\":\"https:\\\/\\\/news.ecclesia.org.br\\\/wp-content\\\/uploads\\\/2010\\\/11\\\/manifestacao-fascista-moscou.jpg\",\"articleSection\":[\"NEWS\"],\"inLanguage\":\"pt-BR\",\"potentialAction\":[{\"@type\":\"CommentAction\",\"name\":\"Comment\",\"target\":[\"https:\\\/\\\/news.ecclesia.org.br\\\/?p=5183#respond\"]}]},{\"@type\":\"WebPage\",\"@id\":\"https:\\\/\\\/news.ecclesia.org.br\\\/?p=5183\",\"url\":\"https:\\\/\\\/news.ecclesia.org.br\\\/?p=5183\",\"name\":\"Milhares de fascistas marcham nas ruas de Moscou | ECCLESIA NEWS\",\"isPartOf\":{\"@id\":\"https:\\\/\\\/news.ecclesia.org.br\\\/#website\"},\"primaryImageOfPage\":{\"@id\":\"https:\\\/\\\/news.ecclesia.org.br\\\/?p=5183#primaryimage\"},\"image\":{\"@id\":\"https:\\\/\\\/news.ecclesia.org.br\\\/?p=5183#primaryimage\"},\"thumbnailUrl\":\"https:\\\/\\\/news.ecclesia.org.br\\\/wp-content\\\/uploads\\\/2010\\\/11\\\/manifestacao-fascista-moscou.jpg\",\"datePublished\":\"2010-11-06T14:54:30+00:00\",\"dateModified\":\"2016-03-18T04:51:29+00:00\",\"breadcrumb\":{\"@id\":\"https:\\\/\\\/news.ecclesia.org.br\\\/?p=5183#breadcrumb\"},\"inLanguage\":\"pt-BR\",\"potentialAction\":[{\"@type\":\"ReadAction\",\"target\":[\"https:\\\/\\\/news.ecclesia.org.br\\\/?p=5183\"]}]},{\"@type\":\"ImageObject\",\"inLanguage\":\"pt-BR\",\"@id\":\"https:\\\/\\\/news.ecclesia.org.br\\\/?p=5183#primaryimage\",\"url\":\"https:\\\/\\\/news.ecclesia.org.br\\\/wp-content\\\/uploads\\\/2010\\\/11\\\/manifestacao-fascista-moscou.jpg\",\"contentUrl\":\"https:\\\/\\\/news.ecclesia.org.br\\\/wp-content\\\/uploads\\\/2010\\\/11\\\/manifestacao-fascista-moscou.jpg\",\"width\":640,\"height\":480},{\"@type\":\"BreadcrumbList\",\"@id\":\"https:\\\/\\\/news.ecclesia.org.br\\\/?p=5183#breadcrumb\",\"itemListElement\":[{\"@type\":\"ListItem\",\"position\":1,\"name\":\"In\u00edcio\",\"item\":\"https:\\\/\\\/news.ecclesia.org.br\\\/\"},{\"@type\":\"ListItem\",\"position\":2,\"name\":\"Milhares de fascistas marcham nas ruas de Moscou\"}]},{\"@type\":\"WebSite\",\"@id\":\"https:\\\/\\\/news.ecclesia.org.br\\\/#website\",\"url\":\"https:\\\/\\\/news.ecclesia.org.br\\\/\",\"name\":\"Ecclesia Brasil\",\"description\":\"Desde 2003 onectando o Brasil ao mundo ortodoxo!\",\"publisher\":{\"@id\":\"https:\\\/\\\/news.ecclesia.org.br\\\/#organization\"},\"alternateName\":\"Ecclesia\",\"potentialAction\":[{\"@type\":\"SearchAction\",\"target\":{\"@type\":\"EntryPoint\",\"urlTemplate\":\"https:\\\/\\\/news.ecclesia.org.br\\\/?s={search_term_string}\"},\"query-input\":{\"@type\":\"PropertyValueSpecification\",\"valueRequired\":true,\"valueName\":\"search_term_string\"}}],\"inLanguage\":\"pt-BR\"},{\"@type\":\"Organization\",\"@id\":\"https:\\\/\\\/news.ecclesia.org.br\\\/#organization\",\"name\":\"Sacra Arquidiocese de Buenos Aires e Am\u00e9rica do Sul | Patriarcado Ecum\u00eanico\",\"alternateName\":\"News Ecclesia Brasil\",\"url\":\"https:\\\/\\\/news.ecclesia.org.br\\\/\",\"logo\":{\"@type\":\"ImageObject\",\"inLanguage\":\"pt-BR\",\"@id\":\"https:\\\/\\\/news.ecclesia.org.br\\\/#\\\/schema\\\/logo\\\/image\\\/\",\"url\":\"https:\\\/\\\/news.ecclesia.org.br\\\/wp-content\\\/uploads\\\/2025\\\/05\\\/ecclesia2.png\",\"contentUrl\":\"https:\\\/\\\/news.ecclesia.org.br\\\/wp-content\\\/uploads\\\/2025\\\/05\\\/ecclesia2.png\",\"width\":480,\"height\":120,\"caption\":\"Sacra Arquidiocese de Buenos Aires e Am\u00e9rica do Sul | Patriarcado Ecum\u00eanico\"},\"image\":{\"@id\":\"https:\\\/\\\/news.ecclesia.org.br\\\/#\\\/schema\\\/logo\\\/image\\\/\"},\"sameAs\":[\"https:\\\/\\\/www.facebook.com\\\/Ecclesia2025\",\"https:\\\/\\\/x.com\\\/EcclesiaNews\",\"https:\\\/\\\/br.pinterest.com\\\/ekklisia\\\/\",\"https:\\\/\\\/www.youtube.com\\\/@EcclesiaBrasil\"]},{\"@type\":\"Person\",\"@id\":\"https:\\\/\\\/news.ecclesia.org.br\\\/#\\\/schema\\\/person\\\/6f09597f025829745ba414a569f63758\",\"name\":\"Pe. Andr\u00e9\",\"image\":{\"@type\":\"ImageObject\",\"inLanguage\":\"pt-BR\",\"@id\":\"https:\\\/\\\/secure.gravatar.com\\\/avatar\\\/b4327cfa27e9799da239a26adcd534fc29cdc0c4a4a148eecbcfeb9b42c617ac?s=96&d=mm&r=g\",\"url\":\"https:\\\/\\\/secure.gravatar.com\\\/avatar\\\/b4327cfa27e9799da239a26adcd534fc29cdc0c4a4a148eecbcfeb9b42c617ac?s=96&d=mm&r=g\",\"contentUrl\":\"https:\\\/\\\/secure.gravatar.com\\\/avatar\\\/b4327cfa27e9799da239a26adcd534fc29cdc0c4a4a148eecbcfeb9b42c617ac?s=96&d=mm&r=g\",\"caption\":\"Pe. Andr\u00e9\"},\"sameAs\":[\"https:\\\/\\\/www.ecclesia.org.br\"]}]}<\/script>\n<!-- \/ Yoast SEO plugin. -->","yoast_head_json":{"title":"Milhares de fascistas marcham nas ruas de Moscou | ECCLESIA NEWS","robots":{"index":"index","follow":"follow","max-snippet":"max-snippet:-1","max-image-preview":"max-image-preview:large","max-video-preview":"max-video-preview:-1"},"canonical":"https:\/\/news.ecclesia.org.br\/?p=5183","og_locale":"pt_BR","og_type":"article","og_title":"Milhares de fascistas marcham nas ruas de Moscou | ECCLESIA NEWS","og_description":"MOSCOU, R\u00fassia, 04 de novembro de 2010 &#8212; Segundo a pol\u00edcia, mais de cinco mil militantes de organiza\u00e7\u00f5es da extrema-direita nacionalista e xen\u00f3foba participaram hoje na \u00abMarcha Russa\u00bb em Moscou, mas os organizadores falam em mais de dez mil manifestantes.&#8230;","og_url":"https:\/\/news.ecclesia.org.br\/?p=5183","og_site_name":"ECCLESIA NEWS","article_publisher":"https:\/\/www.facebook.com\/Ecclesia2025","article_published_time":"2010-11-06T14:54:30+00:00","article_modified_time":"2016-03-18T04:51:29+00:00","og_image":[{"width":640,"height":480,"url":"https:\/\/news.ecclesia.org.br\/wp-content\/uploads\/2010\/11\/manifestacao-fascista-moscou.jpg","type":"image\/jpeg"}],"author":"Pe. Andr\u00e9","twitter_card":"summary_large_image","twitter_creator":"@EcclesiaNews","twitter_site":"@EcclesiaNews","twitter_misc":{"Escrito por":"Pe. Andr\u00e9","Est. tempo de leitura":"2 minutos"},"schema":{"@context":"https:\/\/schema.org","@graph":[{"@type":"Article","@id":"https:\/\/news.ecclesia.org.br\/?p=5183#article","isPartOf":{"@id":"https:\/\/news.ecclesia.org.br\/?p=5183"},"author":{"name":"Pe. Andr\u00e9","@id":"https:\/\/news.ecclesia.org.br\/#\/schema\/person\/6f09597f025829745ba414a569f63758"},"headline":"Milhares de fascistas marcham nas ruas de Moscou","datePublished":"2010-11-06T14:54:30+00:00","dateModified":"2016-03-18T04:51:29+00:00","mainEntityOfPage":{"@id":"https:\/\/news.ecclesia.org.br\/?p=5183"},"wordCount":479,"commentCount":0,"publisher":{"@id":"https:\/\/news.ecclesia.org.br\/#organization"},"image":{"@id":"https:\/\/news.ecclesia.org.br\/?p=5183#primaryimage"},"thumbnailUrl":"https:\/\/news.ecclesia.org.br\/wp-content\/uploads\/2010\/11\/manifestacao-fascista-moscou.jpg","articleSection":["NEWS"],"inLanguage":"pt-BR","potentialAction":[{"@type":"CommentAction","name":"Comment","target":["https:\/\/news.ecclesia.org.br\/?p=5183#respond"]}]},{"@type":"WebPage","@id":"https:\/\/news.ecclesia.org.br\/?p=5183","url":"https:\/\/news.ecclesia.org.br\/?p=5183","name":"Milhares de fascistas marcham nas ruas de Moscou | ECCLESIA NEWS","isPartOf":{"@id":"https:\/\/news.ecclesia.org.br\/#website"},"primaryImageOfPage":{"@id":"https:\/\/news.ecclesia.org.br\/?p=5183#primaryimage"},"image":{"@id":"https:\/\/news.ecclesia.org.br\/?p=5183#primaryimage"},"thumbnailUrl":"https:\/\/news.ecclesia.org.br\/wp-content\/uploads\/2010\/11\/manifestacao-fascista-moscou.jpg","datePublished":"2010-11-06T14:54:30+00:00","dateModified":"2016-03-18T04:51:29+00:00","breadcrumb":{"@id":"https:\/\/news.ecclesia.org.br\/?p=5183#breadcrumb"},"inLanguage":"pt-BR","potentialAction":[{"@type":"ReadAction","target":["https:\/\/news.ecclesia.org.br\/?p=5183"]}]},{"@type":"ImageObject","inLanguage":"pt-BR","@id":"https:\/\/news.ecclesia.org.br\/?p=5183#primaryimage","url":"https:\/\/news.ecclesia.org.br\/wp-content\/uploads\/2010\/11\/manifestacao-fascista-moscou.jpg","contentUrl":"https:\/\/news.ecclesia.org.br\/wp-content\/uploads\/2010\/11\/manifestacao-fascista-moscou.jpg","width":640,"height":480},{"@type":"BreadcrumbList","@id":"https:\/\/news.ecclesia.org.br\/?p=5183#breadcrumb","itemListElement":[{"@type":"ListItem","position":1,"name":"In\u00edcio","item":"https:\/\/news.ecclesia.org.br\/"},{"@type":"ListItem","position":2,"name":"Milhares de fascistas marcham nas ruas de Moscou"}]},{"@type":"WebSite","@id":"https:\/\/news.ecclesia.org.br\/#website","url":"https:\/\/news.ecclesia.org.br\/","name":"Ecclesia Brasil","description":"Desde 2003 onectando o Brasil ao mundo ortodoxo!","publisher":{"@id":"https:\/\/news.ecclesia.org.br\/#organization"},"alternateName":"Ecclesia","potentialAction":[{"@type":"SearchAction","target":{"@type":"EntryPoint","urlTemplate":"https:\/\/news.ecclesia.org.br\/?s={search_term_string}"},"query-input":{"@type":"PropertyValueSpecification","valueRequired":true,"valueName":"search_term_string"}}],"inLanguage":"pt-BR"},{"@type":"Organization","@id":"https:\/\/news.ecclesia.org.br\/#organization","name":"Sacra Arquidiocese de Buenos Aires e Am\u00e9rica do Sul | Patriarcado Ecum\u00eanico","alternateName":"News Ecclesia Brasil","url":"https:\/\/news.ecclesia.org.br\/","logo":{"@type":"ImageObject","inLanguage":"pt-BR","@id":"https:\/\/news.ecclesia.org.br\/#\/schema\/logo\/image\/","url":"https:\/\/news.ecclesia.org.br\/wp-content\/uploads\/2025\/05\/ecclesia2.png","contentUrl":"https:\/\/news.ecclesia.org.br\/wp-content\/uploads\/2025\/05\/ecclesia2.png","width":480,"height":120,"caption":"Sacra Arquidiocese de Buenos Aires e Am\u00e9rica do Sul | Patriarcado Ecum\u00eanico"},"image":{"@id":"https:\/\/news.ecclesia.org.br\/#\/schema\/logo\/image\/"},"sameAs":["https:\/\/www.facebook.com\/Ecclesia2025","https:\/\/x.com\/EcclesiaNews","https:\/\/br.pinterest.com\/ekklisia\/","https:\/\/www.youtube.com\/@EcclesiaBrasil"]},{"@type":"Person","@id":"https:\/\/news.ecclesia.org.br\/#\/schema\/person\/6f09597f025829745ba414a569f63758","name":"Pe. Andr\u00e9","image":{"@type":"ImageObject","inLanguage":"pt-BR","@id":"https:\/\/secure.gravatar.com\/avatar\/b4327cfa27e9799da239a26adcd534fc29cdc0c4a4a148eecbcfeb9b42c617ac?s=96&d=mm&r=g","url":"https:\/\/secure.gravatar.com\/avatar\/b4327cfa27e9799da239a26adcd534fc29cdc0c4a4a148eecbcfeb9b42c617ac?s=96&d=mm&r=g","contentUrl":"https:\/\/secure.gravatar.com\/avatar\/b4327cfa27e9799da239a26adcd534fc29cdc0c4a4a148eecbcfeb9b42c617ac?s=96&d=mm&r=g","caption":"Pe. Andr\u00e9"},"sameAs":["https:\/\/www.ecclesia.org.br"]}]}},"_links":{"self":[{"href":"https:\/\/news.ecclesia.org.br\/index.php?rest_route=\/wp\/v2\/posts\/5183","targetHints":{"allow":["GET"]}}],"collection":[{"href":"https:\/\/news.ecclesia.org.br\/index.php?rest_route=\/wp\/v2\/posts"}],"about":[{"href":"https:\/\/news.ecclesia.org.br\/index.php?rest_route=\/wp\/v2\/types\/post"}],"author":[{"embeddable":true,"href":"https:\/\/news.ecclesia.org.br\/index.php?rest_route=\/wp\/v2\/users\/1"}],"replies":[{"embeddable":true,"href":"https:\/\/news.ecclesia.org.br\/index.php?rest_route=%2Fwp%2Fv2%2Fcomments&post=5183"}],"version-history":[{"count":0,"href":"https:\/\/news.ecclesia.org.br\/index.php?rest_route=\/wp\/v2\/posts\/5183\/revisions"}],"wp:featuredmedia":[{"embeddable":true,"href":"https:\/\/news.ecclesia.org.br\/index.php?rest_route=\/wp\/v2\/media\/16394"}],"wp:attachment":[{"href":"https:\/\/news.ecclesia.org.br\/index.php?rest_route=%2Fwp%2Fv2%2Fmedia&parent=5183"}],"wp:term":[{"taxonomy":"category","embeddable":true,"href":"https:\/\/news.ecclesia.org.br\/index.php?rest_route=%2Fwp%2Fv2%2Fcategories&post=5183"},{"taxonomy":"post_tag","embeddable":true,"href":"https:\/\/news.ecclesia.org.br\/index.php?rest_route=%2Fwp%2Fv2%2Ftags&post=5183"}],"curies":[{"name":"wp","href":"https:\/\/api.w.org\/{rel}","templated":true}]}}