{"id":5171,"date":"2010-11-04T22:04:26","date_gmt":"2010-11-05T00:04:26","guid":{"rendered":"http:\/\/www.ecclesia.com.br\/news\/?p=5171"},"modified":"2020-09-23T14:23:02","modified_gmt":"2020-09-23T17:23:02","slug":"os-cristaos-do-iraque-estao-de-luto-e-com-eles-toda-a-igreja","status":"publish","type":"post","link":"https:\/\/news.ecclesia.org.br\/?p=5171","title":{"rendered":"\u00abOs crist\u00e3os do Iraque est\u00e3o de luto e com eles toda a Igreja\u00bb"},"content":{"rendered":"<p class=\"MsoNormal\" style=\"text-align: justify;\"><img fetchpriority=\"high\" decoding=\"async\" class=\"alignleft wp-image-16382 size-medium\" src=\"https:\/\/news.ecclesia.org.br\/2013\/wp-content\/uploads\/2010\/11\/bagdad_article-300x205.jpg\" alt=\"bagdad_article\" width=\"300\" height=\"205\" srcset=\"https:\/\/news.ecclesia.org.br\/wp-content\/uploads\/2010\/11\/bagdad_article-300x205.jpg 300w, https:\/\/news.ecclesia.org.br\/wp-content\/uploads\/2010\/11\/bagdad_article-600x410.jpg 600w, https:\/\/news.ecclesia.org.br\/wp-content\/uploads\/2010\/11\/bagdad_article-81x55.jpg 81w, https:\/\/news.ecclesia.org.br\/wp-content\/uploads\/2010\/11\/bagdad_article-60x40.jpg 60w, https:\/\/news.ecclesia.org.br\/wp-content\/uploads\/2010\/11\/bagdad_article.jpg 640w\" sizes=\"(max-width: 300px) 100vw, 300px\" \/>Ap\u00f3s o massacre ocorrido no Iraque em uma igreja em pleno\u00a0centro de Bagd\u00e1, a Assembl\u00e9ia de Bispos Ortodoxos da Fran\u00e7a emitiu ontem um <a href=\"http:\/\/ecclesia.com.br\/news2011\/wp-content\/uploads\/2010\/11\/aeof_irak.pdf\" target=\"_blank\" rel=\"noopener noreferrer\">comunicado<\/a> \u00e0 imprensa no qual os bispos \u00abcondenam com a maior indigna\u00e7\u00e3o a sangrenta tomada de ref\u00e9ns e assassinatos ocorridos na catedral cat\u00f3lica s\u00edria, Al Sayidat-Al-Najat, em Bagd\u00e1, no \u00faltimo dia 1\u00ba de novembro, exatamente quando estava acontecendo a celebra\u00e7\u00e3o de um of\u00edcio religioso em seu interior\u00bb.<\/p>\n<p class=\"MsoNormal\" style=\"text-align: justify;\">[&#8230;] Um grupo de insurgentes da Al-Qaeda invadiu a catedral sir\u00edaca cat\u00f3lica matando dois padres e 35 fi\u00e9is. O atque deixou ainda ainda 56 civis feridos, al\u00e9m de sete policiais e cinco insurgentes que morreram em uma troca de tiros posterior.\u00a0Este foi um dos mais sangrentos ataques contra crist\u00e3os no Iraque.<\/p>\n<p class=\"MsoNormal\" style=\"text-align: justify;\">A a\u00e7\u00e3o foi reivindicada por um grupo ligado \u00e0 Al-Qaeda, o Estado Isl\u00e2mico do Iraque, que tamb\u00e9m deu um ultimato de 48 horas \u00e0 igreja copta do Egito para libertar os mu\u00e7ulmanos \u00abdetidos em mosteiros\u00bb deste pa\u00eds, segundo o Centro Americano de Vigil\u00e2ncia de Sites Islamitas (SITE).<\/p>\n<p class=\"MsoNormal\" style=\"text-align: justify;\">\u00abTrinta e sete ref\u00e9ns morreram, incluindo cinco mulheres e sete crian\u00e7as, e 56 ficaram feridos, incluindo 10 mulheres e oito crian\u00e7as, no ataque da noite de domingo na igreja em Bagd\u00e1\u00bb, afirmou uma fonte do minist\u00e9rio do Interior que pediu anonimato. A invas\u00e3o tamb\u00e9m terminou com sete membros das for\u00e7as de seguran\u00e7a mortos e 15 feridos.<\/p>\n<p class=\"MsoNormal\" style=\"text-align: justify;\">A fonte informou ainda que cinco terroristas morreram e oito suspeitos foram detidos. Mais de 100 pessoas estavam no templo de Saiydat al Najat (Nossa Senhora do Perp\u00e9tuo Socorro) no momento do ataque. Segundo o bispo caldeu de Bagd\u00e1, Shlimun Wardumi, dois padres da Catedral Sayidat al Najat, localizada no bairro de Karrada, morreram e um terceiro foi ferido a tiros.<\/p>\n<p class=\"MsoNormal\" style=\"text-align: right;\">Fonte: <a href=\"http:\/\/www.orthodoxie.com\/\" target=\"_blank\" rel=\"noopener noreferrer\">Orthodoxie.com<\/a><\/p>\n","protected":false},"excerpt":{"rendered":"<p>Ap\u00f3s o massacre ocorrido no Iraque em uma igreja em pleno\u00a0centro de Bagd\u00e1, a Assembl\u00e9ia de Bispos Ortodoxos da Fran\u00e7a emitiu ontem um comunicado \u00e0 imprensa no qual os bispos \u00abcondenam com a maior indigna\u00e7\u00e3o a sangrenta tomada de ref\u00e9ns&#8230;<\/p>\n","protected":false},"author":1,"featured_media":0,"comment_status":"open","ping_status":"open","sticky":false,"template":"","format":"standard","meta":{"_acf_changed":false,"footnotes":""},"categories":[1],"tags":[],"class_list":["post-5171","post","type-post","status-publish","format-standard","hentry","category-news","entry","rows-excerpt"],"acf":[],"yoast_head":"<!-- This site is optimized with the Yoast SEO plugin v27.5 - https:\/\/yoast.com\/product\/yoast-seo-wordpress\/ -->\n<title>\u00abOs crist\u00e3os do Iraque est\u00e3o de luto e com eles toda a Igreja\u00bb | ECCLESIA NEWS<\/title>\n<meta name=\"robots\" content=\"index, follow, max-snippet:-1, max-image-preview:large, max-video-preview:-1\" \/>\n<link rel=\"canonical\" href=\"https:\/\/news.ecclesia.org.br\/?p=5171\" \/>\n<meta property=\"og:locale\" content=\"pt_BR\" \/>\n<meta property=\"og:type\" content=\"article\" \/>\n<meta property=\"og:title\" content=\"\u00abOs crist\u00e3os do Iraque est\u00e3o de luto e com eles toda a Igreja\u00bb | ECCLESIA NEWS\" \/>\n<meta property=\"og:description\" content=\"Ap\u00f3s o massacre ocorrido no Iraque em uma igreja em pleno\u00a0centro de Bagd\u00e1, a Assembl\u00e9ia de Bispos Ortodoxos da Fran\u00e7a emitiu ontem um comunicado \u00e0 imprensa no qual os bispos \u00abcondenam com a maior indigna\u00e7\u00e3o a sangrenta tomada de ref\u00e9ns&#8230;\" \/>\n<meta property=\"og:url\" content=\"https:\/\/news.ecclesia.org.br\/?p=5171\" \/>\n<meta property=\"og:site_name\" content=\"ECCLESIA NEWS\" \/>\n<meta property=\"article:publisher\" content=\"https:\/\/www.facebook.com\/Ecclesia2025\" \/>\n<meta property=\"article:published_time\" content=\"2010-11-05T00:04:26+00:00\" \/>\n<meta property=\"article:modified_time\" content=\"2020-09-23T17:23:02+00:00\" \/>\n<meta property=\"og:image\" content=\"https:\/\/news.ecclesia.org.br\/2013\/wp-content\/uploads\/2010\/11\/bagdad_article-300x205.jpg\" \/>\n<meta name=\"author\" content=\"Pe. Andr\u00e9\" \/>\n<meta name=\"twitter:card\" content=\"summary_large_image\" \/>\n<meta name=\"twitter:creator\" content=\"@EcclesiaNews\" \/>\n<meta name=\"twitter:site\" content=\"@EcclesiaNews\" \/>\n<meta name=\"twitter:label1\" content=\"Escrito por\" \/>\n\t<meta name=\"twitter:data1\" content=\"Pe. Andr\u00e9\" \/>\n\t<meta name=\"twitter:label2\" content=\"Est. tempo de leitura\" \/>\n\t<meta name=\"twitter:data2\" content=\"2 minutos\" \/>\n<script type=\"application\/ld+json\" class=\"yoast-schema-graph\">{\"@context\":\"https:\\\/\\\/schema.org\",\"@graph\":[{\"@type\":\"Article\",\"@id\":\"https:\\\/\\\/news.ecclesia.org.br\\\/?p=5171#article\",\"isPartOf\":{\"@id\":\"https:\\\/\\\/news.ecclesia.org.br\\\/?p=5171\"},\"author\":{\"name\":\"Pe. Andr\u00e9\",\"@id\":\"https:\\\/\\\/news.ecclesia.org.br\\\/#\\\/schema\\\/person\\\/6f09597f025829745ba414a569f63758\"},\"headline\":\"\u00abOs crist\u00e3os do Iraque est\u00e3o de luto e com eles toda a Igreja\u00bb\",\"datePublished\":\"2010-11-05T00:04:26+00:00\",\"dateModified\":\"2020-09-23T17:23:02+00:00\",\"mainEntityOfPage\":{\"@id\":\"https:\\\/\\\/news.ecclesia.org.br\\\/?p=5171\"},\"wordCount\":322,\"commentCount\":0,\"publisher\":{\"@id\":\"https:\\\/\\\/news.ecclesia.org.br\\\/#organization\"},\"image\":{\"@id\":\"https:\\\/\\\/news.ecclesia.org.br\\\/?p=5171#primaryimage\"},\"thumbnailUrl\":\"https:\\\/\\\/news.ecclesia.org.br\\\/2013\\\/wp-content\\\/uploads\\\/2010\\\/11\\\/bagdad_article-300x205.jpg\",\"articleSection\":[\"NEWS\"],\"inLanguage\":\"pt-BR\",\"potentialAction\":[{\"@type\":\"CommentAction\",\"name\":\"Comment\",\"target\":[\"https:\\\/\\\/news.ecclesia.org.br\\\/?p=5171#respond\"]}]},{\"@type\":\"WebPage\",\"@id\":\"https:\\\/\\\/news.ecclesia.org.br\\\/?p=5171\",\"url\":\"https:\\\/\\\/news.ecclesia.org.br\\\/?p=5171\",\"name\":\"\u00abOs crist\u00e3os do Iraque est\u00e3o de luto e com eles toda a Igreja\u00bb | ECCLESIA NEWS\",\"isPartOf\":{\"@id\":\"https:\\\/\\\/news.ecclesia.org.br\\\/#website\"},\"primaryImageOfPage\":{\"@id\":\"https:\\\/\\\/news.ecclesia.org.br\\\/?p=5171#primaryimage\"},\"image\":{\"@id\":\"https:\\\/\\\/news.ecclesia.org.br\\\/?p=5171#primaryimage\"},\"thumbnailUrl\":\"https:\\\/\\\/news.ecclesia.org.br\\\/2013\\\/wp-content\\\/uploads\\\/2010\\\/11\\\/bagdad_article-300x205.jpg\",\"datePublished\":\"2010-11-05T00:04:26+00:00\",\"dateModified\":\"2020-09-23T17:23:02+00:00\",\"breadcrumb\":{\"@id\":\"https:\\\/\\\/news.ecclesia.org.br\\\/?p=5171#breadcrumb\"},\"inLanguage\":\"pt-BR\",\"potentialAction\":[{\"@type\":\"ReadAction\",\"target\":[\"https:\\\/\\\/news.ecclesia.org.br\\\/?p=5171\"]}]},{\"@type\":\"ImageObject\",\"inLanguage\":\"pt-BR\",\"@id\":\"https:\\\/\\\/news.ecclesia.org.br\\\/?p=5171#primaryimage\",\"url\":\"https:\\\/\\\/news.ecclesia.org.br\\\/2013\\\/wp-content\\\/uploads\\\/2010\\\/11\\\/bagdad_article-300x205.jpg\",\"contentUrl\":\"https:\\\/\\\/news.ecclesia.org.br\\\/2013\\\/wp-content\\\/uploads\\\/2010\\\/11\\\/bagdad_article-300x205.jpg\"},{\"@type\":\"BreadcrumbList\",\"@id\":\"https:\\\/\\\/news.ecclesia.org.br\\\/?p=5171#breadcrumb\",\"itemListElement\":[{\"@type\":\"ListItem\",\"position\":1,\"name\":\"In\u00edcio\",\"item\":\"https:\\\/\\\/news.ecclesia.org.br\\\/\"},{\"@type\":\"ListItem\",\"position\":2,\"name\":\"\u00abOs crist\u00e3os do Iraque est\u00e3o de luto e com eles toda a Igreja\u00bb\"}]},{\"@type\":\"WebSite\",\"@id\":\"https:\\\/\\\/news.ecclesia.org.br\\\/#website\",\"url\":\"https:\\\/\\\/news.ecclesia.org.br\\\/\",\"name\":\"Ecclesia Brasil\",\"description\":\"Desde 2003 onectando o Brasil ao mundo ortodoxo!\",\"publisher\":{\"@id\":\"https:\\\/\\\/news.ecclesia.org.br\\\/#organization\"},\"alternateName\":\"Ecclesia\",\"potentialAction\":[{\"@type\":\"SearchAction\",\"target\":{\"@type\":\"EntryPoint\",\"urlTemplate\":\"https:\\\/\\\/news.ecclesia.org.br\\\/?s={search_term_string}\"},\"query-input\":{\"@type\":\"PropertyValueSpecification\",\"valueRequired\":true,\"valueName\":\"search_term_string\"}}],\"inLanguage\":\"pt-BR\"},{\"@type\":\"Organization\",\"@id\":\"https:\\\/\\\/news.ecclesia.org.br\\\/#organization\",\"name\":\"Sacra Arquidiocese de Buenos Aires e Am\u00e9rica do Sul | Patriarcado Ecum\u00eanico\",\"alternateName\":\"News Ecclesia Brasil\",\"url\":\"https:\\\/\\\/news.ecclesia.org.br\\\/\",\"logo\":{\"@type\":\"ImageObject\",\"inLanguage\":\"pt-BR\",\"@id\":\"https:\\\/\\\/news.ecclesia.org.br\\\/#\\\/schema\\\/logo\\\/image\\\/\",\"url\":\"https:\\\/\\\/news.ecclesia.org.br\\\/wp-content\\\/uploads\\\/2025\\\/05\\\/ecclesia2.png\",\"contentUrl\":\"https:\\\/\\\/news.ecclesia.org.br\\\/wp-content\\\/uploads\\\/2025\\\/05\\\/ecclesia2.png\",\"width\":480,\"height\":120,\"caption\":\"Sacra Arquidiocese de Buenos Aires e Am\u00e9rica do Sul | Patriarcado Ecum\u00eanico\"},\"image\":{\"@id\":\"https:\\\/\\\/news.ecclesia.org.br\\\/#\\\/schema\\\/logo\\\/image\\\/\"},\"sameAs\":[\"https:\\\/\\\/www.facebook.com\\\/Ecclesia2025\",\"https:\\\/\\\/x.com\\\/EcclesiaNews\",\"https:\\\/\\\/br.pinterest.com\\\/ekklisia\\\/\",\"https:\\\/\\\/www.youtube.com\\\/@EcclesiaBrasil\"]},{\"@type\":\"Person\",\"@id\":\"https:\\\/\\\/news.ecclesia.org.br\\\/#\\\/schema\\\/person\\\/6f09597f025829745ba414a569f63758\",\"name\":\"Pe. Andr\u00e9\",\"image\":{\"@type\":\"ImageObject\",\"inLanguage\":\"pt-BR\",\"@id\":\"https:\\\/\\\/secure.gravatar.com\\\/avatar\\\/b4327cfa27e9799da239a26adcd534fc29cdc0c4a4a148eecbcfeb9b42c617ac?s=96&d=mm&r=g\",\"url\":\"https:\\\/\\\/secure.gravatar.com\\\/avatar\\\/b4327cfa27e9799da239a26adcd534fc29cdc0c4a4a148eecbcfeb9b42c617ac?s=96&d=mm&r=g\",\"contentUrl\":\"https:\\\/\\\/secure.gravatar.com\\\/avatar\\\/b4327cfa27e9799da239a26adcd534fc29cdc0c4a4a148eecbcfeb9b42c617ac?s=96&d=mm&r=g\",\"caption\":\"Pe. Andr\u00e9\"},\"sameAs\":[\"https:\\\/\\\/www.ecclesia.org.br\"]}]}<\/script>\n<!-- \/ Yoast SEO plugin. -->","yoast_head_json":{"title":"\u00abOs crist\u00e3os do Iraque est\u00e3o de luto e com eles toda a Igreja\u00bb | ECCLESIA NEWS","robots":{"index":"index","follow":"follow","max-snippet":"max-snippet:-1","max-image-preview":"max-image-preview:large","max-video-preview":"max-video-preview:-1"},"canonical":"https:\/\/news.ecclesia.org.br\/?p=5171","og_locale":"pt_BR","og_type":"article","og_title":"\u00abOs crist\u00e3os do Iraque est\u00e3o de luto e com eles toda a Igreja\u00bb | ECCLESIA NEWS","og_description":"Ap\u00f3s o massacre ocorrido no Iraque em uma igreja em pleno\u00a0centro de Bagd\u00e1, a Assembl\u00e9ia de Bispos Ortodoxos da Fran\u00e7a emitiu ontem um comunicado \u00e0 imprensa no qual os bispos \u00abcondenam com a maior indigna\u00e7\u00e3o a sangrenta tomada de ref\u00e9ns&#8230;","og_url":"https:\/\/news.ecclesia.org.br\/?p=5171","og_site_name":"ECCLESIA NEWS","article_publisher":"https:\/\/www.facebook.com\/Ecclesia2025","article_published_time":"2010-11-05T00:04:26+00:00","article_modified_time":"2020-09-23T17:23:02+00:00","og_image":[{"url":"https:\/\/news.ecclesia.org.br\/2013\/wp-content\/uploads\/2010\/11\/bagdad_article-300x205.jpg","type":"","width":"","height":""}],"author":"Pe. Andr\u00e9","twitter_card":"summary_large_image","twitter_creator":"@EcclesiaNews","twitter_site":"@EcclesiaNews","twitter_misc":{"Escrito por":"Pe. Andr\u00e9","Est. tempo de leitura":"2 minutos"},"schema":{"@context":"https:\/\/schema.org","@graph":[{"@type":"Article","@id":"https:\/\/news.ecclesia.org.br\/?p=5171#article","isPartOf":{"@id":"https:\/\/news.ecclesia.org.br\/?p=5171"},"author":{"name":"Pe. Andr\u00e9","@id":"https:\/\/news.ecclesia.org.br\/#\/schema\/person\/6f09597f025829745ba414a569f63758"},"headline":"\u00abOs crist\u00e3os do Iraque est\u00e3o de luto e com eles toda a Igreja\u00bb","datePublished":"2010-11-05T00:04:26+00:00","dateModified":"2020-09-23T17:23:02+00:00","mainEntityOfPage":{"@id":"https:\/\/news.ecclesia.org.br\/?p=5171"},"wordCount":322,"commentCount":0,"publisher":{"@id":"https:\/\/news.ecclesia.org.br\/#organization"},"image":{"@id":"https:\/\/news.ecclesia.org.br\/?p=5171#primaryimage"},"thumbnailUrl":"https:\/\/news.ecclesia.org.br\/2013\/wp-content\/uploads\/2010\/11\/bagdad_article-300x205.jpg","articleSection":["NEWS"],"inLanguage":"pt-BR","potentialAction":[{"@type":"CommentAction","name":"Comment","target":["https:\/\/news.ecclesia.org.br\/?p=5171#respond"]}]},{"@type":"WebPage","@id":"https:\/\/news.ecclesia.org.br\/?p=5171","url":"https:\/\/news.ecclesia.org.br\/?p=5171","name":"\u00abOs crist\u00e3os do Iraque est\u00e3o de luto e com eles toda a Igreja\u00bb | ECCLESIA NEWS","isPartOf":{"@id":"https:\/\/news.ecclesia.org.br\/#website"},"primaryImageOfPage":{"@id":"https:\/\/news.ecclesia.org.br\/?p=5171#primaryimage"},"image":{"@id":"https:\/\/news.ecclesia.org.br\/?p=5171#primaryimage"},"thumbnailUrl":"https:\/\/news.ecclesia.org.br\/2013\/wp-content\/uploads\/2010\/11\/bagdad_article-300x205.jpg","datePublished":"2010-11-05T00:04:26+00:00","dateModified":"2020-09-23T17:23:02+00:00","breadcrumb":{"@id":"https:\/\/news.ecclesia.org.br\/?p=5171#breadcrumb"},"inLanguage":"pt-BR","potentialAction":[{"@type":"ReadAction","target":["https:\/\/news.ecclesia.org.br\/?p=5171"]}]},{"@type":"ImageObject","inLanguage":"pt-BR","@id":"https:\/\/news.ecclesia.org.br\/?p=5171#primaryimage","url":"https:\/\/news.ecclesia.org.br\/2013\/wp-content\/uploads\/2010\/11\/bagdad_article-300x205.jpg","contentUrl":"https:\/\/news.ecclesia.org.br\/2013\/wp-content\/uploads\/2010\/11\/bagdad_article-300x205.jpg"},{"@type":"BreadcrumbList","@id":"https:\/\/news.ecclesia.org.br\/?p=5171#breadcrumb","itemListElement":[{"@type":"ListItem","position":1,"name":"In\u00edcio","item":"https:\/\/news.ecclesia.org.br\/"},{"@type":"ListItem","position":2,"name":"\u00abOs crist\u00e3os do Iraque est\u00e3o de luto e com eles toda a Igreja\u00bb"}]},{"@type":"WebSite","@id":"https:\/\/news.ecclesia.org.br\/#website","url":"https:\/\/news.ecclesia.org.br\/","name":"Ecclesia Brasil","description":"Desde 2003 onectando o Brasil ao mundo ortodoxo!","publisher":{"@id":"https:\/\/news.ecclesia.org.br\/#organization"},"alternateName":"Ecclesia","potentialAction":[{"@type":"SearchAction","target":{"@type":"EntryPoint","urlTemplate":"https:\/\/news.ecclesia.org.br\/?s={search_term_string}"},"query-input":{"@type":"PropertyValueSpecification","valueRequired":true,"valueName":"search_term_string"}}],"inLanguage":"pt-BR"},{"@type":"Organization","@id":"https:\/\/news.ecclesia.org.br\/#organization","name":"Sacra Arquidiocese de Buenos Aires e Am\u00e9rica do Sul | Patriarcado Ecum\u00eanico","alternateName":"News Ecclesia Brasil","url":"https:\/\/news.ecclesia.org.br\/","logo":{"@type":"ImageObject","inLanguage":"pt-BR","@id":"https:\/\/news.ecclesia.org.br\/#\/schema\/logo\/image\/","url":"https:\/\/news.ecclesia.org.br\/wp-content\/uploads\/2025\/05\/ecclesia2.png","contentUrl":"https:\/\/news.ecclesia.org.br\/wp-content\/uploads\/2025\/05\/ecclesia2.png","width":480,"height":120,"caption":"Sacra Arquidiocese de Buenos Aires e Am\u00e9rica do Sul | Patriarcado Ecum\u00eanico"},"image":{"@id":"https:\/\/news.ecclesia.org.br\/#\/schema\/logo\/image\/"},"sameAs":["https:\/\/www.facebook.com\/Ecclesia2025","https:\/\/x.com\/EcclesiaNews","https:\/\/br.pinterest.com\/ekklisia\/","https:\/\/www.youtube.com\/@EcclesiaBrasil"]},{"@type":"Person","@id":"https:\/\/news.ecclesia.org.br\/#\/schema\/person\/6f09597f025829745ba414a569f63758","name":"Pe. Andr\u00e9","image":{"@type":"ImageObject","inLanguage":"pt-BR","@id":"https:\/\/secure.gravatar.com\/avatar\/b4327cfa27e9799da239a26adcd534fc29cdc0c4a4a148eecbcfeb9b42c617ac?s=96&d=mm&r=g","url":"https:\/\/secure.gravatar.com\/avatar\/b4327cfa27e9799da239a26adcd534fc29cdc0c4a4a148eecbcfeb9b42c617ac?s=96&d=mm&r=g","contentUrl":"https:\/\/secure.gravatar.com\/avatar\/b4327cfa27e9799da239a26adcd534fc29cdc0c4a4a148eecbcfeb9b42c617ac?s=96&d=mm&r=g","caption":"Pe. Andr\u00e9"},"sameAs":["https:\/\/www.ecclesia.org.br"]}]}},"_links":{"self":[{"href":"https:\/\/news.ecclesia.org.br\/index.php?rest_route=\/wp\/v2\/posts\/5171","targetHints":{"allow":["GET"]}}],"collection":[{"href":"https:\/\/news.ecclesia.org.br\/index.php?rest_route=\/wp\/v2\/posts"}],"about":[{"href":"https:\/\/news.ecclesia.org.br\/index.php?rest_route=\/wp\/v2\/types\/post"}],"author":[{"embeddable":true,"href":"https:\/\/news.ecclesia.org.br\/index.php?rest_route=\/wp\/v2\/users\/1"}],"replies":[{"embeddable":true,"href":"https:\/\/news.ecclesia.org.br\/index.php?rest_route=%2Fwp%2Fv2%2Fcomments&post=5171"}],"version-history":[{"count":1,"href":"https:\/\/news.ecclesia.org.br\/index.php?rest_route=\/wp\/v2\/posts\/5171\/revisions"}],"predecessor-version":[{"id":34029,"href":"https:\/\/news.ecclesia.org.br\/index.php?rest_route=\/wp\/v2\/posts\/5171\/revisions\/34029"}],"wp:attachment":[{"href":"https:\/\/news.ecclesia.org.br\/index.php?rest_route=%2Fwp%2Fv2%2Fmedia&parent=5171"}],"wp:term":[{"taxonomy":"category","embeddable":true,"href":"https:\/\/news.ecclesia.org.br\/index.php?rest_route=%2Fwp%2Fv2%2Fcategories&post=5171"},{"taxonomy":"post_tag","embeddable":true,"href":"https:\/\/news.ecclesia.org.br\/index.php?rest_route=%2Fwp%2Fv2%2Ftags&post=5171"}],"curies":[{"name":"wp","href":"https:\/\/api.w.org\/{rel}","templated":true}]}}