{"id":5164,"date":"2010-11-04T12:02:44","date_gmt":"2010-11-04T14:02:44","guid":{"rendered":"http:\/\/www.ecclesia.com.br\/news\/?p=5164"},"modified":"2016-03-18T04:53:48","modified_gmt":"2016-03-18T04:53:48","slug":"policia-grega-detona-bomba-enderecada-a-embaixada-da-franca","status":"publish","type":"post","link":"https:\/\/news.ecclesia.org.br\/?p=5164","title":{"rendered":"Pol\u00edcia grega detona bomba endere\u00e7ada \u00e0 embaixada da Fran\u00e7a"},"content":{"rendered":"<p style=\"text-align: justify;\"><strong>Pa\u00eds investiga onda de envio de pacotes com explosivos pelo correio; embaixadas s\u00e3o principais alvos<\/strong><\/p>\n<p style=\"text-align: justify;\"><img fetchpriority=\"high\" decoding=\"async\" class=\"alignleft size-full wp-image-6146\" src=\"https:\/\/news.ecclesia.org.br\/2013\/wp-content\/uploads\/2010\/11\/grecia-bomba.jpg\" alt=\"grecia-bomba\" width=\"320\" height=\"240\" srcset=\"https:\/\/news.ecclesia.org.br\/wp-content\/uploads\/2010\/11\/grecia-bomba.jpg 320w, https:\/\/news.ecclesia.org.br\/wp-content\/uploads\/2010\/11\/grecia-bomba-300x225.jpg 300w, https:\/\/news.ecclesia.org.br\/wp-content\/uploads\/2010\/11\/grecia-bomba-73x55.jpg 73w\" sizes=\"(max-width: 320px) 100vw, 320px\" \/>A pol\u00edcia grega detonou nesta quinta-feira um pacote-bomba endere\u00e7ado \u00e0 Embaixada da Fran\u00e7a em Atenas. A explos\u00e3o controlada foi realizada do lado de fora de uma empresa de entrega de remessas. Uma fonte da pol\u00edcia confirmou que o pacote continha uma bomba, escondida em um livro grande.\u00a0Autoridades da seguran\u00e7a grega informaram ter encontrado outros pacotes suspeitos na empresa, localizada num sub\u00farbio da capital grega. &#8220;Detectamos pacotes suspeitos no sub\u00farbio ateniense de Markopoulo. Estamos averiguando&#8221;, disse um porta-voz da pol\u00edcia, sem especificar quantos eram os objetos suspeitos.<\/p>\n<p style=\"text-align: justify;\">Na quarta-feira a Gr\u00e9cia suspendeu por 48 horas a remessa de correspond\u00eancias e pacotes pelo correio, numa tentativa de deter o envio de bombas por militantes, depois que mais de uma dezena foi endere\u00e7ada a embaixadas e governos estrangeiros.\u00a0Pequenas bombas explodiram na ter\u00e7a-feira nas embaixadas da R\u00fassia e da Su\u00ed\u00e7a em Atenas, um pacote com explosivos foi interceptado no gabinete da primeira-ministra alem\u00e3, Angela Merkel, e um outro que era endere\u00e7ado ao primeiro-ministro italiano, Silvio Berlusconi, pegou fogo quando era verificado. O governo da Gr\u00e9cia diz que as investiga\u00e7\u00f5es apontam at\u00e9 o momento para grupos gregos de extrema esquerda e anarquistas.<\/p>\n<p style=\"text-align: justify;\"><strong>Explosivos<\/strong><\/p>\n<p style=\"text-align: justify;\">As tentativas de atentado na Gr\u00e9cia acontecem depois da intercepta\u00e7\u00e3o, na sexta-feira, de dois pacotes suspeitos por autoridades da Gr\u00e3-Bretanha e de Dubai.\u00a0Os pacotes, que continham explosivos, partiram do Iem\u00ean em dire\u00e7\u00e3o aos Estados Unidos. De acordo com a imprensa americana, o principal suspeito \u00e9 Ibrahim Hassan al-Asiri, um cidad\u00e3o da Ar\u00e1bia Saudita que seria um dos l\u00edderes da Al-Qaeda na Pen\u00ednsula Ar\u00e1bica.<\/p>\n<p style=\"text-align: justify;\">De acordo com o presidente americano, Barack Obama, os dois dispositivos estavam direcionados a organiza\u00e7\u00f5es judaicas na \u00e1rea da cidade americana de Chicago. Ele n\u00e3o especificou quais seriam as institui\u00e7\u00f5es.\u00a0Obama afirmou que as autoridades descobriram uma &#8220;amea\u00e7a terrorista real&#8221; contra os EUA. &#8220;Os eventos das \u00faltimas 24 horas mostram a necessidade de permanecer em vigil\u00e2ncia&#8221;, disse.<\/p>\n<p style=\"text-align: right;\">Fonte: <a href=\"http:\/\/www.pop.com.br\" target=\"_blank\">PopNews<\/a> | Com AP, AFP, BBC e Reuters<\/p>\n<p style=\"text-align: justify;\">\n","protected":false},"excerpt":{"rendered":"<p>Pa\u00eds investiga onda de envio de pacotes com explosivos pelo correio; embaixadas s\u00e3o principais alvos A pol\u00edcia grega detonou nesta quinta-feira um pacote-bomba endere\u00e7ado \u00e0 Embaixada da Fran\u00e7a em Atenas. A explos\u00e3o controlada foi realizada do lado de fora de&#8230;<\/p>\n","protected":false},"author":1,"featured_media":6146,"comment_status":"open","ping_status":"open","sticky":false,"template":"","format":"standard","meta":{"_acf_changed":false,"footnotes":""},"categories":[1],"tags":[],"class_list":["post-5164","post","type-post","status-publish","format-standard","has-post-thumbnail","hentry","category-news","entry","rows-excerpt"],"acf":[],"yoast_head":"<!-- This site is optimized with the Yoast SEO plugin v27.5 - https:\/\/yoast.com\/product\/yoast-seo-wordpress\/ -->\n<title>Pol\u00edcia grega detona bomba endere\u00e7ada \u00e0 embaixada da Fran\u00e7a | ECCLESIA NEWS<\/title>\n<meta name=\"robots\" content=\"index, follow, max-snippet:-1, max-image-preview:large, max-video-preview:-1\" \/>\n<link rel=\"canonical\" href=\"https:\/\/news.ecclesia.org.br\/?p=5164\" \/>\n<meta property=\"og:locale\" content=\"pt_BR\" \/>\n<meta property=\"og:type\" content=\"article\" \/>\n<meta property=\"og:title\" content=\"Pol\u00edcia grega detona bomba endere\u00e7ada \u00e0 embaixada da Fran\u00e7a | ECCLESIA NEWS\" \/>\n<meta property=\"og:description\" content=\"Pa\u00eds investiga onda de envio de pacotes com explosivos pelo correio; embaixadas s\u00e3o principais alvos A pol\u00edcia grega detonou nesta quinta-feira um pacote-bomba endere\u00e7ado \u00e0 Embaixada da Fran\u00e7a em Atenas. A explos\u00e3o controlada foi realizada do lado de fora de&#8230;\" \/>\n<meta property=\"og:url\" content=\"https:\/\/news.ecclesia.org.br\/?p=5164\" \/>\n<meta property=\"og:site_name\" content=\"ECCLESIA NEWS\" \/>\n<meta property=\"article:publisher\" content=\"https:\/\/www.facebook.com\/Ecclesia2025\" \/>\n<meta property=\"article:published_time\" content=\"2010-11-04T14:02:44+00:00\" \/>\n<meta property=\"article:modified_time\" content=\"2016-03-18T04:53:48+00:00\" \/>\n<meta property=\"og:image\" content=\"https:\/\/news.ecclesia.org.br\/wp-content\/uploads\/2010\/11\/grecia-bomba.jpg\" \/>\n\t<meta property=\"og:image:width\" content=\"320\" \/>\n\t<meta property=\"og:image:height\" content=\"240\" \/>\n\t<meta property=\"og:image:type\" content=\"image\/jpeg\" \/>\n<meta name=\"author\" content=\"Pe. Andr\u00e9\" \/>\n<meta name=\"twitter:card\" content=\"summary_large_image\" \/>\n<meta name=\"twitter:creator\" content=\"@EcclesiaNews\" \/>\n<meta name=\"twitter:site\" content=\"@EcclesiaNews\" \/>\n<meta name=\"twitter:label1\" content=\"Escrito por\" \/>\n\t<meta name=\"twitter:data1\" content=\"Pe. Andr\u00e9\" \/>\n\t<meta name=\"twitter:label2\" content=\"Est. tempo de leitura\" \/>\n\t<meta name=\"twitter:data2\" content=\"2 minutos\" \/>\n<script type=\"application\/ld+json\" class=\"yoast-schema-graph\">{\"@context\":\"https:\\\/\\\/schema.org\",\"@graph\":[{\"@type\":\"Article\",\"@id\":\"https:\\\/\\\/news.ecclesia.org.br\\\/?p=5164#article\",\"isPartOf\":{\"@id\":\"https:\\\/\\\/news.ecclesia.org.br\\\/?p=5164\"},\"author\":{\"name\":\"Pe. Andr\u00e9\",\"@id\":\"https:\\\/\\\/news.ecclesia.org.br\\\/#\\\/schema\\\/person\\\/6f09597f025829745ba414a569f63758\"},\"headline\":\"Pol\u00edcia grega detona bomba endere\u00e7ada \u00e0 embaixada da Fran\u00e7a\",\"datePublished\":\"2010-11-04T14:02:44+00:00\",\"dateModified\":\"2016-03-18T04:53:48+00:00\",\"mainEntityOfPage\":{\"@id\":\"https:\\\/\\\/news.ecclesia.org.br\\\/?p=5164\"},\"wordCount\":376,\"commentCount\":0,\"publisher\":{\"@id\":\"https:\\\/\\\/news.ecclesia.org.br\\\/#organization\"},\"image\":{\"@id\":\"https:\\\/\\\/news.ecclesia.org.br\\\/?p=5164#primaryimage\"},\"thumbnailUrl\":\"https:\\\/\\\/news.ecclesia.org.br\\\/wp-content\\\/uploads\\\/2010\\\/11\\\/grecia-bomba.jpg\",\"articleSection\":[\"NEWS\"],\"inLanguage\":\"pt-BR\",\"potentialAction\":[{\"@type\":\"CommentAction\",\"name\":\"Comment\",\"target\":[\"https:\\\/\\\/news.ecclesia.org.br\\\/?p=5164#respond\"]}]},{\"@type\":\"WebPage\",\"@id\":\"https:\\\/\\\/news.ecclesia.org.br\\\/?p=5164\",\"url\":\"https:\\\/\\\/news.ecclesia.org.br\\\/?p=5164\",\"name\":\"Pol\u00edcia grega detona bomba endere\u00e7ada \u00e0 embaixada da Fran\u00e7a | ECCLESIA NEWS\",\"isPartOf\":{\"@id\":\"https:\\\/\\\/news.ecclesia.org.br\\\/#website\"},\"primaryImageOfPage\":{\"@id\":\"https:\\\/\\\/news.ecclesia.org.br\\\/?p=5164#primaryimage\"},\"image\":{\"@id\":\"https:\\\/\\\/news.ecclesia.org.br\\\/?p=5164#primaryimage\"},\"thumbnailUrl\":\"https:\\\/\\\/news.ecclesia.org.br\\\/wp-content\\\/uploads\\\/2010\\\/11\\\/grecia-bomba.jpg\",\"datePublished\":\"2010-11-04T14:02:44+00:00\",\"dateModified\":\"2016-03-18T04:53:48+00:00\",\"breadcrumb\":{\"@id\":\"https:\\\/\\\/news.ecclesia.org.br\\\/?p=5164#breadcrumb\"},\"inLanguage\":\"pt-BR\",\"potentialAction\":[{\"@type\":\"ReadAction\",\"target\":[\"https:\\\/\\\/news.ecclesia.org.br\\\/?p=5164\"]}]},{\"@type\":\"ImageObject\",\"inLanguage\":\"pt-BR\",\"@id\":\"https:\\\/\\\/news.ecclesia.org.br\\\/?p=5164#primaryimage\",\"url\":\"https:\\\/\\\/news.ecclesia.org.br\\\/wp-content\\\/uploads\\\/2010\\\/11\\\/grecia-bomba.jpg\",\"contentUrl\":\"https:\\\/\\\/news.ecclesia.org.br\\\/wp-content\\\/uploads\\\/2010\\\/11\\\/grecia-bomba.jpg\",\"width\":320,\"height\":240},{\"@type\":\"BreadcrumbList\",\"@id\":\"https:\\\/\\\/news.ecclesia.org.br\\\/?p=5164#breadcrumb\",\"itemListElement\":[{\"@type\":\"ListItem\",\"position\":1,\"name\":\"In\u00edcio\",\"item\":\"https:\\\/\\\/news.ecclesia.org.br\\\/\"},{\"@type\":\"ListItem\",\"position\":2,\"name\":\"Pol\u00edcia grega detona bomba endere\u00e7ada \u00e0 embaixada da Fran\u00e7a\"}]},{\"@type\":\"WebSite\",\"@id\":\"https:\\\/\\\/news.ecclesia.org.br\\\/#website\",\"url\":\"https:\\\/\\\/news.ecclesia.org.br\\\/\",\"name\":\"Ecclesia Brasil\",\"description\":\"Desde 2003 onectando o Brasil ao mundo ortodoxo!\",\"publisher\":{\"@id\":\"https:\\\/\\\/news.ecclesia.org.br\\\/#organization\"},\"alternateName\":\"Ecclesia\",\"potentialAction\":[{\"@type\":\"SearchAction\",\"target\":{\"@type\":\"EntryPoint\",\"urlTemplate\":\"https:\\\/\\\/news.ecclesia.org.br\\\/?s={search_term_string}\"},\"query-input\":{\"@type\":\"PropertyValueSpecification\",\"valueRequired\":true,\"valueName\":\"search_term_string\"}}],\"inLanguage\":\"pt-BR\"},{\"@type\":\"Organization\",\"@id\":\"https:\\\/\\\/news.ecclesia.org.br\\\/#organization\",\"name\":\"Sacra Arquidiocese de Buenos Aires e Am\u00e9rica do Sul | Patriarcado Ecum\u00eanico\",\"alternateName\":\"News Ecclesia Brasil\",\"url\":\"https:\\\/\\\/news.ecclesia.org.br\\\/\",\"logo\":{\"@type\":\"ImageObject\",\"inLanguage\":\"pt-BR\",\"@id\":\"https:\\\/\\\/news.ecclesia.org.br\\\/#\\\/schema\\\/logo\\\/image\\\/\",\"url\":\"https:\\\/\\\/news.ecclesia.org.br\\\/wp-content\\\/uploads\\\/2025\\\/05\\\/ecclesia2.png\",\"contentUrl\":\"https:\\\/\\\/news.ecclesia.org.br\\\/wp-content\\\/uploads\\\/2025\\\/05\\\/ecclesia2.png\",\"width\":480,\"height\":120,\"caption\":\"Sacra Arquidiocese de Buenos Aires e Am\u00e9rica do Sul | Patriarcado Ecum\u00eanico\"},\"image\":{\"@id\":\"https:\\\/\\\/news.ecclesia.org.br\\\/#\\\/schema\\\/logo\\\/image\\\/\"},\"sameAs\":[\"https:\\\/\\\/www.facebook.com\\\/Ecclesia2025\",\"https:\\\/\\\/x.com\\\/EcclesiaNews\",\"https:\\\/\\\/br.pinterest.com\\\/ekklisia\\\/\",\"https:\\\/\\\/www.youtube.com\\\/@EcclesiaBrasil\"]},{\"@type\":\"Person\",\"@id\":\"https:\\\/\\\/news.ecclesia.org.br\\\/#\\\/schema\\\/person\\\/6f09597f025829745ba414a569f63758\",\"name\":\"Pe. Andr\u00e9\",\"image\":{\"@type\":\"ImageObject\",\"inLanguage\":\"pt-BR\",\"@id\":\"https:\\\/\\\/secure.gravatar.com\\\/avatar\\\/b4327cfa27e9799da239a26adcd534fc29cdc0c4a4a148eecbcfeb9b42c617ac?s=96&d=mm&r=g\",\"url\":\"https:\\\/\\\/secure.gravatar.com\\\/avatar\\\/b4327cfa27e9799da239a26adcd534fc29cdc0c4a4a148eecbcfeb9b42c617ac?s=96&d=mm&r=g\",\"contentUrl\":\"https:\\\/\\\/secure.gravatar.com\\\/avatar\\\/b4327cfa27e9799da239a26adcd534fc29cdc0c4a4a148eecbcfeb9b42c617ac?s=96&d=mm&r=g\",\"caption\":\"Pe. Andr\u00e9\"},\"sameAs\":[\"https:\\\/\\\/www.ecclesia.org.br\"]}]}<\/script>\n<!-- \/ Yoast SEO plugin. -->","yoast_head_json":{"title":"Pol\u00edcia grega detona bomba endere\u00e7ada \u00e0 embaixada da Fran\u00e7a | ECCLESIA NEWS","robots":{"index":"index","follow":"follow","max-snippet":"max-snippet:-1","max-image-preview":"max-image-preview:large","max-video-preview":"max-video-preview:-1"},"canonical":"https:\/\/news.ecclesia.org.br\/?p=5164","og_locale":"pt_BR","og_type":"article","og_title":"Pol\u00edcia grega detona bomba endere\u00e7ada \u00e0 embaixada da Fran\u00e7a | ECCLESIA NEWS","og_description":"Pa\u00eds investiga onda de envio de pacotes com explosivos pelo correio; embaixadas s\u00e3o principais alvos A pol\u00edcia grega detonou nesta quinta-feira um pacote-bomba endere\u00e7ado \u00e0 Embaixada da Fran\u00e7a em Atenas. A explos\u00e3o controlada foi realizada do lado de fora de&#8230;","og_url":"https:\/\/news.ecclesia.org.br\/?p=5164","og_site_name":"ECCLESIA NEWS","article_publisher":"https:\/\/www.facebook.com\/Ecclesia2025","article_published_time":"2010-11-04T14:02:44+00:00","article_modified_time":"2016-03-18T04:53:48+00:00","og_image":[{"width":320,"height":240,"url":"https:\/\/news.ecclesia.org.br\/wp-content\/uploads\/2010\/11\/grecia-bomba.jpg","type":"image\/jpeg"}],"author":"Pe. Andr\u00e9","twitter_card":"summary_large_image","twitter_creator":"@EcclesiaNews","twitter_site":"@EcclesiaNews","twitter_misc":{"Escrito por":"Pe. Andr\u00e9","Est. tempo de leitura":"2 minutos"},"schema":{"@context":"https:\/\/schema.org","@graph":[{"@type":"Article","@id":"https:\/\/news.ecclesia.org.br\/?p=5164#article","isPartOf":{"@id":"https:\/\/news.ecclesia.org.br\/?p=5164"},"author":{"name":"Pe. Andr\u00e9","@id":"https:\/\/news.ecclesia.org.br\/#\/schema\/person\/6f09597f025829745ba414a569f63758"},"headline":"Pol\u00edcia grega detona bomba endere\u00e7ada \u00e0 embaixada da Fran\u00e7a","datePublished":"2010-11-04T14:02:44+00:00","dateModified":"2016-03-18T04:53:48+00:00","mainEntityOfPage":{"@id":"https:\/\/news.ecclesia.org.br\/?p=5164"},"wordCount":376,"commentCount":0,"publisher":{"@id":"https:\/\/news.ecclesia.org.br\/#organization"},"image":{"@id":"https:\/\/news.ecclesia.org.br\/?p=5164#primaryimage"},"thumbnailUrl":"https:\/\/news.ecclesia.org.br\/wp-content\/uploads\/2010\/11\/grecia-bomba.jpg","articleSection":["NEWS"],"inLanguage":"pt-BR","potentialAction":[{"@type":"CommentAction","name":"Comment","target":["https:\/\/news.ecclesia.org.br\/?p=5164#respond"]}]},{"@type":"WebPage","@id":"https:\/\/news.ecclesia.org.br\/?p=5164","url":"https:\/\/news.ecclesia.org.br\/?p=5164","name":"Pol\u00edcia grega detona bomba endere\u00e7ada \u00e0 embaixada da Fran\u00e7a | ECCLESIA NEWS","isPartOf":{"@id":"https:\/\/news.ecclesia.org.br\/#website"},"primaryImageOfPage":{"@id":"https:\/\/news.ecclesia.org.br\/?p=5164#primaryimage"},"image":{"@id":"https:\/\/news.ecclesia.org.br\/?p=5164#primaryimage"},"thumbnailUrl":"https:\/\/news.ecclesia.org.br\/wp-content\/uploads\/2010\/11\/grecia-bomba.jpg","datePublished":"2010-11-04T14:02:44+00:00","dateModified":"2016-03-18T04:53:48+00:00","breadcrumb":{"@id":"https:\/\/news.ecclesia.org.br\/?p=5164#breadcrumb"},"inLanguage":"pt-BR","potentialAction":[{"@type":"ReadAction","target":["https:\/\/news.ecclesia.org.br\/?p=5164"]}]},{"@type":"ImageObject","inLanguage":"pt-BR","@id":"https:\/\/news.ecclesia.org.br\/?p=5164#primaryimage","url":"https:\/\/news.ecclesia.org.br\/wp-content\/uploads\/2010\/11\/grecia-bomba.jpg","contentUrl":"https:\/\/news.ecclesia.org.br\/wp-content\/uploads\/2010\/11\/grecia-bomba.jpg","width":320,"height":240},{"@type":"BreadcrumbList","@id":"https:\/\/news.ecclesia.org.br\/?p=5164#breadcrumb","itemListElement":[{"@type":"ListItem","position":1,"name":"In\u00edcio","item":"https:\/\/news.ecclesia.org.br\/"},{"@type":"ListItem","position":2,"name":"Pol\u00edcia grega detona bomba endere\u00e7ada \u00e0 embaixada da Fran\u00e7a"}]},{"@type":"WebSite","@id":"https:\/\/news.ecclesia.org.br\/#website","url":"https:\/\/news.ecclesia.org.br\/","name":"Ecclesia Brasil","description":"Desde 2003 onectando o Brasil ao mundo ortodoxo!","publisher":{"@id":"https:\/\/news.ecclesia.org.br\/#organization"},"alternateName":"Ecclesia","potentialAction":[{"@type":"SearchAction","target":{"@type":"EntryPoint","urlTemplate":"https:\/\/news.ecclesia.org.br\/?s={search_term_string}"},"query-input":{"@type":"PropertyValueSpecification","valueRequired":true,"valueName":"search_term_string"}}],"inLanguage":"pt-BR"},{"@type":"Organization","@id":"https:\/\/news.ecclesia.org.br\/#organization","name":"Sacra Arquidiocese de Buenos Aires e Am\u00e9rica do Sul | Patriarcado Ecum\u00eanico","alternateName":"News Ecclesia Brasil","url":"https:\/\/news.ecclesia.org.br\/","logo":{"@type":"ImageObject","inLanguage":"pt-BR","@id":"https:\/\/news.ecclesia.org.br\/#\/schema\/logo\/image\/","url":"https:\/\/news.ecclesia.org.br\/wp-content\/uploads\/2025\/05\/ecclesia2.png","contentUrl":"https:\/\/news.ecclesia.org.br\/wp-content\/uploads\/2025\/05\/ecclesia2.png","width":480,"height":120,"caption":"Sacra Arquidiocese de Buenos Aires e Am\u00e9rica do Sul | Patriarcado Ecum\u00eanico"},"image":{"@id":"https:\/\/news.ecclesia.org.br\/#\/schema\/logo\/image\/"},"sameAs":["https:\/\/www.facebook.com\/Ecclesia2025","https:\/\/x.com\/EcclesiaNews","https:\/\/br.pinterest.com\/ekklisia\/","https:\/\/www.youtube.com\/@EcclesiaBrasil"]},{"@type":"Person","@id":"https:\/\/news.ecclesia.org.br\/#\/schema\/person\/6f09597f025829745ba414a569f63758","name":"Pe. Andr\u00e9","image":{"@type":"ImageObject","inLanguage":"pt-BR","@id":"https:\/\/secure.gravatar.com\/avatar\/b4327cfa27e9799da239a26adcd534fc29cdc0c4a4a148eecbcfeb9b42c617ac?s=96&d=mm&r=g","url":"https:\/\/secure.gravatar.com\/avatar\/b4327cfa27e9799da239a26adcd534fc29cdc0c4a4a148eecbcfeb9b42c617ac?s=96&d=mm&r=g","contentUrl":"https:\/\/secure.gravatar.com\/avatar\/b4327cfa27e9799da239a26adcd534fc29cdc0c4a4a148eecbcfeb9b42c617ac?s=96&d=mm&r=g","caption":"Pe. Andr\u00e9"},"sameAs":["https:\/\/www.ecclesia.org.br"]}]}},"_links":{"self":[{"href":"https:\/\/news.ecclesia.org.br\/index.php?rest_route=\/wp\/v2\/posts\/5164","targetHints":{"allow":["GET"]}}],"collection":[{"href":"https:\/\/news.ecclesia.org.br\/index.php?rest_route=\/wp\/v2\/posts"}],"about":[{"href":"https:\/\/news.ecclesia.org.br\/index.php?rest_route=\/wp\/v2\/types\/post"}],"author":[{"embeddable":true,"href":"https:\/\/news.ecclesia.org.br\/index.php?rest_route=\/wp\/v2\/users\/1"}],"replies":[{"embeddable":true,"href":"https:\/\/news.ecclesia.org.br\/index.php?rest_route=%2Fwp%2Fv2%2Fcomments&post=5164"}],"version-history":[{"count":0,"href":"https:\/\/news.ecclesia.org.br\/index.php?rest_route=\/wp\/v2\/posts\/5164\/revisions"}],"wp:featuredmedia":[{"embeddable":true,"href":"https:\/\/news.ecclesia.org.br\/index.php?rest_route=\/wp\/v2\/media\/6146"}],"wp:attachment":[{"href":"https:\/\/news.ecclesia.org.br\/index.php?rest_route=%2Fwp%2Fv2%2Fmedia&parent=5164"}],"wp:term":[{"taxonomy":"category","embeddable":true,"href":"https:\/\/news.ecclesia.org.br\/index.php?rest_route=%2Fwp%2Fv2%2Fcategories&post=5164"},{"taxonomy":"post_tag","embeddable":true,"href":"https:\/\/news.ecclesia.org.br\/index.php?rest_route=%2Fwp%2Fv2%2Ftags&post=5164"}],"curies":[{"name":"wp","href":"https:\/\/api.w.org\/{rel}","templated":true}]}}