{"id":5155,"date":"2010-11-02T21:48:54","date_gmt":"2010-11-02T23:48:54","guid":{"rendered":"http:\/\/www.ecclesia.com.br\/news\/?p=5155"},"modified":"2016-03-18T04:54:35","modified_gmt":"2016-03-18T04:54:35","slug":"instituto-ortodoxo-sao-sergio-de-paris-organiza-simposio-paul-evdokimov-testemunhar-a-beleza-de-deus","status":"publish","type":"post","link":"https:\/\/news.ecclesia.org.br\/?p=5155","title":{"rendered":"Instituto Ortodoxo S\u00e3o S\u00e9rgio de Paris organiza simp\u00f3sio \u00abPaul Evdokimov: testemunhar a beleza de Deus\u00bb"},"content":{"rendered":"<p style=\"text-align: justify;\"><img fetchpriority=\"high\" decoding=\"async\" class=\"alignleft size-full wp-image-6148\" src=\"https:\/\/news.ecclesia.org.br\/2013\/wp-content\/uploads\/2010\/11\/paul-evdokimov.jpg\" alt=\"paul-evdokimov\" width=\"320\" height=\"240\" srcset=\"https:\/\/news.ecclesia.org.br\/wp-content\/uploads\/2010\/11\/paul-evdokimov.jpg 320w, https:\/\/news.ecclesia.org.br\/wp-content\/uploads\/2010\/11\/paul-evdokimov-300x225.jpg 300w, https:\/\/news.ecclesia.org.br\/wp-content\/uploads\/2010\/11\/paul-evdokimov-73x55.jpg 73w\" sizes=\"(max-width: 320px) 100vw, 320px\" \/>O Instituto Teol\u00f3gico Ortodoxo S\u00e3o S\u00e9rgio de Paris organiza nos dias 10 e 11 de dezembro uma confer\u00eancia internacional \u00a0com o tema \u00abPaul Evdokimov (1900-1970), testemunhar\u00a0 a beleza de Deus\u00bb na passagem do 40\u00ba anivers\u00e1rio de sua morte.<\/p>\n<p style=\"text-align: justify;\">Quarenta anos ap\u00f3s sua morte Paul Evdokimov continua sendo um dos te\u00f3logos ortodoxos mais c\u00e9lebres e mais lidos em todo o mundo.\u00a0Sua obra, na qual teologia e espiritualidade s\u00e3o insepar\u00e1veis, \u00e9 herdeira da filosofia religiosa russa e da s\u00edntese neo-patr\u00edstica, e aborda m\u00faltiplas \u00e1reas da teologia crist\u00e3 numa tentativa de di\u00e1logo com a sociedade p\u00f3s moderna, sublinhando a\u00a0misteriosa\u00a0presen\u00e7a \u00a0do Esp\u00edrito Santo que anuncia a chegada do \u00abTempo do Reino\u00bb.<\/p>\n<p style=\"text-align: justify;\">Uma organiza\u00e7\u00e3o conjunta com da Revista Francesa da ortodoxia Contatos e do Instituto S\u00e3o S\u00e9rgio de Paris, esta confer\u00eancia internacional procurar\u00e1 revisitar alguns dos principais trabalhos de um de seus disc\u00edpulos, o te\u00f3logo ortodoxo Olivier Clement, quem o chamou de \u00abtestemunho da beleza de Deus\u00bb. [Fonte: <a href=\"http:\/\/www.orthodoxie.com\/\" target=\"_blank\">Orthodoxie.com<\/a>]<\/p>\n","protected":false},"excerpt":{"rendered":"<p>O Instituto Teol\u00f3gico Ortodoxo S\u00e3o S\u00e9rgio de Paris organiza nos dias 10 e 11 de dezembro uma confer\u00eancia internacional \u00a0com o tema \u00abPaul Evdokimov (1900-1970), testemunhar\u00a0 a beleza de Deus\u00bb na passagem do 40\u00ba anivers\u00e1rio de sua morte. Quarenta anos&#8230;<\/p>\n","protected":false},"author":1,"featured_media":6148,"comment_status":"open","ping_status":"open","sticky":false,"template":"","format":"standard","meta":{"_acf_changed":false,"footnotes":""},"categories":[1],"tags":[],"class_list":["post-5155","post","type-post","status-publish","format-standard","has-post-thumbnail","hentry","category-news","entry","rows-excerpt"],"acf":[],"yoast_head":"<!-- This site is optimized with the Yoast SEO plugin v27.5 - https:\/\/yoast.com\/product\/yoast-seo-wordpress\/ -->\n<title>Instituto Ortodoxo S\u00e3o S\u00e9rgio de Paris organiza simp\u00f3sio \u00abPaul Evdokimov: testemunhar a beleza de Deus\u00bb | ECCLESIA NEWS<\/title>\n<meta name=\"robots\" content=\"index, follow, max-snippet:-1, max-image-preview:large, max-video-preview:-1\" \/>\n<link rel=\"canonical\" href=\"https:\/\/news.ecclesia.org.br\/?p=5155\" \/>\n<meta property=\"og:locale\" content=\"pt_BR\" \/>\n<meta property=\"og:type\" content=\"article\" \/>\n<meta property=\"og:title\" content=\"Instituto Ortodoxo S\u00e3o S\u00e9rgio de Paris organiza simp\u00f3sio \u00abPaul Evdokimov: testemunhar a beleza de Deus\u00bb | ECCLESIA NEWS\" \/>\n<meta property=\"og:description\" content=\"O Instituto Teol\u00f3gico Ortodoxo S\u00e3o S\u00e9rgio de Paris organiza nos dias 10 e 11 de dezembro uma confer\u00eancia internacional \u00a0com o tema \u00abPaul Evdokimov (1900-1970), testemunhar\u00a0 a beleza de Deus\u00bb na passagem do 40\u00ba anivers\u00e1rio de sua morte. Quarenta anos&#8230;\" \/>\n<meta property=\"og:url\" content=\"https:\/\/news.ecclesia.org.br\/?p=5155\" \/>\n<meta property=\"og:site_name\" content=\"ECCLESIA NEWS\" \/>\n<meta property=\"article:publisher\" content=\"https:\/\/www.facebook.com\/Ecclesia2025\" \/>\n<meta property=\"article:published_time\" content=\"2010-11-02T23:48:54+00:00\" \/>\n<meta property=\"article:modified_time\" content=\"2016-03-18T04:54:35+00:00\" \/>\n<meta property=\"og:image\" content=\"https:\/\/news.ecclesia.org.br\/wp-content\/uploads\/2010\/11\/paul-evdokimov.jpg\" \/>\n\t<meta property=\"og:image:width\" content=\"320\" \/>\n\t<meta property=\"og:image:height\" content=\"240\" \/>\n\t<meta property=\"og:image:type\" content=\"image\/jpeg\" \/>\n<meta name=\"author\" content=\"Pe. Andr\u00e9\" \/>\n<meta name=\"twitter:card\" content=\"summary_large_image\" \/>\n<meta name=\"twitter:creator\" content=\"@EcclesiaNews\" \/>\n<meta name=\"twitter:site\" content=\"@EcclesiaNews\" \/>\n<meta name=\"twitter:label1\" content=\"Escrito por\" \/>\n\t<meta name=\"twitter:data1\" content=\"Pe. Andr\u00e9\" \/>\n\t<meta name=\"twitter:label2\" content=\"Est. tempo de leitura\" \/>\n\t<meta name=\"twitter:data2\" content=\"1 minuto\" \/>\n<script type=\"application\/ld+json\" class=\"yoast-schema-graph\">{\"@context\":\"https:\\\/\\\/schema.org\",\"@graph\":[{\"@type\":\"Article\",\"@id\":\"https:\\\/\\\/news.ecclesia.org.br\\\/?p=5155#article\",\"isPartOf\":{\"@id\":\"https:\\\/\\\/news.ecclesia.org.br\\\/?p=5155\"},\"author\":{\"name\":\"Pe. Andr\u00e9\",\"@id\":\"https:\\\/\\\/news.ecclesia.org.br\\\/#\\\/schema\\\/person\\\/6f09597f025829745ba414a569f63758\"},\"headline\":\"Instituto Ortodoxo S\u00e3o S\u00e9rgio de Paris organiza simp\u00f3sio \u00abPaul Evdokimov: testemunhar a beleza de Deus\u00bb\",\"datePublished\":\"2010-11-02T23:48:54+00:00\",\"dateModified\":\"2016-03-18T04:54:35+00:00\",\"mainEntityOfPage\":{\"@id\":\"https:\\\/\\\/news.ecclesia.org.br\\\/?p=5155\"},\"wordCount\":195,\"commentCount\":0,\"publisher\":{\"@id\":\"https:\\\/\\\/news.ecclesia.org.br\\\/#organization\"},\"image\":{\"@id\":\"https:\\\/\\\/news.ecclesia.org.br\\\/?p=5155#primaryimage\"},\"thumbnailUrl\":\"https:\\\/\\\/news.ecclesia.org.br\\\/wp-content\\\/uploads\\\/2010\\\/11\\\/paul-evdokimov.jpg\",\"articleSection\":[\"NEWS\"],\"inLanguage\":\"pt-BR\",\"potentialAction\":[{\"@type\":\"CommentAction\",\"name\":\"Comment\",\"target\":[\"https:\\\/\\\/news.ecclesia.org.br\\\/?p=5155#respond\"]}]},{\"@type\":\"WebPage\",\"@id\":\"https:\\\/\\\/news.ecclesia.org.br\\\/?p=5155\",\"url\":\"https:\\\/\\\/news.ecclesia.org.br\\\/?p=5155\",\"name\":\"Instituto Ortodoxo S\u00e3o S\u00e9rgio de Paris organiza simp\u00f3sio \u00abPaul Evdokimov: testemunhar a beleza de Deus\u00bb | ECCLESIA NEWS\",\"isPartOf\":{\"@id\":\"https:\\\/\\\/news.ecclesia.org.br\\\/#website\"},\"primaryImageOfPage\":{\"@id\":\"https:\\\/\\\/news.ecclesia.org.br\\\/?p=5155#primaryimage\"},\"image\":{\"@id\":\"https:\\\/\\\/news.ecclesia.org.br\\\/?p=5155#primaryimage\"},\"thumbnailUrl\":\"https:\\\/\\\/news.ecclesia.org.br\\\/wp-content\\\/uploads\\\/2010\\\/11\\\/paul-evdokimov.jpg\",\"datePublished\":\"2010-11-02T23:48:54+00:00\",\"dateModified\":\"2016-03-18T04:54:35+00:00\",\"breadcrumb\":{\"@id\":\"https:\\\/\\\/news.ecclesia.org.br\\\/?p=5155#breadcrumb\"},\"inLanguage\":\"pt-BR\",\"potentialAction\":[{\"@type\":\"ReadAction\",\"target\":[\"https:\\\/\\\/news.ecclesia.org.br\\\/?p=5155\"]}]},{\"@type\":\"ImageObject\",\"inLanguage\":\"pt-BR\",\"@id\":\"https:\\\/\\\/news.ecclesia.org.br\\\/?p=5155#primaryimage\",\"url\":\"https:\\\/\\\/news.ecclesia.org.br\\\/wp-content\\\/uploads\\\/2010\\\/11\\\/paul-evdokimov.jpg\",\"contentUrl\":\"https:\\\/\\\/news.ecclesia.org.br\\\/wp-content\\\/uploads\\\/2010\\\/11\\\/paul-evdokimov.jpg\",\"width\":320,\"height\":240},{\"@type\":\"BreadcrumbList\",\"@id\":\"https:\\\/\\\/news.ecclesia.org.br\\\/?p=5155#breadcrumb\",\"itemListElement\":[{\"@type\":\"ListItem\",\"position\":1,\"name\":\"In\u00edcio\",\"item\":\"https:\\\/\\\/news.ecclesia.org.br\\\/\"},{\"@type\":\"ListItem\",\"position\":2,\"name\":\"Instituto Ortodoxo S\u00e3o S\u00e9rgio de Paris organiza simp\u00f3sio \u00abPaul Evdokimov: testemunhar a beleza de Deus\u00bb\"}]},{\"@type\":\"WebSite\",\"@id\":\"https:\\\/\\\/news.ecclesia.org.br\\\/#website\",\"url\":\"https:\\\/\\\/news.ecclesia.org.br\\\/\",\"name\":\"Ecclesia Brasil\",\"description\":\"Desde 2003 onectando o Brasil ao mundo ortodoxo!\",\"publisher\":{\"@id\":\"https:\\\/\\\/news.ecclesia.org.br\\\/#organization\"},\"alternateName\":\"Ecclesia\",\"potentialAction\":[{\"@type\":\"SearchAction\",\"target\":{\"@type\":\"EntryPoint\",\"urlTemplate\":\"https:\\\/\\\/news.ecclesia.org.br\\\/?s={search_term_string}\"},\"query-input\":{\"@type\":\"PropertyValueSpecification\",\"valueRequired\":true,\"valueName\":\"search_term_string\"}}],\"inLanguage\":\"pt-BR\"},{\"@type\":\"Organization\",\"@id\":\"https:\\\/\\\/news.ecclesia.org.br\\\/#organization\",\"name\":\"Sacra Arquidiocese de Buenos Aires e Am\u00e9rica do Sul | Patriarcado Ecum\u00eanico\",\"alternateName\":\"News Ecclesia Brasil\",\"url\":\"https:\\\/\\\/news.ecclesia.org.br\\\/\",\"logo\":{\"@type\":\"ImageObject\",\"inLanguage\":\"pt-BR\",\"@id\":\"https:\\\/\\\/news.ecclesia.org.br\\\/#\\\/schema\\\/logo\\\/image\\\/\",\"url\":\"https:\\\/\\\/news.ecclesia.org.br\\\/wp-content\\\/uploads\\\/2025\\\/05\\\/ecclesia2.png\",\"contentUrl\":\"https:\\\/\\\/news.ecclesia.org.br\\\/wp-content\\\/uploads\\\/2025\\\/05\\\/ecclesia2.png\",\"width\":480,\"height\":120,\"caption\":\"Sacra Arquidiocese de Buenos Aires e Am\u00e9rica do Sul | Patriarcado Ecum\u00eanico\"},\"image\":{\"@id\":\"https:\\\/\\\/news.ecclesia.org.br\\\/#\\\/schema\\\/logo\\\/image\\\/\"},\"sameAs\":[\"https:\\\/\\\/www.facebook.com\\\/Ecclesia2025\",\"https:\\\/\\\/x.com\\\/EcclesiaNews\",\"https:\\\/\\\/br.pinterest.com\\\/ekklisia\\\/\",\"https:\\\/\\\/www.youtube.com\\\/@EcclesiaBrasil\"]},{\"@type\":\"Person\",\"@id\":\"https:\\\/\\\/news.ecclesia.org.br\\\/#\\\/schema\\\/person\\\/6f09597f025829745ba414a569f63758\",\"name\":\"Pe. Andr\u00e9\",\"image\":{\"@type\":\"ImageObject\",\"inLanguage\":\"pt-BR\",\"@id\":\"https:\\\/\\\/secure.gravatar.com\\\/avatar\\\/b4327cfa27e9799da239a26adcd534fc29cdc0c4a4a148eecbcfeb9b42c617ac?s=96&d=mm&r=g\",\"url\":\"https:\\\/\\\/secure.gravatar.com\\\/avatar\\\/b4327cfa27e9799da239a26adcd534fc29cdc0c4a4a148eecbcfeb9b42c617ac?s=96&d=mm&r=g\",\"contentUrl\":\"https:\\\/\\\/secure.gravatar.com\\\/avatar\\\/b4327cfa27e9799da239a26adcd534fc29cdc0c4a4a148eecbcfeb9b42c617ac?s=96&d=mm&r=g\",\"caption\":\"Pe. Andr\u00e9\"},\"sameAs\":[\"https:\\\/\\\/www.ecclesia.org.br\"]}]}<\/script>\n<!-- \/ Yoast SEO plugin. -->","yoast_head_json":{"title":"Instituto Ortodoxo S\u00e3o S\u00e9rgio de Paris organiza simp\u00f3sio \u00abPaul Evdokimov: testemunhar a beleza de Deus\u00bb | ECCLESIA NEWS","robots":{"index":"index","follow":"follow","max-snippet":"max-snippet:-1","max-image-preview":"max-image-preview:large","max-video-preview":"max-video-preview:-1"},"canonical":"https:\/\/news.ecclesia.org.br\/?p=5155","og_locale":"pt_BR","og_type":"article","og_title":"Instituto Ortodoxo S\u00e3o S\u00e9rgio de Paris organiza simp\u00f3sio \u00abPaul Evdokimov: testemunhar a beleza de Deus\u00bb | ECCLESIA NEWS","og_description":"O Instituto Teol\u00f3gico Ortodoxo S\u00e3o S\u00e9rgio de Paris organiza nos dias 10 e 11 de dezembro uma confer\u00eancia internacional \u00a0com o tema \u00abPaul Evdokimov (1900-1970), testemunhar\u00a0 a beleza de Deus\u00bb na passagem do 40\u00ba anivers\u00e1rio de sua morte. Quarenta anos&#8230;","og_url":"https:\/\/news.ecclesia.org.br\/?p=5155","og_site_name":"ECCLESIA NEWS","article_publisher":"https:\/\/www.facebook.com\/Ecclesia2025","article_published_time":"2010-11-02T23:48:54+00:00","article_modified_time":"2016-03-18T04:54:35+00:00","og_image":[{"width":320,"height":240,"url":"https:\/\/news.ecclesia.org.br\/wp-content\/uploads\/2010\/11\/paul-evdokimov.jpg","type":"image\/jpeg"}],"author":"Pe. Andr\u00e9","twitter_card":"summary_large_image","twitter_creator":"@EcclesiaNews","twitter_site":"@EcclesiaNews","twitter_misc":{"Escrito por":"Pe. Andr\u00e9","Est. tempo de leitura":"1 minuto"},"schema":{"@context":"https:\/\/schema.org","@graph":[{"@type":"Article","@id":"https:\/\/news.ecclesia.org.br\/?p=5155#article","isPartOf":{"@id":"https:\/\/news.ecclesia.org.br\/?p=5155"},"author":{"name":"Pe. Andr\u00e9","@id":"https:\/\/news.ecclesia.org.br\/#\/schema\/person\/6f09597f025829745ba414a569f63758"},"headline":"Instituto Ortodoxo S\u00e3o S\u00e9rgio de Paris organiza simp\u00f3sio \u00abPaul Evdokimov: testemunhar a beleza de Deus\u00bb","datePublished":"2010-11-02T23:48:54+00:00","dateModified":"2016-03-18T04:54:35+00:00","mainEntityOfPage":{"@id":"https:\/\/news.ecclesia.org.br\/?p=5155"},"wordCount":195,"commentCount":0,"publisher":{"@id":"https:\/\/news.ecclesia.org.br\/#organization"},"image":{"@id":"https:\/\/news.ecclesia.org.br\/?p=5155#primaryimage"},"thumbnailUrl":"https:\/\/news.ecclesia.org.br\/wp-content\/uploads\/2010\/11\/paul-evdokimov.jpg","articleSection":["NEWS"],"inLanguage":"pt-BR","potentialAction":[{"@type":"CommentAction","name":"Comment","target":["https:\/\/news.ecclesia.org.br\/?p=5155#respond"]}]},{"@type":"WebPage","@id":"https:\/\/news.ecclesia.org.br\/?p=5155","url":"https:\/\/news.ecclesia.org.br\/?p=5155","name":"Instituto Ortodoxo S\u00e3o S\u00e9rgio de Paris organiza simp\u00f3sio \u00abPaul Evdokimov: testemunhar a beleza de Deus\u00bb | ECCLESIA NEWS","isPartOf":{"@id":"https:\/\/news.ecclesia.org.br\/#website"},"primaryImageOfPage":{"@id":"https:\/\/news.ecclesia.org.br\/?p=5155#primaryimage"},"image":{"@id":"https:\/\/news.ecclesia.org.br\/?p=5155#primaryimage"},"thumbnailUrl":"https:\/\/news.ecclesia.org.br\/wp-content\/uploads\/2010\/11\/paul-evdokimov.jpg","datePublished":"2010-11-02T23:48:54+00:00","dateModified":"2016-03-18T04:54:35+00:00","breadcrumb":{"@id":"https:\/\/news.ecclesia.org.br\/?p=5155#breadcrumb"},"inLanguage":"pt-BR","potentialAction":[{"@type":"ReadAction","target":["https:\/\/news.ecclesia.org.br\/?p=5155"]}]},{"@type":"ImageObject","inLanguage":"pt-BR","@id":"https:\/\/news.ecclesia.org.br\/?p=5155#primaryimage","url":"https:\/\/news.ecclesia.org.br\/wp-content\/uploads\/2010\/11\/paul-evdokimov.jpg","contentUrl":"https:\/\/news.ecclesia.org.br\/wp-content\/uploads\/2010\/11\/paul-evdokimov.jpg","width":320,"height":240},{"@type":"BreadcrumbList","@id":"https:\/\/news.ecclesia.org.br\/?p=5155#breadcrumb","itemListElement":[{"@type":"ListItem","position":1,"name":"In\u00edcio","item":"https:\/\/news.ecclesia.org.br\/"},{"@type":"ListItem","position":2,"name":"Instituto Ortodoxo S\u00e3o S\u00e9rgio de Paris organiza simp\u00f3sio \u00abPaul Evdokimov: testemunhar a beleza de Deus\u00bb"}]},{"@type":"WebSite","@id":"https:\/\/news.ecclesia.org.br\/#website","url":"https:\/\/news.ecclesia.org.br\/","name":"Ecclesia Brasil","description":"Desde 2003 onectando o Brasil ao mundo ortodoxo!","publisher":{"@id":"https:\/\/news.ecclesia.org.br\/#organization"},"alternateName":"Ecclesia","potentialAction":[{"@type":"SearchAction","target":{"@type":"EntryPoint","urlTemplate":"https:\/\/news.ecclesia.org.br\/?s={search_term_string}"},"query-input":{"@type":"PropertyValueSpecification","valueRequired":true,"valueName":"search_term_string"}}],"inLanguage":"pt-BR"},{"@type":"Organization","@id":"https:\/\/news.ecclesia.org.br\/#organization","name":"Sacra Arquidiocese de Buenos Aires e Am\u00e9rica do Sul | Patriarcado Ecum\u00eanico","alternateName":"News Ecclesia Brasil","url":"https:\/\/news.ecclesia.org.br\/","logo":{"@type":"ImageObject","inLanguage":"pt-BR","@id":"https:\/\/news.ecclesia.org.br\/#\/schema\/logo\/image\/","url":"https:\/\/news.ecclesia.org.br\/wp-content\/uploads\/2025\/05\/ecclesia2.png","contentUrl":"https:\/\/news.ecclesia.org.br\/wp-content\/uploads\/2025\/05\/ecclesia2.png","width":480,"height":120,"caption":"Sacra Arquidiocese de Buenos Aires e Am\u00e9rica do Sul | Patriarcado Ecum\u00eanico"},"image":{"@id":"https:\/\/news.ecclesia.org.br\/#\/schema\/logo\/image\/"},"sameAs":["https:\/\/www.facebook.com\/Ecclesia2025","https:\/\/x.com\/EcclesiaNews","https:\/\/br.pinterest.com\/ekklisia\/","https:\/\/www.youtube.com\/@EcclesiaBrasil"]},{"@type":"Person","@id":"https:\/\/news.ecclesia.org.br\/#\/schema\/person\/6f09597f025829745ba414a569f63758","name":"Pe. Andr\u00e9","image":{"@type":"ImageObject","inLanguage":"pt-BR","@id":"https:\/\/secure.gravatar.com\/avatar\/b4327cfa27e9799da239a26adcd534fc29cdc0c4a4a148eecbcfeb9b42c617ac?s=96&d=mm&r=g","url":"https:\/\/secure.gravatar.com\/avatar\/b4327cfa27e9799da239a26adcd534fc29cdc0c4a4a148eecbcfeb9b42c617ac?s=96&d=mm&r=g","contentUrl":"https:\/\/secure.gravatar.com\/avatar\/b4327cfa27e9799da239a26adcd534fc29cdc0c4a4a148eecbcfeb9b42c617ac?s=96&d=mm&r=g","caption":"Pe. Andr\u00e9"},"sameAs":["https:\/\/www.ecclesia.org.br"]}]}},"_links":{"self":[{"href":"https:\/\/news.ecclesia.org.br\/index.php?rest_route=\/wp\/v2\/posts\/5155","targetHints":{"allow":["GET"]}}],"collection":[{"href":"https:\/\/news.ecclesia.org.br\/index.php?rest_route=\/wp\/v2\/posts"}],"about":[{"href":"https:\/\/news.ecclesia.org.br\/index.php?rest_route=\/wp\/v2\/types\/post"}],"author":[{"embeddable":true,"href":"https:\/\/news.ecclesia.org.br\/index.php?rest_route=\/wp\/v2\/users\/1"}],"replies":[{"embeddable":true,"href":"https:\/\/news.ecclesia.org.br\/index.php?rest_route=%2Fwp%2Fv2%2Fcomments&post=5155"}],"version-history":[{"count":0,"href":"https:\/\/news.ecclesia.org.br\/index.php?rest_route=\/wp\/v2\/posts\/5155\/revisions"}],"wp:featuredmedia":[{"embeddable":true,"href":"https:\/\/news.ecclesia.org.br\/index.php?rest_route=\/wp\/v2\/media\/6148"}],"wp:attachment":[{"href":"https:\/\/news.ecclesia.org.br\/index.php?rest_route=%2Fwp%2Fv2%2Fmedia&parent=5155"}],"wp:term":[{"taxonomy":"category","embeddable":true,"href":"https:\/\/news.ecclesia.org.br\/index.php?rest_route=%2Fwp%2Fv2%2Fcategories&post=5155"},{"taxonomy":"post_tag","embeddable":true,"href":"https:\/\/news.ecclesia.org.br\/index.php?rest_route=%2Fwp%2Fv2%2Ftags&post=5155"}],"curies":[{"name":"wp","href":"https:\/\/api.w.org\/{rel}","templated":true}]}}