{"id":51226,"date":"2025-12-16T22:51:31","date_gmt":"2025-12-17T01:51:31","guid":{"rendered":"https:\/\/news.ecclesia.org.br\/?p=51226"},"modified":"2025-12-16T23:05:25","modified_gmt":"2025-12-17T02:05:25","slug":"florenca-acolhe-simposio-pelos-60-anos-da-revogacao-dos-anatemas-entre-roma-e-constantinopla","status":"publish","type":"post","link":"https:\/\/news.ecclesia.org.br\/?p=51226","title":{"rendered":"Floren\u00e7a acolhe simp\u00f3sio pelos 60 anos da revoga\u00e7\u00e3o dos an\u00e1temas entre Roma e Constantinopla"},"content":{"rendered":"\t\t<div data-elementor-type=\"wp-post\" data-elementor-id=\"51226\" class=\"elementor elementor-51226\">\n\t\t\t\t\t\t<section class=\"elementor-section elementor-top-section elementor-element elementor-element-25039265 elementor-section-boxed elementor-section-height-default elementor-section-height-default\" data-id=\"25039265\" data-element_type=\"section\" data-e-type=\"section\">\n\t\t\t\t\t\t<div class=\"elementor-container elementor-column-gap-default\">\n\t\t\t\t\t<div class=\"elementor-column elementor-col-100 elementor-top-column elementor-element elementor-element-67a83025\" data-id=\"67a83025\" data-element_type=\"column\" data-e-type=\"column\">\n\t\t\t<div class=\"elementor-widget-wrap elementor-element-populated\">\n\t\t\t\t\t\t<div class=\"elementor-element elementor-element-36484a8 elementor-widget elementor-widget-text-editor\" data-id=\"36484a8\" data-element_type=\"widget\" data-e-type=\"widget\" data-widget_type=\"text-editor.default\">\n\t\t\t\t<div class=\"elementor-widget-container\">\n\t\t\t\t\t\t\t\t\t<p style=\"text-align: right;\">14 de dezembro de 2025<br \/><em>Michele Zanzucchi<\/em><br \/><em>Vers\u00e3o grega: \u03a6\u03c9\u03c2 \u03a6\u03b1\u03bd\u03b1\u03c1\u03af\u03bf\u03c5<\/em><\/p>\t\t\t\t\t\t\t\t<\/div>\n\t\t\t\t<\/div>\n\t\t\t\t<div class=\"elementor-element elementor-element-6623b1ee elementor-widget elementor-widget-text-editor\" data-id=\"6623b1ee\" data-element_type=\"widget\" data-e-type=\"widget\" data-widget_type=\"text-editor.default\">\n\t\t\t\t<div class=\"elementor-widget-container\">\n\t\t\t\t\t\t\t\t\t<p><strong><\/strong><\/p>\n<p>No dia 8 de dezembro de 2025, realizou-se em Floren\u00e7a uma jornada de estudos promovida pela C\u00e1tedra Ecum\u00eanica Chiara Lubich\u2013Athen\u00e1goras, institu\u00edda no <em>Instituto Universit\u00e1rio Sophia<\/em>. O encontro assinalou os 60 anos da revoga\u00e7\u00e3o m\u00fatua dos an\u00e1temas entre a Igreja de Roma e o Patriarcado Ecum\u00eanico de Constantinopla, ato ocorrido em 7 de dezembro de 1965, no encerramento do Conc\u00edlio Vaticano II, com celebra\u00e7\u00f5es simult\u00e2neas em Roma e Constantinopla.<\/p>\n<p><\/p>\n<p>Com o t\u00edtulo <em>\u201c1965\u20132025: A Revoga\u00e7\u00e3o dos An\u00e1temas\u201d<\/em>, a jornada reuniu os dois co-titulares da c\u00e1tedra: o reitor do Instituto Sophia, Declan O\u2019Byrne, e o Metropolita M\u00e1ximo de Selymbria, figura de destaque do Patriarcado Ecum\u00eanico.<\/p>\n<p><\/p>\n<h2 class=\"wp-block-heading\">Mem\u00f3ria da Igreja indivisa e o paradoxo eucar\u00edstico<\/h2>\n<p><\/p>\n<p>As reflex\u00f5es concentraram-se na <em>\u201cmem\u00f3ria da Igreja indivisa do primeiro mil\u00eanio\u201d<\/em>, entendida como evento prof\u00e9tico que abriu novos caminhos de reconcilia\u00e7\u00e3o. Destacou-se o S\u00edmbolo da F\u00e9 de Niceia\u2013Constantinopla como o v\u00ednculo ecum\u00eanico mais forte, comum a cat\u00f3licos e ortodoxos, e, ao mesmo tempo, o paradoxo de uma comunh\u00e3o de f\u00e9 ainda n\u00e3o acompanhada pela plena comunh\u00e3o eucar\u00edstica.<\/p>\n<p><\/p>\n<p>Discutiu-se a necessidade de enfrentar quest\u00f5es doutrinais \u2014 como primado e sinodalidade \u2014 no interior de uma comunh\u00e3o restaurada, e n\u00e3o como pr\u00e9-condi\u00e7\u00f5es impeditivas. Mensagens oficiais \u2014 entre elas as do Papa Le\u00e3o XIV e do Patriarca Bartolomeu \u2014 apelaram \u00e0 plena aplica\u00e7\u00e3o das consequ\u00eancias eclesiais e can\u00f4nicas da declara\u00e7\u00e3o de 1965, incluindo a elimina\u00e7\u00e3o de linguagens pol\u00eamicas remanescentes.<\/p>\n<p><\/p>\n<h2 class=\"wp-block-heading\">O di\u00e1logo da caridade<\/h2>\n<p><\/p>\n<p>Foi sublinhado o di\u00e1logo da caridade, encarnado na amizade entre Athen\u00e1goras e Chiara Lubich, como caminho que precede e prepara o progresso teol\u00f3gico, na convic\u00e7\u00e3o de que a unidade \u00e9 dom de Deus, a ser discernido com clareza teol\u00f3gica e virtudes eclesiais.<\/p>\n<p><\/p>\n<h2 class=\"wp-block-heading\">Mensagens<\/h2>\n<p><\/p>\n<p>Em sua mensagem, o Patriarca Bartolomeu recordou que 2025 foi marcado por sinais ecum\u00eanicos relevantes, evocando a mem\u00f3ria da Igreja indivisa, como a celebra\u00e7\u00e3o comum da P\u00e1scoa (20 de abril). Ap\u00f3s a morte do Papa Francisco, no dia seguinte \u00e0 P\u00e1scoa, o novo Papa Le\u00e3o XIV deu continuidade ao empenho ecum\u00eanico, especialmente por ocasi\u00e3o dos 1700 anos do Conc\u00edlio de Niceia. O Patriarca qualificou a revoga\u00e7\u00e3o dos an\u00e1temas de 1965 como \u201cato monumental\u201d.<\/p>\n<p><\/p>\n<p>A presidente do Movimento dos Focolares, Margaret Karram, saudou os participantes, valorizando a heran\u00e7a de amor e perd\u00e3o daquele gesto hist\u00f3rico e convidando a preparar o \u201cmilagre da unidade\u201d, conforme a conhecida exorta\u00e7\u00e3o do Patriarca Athen\u00e1goras: <em>\u201cA uni\u00e3o acontecer\u00e1. Ser\u00e1 um milagre\u2026 devemos preparar-nos.\u201d<\/em> O Instituto Sophia foi apresentado como lugar de prepara\u00e7\u00e3o para esse horizonte.<\/p>\n<p><\/p>\n<p>O Papa Le\u00e3o XIV, por meio de mensagem redigida pelo Cardeal Pietro Parolin, qualificou a revoga\u00e7\u00e3o dos an\u00e1temas como ato hist\u00f3rico de reconcilia\u00e7\u00e3o, reconheceu a purifica\u00e7\u00e3o da mem\u00f3ria de 1054 e encorajou a aplica\u00e7\u00e3o integral das consequ\u00eancias eclesiais do gesto, incluindo a supera\u00e7\u00e3o definitiva de termos como \u201chereges\u201d e \u201ccism\u00e1ticos\u201d, bem como novos passos concretos a serem dados em conjunto.<\/p>\n<p><\/p>\n<p>Houve ainda a interven\u00e7\u00e3o online do primeiro reitor do Instituto Sophia, Piero Coda, que relacionou a C\u00e1tedra Ecum\u00eanica \u00e0 recente declara\u00e7\u00e3o comum assinada pelo Papa e pelo Patriarca, evocando o abra\u00e7o fraterno entre Paulo VI e Athen\u00e1goras em Jerusal\u00e9m como express\u00e3o de uma <em>philia prof\u00e9tica<\/em>, sinal da a\u00e7\u00e3o do pr\u00f3prio Deus que convida a Igreja a viver novamente na plena comunh\u00e3o.<\/p>\n<p><\/p>\n<h2 class=\"wp-block-heading\">Exposi\u00e7\u00e3o introdut\u00f3ria<\/h2>\n<p><\/p>\n<p>A exposi\u00e7\u00e3o inicial foi apresentada por Sandra Ferreira Ribeiro, do Centro para o Di\u00e1logo Ecum\u00eanico dos Focolares. Ela tra\u00e7ou os antecedentes hist\u00f3ricos que conduziram \u00e0 revoga\u00e7\u00e3o dos an\u00e1temas de 1965 e ao encontro entre Paulo VI e Athen\u00e1goras, lembrando os an\u00e1tamas de 1054 entre o cardeal Humberto de Silva Candida e o Patriarca Miguel Cerul\u00e1rio. Embora juridicamente fr\u00e1geis, tais atos alimentaram hostilidades agravadas por eventos como o saque de Constantinopla (1204) e tentativas frustradas de reconcilia\u00e7\u00e3o.<\/p>\n<p><\/p>\n<p>A virada ocorreu com a vis\u00e3o patriarcal de Athen\u00e1goras e a iniciativa de Paulo VI, culminando no encontro de 5 de janeiro de 1964, em Jerusal\u00e9m, que inaugurou uma \u201crevolu\u00e7\u00e3o copernicana\u201d no ecumenismo: <strong>n\u00e3o a volta de uma Igreja \u00e0 outra, mas de todos a Cristo<\/strong>. Em 1975, o gesto humilde de Paulo VI ao beijar os p\u00e9s da delega\u00e7\u00e3o do patriarca Dem\u00e9trio I marcou novo passo prof\u00e9tico.<\/p>\n<p><\/p>\t\t\t\t\t\t\t\t<\/div>\n\t\t\t\t<\/div>\n\t\t\t\t<div class=\"elementor-element elementor-element-39ad358 elementor-widget elementor-widget-image\" data-id=\"39ad358\" data-element_type=\"widget\" data-e-type=\"widget\" data-widget_type=\"image.default\">\n\t\t\t\t<div class=\"elementor-widget-container\">\n\t\t\t\t\t\t\t\t\t\t\t\t\t\t\t<img fetchpriority=\"high\" decoding=\"async\" width=\"1024\" height=\"576\" src=\"https:\/\/news.ecclesia.org.br\/wp-content\/uploads\/2025\/12\/60-anos-suspensao-anatemas-1024x576.jpg\" class=\"attachment-large size-large wp-image-51227\" alt=\"\" srcset=\"https:\/\/news.ecclesia.org.br\/wp-content\/uploads\/2025\/12\/60-anos-suspensao-anatemas-1024x576.jpg 1024w, https:\/\/news.ecclesia.org.br\/wp-content\/uploads\/2025\/12\/60-anos-suspensao-anatemas-300x169.jpg 300w, https:\/\/news.ecclesia.org.br\/wp-content\/uploads\/2025\/12\/60-anos-suspensao-anatemas-768x432.jpg 768w, https:\/\/news.ecclesia.org.br\/wp-content\/uploads\/2025\/12\/60-anos-suspensao-anatemas-98x55.jpg 98w, https:\/\/news.ecclesia.org.br\/wp-content\/uploads\/2025\/12\/60-anos-suspensao-anatemas.jpg 1280w\" sizes=\"(max-width: 1024px) 100vw, 1024px\" \/>\t\t\t\t\t\t\t\t\t\t\t\t\t\t\t<\/div>\n\t\t\t\t<\/div>\n\t\t\t\t<div class=\"elementor-element elementor-element-1d39dff elementor-widget elementor-widget-image\" data-id=\"1d39dff\" data-element_type=\"widget\" data-e-type=\"widget\" data-widget_type=\"image.default\">\n\t\t\t\t<div class=\"elementor-widget-container\">\n\t\t\t\t\t\t\t\t\t\t\t\t\t\t\t<img decoding=\"async\" width=\"801\" height=\"699\" src=\"https:\/\/news.ecclesia.org.br\/wp-content\/uploads\/2025\/12\/60-anos-suspensao-anatemas2.jpg\" class=\"attachment-large size-large wp-image-51229\" alt=\"\" srcset=\"https:\/\/news.ecclesia.org.br\/wp-content\/uploads\/2025\/12\/60-anos-suspensao-anatemas2.jpg 801w, https:\/\/news.ecclesia.org.br\/wp-content\/uploads\/2025\/12\/60-anos-suspensao-anatemas2-300x262.jpg 300w, https:\/\/news.ecclesia.org.br\/wp-content\/uploads\/2025\/12\/60-anos-suspensao-anatemas2-768x670.jpg 768w, https:\/\/news.ecclesia.org.br\/wp-content\/uploads\/2025\/12\/60-anos-suspensao-anatemas2-63x55.jpg 63w\" sizes=\"(max-width: 801px) 100vw, 801px\" \/>\t\t\t\t\t\t\t\t\t\t\t\t\t\t\t<\/div>\n\t\t\t\t<\/div>\n\t\t\t\t<div class=\"elementor-element elementor-element-770a4a8 elementor-widget elementor-widget-image\" data-id=\"770a4a8\" data-element_type=\"widget\" data-e-type=\"widget\" data-widget_type=\"image.default\">\n\t\t\t\t<div class=\"elementor-widget-container\">\n\t\t\t\t\t\t\t\t\t\t\t\t\t\t\t<img decoding=\"async\" width=\"795\" height=\"793\" src=\"https:\/\/news.ecclesia.org.br\/wp-content\/uploads\/2025\/12\/60-anos-suspensao-anatemas3.jpg\" class=\"attachment-large size-large wp-image-51230\" alt=\"\" srcset=\"https:\/\/news.ecclesia.org.br\/wp-content\/uploads\/2025\/12\/60-anos-suspensao-anatemas3.jpg 795w, https:\/\/news.ecclesia.org.br\/wp-content\/uploads\/2025\/12\/60-anos-suspensao-anatemas3-300x300.jpg 300w, https:\/\/news.ecclesia.org.br\/wp-content\/uploads\/2025\/12\/60-anos-suspensao-anatemas3-150x150.jpg 150w, https:\/\/news.ecclesia.org.br\/wp-content\/uploads\/2025\/12\/60-anos-suspensao-anatemas3-768x766.jpg 768w, https:\/\/news.ecclesia.org.br\/wp-content\/uploads\/2025\/12\/60-anos-suspensao-anatemas3-55x55.jpg 55w\" sizes=\"(max-width: 795px) 100vw, 795px\" \/>\t\t\t\t\t\t\t\t\t\t\t\t\t\t\t<\/div>\n\t\t\t\t<\/div>\n\t\t\t\t<div class=\"elementor-element elementor-element-183c1c9 elementor-widget elementor-widget-image\" data-id=\"183c1c9\" data-element_type=\"widget\" data-e-type=\"widget\" data-widget_type=\"image.default\">\n\t\t\t\t<div class=\"elementor-widget-container\">\n\t\t\t\t\t\t\t\t\t\t\t\t\t\t\t<img loading=\"lazy\" decoding=\"async\" width=\"799\" height=\"857\" src=\"https:\/\/news.ecclesia.org.br\/wp-content\/uploads\/2025\/12\/60-anos-suspensao-anatemas1.jpg\" class=\"attachment-large size-large wp-image-51228\" alt=\"\" srcset=\"https:\/\/news.ecclesia.org.br\/wp-content\/uploads\/2025\/12\/60-anos-suspensao-anatemas1.jpg 799w, https:\/\/news.ecclesia.org.br\/wp-content\/uploads\/2025\/12\/60-anos-suspensao-anatemas1-280x300.jpg 280w, https:\/\/news.ecclesia.org.br\/wp-content\/uploads\/2025\/12\/60-anos-suspensao-anatemas1-768x824.jpg 768w, https:\/\/news.ecclesia.org.br\/wp-content\/uploads\/2025\/12\/60-anos-suspensao-anatemas1-51x55.jpg 51w\" sizes=\"(max-width: 799px) 100vw, 799px\" \/>\t\t\t\t\t\t\t\t\t\t\t\t\t\t\t<\/div>\n\t\t\t\t<\/div>\n\t\t\t\t<div class=\"elementor-element elementor-element-0c7f4b4 elementor-widget elementor-widget-text-editor\" data-id=\"0c7f4b4\" data-element_type=\"widget\" data-e-type=\"widget\" data-widget_type=\"text-editor.default\">\n\t\t\t\t<div class=\"elementor-widget-container\">\n\t\t\t\t\t\t\t\t\t<p>Hoje, insistiu-se na urg\u00eancia de uma espiritualidade ecum\u00eanica comum, conforme a Declara\u00e7\u00e3o Conjunta de Le\u00e3o XIV e Bartolomeu.<\/p>\n<p><!-- \/wp:separator --><!-- wp:heading --><\/p>\n<h2 class=\"wp-block-heading\">A confer\u00eancia do Metropolita M\u00e1ximo<\/h2>\n<p><!-- \/wp:heading --><!-- wp:paragraph --><\/p>\n<p>O Metropolita M\u00e1ximo analisou o Documento de Alexandria (2023), aprovado pela Comiss\u00e3o Mista Internacional para o Di\u00e1logo Teol\u00f3gico, centrado na rela\u00e7\u00e3o entre primado e sinodalidade no segundo mil\u00eanio. O texto, de car\u00e1ter hist\u00f3rico, prop\u00f5e uma leitura comum da hist\u00f3ria e a purifica\u00e7\u00e3o da mem\u00f3ria, afirmando que a eclesiologia eucar\u00edstica da comunh\u00e3o \u00e9 a chave para compreender ambos, insepar\u00e1veis e complementares, rejeitando tanto o primado mon\u00e1rquico quanto um sinodalismo nivelador.<\/p>\n<p><!-- \/wp:paragraph --><!-- wp:paragraph --><\/p>\n<p>O documento observa que o ensino do Conc\u00edlio Vaticano I sobre primado de jurisdi\u00e7\u00e3o e infalibilidade papal n\u00e3o pode ser aceito pela Igreja Ortodoxa, por obscurecer a catolicidade da Igreja local, embora reconhe\u00e7a converg\u00eancias e diferen\u00e7as remanescentes, como o papel do Papa na recep\u00e7\u00e3o das decis\u00f5es sinodais. Concluiu apontando perspectivas positivas para uma compreens\u00e3o mais aut\u00eantica no horizonte da comunh\u00e3o.<\/p>\n<p><!-- \/wp:separator --><!-- wp:heading --><\/p>\n<h2 class=\"wp-block-heading\">A confer\u00eancia do Reitor Declan O\u2019Byrne<\/h2>\n<p><!-- \/wp:heading --><!-- wp:paragraph --><\/p>\n<p>Ao evocar os 1700 anos de Niceia, o Reitor colocou a quest\u00e3o decisiva: se confessamos juntos o mesmo S\u00edmbolo da F\u00e9, por que persiste a divis\u00e3o eucar\u00edstica? O Credo \u00e9 necess\u00e1rio, mas n\u00e3o suficiente; a unidade requer tamb\u00e9m virtudes eclesiais \u2014 amor, humildade e paci\u00eancia.<\/p>\n<p><!-- \/wp:paragraph --><!-- wp:paragraph --><\/p>\n<p>Uma proposta contempor\u00e2nea \u2014 retomando a f\u00f3rmula de uni\u00e3o de 433 \u2014 sugere que a f\u00e9 comum de Niceia j\u00e1 constitui base para a comunh\u00e3o eucar\u00edstica, deslocando o \u00f4nus da prova para obje\u00e7\u00f5es adicionais. O te\u00f3logo Paul Gavrilyuk defende que diferen\u00e7as posteriores (como o <em>filioque<\/em> ou o primado romano) sejam tratadas dentro de uma comunh\u00e3o restaurada, sem minimizar o di\u00e1logo, mas reordenando-o.<\/p>\n<p><!-- \/wp:paragraph --><!-- wp:paragraph --><\/p>\n<p>A analogia hist\u00f3rica de 1965 mostra que a caridade pode remover obst\u00e1culos can\u00f4nicos sem esperar acordo doutrinal perfeito. A unidade, dom do Esp\u00edrito, deve ser acolhida e refletida nas formas institucionais com clareza teol\u00f3gica e amor.<\/p>\n<p><!-- \/wp:separator --><!-- wp:heading --><\/p>\n<h2 class=\"wp-block-heading\">Um passo decisivo<\/h2>\n<p><!-- \/wp:heading --><!-- wp:paragraph --><\/p>\n<p>Cerca de cem participantes \u2014 incluindo um grupo de estudantes xiitas presentes na Sophia para um curso introdut\u00f3rio de espiritualidade crist\u00e3 \u2014 destacaram a clareza das posi\u00e7\u00f5es e o impulso decidido \u00e0 unidade promovido pela C\u00e1tedra.<\/p>\n<p><!-- \/wp:paragraph --><!-- wp:paragraph --><\/p>\t\t\t\t\t\t\t\t<\/div>\n\t\t\t\t<\/div>\n\t\t\t\t<div class=\"elementor-element elementor-element-294657d elementor-widget elementor-widget-text-editor\" data-id=\"294657d\" data-element_type=\"widget\" data-e-type=\"widget\" data-widget_type=\"text-editor.default\">\n\t\t\t\t<div class=\"elementor-widget-container\">\n\t\t\t\t\t\t\t\t\t<p style=\"text-align: right;\">Fonte: <a href=\"https:\/\/fosfanariou.gr\/index.php\/2025\/12\/14\/silivrias-maksimos-sti-florentia-gia-symposio-peri-tis-arsis-twn-anathematwn\" target=\"_blank\" rel=\"noopener\">\u03a6\u03c9\u03c2 \u03a6\u03b1\u03bd\u03b1\u03c1\u03af\u03bf\u03c5<\/a><\/p>\t\t\t\t\t\t\t\t<\/div>\n\t\t\t\t<\/div>\n\t\t\t\t\t<\/div>\n\t\t<\/div>\n\t\t\t\t\t<\/div>\n\t\t<\/section>\n\t\t\t\t<\/div>\n\t\t","protected":false},"excerpt":{"rendered":"<p>Floren\u00e7a sediou jornada pelos 60 anos da revoga\u00e7\u00e3o dos an\u00e1temas (1965\u20132025), reunindo te\u00f3logos cat\u00f3licos e ortodoxos para refletir sobre primado, sinodalidade e o caminho da unidade. O encontro destacou a mem\u00f3ria da Igreja indivisa, o di\u00e1logo da caridade e novos passos concretos rumo \u00e0 plena comunh\u00e3o.<\/p>\n","protected":false},"author":1,"featured_media":51231,"comment_status":"open","ping_status":"open","sticky":false,"template":"","format":"standard","meta":{"_acf_changed":false,"footnotes":""},"categories":[2711,2817,1,2754],"tags":[],"class_list":["post-51226","post","type-post","status-publish","format-standard","has-post-thumbnail","hentry","category-dialogo-e-fe","category-igreja-de-roma","category-news","category-patriarcado-de-jerusalem","entry","rows-excerpt"],"acf":[],"yoast_head":"<!-- This site is optimized with the Yoast SEO plugin v27.5 - https:\/\/yoast.com\/product\/yoast-seo-wordpress\/ -->\n<title>Floren\u00e7a acolhe simp\u00f3sio pelos 60 anos da revoga\u00e7\u00e3o dos an\u00e1temas entre Roma e Constantinopla | ECCLESIA NEWS<\/title>\n<meta name=\"robots\" content=\"index, follow, max-snippet:-1, max-image-preview:large, max-video-preview:-1\" \/>\n<link rel=\"canonical\" href=\"https:\/\/news.ecclesia.org.br\/?p=51226\" \/>\n<meta property=\"og:locale\" content=\"pt_BR\" \/>\n<meta property=\"og:type\" content=\"article\" \/>\n<meta property=\"og:title\" content=\"Floren\u00e7a acolhe simp\u00f3sio pelos 60 anos da revoga\u00e7\u00e3o dos an\u00e1temas entre Roma e Constantinopla | ECCLESIA NEWS\" \/>\n<meta property=\"og:description\" content=\"Floren\u00e7a sediou jornada pelos 60 anos da revoga\u00e7\u00e3o dos an\u00e1temas (1965\u20132025), reunindo te\u00f3logos cat\u00f3licos e ortodoxos para refletir sobre primado, sinodalidade e o caminho da unidade. O encontro destacou a mem\u00f3ria da Igreja indivisa, o di\u00e1logo da caridade e novos passos concretos rumo \u00e0 plena comunh\u00e3o.\" \/>\n<meta property=\"og:url\" content=\"https:\/\/news.ecclesia.org.br\/?p=51226\" \/>\n<meta property=\"og:site_name\" content=\"ECCLESIA NEWS\" \/>\n<meta property=\"article:publisher\" content=\"https:\/\/www.facebook.com\/Ecclesia2025\" \/>\n<meta property=\"article:published_time\" content=\"2025-12-17T01:51:31+00:00\" \/>\n<meta property=\"article:modified_time\" content=\"2025-12-17T02:05:25+00:00\" \/>\n<meta property=\"og:image\" content=\"https:\/\/news.ecclesia.org.br\/wp-content\/uploads\/2025\/12\/60-anos-suspensao-anatemas4.jpg\" \/>\n\t<meta property=\"og:image:width\" content=\"696\" \/>\n\t<meta property=\"og:image:height\" content=\"490\" \/>\n\t<meta property=\"og:image:type\" content=\"image\/jpeg\" \/>\n<meta name=\"author\" content=\"Pe. Andr\u00e9\" \/>\n<meta name=\"twitter:card\" content=\"summary_large_image\" \/>\n<meta name=\"twitter:creator\" content=\"@EcclesiaNews\" \/>\n<meta name=\"twitter:site\" content=\"@EcclesiaNews\" \/>\n<meta name=\"twitter:label1\" content=\"Escrito por\" \/>\n\t<meta name=\"twitter:data1\" content=\"Pe. Andr\u00e9\" \/>\n\t<meta name=\"twitter:label2\" content=\"Est. tempo de leitura\" \/>\n\t<meta name=\"twitter:data2\" content=\"7 minutos\" \/>\n<script type=\"application\/ld+json\" class=\"yoast-schema-graph\">{\"@context\":\"https:\\\/\\\/schema.org\",\"@graph\":[{\"@type\":\"Article\",\"@id\":\"https:\\\/\\\/news.ecclesia.org.br\\\/?p=51226#article\",\"isPartOf\":{\"@id\":\"https:\\\/\\\/news.ecclesia.org.br\\\/?p=51226\"},\"author\":{\"name\":\"Pe. Andr\u00e9\",\"@id\":\"https:\\\/\\\/news.ecclesia.org.br\\\/#\\\/schema\\\/person\\\/6f09597f025829745ba414a569f63758\"},\"headline\":\"Floren\u00e7a acolhe simp\u00f3sio pelos 60 anos da revoga\u00e7\u00e3o dos an\u00e1temas entre Roma e Constantinopla\",\"datePublished\":\"2025-12-17T01:51:31+00:00\",\"dateModified\":\"2025-12-17T02:05:25+00:00\",\"mainEntityOfPage\":{\"@id\":\"https:\\\/\\\/news.ecclesia.org.br\\\/?p=51226\"},\"wordCount\":1177,\"commentCount\":0,\"publisher\":{\"@id\":\"https:\\\/\\\/news.ecclesia.org.br\\\/#organization\"},\"image\":{\"@id\":\"https:\\\/\\\/news.ecclesia.org.br\\\/?p=51226#primaryimage\"},\"thumbnailUrl\":\"https:\\\/\\\/news.ecclesia.org.br\\\/wp-content\\\/uploads\\\/2025\\\/12\\\/60-anos-suspensao-anatemas4.jpg\",\"articleSection\":[\"Di\u00e1logo e F\u00e9\",\"Igreja de Roma\",\"NEWS\",\"Patriarcado de Jerusal\u00e9m\"],\"inLanguage\":\"pt-BR\",\"potentialAction\":[{\"@type\":\"CommentAction\",\"name\":\"Comment\",\"target\":[\"https:\\\/\\\/news.ecclesia.org.br\\\/?p=51226#respond\"]}]},{\"@type\":\"WebPage\",\"@id\":\"https:\\\/\\\/news.ecclesia.org.br\\\/?p=51226\",\"url\":\"https:\\\/\\\/news.ecclesia.org.br\\\/?p=51226\",\"name\":\"Floren\u00e7a acolhe simp\u00f3sio pelos 60 anos da revoga\u00e7\u00e3o dos an\u00e1temas entre Roma e Constantinopla | ECCLESIA NEWS\",\"isPartOf\":{\"@id\":\"https:\\\/\\\/news.ecclesia.org.br\\\/#website\"},\"primaryImageOfPage\":{\"@id\":\"https:\\\/\\\/news.ecclesia.org.br\\\/?p=51226#primaryimage\"},\"image\":{\"@id\":\"https:\\\/\\\/news.ecclesia.org.br\\\/?p=51226#primaryimage\"},\"thumbnailUrl\":\"https:\\\/\\\/news.ecclesia.org.br\\\/wp-content\\\/uploads\\\/2025\\\/12\\\/60-anos-suspensao-anatemas4.jpg\",\"datePublished\":\"2025-12-17T01:51:31+00:00\",\"dateModified\":\"2025-12-17T02:05:25+00:00\",\"breadcrumb\":{\"@id\":\"https:\\\/\\\/news.ecclesia.org.br\\\/?p=51226#breadcrumb\"},\"inLanguage\":\"pt-BR\",\"potentialAction\":[{\"@type\":\"ReadAction\",\"target\":[\"https:\\\/\\\/news.ecclesia.org.br\\\/?p=51226\"]}]},{\"@type\":\"ImageObject\",\"inLanguage\":\"pt-BR\",\"@id\":\"https:\\\/\\\/news.ecclesia.org.br\\\/?p=51226#primaryimage\",\"url\":\"https:\\\/\\\/news.ecclesia.org.br\\\/wp-content\\\/uploads\\\/2025\\\/12\\\/60-anos-suspensao-anatemas4.jpg\",\"contentUrl\":\"https:\\\/\\\/news.ecclesia.org.br\\\/wp-content\\\/uploads\\\/2025\\\/12\\\/60-anos-suspensao-anatemas4.jpg\",\"width\":696,\"height\":490},{\"@type\":\"BreadcrumbList\",\"@id\":\"https:\\\/\\\/news.ecclesia.org.br\\\/?p=51226#breadcrumb\",\"itemListElement\":[{\"@type\":\"ListItem\",\"position\":1,\"name\":\"In\u00edcio\",\"item\":\"https:\\\/\\\/news.ecclesia.org.br\\\/\"},{\"@type\":\"ListItem\",\"position\":2,\"name\":\"Floren\u00e7a acolhe simp\u00f3sio pelos 60 anos da revoga\u00e7\u00e3o dos an\u00e1temas entre Roma e Constantinopla\"}]},{\"@type\":\"WebSite\",\"@id\":\"https:\\\/\\\/news.ecclesia.org.br\\\/#website\",\"url\":\"https:\\\/\\\/news.ecclesia.org.br\\\/\",\"name\":\"Ecclesia Brasil\",\"description\":\"Desde 2003 onectando o Brasil ao mundo ortodoxo!\",\"publisher\":{\"@id\":\"https:\\\/\\\/news.ecclesia.org.br\\\/#organization\"},\"alternateName\":\"Ecclesia\",\"potentialAction\":[{\"@type\":\"SearchAction\",\"target\":{\"@type\":\"EntryPoint\",\"urlTemplate\":\"https:\\\/\\\/news.ecclesia.org.br\\\/?s={search_term_string}\"},\"query-input\":{\"@type\":\"PropertyValueSpecification\",\"valueRequired\":true,\"valueName\":\"search_term_string\"}}],\"inLanguage\":\"pt-BR\"},{\"@type\":\"Organization\",\"@id\":\"https:\\\/\\\/news.ecclesia.org.br\\\/#organization\",\"name\":\"Sacra Arquidiocese de Buenos Aires e Am\u00e9rica do Sul | Patriarcado Ecum\u00eanico\",\"alternateName\":\"News Ecclesia Brasil\",\"url\":\"https:\\\/\\\/news.ecclesia.org.br\\\/\",\"logo\":{\"@type\":\"ImageObject\",\"inLanguage\":\"pt-BR\",\"@id\":\"https:\\\/\\\/news.ecclesia.org.br\\\/#\\\/schema\\\/logo\\\/image\\\/\",\"url\":\"https:\\\/\\\/news.ecclesia.org.br\\\/wp-content\\\/uploads\\\/2025\\\/05\\\/ecclesia2.png\",\"contentUrl\":\"https:\\\/\\\/news.ecclesia.org.br\\\/wp-content\\\/uploads\\\/2025\\\/05\\\/ecclesia2.png\",\"width\":480,\"height\":120,\"caption\":\"Sacra Arquidiocese de Buenos Aires e Am\u00e9rica do Sul | Patriarcado Ecum\u00eanico\"},\"image\":{\"@id\":\"https:\\\/\\\/news.ecclesia.org.br\\\/#\\\/schema\\\/logo\\\/image\\\/\"},\"sameAs\":[\"https:\\\/\\\/www.facebook.com\\\/Ecclesia2025\",\"https:\\\/\\\/x.com\\\/EcclesiaNews\",\"https:\\\/\\\/br.pinterest.com\\\/ekklisia\\\/\",\"https:\\\/\\\/www.youtube.com\\\/@EcclesiaBrasil\"]},{\"@type\":\"Person\",\"@id\":\"https:\\\/\\\/news.ecclesia.org.br\\\/#\\\/schema\\\/person\\\/6f09597f025829745ba414a569f63758\",\"name\":\"Pe. Andr\u00e9\",\"image\":{\"@type\":\"ImageObject\",\"inLanguage\":\"pt-BR\",\"@id\":\"https:\\\/\\\/secure.gravatar.com\\\/avatar\\\/b4327cfa27e9799da239a26adcd534fc29cdc0c4a4a148eecbcfeb9b42c617ac?s=96&d=mm&r=g\",\"url\":\"https:\\\/\\\/secure.gravatar.com\\\/avatar\\\/b4327cfa27e9799da239a26adcd534fc29cdc0c4a4a148eecbcfeb9b42c617ac?s=96&d=mm&r=g\",\"contentUrl\":\"https:\\\/\\\/secure.gravatar.com\\\/avatar\\\/b4327cfa27e9799da239a26adcd534fc29cdc0c4a4a148eecbcfeb9b42c617ac?s=96&d=mm&r=g\",\"caption\":\"Pe. Andr\u00e9\"},\"sameAs\":[\"https:\\\/\\\/www.ecclesia.org.br\"]}]}<\/script>\n<!-- \/ Yoast SEO plugin. -->","yoast_head_json":{"title":"Floren\u00e7a acolhe simp\u00f3sio pelos 60 anos da revoga\u00e7\u00e3o dos an\u00e1temas entre Roma e Constantinopla | ECCLESIA NEWS","robots":{"index":"index","follow":"follow","max-snippet":"max-snippet:-1","max-image-preview":"max-image-preview:large","max-video-preview":"max-video-preview:-1"},"canonical":"https:\/\/news.ecclesia.org.br\/?p=51226","og_locale":"pt_BR","og_type":"article","og_title":"Floren\u00e7a acolhe simp\u00f3sio pelos 60 anos da revoga\u00e7\u00e3o dos an\u00e1temas entre Roma e Constantinopla | ECCLESIA NEWS","og_description":"Floren\u00e7a sediou jornada pelos 60 anos da revoga\u00e7\u00e3o dos an\u00e1temas (1965\u20132025), reunindo te\u00f3logos cat\u00f3licos e ortodoxos para refletir sobre primado, sinodalidade e o caminho da unidade. O encontro destacou a mem\u00f3ria da Igreja indivisa, o di\u00e1logo da caridade e novos passos concretos rumo \u00e0 plena comunh\u00e3o.","og_url":"https:\/\/news.ecclesia.org.br\/?p=51226","og_site_name":"ECCLESIA NEWS","article_publisher":"https:\/\/www.facebook.com\/Ecclesia2025","article_published_time":"2025-12-17T01:51:31+00:00","article_modified_time":"2025-12-17T02:05:25+00:00","og_image":[{"width":696,"height":490,"url":"https:\/\/news.ecclesia.org.br\/wp-content\/uploads\/2025\/12\/60-anos-suspensao-anatemas4.jpg","type":"image\/jpeg"}],"author":"Pe. Andr\u00e9","twitter_card":"summary_large_image","twitter_creator":"@EcclesiaNews","twitter_site":"@EcclesiaNews","twitter_misc":{"Escrito por":"Pe. Andr\u00e9","Est. tempo de leitura":"7 minutos"},"schema":{"@context":"https:\/\/schema.org","@graph":[{"@type":"Article","@id":"https:\/\/news.ecclesia.org.br\/?p=51226#article","isPartOf":{"@id":"https:\/\/news.ecclesia.org.br\/?p=51226"},"author":{"name":"Pe. Andr\u00e9","@id":"https:\/\/news.ecclesia.org.br\/#\/schema\/person\/6f09597f025829745ba414a569f63758"},"headline":"Floren\u00e7a acolhe simp\u00f3sio pelos 60 anos da revoga\u00e7\u00e3o dos an\u00e1temas entre Roma e Constantinopla","datePublished":"2025-12-17T01:51:31+00:00","dateModified":"2025-12-17T02:05:25+00:00","mainEntityOfPage":{"@id":"https:\/\/news.ecclesia.org.br\/?p=51226"},"wordCount":1177,"commentCount":0,"publisher":{"@id":"https:\/\/news.ecclesia.org.br\/#organization"},"image":{"@id":"https:\/\/news.ecclesia.org.br\/?p=51226#primaryimage"},"thumbnailUrl":"https:\/\/news.ecclesia.org.br\/wp-content\/uploads\/2025\/12\/60-anos-suspensao-anatemas4.jpg","articleSection":["Di\u00e1logo e F\u00e9","Igreja de Roma","NEWS","Patriarcado de Jerusal\u00e9m"],"inLanguage":"pt-BR","potentialAction":[{"@type":"CommentAction","name":"Comment","target":["https:\/\/news.ecclesia.org.br\/?p=51226#respond"]}]},{"@type":"WebPage","@id":"https:\/\/news.ecclesia.org.br\/?p=51226","url":"https:\/\/news.ecclesia.org.br\/?p=51226","name":"Floren\u00e7a acolhe simp\u00f3sio pelos 60 anos da revoga\u00e7\u00e3o dos an\u00e1temas entre Roma e Constantinopla | ECCLESIA NEWS","isPartOf":{"@id":"https:\/\/news.ecclesia.org.br\/#website"},"primaryImageOfPage":{"@id":"https:\/\/news.ecclesia.org.br\/?p=51226#primaryimage"},"image":{"@id":"https:\/\/news.ecclesia.org.br\/?p=51226#primaryimage"},"thumbnailUrl":"https:\/\/news.ecclesia.org.br\/wp-content\/uploads\/2025\/12\/60-anos-suspensao-anatemas4.jpg","datePublished":"2025-12-17T01:51:31+00:00","dateModified":"2025-12-17T02:05:25+00:00","breadcrumb":{"@id":"https:\/\/news.ecclesia.org.br\/?p=51226#breadcrumb"},"inLanguage":"pt-BR","potentialAction":[{"@type":"ReadAction","target":["https:\/\/news.ecclesia.org.br\/?p=51226"]}]},{"@type":"ImageObject","inLanguage":"pt-BR","@id":"https:\/\/news.ecclesia.org.br\/?p=51226#primaryimage","url":"https:\/\/news.ecclesia.org.br\/wp-content\/uploads\/2025\/12\/60-anos-suspensao-anatemas4.jpg","contentUrl":"https:\/\/news.ecclesia.org.br\/wp-content\/uploads\/2025\/12\/60-anos-suspensao-anatemas4.jpg","width":696,"height":490},{"@type":"BreadcrumbList","@id":"https:\/\/news.ecclesia.org.br\/?p=51226#breadcrumb","itemListElement":[{"@type":"ListItem","position":1,"name":"In\u00edcio","item":"https:\/\/news.ecclesia.org.br\/"},{"@type":"ListItem","position":2,"name":"Floren\u00e7a acolhe simp\u00f3sio pelos 60 anos da revoga\u00e7\u00e3o dos an\u00e1temas entre Roma e Constantinopla"}]},{"@type":"WebSite","@id":"https:\/\/news.ecclesia.org.br\/#website","url":"https:\/\/news.ecclesia.org.br\/","name":"Ecclesia Brasil","description":"Desde 2003 onectando o Brasil ao mundo ortodoxo!","publisher":{"@id":"https:\/\/news.ecclesia.org.br\/#organization"},"alternateName":"Ecclesia","potentialAction":[{"@type":"SearchAction","target":{"@type":"EntryPoint","urlTemplate":"https:\/\/news.ecclesia.org.br\/?s={search_term_string}"},"query-input":{"@type":"PropertyValueSpecification","valueRequired":true,"valueName":"search_term_string"}}],"inLanguage":"pt-BR"},{"@type":"Organization","@id":"https:\/\/news.ecclesia.org.br\/#organization","name":"Sacra Arquidiocese de Buenos Aires e Am\u00e9rica do Sul | Patriarcado Ecum\u00eanico","alternateName":"News Ecclesia Brasil","url":"https:\/\/news.ecclesia.org.br\/","logo":{"@type":"ImageObject","inLanguage":"pt-BR","@id":"https:\/\/news.ecclesia.org.br\/#\/schema\/logo\/image\/","url":"https:\/\/news.ecclesia.org.br\/wp-content\/uploads\/2025\/05\/ecclesia2.png","contentUrl":"https:\/\/news.ecclesia.org.br\/wp-content\/uploads\/2025\/05\/ecclesia2.png","width":480,"height":120,"caption":"Sacra Arquidiocese de Buenos Aires e Am\u00e9rica do Sul | Patriarcado Ecum\u00eanico"},"image":{"@id":"https:\/\/news.ecclesia.org.br\/#\/schema\/logo\/image\/"},"sameAs":["https:\/\/www.facebook.com\/Ecclesia2025","https:\/\/x.com\/EcclesiaNews","https:\/\/br.pinterest.com\/ekklisia\/","https:\/\/www.youtube.com\/@EcclesiaBrasil"]},{"@type":"Person","@id":"https:\/\/news.ecclesia.org.br\/#\/schema\/person\/6f09597f025829745ba414a569f63758","name":"Pe. Andr\u00e9","image":{"@type":"ImageObject","inLanguage":"pt-BR","@id":"https:\/\/secure.gravatar.com\/avatar\/b4327cfa27e9799da239a26adcd534fc29cdc0c4a4a148eecbcfeb9b42c617ac?s=96&d=mm&r=g","url":"https:\/\/secure.gravatar.com\/avatar\/b4327cfa27e9799da239a26adcd534fc29cdc0c4a4a148eecbcfeb9b42c617ac?s=96&d=mm&r=g","contentUrl":"https:\/\/secure.gravatar.com\/avatar\/b4327cfa27e9799da239a26adcd534fc29cdc0c4a4a148eecbcfeb9b42c617ac?s=96&d=mm&r=g","caption":"Pe. Andr\u00e9"},"sameAs":["https:\/\/www.ecclesia.org.br"]}]}},"_links":{"self":[{"href":"https:\/\/news.ecclesia.org.br\/index.php?rest_route=\/wp\/v2\/posts\/51226","targetHints":{"allow":["GET"]}}],"collection":[{"href":"https:\/\/news.ecclesia.org.br\/index.php?rest_route=\/wp\/v2\/posts"}],"about":[{"href":"https:\/\/news.ecclesia.org.br\/index.php?rest_route=\/wp\/v2\/types\/post"}],"author":[{"embeddable":true,"href":"https:\/\/news.ecclesia.org.br\/index.php?rest_route=\/wp\/v2\/users\/1"}],"replies":[{"embeddable":true,"href":"https:\/\/news.ecclesia.org.br\/index.php?rest_route=%2Fwp%2Fv2%2Fcomments&post=51226"}],"version-history":[{"count":7,"href":"https:\/\/news.ecclesia.org.br\/index.php?rest_route=\/wp\/v2\/posts\/51226\/revisions"}],"predecessor-version":[{"id":51238,"href":"https:\/\/news.ecclesia.org.br\/index.php?rest_route=\/wp\/v2\/posts\/51226\/revisions\/51238"}],"wp:featuredmedia":[{"embeddable":true,"href":"https:\/\/news.ecclesia.org.br\/index.php?rest_route=\/wp\/v2\/media\/51231"}],"wp:attachment":[{"href":"https:\/\/news.ecclesia.org.br\/index.php?rest_route=%2Fwp%2Fv2%2Fmedia&parent=51226"}],"wp:term":[{"taxonomy":"category","embeddable":true,"href":"https:\/\/news.ecclesia.org.br\/index.php?rest_route=%2Fwp%2Fv2%2Fcategories&post=51226"},{"taxonomy":"post_tag","embeddable":true,"href":"https:\/\/news.ecclesia.org.br\/index.php?rest_route=%2Fwp%2Fv2%2Ftags&post=51226"}],"curies":[{"name":"wp","href":"https:\/\/api.w.org\/{rel}","templated":true}]}}